{"id":9385,"date":"2022-10-14T06:01:00","date_gmt":"2022-10-14T09:01:00","guid":{"rendered":"https:\/\/www.padreeustaquio.com.br\/?p=9385"},"modified":"2022-10-13T12:22:51","modified_gmt":"2022-10-13T15:22:51","slug":"vocation-and-priestly-formation-of-father-eustace","status":"publish","type":"post","link":"https:\/\/www.padreeustaquio.com.br\/en\/vocation-and-priestly-formation-of-father-eustace\/","title":{"rendered":"VOCATION: The priestly formation of Father Eust\u00e1quio"},"content":{"rendered":"<p>In September 1913, Father Eustace went to the Novitiate of the Congregation of the Sacred Hearts in Tremelo, Belgium. He began his novitiate under the supervision of Father Medardo Kaiser and took the name Frater Eustace.<\/p>\n\n\n\n<p>Father Gil van den Boorgart, a fellow missionary of Father Eustace, once said: <em>\u201c&quot;The novitiate that followed his time at our Apostolic School was in Tremelo, in the same house where the aforementioned Father Damien was born, which was converted into a novitiate; this house is in Belgian territory. In 1914, Belgium was invaded by the Germans, and the novitiate in that city ceased; young Hubert had to interrupt his novitiate by going home, but he didn&#039;t like this, preferring to be in the neighboring rectory, with its ecclesiastical environment. This situation didn&#039;t last long, as he had to resume his novitiate, which he did and completed in the same house where he had studied, since the Apostolic School he had attended had been transferred from there to another location.&quot;<\/em>\u201c&quot;, concluded Father Gil.<\/p>\n\n\n\n<p>In January 1915, Eust\u00e1quio professed his temporary vows and, in September of the following year, began his studies in Theology. Two years later, in 1918, he professed his perpetual vows.<\/p>\n\n\n\n<p>In May 1919 he received the Order of Diaconate and three months later, priestly ordination, in Ginneken.<\/p>\n\n\n\n<p><em>\u201cI was present at the priestly ordination and I was the one who gave the occasional sermon at the first Mass. I am therefore qualified to say that in the general joy of those occasions, nothing stood out as exceptional. I noticed that his parents were very moved and wept with joy.\u201d <\/em>(Father Gil)<\/p>","protected":false},"excerpt":{"rendered":"<p>Em setembro de 1913, Padre Eust\u00e1quio vai para o Noviciado da Congrega\u00e7\u00e3o dos Sagrados Cora\u00e7\u00f5es, em Tremelo na B\u00e9lgica. Ele come\u00e7a o noviciado sob a supervis\u00e3o do padre Medardo Kaiser e toma o nome de Frater Eust\u00e1quio. Certa vez, padre Gil van\u00a0den Boorgart, companheiro de miss\u00e3o de Padre Eust\u00e1quio disse: \u201cO noviciado que se seguiu ao per\u00edodo em que esteve em nossa Escola Apost\u00f3lica, foi em Tremelo, na mesma casa onde tinha nascido o referido Padre Dami\u00e3o, a qual foi convertida em Noviciado; esta casa est\u00e1 em territ\u00f3rio belga. No ano de 1914 a B\u00e9lgica foi invadida pelos alem\u00e3es e [&hellip;]<\/p>\n","protected":false},"author":2,"featured_media":9386,"comment_status":"open","ping_status":"closed","sticky":false,"template":"","format":"standard","meta":{"_acf_changed":false,"footnotes":""},"categories":[611],"tags":[],"class_list":["post-9385","post","type-post","status-publish","format-standard","has-post-thumbnail","hentry","category-noticias"],"acf":[],"yoast_head":"<!-- This site is optimized with the Yoast SEO plugin v27.2 - https:\/\/yoast.com\/product\/yoast-seo-wordpress\/ -->\n<title>VOCA\u00c7\u00c3O: A forma\u00e7\u00e3o sacerdotal de Padre Eust\u00e1quio<\/title>\n<meta name=\"description\" content=\"Em setembro de 1913, Padre Eust\u00e1quio vai para o Noviciado da Congrega\u00e7\u00e3o dos Sagrados Cora\u00e7\u00f5es, em Tremelo na B\u00e9lgica. Ele come\u00e7a o noviciado sob a supervis\u00e3o do padre Medardo Kaiser e toma o nome de Frater Eust\u00e1quio.\" \/>\n<meta name=\"robots\" content=\"index, follow, max-snippet:-1, max-image-preview:large, max-video-preview:-1\" \/>\n<link rel=\"canonical\" href=\"https:\/\/www.padreeustaquio.com.br\/en\/vocation-and-priestly-formation-of-father-eustace\/\" \/>\n<meta property=\"og:locale\" content=\"en_US\" \/>\n<meta property=\"og:type\" content=\"article\" \/>\n<meta property=\"og:title\" content=\"VOCA\u00c7\u00c3O: A forma\u00e7\u00e3o sacerdotal de Padre Eust\u00e1quio\" \/>\n<meta property=\"og:description\" content=\"Em setembro de 1913, Padre Eust\u00e1quio vai para o Noviciado da Congrega\u00e7\u00e3o dos Sagrados Cora\u00e7\u00f5es, em Tremelo na B\u00e9lgica. Ele come\u00e7a o noviciado sob a supervis\u00e3o do padre Medardo Kaiser e toma o nome de Frater Eust\u00e1quio.\" \/>\n<meta property=\"og:url\" content=\"https:\/\/www.padreeustaquio.com.br\/en\/vocation-and-priestly-formation-of-father-eustace\/\" \/>\n<meta property=\"og:site_name\" content=\"Padre Eust\u00e1quio\" \/>\n<meta property=\"article:publisher\" content=\"https:\/\/www.facebook.com\/beatopadreeustaquio\/\" \/>\n<meta property=\"article:published_time\" content=\"2022-10-14T09:01:00+00:00\" \/>\n<meta property=\"og:image\" content=\"https:\/\/www.padreeustaquio.com.br\/wp-content\/uploads\/2022\/10\/padre-eustaquio-no-seminario-recebe-os-pais.jpeg\" \/>\n\t<meta property=\"og:image:width\" content=\"1280\" \/>\n\t<meta property=\"og:image:height\" content=\"862\" \/>\n\t<meta property=\"og:image:type\" content=\"image\/jpeg\" \/>\n<meta name=\"author\" content=\"@sscc\" \/>\n<meta name=\"twitter:card\" content=\"summary_large_image\" \/>\n<meta name=\"twitter:creator\" content=\"@beatopeustaquio\" \/>\n<meta name=\"twitter:site\" content=\"@beatopeustaquio\" \/>\n<meta name=\"twitter:label1\" content=\"Written by\" \/>\n\t<meta name=\"twitter:data1\" content=\"@sscc\" \/>\n\t<meta name=\"twitter:label2\" content=\"Est. reading time\" \/>\n\t<meta name=\"twitter:data2\" content=\"2 minutes\" \/>\n<script type=\"application\/ld+json\" class=\"yoast-schema-graph\">{\"@context\":\"https:\/\/schema.org\",\"@graph\":[{\"@type\":\"Article\",\"@id\":\"https:\/\/www.padreeustaquio.com.br\/vocacao-a-formacao-sacerdotal-de-padre-eustaquio\/#article\",\"isPartOf\":{\"@id\":\"https:\/\/www.padreeustaquio.com.br\/vocacao-a-formacao-sacerdotal-de-padre-eustaquio\/\"},\"author\":{\"name\":\"@sscc\",\"@id\":\"https:\/\/www.padreeustaquio.com.br\/#\/schema\/person\/a2a51db1d00f1a7af0204a0f1ddb1566\"},\"headline\":\"VOCA\u00c7\u00c3O: A forma\u00e7\u00e3o sacerdotal de Padre Eust\u00e1quio\",\"datePublished\":\"2022-10-14T09:01:00+00:00\",\"mainEntityOfPage\":{\"@id\":\"https:\/\/www.padreeustaquio.com.br\/vocacao-a-formacao-sacerdotal-de-padre-eustaquio\/\"},\"wordCount\":301,\"commentCount\":0,\"publisher\":{\"@id\":\"https:\/\/www.padreeustaquio.com.br\/#organization\"},\"image\":{\"@id\":\"https:\/\/www.padreeustaquio.com.br\/vocacao-a-formacao-sacerdotal-de-padre-eustaquio\/#primaryimage\"},\"thumbnailUrl\":\"https:\/\/www.padreeustaquio.com.br\/wp-content\/uploads\/2022\/10\/padre-eustaquio-no-seminario-recebe-os-pais.jpeg\",\"articleSection\":[\"Not\u00edcias\"],\"inLanguage\":\"en-US\",\"potentialAction\":[{\"@type\":\"CommentAction\",\"name\":\"Comment\",\"target\":[\"https:\/\/www.padreeustaquio.com.br\/vocacao-a-formacao-sacerdotal-de-padre-eustaquio\/#respond\"]}]},{\"@type\":\"WebPage\",\"@id\":\"https:\/\/www.padreeustaquio.com.br\/vocacao-a-formacao-sacerdotal-de-padre-eustaquio\/\",\"url\":\"https:\/\/www.padreeustaquio.com.br\/vocacao-a-formacao-sacerdotal-de-padre-eustaquio\/\",\"name\":\"VOCA\u00c7\u00c3O: A forma\u00e7\u00e3o sacerdotal de Padre Eust\u00e1quio\",\"isPartOf\":{\"@id\":\"https:\/\/www.padreeustaquio.com.br\/#website\"},\"primaryImageOfPage\":{\"@id\":\"https:\/\/www.padreeustaquio.com.br\/vocacao-a-formacao-sacerdotal-de-padre-eustaquio\/#primaryimage\"},\"image\":{\"@id\":\"https:\/\/www.padreeustaquio.com.br\/vocacao-a-formacao-sacerdotal-de-padre-eustaquio\/#primaryimage\"},\"thumbnailUrl\":\"https:\/\/www.padreeustaquio.com.br\/wp-content\/uploads\/2022\/10\/padre-eustaquio-no-seminario-recebe-os-pais.jpeg\",\"datePublished\":\"2022-10-14T09:01:00+00:00\",\"description\":\"Em setembro de 1913, Padre Eust\u00e1quio vai para o Noviciado da Congrega\u00e7\u00e3o dos Sagrados Cora\u00e7\u00f5es, em Tremelo na B\u00e9lgica. Ele come\u00e7a o noviciado sob a supervis\u00e3o do padre Medardo Kaiser e toma o nome de Frater Eust\u00e1quio.\",\"breadcrumb\":{\"@id\":\"https:\/\/www.padreeustaquio.com.br\/vocacao-a-formacao-sacerdotal-de-padre-eustaquio\/#breadcrumb\"},\"inLanguage\":\"en-US\",\"potentialAction\":[{\"@type\":\"ReadAction\",\"target\":[\"https:\/\/www.padreeustaquio.com.br\/vocacao-a-formacao-sacerdotal-de-padre-eustaquio\/\"]}]},{\"@type\":\"ImageObject\",\"inLanguage\":\"en-US\",\"@id\":\"https:\/\/www.padreeustaquio.com.br\/vocacao-a-formacao-sacerdotal-de-padre-eustaquio\/#primaryimage\",\"url\":\"https:\/\/www.padreeustaquio.com.br\/wp-content\/uploads\/2022\/10\/padre-eustaquio-no-seminario-recebe-os-pais.jpeg\",\"contentUrl\":\"https:\/\/www.padreeustaquio.com.br\/wp-content\/uploads\/2022\/10\/padre-eustaquio-no-seminario-recebe-os-pais.jpeg\",\"width\":1280,\"height\":862},{\"@type\":\"BreadcrumbList\",\"@id\":\"https:\/\/www.padreeustaquio.com.br\/vocacao-a-formacao-sacerdotal-de-padre-eustaquio\/#breadcrumb\",\"itemListElement\":[{\"@type\":\"ListItem\",\"position\":1,\"name\":\"In\u00edcio\",\"item\":\"https:\/\/www.padreeustaquio.com.br\/\"},{\"@type\":\"ListItem\",\"position\":2,\"name\":\"VOCA\u00c7\u00c3O: A forma\u00e7\u00e3o sacerdotal de Padre Eust\u00e1quio\"}]},{\"@type\":\"WebSite\",\"@id\":\"https:\/\/www.padreeustaquio.com.br\/#website\",\"url\":\"https:\/\/www.padreeustaquio.com.br\/\",\"name\":\"Padre Eust\u00e1quio\",\"description\":\"Sa\u00fade e Paz\",\"publisher\":{\"@id\":\"https:\/\/www.padreeustaquio.com.br\/#organization\"},\"potentialAction\":[{\"@type\":\"SearchAction\",\"target\":{\"@type\":\"EntryPoint\",\"urlTemplate\":\"https:\/\/www.padreeustaquio.com.br\/?s={search_term_string}\"},\"query-input\":{\"@type\":\"PropertyValueSpecification\",\"valueRequired\":true,\"valueName\":\"search_term_string\"}}],\"inLanguage\":\"en-US\"},{\"@type\":\"Organization\",\"@id\":\"https:\/\/www.padreeustaquio.com.br\/#organization\",\"name\":\"Padre Eust\u00e1quio\",\"url\":\"https:\/\/www.padreeustaquio.com.br\/\",\"logo\":{\"@type\":\"ImageObject\",\"inLanguage\":\"en-US\",\"@id\":\"https:\/\/www.padreeustaquio.com.br\/#\/schema\/logo\/image\/\",\"url\":\"https:\/\/www.padreeustaquio.com.br\/wp-content\/uploads\/2019\/08\/marca.png\",\"contentUrl\":\"https:\/\/www.padreeustaquio.com.br\/wp-content\/uploads\/2019\/08\/marca.png\",\"width\":350,\"height\":400,\"caption\":\"Padre Eust\u00e1quio\"},\"image\":{\"@id\":\"https:\/\/www.padreeustaquio.com.br\/#\/schema\/logo\/image\/\"},\"sameAs\":[\"https:\/\/www.facebook.com\/beatopadreeustaquio\/\",\"https:\/\/x.com\/beatopeustaquio\",\"https:\/\/www.instagram.com\/beatopadreeustaquio\/\",\"https:\/\/www.youtube.com\/channel\/UCRhw7vfabnajwLxb1ZXMeIw\"]},{\"@type\":\"Person\",\"@id\":\"https:\/\/www.padreeustaquio.com.br\/#\/schema\/person\/a2a51db1d00f1a7af0204a0f1ddb1566\",\"name\":\"@sscc\",\"image\":{\"@type\":\"ImageObject\",\"inLanguage\":\"en-US\",\"@id\":\"https:\/\/secure.gravatar.com\/avatar\/68cfafa5f44617fea54071e215026e0ff06be366c3d54a8425f04fdcb86f8c5f?s=96&d=mm&r=g\",\"url\":\"https:\/\/secure.gravatar.com\/avatar\/68cfafa5f44617fea54071e215026e0ff06be366c3d54a8425f04fdcb86f8c5f?s=96&d=mm&r=g\",\"contentUrl\":\"https:\/\/secure.gravatar.com\/avatar\/68cfafa5f44617fea54071e215026e0ff06be366c3d54a8425f04fdcb86f8c5f?s=96&d=mm&r=g\",\"caption\":\"@sscc\"},\"url\":\"https:\/\/www.padreeustaquio.com.br\/en\/author\/sscc\/\"}]}<\/script>\n<!-- \/ Yoast SEO plugin. -->","yoast_head_json":{"title":"VOCATION: The priestly formation of Father Eust\u00e1quio","description":"In September 1913, Father Eustace went to the Novitiate of the Congregation of the Sacred Hearts in Tremelo, Belgium. He began his novitiate under the supervision of Father Medardo Kaiser and took the name Frater Eustace.","robots":{"index":"index","follow":"follow","max-snippet":"max-snippet:-1","max-image-preview":"max-image-preview:large","max-video-preview":"max-video-preview:-1"},"canonical":"https:\/\/www.padreeustaquio.com.br\/en\/vocation-and-priestly-formation-of-father-eustace\/","og_locale":"en_US","og_type":"article","og_title":"VOCA\u00c7\u00c3O: A forma\u00e7\u00e3o sacerdotal de Padre Eust\u00e1quio","og_description":"Em setembro de 1913, Padre Eust\u00e1quio vai para o Noviciado da Congrega\u00e7\u00e3o dos Sagrados Cora\u00e7\u00f5es, em Tremelo na B\u00e9lgica. Ele come\u00e7a o noviciado sob a supervis\u00e3o do padre Medardo Kaiser e toma o nome de Frater Eust\u00e1quio.","og_url":"https:\/\/www.padreeustaquio.com.br\/en\/vocation-and-priestly-formation-of-father-eustace\/","og_site_name":"Padre Eust\u00e1quio","article_publisher":"https:\/\/www.facebook.com\/beatopadreeustaquio\/","article_published_time":"2022-10-14T09:01:00+00:00","og_image":[{"width":1280,"height":862,"url":"https:\/\/www.padreeustaquio.com.br\/wp-content\/uploads\/2022\/10\/padre-eustaquio-no-seminario-recebe-os-pais.jpeg","type":"image\/jpeg"}],"author":"@sscc","twitter_card":"summary_large_image","twitter_creator":"@beatopeustaquio","twitter_site":"@beatopeustaquio","twitter_misc":{"Written by":"@sscc","Est. reading time":"2 minutes"},"schema":{"@context":"https:\/\/schema.org","@graph":[{"@type":"Article","@id":"https:\/\/www.padreeustaquio.com.br\/vocacao-a-formacao-sacerdotal-de-padre-eustaquio\/#article","isPartOf":{"@id":"https:\/\/www.padreeustaquio.com.br\/vocacao-a-formacao-sacerdotal-de-padre-eustaquio\/"},"author":{"name":"@sscc","@id":"https:\/\/www.padreeustaquio.com.br\/#\/schema\/person\/a2a51db1d00f1a7af0204a0f1ddb1566"},"headline":"VOCA\u00c7\u00c3O: A forma\u00e7\u00e3o sacerdotal de Padre Eust\u00e1quio","datePublished":"2022-10-14T09:01:00+00:00","mainEntityOfPage":{"@id":"https:\/\/www.padreeustaquio.com.br\/vocacao-a-formacao-sacerdotal-de-padre-eustaquio\/"},"wordCount":301,"commentCount":0,"publisher":{"@id":"https:\/\/www.padreeustaquio.com.br\/#organization"},"image":{"@id":"https:\/\/www.padreeustaquio.com.br\/vocacao-a-formacao-sacerdotal-de-padre-eustaquio\/#primaryimage"},"thumbnailUrl":"https:\/\/www.padreeustaquio.com.br\/wp-content\/uploads\/2022\/10\/padre-eustaquio-no-seminario-recebe-os-pais.jpeg","articleSection":["Not\u00edcias"],"inLanguage":"en-US","potentialAction":[{"@type":"CommentAction","name":"Comment","target":["https:\/\/www.padreeustaquio.com.br\/vocacao-a-formacao-sacerdotal-de-padre-eustaquio\/#respond"]}]},{"@type":"WebPage","@id":"https:\/\/www.padreeustaquio.com.br\/vocacao-a-formacao-sacerdotal-de-padre-eustaquio\/","url":"https:\/\/www.padreeustaquio.com.br\/vocacao-a-formacao-sacerdotal-de-padre-eustaquio\/","name":"VOCATION: The priestly formation of Father Eust\u00e1quio","isPartOf":{"@id":"https:\/\/www.padreeustaquio.com.br\/#website"},"primaryImageOfPage":{"@id":"https:\/\/www.padreeustaquio.com.br\/vocacao-a-formacao-sacerdotal-de-padre-eustaquio\/#primaryimage"},"image":{"@id":"https:\/\/www.padreeustaquio.com.br\/vocacao-a-formacao-sacerdotal-de-padre-eustaquio\/#primaryimage"},"thumbnailUrl":"https:\/\/www.padreeustaquio.com.br\/wp-content\/uploads\/2022\/10\/padre-eustaquio-no-seminario-recebe-os-pais.jpeg","datePublished":"2022-10-14T09:01:00+00:00","description":"In September 1913, Father Eustace went to the Novitiate of the Congregation of the Sacred Hearts in Tremelo, Belgium. He began his novitiate under the supervision of Father Medardo Kaiser and took the name Frater Eustace.","breadcrumb":{"@id":"https:\/\/www.padreeustaquio.com.br\/vocacao-a-formacao-sacerdotal-de-padre-eustaquio\/#breadcrumb"},"inLanguage":"en-US","potentialAction":[{"@type":"ReadAction","target":["https:\/\/www.padreeustaquio.com.br\/vocacao-a-formacao-sacerdotal-de-padre-eustaquio\/"]}]},{"@type":"ImageObject","inLanguage":"en-US","@id":"https:\/\/www.padreeustaquio.com.br\/vocacao-a-formacao-sacerdotal-de-padre-eustaquio\/#primaryimage","url":"https:\/\/www.padreeustaquio.com.br\/wp-content\/uploads\/2022\/10\/padre-eustaquio-no-seminario-recebe-os-pais.jpeg","contentUrl":"https:\/\/www.padreeustaquio.com.br\/wp-content\/uploads\/2022\/10\/padre-eustaquio-no-seminario-recebe-os-pais.jpeg","width":1280,"height":862},{"@type":"BreadcrumbList","@id":"https:\/\/www.padreeustaquio.com.br\/vocacao-a-formacao-sacerdotal-de-padre-eustaquio\/#breadcrumb","itemListElement":[{"@type":"ListItem","position":1,"name":"In\u00edcio","item":"https:\/\/www.padreeustaquio.com.br\/"},{"@type":"ListItem","position":2,"name":"VOCA\u00c7\u00c3O: A forma\u00e7\u00e3o sacerdotal de Padre Eust\u00e1quio"}]},{"@type":"WebSite","@id":"https:\/\/www.padreeustaquio.com.br\/#website","url":"https:\/\/www.padreeustaquio.com.br\/","name":"FATHER EUST\u00c1QUIO","description":"Health and Peace","publisher":{"@id":"https:\/\/www.padreeustaquio.com.br\/#organization"},"potentialAction":[{"@type":"SearchAction","target":{"@type":"EntryPoint","urlTemplate":"https:\/\/www.padreeustaquio.com.br\/?s={search_term_string}"},"query-input":{"@type":"PropertyValueSpecification","valueRequired":true,"valueName":"search_term_string"}}],"inLanguage":"en-US"},{"@type":"Organization","@id":"https:\/\/www.padreeustaquio.com.br\/#organization","name":"FATHER EUST\u00c1QUIO","url":"https:\/\/www.padreeustaquio.com.br\/","logo":{"@type":"ImageObject","inLanguage":"en-US","@id":"https:\/\/www.padreeustaquio.com.br\/#\/schema\/logo\/image\/","url":"https:\/\/www.padreeustaquio.com.br\/wp-content\/uploads\/2019\/08\/marca.png","contentUrl":"https:\/\/www.padreeustaquio.com.br\/wp-content\/uploads\/2019\/08\/marca.png","width":350,"height":400,"caption":"Padre Eust\u00e1quio"},"image":{"@id":"https:\/\/www.padreeustaquio.com.br\/#\/schema\/logo\/image\/"},"sameAs":["https:\/\/www.facebook.com\/beatopadreeustaquio\/","https:\/\/x.com\/beatopeustaquio","https:\/\/www.instagram.com\/beatopadreeustaquio\/","https:\/\/www.youtube.com\/channel\/UCRhw7vfabnajwLxb1ZXMeIw"]},{"@type":"Person","@id":"https:\/\/www.padreeustaquio.com.br\/#\/schema\/person\/a2a51db1d00f1a7af0204a0f1ddb1566","name":"@sscc","image":{"@type":"ImageObject","inLanguage":"en-US","@id":"https:\/\/secure.gravatar.com\/avatar\/68cfafa5f44617fea54071e215026e0ff06be366c3d54a8425f04fdcb86f8c5f?s=96&d=mm&r=g","url":"https:\/\/secure.gravatar.com\/avatar\/68cfafa5f44617fea54071e215026e0ff06be366c3d54a8425f04fdcb86f8c5f?s=96&d=mm&r=g","contentUrl":"https:\/\/secure.gravatar.com\/avatar\/68cfafa5f44617fea54071e215026e0ff06be366c3d54a8425f04fdcb86f8c5f?s=96&d=mm&r=g","caption":"@sscc"},"url":"https:\/\/www.padreeustaquio.com.br\/en\/author\/sscc\/"}]}},"_links":{"self":[{"href":"https:\/\/www.padreeustaquio.com.br\/en\/wp-json\/wp\/v2\/posts\/9385","targetHints":{"allow":["GET"]}}],"collection":[{"href":"https:\/\/www.padreeustaquio.com.br\/en\/wp-json\/wp\/v2\/posts"}],"about":[{"href":"https:\/\/www.padreeustaquio.com.br\/en\/wp-json\/wp\/v2\/types\/post"}],"author":[{"embeddable":true,"href":"https:\/\/www.padreeustaquio.com.br\/en\/wp-json\/wp\/v2\/users\/2"}],"replies":[{"embeddable":true,"href":"https:\/\/www.padreeustaquio.com.br\/en\/wp-json\/wp\/v2\/comments?post=9385"}],"version-history":[{"count":0,"href":"https:\/\/www.padreeustaquio.com.br\/en\/wp-json\/wp\/v2\/posts\/9385\/revisions"}],"wp:featuredmedia":[{"embeddable":true,"href":"https:\/\/www.padreeustaquio.com.br\/en\/wp-json\/wp\/v2\/media\/9386"}],"wp:attachment":[{"href":"https:\/\/www.padreeustaquio.com.br\/en\/wp-json\/wp\/v2\/media?parent=9385"}],"wp:term":[{"taxonomy":"category","embeddable":true,"href":"https:\/\/www.padreeustaquio.com.br\/en\/wp-json\/wp\/v2\/categories?post=9385"},{"taxonomy":"post_tag","embeddable":true,"href":"https:\/\/www.padreeustaquio.com.br\/en\/wp-json\/wp\/v2\/tags?post=9385"}],"curies":[{"name":"wp","href":"https:\/\/api.w.org\/{rel}","templated":true}]}}