{"id":9370,"date":"2022-10-11T06:35:00","date_gmt":"2022-10-11T09:35:00","guid":{"rendered":"https:\/\/www.padreeustaquio.com.br\/?p=9370"},"modified":"2022-10-10T19:05:32","modified_gmt":"2022-10-10T22:05:32","slug":"the-sanctuary-of-health-and-peace-will-hold-4-masses-on-the-day-of-our-lady-of-aparecida","status":"publish","type":"post","link":"https:\/\/www.padreeustaquio.com.br\/en\/the-sanctuary-of-health-and-peace-will-hold-4-masses-on-the-day-of-our-lady-of-aparecida\/","title":{"rendered":"The Sanctuary of Health and Peace will hold 4 masses on the Day of Our Lady of Aparecida."},"content":{"rendered":"<p>To celebrate the Mother of God and ours, the Sanctuary of Health and Peace, Church of Blessed Father Eust\u00e1quio, is preparing four masses for this October 12th. At all masses, the priests will give a blessing through the intercession of the patron saint of Brazil.<\/p>\n\n\n\n<p>The day of celebrations for Our Lady of Aparecida begins very early at the Sanctuary. At <strong>7am<\/strong> The first mass of the day will take place in the morning, at <strong>10am<\/strong> Another celebration is scheduled. This will be broadcast on the Padre Eust\u00e1quio Channel on YouTube. In the afternoon, two more masses will be celebrated, one at <strong>5pm<\/strong> and another to <strong>7pm<\/strong>, both broadcast on our internet channel.<\/p>\n\n\n\n<p>Furthermore, immediately following the 5 PM mass, there will be a procession through the streets of the neighborhood. The entire community is invited to participate and to ask for God&#039;s blessings through the intercession of our beloved Mother Aparecida, patron saint of Brazil.<\/p>\n\n\n\n<p>For further information, please contact the parish office by telephone: (31) 3462-6557 during business hours. For in-person service, the office is open Monday to Friday, from 7:30 am to 6 pm; on Saturdays and Sundays, from 8 am to 11:30 am.<\/p>\n\n\n\n<p><\/p>","protected":false},"excerpt":{"rendered":"<p>Para celebrar a M\u00e3e de Deus e nossa, o Santu\u00e1rio da Sa\u00fade e da Paz, Igreja do Beato Padre Eust\u00e1quio, est\u00e1 preparando quatro missas para este dia 12 de outubro. Em todas as missas os padres dar\u00e3o a b\u00ean\u00e7\u00e3o pela intercess\u00e3o da padroeira do Brasil. O dia de celebra\u00e7\u00f5es \u00e0 Nossa Senhora Aparecida come\u00e7a bem cedinho no Santu\u00e1rio. \u00c0s 7h haver\u00e1 a primeira missa do dia, ainda na parte da manh\u00e3, \u00e0s 10h esta marcada uma outra celebra\u00e7\u00e3o. Esta ser\u00e1 transmitida pelo Canal Padre Eust\u00e1quio, no YouTube. Na parte da tarde outras duas missas ser\u00e3o celebradas, uma \u00e0s 17h e [&hellip;]<\/p>\n","protected":false},"author":2,"featured_media":9371,"comment_status":"open","ping_status":"closed","sticky":false,"template":"","format":"standard","meta":{"_acf_changed":false,"footnotes":""},"categories":[611],"tags":[],"class_list":["post-9370","post","type-post","status-publish","format-standard","has-post-thumbnail","hentry","category-noticias"],"acf":[],"yoast_head":"<!-- This site is optimized with the Yoast SEO plugin v27.2 - https:\/\/yoast.com\/product\/yoast-seo-wordpress\/ -->\n<title>Santu\u00e1rio da Sa\u00fade e da Paz ter\u00e1 4 missas no Dia de Nossa Senhora Aparecida<\/title>\n<meta name=\"description\" content=\"Para celebrar a M\u00e3e de Deus e nossa, o Santu\u00e1rio da Sa\u00fade e da Paz, Igreja do Beato Padre Eust\u00e1quio, est\u00e1 preparando quatro missas para este dia 12 de outubro. Em todas as missas os padres dar\u00e3o a b\u00ean\u00e7\u00e3o pela intercess\u00e3o da padroeira do Brasil.\" \/>\n<meta name=\"robots\" content=\"index, follow, max-snippet:-1, max-image-preview:large, max-video-preview:-1\" \/>\n<link rel=\"canonical\" href=\"https:\/\/www.padreeustaquio.com.br\/en\/the-sanctuary-of-health-and-peace-will-hold-4-masses-on-the-day-of-our-lady-of-aparecida\/\" \/>\n<meta property=\"og:locale\" content=\"en_US\" \/>\n<meta property=\"og:type\" content=\"article\" \/>\n<meta property=\"og:title\" content=\"Santu\u00e1rio da Sa\u00fade e da Paz ter\u00e1 4 missas no Dia de Nossa Senhora Aparecida\" \/>\n<meta property=\"og:description\" content=\"Para celebrar a M\u00e3e de Deus e nossa, o Santu\u00e1rio da Sa\u00fade e da Paz, Igreja do Beato Padre Eust\u00e1quio, est\u00e1 preparando quatro missas para este dia 12 de outubro. Em todas as missas os padres dar\u00e3o a b\u00ean\u00e7\u00e3o pela intercess\u00e3o da padroeira do Brasil.\" \/>\n<meta property=\"og:url\" content=\"https:\/\/www.padreeustaquio.com.br\/en\/the-sanctuary-of-health-and-peace-will-hold-4-masses-on-the-day-of-our-lady-of-aparecida\/\" \/>\n<meta property=\"og:site_name\" content=\"Padre Eust\u00e1quio\" \/>\n<meta property=\"article:publisher\" content=\"https:\/\/www.facebook.com\/beatopadreeustaquio\/\" \/>\n<meta property=\"article:published_time\" content=\"2022-10-11T09:35:00+00:00\" \/>\n<meta property=\"og:image\" content=\"https:\/\/www.padreeustaquio.com.br\/wp-content\/uploads\/2022\/10\/12.jpg\" \/>\n\t<meta property=\"og:image:width\" content=\"1920\" \/>\n\t<meta property=\"og:image:height\" content=\"1080\" \/>\n\t<meta property=\"og:image:type\" content=\"image\/jpeg\" \/>\n<meta name=\"author\" content=\"@sscc\" \/>\n<meta name=\"twitter:card\" content=\"summary_large_image\" \/>\n<meta name=\"twitter:image\" content=\"https:\/\/www.padreeustaquio.com.br\/wp-content\/uploads\/2022\/10\/12.jpg\" \/>\n<meta name=\"twitter:creator\" content=\"@beatopeustaquio\" \/>\n<meta name=\"twitter:site\" content=\"@beatopeustaquio\" \/>\n<meta name=\"twitter:label1\" content=\"Written by\" \/>\n\t<meta name=\"twitter:data1\" content=\"@sscc\" \/>\n\t<meta name=\"twitter:label2\" content=\"Est. reading time\" \/>\n\t<meta name=\"twitter:data2\" content=\"1 minute\" \/>\n<script type=\"application\/ld+json\" class=\"yoast-schema-graph\">{\"@context\":\"https:\/\/schema.org\",\"@graph\":[{\"@type\":\"Article\",\"@id\":\"https:\/\/www.padreeustaquio.com.br\/santuario-da-saude-e-da-paz-tera-4-missas-no-dia-de-nossa-senhora-aparecida\/#article\",\"isPartOf\":{\"@id\":\"https:\/\/www.padreeustaquio.com.br\/santuario-da-saude-e-da-paz-tera-4-missas-no-dia-de-nossa-senhora-aparecida\/\"},\"author\":{\"name\":\"@sscc\",\"@id\":\"https:\/\/www.padreeustaquio.com.br\/#\/schema\/person\/a2a51db1d00f1a7af0204a0f1ddb1566\"},\"headline\":\"Santu\u00e1rio da Sa\u00fade e da Paz ter\u00e1 4 missas no Dia de Nossa Senhora Aparecida\",\"datePublished\":\"2022-10-11T09:35:00+00:00\",\"mainEntityOfPage\":{\"@id\":\"https:\/\/www.padreeustaquio.com.br\/santuario-da-saude-e-da-paz-tera-4-missas-no-dia-de-nossa-senhora-aparecida\/\"},\"wordCount\":227,\"commentCount\":0,\"publisher\":{\"@id\":\"https:\/\/www.padreeustaquio.com.br\/#organization\"},\"image\":{\"@id\":\"https:\/\/www.padreeustaquio.com.br\/santuario-da-saude-e-da-paz-tera-4-missas-no-dia-de-nossa-senhora-aparecida\/#primaryimage\"},\"thumbnailUrl\":\"https:\/\/www.padreeustaquio.com.br\/wp-content\/uploads\/2022\/10\/12.jpg\",\"articleSection\":[\"Not\u00edcias\"],\"inLanguage\":\"en-US\",\"potentialAction\":[{\"@type\":\"CommentAction\",\"name\":\"Comment\",\"target\":[\"https:\/\/www.padreeustaquio.com.br\/santuario-da-saude-e-da-paz-tera-4-missas-no-dia-de-nossa-senhora-aparecida\/#respond\"]}]},{\"@type\":\"WebPage\",\"@id\":\"https:\/\/www.padreeustaquio.com.br\/santuario-da-saude-e-da-paz-tera-4-missas-no-dia-de-nossa-senhora-aparecida\/\",\"url\":\"https:\/\/www.padreeustaquio.com.br\/santuario-da-saude-e-da-paz-tera-4-missas-no-dia-de-nossa-senhora-aparecida\/\",\"name\":\"Santu\u00e1rio da Sa\u00fade e da Paz ter\u00e1 4 missas no Dia de Nossa Senhora Aparecida\",\"isPartOf\":{\"@id\":\"https:\/\/www.padreeustaquio.com.br\/#website\"},\"primaryImageOfPage\":{\"@id\":\"https:\/\/www.padreeustaquio.com.br\/santuario-da-saude-e-da-paz-tera-4-missas-no-dia-de-nossa-senhora-aparecida\/#primaryimage\"},\"image\":{\"@id\":\"https:\/\/www.padreeustaquio.com.br\/santuario-da-saude-e-da-paz-tera-4-missas-no-dia-de-nossa-senhora-aparecida\/#primaryimage\"},\"thumbnailUrl\":\"https:\/\/www.padreeustaquio.com.br\/wp-content\/uploads\/2022\/10\/12.jpg\",\"datePublished\":\"2022-10-11T09:35:00+00:00\",\"description\":\"Para celebrar a M\u00e3e de Deus e nossa, o Santu\u00e1rio da Sa\u00fade e da Paz, Igreja do Beato Padre Eust\u00e1quio, est\u00e1 preparando quatro missas para este dia 12 de outubro. Em todas as missas os padres dar\u00e3o a b\u00ean\u00e7\u00e3o pela intercess\u00e3o da padroeira do Brasil.\",\"breadcrumb\":{\"@id\":\"https:\/\/www.padreeustaquio.com.br\/santuario-da-saude-e-da-paz-tera-4-missas-no-dia-de-nossa-senhora-aparecida\/#breadcrumb\"},\"inLanguage\":\"en-US\",\"potentialAction\":[{\"@type\":\"ReadAction\",\"target\":[\"https:\/\/www.padreeustaquio.com.br\/santuario-da-saude-e-da-paz-tera-4-missas-no-dia-de-nossa-senhora-aparecida\/\"]}]},{\"@type\":\"ImageObject\",\"inLanguage\":\"en-US\",\"@id\":\"https:\/\/www.padreeustaquio.com.br\/santuario-da-saude-e-da-paz-tera-4-missas-no-dia-de-nossa-senhora-aparecida\/#primaryimage\",\"url\":\"https:\/\/www.padreeustaquio.com.br\/wp-content\/uploads\/2022\/10\/12.jpg\",\"contentUrl\":\"https:\/\/www.padreeustaquio.com.br\/wp-content\/uploads\/2022\/10\/12.jpg\",\"width\":1920,\"height\":1080},{\"@type\":\"BreadcrumbList\",\"@id\":\"https:\/\/www.padreeustaquio.com.br\/santuario-da-saude-e-da-paz-tera-4-missas-no-dia-de-nossa-senhora-aparecida\/#breadcrumb\",\"itemListElement\":[{\"@type\":\"ListItem\",\"position\":1,\"name\":\"In\u00edcio\",\"item\":\"https:\/\/www.padreeustaquio.com.br\/\"},{\"@type\":\"ListItem\",\"position\":2,\"name\":\"Santu\u00e1rio da Sa\u00fade e da Paz ter\u00e1 4 missas no Dia de Nossa Senhora Aparecida\"}]},{\"@type\":\"WebSite\",\"@id\":\"https:\/\/www.padreeustaquio.com.br\/#website\",\"url\":\"https:\/\/www.padreeustaquio.com.br\/\",\"name\":\"Padre Eust\u00e1quio\",\"description\":\"Sa\u00fade e Paz\",\"publisher\":{\"@id\":\"https:\/\/www.padreeustaquio.com.br\/#organization\"},\"potentialAction\":[{\"@type\":\"SearchAction\",\"target\":{\"@type\":\"EntryPoint\",\"urlTemplate\":\"https:\/\/www.padreeustaquio.com.br\/?s={search_term_string}\"},\"query-input\":{\"@type\":\"PropertyValueSpecification\",\"valueRequired\":true,\"valueName\":\"search_term_string\"}}],\"inLanguage\":\"en-US\"},{\"@type\":\"Organization\",\"@id\":\"https:\/\/www.padreeustaquio.com.br\/#organization\",\"name\":\"Padre Eust\u00e1quio\",\"url\":\"https:\/\/www.padreeustaquio.com.br\/\",\"logo\":{\"@type\":\"ImageObject\",\"inLanguage\":\"en-US\",\"@id\":\"https:\/\/www.padreeustaquio.com.br\/#\/schema\/logo\/image\/\",\"url\":\"https:\/\/www.padreeustaquio.com.br\/wp-content\/uploads\/2019\/08\/marca.png\",\"contentUrl\":\"https:\/\/www.padreeustaquio.com.br\/wp-content\/uploads\/2019\/08\/marca.png\",\"width\":350,\"height\":400,\"caption\":\"Padre Eust\u00e1quio\"},\"image\":{\"@id\":\"https:\/\/www.padreeustaquio.com.br\/#\/schema\/logo\/image\/\"},\"sameAs\":[\"https:\/\/www.facebook.com\/beatopadreeustaquio\/\",\"https:\/\/x.com\/beatopeustaquio\",\"https:\/\/www.instagram.com\/beatopadreeustaquio\/\",\"https:\/\/www.youtube.com\/channel\/UCRhw7vfabnajwLxb1ZXMeIw\"]},{\"@type\":\"Person\",\"@id\":\"https:\/\/www.padreeustaquio.com.br\/#\/schema\/person\/a2a51db1d00f1a7af0204a0f1ddb1566\",\"name\":\"@sscc\",\"image\":{\"@type\":\"ImageObject\",\"inLanguage\":\"en-US\",\"@id\":\"https:\/\/secure.gravatar.com\/avatar\/68cfafa5f44617fea54071e215026e0ff06be366c3d54a8425f04fdcb86f8c5f?s=96&d=mm&r=g\",\"url\":\"https:\/\/secure.gravatar.com\/avatar\/68cfafa5f44617fea54071e215026e0ff06be366c3d54a8425f04fdcb86f8c5f?s=96&d=mm&r=g\",\"contentUrl\":\"https:\/\/secure.gravatar.com\/avatar\/68cfafa5f44617fea54071e215026e0ff06be366c3d54a8425f04fdcb86f8c5f?s=96&d=mm&r=g\",\"caption\":\"@sscc\"},\"url\":\"https:\/\/www.padreeustaquio.com.br\/en\/author\/sscc\/\"}]}<\/script>\n<!-- \/ Yoast SEO plugin. -->","yoast_head_json":{"title":"The Sanctuary of Health and Peace will hold 4 masses on the Day of Our Lady of Aparecida.","description":"To celebrate the Mother of God and ours, the Sanctuary of Health and Peace, Church of Blessed Father Eust\u00e1quio, is preparing four masses for this October 12th. At all masses, the priests will give a blessing through the intercession of the patron saint of Brazil.","robots":{"index":"index","follow":"follow","max-snippet":"max-snippet:-1","max-image-preview":"max-image-preview:large","max-video-preview":"max-video-preview:-1"},"canonical":"https:\/\/www.padreeustaquio.com.br\/en\/the-sanctuary-of-health-and-peace-will-hold-4-masses-on-the-day-of-our-lady-of-aparecida\/","og_locale":"en_US","og_type":"article","og_title":"Santu\u00e1rio da Sa\u00fade e da Paz ter\u00e1 4 missas no Dia de Nossa Senhora Aparecida","og_description":"Para celebrar a M\u00e3e de Deus e nossa, o Santu\u00e1rio da Sa\u00fade e da Paz, Igreja do Beato Padre Eust\u00e1quio, est\u00e1 preparando quatro missas para este dia 12 de outubro. Em todas as missas os padres dar\u00e3o a b\u00ean\u00e7\u00e3o pela intercess\u00e3o da padroeira do Brasil.","og_url":"https:\/\/www.padreeustaquio.com.br\/en\/the-sanctuary-of-health-and-peace-will-hold-4-masses-on-the-day-of-our-lady-of-aparecida\/","og_site_name":"Padre Eust\u00e1quio","article_publisher":"https:\/\/www.facebook.com\/beatopadreeustaquio\/","article_published_time":"2022-10-11T09:35:00+00:00","og_image":[{"width":1920,"height":1080,"url":"https:\/\/www.padreeustaquio.com.br\/wp-content\/uploads\/2022\/10\/12.jpg","type":"image\/jpeg"}],"author":"@sscc","twitter_card":"summary_large_image","twitter_image":"https:\/\/www.padreeustaquio.com.br\/wp-content\/uploads\/2022\/10\/12.jpg","twitter_creator":"@beatopeustaquio","twitter_site":"@beatopeustaquio","twitter_misc":{"Written by":"@sscc","Est. reading time":"1 minute"},"schema":{"@context":"https:\/\/schema.org","@graph":[{"@type":"Article","@id":"https:\/\/www.padreeustaquio.com.br\/santuario-da-saude-e-da-paz-tera-4-missas-no-dia-de-nossa-senhora-aparecida\/#article","isPartOf":{"@id":"https:\/\/www.padreeustaquio.com.br\/santuario-da-saude-e-da-paz-tera-4-missas-no-dia-de-nossa-senhora-aparecida\/"},"author":{"name":"@sscc","@id":"https:\/\/www.padreeustaquio.com.br\/#\/schema\/person\/a2a51db1d00f1a7af0204a0f1ddb1566"},"headline":"Santu\u00e1rio da Sa\u00fade e da Paz ter\u00e1 4 missas no Dia de Nossa Senhora Aparecida","datePublished":"2022-10-11T09:35:00+00:00","mainEntityOfPage":{"@id":"https:\/\/www.padreeustaquio.com.br\/santuario-da-saude-e-da-paz-tera-4-missas-no-dia-de-nossa-senhora-aparecida\/"},"wordCount":227,"commentCount":0,"publisher":{"@id":"https:\/\/www.padreeustaquio.com.br\/#organization"},"image":{"@id":"https:\/\/www.padreeustaquio.com.br\/santuario-da-saude-e-da-paz-tera-4-missas-no-dia-de-nossa-senhora-aparecida\/#primaryimage"},"thumbnailUrl":"https:\/\/www.padreeustaquio.com.br\/wp-content\/uploads\/2022\/10\/12.jpg","articleSection":["Not\u00edcias"],"inLanguage":"en-US","potentialAction":[{"@type":"CommentAction","name":"Comment","target":["https:\/\/www.padreeustaquio.com.br\/santuario-da-saude-e-da-paz-tera-4-missas-no-dia-de-nossa-senhora-aparecida\/#respond"]}]},{"@type":"WebPage","@id":"https:\/\/www.padreeustaquio.com.br\/santuario-da-saude-e-da-paz-tera-4-missas-no-dia-de-nossa-senhora-aparecida\/","url":"https:\/\/www.padreeustaquio.com.br\/santuario-da-saude-e-da-paz-tera-4-missas-no-dia-de-nossa-senhora-aparecida\/","name":"The Sanctuary of Health and Peace will hold 4 masses on the Day of Our Lady of Aparecida.","isPartOf":{"@id":"https:\/\/www.padreeustaquio.com.br\/#website"},"primaryImageOfPage":{"@id":"https:\/\/www.padreeustaquio.com.br\/santuario-da-saude-e-da-paz-tera-4-missas-no-dia-de-nossa-senhora-aparecida\/#primaryimage"},"image":{"@id":"https:\/\/www.padreeustaquio.com.br\/santuario-da-saude-e-da-paz-tera-4-missas-no-dia-de-nossa-senhora-aparecida\/#primaryimage"},"thumbnailUrl":"https:\/\/www.padreeustaquio.com.br\/wp-content\/uploads\/2022\/10\/12.jpg","datePublished":"2022-10-11T09:35:00+00:00","description":"To celebrate the Mother of God and ours, the Sanctuary of Health and Peace, Church of Blessed Father Eust\u00e1quio, is preparing four masses for this October 12th. At all masses, the priests will give a blessing through the intercession of the patron saint of Brazil.","breadcrumb":{"@id":"https:\/\/www.padreeustaquio.com.br\/santuario-da-saude-e-da-paz-tera-4-missas-no-dia-de-nossa-senhora-aparecida\/#breadcrumb"},"inLanguage":"en-US","potentialAction":[{"@type":"ReadAction","target":["https:\/\/www.padreeustaquio.com.br\/santuario-da-saude-e-da-paz-tera-4-missas-no-dia-de-nossa-senhora-aparecida\/"]}]},{"@type":"ImageObject","inLanguage":"en-US","@id":"https:\/\/www.padreeustaquio.com.br\/santuario-da-saude-e-da-paz-tera-4-missas-no-dia-de-nossa-senhora-aparecida\/#primaryimage","url":"https:\/\/www.padreeustaquio.com.br\/wp-content\/uploads\/2022\/10\/12.jpg","contentUrl":"https:\/\/www.padreeustaquio.com.br\/wp-content\/uploads\/2022\/10\/12.jpg","width":1920,"height":1080},{"@type":"BreadcrumbList","@id":"https:\/\/www.padreeustaquio.com.br\/santuario-da-saude-e-da-paz-tera-4-missas-no-dia-de-nossa-senhora-aparecida\/#breadcrumb","itemListElement":[{"@type":"ListItem","position":1,"name":"In\u00edcio","item":"https:\/\/www.padreeustaquio.com.br\/"},{"@type":"ListItem","position":2,"name":"Santu\u00e1rio da Sa\u00fade e da Paz ter\u00e1 4 missas no Dia de Nossa Senhora Aparecida"}]},{"@type":"WebSite","@id":"https:\/\/www.padreeustaquio.com.br\/#website","url":"https:\/\/www.padreeustaquio.com.br\/","name":"FATHER EUST\u00c1QUIO","description":"Health and Peace","publisher":{"@id":"https:\/\/www.padreeustaquio.com.br\/#organization"},"potentialAction":[{"@type":"SearchAction","target":{"@type":"EntryPoint","urlTemplate":"https:\/\/www.padreeustaquio.com.br\/?s={search_term_string}"},"query-input":{"@type":"PropertyValueSpecification","valueRequired":true,"valueName":"search_term_string"}}],"inLanguage":"en-US"},{"@type":"Organization","@id":"https:\/\/www.padreeustaquio.com.br\/#organization","name":"FATHER EUST\u00c1QUIO","url":"https:\/\/www.padreeustaquio.com.br\/","logo":{"@type":"ImageObject","inLanguage":"en-US","@id":"https:\/\/www.padreeustaquio.com.br\/#\/schema\/logo\/image\/","url":"https:\/\/www.padreeustaquio.com.br\/wp-content\/uploads\/2019\/08\/marca.png","contentUrl":"https:\/\/www.padreeustaquio.com.br\/wp-content\/uploads\/2019\/08\/marca.png","width":350,"height":400,"caption":"Padre Eust\u00e1quio"},"image":{"@id":"https:\/\/www.padreeustaquio.com.br\/#\/schema\/logo\/image\/"},"sameAs":["https:\/\/www.facebook.com\/beatopadreeustaquio\/","https:\/\/x.com\/beatopeustaquio","https:\/\/www.instagram.com\/beatopadreeustaquio\/","https:\/\/www.youtube.com\/channel\/UCRhw7vfabnajwLxb1ZXMeIw"]},{"@type":"Person","@id":"https:\/\/www.padreeustaquio.com.br\/#\/schema\/person\/a2a51db1d00f1a7af0204a0f1ddb1566","name":"@sscc","image":{"@type":"ImageObject","inLanguage":"en-US","@id":"https:\/\/secure.gravatar.com\/avatar\/68cfafa5f44617fea54071e215026e0ff06be366c3d54a8425f04fdcb86f8c5f?s=96&d=mm&r=g","url":"https:\/\/secure.gravatar.com\/avatar\/68cfafa5f44617fea54071e215026e0ff06be366c3d54a8425f04fdcb86f8c5f?s=96&d=mm&r=g","contentUrl":"https:\/\/secure.gravatar.com\/avatar\/68cfafa5f44617fea54071e215026e0ff06be366c3d54a8425f04fdcb86f8c5f?s=96&d=mm&r=g","caption":"@sscc"},"url":"https:\/\/www.padreeustaquio.com.br\/en\/author\/sscc\/"}]}},"_links":{"self":[{"href":"https:\/\/www.padreeustaquio.com.br\/en\/wp-json\/wp\/v2\/posts\/9370","targetHints":{"allow":["GET"]}}],"collection":[{"href":"https:\/\/www.padreeustaquio.com.br\/en\/wp-json\/wp\/v2\/posts"}],"about":[{"href":"https:\/\/www.padreeustaquio.com.br\/en\/wp-json\/wp\/v2\/types\/post"}],"author":[{"embeddable":true,"href":"https:\/\/www.padreeustaquio.com.br\/en\/wp-json\/wp\/v2\/users\/2"}],"replies":[{"embeddable":true,"href":"https:\/\/www.padreeustaquio.com.br\/en\/wp-json\/wp\/v2\/comments?post=9370"}],"version-history":[{"count":0,"href":"https:\/\/www.padreeustaquio.com.br\/en\/wp-json\/wp\/v2\/posts\/9370\/revisions"}],"wp:featuredmedia":[{"embeddable":true,"href":"https:\/\/www.padreeustaquio.com.br\/en\/wp-json\/wp\/v2\/media\/9371"}],"wp:attachment":[{"href":"https:\/\/www.padreeustaquio.com.br\/en\/wp-json\/wp\/v2\/media?parent=9370"}],"wp:term":[{"taxonomy":"category","embeddable":true,"href":"https:\/\/www.padreeustaquio.com.br\/en\/wp-json\/wp\/v2\/categories?post=9370"},{"taxonomy":"post_tag","embeddable":true,"href":"https:\/\/www.padreeustaquio.com.br\/en\/wp-json\/wp\/v2\/tags?post=9370"}],"curies":[{"name":"wp","href":"https:\/\/api.w.org\/{rel}","templated":true}]}}