{"id":9348,"date":"2022-10-05T08:26:16","date_gmt":"2022-10-05T11:26:16","guid":{"rendered":"https:\/\/www.padreeustaquio.com.br\/?p=9348"},"modified":"2022-10-05T08:34:47","modified_gmt":"2022-10-05T11:34:47","slug":"the-person-responsible-for-the-canonization-cause-celebrates-mass-on-the-30th-in-caete-mg","status":"publish","type":"post","link":"https:\/\/www.padreeustaquio.com.br\/en\/the-person-responsible-for-the-canonization-cause-celebrates-mass-on-the-30th-in-caete-mg\/","title":{"rendered":"The person responsible for the Cause of Canonization celebrates Mass on the 30th in Caet\u00e9-MG."},"content":{"rendered":"<p>The priest responsible for the Cause of Canonization of the Blessed Father Eust\u00e1quio, Father Vin\u00edcius Maciel, SSCC, celebrated the votive Mass for the Blessed in the chapel, still under construction, in the city of Caet\u00e9, in the metropolitan region of Belo Horizonte. The invitation was extended by devotees of Father Eust\u00e1quio in the city, who are responsible for the small church.<\/p>\n\n\n<div class=\"wp-block-image\">\n<figure class=\"alignleft size-medium is-resized\"><img fetchpriority=\"high\" decoding=\"async\" src=\"https:\/\/www.padreeustaquio.com.br\/wp-content\/uploads\/2022\/10\/IMG_6207-1-300x200.jpg\" alt=\"\" class=\"wp-image-9353\" width=\"321\" height=\"214\" srcset=\"https:\/\/www.padreeustaquio.com.br\/wp-content\/uploads\/2022\/10\/IMG_6207-1-300x200.jpg 300w, https:\/\/www.padreeustaquio.com.br\/wp-content\/uploads\/2022\/10\/IMG_6207-1-1024x683.jpg 1024w, https:\/\/www.padreeustaquio.com.br\/wp-content\/uploads\/2022\/10\/IMG_6207-1-768x512.jpg 768w, https:\/\/www.padreeustaquio.com.br\/wp-content\/uploads\/2022\/10\/IMG_6207-1-1536x1024.jpg 1536w, https:\/\/www.padreeustaquio.com.br\/wp-content\/uploads\/2022\/10\/IMG_6207-1-2048x1365.jpg 2048w\" sizes=\"(max-width: 321px) 100vw, 321px\" \/><\/figure>\n<\/div>\n\n\n<p>The Holy Mass was held at 7 PM and was attended by residents of the Quintas da Serra neighborhood, right at the foot of the Serra da Piedade mountain range. Mr. Joel Matias, the owner of the land where the oratory is located, welcomed Father Vin\u00edcius Maciel, the postulant Vanildo Lima Sena, and the managers Denise Dellaretti and Marcelo Silveira.<\/p>\n\n\n\n<p>During the celebration, Father Vin\u00edcius spoke about the period of exile experienced by Father Eust\u00e1quio, when the religious man dedicated himself even more to prayer and the study of the Word of God; making reference to the day of Saint Jerome, the one responsible for translating the Bible, celebrated on September 30th.<\/p>\n\n\n\n<p>Every month, on the 30th, devotees of Father Eustace celebrate the memory of the Blessed and invite a priest to celebrate with the faithful.<\/p>\n\n\n\n<p><strong>The result of a grace received.<\/strong><\/p>\n\n\n\n<p>At the foot of the Sanctuary of the Patron Saint of Minas Gerais, a temple is being built on private property. The site is the residence and workshop of the sacred art craftsman Joel Matias, known throughout the region for the beauty of his works sculpted in different materials. The place will serve as a point of pilgrimage for the faithful in honor of Blessed Father Eust\u00e1quio.<\/p>\n\n\n\n<p>It all began after a promise made by the lawyer and former mayor of Caet\u00e9, Ademir Carvalho, who received a blessing through the intercession of Father Eust\u00e1quio. <em>\u201cMy son Jair contracted spotted fever after participating in a horseback riding event in Caet\u00e9. He fell into a deep coma, and it was difficult to diagnose the disease. Then, someone told me to pray to Father Eust\u00e1quio, who died from this disease, which is transmitted by ticks. I went to the church where his tomb is in Belo Horizonte and prayed for my son. When I arrived at the hospital, I saw my son come out of the coma and progressively improve until he recovered. At that point, I made a promise to build a shrine in honor of Father Eust\u00e1quio.\u201d<\/em>, said Ademir.<\/p>\n\n\n\n<p>Based on this fact, Ademir sought out Joel, who had long harbored a devotion to the Dutch priest who died in Belo Horizonte with a reputation for holiness, and together they spearheaded the audacious project that has been underway for about three years. <em>\u201cThe oratory will be named after Our Lady of the Annunciation and Blessed Father Eustace. The title of Our Lady was chosen because of the relic from the house of the Virgin Mary that the place received some time ago. As for Blessed Father Eustace, it was chosen because of my devotion and also that of Ademir, who was one of the inspirers of the work,\u201d, <\/em>said Joel.<\/p>\n\n\n\n<p>The oratory, which can seat 80 people, is Gothic in style and strongly inspired by aspects of Catholic theology, from the dimensions and shapes of the altars to the design of the finishes. An image of the Blessed, donated by a devotee, was placed above the entrance to the oratory.<\/p>\n\n\n\n<p><\/p>\n\n\n\n<p><strong><em>**with information from the Opini\u00e3o de Caet\u00e9 newspaper (journalist Jo\u00e3o Eduardo Santana)<\/em><\/strong><\/p>","protected":false},"excerpt":{"rendered":"<p>O respons\u00e1vel pela Causa de Canoniza\u00e7\u00e3o do Bem-Aventruado Padre Eust\u00e1quio, o padre Vin\u00edcius Maciel, SSCC, celebrou a missa votiva ao Beato na capela, ainda em constru\u00e7\u00e3o, na cidade de Caet\u00e9, regi\u00e3o metropolitana de Belo Horizonte. O convite foi feito por devotos de Padre Eust\u00e1quio na cidade, que s\u00e3o respons\u00e1veis pela pequena igreja. A Santa Missa foi realizada \u00e0s 19h e contou com a presen\u00e7a dos moradores do bairro Quintas da Serra, bem aos p\u00e9s da Serra da Piedade. Sr. Joel Matias, propriet\u00e1rio do terreno onde fica o orat\u00f3rio foi quem recebeu o padre Vin\u00edcius Maciel, o postulante Vanildo Lima Sena, [&hellip;]<\/p>\n","protected":false},"author":2,"featured_media":9349,"comment_status":"open","ping_status":"closed","sticky":false,"template":"","format":"standard","meta":{"_acf_changed":false,"footnotes":""},"categories":[611],"tags":[],"class_list":["post-9348","post","type-post","status-publish","format-standard","has-post-thumbnail","hentry","category-noticias"],"acf":[],"yoast_head":"<!-- This site is optimized with the Yoast SEO plugin v27.2 - https:\/\/yoast.com\/product\/yoast-seo-wordpress\/ -->\n<title>Respons\u00e1vel pela Causa de Canoniza\u00e7\u00e3o celebra missa do dia 30 em Caet\u00e9-MG<\/title>\n<meta name=\"description\" content=\"O respons\u00e1vel pela Causa de Canoniza\u00e7\u00e3o do Bem-Aventruado Padre Eust\u00e1quio, o padre Vin\u00edcius Maciel, SSCC, celebrou a missa votiva ao Beato na capela, ainda em constru\u00e7\u00e3o, na cidade de Caet\u00e9, regi\u00e3o metropolitana de Belo Horizonte. O convite foi feito por devotos de Padre Eust\u00e1quio na cidade, que s\u00e3o respons\u00e1veis pela pequena igreja.\" \/>\n<meta name=\"robots\" content=\"index, follow, max-snippet:-1, max-image-preview:large, max-video-preview:-1\" \/>\n<link rel=\"canonical\" href=\"https:\/\/www.padreeustaquio.com.br\/en\/the-person-responsible-for-the-canonization-cause-celebrates-mass-on-the-30th-in-caete-mg\/\" \/>\n<meta property=\"og:locale\" content=\"en_US\" \/>\n<meta property=\"og:type\" content=\"article\" \/>\n<meta property=\"og:title\" content=\"Respons\u00e1vel pela Causa de Canoniza\u00e7\u00e3o celebra missa do dia 30 em Caet\u00e9-MG\" \/>\n<meta property=\"og:description\" content=\"O respons\u00e1vel pela Causa de Canoniza\u00e7\u00e3o do Bem-Aventruado Padre Eust\u00e1quio, o padre Vin\u00edcius Maciel, SSCC, celebrou a missa votiva ao Beato na capela, ainda em constru\u00e7\u00e3o, na cidade de Caet\u00e9, regi\u00e3o metropolitana de Belo Horizonte. O convite foi feito por devotos de Padre Eust\u00e1quio na cidade, que s\u00e3o respons\u00e1veis pela pequena igreja.\" \/>\n<meta property=\"og:url\" content=\"https:\/\/www.padreeustaquio.com.br\/en\/the-person-responsible-for-the-canonization-cause-celebrates-mass-on-the-30th-in-caete-mg\/\" \/>\n<meta property=\"og:site_name\" content=\"Padre Eust\u00e1quio\" \/>\n<meta property=\"article:publisher\" content=\"https:\/\/www.facebook.com\/beatopadreeustaquio\/\" \/>\n<meta property=\"article:published_time\" content=\"2022-10-05T11:26:16+00:00\" \/>\n<meta property=\"article:modified_time\" content=\"2022-10-05T11:34:47+00:00\" \/>\n<meta property=\"og:image\" content=\"https:\/\/www.padreeustaquio.com.br\/wp-content\/uploads\/2022\/10\/MG_6217-scaled-e1664968927102.jpg\" \/>\n\t<meta property=\"og:image:width\" content=\"2438\" \/>\n\t<meta property=\"og:image:height\" content=\"1363\" \/>\n\t<meta property=\"og:image:type\" content=\"image\/jpeg\" \/>\n<meta name=\"author\" content=\"@sscc\" \/>\n<meta name=\"twitter:card\" content=\"summary_large_image\" \/>\n<meta name=\"twitter:image\" content=\"https:\/\/www.padreeustaquio.com.br\/wp-content\/uploads\/2022\/10\/MG_6217-scaled-e1664968927102.jpg\" \/>\n<meta name=\"twitter:creator\" content=\"@beatopeustaquio\" \/>\n<meta name=\"twitter:site\" content=\"@beatopeustaquio\" \/>\n<meta name=\"twitter:label1\" content=\"Written by\" \/>\n\t<meta name=\"twitter:data1\" content=\"@sscc\" \/>\n\t<meta name=\"twitter:label2\" content=\"Est. reading time\" \/>\n\t<meta name=\"twitter:data2\" content=\"3 minutes\" \/>\n<script type=\"application\/ld+json\" class=\"yoast-schema-graph\">{\"@context\":\"https:\/\/schema.org\",\"@graph\":[{\"@type\":\"Article\",\"@id\":\"https:\/\/www.padreeustaquio.com.br\/responsavel-pela-causa-de-canonizacao-celebra-missa-do-dia-30-em-caete-mg\/#article\",\"isPartOf\":{\"@id\":\"https:\/\/www.padreeustaquio.com.br\/responsavel-pela-causa-de-canonizacao-celebra-missa-do-dia-30-em-caete-mg\/\"},\"author\":{\"name\":\"@sscc\",\"@id\":\"https:\/\/www.padreeustaquio.com.br\/#\/schema\/person\/a2a51db1d00f1a7af0204a0f1ddb1566\"},\"headline\":\"Respons\u00e1vel pela Causa de Canoniza\u00e7\u00e3o celebra missa do dia 30 em Caet\u00e9-MG\",\"datePublished\":\"2022-10-05T11:26:16+00:00\",\"dateModified\":\"2022-10-05T11:34:47+00:00\",\"mainEntityOfPage\":{\"@id\":\"https:\/\/www.padreeustaquio.com.br\/responsavel-pela-causa-de-canonizacao-celebra-missa-do-dia-30-em-caete-mg\/\"},\"wordCount\":613,\"commentCount\":0,\"publisher\":{\"@id\":\"https:\/\/www.padreeustaquio.com.br\/#organization\"},\"image\":{\"@id\":\"https:\/\/www.padreeustaquio.com.br\/responsavel-pela-causa-de-canonizacao-celebra-missa-do-dia-30-em-caete-mg\/#primaryimage\"},\"thumbnailUrl\":\"https:\/\/www.padreeustaquio.com.br\/wp-content\/uploads\/2022\/10\/MG_6217-scaled-e1664968927102.jpg\",\"articleSection\":[\"Not\u00edcias\"],\"inLanguage\":\"en-US\",\"potentialAction\":[{\"@type\":\"CommentAction\",\"name\":\"Comment\",\"target\":[\"https:\/\/www.padreeustaquio.com.br\/responsavel-pela-causa-de-canonizacao-celebra-missa-do-dia-30-em-caete-mg\/#respond\"]}]},{\"@type\":\"WebPage\",\"@id\":\"https:\/\/www.padreeustaquio.com.br\/responsavel-pela-causa-de-canonizacao-celebra-missa-do-dia-30-em-caete-mg\/\",\"url\":\"https:\/\/www.padreeustaquio.com.br\/responsavel-pela-causa-de-canonizacao-celebra-missa-do-dia-30-em-caete-mg\/\",\"name\":\"Respons\u00e1vel pela Causa de Canoniza\u00e7\u00e3o celebra missa do dia 30 em Caet\u00e9-MG\",\"isPartOf\":{\"@id\":\"https:\/\/www.padreeustaquio.com.br\/#website\"},\"primaryImageOfPage\":{\"@id\":\"https:\/\/www.padreeustaquio.com.br\/responsavel-pela-causa-de-canonizacao-celebra-missa-do-dia-30-em-caete-mg\/#primaryimage\"},\"image\":{\"@id\":\"https:\/\/www.padreeustaquio.com.br\/responsavel-pela-causa-de-canonizacao-celebra-missa-do-dia-30-em-caete-mg\/#primaryimage\"},\"thumbnailUrl\":\"https:\/\/www.padreeustaquio.com.br\/wp-content\/uploads\/2022\/10\/MG_6217-scaled-e1664968927102.jpg\",\"datePublished\":\"2022-10-05T11:26:16+00:00\",\"dateModified\":\"2022-10-05T11:34:47+00:00\",\"description\":\"O respons\u00e1vel pela Causa de Canoniza\u00e7\u00e3o do Bem-Aventruado Padre Eust\u00e1quio, o padre Vin\u00edcius Maciel, SSCC, celebrou a missa votiva ao Beato na capela, ainda em constru\u00e7\u00e3o, na cidade de Caet\u00e9, regi\u00e3o metropolitana de Belo Horizonte. O convite foi feito por devotos de Padre Eust\u00e1quio na cidade, que s\u00e3o respons\u00e1veis pela pequena igreja.\",\"breadcrumb\":{\"@id\":\"https:\/\/www.padreeustaquio.com.br\/responsavel-pela-causa-de-canonizacao-celebra-missa-do-dia-30-em-caete-mg\/#breadcrumb\"},\"inLanguage\":\"en-US\",\"potentialAction\":[{\"@type\":\"ReadAction\",\"target\":[\"https:\/\/www.padreeustaquio.com.br\/responsavel-pela-causa-de-canonizacao-celebra-missa-do-dia-30-em-caete-mg\/\"]}]},{\"@type\":\"ImageObject\",\"inLanguage\":\"en-US\",\"@id\":\"https:\/\/www.padreeustaquio.com.br\/responsavel-pela-causa-de-canonizacao-celebra-missa-do-dia-30-em-caete-mg\/#primaryimage\",\"url\":\"https:\/\/www.padreeustaquio.com.br\/wp-content\/uploads\/2022\/10\/MG_6217-scaled-e1664968927102.jpg\",\"contentUrl\":\"https:\/\/www.padreeustaquio.com.br\/wp-content\/uploads\/2022\/10\/MG_6217-scaled-e1664968927102.jpg\",\"width\":2438,\"height\":1363},{\"@type\":\"BreadcrumbList\",\"@id\":\"https:\/\/www.padreeustaquio.com.br\/responsavel-pela-causa-de-canonizacao-celebra-missa-do-dia-30-em-caete-mg\/#breadcrumb\",\"itemListElement\":[{\"@type\":\"ListItem\",\"position\":1,\"name\":\"In\u00edcio\",\"item\":\"https:\/\/www.padreeustaquio.com.br\/\"},{\"@type\":\"ListItem\",\"position\":2,\"name\":\"Respons\u00e1vel pela Causa de Canoniza\u00e7\u00e3o celebra missa do dia 30 em Caet\u00e9-MG\"}]},{\"@type\":\"WebSite\",\"@id\":\"https:\/\/www.padreeustaquio.com.br\/#website\",\"url\":\"https:\/\/www.padreeustaquio.com.br\/\",\"name\":\"Padre Eust\u00e1quio\",\"description\":\"Sa\u00fade e Paz\",\"publisher\":{\"@id\":\"https:\/\/www.padreeustaquio.com.br\/#organization\"},\"potentialAction\":[{\"@type\":\"SearchAction\",\"target\":{\"@type\":\"EntryPoint\",\"urlTemplate\":\"https:\/\/www.padreeustaquio.com.br\/?s={search_term_string}\"},\"query-input\":{\"@type\":\"PropertyValueSpecification\",\"valueRequired\":true,\"valueName\":\"search_term_string\"}}],\"inLanguage\":\"en-US\"},{\"@type\":\"Organization\",\"@id\":\"https:\/\/www.padreeustaquio.com.br\/#organization\",\"name\":\"Padre Eust\u00e1quio\",\"url\":\"https:\/\/www.padreeustaquio.com.br\/\",\"logo\":{\"@type\":\"ImageObject\",\"inLanguage\":\"en-US\",\"@id\":\"https:\/\/www.padreeustaquio.com.br\/#\/schema\/logo\/image\/\",\"url\":\"https:\/\/www.padreeustaquio.com.br\/wp-content\/uploads\/2019\/08\/marca.png\",\"contentUrl\":\"https:\/\/www.padreeustaquio.com.br\/wp-content\/uploads\/2019\/08\/marca.png\",\"width\":350,\"height\":400,\"caption\":\"Padre Eust\u00e1quio\"},\"image\":{\"@id\":\"https:\/\/www.padreeustaquio.com.br\/#\/schema\/logo\/image\/\"},\"sameAs\":[\"https:\/\/www.facebook.com\/beatopadreeustaquio\/\",\"https:\/\/x.com\/beatopeustaquio\",\"https:\/\/www.instagram.com\/beatopadreeustaquio\/\",\"https:\/\/www.youtube.com\/channel\/UCRhw7vfabnajwLxb1ZXMeIw\"]},{\"@type\":\"Person\",\"@id\":\"https:\/\/www.padreeustaquio.com.br\/#\/schema\/person\/a2a51db1d00f1a7af0204a0f1ddb1566\",\"name\":\"@sscc\",\"image\":{\"@type\":\"ImageObject\",\"inLanguage\":\"en-US\",\"@id\":\"https:\/\/secure.gravatar.com\/avatar\/68cfafa5f44617fea54071e215026e0ff06be366c3d54a8425f04fdcb86f8c5f?s=96&d=mm&r=g\",\"url\":\"https:\/\/secure.gravatar.com\/avatar\/68cfafa5f44617fea54071e215026e0ff06be366c3d54a8425f04fdcb86f8c5f?s=96&d=mm&r=g\",\"contentUrl\":\"https:\/\/secure.gravatar.com\/avatar\/68cfafa5f44617fea54071e215026e0ff06be366c3d54a8425f04fdcb86f8c5f?s=96&d=mm&r=g\",\"caption\":\"@sscc\"},\"url\":\"https:\/\/www.padreeustaquio.com.br\/en\/author\/sscc\/\"}]}<\/script>\n<!-- \/ Yoast SEO plugin. -->","yoast_head_json":{"title":"The person responsible for the Cause of Canonization celebrates Mass on the 30th in Caet\u00e9-MG.","description":"The priest responsible for the Cause of Canonization of the Blessed Father Eust\u00e1quio, Father Vin\u00edcius Maciel, SSCC, celebrated the votive Mass for the Blessed in the chapel, still under construction, in the city of Caet\u00e9, in the metropolitan region of Belo Horizonte. The invitation was extended by devotees of Father Eust\u00e1quio in the city, who are responsible for the small church.","robots":{"index":"index","follow":"follow","max-snippet":"max-snippet:-1","max-image-preview":"max-image-preview:large","max-video-preview":"max-video-preview:-1"},"canonical":"https:\/\/www.padreeustaquio.com.br\/en\/the-person-responsible-for-the-canonization-cause-celebrates-mass-on-the-30th-in-caete-mg\/","og_locale":"en_US","og_type":"article","og_title":"Respons\u00e1vel pela Causa de Canoniza\u00e7\u00e3o celebra missa do dia 30 em Caet\u00e9-MG","og_description":"O respons\u00e1vel pela Causa de Canoniza\u00e7\u00e3o do Bem-Aventruado Padre Eust\u00e1quio, o padre Vin\u00edcius Maciel, SSCC, celebrou a missa votiva ao Beato na capela, ainda em constru\u00e7\u00e3o, na cidade de Caet\u00e9, regi\u00e3o metropolitana de Belo Horizonte. O convite foi feito por devotos de Padre Eust\u00e1quio na cidade, que s\u00e3o respons\u00e1veis pela pequena igreja.","og_url":"https:\/\/www.padreeustaquio.com.br\/en\/the-person-responsible-for-the-canonization-cause-celebrates-mass-on-the-30th-in-caete-mg\/","og_site_name":"Padre Eust\u00e1quio","article_publisher":"https:\/\/www.facebook.com\/beatopadreeustaquio\/","article_published_time":"2022-10-05T11:26:16+00:00","article_modified_time":"2022-10-05T11:34:47+00:00","og_image":[{"width":2438,"height":1363,"url":"https:\/\/www.padreeustaquio.com.br\/wp-content\/uploads\/2022\/10\/MG_6217-scaled-e1664968927102.jpg","type":"image\/jpeg"}],"author":"@sscc","twitter_card":"summary_large_image","twitter_image":"https:\/\/www.padreeustaquio.com.br\/wp-content\/uploads\/2022\/10\/MG_6217-scaled-e1664968927102.jpg","twitter_creator":"@beatopeustaquio","twitter_site":"@beatopeustaquio","twitter_misc":{"Written by":"@sscc","Est. reading time":"3 minutes"},"schema":{"@context":"https:\/\/schema.org","@graph":[{"@type":"Article","@id":"https:\/\/www.padreeustaquio.com.br\/responsavel-pela-causa-de-canonizacao-celebra-missa-do-dia-30-em-caete-mg\/#article","isPartOf":{"@id":"https:\/\/www.padreeustaquio.com.br\/responsavel-pela-causa-de-canonizacao-celebra-missa-do-dia-30-em-caete-mg\/"},"author":{"name":"@sscc","@id":"https:\/\/www.padreeustaquio.com.br\/#\/schema\/person\/a2a51db1d00f1a7af0204a0f1ddb1566"},"headline":"Respons\u00e1vel pela Causa de Canoniza\u00e7\u00e3o celebra missa do dia 30 em Caet\u00e9-MG","datePublished":"2022-10-05T11:26:16+00:00","dateModified":"2022-10-05T11:34:47+00:00","mainEntityOfPage":{"@id":"https:\/\/www.padreeustaquio.com.br\/responsavel-pela-causa-de-canonizacao-celebra-missa-do-dia-30-em-caete-mg\/"},"wordCount":613,"commentCount":0,"publisher":{"@id":"https:\/\/www.padreeustaquio.com.br\/#organization"},"image":{"@id":"https:\/\/www.padreeustaquio.com.br\/responsavel-pela-causa-de-canonizacao-celebra-missa-do-dia-30-em-caete-mg\/#primaryimage"},"thumbnailUrl":"https:\/\/www.padreeustaquio.com.br\/wp-content\/uploads\/2022\/10\/MG_6217-scaled-e1664968927102.jpg","articleSection":["Not\u00edcias"],"inLanguage":"en-US","potentialAction":[{"@type":"CommentAction","name":"Comment","target":["https:\/\/www.padreeustaquio.com.br\/responsavel-pela-causa-de-canonizacao-celebra-missa-do-dia-30-em-caete-mg\/#respond"]}]},{"@type":"WebPage","@id":"https:\/\/www.padreeustaquio.com.br\/responsavel-pela-causa-de-canonizacao-celebra-missa-do-dia-30-em-caete-mg\/","url":"https:\/\/www.padreeustaquio.com.br\/responsavel-pela-causa-de-canonizacao-celebra-missa-do-dia-30-em-caete-mg\/","name":"The person responsible for the Cause of Canonization celebrates Mass on the 30th in Caet\u00e9-MG.","isPartOf":{"@id":"https:\/\/www.padreeustaquio.com.br\/#website"},"primaryImageOfPage":{"@id":"https:\/\/www.padreeustaquio.com.br\/responsavel-pela-causa-de-canonizacao-celebra-missa-do-dia-30-em-caete-mg\/#primaryimage"},"image":{"@id":"https:\/\/www.padreeustaquio.com.br\/responsavel-pela-causa-de-canonizacao-celebra-missa-do-dia-30-em-caete-mg\/#primaryimage"},"thumbnailUrl":"https:\/\/www.padreeustaquio.com.br\/wp-content\/uploads\/2022\/10\/MG_6217-scaled-e1664968927102.jpg","datePublished":"2022-10-05T11:26:16+00:00","dateModified":"2022-10-05T11:34:47+00:00","description":"The priest responsible for the Cause of Canonization of the Blessed Father Eust\u00e1quio, Father Vin\u00edcius Maciel, SSCC, celebrated the votive Mass for the Blessed in the chapel, still under construction, in the city of Caet\u00e9, in the metropolitan region of Belo Horizonte. The invitation was extended by devotees of Father Eust\u00e1quio in the city, who are responsible for the small church.","breadcrumb":{"@id":"https:\/\/www.padreeustaquio.com.br\/responsavel-pela-causa-de-canonizacao-celebra-missa-do-dia-30-em-caete-mg\/#breadcrumb"},"inLanguage":"en-US","potentialAction":[{"@type":"ReadAction","target":["https:\/\/www.padreeustaquio.com.br\/responsavel-pela-causa-de-canonizacao-celebra-missa-do-dia-30-em-caete-mg\/"]}]},{"@type":"ImageObject","inLanguage":"en-US","@id":"https:\/\/www.padreeustaquio.com.br\/responsavel-pela-causa-de-canonizacao-celebra-missa-do-dia-30-em-caete-mg\/#primaryimage","url":"https:\/\/www.padreeustaquio.com.br\/wp-content\/uploads\/2022\/10\/MG_6217-scaled-e1664968927102.jpg","contentUrl":"https:\/\/www.padreeustaquio.com.br\/wp-content\/uploads\/2022\/10\/MG_6217-scaled-e1664968927102.jpg","width":2438,"height":1363},{"@type":"BreadcrumbList","@id":"https:\/\/www.padreeustaquio.com.br\/responsavel-pela-causa-de-canonizacao-celebra-missa-do-dia-30-em-caete-mg\/#breadcrumb","itemListElement":[{"@type":"ListItem","position":1,"name":"In\u00edcio","item":"https:\/\/www.padreeustaquio.com.br\/"},{"@type":"ListItem","position":2,"name":"Respons\u00e1vel pela Causa de Canoniza\u00e7\u00e3o celebra missa do dia 30 em Caet\u00e9-MG"}]},{"@type":"WebSite","@id":"https:\/\/www.padreeustaquio.com.br\/#website","url":"https:\/\/www.padreeustaquio.com.br\/","name":"FATHER EUST\u00c1QUIO","description":"Health and Peace","publisher":{"@id":"https:\/\/www.padreeustaquio.com.br\/#organization"},"potentialAction":[{"@type":"SearchAction","target":{"@type":"EntryPoint","urlTemplate":"https:\/\/www.padreeustaquio.com.br\/?s={search_term_string}"},"query-input":{"@type":"PropertyValueSpecification","valueRequired":true,"valueName":"search_term_string"}}],"inLanguage":"en-US"},{"@type":"Organization","@id":"https:\/\/www.padreeustaquio.com.br\/#organization","name":"FATHER EUST\u00c1QUIO","url":"https:\/\/www.padreeustaquio.com.br\/","logo":{"@type":"ImageObject","inLanguage":"en-US","@id":"https:\/\/www.padreeustaquio.com.br\/#\/schema\/logo\/image\/","url":"https:\/\/www.padreeustaquio.com.br\/wp-content\/uploads\/2019\/08\/marca.png","contentUrl":"https:\/\/www.padreeustaquio.com.br\/wp-content\/uploads\/2019\/08\/marca.png","width":350,"height":400,"caption":"Padre Eust\u00e1quio"},"image":{"@id":"https:\/\/www.padreeustaquio.com.br\/#\/schema\/logo\/image\/"},"sameAs":["https:\/\/www.facebook.com\/beatopadreeustaquio\/","https:\/\/x.com\/beatopeustaquio","https:\/\/www.instagram.com\/beatopadreeustaquio\/","https:\/\/www.youtube.com\/channel\/UCRhw7vfabnajwLxb1ZXMeIw"]},{"@type":"Person","@id":"https:\/\/www.padreeustaquio.com.br\/#\/schema\/person\/a2a51db1d00f1a7af0204a0f1ddb1566","name":"@sscc","image":{"@type":"ImageObject","inLanguage":"en-US","@id":"https:\/\/secure.gravatar.com\/avatar\/68cfafa5f44617fea54071e215026e0ff06be366c3d54a8425f04fdcb86f8c5f?s=96&d=mm&r=g","url":"https:\/\/secure.gravatar.com\/avatar\/68cfafa5f44617fea54071e215026e0ff06be366c3d54a8425f04fdcb86f8c5f?s=96&d=mm&r=g","contentUrl":"https:\/\/secure.gravatar.com\/avatar\/68cfafa5f44617fea54071e215026e0ff06be366c3d54a8425f04fdcb86f8c5f?s=96&d=mm&r=g","caption":"@sscc"},"url":"https:\/\/www.padreeustaquio.com.br\/en\/author\/sscc\/"}]}},"_links":{"self":[{"href":"https:\/\/www.padreeustaquio.com.br\/en\/wp-json\/wp\/v2\/posts\/9348","targetHints":{"allow":["GET"]}}],"collection":[{"href":"https:\/\/www.padreeustaquio.com.br\/en\/wp-json\/wp\/v2\/posts"}],"about":[{"href":"https:\/\/www.padreeustaquio.com.br\/en\/wp-json\/wp\/v2\/types\/post"}],"author":[{"embeddable":true,"href":"https:\/\/www.padreeustaquio.com.br\/en\/wp-json\/wp\/v2\/users\/2"}],"replies":[{"embeddable":true,"href":"https:\/\/www.padreeustaquio.com.br\/en\/wp-json\/wp\/v2\/comments?post=9348"}],"version-history":[{"count":0,"href":"https:\/\/www.padreeustaquio.com.br\/en\/wp-json\/wp\/v2\/posts\/9348\/revisions"}],"wp:featuredmedia":[{"embeddable":true,"href":"https:\/\/www.padreeustaquio.com.br\/en\/wp-json\/wp\/v2\/media\/9349"}],"wp:attachment":[{"href":"https:\/\/www.padreeustaquio.com.br\/en\/wp-json\/wp\/v2\/media?parent=9348"}],"wp:term":[{"taxonomy":"category","embeddable":true,"href":"https:\/\/www.padreeustaquio.com.br\/en\/wp-json\/wp\/v2\/categories?post=9348"},{"taxonomy":"post_tag","embeddable":true,"href":"https:\/\/www.padreeustaquio.com.br\/en\/wp-json\/wp\/v2\/tags?post=9348"}],"curies":[{"name":"wp","href":"https:\/\/api.w.org\/{rel}","templated":true}]}}