{"id":9341,"date":"2022-10-03T07:28:28","date_gmt":"2022-10-03T10:28:28","guid":{"rendered":"https:\/\/www.padreeustaquio.com.br\/?p=9341"},"modified":"2022-10-03T07:28:30","modified_gmt":"2022-10-03T10:28:30","slug":"every-sunday-tune-in-to-the-word-of-salvation-program-on-the-padre-eustaquio-channel","status":"publish","type":"post","link":"https:\/\/www.padreeustaquio.com.br\/en\/every-sunday-tune-in-to-the-word-of-salvation-program-on-the-padre-eustaquio-channel\/","title":{"rendered":"Every Sunday, tune in to the Word of Salvation program on the Padre Eust\u00e1quio Channel."},"content":{"rendered":"<p>Every week on the Padre Eust\u00e1quio Channel, you can watch the program &quot;Word of Salvation.&quot; The show is presented by Father Vin\u00edcius Maciel, ss.cc, Rector of the Sanctuary of Health and Peace and responsible for the Cause of Canonization of Blessed Father Eust\u00e1quio in Brazil. Each week, he brings a beautiful reflection on Sunday&#039;s Gospel.<\/p>\n\n\n\n<p>The message is broadcast every Sunday at 8:30 AM and offers a moment of reflection to help us start our week well. The messages are recorded at the Sanctuary of Health and Peace and broadcast on the National Secretariat&#039;s YouTube channel. Each week, according to the Gospel of the day, the priest meditates on the words of the evangelists, helping us to face the problems of daily life. The reflection always ends with God&#039;s blessing given by Father Vin\u00edcius.<\/p>\n\n\n\n<p>The material can be shared with friends and family through social media, helping to further spread the Gospel of Jesus Christ and also the message of Health and Peace from Father Eust\u00e1quio.<\/p>\n\n\n\n<p><\/p>","protected":false},"excerpt":{"rendered":"<p>Semanalmente, no Canal Padre Eust\u00e1quio, voc\u00ea acompanha o programa Palavra da Salva\u00e7\u00e3o. A atra\u00e7\u00e3o \u00e9 apresentada pelo Padre Vin\u00edcius Maciel, ss.cc, Reitor do Santu\u00e1rio da Sa\u00fade e da Paz e respons\u00e1vel pela Causa de Canoniza\u00e7\u00e3o do Beato Padre Eust\u00e1quio no Brasil. Ele traz, a cada semana, uma bel\u00edssima reflex\u00e3o do evangelho de Domingo. A mensagem \u00e9 exibida sempre aos domingos, \u00e0s 8h30, e traz um momento de reflex\u00e3o para come\u00e7armos bem a nossa semana. As mensagens s\u00e3o gravadas no Santu\u00e1rio da Sa\u00fade e Paz e exibidas pelo Canal do Secretariado Nacional no YouTube. A cada semana, de acordo com o [&hellip;]<\/p>\n","protected":false},"author":2,"featured_media":9342,"comment_status":"open","ping_status":"closed","sticky":false,"template":"","format":"standard","meta":{"_acf_changed":false,"footnotes":""},"categories":[611],"tags":[],"class_list":["post-9341","post","type-post","status-publish","format-standard","has-post-thumbnail","hentry","category-noticias"],"acf":[],"yoast_head":"<!-- This site is optimized with the Yoast SEO plugin v27.2 - https:\/\/yoast.com\/product\/yoast-seo-wordpress\/ -->\n<title>Todo domingo acompanhe o programa Palavra da Salva\u00e7\u00e3o, no Canal Padre Eust\u00e1quio<\/title>\n<meta name=\"description\" content=\"Semanalmente, no Canal Padre Eust\u00e1quio, voc\u00ea acompanha o programa Palavra da Salva\u00e7\u00e3o. A atra\u00e7\u00e3o \u00e9 apresentada pelo Padre Vin\u00edcius Maciel, ss.cc, Reitor do Santu\u00e1rio da Sa\u00fade e da Paz e respons\u00e1vel pela Causa de Canoniza\u00e7\u00e3o do Beato Padre Eust\u00e1quio no Brasil. Ele traz, a cada semana, uma bel\u00edssima reflex\u00e3o do evangelho de Domingo.\" \/>\n<meta name=\"robots\" content=\"index, follow, max-snippet:-1, max-image-preview:large, max-video-preview:-1\" \/>\n<link rel=\"canonical\" href=\"https:\/\/www.padreeustaquio.com.br\/en\/every-sunday-tune-in-to-the-word-of-salvation-program-on-the-padre-eustaquio-channel\/\" \/>\n<meta property=\"og:locale\" content=\"en_US\" \/>\n<meta property=\"og:type\" content=\"article\" \/>\n<meta property=\"og:title\" content=\"Todo domingo acompanhe o programa Palavra da Salva\u00e7\u00e3o, no Canal Padre Eust\u00e1quio\" \/>\n<meta property=\"og:description\" content=\"Semanalmente, no Canal Padre Eust\u00e1quio, voc\u00ea acompanha o programa Palavra da Salva\u00e7\u00e3o. A atra\u00e7\u00e3o \u00e9 apresentada pelo Padre Vin\u00edcius Maciel, ss.cc, Reitor do Santu\u00e1rio da Sa\u00fade e da Paz e respons\u00e1vel pela Causa de Canoniza\u00e7\u00e3o do Beato Padre Eust\u00e1quio no Brasil. Ele traz, a cada semana, uma bel\u00edssima reflex\u00e3o do evangelho de Domingo.\" \/>\n<meta property=\"og:url\" content=\"https:\/\/www.padreeustaquio.com.br\/en\/every-sunday-tune-in-to-the-word-of-salvation-program-on-the-padre-eustaquio-channel\/\" \/>\n<meta property=\"og:site_name\" content=\"Padre Eust\u00e1quio\" \/>\n<meta property=\"article:publisher\" content=\"https:\/\/www.facebook.com\/beatopadreeustaquio\/\" \/>\n<meta property=\"article:published_time\" content=\"2022-10-03T10:28:28+00:00\" \/>\n<meta property=\"article:modified_time\" content=\"2022-10-03T10:28:30+00:00\" \/>\n<meta property=\"og:image\" content=\"https:\/\/www.padreeustaquio.com.br\/wp-content\/uploads\/2022\/10\/Padre-vinicius-palavra-da-salvacao.jpeg\" \/>\n\t<meta property=\"og:image:width\" content=\"1280\" \/>\n\t<meta property=\"og:image:height\" content=\"597\" \/>\n\t<meta property=\"og:image:type\" content=\"image\/jpeg\" \/>\n<meta name=\"author\" content=\"@sscc\" \/>\n<meta name=\"twitter:card\" content=\"summary_large_image\" \/>\n<meta name=\"twitter:image\" content=\"https:\/\/www.padreeustaquio.com.br\/wp-content\/uploads\/2022\/10\/Padre-vinicius-palavra-da-salvacao.jpeg\" \/>\n<meta name=\"twitter:creator\" content=\"@beatopeustaquio\" \/>\n<meta name=\"twitter:site\" content=\"@beatopeustaquio\" \/>\n<meta name=\"twitter:label1\" content=\"Written by\" \/>\n\t<meta name=\"twitter:data1\" content=\"@sscc\" \/>\n\t<meta name=\"twitter:label2\" content=\"Est. reading time\" \/>\n\t<meta name=\"twitter:data2\" content=\"1 minute\" \/>\n<script type=\"application\/ld+json\" class=\"yoast-schema-graph\">{\"@context\":\"https:\/\/schema.org\",\"@graph\":[{\"@type\":\"Article\",\"@id\":\"https:\/\/www.padreeustaquio.com.br\/todo-domingo-acompanhe-o-programa-palavra-da-salvacao-no-canal-padre-eustaquio\/#article\",\"isPartOf\":{\"@id\":\"https:\/\/www.padreeustaquio.com.br\/todo-domingo-acompanhe-o-programa-palavra-da-salvacao-no-canal-padre-eustaquio\/\"},\"author\":{\"name\":\"@sscc\",\"@id\":\"https:\/\/www.padreeustaquio.com.br\/#\/schema\/person\/a2a51db1d00f1a7af0204a0f1ddb1566\"},\"headline\":\"Todo domingo acompanhe o programa Palavra da Salva\u00e7\u00e3o, no Canal Padre Eust\u00e1quio\",\"datePublished\":\"2022-10-03T10:28:28+00:00\",\"dateModified\":\"2022-10-03T10:28:30+00:00\",\"mainEntityOfPage\":{\"@id\":\"https:\/\/www.padreeustaquio.com.br\/todo-domingo-acompanhe-o-programa-palavra-da-salvacao-no-canal-padre-eustaquio\/\"},\"wordCount\":204,\"commentCount\":0,\"publisher\":{\"@id\":\"https:\/\/www.padreeustaquio.com.br\/#organization\"},\"image\":{\"@id\":\"https:\/\/www.padreeustaquio.com.br\/todo-domingo-acompanhe-o-programa-palavra-da-salvacao-no-canal-padre-eustaquio\/#primaryimage\"},\"thumbnailUrl\":\"https:\/\/www.padreeustaquio.com.br\/wp-content\/uploads\/2022\/10\/Padre-vinicius-palavra-da-salvacao.jpeg\",\"articleSection\":[\"Not\u00edcias\"],\"inLanguage\":\"en-US\",\"potentialAction\":[{\"@type\":\"CommentAction\",\"name\":\"Comment\",\"target\":[\"https:\/\/www.padreeustaquio.com.br\/todo-domingo-acompanhe-o-programa-palavra-da-salvacao-no-canal-padre-eustaquio\/#respond\"]}]},{\"@type\":\"WebPage\",\"@id\":\"https:\/\/www.padreeustaquio.com.br\/todo-domingo-acompanhe-o-programa-palavra-da-salvacao-no-canal-padre-eustaquio\/\",\"url\":\"https:\/\/www.padreeustaquio.com.br\/todo-domingo-acompanhe-o-programa-palavra-da-salvacao-no-canal-padre-eustaquio\/\",\"name\":\"Todo domingo acompanhe o programa Palavra da Salva\u00e7\u00e3o, no Canal Padre Eust\u00e1quio\",\"isPartOf\":{\"@id\":\"https:\/\/www.padreeustaquio.com.br\/#website\"},\"primaryImageOfPage\":{\"@id\":\"https:\/\/www.padreeustaquio.com.br\/todo-domingo-acompanhe-o-programa-palavra-da-salvacao-no-canal-padre-eustaquio\/#primaryimage\"},\"image\":{\"@id\":\"https:\/\/www.padreeustaquio.com.br\/todo-domingo-acompanhe-o-programa-palavra-da-salvacao-no-canal-padre-eustaquio\/#primaryimage\"},\"thumbnailUrl\":\"https:\/\/www.padreeustaquio.com.br\/wp-content\/uploads\/2022\/10\/Padre-vinicius-palavra-da-salvacao.jpeg\",\"datePublished\":\"2022-10-03T10:28:28+00:00\",\"dateModified\":\"2022-10-03T10:28:30+00:00\",\"description\":\"Semanalmente, no Canal Padre Eust\u00e1quio, voc\u00ea acompanha o programa Palavra da Salva\u00e7\u00e3o. A atra\u00e7\u00e3o \u00e9 apresentada pelo Padre Vin\u00edcius Maciel, ss.cc, Reitor do Santu\u00e1rio da Sa\u00fade e da Paz e respons\u00e1vel pela Causa de Canoniza\u00e7\u00e3o do Beato Padre Eust\u00e1quio no Brasil. Ele traz, a cada semana, uma bel\u00edssima reflex\u00e3o do evangelho de Domingo.\",\"breadcrumb\":{\"@id\":\"https:\/\/www.padreeustaquio.com.br\/todo-domingo-acompanhe-o-programa-palavra-da-salvacao-no-canal-padre-eustaquio\/#breadcrumb\"},\"inLanguage\":\"en-US\",\"potentialAction\":[{\"@type\":\"ReadAction\",\"target\":[\"https:\/\/www.padreeustaquio.com.br\/todo-domingo-acompanhe-o-programa-palavra-da-salvacao-no-canal-padre-eustaquio\/\"]}]},{\"@type\":\"ImageObject\",\"inLanguage\":\"en-US\",\"@id\":\"https:\/\/www.padreeustaquio.com.br\/todo-domingo-acompanhe-o-programa-palavra-da-salvacao-no-canal-padre-eustaquio\/#primaryimage\",\"url\":\"https:\/\/www.padreeustaquio.com.br\/wp-content\/uploads\/2022\/10\/Padre-vinicius-palavra-da-salvacao.jpeg\",\"contentUrl\":\"https:\/\/www.padreeustaquio.com.br\/wp-content\/uploads\/2022\/10\/Padre-vinicius-palavra-da-salvacao.jpeg\",\"width\":1280,\"height\":597},{\"@type\":\"BreadcrumbList\",\"@id\":\"https:\/\/www.padreeustaquio.com.br\/todo-domingo-acompanhe-o-programa-palavra-da-salvacao-no-canal-padre-eustaquio\/#breadcrumb\",\"itemListElement\":[{\"@type\":\"ListItem\",\"position\":1,\"name\":\"In\u00edcio\",\"item\":\"https:\/\/www.padreeustaquio.com.br\/\"},{\"@type\":\"ListItem\",\"position\":2,\"name\":\"Todo domingo acompanhe o programa Palavra da Salva\u00e7\u00e3o, no Canal Padre Eust\u00e1quio\"}]},{\"@type\":\"WebSite\",\"@id\":\"https:\/\/www.padreeustaquio.com.br\/#website\",\"url\":\"https:\/\/www.padreeustaquio.com.br\/\",\"name\":\"Padre Eust\u00e1quio\",\"description\":\"Sa\u00fade e Paz\",\"publisher\":{\"@id\":\"https:\/\/www.padreeustaquio.com.br\/#organization\"},\"potentialAction\":[{\"@type\":\"SearchAction\",\"target\":{\"@type\":\"EntryPoint\",\"urlTemplate\":\"https:\/\/www.padreeustaquio.com.br\/?s={search_term_string}\"},\"query-input\":{\"@type\":\"PropertyValueSpecification\",\"valueRequired\":true,\"valueName\":\"search_term_string\"}}],\"inLanguage\":\"en-US\"},{\"@type\":\"Organization\",\"@id\":\"https:\/\/www.padreeustaquio.com.br\/#organization\",\"name\":\"Padre Eust\u00e1quio\",\"url\":\"https:\/\/www.padreeustaquio.com.br\/\",\"logo\":{\"@type\":\"ImageObject\",\"inLanguage\":\"en-US\",\"@id\":\"https:\/\/www.padreeustaquio.com.br\/#\/schema\/logo\/image\/\",\"url\":\"https:\/\/www.padreeustaquio.com.br\/wp-content\/uploads\/2019\/08\/marca.png\",\"contentUrl\":\"https:\/\/www.padreeustaquio.com.br\/wp-content\/uploads\/2019\/08\/marca.png\",\"width\":350,\"height\":400,\"caption\":\"Padre Eust\u00e1quio\"},\"image\":{\"@id\":\"https:\/\/www.padreeustaquio.com.br\/#\/schema\/logo\/image\/\"},\"sameAs\":[\"https:\/\/www.facebook.com\/beatopadreeustaquio\/\",\"https:\/\/x.com\/beatopeustaquio\",\"https:\/\/www.instagram.com\/beatopadreeustaquio\/\",\"https:\/\/www.youtube.com\/channel\/UCRhw7vfabnajwLxb1ZXMeIw\"]},{\"@type\":\"Person\",\"@id\":\"https:\/\/www.padreeustaquio.com.br\/#\/schema\/person\/a2a51db1d00f1a7af0204a0f1ddb1566\",\"name\":\"@sscc\",\"image\":{\"@type\":\"ImageObject\",\"inLanguage\":\"en-US\",\"@id\":\"https:\/\/secure.gravatar.com\/avatar\/68cfafa5f44617fea54071e215026e0ff06be366c3d54a8425f04fdcb86f8c5f?s=96&d=mm&r=g\",\"url\":\"https:\/\/secure.gravatar.com\/avatar\/68cfafa5f44617fea54071e215026e0ff06be366c3d54a8425f04fdcb86f8c5f?s=96&d=mm&r=g\",\"contentUrl\":\"https:\/\/secure.gravatar.com\/avatar\/68cfafa5f44617fea54071e215026e0ff06be366c3d54a8425f04fdcb86f8c5f?s=96&d=mm&r=g\",\"caption\":\"@sscc\"},\"url\":\"https:\/\/www.padreeustaquio.com.br\/en\/author\/sscc\/\"}]}<\/script>\n<!-- \/ Yoast SEO plugin. -->","yoast_head_json":{"title":"Every Sunday, tune in to the Word of Salvation program on the Padre Eust\u00e1quio Channel.","description":"Every week on the Padre Eust\u00e1quio Channel, you can watch the program &quot;Word of Salvation.&quot; The show is presented by Father Vin\u00edcius Maciel, ss.cc, Rector of the Sanctuary of Health and Peace and responsible for the Cause of Canonization of Blessed Father Eust\u00e1quio in Brazil. Each week, he brings a beautiful reflection on Sunday&#039;s Gospel.","robots":{"index":"index","follow":"follow","max-snippet":"max-snippet:-1","max-image-preview":"max-image-preview:large","max-video-preview":"max-video-preview:-1"},"canonical":"https:\/\/www.padreeustaquio.com.br\/en\/every-sunday-tune-in-to-the-word-of-salvation-program-on-the-padre-eustaquio-channel\/","og_locale":"en_US","og_type":"article","og_title":"Todo domingo acompanhe o programa Palavra da Salva\u00e7\u00e3o, no Canal Padre Eust\u00e1quio","og_description":"Semanalmente, no Canal Padre Eust\u00e1quio, voc\u00ea acompanha o programa Palavra da Salva\u00e7\u00e3o. A atra\u00e7\u00e3o \u00e9 apresentada pelo Padre Vin\u00edcius Maciel, ss.cc, Reitor do Santu\u00e1rio da Sa\u00fade e da Paz e respons\u00e1vel pela Causa de Canoniza\u00e7\u00e3o do Beato Padre Eust\u00e1quio no Brasil. Ele traz, a cada semana, uma bel\u00edssima reflex\u00e3o do evangelho de Domingo.","og_url":"https:\/\/www.padreeustaquio.com.br\/en\/every-sunday-tune-in-to-the-word-of-salvation-program-on-the-padre-eustaquio-channel\/","og_site_name":"Padre Eust\u00e1quio","article_publisher":"https:\/\/www.facebook.com\/beatopadreeustaquio\/","article_published_time":"2022-10-03T10:28:28+00:00","article_modified_time":"2022-10-03T10:28:30+00:00","og_image":[{"width":1280,"height":597,"url":"https:\/\/www.padreeustaquio.com.br\/wp-content\/uploads\/2022\/10\/Padre-vinicius-palavra-da-salvacao.jpeg","type":"image\/jpeg"}],"author":"@sscc","twitter_card":"summary_large_image","twitter_image":"https:\/\/www.padreeustaquio.com.br\/wp-content\/uploads\/2022\/10\/Padre-vinicius-palavra-da-salvacao.jpeg","twitter_creator":"@beatopeustaquio","twitter_site":"@beatopeustaquio","twitter_misc":{"Written by":"@sscc","Est. reading time":"1 minute"},"schema":{"@context":"https:\/\/schema.org","@graph":[{"@type":"Article","@id":"https:\/\/www.padreeustaquio.com.br\/todo-domingo-acompanhe-o-programa-palavra-da-salvacao-no-canal-padre-eustaquio\/#article","isPartOf":{"@id":"https:\/\/www.padreeustaquio.com.br\/todo-domingo-acompanhe-o-programa-palavra-da-salvacao-no-canal-padre-eustaquio\/"},"author":{"name":"@sscc","@id":"https:\/\/www.padreeustaquio.com.br\/#\/schema\/person\/a2a51db1d00f1a7af0204a0f1ddb1566"},"headline":"Todo domingo acompanhe o programa Palavra da Salva\u00e7\u00e3o, no Canal Padre Eust\u00e1quio","datePublished":"2022-10-03T10:28:28+00:00","dateModified":"2022-10-03T10:28:30+00:00","mainEntityOfPage":{"@id":"https:\/\/www.padreeustaquio.com.br\/todo-domingo-acompanhe-o-programa-palavra-da-salvacao-no-canal-padre-eustaquio\/"},"wordCount":204,"commentCount":0,"publisher":{"@id":"https:\/\/www.padreeustaquio.com.br\/#organization"},"image":{"@id":"https:\/\/www.padreeustaquio.com.br\/todo-domingo-acompanhe-o-programa-palavra-da-salvacao-no-canal-padre-eustaquio\/#primaryimage"},"thumbnailUrl":"https:\/\/www.padreeustaquio.com.br\/wp-content\/uploads\/2022\/10\/Padre-vinicius-palavra-da-salvacao.jpeg","articleSection":["Not\u00edcias"],"inLanguage":"en-US","potentialAction":[{"@type":"CommentAction","name":"Comment","target":["https:\/\/www.padreeustaquio.com.br\/todo-domingo-acompanhe-o-programa-palavra-da-salvacao-no-canal-padre-eustaquio\/#respond"]}]},{"@type":"WebPage","@id":"https:\/\/www.padreeustaquio.com.br\/todo-domingo-acompanhe-o-programa-palavra-da-salvacao-no-canal-padre-eustaquio\/","url":"https:\/\/www.padreeustaquio.com.br\/todo-domingo-acompanhe-o-programa-palavra-da-salvacao-no-canal-padre-eustaquio\/","name":"Every Sunday, tune in to the Word of Salvation program on the Padre Eust\u00e1quio Channel.","isPartOf":{"@id":"https:\/\/www.padreeustaquio.com.br\/#website"},"primaryImageOfPage":{"@id":"https:\/\/www.padreeustaquio.com.br\/todo-domingo-acompanhe-o-programa-palavra-da-salvacao-no-canal-padre-eustaquio\/#primaryimage"},"image":{"@id":"https:\/\/www.padreeustaquio.com.br\/todo-domingo-acompanhe-o-programa-palavra-da-salvacao-no-canal-padre-eustaquio\/#primaryimage"},"thumbnailUrl":"https:\/\/www.padreeustaquio.com.br\/wp-content\/uploads\/2022\/10\/Padre-vinicius-palavra-da-salvacao.jpeg","datePublished":"2022-10-03T10:28:28+00:00","dateModified":"2022-10-03T10:28:30+00:00","description":"Every week on the Padre Eust\u00e1quio Channel, you can watch the program &quot;Word of Salvation.&quot; The show is presented by Father Vin\u00edcius Maciel, ss.cc, Rector of the Sanctuary of Health and Peace and responsible for the Cause of Canonization of Blessed Father Eust\u00e1quio in Brazil. Each week, he brings a beautiful reflection on Sunday&#039;s Gospel.","breadcrumb":{"@id":"https:\/\/www.padreeustaquio.com.br\/todo-domingo-acompanhe-o-programa-palavra-da-salvacao-no-canal-padre-eustaquio\/#breadcrumb"},"inLanguage":"en-US","potentialAction":[{"@type":"ReadAction","target":["https:\/\/www.padreeustaquio.com.br\/todo-domingo-acompanhe-o-programa-palavra-da-salvacao-no-canal-padre-eustaquio\/"]}]},{"@type":"ImageObject","inLanguage":"en-US","@id":"https:\/\/www.padreeustaquio.com.br\/todo-domingo-acompanhe-o-programa-palavra-da-salvacao-no-canal-padre-eustaquio\/#primaryimage","url":"https:\/\/www.padreeustaquio.com.br\/wp-content\/uploads\/2022\/10\/Padre-vinicius-palavra-da-salvacao.jpeg","contentUrl":"https:\/\/www.padreeustaquio.com.br\/wp-content\/uploads\/2022\/10\/Padre-vinicius-palavra-da-salvacao.jpeg","width":1280,"height":597},{"@type":"BreadcrumbList","@id":"https:\/\/www.padreeustaquio.com.br\/todo-domingo-acompanhe-o-programa-palavra-da-salvacao-no-canal-padre-eustaquio\/#breadcrumb","itemListElement":[{"@type":"ListItem","position":1,"name":"In\u00edcio","item":"https:\/\/www.padreeustaquio.com.br\/"},{"@type":"ListItem","position":2,"name":"Todo domingo acompanhe o programa Palavra da Salva\u00e7\u00e3o, no Canal Padre Eust\u00e1quio"}]},{"@type":"WebSite","@id":"https:\/\/www.padreeustaquio.com.br\/#website","url":"https:\/\/www.padreeustaquio.com.br\/","name":"FATHER EUST\u00c1QUIO","description":"Health and Peace","publisher":{"@id":"https:\/\/www.padreeustaquio.com.br\/#organization"},"potentialAction":[{"@type":"SearchAction","target":{"@type":"EntryPoint","urlTemplate":"https:\/\/www.padreeustaquio.com.br\/?s={search_term_string}"},"query-input":{"@type":"PropertyValueSpecification","valueRequired":true,"valueName":"search_term_string"}}],"inLanguage":"en-US"},{"@type":"Organization","@id":"https:\/\/www.padreeustaquio.com.br\/#organization","name":"FATHER EUST\u00c1QUIO","url":"https:\/\/www.padreeustaquio.com.br\/","logo":{"@type":"ImageObject","inLanguage":"en-US","@id":"https:\/\/www.padreeustaquio.com.br\/#\/schema\/logo\/image\/","url":"https:\/\/www.padreeustaquio.com.br\/wp-content\/uploads\/2019\/08\/marca.png","contentUrl":"https:\/\/www.padreeustaquio.com.br\/wp-content\/uploads\/2019\/08\/marca.png","width":350,"height":400,"caption":"Padre Eust\u00e1quio"},"image":{"@id":"https:\/\/www.padreeustaquio.com.br\/#\/schema\/logo\/image\/"},"sameAs":["https:\/\/www.facebook.com\/beatopadreeustaquio\/","https:\/\/x.com\/beatopeustaquio","https:\/\/www.instagram.com\/beatopadreeustaquio\/","https:\/\/www.youtube.com\/channel\/UCRhw7vfabnajwLxb1ZXMeIw"]},{"@type":"Person","@id":"https:\/\/www.padreeustaquio.com.br\/#\/schema\/person\/a2a51db1d00f1a7af0204a0f1ddb1566","name":"@sscc","image":{"@type":"ImageObject","inLanguage":"en-US","@id":"https:\/\/secure.gravatar.com\/avatar\/68cfafa5f44617fea54071e215026e0ff06be366c3d54a8425f04fdcb86f8c5f?s=96&d=mm&r=g","url":"https:\/\/secure.gravatar.com\/avatar\/68cfafa5f44617fea54071e215026e0ff06be366c3d54a8425f04fdcb86f8c5f?s=96&d=mm&r=g","contentUrl":"https:\/\/secure.gravatar.com\/avatar\/68cfafa5f44617fea54071e215026e0ff06be366c3d54a8425f04fdcb86f8c5f?s=96&d=mm&r=g","caption":"@sscc"},"url":"https:\/\/www.padreeustaquio.com.br\/en\/author\/sscc\/"}]}},"_links":{"self":[{"href":"https:\/\/www.padreeustaquio.com.br\/en\/wp-json\/wp\/v2\/posts\/9341","targetHints":{"allow":["GET"]}}],"collection":[{"href":"https:\/\/www.padreeustaquio.com.br\/en\/wp-json\/wp\/v2\/posts"}],"about":[{"href":"https:\/\/www.padreeustaquio.com.br\/en\/wp-json\/wp\/v2\/types\/post"}],"author":[{"embeddable":true,"href":"https:\/\/www.padreeustaquio.com.br\/en\/wp-json\/wp\/v2\/users\/2"}],"replies":[{"embeddable":true,"href":"https:\/\/www.padreeustaquio.com.br\/en\/wp-json\/wp\/v2\/comments?post=9341"}],"version-history":[{"count":0,"href":"https:\/\/www.padreeustaquio.com.br\/en\/wp-json\/wp\/v2\/posts\/9341\/revisions"}],"wp:featuredmedia":[{"embeddable":true,"href":"https:\/\/www.padreeustaquio.com.br\/en\/wp-json\/wp\/v2\/media\/9342"}],"wp:attachment":[{"href":"https:\/\/www.padreeustaquio.com.br\/en\/wp-json\/wp\/v2\/media?parent=9341"}],"wp:term":[{"taxonomy":"category","embeddable":true,"href":"https:\/\/www.padreeustaquio.com.br\/en\/wp-json\/wp\/v2\/categories?post=9341"},{"taxonomy":"post_tag","embeddable":true,"href":"https:\/\/www.padreeustaquio.com.br\/en\/wp-json\/wp\/v2\/tags?post=9341"}],"curies":[{"name":"wp","href":"https:\/\/api.w.org\/{rel}","templated":true}]}}