{"id":9327,"date":"2022-09-28T06:10:00","date_gmt":"2022-09-28T09:10:00","guid":{"rendered":"https:\/\/www.padreeustaquio.com.br\/?p=9327"},"modified":"2022-09-28T11:56:40","modified_gmt":"2022-09-28T14:56:40","slug":"father-eustaquio-daycare-center-holds-cultural-fair-about-professions","status":"publish","type":"post","link":"https:\/\/www.padreeustaquio.com.br\/en\/father-eustaquio-daycare-center-holds-cultural-fair-about-professions\/","title":{"rendered":"Padre Eust\u00e1quio Daycare Center Holds Cultural Fair on Professions"},"content":{"rendered":"<p>The Padre Eust\u00e1quio Daycare Center, located in the neighborhood of the same name in Belo Horizonte, held a Cultural Fair. The theme of this year&#039;s exhibition was: Professions.<\/p>\n\n\n\n<p>After a two-year hiatus from the Cultural Fair due to the pandemic, the daycare center, with the collaboration of students and families, prepared a beautiful fair showcasing different professions and their characteristics. Each classroom chose the profession they would represent and prepared models and projects illustrating the themes.<\/p>\n\n\n\n<p>In addition to the activities carried out in the classroom, the children created projects at home with the help of their families.<\/p>\n\n\n\n<p>On the day of the fair, parents and family members were invited to see the results of the projects. Families celebrated their children&#039;s progress through the activities and also enjoyed a delicious snack, in a moment of interaction between the school and the families.<\/p>\n\n\n\n<p>All the money raised from this snack will be used to maintain the Padre Eust\u00e1quio daycare center, which currently serves around 250 students in unit 01 alone.<\/p>\n\n\n\n<p>You too can be a friend of the Padre Eust\u00e1quio Daycare Center and help us maintain this beautiful work, which is a dream of the Blessed One. Make your donations via PIX 17.193.756\/0001-05 (CNPJ), or in the envelopes scattered throughout the church in the Padre Eust\u00e1quio neighborhood in Belo Horizonte.<\/p>\n\n\n\n<p><\/p>","protected":false},"excerpt":{"rendered":"<p>A Creche Padre Eust\u00e1quio, localizada no bairro de mesmo nome em Belo Horizonte, realizou uma Feira Cultural. O tema da mostra esse ano foi: Profiss\u00f5es. Depois de dois anos sem realizar a Feira Cultural por causa da pandemia, a Creche preparou, com a colabora\u00e7\u00e3o dos alunos e das fam\u00edlias, uma linda feira, mostrando diferentes profiss\u00f5es e suas caracter\u00edsticas. Cada sala escolheu o profissional que iria representar e preparou maquetes e trabalhos que ilustraram os temas. Al\u00e9m das atividades desenvolvidas dentro da sala de aula, as crian\u00e7as confeccionaram trabalhos em casa, com a ajuda da fam\u00edlia. No dia da feira, pais [&hellip;]<\/p>\n","protected":false},"author":2,"featured_media":9328,"comment_status":"open","ping_status":"closed","sticky":false,"template":"","format":"standard","meta":{"_acf_changed":false,"footnotes":""},"categories":[611],"tags":[],"class_list":["post-9327","post","type-post","status-publish","format-standard","has-post-thumbnail","hentry","category-noticias"],"acf":[],"yoast_head":"<!-- This site is optimized with the Yoast SEO plugin v27.2 - https:\/\/yoast.com\/product\/yoast-seo-wordpress\/ -->\n<title>Creche Padre Eust\u00e1quio realiza Feira Cultural sobre profiss\u00f5es<\/title>\n<meta name=\"description\" content=\"A Creche Padre Eust\u00e1quio, localizada no bairro de mesmo nome em Belo Horizonte, realizou uma Feira Cultural. O tema da mostra esse ano foi: Profiss\u00f5es.\" \/>\n<meta name=\"robots\" content=\"index, follow, max-snippet:-1, max-image-preview:large, max-video-preview:-1\" \/>\n<link rel=\"canonical\" href=\"https:\/\/www.padreeustaquio.com.br\/en\/father-eustaquio-daycare-center-holds-cultural-fair-about-professions\/\" \/>\n<meta property=\"og:locale\" content=\"en_US\" \/>\n<meta property=\"og:type\" content=\"article\" \/>\n<meta property=\"og:title\" content=\"Creche Padre Eust\u00e1quio realiza Feira Cultural sobre profiss\u00f5es\" \/>\n<meta property=\"og:description\" content=\"A Creche Padre Eust\u00e1quio, localizada no bairro de mesmo nome em Belo Horizonte, realizou uma Feira Cultural. O tema da mostra esse ano foi: Profiss\u00f5es.\" \/>\n<meta property=\"og:url\" content=\"https:\/\/www.padreeustaquio.com.br\/en\/father-eustaquio-daycare-center-holds-cultural-fair-about-professions\/\" \/>\n<meta property=\"og:site_name\" content=\"Padre Eust\u00e1quio\" \/>\n<meta property=\"article:publisher\" content=\"https:\/\/www.facebook.com\/beatopadreeustaquio\/\" \/>\n<meta property=\"article:published_time\" content=\"2022-09-28T09:10:00+00:00\" \/>\n<meta property=\"article:modified_time\" content=\"2022-09-28T14:56:40+00:00\" \/>\n<meta property=\"og:image\" content=\"https:\/\/www.padreeustaquio.com.br\/wp-content\/uploads\/2022\/09\/Feira-culutral-creche.jpeg\" \/>\n\t<meta property=\"og:image:width\" content=\"1600\" \/>\n\t<meta property=\"og:image:height\" content=\"1200\" \/>\n\t<meta property=\"og:image:type\" content=\"image\/jpeg\" \/>\n<meta name=\"author\" content=\"@sscc\" \/>\n<meta name=\"twitter:card\" content=\"summary_large_image\" \/>\n<meta name=\"twitter:image\" content=\"https:\/\/www.padreeustaquio.com.br\/wp-content\/uploads\/2022\/09\/Feira-culutral-creche.jpeg\" \/>\n<meta name=\"twitter:creator\" content=\"@beatopeustaquio\" \/>\n<meta name=\"twitter:site\" content=\"@beatopeustaquio\" \/>\n<meta name=\"twitter:label1\" content=\"Written by\" \/>\n\t<meta name=\"twitter:data1\" content=\"@sscc\" \/>\n\t<meta name=\"twitter:label2\" content=\"Est. reading time\" \/>\n\t<meta name=\"twitter:data2\" content=\"1 minute\" \/>\n<script type=\"application\/ld+json\" class=\"yoast-schema-graph\">{\"@context\":\"https:\/\/schema.org\",\"@graph\":[{\"@type\":\"Article\",\"@id\":\"https:\/\/www.padreeustaquio.com.br\/creche-padre-eustaquio-realiza-feira-cultural-sobre-profissoes\/#article\",\"isPartOf\":{\"@id\":\"https:\/\/www.padreeustaquio.com.br\/creche-padre-eustaquio-realiza-feira-cultural-sobre-profissoes\/\"},\"author\":{\"name\":\"@sscc\",\"@id\":\"https:\/\/www.padreeustaquio.com.br\/#\/schema\/person\/a2a51db1d00f1a7af0204a0f1ddb1566\"},\"headline\":\"Creche Padre Eust\u00e1quio realiza Feira Cultural sobre profiss\u00f5es\",\"datePublished\":\"2022-09-28T09:10:00+00:00\",\"dateModified\":\"2022-09-28T14:56:40+00:00\",\"mainEntityOfPage\":{\"@id\":\"https:\/\/www.padreeustaquio.com.br\/creche-padre-eustaquio-realiza-feira-cultural-sobre-profissoes\/\"},\"wordCount\":233,\"commentCount\":0,\"publisher\":{\"@id\":\"https:\/\/www.padreeustaquio.com.br\/#organization\"},\"image\":{\"@id\":\"https:\/\/www.padreeustaquio.com.br\/creche-padre-eustaquio-realiza-feira-cultural-sobre-profissoes\/#primaryimage\"},\"thumbnailUrl\":\"https:\/\/www.padreeustaquio.com.br\/wp-content\/uploads\/2022\/09\/Feira-culutral-creche.jpeg\",\"articleSection\":[\"Not\u00edcias\"],\"inLanguage\":\"en-US\",\"potentialAction\":[{\"@type\":\"CommentAction\",\"name\":\"Comment\",\"target\":[\"https:\/\/www.padreeustaquio.com.br\/creche-padre-eustaquio-realiza-feira-cultural-sobre-profissoes\/#respond\"]}]},{\"@type\":\"WebPage\",\"@id\":\"https:\/\/www.padreeustaquio.com.br\/creche-padre-eustaquio-realiza-feira-cultural-sobre-profissoes\/\",\"url\":\"https:\/\/www.padreeustaquio.com.br\/creche-padre-eustaquio-realiza-feira-cultural-sobre-profissoes\/\",\"name\":\"Creche Padre Eust\u00e1quio realiza Feira Cultural sobre profiss\u00f5es\",\"isPartOf\":{\"@id\":\"https:\/\/www.padreeustaquio.com.br\/#website\"},\"primaryImageOfPage\":{\"@id\":\"https:\/\/www.padreeustaquio.com.br\/creche-padre-eustaquio-realiza-feira-cultural-sobre-profissoes\/#primaryimage\"},\"image\":{\"@id\":\"https:\/\/www.padreeustaquio.com.br\/creche-padre-eustaquio-realiza-feira-cultural-sobre-profissoes\/#primaryimage\"},\"thumbnailUrl\":\"https:\/\/www.padreeustaquio.com.br\/wp-content\/uploads\/2022\/09\/Feira-culutral-creche.jpeg\",\"datePublished\":\"2022-09-28T09:10:00+00:00\",\"dateModified\":\"2022-09-28T14:56:40+00:00\",\"description\":\"A Creche Padre Eust\u00e1quio, localizada no bairro de mesmo nome em Belo Horizonte, realizou uma Feira Cultural. O tema da mostra esse ano foi: Profiss\u00f5es.\",\"breadcrumb\":{\"@id\":\"https:\/\/www.padreeustaquio.com.br\/creche-padre-eustaquio-realiza-feira-cultural-sobre-profissoes\/#breadcrumb\"},\"inLanguage\":\"en-US\",\"potentialAction\":[{\"@type\":\"ReadAction\",\"target\":[\"https:\/\/www.padreeustaquio.com.br\/creche-padre-eustaquio-realiza-feira-cultural-sobre-profissoes\/\"]}]},{\"@type\":\"ImageObject\",\"inLanguage\":\"en-US\",\"@id\":\"https:\/\/www.padreeustaquio.com.br\/creche-padre-eustaquio-realiza-feira-cultural-sobre-profissoes\/#primaryimage\",\"url\":\"https:\/\/www.padreeustaquio.com.br\/wp-content\/uploads\/2022\/09\/Feira-culutral-creche.jpeg\",\"contentUrl\":\"https:\/\/www.padreeustaquio.com.br\/wp-content\/uploads\/2022\/09\/Feira-culutral-creche.jpeg\",\"width\":1600,\"height\":1200},{\"@type\":\"BreadcrumbList\",\"@id\":\"https:\/\/www.padreeustaquio.com.br\/creche-padre-eustaquio-realiza-feira-cultural-sobre-profissoes\/#breadcrumb\",\"itemListElement\":[{\"@type\":\"ListItem\",\"position\":1,\"name\":\"In\u00edcio\",\"item\":\"https:\/\/www.padreeustaquio.com.br\/\"},{\"@type\":\"ListItem\",\"position\":2,\"name\":\"Creche Padre Eust\u00e1quio realiza Feira Cultural sobre profiss\u00f5es\"}]},{\"@type\":\"WebSite\",\"@id\":\"https:\/\/www.padreeustaquio.com.br\/#website\",\"url\":\"https:\/\/www.padreeustaquio.com.br\/\",\"name\":\"Padre Eust\u00e1quio\",\"description\":\"Sa\u00fade e Paz\",\"publisher\":{\"@id\":\"https:\/\/www.padreeustaquio.com.br\/#organization\"},\"potentialAction\":[{\"@type\":\"SearchAction\",\"target\":{\"@type\":\"EntryPoint\",\"urlTemplate\":\"https:\/\/www.padreeustaquio.com.br\/?s={search_term_string}\"},\"query-input\":{\"@type\":\"PropertyValueSpecification\",\"valueRequired\":true,\"valueName\":\"search_term_string\"}}],\"inLanguage\":\"en-US\"},{\"@type\":\"Organization\",\"@id\":\"https:\/\/www.padreeustaquio.com.br\/#organization\",\"name\":\"Padre Eust\u00e1quio\",\"url\":\"https:\/\/www.padreeustaquio.com.br\/\",\"logo\":{\"@type\":\"ImageObject\",\"inLanguage\":\"en-US\",\"@id\":\"https:\/\/www.padreeustaquio.com.br\/#\/schema\/logo\/image\/\",\"url\":\"https:\/\/www.padreeustaquio.com.br\/wp-content\/uploads\/2019\/08\/marca.png\",\"contentUrl\":\"https:\/\/www.padreeustaquio.com.br\/wp-content\/uploads\/2019\/08\/marca.png\",\"width\":350,\"height\":400,\"caption\":\"Padre Eust\u00e1quio\"},\"image\":{\"@id\":\"https:\/\/www.padreeustaquio.com.br\/#\/schema\/logo\/image\/\"},\"sameAs\":[\"https:\/\/www.facebook.com\/beatopadreeustaquio\/\",\"https:\/\/x.com\/beatopeustaquio\",\"https:\/\/www.instagram.com\/beatopadreeustaquio\/\",\"https:\/\/www.youtube.com\/channel\/UCRhw7vfabnajwLxb1ZXMeIw\"]},{\"@type\":\"Person\",\"@id\":\"https:\/\/www.padreeustaquio.com.br\/#\/schema\/person\/a2a51db1d00f1a7af0204a0f1ddb1566\",\"name\":\"@sscc\",\"image\":{\"@type\":\"ImageObject\",\"inLanguage\":\"en-US\",\"@id\":\"https:\/\/secure.gravatar.com\/avatar\/68cfafa5f44617fea54071e215026e0ff06be366c3d54a8425f04fdcb86f8c5f?s=96&d=mm&r=g\",\"url\":\"https:\/\/secure.gravatar.com\/avatar\/68cfafa5f44617fea54071e215026e0ff06be366c3d54a8425f04fdcb86f8c5f?s=96&d=mm&r=g\",\"contentUrl\":\"https:\/\/secure.gravatar.com\/avatar\/68cfafa5f44617fea54071e215026e0ff06be366c3d54a8425f04fdcb86f8c5f?s=96&d=mm&r=g\",\"caption\":\"@sscc\"},\"url\":\"https:\/\/www.padreeustaquio.com.br\/en\/author\/sscc\/\"}]}<\/script>\n<!-- \/ Yoast SEO plugin. -->","yoast_head_json":{"title":"Padre Eust\u00e1quio Daycare Center Holds Cultural Fair on Professions","description":"The Padre Eust\u00e1quio Daycare Center, located in the neighborhood of the same name in Belo Horizonte, held a Cultural Fair. The theme of this year&#039;s exhibition was: Professions.","robots":{"index":"index","follow":"follow","max-snippet":"max-snippet:-1","max-image-preview":"max-image-preview:large","max-video-preview":"max-video-preview:-1"},"canonical":"https:\/\/www.padreeustaquio.com.br\/en\/father-eustaquio-daycare-center-holds-cultural-fair-about-professions\/","og_locale":"en_US","og_type":"article","og_title":"Creche Padre Eust\u00e1quio realiza Feira Cultural sobre profiss\u00f5es","og_description":"A Creche Padre Eust\u00e1quio, localizada no bairro de mesmo nome em Belo Horizonte, realizou uma Feira Cultural. O tema da mostra esse ano foi: Profiss\u00f5es.","og_url":"https:\/\/www.padreeustaquio.com.br\/en\/father-eustaquio-daycare-center-holds-cultural-fair-about-professions\/","og_site_name":"Padre Eust\u00e1quio","article_publisher":"https:\/\/www.facebook.com\/beatopadreeustaquio\/","article_published_time":"2022-09-28T09:10:00+00:00","article_modified_time":"2022-09-28T14:56:40+00:00","og_image":[{"width":1600,"height":1200,"url":"https:\/\/www.padreeustaquio.com.br\/wp-content\/uploads\/2022\/09\/Feira-culutral-creche.jpeg","type":"image\/jpeg"}],"author":"@sscc","twitter_card":"summary_large_image","twitter_image":"https:\/\/www.padreeustaquio.com.br\/wp-content\/uploads\/2022\/09\/Feira-culutral-creche.jpeg","twitter_creator":"@beatopeustaquio","twitter_site":"@beatopeustaquio","twitter_misc":{"Written by":"@sscc","Est. reading time":"1 minute"},"schema":{"@context":"https:\/\/schema.org","@graph":[{"@type":"Article","@id":"https:\/\/www.padreeustaquio.com.br\/creche-padre-eustaquio-realiza-feira-cultural-sobre-profissoes\/#article","isPartOf":{"@id":"https:\/\/www.padreeustaquio.com.br\/creche-padre-eustaquio-realiza-feira-cultural-sobre-profissoes\/"},"author":{"name":"@sscc","@id":"https:\/\/www.padreeustaquio.com.br\/#\/schema\/person\/a2a51db1d00f1a7af0204a0f1ddb1566"},"headline":"Creche Padre Eust\u00e1quio realiza Feira Cultural sobre profiss\u00f5es","datePublished":"2022-09-28T09:10:00+00:00","dateModified":"2022-09-28T14:56:40+00:00","mainEntityOfPage":{"@id":"https:\/\/www.padreeustaquio.com.br\/creche-padre-eustaquio-realiza-feira-cultural-sobre-profissoes\/"},"wordCount":233,"commentCount":0,"publisher":{"@id":"https:\/\/www.padreeustaquio.com.br\/#organization"},"image":{"@id":"https:\/\/www.padreeustaquio.com.br\/creche-padre-eustaquio-realiza-feira-cultural-sobre-profissoes\/#primaryimage"},"thumbnailUrl":"https:\/\/www.padreeustaquio.com.br\/wp-content\/uploads\/2022\/09\/Feira-culutral-creche.jpeg","articleSection":["Not\u00edcias"],"inLanguage":"en-US","potentialAction":[{"@type":"CommentAction","name":"Comment","target":["https:\/\/www.padreeustaquio.com.br\/creche-padre-eustaquio-realiza-feira-cultural-sobre-profissoes\/#respond"]}]},{"@type":"WebPage","@id":"https:\/\/www.padreeustaquio.com.br\/creche-padre-eustaquio-realiza-feira-cultural-sobre-profissoes\/","url":"https:\/\/www.padreeustaquio.com.br\/creche-padre-eustaquio-realiza-feira-cultural-sobre-profissoes\/","name":"Padre Eust\u00e1quio Daycare Center Holds Cultural Fair on Professions","isPartOf":{"@id":"https:\/\/www.padreeustaquio.com.br\/#website"},"primaryImageOfPage":{"@id":"https:\/\/www.padreeustaquio.com.br\/creche-padre-eustaquio-realiza-feira-cultural-sobre-profissoes\/#primaryimage"},"image":{"@id":"https:\/\/www.padreeustaquio.com.br\/creche-padre-eustaquio-realiza-feira-cultural-sobre-profissoes\/#primaryimage"},"thumbnailUrl":"https:\/\/www.padreeustaquio.com.br\/wp-content\/uploads\/2022\/09\/Feira-culutral-creche.jpeg","datePublished":"2022-09-28T09:10:00+00:00","dateModified":"2022-09-28T14:56:40+00:00","description":"The Padre Eust\u00e1quio Daycare Center, located in the neighborhood of the same name in Belo Horizonte, held a Cultural Fair. The theme of this year&#039;s exhibition was: Professions.","breadcrumb":{"@id":"https:\/\/www.padreeustaquio.com.br\/creche-padre-eustaquio-realiza-feira-cultural-sobre-profissoes\/#breadcrumb"},"inLanguage":"en-US","potentialAction":[{"@type":"ReadAction","target":["https:\/\/www.padreeustaquio.com.br\/creche-padre-eustaquio-realiza-feira-cultural-sobre-profissoes\/"]}]},{"@type":"ImageObject","inLanguage":"en-US","@id":"https:\/\/www.padreeustaquio.com.br\/creche-padre-eustaquio-realiza-feira-cultural-sobre-profissoes\/#primaryimage","url":"https:\/\/www.padreeustaquio.com.br\/wp-content\/uploads\/2022\/09\/Feira-culutral-creche.jpeg","contentUrl":"https:\/\/www.padreeustaquio.com.br\/wp-content\/uploads\/2022\/09\/Feira-culutral-creche.jpeg","width":1600,"height":1200},{"@type":"BreadcrumbList","@id":"https:\/\/www.padreeustaquio.com.br\/creche-padre-eustaquio-realiza-feira-cultural-sobre-profissoes\/#breadcrumb","itemListElement":[{"@type":"ListItem","position":1,"name":"In\u00edcio","item":"https:\/\/www.padreeustaquio.com.br\/"},{"@type":"ListItem","position":2,"name":"Creche Padre Eust\u00e1quio realiza Feira Cultural sobre profiss\u00f5es"}]},{"@type":"WebSite","@id":"https:\/\/www.padreeustaquio.com.br\/#website","url":"https:\/\/www.padreeustaquio.com.br\/","name":"FATHER EUST\u00c1QUIO","description":"Health and Peace","publisher":{"@id":"https:\/\/www.padreeustaquio.com.br\/#organization"},"potentialAction":[{"@type":"SearchAction","target":{"@type":"EntryPoint","urlTemplate":"https:\/\/www.padreeustaquio.com.br\/?s={search_term_string}"},"query-input":{"@type":"PropertyValueSpecification","valueRequired":true,"valueName":"search_term_string"}}],"inLanguage":"en-US"},{"@type":"Organization","@id":"https:\/\/www.padreeustaquio.com.br\/#organization","name":"FATHER EUST\u00c1QUIO","url":"https:\/\/www.padreeustaquio.com.br\/","logo":{"@type":"ImageObject","inLanguage":"en-US","@id":"https:\/\/www.padreeustaquio.com.br\/#\/schema\/logo\/image\/","url":"https:\/\/www.padreeustaquio.com.br\/wp-content\/uploads\/2019\/08\/marca.png","contentUrl":"https:\/\/www.padreeustaquio.com.br\/wp-content\/uploads\/2019\/08\/marca.png","width":350,"height":400,"caption":"Padre Eust\u00e1quio"},"image":{"@id":"https:\/\/www.padreeustaquio.com.br\/#\/schema\/logo\/image\/"},"sameAs":["https:\/\/www.facebook.com\/beatopadreeustaquio\/","https:\/\/x.com\/beatopeustaquio","https:\/\/www.instagram.com\/beatopadreeustaquio\/","https:\/\/www.youtube.com\/channel\/UCRhw7vfabnajwLxb1ZXMeIw"]},{"@type":"Person","@id":"https:\/\/www.padreeustaquio.com.br\/#\/schema\/person\/a2a51db1d00f1a7af0204a0f1ddb1566","name":"@sscc","image":{"@type":"ImageObject","inLanguage":"en-US","@id":"https:\/\/secure.gravatar.com\/avatar\/68cfafa5f44617fea54071e215026e0ff06be366c3d54a8425f04fdcb86f8c5f?s=96&d=mm&r=g","url":"https:\/\/secure.gravatar.com\/avatar\/68cfafa5f44617fea54071e215026e0ff06be366c3d54a8425f04fdcb86f8c5f?s=96&d=mm&r=g","contentUrl":"https:\/\/secure.gravatar.com\/avatar\/68cfafa5f44617fea54071e215026e0ff06be366c3d54a8425f04fdcb86f8c5f?s=96&d=mm&r=g","caption":"@sscc"},"url":"https:\/\/www.padreeustaquio.com.br\/en\/author\/sscc\/"}]}},"_links":{"self":[{"href":"https:\/\/www.padreeustaquio.com.br\/en\/wp-json\/wp\/v2\/posts\/9327","targetHints":{"allow":["GET"]}}],"collection":[{"href":"https:\/\/www.padreeustaquio.com.br\/en\/wp-json\/wp\/v2\/posts"}],"about":[{"href":"https:\/\/www.padreeustaquio.com.br\/en\/wp-json\/wp\/v2\/types\/post"}],"author":[{"embeddable":true,"href":"https:\/\/www.padreeustaquio.com.br\/en\/wp-json\/wp\/v2\/users\/2"}],"replies":[{"embeddable":true,"href":"https:\/\/www.padreeustaquio.com.br\/en\/wp-json\/wp\/v2\/comments?post=9327"}],"version-history":[{"count":0,"href":"https:\/\/www.padreeustaquio.com.br\/en\/wp-json\/wp\/v2\/posts\/9327\/revisions"}],"wp:featuredmedia":[{"embeddable":true,"href":"https:\/\/www.padreeustaquio.com.br\/en\/wp-json\/wp\/v2\/media\/9328"}],"wp:attachment":[{"href":"https:\/\/www.padreeustaquio.com.br\/en\/wp-json\/wp\/v2\/media?parent=9327"}],"wp:term":[{"taxonomy":"category","embeddable":true,"href":"https:\/\/www.padreeustaquio.com.br\/en\/wp-json\/wp\/v2\/categories?post=9327"},{"taxonomy":"post_tag","embeddable":true,"href":"https:\/\/www.padreeustaquio.com.br\/en\/wp-json\/wp\/v2\/tags?post=9327"}],"curies":[{"name":"wp","href":"https:\/\/api.w.org\/{rel}","templated":true}]}}