{"id":9324,"date":"2022-09-27T08:59:30","date_gmt":"2022-09-27T11:59:30","guid":{"rendered":"https:\/\/www.padreeustaquio.com.br\/?p=9324"},"modified":"2022-09-27T08:59:31","modified_gmt":"2022-09-27T11:59:31","slug":"devotion-to-father-eustaquio-reaches-children-and-teenagers-outside-of-brazil","status":"publish","type":"post","link":"https:\/\/www.padreeustaquio.com.br\/en\/devotion-to-father-eustaquio-reaches-children-and-teenagers-outside-of-brazil\/","title":{"rendered":"Devotion to Father Eust\u00e1quio reaches children and teenagers outside of Brazil."},"content":{"rendered":"<p>Devotion to Blessed Father Eustace has reached children in Venezuela. This is because catechumens at the &quot;Santa Luc\u00eda en Rubio&quot; Parish in the city of T\u00e1chira, Venezuela, received a print with the Blessed Father&#039;s prayer.<\/p>\n\n\n\n<p>The holy card of the Blessed One was also distributed to young people participating in the 6th Latin American and Caribbean Communication Congress in Panama. Representatives from various countries received the card, including teenagers from Panama, Ecuador, and Paraguay. The distribution was carried out by devotee Erika Rodrigues, from Belo Horizonte.<\/p>\n\n\n\n<p>Would you also like to bring devotion to Blessed Father Eustace to your parish? Contact us by email at contato@padreeustaquio.com.br and find out how to receive the promotional material for the Missionary of Health and Peace.<\/p>\n\n\n\n<p><\/p>","protected":false},"excerpt":{"rendered":"<p>A devo\u00e7\u00e3o ao Beato Padre Eust\u00e1quio chegou at\u00e9 crian\u00e7as da Venezuela. Isso porque os catequizandos da Par\u00f3quia \u201cSanta Luc\u00eda en Rubio\u201d, da cidade de T\u00e1chira, na Venezuela, receberam a estampa com a ora\u00e7\u00e3o do bem-aventurado. O santinho do Beato foi distribu\u00eddo tamb\u00e9m para os jovens que participam do 6\u00b0 Congresso de Comunica\u00e7\u00e3o da Am\u00e9rica Latina e Caribe no Panam\u00e1. Representantes de diversos pa\u00edses receberam a estampa, entre eles, adolescentes do Panam\u00e1, Equador e Paraguai. A distribui\u00e7\u00e3o foi feita pela devota Erika Rodrigues, de Belo Horizonte. Voc\u00ea tamb\u00e9m quer levar a devo\u00e7\u00e3o ao Bem-aventurado Padre Eust\u00e1quio para sua par\u00f3quia? Entre em [&hellip;]<\/p>\n","protected":false},"author":2,"featured_media":9325,"comment_status":"open","ping_status":"closed","sticky":false,"template":"","format":"standard","meta":{"_acf_changed":false,"footnotes":""},"categories":[611],"tags":[],"class_list":["post-9324","post","type-post","status-publish","format-standard","has-post-thumbnail","hentry","category-noticias"],"acf":[],"yoast_head":"<!-- This site is optimized with the Yoast SEO plugin v27.2 - https:\/\/yoast.com\/product\/yoast-seo-wordpress\/ -->\n<title>Devo\u00e7\u00e3o a Padre Eust\u00e1quio chega a crian\u00e7as e adolescentes fora do Brasil<\/title>\n<meta name=\"description\" content=\"A devo\u00e7\u00e3o ao Beato Padre Eust\u00e1quio chegou at\u00e9 crian\u00e7as da Venezuela. Isso porque os catequizandos da Par\u00f3quia \u201cSanta Luc\u00eda en Rubio\u201d, da cidade de T\u00e1chira, na Venezuela, receberam a estampa com a ora\u00e7\u00e3o do bem-aventurado.\" \/>\n<meta name=\"robots\" content=\"index, follow, max-snippet:-1, max-image-preview:large, max-video-preview:-1\" \/>\n<link rel=\"canonical\" href=\"https:\/\/www.padreeustaquio.com.br\/en\/devotion-to-father-eustaquio-reaches-children-and-teenagers-outside-of-brazil\/\" \/>\n<meta property=\"og:locale\" content=\"en_US\" \/>\n<meta property=\"og:type\" content=\"article\" \/>\n<meta property=\"og:title\" content=\"Devo\u00e7\u00e3o a Padre Eust\u00e1quio chega a crian\u00e7as e adolescentes fora do Brasil\" \/>\n<meta property=\"og:description\" content=\"A devo\u00e7\u00e3o ao Beato Padre Eust\u00e1quio chegou at\u00e9 crian\u00e7as da Venezuela. Isso porque os catequizandos da Par\u00f3quia \u201cSanta Luc\u00eda en Rubio\u201d, da cidade de T\u00e1chira, na Venezuela, receberam a estampa com a ora\u00e7\u00e3o do bem-aventurado.\" \/>\n<meta property=\"og:url\" content=\"https:\/\/www.padreeustaquio.com.br\/en\/devotion-to-father-eustaquio-reaches-children-and-teenagers-outside-of-brazil\/\" \/>\n<meta property=\"og:site_name\" content=\"Padre Eust\u00e1quio\" \/>\n<meta property=\"article:publisher\" content=\"https:\/\/www.facebook.com\/beatopadreeustaquio\/\" \/>\n<meta property=\"article:published_time\" content=\"2022-09-27T11:59:30+00:00\" \/>\n<meta property=\"article:modified_time\" content=\"2022-09-27T11:59:31+00:00\" \/>\n<meta property=\"og:image\" content=\"https:\/\/www.padreeustaquio.com.br\/wp-content\/uploads\/2022\/09\/Devocao-a-Padre-Eustaquio-fora-do-pais.jpeg\" \/>\n\t<meta property=\"og:image:width\" content=\"1080\" \/>\n\t<meta property=\"og:image:height\" content=\"810\" \/>\n\t<meta property=\"og:image:type\" content=\"image\/jpeg\" \/>\n<meta name=\"author\" content=\"@sscc\" \/>\n<meta name=\"twitter:card\" content=\"summary_large_image\" \/>\n<meta name=\"twitter:image\" content=\"https:\/\/www.padreeustaquio.com.br\/wp-content\/uploads\/2022\/09\/Devocao-a-Padre-Eustaquio-fora-do-pais.jpeg\" \/>\n<meta name=\"twitter:creator\" content=\"@beatopeustaquio\" \/>\n<meta name=\"twitter:site\" content=\"@beatopeustaquio\" \/>\n<meta name=\"twitter:label1\" content=\"Written by\" \/>\n\t<meta name=\"twitter:data1\" content=\"@sscc\" \/>\n\t<meta name=\"twitter:label2\" content=\"Est. reading time\" \/>\n\t<meta name=\"twitter:data2\" content=\"1 minute\" \/>\n<script type=\"application\/ld+json\" class=\"yoast-schema-graph\">{\"@context\":\"https:\/\/schema.org\",\"@graph\":[{\"@type\":\"Article\",\"@id\":\"https:\/\/www.padreeustaquio.com.br\/devocao-a-padre-eustaquio-chega-a-criancas-e-adolescentes-fora-do-brasil\/#article\",\"isPartOf\":{\"@id\":\"https:\/\/www.padreeustaquio.com.br\/devocao-a-padre-eustaquio-chega-a-criancas-e-adolescentes-fora-do-brasil\/\"},\"author\":{\"name\":\"@sscc\",\"@id\":\"https:\/\/www.padreeustaquio.com.br\/#\/schema\/person\/a2a51db1d00f1a7af0204a0f1ddb1566\"},\"headline\":\"Devo\u00e7\u00e3o a Padre Eust\u00e1quio chega a crian\u00e7as e adolescentes fora do Brasil\",\"datePublished\":\"2022-09-27T11:59:30+00:00\",\"dateModified\":\"2022-09-27T11:59:31+00:00\",\"mainEntityOfPage\":{\"@id\":\"https:\/\/www.padreeustaquio.com.br\/devocao-a-padre-eustaquio-chega-a-criancas-e-adolescentes-fora-do-brasil\/\"},\"wordCount\":159,\"commentCount\":0,\"publisher\":{\"@id\":\"https:\/\/www.padreeustaquio.com.br\/#organization\"},\"image\":{\"@id\":\"https:\/\/www.padreeustaquio.com.br\/devocao-a-padre-eustaquio-chega-a-criancas-e-adolescentes-fora-do-brasil\/#primaryimage\"},\"thumbnailUrl\":\"https:\/\/www.padreeustaquio.com.br\/wp-content\/uploads\/2022\/09\/Devocao-a-Padre-Eustaquio-fora-do-pais.jpeg\",\"articleSection\":[\"Not\u00edcias\"],\"inLanguage\":\"en-US\",\"potentialAction\":[{\"@type\":\"CommentAction\",\"name\":\"Comment\",\"target\":[\"https:\/\/www.padreeustaquio.com.br\/devocao-a-padre-eustaquio-chega-a-criancas-e-adolescentes-fora-do-brasil\/#respond\"]}]},{\"@type\":\"WebPage\",\"@id\":\"https:\/\/www.padreeustaquio.com.br\/devocao-a-padre-eustaquio-chega-a-criancas-e-adolescentes-fora-do-brasil\/\",\"url\":\"https:\/\/www.padreeustaquio.com.br\/devocao-a-padre-eustaquio-chega-a-criancas-e-adolescentes-fora-do-brasil\/\",\"name\":\"Devo\u00e7\u00e3o a Padre Eust\u00e1quio chega a crian\u00e7as e adolescentes fora do Brasil\",\"isPartOf\":{\"@id\":\"https:\/\/www.padreeustaquio.com.br\/#website\"},\"primaryImageOfPage\":{\"@id\":\"https:\/\/www.padreeustaquio.com.br\/devocao-a-padre-eustaquio-chega-a-criancas-e-adolescentes-fora-do-brasil\/#primaryimage\"},\"image\":{\"@id\":\"https:\/\/www.padreeustaquio.com.br\/devocao-a-padre-eustaquio-chega-a-criancas-e-adolescentes-fora-do-brasil\/#primaryimage\"},\"thumbnailUrl\":\"https:\/\/www.padreeustaquio.com.br\/wp-content\/uploads\/2022\/09\/Devocao-a-Padre-Eustaquio-fora-do-pais.jpeg\",\"datePublished\":\"2022-09-27T11:59:30+00:00\",\"dateModified\":\"2022-09-27T11:59:31+00:00\",\"description\":\"A devo\u00e7\u00e3o ao Beato Padre Eust\u00e1quio chegou at\u00e9 crian\u00e7as da Venezuela. Isso porque os catequizandos da Par\u00f3quia \u201cSanta Luc\u00eda en Rubio\u201d, da cidade de T\u00e1chira, na Venezuela, receberam a estampa com a ora\u00e7\u00e3o do bem-aventurado.\",\"breadcrumb\":{\"@id\":\"https:\/\/www.padreeustaquio.com.br\/devocao-a-padre-eustaquio-chega-a-criancas-e-adolescentes-fora-do-brasil\/#breadcrumb\"},\"inLanguage\":\"en-US\",\"potentialAction\":[{\"@type\":\"ReadAction\",\"target\":[\"https:\/\/www.padreeustaquio.com.br\/devocao-a-padre-eustaquio-chega-a-criancas-e-adolescentes-fora-do-brasil\/\"]}]},{\"@type\":\"ImageObject\",\"inLanguage\":\"en-US\",\"@id\":\"https:\/\/www.padreeustaquio.com.br\/devocao-a-padre-eustaquio-chega-a-criancas-e-adolescentes-fora-do-brasil\/#primaryimage\",\"url\":\"https:\/\/www.padreeustaquio.com.br\/wp-content\/uploads\/2022\/09\/Devocao-a-Padre-Eustaquio-fora-do-pais.jpeg\",\"contentUrl\":\"https:\/\/www.padreeustaquio.com.br\/wp-content\/uploads\/2022\/09\/Devocao-a-Padre-Eustaquio-fora-do-pais.jpeg\",\"width\":1080,\"height\":810},{\"@type\":\"BreadcrumbList\",\"@id\":\"https:\/\/www.padreeustaquio.com.br\/devocao-a-padre-eustaquio-chega-a-criancas-e-adolescentes-fora-do-brasil\/#breadcrumb\",\"itemListElement\":[{\"@type\":\"ListItem\",\"position\":1,\"name\":\"In\u00edcio\",\"item\":\"https:\/\/www.padreeustaquio.com.br\/\"},{\"@type\":\"ListItem\",\"position\":2,\"name\":\"Devo\u00e7\u00e3o a Padre Eust\u00e1quio chega a crian\u00e7as e adolescentes fora do Brasil\"}]},{\"@type\":\"WebSite\",\"@id\":\"https:\/\/www.padreeustaquio.com.br\/#website\",\"url\":\"https:\/\/www.padreeustaquio.com.br\/\",\"name\":\"Padre Eust\u00e1quio\",\"description\":\"Sa\u00fade e Paz\",\"publisher\":{\"@id\":\"https:\/\/www.padreeustaquio.com.br\/#organization\"},\"potentialAction\":[{\"@type\":\"SearchAction\",\"target\":{\"@type\":\"EntryPoint\",\"urlTemplate\":\"https:\/\/www.padreeustaquio.com.br\/?s={search_term_string}\"},\"query-input\":{\"@type\":\"PropertyValueSpecification\",\"valueRequired\":true,\"valueName\":\"search_term_string\"}}],\"inLanguage\":\"en-US\"},{\"@type\":\"Organization\",\"@id\":\"https:\/\/www.padreeustaquio.com.br\/#organization\",\"name\":\"Padre Eust\u00e1quio\",\"url\":\"https:\/\/www.padreeustaquio.com.br\/\",\"logo\":{\"@type\":\"ImageObject\",\"inLanguage\":\"en-US\",\"@id\":\"https:\/\/www.padreeustaquio.com.br\/#\/schema\/logo\/image\/\",\"url\":\"https:\/\/www.padreeustaquio.com.br\/wp-content\/uploads\/2019\/08\/marca.png\",\"contentUrl\":\"https:\/\/www.padreeustaquio.com.br\/wp-content\/uploads\/2019\/08\/marca.png\",\"width\":350,\"height\":400,\"caption\":\"Padre Eust\u00e1quio\"},\"image\":{\"@id\":\"https:\/\/www.padreeustaquio.com.br\/#\/schema\/logo\/image\/\"},\"sameAs\":[\"https:\/\/www.facebook.com\/beatopadreeustaquio\/\",\"https:\/\/x.com\/beatopeustaquio\",\"https:\/\/www.instagram.com\/beatopadreeustaquio\/\",\"https:\/\/www.youtube.com\/channel\/UCRhw7vfabnajwLxb1ZXMeIw\"]},{\"@type\":\"Person\",\"@id\":\"https:\/\/www.padreeustaquio.com.br\/#\/schema\/person\/a2a51db1d00f1a7af0204a0f1ddb1566\",\"name\":\"@sscc\",\"image\":{\"@type\":\"ImageObject\",\"inLanguage\":\"en-US\",\"@id\":\"https:\/\/secure.gravatar.com\/avatar\/68cfafa5f44617fea54071e215026e0ff06be366c3d54a8425f04fdcb86f8c5f?s=96&d=mm&r=g\",\"url\":\"https:\/\/secure.gravatar.com\/avatar\/68cfafa5f44617fea54071e215026e0ff06be366c3d54a8425f04fdcb86f8c5f?s=96&d=mm&r=g\",\"contentUrl\":\"https:\/\/secure.gravatar.com\/avatar\/68cfafa5f44617fea54071e215026e0ff06be366c3d54a8425f04fdcb86f8c5f?s=96&d=mm&r=g\",\"caption\":\"@sscc\"},\"url\":\"https:\/\/www.padreeustaquio.com.br\/en\/author\/sscc\/\"}]}<\/script>\n<!-- \/ Yoast SEO plugin. -->","yoast_head_json":{"title":"Devotion to Father Eust\u00e1quio reaches children and teenagers outside of Brazil.","description":"Devotion to Blessed Father Eustace has reached children in Venezuela. This is because catechumens at the &quot;Santa Luc\u00eda en Rubio&quot; Parish in the city of T\u00e1chira, Venezuela, received a print with the Blessed Father&#039;s prayer.","robots":{"index":"index","follow":"follow","max-snippet":"max-snippet:-1","max-image-preview":"max-image-preview:large","max-video-preview":"max-video-preview:-1"},"canonical":"https:\/\/www.padreeustaquio.com.br\/en\/devotion-to-father-eustaquio-reaches-children-and-teenagers-outside-of-brazil\/","og_locale":"en_US","og_type":"article","og_title":"Devo\u00e7\u00e3o a Padre Eust\u00e1quio chega a crian\u00e7as e adolescentes fora do Brasil","og_description":"A devo\u00e7\u00e3o ao Beato Padre Eust\u00e1quio chegou at\u00e9 crian\u00e7as da Venezuela. Isso porque os catequizandos da Par\u00f3quia \u201cSanta Luc\u00eda en Rubio\u201d, da cidade de T\u00e1chira, na Venezuela, receberam a estampa com a ora\u00e7\u00e3o do bem-aventurado.","og_url":"https:\/\/www.padreeustaquio.com.br\/en\/devotion-to-father-eustaquio-reaches-children-and-teenagers-outside-of-brazil\/","og_site_name":"Padre Eust\u00e1quio","article_publisher":"https:\/\/www.facebook.com\/beatopadreeustaquio\/","article_published_time":"2022-09-27T11:59:30+00:00","article_modified_time":"2022-09-27T11:59:31+00:00","og_image":[{"width":1080,"height":810,"url":"https:\/\/www.padreeustaquio.com.br\/wp-content\/uploads\/2022\/09\/Devocao-a-Padre-Eustaquio-fora-do-pais.jpeg","type":"image\/jpeg"}],"author":"@sscc","twitter_card":"summary_large_image","twitter_image":"https:\/\/www.padreeustaquio.com.br\/wp-content\/uploads\/2022\/09\/Devocao-a-Padre-Eustaquio-fora-do-pais.jpeg","twitter_creator":"@beatopeustaquio","twitter_site":"@beatopeustaquio","twitter_misc":{"Written by":"@sscc","Est. reading time":"1 minute"},"schema":{"@context":"https:\/\/schema.org","@graph":[{"@type":"Article","@id":"https:\/\/www.padreeustaquio.com.br\/devocao-a-padre-eustaquio-chega-a-criancas-e-adolescentes-fora-do-brasil\/#article","isPartOf":{"@id":"https:\/\/www.padreeustaquio.com.br\/devocao-a-padre-eustaquio-chega-a-criancas-e-adolescentes-fora-do-brasil\/"},"author":{"name":"@sscc","@id":"https:\/\/www.padreeustaquio.com.br\/#\/schema\/person\/a2a51db1d00f1a7af0204a0f1ddb1566"},"headline":"Devo\u00e7\u00e3o a Padre Eust\u00e1quio chega a crian\u00e7as e adolescentes fora do Brasil","datePublished":"2022-09-27T11:59:30+00:00","dateModified":"2022-09-27T11:59:31+00:00","mainEntityOfPage":{"@id":"https:\/\/www.padreeustaquio.com.br\/devocao-a-padre-eustaquio-chega-a-criancas-e-adolescentes-fora-do-brasil\/"},"wordCount":159,"commentCount":0,"publisher":{"@id":"https:\/\/www.padreeustaquio.com.br\/#organization"},"image":{"@id":"https:\/\/www.padreeustaquio.com.br\/devocao-a-padre-eustaquio-chega-a-criancas-e-adolescentes-fora-do-brasil\/#primaryimage"},"thumbnailUrl":"https:\/\/www.padreeustaquio.com.br\/wp-content\/uploads\/2022\/09\/Devocao-a-Padre-Eustaquio-fora-do-pais.jpeg","articleSection":["Not\u00edcias"],"inLanguage":"en-US","potentialAction":[{"@type":"CommentAction","name":"Comment","target":["https:\/\/www.padreeustaquio.com.br\/devocao-a-padre-eustaquio-chega-a-criancas-e-adolescentes-fora-do-brasil\/#respond"]}]},{"@type":"WebPage","@id":"https:\/\/www.padreeustaquio.com.br\/devocao-a-padre-eustaquio-chega-a-criancas-e-adolescentes-fora-do-brasil\/","url":"https:\/\/www.padreeustaquio.com.br\/devocao-a-padre-eustaquio-chega-a-criancas-e-adolescentes-fora-do-brasil\/","name":"Devotion to Father Eust\u00e1quio reaches children and teenagers outside of Brazil.","isPartOf":{"@id":"https:\/\/www.padreeustaquio.com.br\/#website"},"primaryImageOfPage":{"@id":"https:\/\/www.padreeustaquio.com.br\/devocao-a-padre-eustaquio-chega-a-criancas-e-adolescentes-fora-do-brasil\/#primaryimage"},"image":{"@id":"https:\/\/www.padreeustaquio.com.br\/devocao-a-padre-eustaquio-chega-a-criancas-e-adolescentes-fora-do-brasil\/#primaryimage"},"thumbnailUrl":"https:\/\/www.padreeustaquio.com.br\/wp-content\/uploads\/2022\/09\/Devocao-a-Padre-Eustaquio-fora-do-pais.jpeg","datePublished":"2022-09-27T11:59:30+00:00","dateModified":"2022-09-27T11:59:31+00:00","description":"Devotion to Blessed Father Eustace has reached children in Venezuela. This is because catechumens at the &quot;Santa Luc\u00eda en Rubio&quot; Parish in the city of T\u00e1chira, Venezuela, received a print with the Blessed Father&#039;s prayer.","breadcrumb":{"@id":"https:\/\/www.padreeustaquio.com.br\/devocao-a-padre-eustaquio-chega-a-criancas-e-adolescentes-fora-do-brasil\/#breadcrumb"},"inLanguage":"en-US","potentialAction":[{"@type":"ReadAction","target":["https:\/\/www.padreeustaquio.com.br\/devocao-a-padre-eustaquio-chega-a-criancas-e-adolescentes-fora-do-brasil\/"]}]},{"@type":"ImageObject","inLanguage":"en-US","@id":"https:\/\/www.padreeustaquio.com.br\/devocao-a-padre-eustaquio-chega-a-criancas-e-adolescentes-fora-do-brasil\/#primaryimage","url":"https:\/\/www.padreeustaquio.com.br\/wp-content\/uploads\/2022\/09\/Devocao-a-Padre-Eustaquio-fora-do-pais.jpeg","contentUrl":"https:\/\/www.padreeustaquio.com.br\/wp-content\/uploads\/2022\/09\/Devocao-a-Padre-Eustaquio-fora-do-pais.jpeg","width":1080,"height":810},{"@type":"BreadcrumbList","@id":"https:\/\/www.padreeustaquio.com.br\/devocao-a-padre-eustaquio-chega-a-criancas-e-adolescentes-fora-do-brasil\/#breadcrumb","itemListElement":[{"@type":"ListItem","position":1,"name":"In\u00edcio","item":"https:\/\/www.padreeustaquio.com.br\/"},{"@type":"ListItem","position":2,"name":"Devo\u00e7\u00e3o a Padre Eust\u00e1quio chega a crian\u00e7as e adolescentes fora do Brasil"}]},{"@type":"WebSite","@id":"https:\/\/www.padreeustaquio.com.br\/#website","url":"https:\/\/www.padreeustaquio.com.br\/","name":"FATHER EUST\u00c1QUIO","description":"Health and Peace","publisher":{"@id":"https:\/\/www.padreeustaquio.com.br\/#organization"},"potentialAction":[{"@type":"SearchAction","target":{"@type":"EntryPoint","urlTemplate":"https:\/\/www.padreeustaquio.com.br\/?s={search_term_string}"},"query-input":{"@type":"PropertyValueSpecification","valueRequired":true,"valueName":"search_term_string"}}],"inLanguage":"en-US"},{"@type":"Organization","@id":"https:\/\/www.padreeustaquio.com.br\/#organization","name":"FATHER EUST\u00c1QUIO","url":"https:\/\/www.padreeustaquio.com.br\/","logo":{"@type":"ImageObject","inLanguage":"en-US","@id":"https:\/\/www.padreeustaquio.com.br\/#\/schema\/logo\/image\/","url":"https:\/\/www.padreeustaquio.com.br\/wp-content\/uploads\/2019\/08\/marca.png","contentUrl":"https:\/\/www.padreeustaquio.com.br\/wp-content\/uploads\/2019\/08\/marca.png","width":350,"height":400,"caption":"Padre Eust\u00e1quio"},"image":{"@id":"https:\/\/www.padreeustaquio.com.br\/#\/schema\/logo\/image\/"},"sameAs":["https:\/\/www.facebook.com\/beatopadreeustaquio\/","https:\/\/x.com\/beatopeustaquio","https:\/\/www.instagram.com\/beatopadreeustaquio\/","https:\/\/www.youtube.com\/channel\/UCRhw7vfabnajwLxb1ZXMeIw"]},{"@type":"Person","@id":"https:\/\/www.padreeustaquio.com.br\/#\/schema\/person\/a2a51db1d00f1a7af0204a0f1ddb1566","name":"@sscc","image":{"@type":"ImageObject","inLanguage":"en-US","@id":"https:\/\/secure.gravatar.com\/avatar\/68cfafa5f44617fea54071e215026e0ff06be366c3d54a8425f04fdcb86f8c5f?s=96&d=mm&r=g","url":"https:\/\/secure.gravatar.com\/avatar\/68cfafa5f44617fea54071e215026e0ff06be366c3d54a8425f04fdcb86f8c5f?s=96&d=mm&r=g","contentUrl":"https:\/\/secure.gravatar.com\/avatar\/68cfafa5f44617fea54071e215026e0ff06be366c3d54a8425f04fdcb86f8c5f?s=96&d=mm&r=g","caption":"@sscc"},"url":"https:\/\/www.padreeustaquio.com.br\/en\/author\/sscc\/"}]}},"_links":{"self":[{"href":"https:\/\/www.padreeustaquio.com.br\/en\/wp-json\/wp\/v2\/posts\/9324","targetHints":{"allow":["GET"]}}],"collection":[{"href":"https:\/\/www.padreeustaquio.com.br\/en\/wp-json\/wp\/v2\/posts"}],"about":[{"href":"https:\/\/www.padreeustaquio.com.br\/en\/wp-json\/wp\/v2\/types\/post"}],"author":[{"embeddable":true,"href":"https:\/\/www.padreeustaquio.com.br\/en\/wp-json\/wp\/v2\/users\/2"}],"replies":[{"embeddable":true,"href":"https:\/\/www.padreeustaquio.com.br\/en\/wp-json\/wp\/v2\/comments?post=9324"}],"version-history":[{"count":0,"href":"https:\/\/www.padreeustaquio.com.br\/en\/wp-json\/wp\/v2\/posts\/9324\/revisions"}],"wp:featuredmedia":[{"embeddable":true,"href":"https:\/\/www.padreeustaquio.com.br\/en\/wp-json\/wp\/v2\/media\/9325"}],"wp:attachment":[{"href":"https:\/\/www.padreeustaquio.com.br\/en\/wp-json\/wp\/v2\/media?parent=9324"}],"wp:term":[{"taxonomy":"category","embeddable":true,"href":"https:\/\/www.padreeustaquio.com.br\/en\/wp-json\/wp\/v2\/categories?post=9324"},{"taxonomy":"post_tag","embeddable":true,"href":"https:\/\/www.padreeustaquio.com.br\/en\/wp-json\/wp\/v2\/tags?post=9324"}],"curies":[{"name":"wp","href":"https:\/\/api.w.org\/{rel}","templated":true}]}}