{"id":9312,"date":"2022-09-26T06:42:00","date_gmt":"2022-09-26T09:42:00","guid":{"rendered":"https:\/\/www.padreeustaquio.com.br\/?p=9312"},"modified":"2022-09-20T07:32:30","modified_gmt":"2022-09-20T10:32:30","slug":"padre-eustaquios-channel-reaches-the-milestone-of-over-half-a-million-views","status":"publish","type":"post","link":"https:\/\/www.padreeustaquio.com.br\/en\/padre-eustaquios-channel-reaches-the-milestone-of-over-half-a-million-views\/","title":{"rendered":"Padre Eust\u00e1quio Channel reaches the milestone of over half a million views."},"content":{"rendered":"<p>With over 1,800 videos published, the Padre Eust\u00e1quio Channel reached 630,000 views this August. Through live streams and recorded videos, the channel allows users to follow daily masses celebrated at the Sanctuary of Health and Peace, as well as its own programming that brings prayer and devotion to all subscribers.<\/p>\n\n\n\n<p>The channel was created by the National Secretariat for the Cause of Canonization of Father Eust\u00e1quio and currently has over 12,400 subscribers. The page was created in 2017 but gained momentum with the Covid-19 pandemic, in March 2020, when the faithful began to follow the masses from the Church of Blessed Father Eust\u00e1quio. Today the channel has subscribers throughout Brazil and in some locations outside the country.<\/p>\n\n\n\n<p>Today, the Padre Eust\u00e1quio Channel stands out for its exclusive content, highlighting its work in bringing devotion to the Blessed Father Eust\u00e1quio to more and more people. Among the channel&#039;s productions are... <a href=\"https:\/\/www.youtube.com\/watch?v=tUMuob-9Dmg&amp;list=PL7SBzddW7Uzk1IqSF0ZcVXkFjlzGEw5TL\" target=\"_blank\" rel=\"noreferrer noopener\">Novena to the Blessed<\/a>, <a href=\"https:\/\/www.youtube.com\/watch?v=4Osiz0a2VYI&amp;list=PL7SBzddW7UznsZi_vvOubD4MtIdOF6aLj\" target=\"_blank\" rel=\"noreferrer noopener\">Lenten Retreat 2022<\/a>, <a href=\"https:\/\/www.youtube.com\/watch?v=x6bhq8mODDk&amp;list=PL7SBzddW7UzlmeaXR61f-gnc_phCBwaK-\" target=\"_blank\" rel=\"noreferrer noopener\">Novena to Saint Joseph<\/a> e <a href=\"https:\/\/www.youtube.com\/watch?v=dQixkybM_kM&amp;list=PL7SBzddW7UznJ0FuMEzp-pkKeQZNj0JhO\" target=\"_blank\" rel=\"noreferrer noopener\">Novena to Saint Damien of Molokai<\/a>. Furthermore, two major musical productions were staged:\u201c<a href=\"https:\/\/www.youtube.com\/watch?v=LzD5wiSqe_U&amp;list=PL7SBzddW7Uzl0oioQ7sjYTdBCAD8PxigE&amp;index=1\" target=\"_blank\" rel=\"noreferrer noopener\">Music and prayer: Behold the mystery of faith.<\/a>\u201d and \u201c<a href=\"https:\/\/www.youtube.com\/watch?v=4KE4r77H7q0&amp;list=PL7SBzddW7UzkSK6m8DLeceUdC1A-QMrrv\" target=\"_blank\" rel=\"noreferrer noopener\">Music and prayer: a missionary is born.<\/a>\u201d.<\/p>\n\n\n\n<p>Currently, two weekly programs are also part of the schedule. Every Thursday at 8:30 PM, <a href=\"https:\/\/www.youtube.com\/watch?v=-FqhbaOYkN8&amp;list=PL7SBzddW7UznkO3CvbeSEd4hagKCRI6XR&amp;index=6\" target=\"_blank\" rel=\"noreferrer noopener\">An eternal worshipper<\/a>, where we have the opportunity to hear sermons given by Father L\u00facio Dumont Prado, the 4th vice-postulator of the Cause. And, on Sundays, at 8:30 am, <a href=\"https:\/\/www.youtube.com\/watch?v=AWu5soHJxqw&amp;list=PL7SBzddW7Uzk8teUBjvw7M_lgqjzyAaA_\" target=\"_blank\" rel=\"noreferrer noopener\">The Gospel of the Lord<\/a>, with meditations on the Gospel of each Sunday, given by Father Vin\u00edcius Maciel, the current vice-postulator.<\/p>\n\n\n\n<p>The Padre Eust\u00e1quio Channel is maintained thanks to the help of the faithful, who make donations for the broadcast. As the expenses for the broadcasts are monthly, your help is always welcome. Make your donation via Pix (31) 99545-1943 and indicate that it is for the continuation of the Sanctuary&#039;s broadcast work. Your donation can also be made to the account:<\/p>\n\n\n\n<p><strong>Padre Eust\u00e1quio Social Action CNPJ: 17.193.756\/0001-05<br>Federal Savings Bank<br>Branch: 0089 | Operation: 013 | Savings account: 48.086-7<\/strong><\/p>\n\n\n\n<p>If you haven&#039;t subscribed to our YouTube channel yet... <a href=\"https:\/\/www.youtube.com\/c\/CanalPadreEust%C3%A1quio\" target=\"_blank\" rel=\"noreferrer noopener\">Padre Eust\u00e1quio Channel, subscribe!<\/a> And click on the bell icon to turn on notifications, so you&#039;ll always know when new content goes live.<\/p>\n\n\n\n<p><\/p>","protected":false},"excerpt":{"rendered":"<p>Com mais de 1.800 v\u00eddeos publicados o Canal Padre Eust\u00e1quio atingiu, nesse m\u00eas de agosto, a marca de 630 mil visualiza\u00e7\u00f5es. Com transmiss\u00f5es ao vivo e v\u00eddeos gravados, por meio do Canal \u00e9 poss\u00edvel acompanhar diariamente as missas celebradas no Santu\u00e1rio da Sa\u00fade e da Paz e uma programa\u00e7\u00e3o pr\u00f3pria que leva ora\u00e7\u00e3o e devo\u00e7\u00e3o a todos os inscritos. O canal foi criado pelo Secretariado Nacional para a Causa de Canoniza\u00e7\u00e3o do Padre Eust\u00e1quio e conta hoje com mais de 12.400 inscritos. A p\u00e1gina foi criada em 2017 mas ganhou for\u00e7a com a pandemia de Covid-19, em mar\u00e7o de 2020, [&hellip;]<\/p>\n","protected":false},"author":2,"featured_media":9313,"comment_status":"open","ping_status":"closed","sticky":false,"template":"","format":"standard","meta":{"_acf_changed":false,"footnotes":""},"categories":[611],"tags":[],"class_list":["post-9312","post","type-post","status-publish","format-standard","has-post-thumbnail","hentry","category-noticias"],"acf":[],"yoast_head":"<!-- This site is optimized with the Yoast SEO plugin v27.2 - https:\/\/yoast.com\/product\/yoast-seo-wordpress\/ -->\n<title>Canal Padre Eust\u00e1quio atinge a marca de mais de meio milh\u00e3o de visualiza\u00e7\u00f5es<\/title>\n<meta name=\"description\" content=\"Com mais de 1.800 v\u00eddeos publicados o Canal Padre Eust\u00e1quio atingiu, nesse m\u00eas de agosto, a marca de 630 mil visualiza\u00e7\u00f5es. Com transmiss\u00f5es ao vivo e v\u00eddeos gravados, por meio do Canal \u00e9 poss\u00edvel acompanhar diariamente as missas celebradas no Santu\u00e1rio da Sa\u00fade e da Paz e uma programa\u00e7\u00e3o pr\u00f3pria que leva ora\u00e7\u00e3o e devo\u00e7\u00e3o a todos os inscritos.\" \/>\n<meta name=\"robots\" content=\"index, follow, max-snippet:-1, max-image-preview:large, max-video-preview:-1\" \/>\n<link rel=\"canonical\" href=\"https:\/\/www.padreeustaquio.com.br\/en\/padre-eustaquios-channel-reaches-the-milestone-of-over-half-a-million-views\/\" \/>\n<meta property=\"og:locale\" content=\"en_US\" \/>\n<meta property=\"og:type\" content=\"article\" \/>\n<meta property=\"og:title\" content=\"Canal Padre Eust\u00e1quio atinge a marca de mais de meio milh\u00e3o de visualiza\u00e7\u00f5es\" \/>\n<meta property=\"og:description\" content=\"Com mais de 1.800 v\u00eddeos publicados o Canal Padre Eust\u00e1quio atingiu, nesse m\u00eas de agosto, a marca de 630 mil visualiza\u00e7\u00f5es. Com transmiss\u00f5es ao vivo e v\u00eddeos gravados, por meio do Canal \u00e9 poss\u00edvel acompanhar diariamente as missas celebradas no Santu\u00e1rio da Sa\u00fade e da Paz e uma programa\u00e7\u00e3o pr\u00f3pria que leva ora\u00e7\u00e3o e devo\u00e7\u00e3o a todos os inscritos.\" \/>\n<meta property=\"og:url\" content=\"https:\/\/www.padreeustaquio.com.br\/en\/padre-eustaquios-channel-reaches-the-milestone-of-over-half-a-million-views\/\" \/>\n<meta property=\"og:site_name\" content=\"Padre Eust\u00e1quio\" \/>\n<meta property=\"article:publisher\" content=\"https:\/\/www.facebook.com\/beatopadreeustaquio\/\" \/>\n<meta property=\"article:published_time\" content=\"2022-09-26T09:42:00+00:00\" \/>\n<meta property=\"og:image\" content=\"https:\/\/www.padreeustaquio.com.br\/wp-content\/uploads\/2022\/09\/Canal-Padre-Eustquio.jpeg\" \/>\n\t<meta property=\"og:image:width\" content=\"1280\" \/>\n\t<meta property=\"og:image:height\" content=\"960\" \/>\n\t<meta property=\"og:image:type\" content=\"image\/jpeg\" \/>\n<meta name=\"author\" content=\"@sscc\" \/>\n<meta name=\"twitter:card\" content=\"summary_large_image\" \/>\n<meta name=\"twitter:image\" content=\"https:\/\/www.padreeustaquio.com.br\/wp-content\/uploads\/2022\/09\/Canal-Padre-Eustquio.jpeg\" \/>\n<meta name=\"twitter:creator\" content=\"@beatopeustaquio\" \/>\n<meta name=\"twitter:site\" content=\"@beatopeustaquio\" \/>\n<meta name=\"twitter:label1\" content=\"Written by\" \/>\n\t<meta name=\"twitter:data1\" content=\"@sscc\" \/>\n\t<meta name=\"twitter:label2\" content=\"Est. reading time\" \/>\n\t<meta name=\"twitter:data2\" content=\"2 minutes\" \/>\n<script type=\"application\/ld+json\" class=\"yoast-schema-graph\">{\"@context\":\"https:\/\/schema.org\",\"@graph\":[{\"@type\":\"Article\",\"@id\":\"https:\/\/www.padreeustaquio.com.br\/canal-padre-eustaquio-atinge-a-marca-de-mais-de-meio-milhao-de-visualizacoes\/#article\",\"isPartOf\":{\"@id\":\"https:\/\/www.padreeustaquio.com.br\/canal-padre-eustaquio-atinge-a-marca-de-mais-de-meio-milhao-de-visualizacoes\/\"},\"author\":{\"name\":\"@sscc\",\"@id\":\"https:\/\/www.padreeustaquio.com.br\/#\/schema\/person\/a2a51db1d00f1a7af0204a0f1ddb1566\"},\"headline\":\"Canal Padre Eust\u00e1quio atinge a marca de mais de meio milh\u00e3o de visualiza\u00e7\u00f5es\",\"datePublished\":\"2022-09-26T09:42:00+00:00\",\"mainEntityOfPage\":{\"@id\":\"https:\/\/www.padreeustaquio.com.br\/canal-padre-eustaquio-atinge-a-marca-de-mais-de-meio-milhao-de-visualizacoes\/\"},\"wordCount\":431,\"commentCount\":0,\"publisher\":{\"@id\":\"https:\/\/www.padreeustaquio.com.br\/#organization\"},\"image\":{\"@id\":\"https:\/\/www.padreeustaquio.com.br\/canal-padre-eustaquio-atinge-a-marca-de-mais-de-meio-milhao-de-visualizacoes\/#primaryimage\"},\"thumbnailUrl\":\"https:\/\/www.padreeustaquio.com.br\/wp-content\/uploads\/2022\/09\/Canal-Padre-Eustquio.jpeg\",\"articleSection\":[\"Not\u00edcias\"],\"inLanguage\":\"en-US\",\"potentialAction\":[{\"@type\":\"CommentAction\",\"name\":\"Comment\",\"target\":[\"https:\/\/www.padreeustaquio.com.br\/canal-padre-eustaquio-atinge-a-marca-de-mais-de-meio-milhao-de-visualizacoes\/#respond\"]}]},{\"@type\":\"WebPage\",\"@id\":\"https:\/\/www.padreeustaquio.com.br\/canal-padre-eustaquio-atinge-a-marca-de-mais-de-meio-milhao-de-visualizacoes\/\",\"url\":\"https:\/\/www.padreeustaquio.com.br\/canal-padre-eustaquio-atinge-a-marca-de-mais-de-meio-milhao-de-visualizacoes\/\",\"name\":\"Canal Padre Eust\u00e1quio atinge a marca de mais de meio milh\u00e3o de visualiza\u00e7\u00f5es\",\"isPartOf\":{\"@id\":\"https:\/\/www.padreeustaquio.com.br\/#website\"},\"primaryImageOfPage\":{\"@id\":\"https:\/\/www.padreeustaquio.com.br\/canal-padre-eustaquio-atinge-a-marca-de-mais-de-meio-milhao-de-visualizacoes\/#primaryimage\"},\"image\":{\"@id\":\"https:\/\/www.padreeustaquio.com.br\/canal-padre-eustaquio-atinge-a-marca-de-mais-de-meio-milhao-de-visualizacoes\/#primaryimage\"},\"thumbnailUrl\":\"https:\/\/www.padreeustaquio.com.br\/wp-content\/uploads\/2022\/09\/Canal-Padre-Eustquio.jpeg\",\"datePublished\":\"2022-09-26T09:42:00+00:00\",\"description\":\"Com mais de 1.800 v\u00eddeos publicados o Canal Padre Eust\u00e1quio atingiu, nesse m\u00eas de agosto, a marca de 630 mil visualiza\u00e7\u00f5es. Com transmiss\u00f5es ao vivo e v\u00eddeos gravados, por meio do Canal \u00e9 poss\u00edvel acompanhar diariamente as missas celebradas no Santu\u00e1rio da Sa\u00fade e da Paz e uma programa\u00e7\u00e3o pr\u00f3pria que leva ora\u00e7\u00e3o e devo\u00e7\u00e3o a todos os inscritos.\",\"breadcrumb\":{\"@id\":\"https:\/\/www.padreeustaquio.com.br\/canal-padre-eustaquio-atinge-a-marca-de-mais-de-meio-milhao-de-visualizacoes\/#breadcrumb\"},\"inLanguage\":\"en-US\",\"potentialAction\":[{\"@type\":\"ReadAction\",\"target\":[\"https:\/\/www.padreeustaquio.com.br\/canal-padre-eustaquio-atinge-a-marca-de-mais-de-meio-milhao-de-visualizacoes\/\"]}]},{\"@type\":\"ImageObject\",\"inLanguage\":\"en-US\",\"@id\":\"https:\/\/www.padreeustaquio.com.br\/canal-padre-eustaquio-atinge-a-marca-de-mais-de-meio-milhao-de-visualizacoes\/#primaryimage\",\"url\":\"https:\/\/www.padreeustaquio.com.br\/wp-content\/uploads\/2022\/09\/Canal-Padre-Eustquio.jpeg\",\"contentUrl\":\"https:\/\/www.padreeustaquio.com.br\/wp-content\/uploads\/2022\/09\/Canal-Padre-Eustquio.jpeg\",\"width\":1280,\"height\":960},{\"@type\":\"BreadcrumbList\",\"@id\":\"https:\/\/www.padreeustaquio.com.br\/canal-padre-eustaquio-atinge-a-marca-de-mais-de-meio-milhao-de-visualizacoes\/#breadcrumb\",\"itemListElement\":[{\"@type\":\"ListItem\",\"position\":1,\"name\":\"In\u00edcio\",\"item\":\"https:\/\/www.padreeustaquio.com.br\/\"},{\"@type\":\"ListItem\",\"position\":2,\"name\":\"Canal Padre Eust\u00e1quio atinge a marca de mais de meio milh\u00e3o de visualiza\u00e7\u00f5es\"}]},{\"@type\":\"WebSite\",\"@id\":\"https:\/\/www.padreeustaquio.com.br\/#website\",\"url\":\"https:\/\/www.padreeustaquio.com.br\/\",\"name\":\"Padre Eust\u00e1quio\",\"description\":\"Sa\u00fade e Paz\",\"publisher\":{\"@id\":\"https:\/\/www.padreeustaquio.com.br\/#organization\"},\"potentialAction\":[{\"@type\":\"SearchAction\",\"target\":{\"@type\":\"EntryPoint\",\"urlTemplate\":\"https:\/\/www.padreeustaquio.com.br\/?s={search_term_string}\"},\"query-input\":{\"@type\":\"PropertyValueSpecification\",\"valueRequired\":true,\"valueName\":\"search_term_string\"}}],\"inLanguage\":\"en-US\"},{\"@type\":\"Organization\",\"@id\":\"https:\/\/www.padreeustaquio.com.br\/#organization\",\"name\":\"Padre Eust\u00e1quio\",\"url\":\"https:\/\/www.padreeustaquio.com.br\/\",\"logo\":{\"@type\":\"ImageObject\",\"inLanguage\":\"en-US\",\"@id\":\"https:\/\/www.padreeustaquio.com.br\/#\/schema\/logo\/image\/\",\"url\":\"https:\/\/www.padreeustaquio.com.br\/wp-content\/uploads\/2019\/08\/marca.png\",\"contentUrl\":\"https:\/\/www.padreeustaquio.com.br\/wp-content\/uploads\/2019\/08\/marca.png\",\"width\":350,\"height\":400,\"caption\":\"Padre Eust\u00e1quio\"},\"image\":{\"@id\":\"https:\/\/www.padreeustaquio.com.br\/#\/schema\/logo\/image\/\"},\"sameAs\":[\"https:\/\/www.facebook.com\/beatopadreeustaquio\/\",\"https:\/\/x.com\/beatopeustaquio\",\"https:\/\/www.instagram.com\/beatopadreeustaquio\/\",\"https:\/\/www.youtube.com\/channel\/UCRhw7vfabnajwLxb1ZXMeIw\"]},{\"@type\":\"Person\",\"@id\":\"https:\/\/www.padreeustaquio.com.br\/#\/schema\/person\/a2a51db1d00f1a7af0204a0f1ddb1566\",\"name\":\"@sscc\",\"image\":{\"@type\":\"ImageObject\",\"inLanguage\":\"en-US\",\"@id\":\"https:\/\/secure.gravatar.com\/avatar\/68cfafa5f44617fea54071e215026e0ff06be366c3d54a8425f04fdcb86f8c5f?s=96&d=mm&r=g\",\"url\":\"https:\/\/secure.gravatar.com\/avatar\/68cfafa5f44617fea54071e215026e0ff06be366c3d54a8425f04fdcb86f8c5f?s=96&d=mm&r=g\",\"contentUrl\":\"https:\/\/secure.gravatar.com\/avatar\/68cfafa5f44617fea54071e215026e0ff06be366c3d54a8425f04fdcb86f8c5f?s=96&d=mm&r=g\",\"caption\":\"@sscc\"},\"url\":\"https:\/\/www.padreeustaquio.com.br\/en\/author\/sscc\/\"}]}<\/script>\n<!-- \/ Yoast SEO plugin. -->","yoast_head_json":{"title":"Padre Eust\u00e1quio Channel reaches the milestone of over half a million views.","description":"With over 1,800 videos published, the Padre Eust\u00e1quio Channel reached 630,000 views this August. Through live streams and recorded videos, the channel allows users to follow daily masses celebrated at the Sanctuary of Health and Peace, as well as its own programming that brings prayer and devotion to all subscribers.","robots":{"index":"index","follow":"follow","max-snippet":"max-snippet:-1","max-image-preview":"max-image-preview:large","max-video-preview":"max-video-preview:-1"},"canonical":"https:\/\/www.padreeustaquio.com.br\/en\/padre-eustaquios-channel-reaches-the-milestone-of-over-half-a-million-views\/","og_locale":"en_US","og_type":"article","og_title":"Canal Padre Eust\u00e1quio atinge a marca de mais de meio milh\u00e3o de visualiza\u00e7\u00f5es","og_description":"Com mais de 1.800 v\u00eddeos publicados o Canal Padre Eust\u00e1quio atingiu, nesse m\u00eas de agosto, a marca de 630 mil visualiza\u00e7\u00f5es. Com transmiss\u00f5es ao vivo e v\u00eddeos gravados, por meio do Canal \u00e9 poss\u00edvel acompanhar diariamente as missas celebradas no Santu\u00e1rio da Sa\u00fade e da Paz e uma programa\u00e7\u00e3o pr\u00f3pria que leva ora\u00e7\u00e3o e devo\u00e7\u00e3o a todos os inscritos.","og_url":"https:\/\/www.padreeustaquio.com.br\/en\/padre-eustaquios-channel-reaches-the-milestone-of-over-half-a-million-views\/","og_site_name":"Padre Eust\u00e1quio","article_publisher":"https:\/\/www.facebook.com\/beatopadreeustaquio\/","article_published_time":"2022-09-26T09:42:00+00:00","og_image":[{"width":1280,"height":960,"url":"https:\/\/www.padreeustaquio.com.br\/wp-content\/uploads\/2022\/09\/Canal-Padre-Eustquio.jpeg","type":"image\/jpeg"}],"author":"@sscc","twitter_card":"summary_large_image","twitter_image":"https:\/\/www.padreeustaquio.com.br\/wp-content\/uploads\/2022\/09\/Canal-Padre-Eustquio.jpeg","twitter_creator":"@beatopeustaquio","twitter_site":"@beatopeustaquio","twitter_misc":{"Written by":"@sscc","Est. reading time":"2 minutes"},"schema":{"@context":"https:\/\/schema.org","@graph":[{"@type":"Article","@id":"https:\/\/www.padreeustaquio.com.br\/canal-padre-eustaquio-atinge-a-marca-de-mais-de-meio-milhao-de-visualizacoes\/#article","isPartOf":{"@id":"https:\/\/www.padreeustaquio.com.br\/canal-padre-eustaquio-atinge-a-marca-de-mais-de-meio-milhao-de-visualizacoes\/"},"author":{"name":"@sscc","@id":"https:\/\/www.padreeustaquio.com.br\/#\/schema\/person\/a2a51db1d00f1a7af0204a0f1ddb1566"},"headline":"Canal Padre Eust\u00e1quio atinge a marca de mais de meio milh\u00e3o de visualiza\u00e7\u00f5es","datePublished":"2022-09-26T09:42:00+00:00","mainEntityOfPage":{"@id":"https:\/\/www.padreeustaquio.com.br\/canal-padre-eustaquio-atinge-a-marca-de-mais-de-meio-milhao-de-visualizacoes\/"},"wordCount":431,"commentCount":0,"publisher":{"@id":"https:\/\/www.padreeustaquio.com.br\/#organization"},"image":{"@id":"https:\/\/www.padreeustaquio.com.br\/canal-padre-eustaquio-atinge-a-marca-de-mais-de-meio-milhao-de-visualizacoes\/#primaryimage"},"thumbnailUrl":"https:\/\/www.padreeustaquio.com.br\/wp-content\/uploads\/2022\/09\/Canal-Padre-Eustquio.jpeg","articleSection":["Not\u00edcias"],"inLanguage":"en-US","potentialAction":[{"@type":"CommentAction","name":"Comment","target":["https:\/\/www.padreeustaquio.com.br\/canal-padre-eustaquio-atinge-a-marca-de-mais-de-meio-milhao-de-visualizacoes\/#respond"]}]},{"@type":"WebPage","@id":"https:\/\/www.padreeustaquio.com.br\/canal-padre-eustaquio-atinge-a-marca-de-mais-de-meio-milhao-de-visualizacoes\/","url":"https:\/\/www.padreeustaquio.com.br\/canal-padre-eustaquio-atinge-a-marca-de-mais-de-meio-milhao-de-visualizacoes\/","name":"Padre Eust\u00e1quio Channel reaches the milestone of over half a million views.","isPartOf":{"@id":"https:\/\/www.padreeustaquio.com.br\/#website"},"primaryImageOfPage":{"@id":"https:\/\/www.padreeustaquio.com.br\/canal-padre-eustaquio-atinge-a-marca-de-mais-de-meio-milhao-de-visualizacoes\/#primaryimage"},"image":{"@id":"https:\/\/www.padreeustaquio.com.br\/canal-padre-eustaquio-atinge-a-marca-de-mais-de-meio-milhao-de-visualizacoes\/#primaryimage"},"thumbnailUrl":"https:\/\/www.padreeustaquio.com.br\/wp-content\/uploads\/2022\/09\/Canal-Padre-Eustquio.jpeg","datePublished":"2022-09-26T09:42:00+00:00","description":"With over 1,800 videos published, the Padre Eust\u00e1quio Channel reached 630,000 views this August. Through live streams and recorded videos, the channel allows users to follow daily masses celebrated at the Sanctuary of Health and Peace, as well as its own programming that brings prayer and devotion to all subscribers.","breadcrumb":{"@id":"https:\/\/www.padreeustaquio.com.br\/canal-padre-eustaquio-atinge-a-marca-de-mais-de-meio-milhao-de-visualizacoes\/#breadcrumb"},"inLanguage":"en-US","potentialAction":[{"@type":"ReadAction","target":["https:\/\/www.padreeustaquio.com.br\/canal-padre-eustaquio-atinge-a-marca-de-mais-de-meio-milhao-de-visualizacoes\/"]}]},{"@type":"ImageObject","inLanguage":"en-US","@id":"https:\/\/www.padreeustaquio.com.br\/canal-padre-eustaquio-atinge-a-marca-de-mais-de-meio-milhao-de-visualizacoes\/#primaryimage","url":"https:\/\/www.padreeustaquio.com.br\/wp-content\/uploads\/2022\/09\/Canal-Padre-Eustquio.jpeg","contentUrl":"https:\/\/www.padreeustaquio.com.br\/wp-content\/uploads\/2022\/09\/Canal-Padre-Eustquio.jpeg","width":1280,"height":960},{"@type":"BreadcrumbList","@id":"https:\/\/www.padreeustaquio.com.br\/canal-padre-eustaquio-atinge-a-marca-de-mais-de-meio-milhao-de-visualizacoes\/#breadcrumb","itemListElement":[{"@type":"ListItem","position":1,"name":"In\u00edcio","item":"https:\/\/www.padreeustaquio.com.br\/"},{"@type":"ListItem","position":2,"name":"Canal Padre Eust\u00e1quio atinge a marca de mais de meio milh\u00e3o de visualiza\u00e7\u00f5es"}]},{"@type":"WebSite","@id":"https:\/\/www.padreeustaquio.com.br\/#website","url":"https:\/\/www.padreeustaquio.com.br\/","name":"FATHER EUST\u00c1QUIO","description":"Health and Peace","publisher":{"@id":"https:\/\/www.padreeustaquio.com.br\/#organization"},"potentialAction":[{"@type":"SearchAction","target":{"@type":"EntryPoint","urlTemplate":"https:\/\/www.padreeustaquio.com.br\/?s={search_term_string}"},"query-input":{"@type":"PropertyValueSpecification","valueRequired":true,"valueName":"search_term_string"}}],"inLanguage":"en-US"},{"@type":"Organization","@id":"https:\/\/www.padreeustaquio.com.br\/#organization","name":"FATHER EUST\u00c1QUIO","url":"https:\/\/www.padreeustaquio.com.br\/","logo":{"@type":"ImageObject","inLanguage":"en-US","@id":"https:\/\/www.padreeustaquio.com.br\/#\/schema\/logo\/image\/","url":"https:\/\/www.padreeustaquio.com.br\/wp-content\/uploads\/2019\/08\/marca.png","contentUrl":"https:\/\/www.padreeustaquio.com.br\/wp-content\/uploads\/2019\/08\/marca.png","width":350,"height":400,"caption":"Padre Eust\u00e1quio"},"image":{"@id":"https:\/\/www.padreeustaquio.com.br\/#\/schema\/logo\/image\/"},"sameAs":["https:\/\/www.facebook.com\/beatopadreeustaquio\/","https:\/\/x.com\/beatopeustaquio","https:\/\/www.instagram.com\/beatopadreeustaquio\/","https:\/\/www.youtube.com\/channel\/UCRhw7vfabnajwLxb1ZXMeIw"]},{"@type":"Person","@id":"https:\/\/www.padreeustaquio.com.br\/#\/schema\/person\/a2a51db1d00f1a7af0204a0f1ddb1566","name":"@sscc","image":{"@type":"ImageObject","inLanguage":"en-US","@id":"https:\/\/secure.gravatar.com\/avatar\/68cfafa5f44617fea54071e215026e0ff06be366c3d54a8425f04fdcb86f8c5f?s=96&d=mm&r=g","url":"https:\/\/secure.gravatar.com\/avatar\/68cfafa5f44617fea54071e215026e0ff06be366c3d54a8425f04fdcb86f8c5f?s=96&d=mm&r=g","contentUrl":"https:\/\/secure.gravatar.com\/avatar\/68cfafa5f44617fea54071e215026e0ff06be366c3d54a8425f04fdcb86f8c5f?s=96&d=mm&r=g","caption":"@sscc"},"url":"https:\/\/www.padreeustaquio.com.br\/en\/author\/sscc\/"}]}},"_links":{"self":[{"href":"https:\/\/www.padreeustaquio.com.br\/en\/wp-json\/wp\/v2\/posts\/9312","targetHints":{"allow":["GET"]}}],"collection":[{"href":"https:\/\/www.padreeustaquio.com.br\/en\/wp-json\/wp\/v2\/posts"}],"about":[{"href":"https:\/\/www.padreeustaquio.com.br\/en\/wp-json\/wp\/v2\/types\/post"}],"author":[{"embeddable":true,"href":"https:\/\/www.padreeustaquio.com.br\/en\/wp-json\/wp\/v2\/users\/2"}],"replies":[{"embeddable":true,"href":"https:\/\/www.padreeustaquio.com.br\/en\/wp-json\/wp\/v2\/comments?post=9312"}],"version-history":[{"count":0,"href":"https:\/\/www.padreeustaquio.com.br\/en\/wp-json\/wp\/v2\/posts\/9312\/revisions"}],"wp:featuredmedia":[{"embeddable":true,"href":"https:\/\/www.padreeustaquio.com.br\/en\/wp-json\/wp\/v2\/media\/9313"}],"wp:attachment":[{"href":"https:\/\/www.padreeustaquio.com.br\/en\/wp-json\/wp\/v2\/media?parent=9312"}],"wp:term":[{"taxonomy":"category","embeddable":true,"href":"https:\/\/www.padreeustaquio.com.br\/en\/wp-json\/wp\/v2\/categories?post=9312"},{"taxonomy":"post_tag","embeddable":true,"href":"https:\/\/www.padreeustaquio.com.br\/en\/wp-json\/wp\/v2\/tags?post=9312"}],"curies":[{"name":"wp","href":"https:\/\/api.w.org\/{rel}","templated":true}]}}