{"id":9309,"date":"2022-09-22T06:25:00","date_gmt":"2022-09-22T09:25:00","guid":{"rendered":"https:\/\/www.padreeustaquio.com.br\/?p=9309"},"modified":"2022-09-19T12:33:41","modified_gmt":"2022-09-19T15:33:41","slug":"a-letter-from-father-eustaquio-about-his-period-of-exile-cataloged-in-belo-horizonte","status":"publish","type":"post","link":"https:\/\/www.padreeustaquio.com.br\/en\/a-letter-from-father-eustaquio-about-his-period-of-exile-cataloged-in-belo-horizonte\/","title":{"rendered":"A letter from Father Eust\u00e1quio about his period of exile has been cataloged in Belo Horizonte."},"content":{"rendered":"<p>Since Father Eust\u00e1quio arrived in Brazil, his fame as a missionary of health and peace grew. Wherever he went, he was sought out by thousands of people who sought his prayers for healing from illnesses. With the testimony of hundreds of graces received, the name of the blessed man reached more and more people.<\/p>\n\n\n\n<p>When he was in Po\u00e1, S\u00e3o Paulo, the small town couldn&#039;t accommodate the number of people seeking the Dutch priest. Faced with the daily increase in people, in May 1941, civil and religious authorities decided that Father Eust\u00e1quio needed to be exiled to avoid the overcrowding of those seeking him. He was sent to a farm in the city of Rio Claro\/SP, and his name was changed to Father Jos\u00e9.<\/p>\n\n\n\n<p>Father Eustace accepted the change, demonstrating obedience and humility. In a letter written by the Blessed to his superior, he recounts:<\/p>\n\n\n\n<p><em>\u201cAs for the hiding place, I believe one could not find a better one! I see no one, nor hear anything here. I hide myself as much as I can from the outside world, but if, even so, Your Reverence foresees difficulties or deems it necessary that I go abroad, do not hesitate to send me. I am not afraid to die either on land or at sea, but I wish to die as a priest. I have no attachment to anything \u2013 not even to my patients, for I can always pray for them. However, I submit myself in advance to whatever the authorities decide concerning me.\u201d<\/em><\/p>\n\n\n\n<p>But the exile was short-lived; once again, Father Eust\u00e1quio was discovered, the farm was invaded by hundreds of people, and the situation became increasingly difficult. From then on, the Blessed One lived a true pilgrimage, passing through Campinas-SP, Rio de Janeiro-RJ, and S\u00e3o Paulo-SP, until he was transferred to Patroc\u00ednio\/MG, where he arrived in October 1941.<\/p>\n\n\n\n<p><\/p>","protected":false},"excerpt":{"rendered":"<p>Desde que Padre Eust\u00e1quio chegou ao Brasil, a fama de mission\u00e1rio da sa\u00fade e da paz foi crescendo. Por onde passava ele era procurado por milhares de pessoas que buscavam suas ora\u00e7\u00f5es para cura de enfermidades. Com o testemunho de centenas de gra\u00e7as alcan\u00e7adas, o nome do bem-aventurado chegava, cada vez mais, \u00e0s pessoas. Quando esteve em Po\u00e1, S\u00e3o Paulo, a pequena cidade n\u00e3o comportava o n\u00famero de pessoas que procuravam o padre holand\u00eas. E diante do aumento di\u00e1rio de pessoas, em maio de 1941, as autoridades civis e religiosas decidiram que Padre Eust\u00e1quio precisava ser exilado, com o objetivo [&hellip;]<\/p>\n","protected":false},"author":2,"featured_media":9310,"comment_status":"open","ping_status":"closed","sticky":false,"template":"","format":"standard","meta":{"_acf_changed":false,"footnotes":""},"categories":[611],"tags":[],"class_list":["post-9309","post","type-post","status-publish","format-standard","has-post-thumbnail","hentry","category-noticias"],"acf":[],"yoast_head":"<!-- This site is optimized with the Yoast SEO plugin v27.2 - https:\/\/yoast.com\/product\/yoast-seo-wordpress\/ -->\n<title>Carta de Padre Eust\u00e1quio sobre per\u00edodo de ex\u00edlio \u00e9 catalogada em BH<\/title>\n<meta name=\"description\" content=\"Desde que Padre Eust\u00e1quio chegou ao Brasil, a fama de mission\u00e1rio da sa\u00fade e da paz foi crescendo. Por onde passava ele era procurado por milhares de pessoas que buscavam suas ora\u00e7\u00f5es para cura de enfermidades. Com o testemunho de centenas de gra\u00e7as alcan\u00e7adas, o nome do bem-aventurado chegava, cada vez mais, \u00e0s pessoas.\" \/>\n<meta name=\"robots\" content=\"index, follow, max-snippet:-1, max-image-preview:large, max-video-preview:-1\" \/>\n<link rel=\"canonical\" href=\"https:\/\/www.padreeustaquio.com.br\/en\/a-letter-from-father-eustaquio-about-his-period-of-exile-cataloged-in-belo-horizonte\/\" \/>\n<meta property=\"og:locale\" content=\"en_US\" \/>\n<meta property=\"og:type\" content=\"article\" \/>\n<meta property=\"og:title\" content=\"Carta de Padre Eust\u00e1quio sobre per\u00edodo de ex\u00edlio \u00e9 catalogada em BH\" \/>\n<meta property=\"og:description\" content=\"Desde que Padre Eust\u00e1quio chegou ao Brasil, a fama de mission\u00e1rio da sa\u00fade e da paz foi crescendo. Por onde passava ele era procurado por milhares de pessoas que buscavam suas ora\u00e7\u00f5es para cura de enfermidades. Com o testemunho de centenas de gra\u00e7as alcan\u00e7adas, o nome do bem-aventurado chegava, cada vez mais, \u00e0s pessoas.\" \/>\n<meta property=\"og:url\" content=\"https:\/\/www.padreeustaquio.com.br\/en\/a-letter-from-father-eustaquio-about-his-period-of-exile-cataloged-in-belo-horizonte\/\" \/>\n<meta property=\"og:site_name\" content=\"Padre Eust\u00e1quio\" \/>\n<meta property=\"article:publisher\" content=\"https:\/\/www.facebook.com\/beatopadreeustaquio\/\" \/>\n<meta property=\"article:published_time\" content=\"2022-09-22T09:25:00+00:00\" \/>\n<meta property=\"og:image\" content=\"https:\/\/www.padreeustaquio.com.br\/wp-content\/uploads\/2022\/09\/Padre-Eustaquio-apos-o-exilio-em-Patrocinio.jpeg\" \/>\n\t<meta property=\"og:image:width\" content=\"1280\" \/>\n\t<meta property=\"og:image:height\" content=\"863\" \/>\n\t<meta property=\"og:image:type\" content=\"image\/jpeg\" \/>\n<meta name=\"author\" content=\"@sscc\" \/>\n<meta name=\"twitter:card\" content=\"summary_large_image\" \/>\n<meta name=\"twitter:image\" content=\"https:\/\/www.padreeustaquio.com.br\/wp-content\/uploads\/2022\/09\/Padre-Eustaquio-apos-o-exilio-em-Patrocinio.jpeg\" \/>\n<meta name=\"twitter:creator\" content=\"@beatopeustaquio\" \/>\n<meta name=\"twitter:site\" content=\"@beatopeustaquio\" \/>\n<meta name=\"twitter:label1\" content=\"Written by\" \/>\n\t<meta name=\"twitter:data1\" content=\"@sscc\" \/>\n\t<meta name=\"twitter:label2\" content=\"Est. reading time\" \/>\n\t<meta name=\"twitter:data2\" content=\"2 minutes\" \/>\n<script type=\"application\/ld+json\" class=\"yoast-schema-graph\">{\"@context\":\"https:\/\/schema.org\",\"@graph\":[{\"@type\":[\"Article\",\"SocialMediaPosting\"],\"@id\":\"https:\/\/www.padreeustaquio.com.br\/carta-de-padre-eustaquio-sobre-periodo-de-exilio-e-catalogada-em-bh\/#article\",\"isPartOf\":{\"@id\":\"https:\/\/www.padreeustaquio.com.br\/carta-de-padre-eustaquio-sobre-periodo-de-exilio-e-catalogada-em-bh\/\"},\"author\":{\"name\":\"@sscc\",\"@id\":\"https:\/\/www.padreeustaquio.com.br\/#\/schema\/person\/a2a51db1d00f1a7af0204a0f1ddb1566\"},\"headline\":\"Carta de Padre Eust\u00e1quio sobre per\u00edodo de ex\u00edlio \u00e9 catalogada em BH\",\"datePublished\":\"2022-09-22T09:25:00+00:00\",\"mainEntityOfPage\":{\"@id\":\"https:\/\/www.padreeustaquio.com.br\/carta-de-padre-eustaquio-sobre-periodo-de-exilio-e-catalogada-em-bh\/\"},\"wordCount\":343,\"commentCount\":0,\"publisher\":{\"@id\":\"https:\/\/www.padreeustaquio.com.br\/#organization\"},\"image\":{\"@id\":\"https:\/\/www.padreeustaquio.com.br\/carta-de-padre-eustaquio-sobre-periodo-de-exilio-e-catalogada-em-bh\/#primaryimage\"},\"thumbnailUrl\":\"https:\/\/www.padreeustaquio.com.br\/wp-content\/uploads\/2022\/09\/Padre-Eustaquio-apos-o-exilio-em-Patrocinio.jpeg\",\"articleSection\":[\"Not\u00edcias\"],\"inLanguage\":\"en-US\",\"potentialAction\":[{\"@type\":\"CommentAction\",\"name\":\"Comment\",\"target\":[\"https:\/\/www.padreeustaquio.com.br\/carta-de-padre-eustaquio-sobre-periodo-de-exilio-e-catalogada-em-bh\/#respond\"]}]},{\"@type\":\"WebPage\",\"@id\":\"https:\/\/www.padreeustaquio.com.br\/carta-de-padre-eustaquio-sobre-periodo-de-exilio-e-catalogada-em-bh\/\",\"url\":\"https:\/\/www.padreeustaquio.com.br\/carta-de-padre-eustaquio-sobre-periodo-de-exilio-e-catalogada-em-bh\/\",\"name\":\"Carta de Padre Eust\u00e1quio sobre per\u00edodo de ex\u00edlio \u00e9 catalogada em BH\",\"isPartOf\":{\"@id\":\"https:\/\/www.padreeustaquio.com.br\/#website\"},\"primaryImageOfPage\":{\"@id\":\"https:\/\/www.padreeustaquio.com.br\/carta-de-padre-eustaquio-sobre-periodo-de-exilio-e-catalogada-em-bh\/#primaryimage\"},\"image\":{\"@id\":\"https:\/\/www.padreeustaquio.com.br\/carta-de-padre-eustaquio-sobre-periodo-de-exilio-e-catalogada-em-bh\/#primaryimage\"},\"thumbnailUrl\":\"https:\/\/www.padreeustaquio.com.br\/wp-content\/uploads\/2022\/09\/Padre-Eustaquio-apos-o-exilio-em-Patrocinio.jpeg\",\"datePublished\":\"2022-09-22T09:25:00+00:00\",\"description\":\"Desde que Padre Eust\u00e1quio chegou ao Brasil, a fama de mission\u00e1rio da sa\u00fade e da paz foi crescendo. Por onde passava ele era procurado por milhares de pessoas que buscavam suas ora\u00e7\u00f5es para cura de enfermidades. Com o testemunho de centenas de gra\u00e7as alcan\u00e7adas, o nome do bem-aventurado chegava, cada vez mais, \u00e0s pessoas.\",\"breadcrumb\":{\"@id\":\"https:\/\/www.padreeustaquio.com.br\/carta-de-padre-eustaquio-sobre-periodo-de-exilio-e-catalogada-em-bh\/#breadcrumb\"},\"inLanguage\":\"en-US\",\"potentialAction\":[{\"@type\":\"ReadAction\",\"target\":[\"https:\/\/www.padreeustaquio.com.br\/carta-de-padre-eustaquio-sobre-periodo-de-exilio-e-catalogada-em-bh\/\"]}]},{\"@type\":\"ImageObject\",\"inLanguage\":\"en-US\",\"@id\":\"https:\/\/www.padreeustaquio.com.br\/carta-de-padre-eustaquio-sobre-periodo-de-exilio-e-catalogada-em-bh\/#primaryimage\",\"url\":\"https:\/\/www.padreeustaquio.com.br\/wp-content\/uploads\/2022\/09\/Padre-Eustaquio-apos-o-exilio-em-Patrocinio.jpeg\",\"contentUrl\":\"https:\/\/www.padreeustaquio.com.br\/wp-content\/uploads\/2022\/09\/Padre-Eustaquio-apos-o-exilio-em-Patrocinio.jpeg\",\"width\":1280,\"height\":863},{\"@type\":\"BreadcrumbList\",\"@id\":\"https:\/\/www.padreeustaquio.com.br\/carta-de-padre-eustaquio-sobre-periodo-de-exilio-e-catalogada-em-bh\/#breadcrumb\",\"itemListElement\":[{\"@type\":\"ListItem\",\"position\":1,\"name\":\"In\u00edcio\",\"item\":\"https:\/\/www.padreeustaquio.com.br\/\"},{\"@type\":\"ListItem\",\"position\":2,\"name\":\"Carta de Padre Eust\u00e1quio sobre per\u00edodo de ex\u00edlio \u00e9 catalogada em BH\"}]},{\"@type\":\"WebSite\",\"@id\":\"https:\/\/www.padreeustaquio.com.br\/#website\",\"url\":\"https:\/\/www.padreeustaquio.com.br\/\",\"name\":\"Padre Eust\u00e1quio\",\"description\":\"Sa\u00fade e Paz\",\"publisher\":{\"@id\":\"https:\/\/www.padreeustaquio.com.br\/#organization\"},\"potentialAction\":[{\"@type\":\"SearchAction\",\"target\":{\"@type\":\"EntryPoint\",\"urlTemplate\":\"https:\/\/www.padreeustaquio.com.br\/?s={search_term_string}\"},\"query-input\":{\"@type\":\"PropertyValueSpecification\",\"valueRequired\":true,\"valueName\":\"search_term_string\"}}],\"inLanguage\":\"en-US\"},{\"@type\":\"Organization\",\"@id\":\"https:\/\/www.padreeustaquio.com.br\/#organization\",\"name\":\"Padre Eust\u00e1quio\",\"url\":\"https:\/\/www.padreeustaquio.com.br\/\",\"logo\":{\"@type\":\"ImageObject\",\"inLanguage\":\"en-US\",\"@id\":\"https:\/\/www.padreeustaquio.com.br\/#\/schema\/logo\/image\/\",\"url\":\"https:\/\/www.padreeustaquio.com.br\/wp-content\/uploads\/2019\/08\/marca.png\",\"contentUrl\":\"https:\/\/www.padreeustaquio.com.br\/wp-content\/uploads\/2019\/08\/marca.png\",\"width\":350,\"height\":400,\"caption\":\"Padre Eust\u00e1quio\"},\"image\":{\"@id\":\"https:\/\/www.padreeustaquio.com.br\/#\/schema\/logo\/image\/\"},\"sameAs\":[\"https:\/\/www.facebook.com\/beatopadreeustaquio\/\",\"https:\/\/x.com\/beatopeustaquio\",\"https:\/\/www.instagram.com\/beatopadreeustaquio\/\",\"https:\/\/www.youtube.com\/channel\/UCRhw7vfabnajwLxb1ZXMeIw\"]},{\"@type\":\"Person\",\"@id\":\"https:\/\/www.padreeustaquio.com.br\/#\/schema\/person\/a2a51db1d00f1a7af0204a0f1ddb1566\",\"name\":\"@sscc\",\"image\":{\"@type\":\"ImageObject\",\"inLanguage\":\"en-US\",\"@id\":\"https:\/\/secure.gravatar.com\/avatar\/68cfafa5f44617fea54071e215026e0ff06be366c3d54a8425f04fdcb86f8c5f?s=96&d=mm&r=g\",\"url\":\"https:\/\/secure.gravatar.com\/avatar\/68cfafa5f44617fea54071e215026e0ff06be366c3d54a8425f04fdcb86f8c5f?s=96&d=mm&r=g\",\"contentUrl\":\"https:\/\/secure.gravatar.com\/avatar\/68cfafa5f44617fea54071e215026e0ff06be366c3d54a8425f04fdcb86f8c5f?s=96&d=mm&r=g\",\"caption\":\"@sscc\"},\"url\":\"https:\/\/www.padreeustaquio.com.br\/en\/author\/sscc\/\"}]}<\/script>\n<!-- \/ Yoast SEO plugin. -->","yoast_head_json":{"title":"A letter from Father Eust\u00e1quio about his period of exile has been cataloged in Belo Horizonte.","description":"Since Father Eust\u00e1quio arrived in Brazil, his fame as a missionary of health and peace grew. Wherever he went, he was sought out by thousands of people who sought his prayers for healing from illnesses. With the testimony of hundreds of graces received, the name of the blessed man reached more and more people.","robots":{"index":"index","follow":"follow","max-snippet":"max-snippet:-1","max-image-preview":"max-image-preview:large","max-video-preview":"max-video-preview:-1"},"canonical":"https:\/\/www.padreeustaquio.com.br\/en\/a-letter-from-father-eustaquio-about-his-period-of-exile-cataloged-in-belo-horizonte\/","og_locale":"en_US","og_type":"article","og_title":"Carta de Padre Eust\u00e1quio sobre per\u00edodo de ex\u00edlio \u00e9 catalogada em BH","og_description":"Desde que Padre Eust\u00e1quio chegou ao Brasil, a fama de mission\u00e1rio da sa\u00fade e da paz foi crescendo. Por onde passava ele era procurado por milhares de pessoas que buscavam suas ora\u00e7\u00f5es para cura de enfermidades. Com o testemunho de centenas de gra\u00e7as alcan\u00e7adas, o nome do bem-aventurado chegava, cada vez mais, \u00e0s pessoas.","og_url":"https:\/\/www.padreeustaquio.com.br\/en\/a-letter-from-father-eustaquio-about-his-period-of-exile-cataloged-in-belo-horizonte\/","og_site_name":"Padre Eust\u00e1quio","article_publisher":"https:\/\/www.facebook.com\/beatopadreeustaquio\/","article_published_time":"2022-09-22T09:25:00+00:00","og_image":[{"width":1280,"height":863,"url":"https:\/\/www.padreeustaquio.com.br\/wp-content\/uploads\/2022\/09\/Padre-Eustaquio-apos-o-exilio-em-Patrocinio.jpeg","type":"image\/jpeg"}],"author":"@sscc","twitter_card":"summary_large_image","twitter_image":"https:\/\/www.padreeustaquio.com.br\/wp-content\/uploads\/2022\/09\/Padre-Eustaquio-apos-o-exilio-em-Patrocinio.jpeg","twitter_creator":"@beatopeustaquio","twitter_site":"@beatopeustaquio","twitter_misc":{"Written by":"@sscc","Est. reading time":"2 minutes"},"schema":{"@context":"https:\/\/schema.org","@graph":[{"@type":["Article","SocialMediaPosting"],"@id":"https:\/\/www.padreeustaquio.com.br\/carta-de-padre-eustaquio-sobre-periodo-de-exilio-e-catalogada-em-bh\/#article","isPartOf":{"@id":"https:\/\/www.padreeustaquio.com.br\/carta-de-padre-eustaquio-sobre-periodo-de-exilio-e-catalogada-em-bh\/"},"author":{"name":"@sscc","@id":"https:\/\/www.padreeustaquio.com.br\/#\/schema\/person\/a2a51db1d00f1a7af0204a0f1ddb1566"},"headline":"Carta de Padre Eust\u00e1quio sobre per\u00edodo de ex\u00edlio \u00e9 catalogada em BH","datePublished":"2022-09-22T09:25:00+00:00","mainEntityOfPage":{"@id":"https:\/\/www.padreeustaquio.com.br\/carta-de-padre-eustaquio-sobre-periodo-de-exilio-e-catalogada-em-bh\/"},"wordCount":343,"commentCount":0,"publisher":{"@id":"https:\/\/www.padreeustaquio.com.br\/#organization"},"image":{"@id":"https:\/\/www.padreeustaquio.com.br\/carta-de-padre-eustaquio-sobre-periodo-de-exilio-e-catalogada-em-bh\/#primaryimage"},"thumbnailUrl":"https:\/\/www.padreeustaquio.com.br\/wp-content\/uploads\/2022\/09\/Padre-Eustaquio-apos-o-exilio-em-Patrocinio.jpeg","articleSection":["Not\u00edcias"],"inLanguage":"en-US","potentialAction":[{"@type":"CommentAction","name":"Comment","target":["https:\/\/www.padreeustaquio.com.br\/carta-de-padre-eustaquio-sobre-periodo-de-exilio-e-catalogada-em-bh\/#respond"]}]},{"@type":"WebPage","@id":"https:\/\/www.padreeustaquio.com.br\/carta-de-padre-eustaquio-sobre-periodo-de-exilio-e-catalogada-em-bh\/","url":"https:\/\/www.padreeustaquio.com.br\/carta-de-padre-eustaquio-sobre-periodo-de-exilio-e-catalogada-em-bh\/","name":"A letter from Father Eust\u00e1quio about his period of exile has been cataloged in Belo Horizonte.","isPartOf":{"@id":"https:\/\/www.padreeustaquio.com.br\/#website"},"primaryImageOfPage":{"@id":"https:\/\/www.padreeustaquio.com.br\/carta-de-padre-eustaquio-sobre-periodo-de-exilio-e-catalogada-em-bh\/#primaryimage"},"image":{"@id":"https:\/\/www.padreeustaquio.com.br\/carta-de-padre-eustaquio-sobre-periodo-de-exilio-e-catalogada-em-bh\/#primaryimage"},"thumbnailUrl":"https:\/\/www.padreeustaquio.com.br\/wp-content\/uploads\/2022\/09\/Padre-Eustaquio-apos-o-exilio-em-Patrocinio.jpeg","datePublished":"2022-09-22T09:25:00+00:00","description":"Since Father Eust\u00e1quio arrived in Brazil, his fame as a missionary of health and peace grew. Wherever he went, he was sought out by thousands of people who sought his prayers for healing from illnesses. With the testimony of hundreds of graces received, the name of the blessed man reached more and more people.","breadcrumb":{"@id":"https:\/\/www.padreeustaquio.com.br\/carta-de-padre-eustaquio-sobre-periodo-de-exilio-e-catalogada-em-bh\/#breadcrumb"},"inLanguage":"en-US","potentialAction":[{"@type":"ReadAction","target":["https:\/\/www.padreeustaquio.com.br\/carta-de-padre-eustaquio-sobre-periodo-de-exilio-e-catalogada-em-bh\/"]}]},{"@type":"ImageObject","inLanguage":"en-US","@id":"https:\/\/www.padreeustaquio.com.br\/carta-de-padre-eustaquio-sobre-periodo-de-exilio-e-catalogada-em-bh\/#primaryimage","url":"https:\/\/www.padreeustaquio.com.br\/wp-content\/uploads\/2022\/09\/Padre-Eustaquio-apos-o-exilio-em-Patrocinio.jpeg","contentUrl":"https:\/\/www.padreeustaquio.com.br\/wp-content\/uploads\/2022\/09\/Padre-Eustaquio-apos-o-exilio-em-Patrocinio.jpeg","width":1280,"height":863},{"@type":"BreadcrumbList","@id":"https:\/\/www.padreeustaquio.com.br\/carta-de-padre-eustaquio-sobre-periodo-de-exilio-e-catalogada-em-bh\/#breadcrumb","itemListElement":[{"@type":"ListItem","position":1,"name":"In\u00edcio","item":"https:\/\/www.padreeustaquio.com.br\/"},{"@type":"ListItem","position":2,"name":"Carta de Padre Eust\u00e1quio sobre per\u00edodo de ex\u00edlio \u00e9 catalogada em BH"}]},{"@type":"WebSite","@id":"https:\/\/www.padreeustaquio.com.br\/#website","url":"https:\/\/www.padreeustaquio.com.br\/","name":"FATHER EUST\u00c1QUIO","description":"Health and Peace","publisher":{"@id":"https:\/\/www.padreeustaquio.com.br\/#organization"},"potentialAction":[{"@type":"SearchAction","target":{"@type":"EntryPoint","urlTemplate":"https:\/\/www.padreeustaquio.com.br\/?s={search_term_string}"},"query-input":{"@type":"PropertyValueSpecification","valueRequired":true,"valueName":"search_term_string"}}],"inLanguage":"en-US"},{"@type":"Organization","@id":"https:\/\/www.padreeustaquio.com.br\/#organization","name":"FATHER EUST\u00c1QUIO","url":"https:\/\/www.padreeustaquio.com.br\/","logo":{"@type":"ImageObject","inLanguage":"en-US","@id":"https:\/\/www.padreeustaquio.com.br\/#\/schema\/logo\/image\/","url":"https:\/\/www.padreeustaquio.com.br\/wp-content\/uploads\/2019\/08\/marca.png","contentUrl":"https:\/\/www.padreeustaquio.com.br\/wp-content\/uploads\/2019\/08\/marca.png","width":350,"height":400,"caption":"Padre Eust\u00e1quio"},"image":{"@id":"https:\/\/www.padreeustaquio.com.br\/#\/schema\/logo\/image\/"},"sameAs":["https:\/\/www.facebook.com\/beatopadreeustaquio\/","https:\/\/x.com\/beatopeustaquio","https:\/\/www.instagram.com\/beatopadreeustaquio\/","https:\/\/www.youtube.com\/channel\/UCRhw7vfabnajwLxb1ZXMeIw"]},{"@type":"Person","@id":"https:\/\/www.padreeustaquio.com.br\/#\/schema\/person\/a2a51db1d00f1a7af0204a0f1ddb1566","name":"@sscc","image":{"@type":"ImageObject","inLanguage":"en-US","@id":"https:\/\/secure.gravatar.com\/avatar\/68cfafa5f44617fea54071e215026e0ff06be366c3d54a8425f04fdcb86f8c5f?s=96&d=mm&r=g","url":"https:\/\/secure.gravatar.com\/avatar\/68cfafa5f44617fea54071e215026e0ff06be366c3d54a8425f04fdcb86f8c5f?s=96&d=mm&r=g","contentUrl":"https:\/\/secure.gravatar.com\/avatar\/68cfafa5f44617fea54071e215026e0ff06be366c3d54a8425f04fdcb86f8c5f?s=96&d=mm&r=g","caption":"@sscc"},"url":"https:\/\/www.padreeustaquio.com.br\/en\/author\/sscc\/"}]}},"_links":{"self":[{"href":"https:\/\/www.padreeustaquio.com.br\/en\/wp-json\/wp\/v2\/posts\/9309","targetHints":{"allow":["GET"]}}],"collection":[{"href":"https:\/\/www.padreeustaquio.com.br\/en\/wp-json\/wp\/v2\/posts"}],"about":[{"href":"https:\/\/www.padreeustaquio.com.br\/en\/wp-json\/wp\/v2\/types\/post"}],"author":[{"embeddable":true,"href":"https:\/\/www.padreeustaquio.com.br\/en\/wp-json\/wp\/v2\/users\/2"}],"replies":[{"embeddable":true,"href":"https:\/\/www.padreeustaquio.com.br\/en\/wp-json\/wp\/v2\/comments?post=9309"}],"version-history":[{"count":0,"href":"https:\/\/www.padreeustaquio.com.br\/en\/wp-json\/wp\/v2\/posts\/9309\/revisions"}],"wp:featuredmedia":[{"embeddable":true,"href":"https:\/\/www.padreeustaquio.com.br\/en\/wp-json\/wp\/v2\/media\/9310"}],"wp:attachment":[{"href":"https:\/\/www.padreeustaquio.com.br\/en\/wp-json\/wp\/v2\/media?parent=9309"}],"wp:term":[{"taxonomy":"category","embeddable":true,"href":"https:\/\/www.padreeustaquio.com.br\/en\/wp-json\/wp\/v2\/categories?post=9309"},{"taxonomy":"post_tag","embeddable":true,"href":"https:\/\/www.padreeustaquio.com.br\/en\/wp-json\/wp\/v2\/tags?post=9309"}],"curies":[{"name":"wp","href":"https:\/\/api.w.org\/{rel}","templated":true}]}}