{"id":9275,"date":"2022-09-14T07:10:00","date_gmt":"2022-09-14T10:10:00","guid":{"rendered":"https:\/\/www.padreeustaquio.com.br\/?p=9275"},"modified":"2022-09-13T14:28:17","modified_gmt":"2022-09-13T17:28:17","slug":"evaluation-and-fellowship-are-carried-out-with-volunteers-from-the-padre-eustaquio-festival","status":"publish","type":"post","link":"https:\/\/www.padreeustaquio.com.br\/en\/evaluation-and-fellowship-are-carried-out-with-volunteers-from-the-padre-eustaquio-festival\/","title":{"rendered":"Evaluation and fellowship are held with volunteers from the Padre Eust\u00e1quio Festival."},"content":{"rendered":"<p>The Sanctuary of Health and Peace, Church of Blessed Father Eustace, held a celebratory meeting with church staff and volunteers who worked on the 2022 Feast of Blessed Father Eustace and the August festivities. The objective was to take stock of the work carried out during the month, evaluating the activities and making suggestions for the coming year.<\/p>\n\n\n<div class=\"wp-block-image\">\n<figure class=\"alignleft size-medium\"><img fetchpriority=\"high\" decoding=\"async\" width=\"300\" height=\"225\" src=\"https:\/\/www.padreeustaquio.com.br\/wp-content\/uploads\/2022\/09\/Confraternizacao-voluntarios-2-300x225.jpeg\" alt=\"\" class=\"wp-image-9277\" srcset=\"https:\/\/www.padreeustaquio.com.br\/wp-content\/uploads\/2022\/09\/Confraternizacao-voluntarios-2-300x225.jpeg 300w, https:\/\/www.padreeustaquio.com.br\/wp-content\/uploads\/2022\/09\/Confraternizacao-voluntarios-2-1024x768.jpeg 1024w, https:\/\/www.padreeustaquio.com.br\/wp-content\/uploads\/2022\/09\/Confraternizacao-voluntarios-2-768x576.jpeg 768w, https:\/\/www.padreeustaquio.com.br\/wp-content\/uploads\/2022\/09\/Confraternizacao-voluntarios-2-1536x1152.jpeg 1536w, https:\/\/www.padreeustaquio.com.br\/wp-content\/uploads\/2022\/09\/Confraternizacao-voluntarios-2-180x135.jpeg 180w, https:\/\/www.padreeustaquio.com.br\/wp-content\/uploads\/2022\/09\/Confraternizacao-voluntarios-2-400x300.jpeg 400w, https:\/\/www.padreeustaquio.com.br\/wp-content\/uploads\/2022\/09\/Confraternizacao-voluntarios-2-600x450.jpeg 600w, https:\/\/www.padreeustaquio.com.br\/wp-content\/uploads\/2022\/09\/Confraternizacao-voluntarios-2-800x600.jpeg 800w, https:\/\/www.padreeustaquio.com.br\/wp-content\/uploads\/2022\/09\/Confraternizacao-voluntarios-2-1200x900.jpeg 1200w, https:\/\/www.padreeustaquio.com.br\/wp-content\/uploads\/2022\/09\/Confraternizacao-voluntarios-2.jpeg 1600w\" sizes=\"(max-width: 300px) 100vw, 300px\" \/><figcaption>Approximately 200 people attended the Community Center.<\/figcaption><\/figure>\n<\/div>\n\n\n<p>The event was held at the church&#039;s Community Center and was attended by approximately 200 people, including staff, volunteers, Eucharistic ministers, members of pastoral groups and movements, as well as members of the Congregation of the Sacred Hearts. The meeting aligns with the Parish Pastoral Plan, which was presented during the evening.<\/p>\n\n\n\n<p>The plan presents the Sacred Hearts Parish as a missionary place and invites the faithful and parishioners to live out this calling both inside and outside the church. The parish has an evangelizing mission to celebrate the liturgy, but also to promote human development and social causes.<\/p>\n\n\n\n<p>During the event, the Sanctuary&#039;s Festival team was also presented, formed for the August festivities and expected to remain active until December 2023. Following the evaluation and reflection period, participants were invited to a social gathering.<\/p>\n\n\n\n<p><\/p>","protected":false},"excerpt":{"rendered":"<p>O Santu\u00e1rio da Sa\u00fade e da Paz, Igreja do Beato Padre Eust\u00e1quio, realizou um encontro celebrativo com funcion\u00e1rios da Igreja e volunt\u00e1rios que trabalharam na Festa do Beato Padre Eust\u00e1quio 2022 e nas festividades de agosto. O objetivo foi fazer um balan\u00e7o dos trabalhos desenvolvidos durante o m\u00eas com uma avalia\u00e7\u00e3o das atividades e sugest\u00f5es para o pr\u00f3ximo ano. O evento foi realizado no Centro Comunit\u00e1rio da igreja e contou com a participa\u00e7\u00e3o de cerca de 200 pessoas, entre elas colaboradores, volunt\u00e1rios, ministros da Eucaristia, membros de pastorais e movimentos, al\u00e9m dos irm\u00e3os da Congrega\u00e7\u00e3o dos Sagrados Cora\u00e7\u00f5es. A reuni\u00e3o [&hellip;]<\/p>\n","protected":false},"author":2,"featured_media":9276,"comment_status":"open","ping_status":"closed","sticky":false,"template":"","format":"standard","meta":{"_acf_changed":false,"footnotes":""},"categories":[611],"tags":[],"class_list":["post-9275","post","type-post","status-publish","format-standard","has-post-thumbnail","hentry","category-noticias"],"acf":[],"yoast_head":"<!-- This site is optimized with the Yoast SEO plugin v27.2 - https:\/\/yoast.com\/product\/yoast-seo-wordpress\/ -->\n<title>Avalia\u00e7\u00e3o e confraterniza\u00e7\u00e3o s\u00e3o realizadas com volunt\u00e1rios da Festa de Padre Eust\u00e1quio<\/title>\n<meta name=\"description\" content=\"O Santu\u00e1rio da Sa\u00fade e da Paz, Igreja do Beato Padre Eust\u00e1quio, realizou um encontro celebrativo com funcion\u00e1rios da Igreja e volunt\u00e1rios que trabalharam na Festa do Beato Padre Eust\u00e1quio 2022 e nas festividades de agosto. O objetivo foi fazer um balan\u00e7o dos trabalhos desenvolvidos durante o m\u00eas com uma avalia\u00e7\u00e3o das atividades e sugest\u00f5es para o pr\u00f3ximo ano.\" \/>\n<meta name=\"robots\" content=\"index, follow, max-snippet:-1, max-image-preview:large, max-video-preview:-1\" \/>\n<link rel=\"canonical\" href=\"https:\/\/www.padreeustaquio.com.br\/en\/evaluation-and-fellowship-are-carried-out-with-volunteers-from-the-padre-eustaquio-festival\/\" \/>\n<meta property=\"og:locale\" content=\"en_US\" \/>\n<meta property=\"og:type\" content=\"article\" \/>\n<meta property=\"og:title\" content=\"Avalia\u00e7\u00e3o e confraterniza\u00e7\u00e3o s\u00e3o realizadas com volunt\u00e1rios da Festa de Padre Eust\u00e1quio\" \/>\n<meta property=\"og:description\" content=\"O Santu\u00e1rio da Sa\u00fade e da Paz, Igreja do Beato Padre Eust\u00e1quio, realizou um encontro celebrativo com funcion\u00e1rios da Igreja e volunt\u00e1rios que trabalharam na Festa do Beato Padre Eust\u00e1quio 2022 e nas festividades de agosto. O objetivo foi fazer um balan\u00e7o dos trabalhos desenvolvidos durante o m\u00eas com uma avalia\u00e7\u00e3o das atividades e sugest\u00f5es para o pr\u00f3ximo ano.\" \/>\n<meta property=\"og:url\" content=\"https:\/\/www.padreeustaquio.com.br\/en\/evaluation-and-fellowship-are-carried-out-with-volunteers-from-the-padre-eustaquio-festival\/\" \/>\n<meta property=\"og:site_name\" content=\"Padre Eust\u00e1quio\" \/>\n<meta property=\"article:publisher\" content=\"https:\/\/www.facebook.com\/beatopadreeustaquio\/\" \/>\n<meta property=\"article:published_time\" content=\"2022-09-14T10:10:00+00:00\" \/>\n<meta property=\"og:image\" content=\"https:\/\/www.padreeustaquio.com.br\/wp-content\/uploads\/2022\/09\/Confraternizacao-Voluntario-e1663089755711.jpeg\" \/>\n\t<meta property=\"og:image:width\" content=\"1600\" \/>\n\t<meta property=\"og:image:height\" content=\"840\" \/>\n\t<meta property=\"og:image:type\" content=\"image\/jpeg\" \/>\n<meta name=\"author\" content=\"@sscc\" \/>\n<meta name=\"twitter:card\" content=\"summary_large_image\" \/>\n<meta name=\"twitter:creator\" content=\"@beatopeustaquio\" \/>\n<meta name=\"twitter:site\" content=\"@beatopeustaquio\" \/>\n<meta name=\"twitter:label1\" content=\"Written by\" \/>\n\t<meta name=\"twitter:data1\" content=\"@sscc\" \/>\n\t<meta name=\"twitter:label2\" content=\"Est. reading time\" \/>\n\t<meta name=\"twitter:data2\" content=\"2 minutes\" \/>\n<script type=\"application\/ld+json\" class=\"yoast-schema-graph\">{\"@context\":\"https:\/\/schema.org\",\"@graph\":[{\"@type\":\"Article\",\"@id\":\"https:\/\/www.padreeustaquio.com.br\/avaliacao-e-confraternizacao-sao-realizadas-com-voluntarios-da-festa-de-padre-eustaquio\/#article\",\"isPartOf\":{\"@id\":\"https:\/\/www.padreeustaquio.com.br\/avaliacao-e-confraternizacao-sao-realizadas-com-voluntarios-da-festa-de-padre-eustaquio\/\"},\"author\":{\"name\":\"@sscc\",\"@id\":\"https:\/\/www.padreeustaquio.com.br\/#\/schema\/person\/a2a51db1d00f1a7af0204a0f1ddb1566\"},\"headline\":\"Avalia\u00e7\u00e3o e confraterniza\u00e7\u00e3o s\u00e3o realizadas com volunt\u00e1rios da Festa de Padre Eust\u00e1quio\",\"datePublished\":\"2022-09-14T10:10:00+00:00\",\"mainEntityOfPage\":{\"@id\":\"https:\/\/www.padreeustaquio.com.br\/avaliacao-e-confraternizacao-sao-realizadas-com-voluntarios-da-festa-de-padre-eustaquio\/\"},\"wordCount\":259,\"commentCount\":0,\"publisher\":{\"@id\":\"https:\/\/www.padreeustaquio.com.br\/#organization\"},\"image\":{\"@id\":\"https:\/\/www.padreeustaquio.com.br\/avaliacao-e-confraternizacao-sao-realizadas-com-voluntarios-da-festa-de-padre-eustaquio\/#primaryimage\"},\"thumbnailUrl\":\"https:\/\/www.padreeustaquio.com.br\/wp-content\/uploads\/2022\/09\/Confraternizacao-Voluntario-e1663089755711.jpeg\",\"articleSection\":[\"Not\u00edcias\"],\"inLanguage\":\"en-US\",\"potentialAction\":[{\"@type\":\"CommentAction\",\"name\":\"Comment\",\"target\":[\"https:\/\/www.padreeustaquio.com.br\/avaliacao-e-confraternizacao-sao-realizadas-com-voluntarios-da-festa-de-padre-eustaquio\/#respond\"]}]},{\"@type\":\"WebPage\",\"@id\":\"https:\/\/www.padreeustaquio.com.br\/avaliacao-e-confraternizacao-sao-realizadas-com-voluntarios-da-festa-de-padre-eustaquio\/\",\"url\":\"https:\/\/www.padreeustaquio.com.br\/avaliacao-e-confraternizacao-sao-realizadas-com-voluntarios-da-festa-de-padre-eustaquio\/\",\"name\":\"Avalia\u00e7\u00e3o e confraterniza\u00e7\u00e3o s\u00e3o realizadas com volunt\u00e1rios da Festa de Padre Eust\u00e1quio\",\"isPartOf\":{\"@id\":\"https:\/\/www.padreeustaquio.com.br\/#website\"},\"primaryImageOfPage\":{\"@id\":\"https:\/\/www.padreeustaquio.com.br\/avaliacao-e-confraternizacao-sao-realizadas-com-voluntarios-da-festa-de-padre-eustaquio\/#primaryimage\"},\"image\":{\"@id\":\"https:\/\/www.padreeustaquio.com.br\/avaliacao-e-confraternizacao-sao-realizadas-com-voluntarios-da-festa-de-padre-eustaquio\/#primaryimage\"},\"thumbnailUrl\":\"https:\/\/www.padreeustaquio.com.br\/wp-content\/uploads\/2022\/09\/Confraternizacao-Voluntario-e1663089755711.jpeg\",\"datePublished\":\"2022-09-14T10:10:00+00:00\",\"description\":\"O Santu\u00e1rio da Sa\u00fade e da Paz, Igreja do Beato Padre Eust\u00e1quio, realizou um encontro celebrativo com funcion\u00e1rios da Igreja e volunt\u00e1rios que trabalharam na Festa do Beato Padre Eust\u00e1quio 2022 e nas festividades de agosto. O objetivo foi fazer um balan\u00e7o dos trabalhos desenvolvidos durante o m\u00eas com uma avalia\u00e7\u00e3o das atividades e sugest\u00f5es para o pr\u00f3ximo ano.\",\"breadcrumb\":{\"@id\":\"https:\/\/www.padreeustaquio.com.br\/avaliacao-e-confraternizacao-sao-realizadas-com-voluntarios-da-festa-de-padre-eustaquio\/#breadcrumb\"},\"inLanguage\":\"en-US\",\"potentialAction\":[{\"@type\":\"ReadAction\",\"target\":[\"https:\/\/www.padreeustaquio.com.br\/avaliacao-e-confraternizacao-sao-realizadas-com-voluntarios-da-festa-de-padre-eustaquio\/\"]}]},{\"@type\":\"ImageObject\",\"inLanguage\":\"en-US\",\"@id\":\"https:\/\/www.padreeustaquio.com.br\/avaliacao-e-confraternizacao-sao-realizadas-com-voluntarios-da-festa-de-padre-eustaquio\/#primaryimage\",\"url\":\"https:\/\/www.padreeustaquio.com.br\/wp-content\/uploads\/2022\/09\/Confraternizacao-Voluntario-e1663089755711.jpeg\",\"contentUrl\":\"https:\/\/www.padreeustaquio.com.br\/wp-content\/uploads\/2022\/09\/Confraternizacao-Voluntario-e1663089755711.jpeg\",\"width\":1600,\"height\":840},{\"@type\":\"BreadcrumbList\",\"@id\":\"https:\/\/www.padreeustaquio.com.br\/avaliacao-e-confraternizacao-sao-realizadas-com-voluntarios-da-festa-de-padre-eustaquio\/#breadcrumb\",\"itemListElement\":[{\"@type\":\"ListItem\",\"position\":1,\"name\":\"In\u00edcio\",\"item\":\"https:\/\/www.padreeustaquio.com.br\/\"},{\"@type\":\"ListItem\",\"position\":2,\"name\":\"Avalia\u00e7\u00e3o e confraterniza\u00e7\u00e3o s\u00e3o realizadas com volunt\u00e1rios da Festa de Padre Eust\u00e1quio\"}]},{\"@type\":\"WebSite\",\"@id\":\"https:\/\/www.padreeustaquio.com.br\/#website\",\"url\":\"https:\/\/www.padreeustaquio.com.br\/\",\"name\":\"Padre Eust\u00e1quio\",\"description\":\"Sa\u00fade e Paz\",\"publisher\":{\"@id\":\"https:\/\/www.padreeustaquio.com.br\/#organization\"},\"potentialAction\":[{\"@type\":\"SearchAction\",\"target\":{\"@type\":\"EntryPoint\",\"urlTemplate\":\"https:\/\/www.padreeustaquio.com.br\/?s={search_term_string}\"},\"query-input\":{\"@type\":\"PropertyValueSpecification\",\"valueRequired\":true,\"valueName\":\"search_term_string\"}}],\"inLanguage\":\"en-US\"},{\"@type\":\"Organization\",\"@id\":\"https:\/\/www.padreeustaquio.com.br\/#organization\",\"name\":\"Padre Eust\u00e1quio\",\"url\":\"https:\/\/www.padreeustaquio.com.br\/\",\"logo\":{\"@type\":\"ImageObject\",\"inLanguage\":\"en-US\",\"@id\":\"https:\/\/www.padreeustaquio.com.br\/#\/schema\/logo\/image\/\",\"url\":\"https:\/\/www.padreeustaquio.com.br\/wp-content\/uploads\/2019\/08\/marca.png\",\"contentUrl\":\"https:\/\/www.padreeustaquio.com.br\/wp-content\/uploads\/2019\/08\/marca.png\",\"width\":350,\"height\":400,\"caption\":\"Padre Eust\u00e1quio\"},\"image\":{\"@id\":\"https:\/\/www.padreeustaquio.com.br\/#\/schema\/logo\/image\/\"},\"sameAs\":[\"https:\/\/www.facebook.com\/beatopadreeustaquio\/\",\"https:\/\/x.com\/beatopeustaquio\",\"https:\/\/www.instagram.com\/beatopadreeustaquio\/\",\"https:\/\/www.youtube.com\/channel\/UCRhw7vfabnajwLxb1ZXMeIw\"]},{\"@type\":\"Person\",\"@id\":\"https:\/\/www.padreeustaquio.com.br\/#\/schema\/person\/a2a51db1d00f1a7af0204a0f1ddb1566\",\"name\":\"@sscc\",\"image\":{\"@type\":\"ImageObject\",\"inLanguage\":\"en-US\",\"@id\":\"https:\/\/secure.gravatar.com\/avatar\/68cfafa5f44617fea54071e215026e0ff06be366c3d54a8425f04fdcb86f8c5f?s=96&d=mm&r=g\",\"url\":\"https:\/\/secure.gravatar.com\/avatar\/68cfafa5f44617fea54071e215026e0ff06be366c3d54a8425f04fdcb86f8c5f?s=96&d=mm&r=g\",\"contentUrl\":\"https:\/\/secure.gravatar.com\/avatar\/68cfafa5f44617fea54071e215026e0ff06be366c3d54a8425f04fdcb86f8c5f?s=96&d=mm&r=g\",\"caption\":\"@sscc\"},\"url\":\"https:\/\/www.padreeustaquio.com.br\/en\/author\/sscc\/\"}]}<\/script>\n<!-- \/ Yoast SEO plugin. -->","yoast_head_json":{"title":"Evaluation and fellowship are held with volunteers from the Padre Eust\u00e1quio Festival.","description":"The Sanctuary of Health and Peace, Church of Blessed Father Eustace, held a celebratory meeting with church staff and volunteers who worked on the 2022 Feast of Blessed Father Eustace and the August festivities. The objective was to take stock of the work carried out during the month, evaluating the activities and making suggestions for the coming year.","robots":{"index":"index","follow":"follow","max-snippet":"max-snippet:-1","max-image-preview":"max-image-preview:large","max-video-preview":"max-video-preview:-1"},"canonical":"https:\/\/www.padreeustaquio.com.br\/en\/evaluation-and-fellowship-are-carried-out-with-volunteers-from-the-padre-eustaquio-festival\/","og_locale":"en_US","og_type":"article","og_title":"Avalia\u00e7\u00e3o e confraterniza\u00e7\u00e3o s\u00e3o realizadas com volunt\u00e1rios da Festa de Padre Eust\u00e1quio","og_description":"O Santu\u00e1rio da Sa\u00fade e da Paz, Igreja do Beato Padre Eust\u00e1quio, realizou um encontro celebrativo com funcion\u00e1rios da Igreja e volunt\u00e1rios que trabalharam na Festa do Beato Padre Eust\u00e1quio 2022 e nas festividades de agosto. O objetivo foi fazer um balan\u00e7o dos trabalhos desenvolvidos durante o m\u00eas com uma avalia\u00e7\u00e3o das atividades e sugest\u00f5es para o pr\u00f3ximo ano.","og_url":"https:\/\/www.padreeustaquio.com.br\/en\/evaluation-and-fellowship-are-carried-out-with-volunteers-from-the-padre-eustaquio-festival\/","og_site_name":"Padre Eust\u00e1quio","article_publisher":"https:\/\/www.facebook.com\/beatopadreeustaquio\/","article_published_time":"2022-09-14T10:10:00+00:00","og_image":[{"width":1600,"height":840,"url":"https:\/\/www.padreeustaquio.com.br\/wp-content\/uploads\/2022\/09\/Confraternizacao-Voluntario-e1663089755711.jpeg","type":"image\/jpeg"}],"author":"@sscc","twitter_card":"summary_large_image","twitter_creator":"@beatopeustaquio","twitter_site":"@beatopeustaquio","twitter_misc":{"Written by":"@sscc","Est. reading time":"2 minutes"},"schema":{"@context":"https:\/\/schema.org","@graph":[{"@type":"Article","@id":"https:\/\/www.padreeustaquio.com.br\/avaliacao-e-confraternizacao-sao-realizadas-com-voluntarios-da-festa-de-padre-eustaquio\/#article","isPartOf":{"@id":"https:\/\/www.padreeustaquio.com.br\/avaliacao-e-confraternizacao-sao-realizadas-com-voluntarios-da-festa-de-padre-eustaquio\/"},"author":{"name":"@sscc","@id":"https:\/\/www.padreeustaquio.com.br\/#\/schema\/person\/a2a51db1d00f1a7af0204a0f1ddb1566"},"headline":"Avalia\u00e7\u00e3o e confraterniza\u00e7\u00e3o s\u00e3o realizadas com volunt\u00e1rios da Festa de Padre Eust\u00e1quio","datePublished":"2022-09-14T10:10:00+00:00","mainEntityOfPage":{"@id":"https:\/\/www.padreeustaquio.com.br\/avaliacao-e-confraternizacao-sao-realizadas-com-voluntarios-da-festa-de-padre-eustaquio\/"},"wordCount":259,"commentCount":0,"publisher":{"@id":"https:\/\/www.padreeustaquio.com.br\/#organization"},"image":{"@id":"https:\/\/www.padreeustaquio.com.br\/avaliacao-e-confraternizacao-sao-realizadas-com-voluntarios-da-festa-de-padre-eustaquio\/#primaryimage"},"thumbnailUrl":"https:\/\/www.padreeustaquio.com.br\/wp-content\/uploads\/2022\/09\/Confraternizacao-Voluntario-e1663089755711.jpeg","articleSection":["Not\u00edcias"],"inLanguage":"en-US","potentialAction":[{"@type":"CommentAction","name":"Comment","target":["https:\/\/www.padreeustaquio.com.br\/avaliacao-e-confraternizacao-sao-realizadas-com-voluntarios-da-festa-de-padre-eustaquio\/#respond"]}]},{"@type":"WebPage","@id":"https:\/\/www.padreeustaquio.com.br\/avaliacao-e-confraternizacao-sao-realizadas-com-voluntarios-da-festa-de-padre-eustaquio\/","url":"https:\/\/www.padreeustaquio.com.br\/avaliacao-e-confraternizacao-sao-realizadas-com-voluntarios-da-festa-de-padre-eustaquio\/","name":"Evaluation and fellowship are held with volunteers from the Padre Eust\u00e1quio Festival.","isPartOf":{"@id":"https:\/\/www.padreeustaquio.com.br\/#website"},"primaryImageOfPage":{"@id":"https:\/\/www.padreeustaquio.com.br\/avaliacao-e-confraternizacao-sao-realizadas-com-voluntarios-da-festa-de-padre-eustaquio\/#primaryimage"},"image":{"@id":"https:\/\/www.padreeustaquio.com.br\/avaliacao-e-confraternizacao-sao-realizadas-com-voluntarios-da-festa-de-padre-eustaquio\/#primaryimage"},"thumbnailUrl":"https:\/\/www.padreeustaquio.com.br\/wp-content\/uploads\/2022\/09\/Confraternizacao-Voluntario-e1663089755711.jpeg","datePublished":"2022-09-14T10:10:00+00:00","description":"The Sanctuary of Health and Peace, Church of Blessed Father Eustace, held a celebratory meeting with church staff and volunteers who worked on the 2022 Feast of Blessed Father Eustace and the August festivities. The objective was to take stock of the work carried out during the month, evaluating the activities and making suggestions for the coming year.","breadcrumb":{"@id":"https:\/\/www.padreeustaquio.com.br\/avaliacao-e-confraternizacao-sao-realizadas-com-voluntarios-da-festa-de-padre-eustaquio\/#breadcrumb"},"inLanguage":"en-US","potentialAction":[{"@type":"ReadAction","target":["https:\/\/www.padreeustaquio.com.br\/avaliacao-e-confraternizacao-sao-realizadas-com-voluntarios-da-festa-de-padre-eustaquio\/"]}]},{"@type":"ImageObject","inLanguage":"en-US","@id":"https:\/\/www.padreeustaquio.com.br\/avaliacao-e-confraternizacao-sao-realizadas-com-voluntarios-da-festa-de-padre-eustaquio\/#primaryimage","url":"https:\/\/www.padreeustaquio.com.br\/wp-content\/uploads\/2022\/09\/Confraternizacao-Voluntario-e1663089755711.jpeg","contentUrl":"https:\/\/www.padreeustaquio.com.br\/wp-content\/uploads\/2022\/09\/Confraternizacao-Voluntario-e1663089755711.jpeg","width":1600,"height":840},{"@type":"BreadcrumbList","@id":"https:\/\/www.padreeustaquio.com.br\/avaliacao-e-confraternizacao-sao-realizadas-com-voluntarios-da-festa-de-padre-eustaquio\/#breadcrumb","itemListElement":[{"@type":"ListItem","position":1,"name":"In\u00edcio","item":"https:\/\/www.padreeustaquio.com.br\/"},{"@type":"ListItem","position":2,"name":"Avalia\u00e7\u00e3o e confraterniza\u00e7\u00e3o s\u00e3o realizadas com volunt\u00e1rios da Festa de Padre Eust\u00e1quio"}]},{"@type":"WebSite","@id":"https:\/\/www.padreeustaquio.com.br\/#website","url":"https:\/\/www.padreeustaquio.com.br\/","name":"FATHER EUST\u00c1QUIO","description":"Health and Peace","publisher":{"@id":"https:\/\/www.padreeustaquio.com.br\/#organization"},"potentialAction":[{"@type":"SearchAction","target":{"@type":"EntryPoint","urlTemplate":"https:\/\/www.padreeustaquio.com.br\/?s={search_term_string}"},"query-input":{"@type":"PropertyValueSpecification","valueRequired":true,"valueName":"search_term_string"}}],"inLanguage":"en-US"},{"@type":"Organization","@id":"https:\/\/www.padreeustaquio.com.br\/#organization","name":"FATHER EUST\u00c1QUIO","url":"https:\/\/www.padreeustaquio.com.br\/","logo":{"@type":"ImageObject","inLanguage":"en-US","@id":"https:\/\/www.padreeustaquio.com.br\/#\/schema\/logo\/image\/","url":"https:\/\/www.padreeustaquio.com.br\/wp-content\/uploads\/2019\/08\/marca.png","contentUrl":"https:\/\/www.padreeustaquio.com.br\/wp-content\/uploads\/2019\/08\/marca.png","width":350,"height":400,"caption":"Padre Eust\u00e1quio"},"image":{"@id":"https:\/\/www.padreeustaquio.com.br\/#\/schema\/logo\/image\/"},"sameAs":["https:\/\/www.facebook.com\/beatopadreeustaquio\/","https:\/\/x.com\/beatopeustaquio","https:\/\/www.instagram.com\/beatopadreeustaquio\/","https:\/\/www.youtube.com\/channel\/UCRhw7vfabnajwLxb1ZXMeIw"]},{"@type":"Person","@id":"https:\/\/www.padreeustaquio.com.br\/#\/schema\/person\/a2a51db1d00f1a7af0204a0f1ddb1566","name":"@sscc","image":{"@type":"ImageObject","inLanguage":"en-US","@id":"https:\/\/secure.gravatar.com\/avatar\/68cfafa5f44617fea54071e215026e0ff06be366c3d54a8425f04fdcb86f8c5f?s=96&d=mm&r=g","url":"https:\/\/secure.gravatar.com\/avatar\/68cfafa5f44617fea54071e215026e0ff06be366c3d54a8425f04fdcb86f8c5f?s=96&d=mm&r=g","contentUrl":"https:\/\/secure.gravatar.com\/avatar\/68cfafa5f44617fea54071e215026e0ff06be366c3d54a8425f04fdcb86f8c5f?s=96&d=mm&r=g","caption":"@sscc"},"url":"https:\/\/www.padreeustaquio.com.br\/en\/author\/sscc\/"}]}},"_links":{"self":[{"href":"https:\/\/www.padreeustaquio.com.br\/en\/wp-json\/wp\/v2\/posts\/9275","targetHints":{"allow":["GET"]}}],"collection":[{"href":"https:\/\/www.padreeustaquio.com.br\/en\/wp-json\/wp\/v2\/posts"}],"about":[{"href":"https:\/\/www.padreeustaquio.com.br\/en\/wp-json\/wp\/v2\/types\/post"}],"author":[{"embeddable":true,"href":"https:\/\/www.padreeustaquio.com.br\/en\/wp-json\/wp\/v2\/users\/2"}],"replies":[{"embeddable":true,"href":"https:\/\/www.padreeustaquio.com.br\/en\/wp-json\/wp\/v2\/comments?post=9275"}],"version-history":[{"count":0,"href":"https:\/\/www.padreeustaquio.com.br\/en\/wp-json\/wp\/v2\/posts\/9275\/revisions"}],"wp:featuredmedia":[{"embeddable":true,"href":"https:\/\/www.padreeustaquio.com.br\/en\/wp-json\/wp\/v2\/media\/9276"}],"wp:attachment":[{"href":"https:\/\/www.padreeustaquio.com.br\/en\/wp-json\/wp\/v2\/media?parent=9275"}],"wp:term":[{"taxonomy":"category","embeddable":true,"href":"https:\/\/www.padreeustaquio.com.br\/en\/wp-json\/wp\/v2\/categories?post=9275"},{"taxonomy":"post_tag","embeddable":true,"href":"https:\/\/www.padreeustaquio.com.br\/en\/wp-json\/wp\/v2\/tags?post=9275"}],"curies":[{"name":"wp","href":"https:\/\/api.w.org\/{rel}","templated":true}]}}