{"id":9255,"date":"2022-09-06T07:42:00","date_gmt":"2022-09-06T10:42:00","guid":{"rendered":"https:\/\/www.padreeustaquio.com.br\/?p=9255"},"modified":"2022-09-06T07:39:47","modified_gmt":"2022-09-06T10:39:47","slug":"children-from-catechism-classes-put-on-an-exhibition-during-the-father-eustace-festival","status":"publish","type":"post","link":"https:\/\/www.padreeustaquio.com.br\/en\/children-from-catechism-classes-put-on-an-exhibition-during-the-father-eustace-festival\/","title":{"rendered":"Children from Catechism classes present an exhibition about the life of Father Eust\u00e1quio."},"content":{"rendered":"<p>On August 30th, during the celebrations of the liturgical day of Blessed Father Eustace, the children and teenagers belonging to the catechism classes of the Archdiocesan Sanctuary of Health and Peace set up an exhibition about the life of the Blessed Father at the Church&#039;s Community Center. The exhibition is the result of work developed during classes with the catechists.<\/p>\n\n\n<div class=\"wp-block-image\">\n<figure class=\"alignleft size-medium\"><img fetchpriority=\"high\" decoding=\"async\" width=\"300\" height=\"225\" src=\"https:\/\/www.padreeustaquio.com.br\/wp-content\/uploads\/2022\/09\/Exposicao-01-300x225.jpeg\" alt=\"\" class=\"wp-image-9258\" srcset=\"https:\/\/www.padreeustaquio.com.br\/wp-content\/uploads\/2022\/09\/Exposicao-01-300x225.jpeg 300w, https:\/\/www.padreeustaquio.com.br\/wp-content\/uploads\/2022\/09\/Exposicao-01-1024x768.jpeg 1024w, https:\/\/www.padreeustaquio.com.br\/wp-content\/uploads\/2022\/09\/Exposicao-01-768x576.jpeg 768w, https:\/\/www.padreeustaquio.com.br\/wp-content\/uploads\/2022\/09\/Exposicao-01-180x135.jpeg 180w, https:\/\/www.padreeustaquio.com.br\/wp-content\/uploads\/2022\/09\/Exposicao-01-400x300.jpeg 400w, https:\/\/www.padreeustaquio.com.br\/wp-content\/uploads\/2022\/09\/Exposicao-01-600x450.jpeg 600w, https:\/\/www.padreeustaquio.com.br\/wp-content\/uploads\/2022\/09\/Exposicao-01-800x600.jpeg 800w, https:\/\/www.padreeustaquio.com.br\/wp-content\/uploads\/2022\/09\/Exposicao-01-1200x900.jpeg 1200w, https:\/\/www.padreeustaquio.com.br\/wp-content\/uploads\/2022\/09\/Exposicao-01.jpeg 1280w\" sizes=\"(max-width: 300px) 100vw, 300px\" \/><\/figure>\n<\/div>\n\n\n<p>Several posters with drawings and cutouts about the life and mission of Father Eust\u00e1quio decorate the Community Center. The works belong to the hundreds of children who are preparing to make their first communion at Father Eust\u00e1quio&#039;s Church.<\/p>\n\n\n\n<p>The first posters tell the story of Father Eust\u00e1quio&#039;s family, who was born in the Netherlands. Using cutouts and text, the children spoke about his vocation and the early missionary work he carried out. Next, it&#039;s possible to see the Blessed&#039;s journey through each city where he dedicated a profound apostolate. The exhibition also portrays the beatification at the Mineir\u00e3o stadium and the various accounts of graces received through the intercession of Father Eust\u00e1quio.<\/p>\n\n\n<div class=\"wp-block-image\">\n<figure class=\"alignright size-medium\"><img decoding=\"async\" width=\"300\" height=\"225\" src=\"https:\/\/www.padreeustaquio.com.br\/wp-content\/uploads\/2022\/09\/Exposicao-02-300x225.jpeg\" alt=\"\" class=\"wp-image-9259\" srcset=\"https:\/\/www.padreeustaquio.com.br\/wp-content\/uploads\/2022\/09\/Exposicao-02-300x225.jpeg 300w, https:\/\/www.padreeustaquio.com.br\/wp-content\/uploads\/2022\/09\/Exposicao-02-1024x768.jpeg 1024w, https:\/\/www.padreeustaquio.com.br\/wp-content\/uploads\/2022\/09\/Exposicao-02-768x576.jpeg 768w, https:\/\/www.padreeustaquio.com.br\/wp-content\/uploads\/2022\/09\/Exposicao-02-180x135.jpeg 180w, https:\/\/www.padreeustaquio.com.br\/wp-content\/uploads\/2022\/09\/Exposicao-02-400x300.jpeg 400w, https:\/\/www.padreeustaquio.com.br\/wp-content\/uploads\/2022\/09\/Exposicao-02-600x450.jpeg 600w, https:\/\/www.padreeustaquio.com.br\/wp-content\/uploads\/2022\/09\/Exposicao-02-800x600.jpeg 800w, https:\/\/www.padreeustaquio.com.br\/wp-content\/uploads\/2022\/09\/Exposicao-02-1200x900.jpeg 1200w, https:\/\/www.padreeustaquio.com.br\/wp-content\/uploads\/2022\/09\/Exposicao-02.jpeg 1280w\" sizes=\"(max-width: 300px) 100vw, 300px\" \/><\/figure>\n<\/div>\n\n\n<p>The exhibition was one of the opportunities found for children to learn about the life of the Blessed and understand the importance of Father Eustace to the neighborhood, city, country, and the Church throughout the world.<\/p>\n\n\n\n<p>The works remain on display at the Community Center so that people who did not have the opportunity to visit on August 30th can see the exhibition and also learn more about the history and mission of the Blessed One, a missionary of Health and Peace. The Sacred Hearts Community Center, attached to the church, is open every day from 7 am to 8 pm, and no appointment or payment is required for a visit. <\/p>\n\n\n\n<p><\/p>","protected":false},"excerpt":{"rendered":"<p>No dia 30 de agosto, durante as comemora\u00e7\u00f5es do dia lit\u00fargico do Beato Padre Eust\u00e1quio, as crian\u00e7as e adolescentes que pertencem \u00e0s turmas de catequese do Santu\u00e1rio Arquidiocesano da Sa\u00fade e da Paz montaram uma exposi\u00e7\u00e3o sobre a vida do Bem-Aventurado no Centro Comunit\u00e1rio da Igreja. A mostra \u00e9 resultado do trabalho desenvolvido durante as aulas com as catequistas. V\u00e1rios cartazes com desenhos e recortes sobre a vida e a miss\u00e3o de Padre Eust\u00e1quio colorem o Centro Comunit\u00e1rio. Os trabalhos pertencem \u00e0s centenas de crian\u00e7as que est\u00e3o em prepara\u00e7\u00e3o para fazer a primeira comunh\u00e3o, na Igreja do Padre Eust\u00e1quio. Os [&hellip;]<\/p>\n","protected":false},"author":2,"featured_media":9256,"comment_status":"open","ping_status":"closed","sticky":false,"template":"","format":"standard","meta":{"_acf_changed":false,"footnotes":""},"categories":[611],"tags":[],"class_list":["post-9255","post","type-post","status-publish","format-standard","has-post-thumbnail","hentry","category-noticias"],"acf":[],"yoast_head":"<!-- This site is optimized with the Yoast SEO plugin v27.2 - https:\/\/yoast.com\/product\/yoast-seo-wordpress\/ -->\n<title>Crian\u00e7as da Catequese fazem exposi\u00e7\u00e3o sobre a vida de Padre Eust\u00e1quio<\/title>\n<meta name=\"description\" content=\"No dia 30 de agosto, durante as comemora\u00e7\u00f5es do dia lit\u00fargico do Beato Padre Eust\u00e1quio, as crian\u00e7as e adolescentes que pertencem \u00e0s turmas de catequese do Santu\u00e1rio Arquidiocesano da Sa\u00fade e da Paz montaram uma exposi\u00e7\u00e3o sobre a vida do Bem-Aventurado no Centro Comunit\u00e1rio da Igreja. A mostra \u00e9 o resultado do trabalho desenvolvido durante as aulas com as catequistas.\" \/>\n<meta name=\"robots\" content=\"index, follow, max-snippet:-1, max-image-preview:large, max-video-preview:-1\" \/>\n<link rel=\"canonical\" href=\"https:\/\/www.padreeustaquio.com.br\/en\/children-from-catechism-classes-put-on-an-exhibition-during-the-father-eustace-festival\/\" \/>\n<meta property=\"og:locale\" content=\"en_US\" \/>\n<meta property=\"og:type\" content=\"article\" \/>\n<meta property=\"og:title\" content=\"Crian\u00e7as da Catequese fazem exposi\u00e7\u00e3o sobre a vida de Padre Eust\u00e1quio\" \/>\n<meta property=\"og:description\" content=\"No dia 30 de agosto, durante as comemora\u00e7\u00f5es do dia lit\u00fargico do Beato Padre Eust\u00e1quio, as crian\u00e7as e adolescentes que pertencem \u00e0s turmas de catequese do Santu\u00e1rio Arquidiocesano da Sa\u00fade e da Paz montaram uma exposi\u00e7\u00e3o sobre a vida do Bem-Aventurado no Centro Comunit\u00e1rio da Igreja. A mostra \u00e9 o resultado do trabalho desenvolvido durante as aulas com as catequistas.\" \/>\n<meta property=\"og:url\" content=\"https:\/\/www.padreeustaquio.com.br\/en\/children-from-catechism-classes-put-on-an-exhibition-during-the-father-eustace-festival\/\" \/>\n<meta property=\"og:site_name\" content=\"Padre Eust\u00e1quio\" \/>\n<meta property=\"article:publisher\" content=\"https:\/\/www.facebook.com\/beatopadreeustaquio\/\" \/>\n<meta property=\"article:published_time\" content=\"2022-09-06T10:42:00+00:00\" \/>\n<meta property=\"og:image\" content=\"https:\/\/www.padreeustaquio.com.br\/wp-content\/uploads\/2022\/09\/Exposicao-catequese.jpg\" \/>\n\t<meta property=\"og:image:width\" content=\"1\" \/>\n\t<meta property=\"og:image:height\" content=\"1\" \/>\n\t<meta property=\"og:image:type\" content=\"image\/jpeg\" \/>\n<meta name=\"author\" content=\"@sscc\" \/>\n<meta name=\"twitter:card\" content=\"summary_large_image\" \/>\n<meta name=\"twitter:creator\" content=\"@beatopeustaquio\" \/>\n<meta name=\"twitter:site\" content=\"@beatopeustaquio\" \/>\n<meta name=\"twitter:label1\" content=\"Written by\" \/>\n\t<meta name=\"twitter:data1\" content=\"@sscc\" \/>\n\t<meta name=\"twitter:label2\" content=\"Est. reading time\" \/>\n\t<meta name=\"twitter:data2\" content=\"2 minutes\" \/>\n<script type=\"application\/ld+json\" class=\"yoast-schema-graph\">{\"@context\":\"https:\/\/schema.org\",\"@graph\":[{\"@type\":\"Article\",\"@id\":\"https:\/\/www.padreeustaquio.com.br\/criancas-da-catequese-fazem-exposicao-durante-a-festa-de-padre-eustaquio\/#article\",\"isPartOf\":{\"@id\":\"https:\/\/www.padreeustaquio.com.br\/criancas-da-catequese-fazem-exposicao-durante-a-festa-de-padre-eustaquio\/\"},\"author\":{\"name\":\"@sscc\",\"@id\":\"https:\/\/www.padreeustaquio.com.br\/#\/schema\/person\/a2a51db1d00f1a7af0204a0f1ddb1566\"},\"headline\":\"Crian\u00e7as da Catequese fazem exposi\u00e7\u00e3o sobre a vida de Padre Eust\u00e1quio\",\"datePublished\":\"2022-09-06T10:42:00+00:00\",\"mainEntityOfPage\":{\"@id\":\"https:\/\/www.padreeustaquio.com.br\/criancas-da-catequese-fazem-exposicao-durante-a-festa-de-padre-eustaquio\/\"},\"wordCount\":334,\"commentCount\":0,\"publisher\":{\"@id\":\"https:\/\/www.padreeustaquio.com.br\/#organization\"},\"image\":{\"@id\":\"https:\/\/www.padreeustaquio.com.br\/criancas-da-catequese-fazem-exposicao-durante-a-festa-de-padre-eustaquio\/#primaryimage\"},\"thumbnailUrl\":\"https:\/\/www.padreeustaquio.com.br\/wp-content\/uploads\/2022\/09\/Exposicao-catequese.jpg\",\"articleSection\":[\"Not\u00edcias\"],\"inLanguage\":\"en-US\",\"potentialAction\":[{\"@type\":\"CommentAction\",\"name\":\"Comment\",\"target\":[\"https:\/\/www.padreeustaquio.com.br\/criancas-da-catequese-fazem-exposicao-durante-a-festa-de-padre-eustaquio\/#respond\"]}]},{\"@type\":\"WebPage\",\"@id\":\"https:\/\/www.padreeustaquio.com.br\/criancas-da-catequese-fazem-exposicao-durante-a-festa-de-padre-eustaquio\/\",\"url\":\"https:\/\/www.padreeustaquio.com.br\/criancas-da-catequese-fazem-exposicao-durante-a-festa-de-padre-eustaquio\/\",\"name\":\"Crian\u00e7as da Catequese fazem exposi\u00e7\u00e3o sobre a vida de Padre Eust\u00e1quio\",\"isPartOf\":{\"@id\":\"https:\/\/www.padreeustaquio.com.br\/#website\"},\"primaryImageOfPage\":{\"@id\":\"https:\/\/www.padreeustaquio.com.br\/criancas-da-catequese-fazem-exposicao-durante-a-festa-de-padre-eustaquio\/#primaryimage\"},\"image\":{\"@id\":\"https:\/\/www.padreeustaquio.com.br\/criancas-da-catequese-fazem-exposicao-durante-a-festa-de-padre-eustaquio\/#primaryimage\"},\"thumbnailUrl\":\"https:\/\/www.padreeustaquio.com.br\/wp-content\/uploads\/2022\/09\/Exposicao-catequese.jpg\",\"datePublished\":\"2022-09-06T10:42:00+00:00\",\"description\":\"No dia 30 de agosto, durante as comemora\u00e7\u00f5es do dia lit\u00fargico do Beato Padre Eust\u00e1quio, as crian\u00e7as e adolescentes que pertencem \u00e0s turmas de catequese do Santu\u00e1rio Arquidiocesano da Sa\u00fade e da Paz montaram uma exposi\u00e7\u00e3o sobre a vida do Bem-Aventurado no Centro Comunit\u00e1rio da Igreja. A mostra \u00e9 o resultado do trabalho desenvolvido durante as aulas com as catequistas.\",\"breadcrumb\":{\"@id\":\"https:\/\/www.padreeustaquio.com.br\/criancas-da-catequese-fazem-exposicao-durante-a-festa-de-padre-eustaquio\/#breadcrumb\"},\"inLanguage\":\"en-US\",\"potentialAction\":[{\"@type\":\"ReadAction\",\"target\":[\"https:\/\/www.padreeustaquio.com.br\/criancas-da-catequese-fazem-exposicao-durante-a-festa-de-padre-eustaquio\/\"]}]},{\"@type\":\"ImageObject\",\"inLanguage\":\"en-US\",\"@id\":\"https:\/\/www.padreeustaquio.com.br\/criancas-da-catequese-fazem-exposicao-durante-a-festa-de-padre-eustaquio\/#primaryimage\",\"url\":\"https:\/\/www.padreeustaquio.com.br\/wp-content\/uploads\/2022\/09\/Exposicao-catequese.jpg\",\"contentUrl\":\"https:\/\/www.padreeustaquio.com.br\/wp-content\/uploads\/2022\/09\/Exposicao-catequese.jpg\"},{\"@type\":\"BreadcrumbList\",\"@id\":\"https:\/\/www.padreeustaquio.com.br\/criancas-da-catequese-fazem-exposicao-durante-a-festa-de-padre-eustaquio\/#breadcrumb\",\"itemListElement\":[{\"@type\":\"ListItem\",\"position\":1,\"name\":\"In\u00edcio\",\"item\":\"https:\/\/www.padreeustaquio.com.br\/\"},{\"@type\":\"ListItem\",\"position\":2,\"name\":\"Crian\u00e7as da Catequese fazem exposi\u00e7\u00e3o sobre a vida de Padre Eust\u00e1quio\"}]},{\"@type\":\"WebSite\",\"@id\":\"https:\/\/www.padreeustaquio.com.br\/#website\",\"url\":\"https:\/\/www.padreeustaquio.com.br\/\",\"name\":\"Padre Eust\u00e1quio\",\"description\":\"Sa\u00fade e Paz\",\"publisher\":{\"@id\":\"https:\/\/www.padreeustaquio.com.br\/#organization\"},\"potentialAction\":[{\"@type\":\"SearchAction\",\"target\":{\"@type\":\"EntryPoint\",\"urlTemplate\":\"https:\/\/www.padreeustaquio.com.br\/?s={search_term_string}\"},\"query-input\":{\"@type\":\"PropertyValueSpecification\",\"valueRequired\":true,\"valueName\":\"search_term_string\"}}],\"inLanguage\":\"en-US\"},{\"@type\":\"Organization\",\"@id\":\"https:\/\/www.padreeustaquio.com.br\/#organization\",\"name\":\"Padre Eust\u00e1quio\",\"url\":\"https:\/\/www.padreeustaquio.com.br\/\",\"logo\":{\"@type\":\"ImageObject\",\"inLanguage\":\"en-US\",\"@id\":\"https:\/\/www.padreeustaquio.com.br\/#\/schema\/logo\/image\/\",\"url\":\"https:\/\/www.padreeustaquio.com.br\/wp-content\/uploads\/2019\/08\/marca.png\",\"contentUrl\":\"https:\/\/www.padreeustaquio.com.br\/wp-content\/uploads\/2019\/08\/marca.png\",\"width\":350,\"height\":400,\"caption\":\"Padre Eust\u00e1quio\"},\"image\":{\"@id\":\"https:\/\/www.padreeustaquio.com.br\/#\/schema\/logo\/image\/\"},\"sameAs\":[\"https:\/\/www.facebook.com\/beatopadreeustaquio\/\",\"https:\/\/x.com\/beatopeustaquio\",\"https:\/\/www.instagram.com\/beatopadreeustaquio\/\",\"https:\/\/www.youtube.com\/channel\/UCRhw7vfabnajwLxb1ZXMeIw\"]},{\"@type\":\"Person\",\"@id\":\"https:\/\/www.padreeustaquio.com.br\/#\/schema\/person\/a2a51db1d00f1a7af0204a0f1ddb1566\",\"name\":\"@sscc\",\"image\":{\"@type\":\"ImageObject\",\"inLanguage\":\"en-US\",\"@id\":\"https:\/\/secure.gravatar.com\/avatar\/68cfafa5f44617fea54071e215026e0ff06be366c3d54a8425f04fdcb86f8c5f?s=96&d=mm&r=g\",\"url\":\"https:\/\/secure.gravatar.com\/avatar\/68cfafa5f44617fea54071e215026e0ff06be366c3d54a8425f04fdcb86f8c5f?s=96&d=mm&r=g\",\"contentUrl\":\"https:\/\/secure.gravatar.com\/avatar\/68cfafa5f44617fea54071e215026e0ff06be366c3d54a8425f04fdcb86f8c5f?s=96&d=mm&r=g\",\"caption\":\"@sscc\"},\"url\":\"https:\/\/www.padreeustaquio.com.br\/en\/author\/sscc\/\"}]}<\/script>\n<!-- \/ Yoast SEO plugin. -->","yoast_head_json":{"title":"Children from Catechism classes present an exhibition about the life of Father Eust\u00e1quio.","description":"On August 30th, during the celebrations of the liturgical day of Blessed Father Eustace, the children and teenagers belonging to the catechism classes of the Archdiocesan Sanctuary of Health and Peace set up an exhibition about the life of the Blessed Father at the Church&#039;s Community Center. The exhibition is the result of work developed during classes with the catechists.","robots":{"index":"index","follow":"follow","max-snippet":"max-snippet:-1","max-image-preview":"max-image-preview:large","max-video-preview":"max-video-preview:-1"},"canonical":"https:\/\/www.padreeustaquio.com.br\/en\/children-from-catechism-classes-put-on-an-exhibition-during-the-father-eustace-festival\/","og_locale":"en_US","og_type":"article","og_title":"Crian\u00e7as da Catequese fazem exposi\u00e7\u00e3o sobre a vida de Padre Eust\u00e1quio","og_description":"No dia 30 de agosto, durante as comemora\u00e7\u00f5es do dia lit\u00fargico do Beato Padre Eust\u00e1quio, as crian\u00e7as e adolescentes que pertencem \u00e0s turmas de catequese do Santu\u00e1rio Arquidiocesano da Sa\u00fade e da Paz montaram uma exposi\u00e7\u00e3o sobre a vida do Bem-Aventurado no Centro Comunit\u00e1rio da Igreja. A mostra \u00e9 o resultado do trabalho desenvolvido durante as aulas com as catequistas.","og_url":"https:\/\/www.padreeustaquio.com.br\/en\/children-from-catechism-classes-put-on-an-exhibition-during-the-father-eustace-festival\/","og_site_name":"Padre Eust\u00e1quio","article_publisher":"https:\/\/www.facebook.com\/beatopadreeustaquio\/","article_published_time":"2022-09-06T10:42:00+00:00","og_image":[{"url":"https:\/\/www.padreeustaquio.com.br\/wp-content\/uploads\/2022\/09\/Exposicao-catequese.jpg","width":1,"height":1,"type":"image\/jpeg"}],"author":"@sscc","twitter_card":"summary_large_image","twitter_creator":"@beatopeustaquio","twitter_site":"@beatopeustaquio","twitter_misc":{"Written by":"@sscc","Est. reading time":"2 minutes"},"schema":{"@context":"https:\/\/schema.org","@graph":[{"@type":"Article","@id":"https:\/\/www.padreeustaquio.com.br\/criancas-da-catequese-fazem-exposicao-durante-a-festa-de-padre-eustaquio\/#article","isPartOf":{"@id":"https:\/\/www.padreeustaquio.com.br\/criancas-da-catequese-fazem-exposicao-durante-a-festa-de-padre-eustaquio\/"},"author":{"name":"@sscc","@id":"https:\/\/www.padreeustaquio.com.br\/#\/schema\/person\/a2a51db1d00f1a7af0204a0f1ddb1566"},"headline":"Crian\u00e7as da Catequese fazem exposi\u00e7\u00e3o sobre a vida de Padre Eust\u00e1quio","datePublished":"2022-09-06T10:42:00+00:00","mainEntityOfPage":{"@id":"https:\/\/www.padreeustaquio.com.br\/criancas-da-catequese-fazem-exposicao-durante-a-festa-de-padre-eustaquio\/"},"wordCount":334,"commentCount":0,"publisher":{"@id":"https:\/\/www.padreeustaquio.com.br\/#organization"},"image":{"@id":"https:\/\/www.padreeustaquio.com.br\/criancas-da-catequese-fazem-exposicao-durante-a-festa-de-padre-eustaquio\/#primaryimage"},"thumbnailUrl":"https:\/\/www.padreeustaquio.com.br\/wp-content\/uploads\/2022\/09\/Exposicao-catequese.jpg","articleSection":["Not\u00edcias"],"inLanguage":"en-US","potentialAction":[{"@type":"CommentAction","name":"Comment","target":["https:\/\/www.padreeustaquio.com.br\/criancas-da-catequese-fazem-exposicao-durante-a-festa-de-padre-eustaquio\/#respond"]}]},{"@type":"WebPage","@id":"https:\/\/www.padreeustaquio.com.br\/criancas-da-catequese-fazem-exposicao-durante-a-festa-de-padre-eustaquio\/","url":"https:\/\/www.padreeustaquio.com.br\/criancas-da-catequese-fazem-exposicao-durante-a-festa-de-padre-eustaquio\/","name":"Children from Catechism classes present an exhibition about the life of Father Eust\u00e1quio.","isPartOf":{"@id":"https:\/\/www.padreeustaquio.com.br\/#website"},"primaryImageOfPage":{"@id":"https:\/\/www.padreeustaquio.com.br\/criancas-da-catequese-fazem-exposicao-durante-a-festa-de-padre-eustaquio\/#primaryimage"},"image":{"@id":"https:\/\/www.padreeustaquio.com.br\/criancas-da-catequese-fazem-exposicao-durante-a-festa-de-padre-eustaquio\/#primaryimage"},"thumbnailUrl":"https:\/\/www.padreeustaquio.com.br\/wp-content\/uploads\/2022\/09\/Exposicao-catequese.jpg","datePublished":"2022-09-06T10:42:00+00:00","description":"On August 30th, during the celebrations of the liturgical day of Blessed Father Eustace, the children and teenagers belonging to the catechism classes of the Archdiocesan Sanctuary of Health and Peace set up an exhibition about the life of the Blessed Father at the Church&#039;s Community Center. The exhibition is the result of work developed during classes with the catechists.","breadcrumb":{"@id":"https:\/\/www.padreeustaquio.com.br\/criancas-da-catequese-fazem-exposicao-durante-a-festa-de-padre-eustaquio\/#breadcrumb"},"inLanguage":"en-US","potentialAction":[{"@type":"ReadAction","target":["https:\/\/www.padreeustaquio.com.br\/criancas-da-catequese-fazem-exposicao-durante-a-festa-de-padre-eustaquio\/"]}]},{"@type":"ImageObject","inLanguage":"en-US","@id":"https:\/\/www.padreeustaquio.com.br\/criancas-da-catequese-fazem-exposicao-durante-a-festa-de-padre-eustaquio\/#primaryimage","url":"https:\/\/www.padreeustaquio.com.br\/wp-content\/uploads\/2022\/09\/Exposicao-catequese.jpg","contentUrl":"https:\/\/www.padreeustaquio.com.br\/wp-content\/uploads\/2022\/09\/Exposicao-catequese.jpg"},{"@type":"BreadcrumbList","@id":"https:\/\/www.padreeustaquio.com.br\/criancas-da-catequese-fazem-exposicao-durante-a-festa-de-padre-eustaquio\/#breadcrumb","itemListElement":[{"@type":"ListItem","position":1,"name":"In\u00edcio","item":"https:\/\/www.padreeustaquio.com.br\/"},{"@type":"ListItem","position":2,"name":"Crian\u00e7as da Catequese fazem exposi\u00e7\u00e3o sobre a vida de Padre Eust\u00e1quio"}]},{"@type":"WebSite","@id":"https:\/\/www.padreeustaquio.com.br\/#website","url":"https:\/\/www.padreeustaquio.com.br\/","name":"FATHER EUST\u00c1QUIO","description":"Health and Peace","publisher":{"@id":"https:\/\/www.padreeustaquio.com.br\/#organization"},"potentialAction":[{"@type":"SearchAction","target":{"@type":"EntryPoint","urlTemplate":"https:\/\/www.padreeustaquio.com.br\/?s={search_term_string}"},"query-input":{"@type":"PropertyValueSpecification","valueRequired":true,"valueName":"search_term_string"}}],"inLanguage":"en-US"},{"@type":"Organization","@id":"https:\/\/www.padreeustaquio.com.br\/#organization","name":"FATHER EUST\u00c1QUIO","url":"https:\/\/www.padreeustaquio.com.br\/","logo":{"@type":"ImageObject","inLanguage":"en-US","@id":"https:\/\/www.padreeustaquio.com.br\/#\/schema\/logo\/image\/","url":"https:\/\/www.padreeustaquio.com.br\/wp-content\/uploads\/2019\/08\/marca.png","contentUrl":"https:\/\/www.padreeustaquio.com.br\/wp-content\/uploads\/2019\/08\/marca.png","width":350,"height":400,"caption":"Padre Eust\u00e1quio"},"image":{"@id":"https:\/\/www.padreeustaquio.com.br\/#\/schema\/logo\/image\/"},"sameAs":["https:\/\/www.facebook.com\/beatopadreeustaquio\/","https:\/\/x.com\/beatopeustaquio","https:\/\/www.instagram.com\/beatopadreeustaquio\/","https:\/\/www.youtube.com\/channel\/UCRhw7vfabnajwLxb1ZXMeIw"]},{"@type":"Person","@id":"https:\/\/www.padreeustaquio.com.br\/#\/schema\/person\/a2a51db1d00f1a7af0204a0f1ddb1566","name":"@sscc","image":{"@type":"ImageObject","inLanguage":"en-US","@id":"https:\/\/secure.gravatar.com\/avatar\/68cfafa5f44617fea54071e215026e0ff06be366c3d54a8425f04fdcb86f8c5f?s=96&d=mm&r=g","url":"https:\/\/secure.gravatar.com\/avatar\/68cfafa5f44617fea54071e215026e0ff06be366c3d54a8425f04fdcb86f8c5f?s=96&d=mm&r=g","contentUrl":"https:\/\/secure.gravatar.com\/avatar\/68cfafa5f44617fea54071e215026e0ff06be366c3d54a8425f04fdcb86f8c5f?s=96&d=mm&r=g","caption":"@sscc"},"url":"https:\/\/www.padreeustaquio.com.br\/en\/author\/sscc\/"}]}},"_links":{"self":[{"href":"https:\/\/www.padreeustaquio.com.br\/en\/wp-json\/wp\/v2\/posts\/9255","targetHints":{"allow":["GET"]}}],"collection":[{"href":"https:\/\/www.padreeustaquio.com.br\/en\/wp-json\/wp\/v2\/posts"}],"about":[{"href":"https:\/\/www.padreeustaquio.com.br\/en\/wp-json\/wp\/v2\/types\/post"}],"author":[{"embeddable":true,"href":"https:\/\/www.padreeustaquio.com.br\/en\/wp-json\/wp\/v2\/users\/2"}],"replies":[{"embeddable":true,"href":"https:\/\/www.padreeustaquio.com.br\/en\/wp-json\/wp\/v2\/comments?post=9255"}],"version-history":[{"count":0,"href":"https:\/\/www.padreeustaquio.com.br\/en\/wp-json\/wp\/v2\/posts\/9255\/revisions"}],"wp:featuredmedia":[{"embeddable":true,"href":"https:\/\/www.padreeustaquio.com.br\/en\/wp-json\/wp\/v2\/media\/9256"}],"wp:attachment":[{"href":"https:\/\/www.padreeustaquio.com.br\/en\/wp-json\/wp\/v2\/media?parent=9255"}],"wp:term":[{"taxonomy":"category","embeddable":true,"href":"https:\/\/www.padreeustaquio.com.br\/en\/wp-json\/wp\/v2\/categories?post=9255"},{"taxonomy":"post_tag","embeddable":true,"href":"https:\/\/www.padreeustaquio.com.br\/en\/wp-json\/wp\/v2\/tags?post=9255"}],"curies":[{"name":"wp","href":"https:\/\/api.w.org\/{rel}","templated":true}]}}