{"id":9252,"date":"2022-09-12T07:21:00","date_gmt":"2022-09-12T10:21:00","guid":{"rendered":"https:\/\/www.padreeustaquio.com.br\/?p=9252"},"modified":"2022-09-05T11:42:00","modified_gmt":"2022-09-05T14:42:00","slug":"instagram-campaign-aims-to-bring-devotion-to-father-eustaquio-to-more-people","status":"publish","type":"post","link":"https:\/\/www.padreeustaquio.com.br\/en\/instagram-campaign-aims-to-bring-devotion-to-father-eustaquio-to-more-people\/","title":{"rendered":"A campaign on Instagram aims to spread devotion to Father Eust\u00e1quio to more people."},"content":{"rendered":"<p>A campaign launched on Instagram aims to raise the profile&#039;s profile. <a href=\"https:\/\/www.instagram.com\/beatopadreeustaquio\/\" target=\"_blank\" rel=\"noreferrer noopener\">@beatopadreeustaquio<\/a> Reaching 5,000 followers. Today the page has already surpassed 4,000 followers.<\/p>\n\n\n\n<p>This profile is the official one for the Cause of Canonization of Blessed Father Eustace and is maintained by the National Secretariat for the Cause of Canonization. On the page, you can follow some of the Blessed&#039;s history, news about the canonization, and highlights from the Sanctuary of Health and Peace, the Church of Father Eustace.<\/p>\n\n\n\n<p>The goal of reaching 5,000 followers is to bring devotion to the Blessed One to more people, thus increasing the number of devotees who follow and spread the message of Health and Peace left by the Blessed.<\/p>\n\n\n\n<p>If you don&#039;t already follow our profile, go to Instagram and search for the page Beato Padre Eust\u00e1quio, or simply [follow us]. <a href=\"https:\/\/www.instagram.com\/beatopadreeustaquio\/\" target=\"_blank\" rel=\"noreferrer noopener\">CLICK HERE<\/a>. Help us with this campaign by sharing the profile with your friends and family.<\/p>\n\n\n\n<p><\/p>","protected":false},"excerpt":{"rendered":"<p>Uma campanha iniciada no Instagram, tem como objetivo levar o perfil @beatopadreeustaquio a chegar aos 5 mil seguidores. Hoje a p\u00e1gina tem j\u00e1 ultrapassou 4 mil pessoas seguindo. O perfil \u00e9 o oficial da Causa de Canoniza\u00e7\u00e3o do Beato Padre Eust\u00e1quio e \u00e9 mantido pelo Secretariado Nacional para a Causa de Canoniza\u00e7\u00e3o. Na p\u00e1gina \u00e9 poss\u00edvel acompanhar um pouco da hist\u00f3ria do Beato, noticias da canoniza\u00e7\u00e3o e destaques do Santu\u00e1rio da Sa\u00fade e da Paz, a Igreja do Padre Eust\u00e1quio. A ideia de chegar a 5 mil seguidores \u00e9 levar \u00e0 devo\u00e7\u00e3o ao Bem-aventurado a mais pessoas, aumentando assim o [&hellip;]<\/p>\n","protected":false},"author":2,"featured_media":9254,"comment_status":"open","ping_status":"closed","sticky":false,"template":"","format":"standard","meta":{"_acf_changed":false,"footnotes":""},"categories":[611],"tags":[],"class_list":["post-9252","post","type-post","status-publish","format-standard","has-post-thumbnail","hentry","category-noticias"],"acf":[],"yoast_head":"<!-- This site is optimized with the Yoast SEO plugin v27.2 - https:\/\/yoast.com\/product\/yoast-seo-wordpress\/ -->\n<title>Campanha no instagram quer levar a devo\u00e7\u00e3o \u00e0 Padre Eust\u00e1quio a mais pessoas<\/title>\n<meta name=\"description\" content=\"Uma campanha iniciada no Instagram, tem como objetivo levar o perfil @beatopadreeustaquio a chegar aos 5 mil seguidores. Hoje a p\u00e1gina tem j\u00e1 ultrapassou 4 mil pessoas seguindo.\" \/>\n<meta name=\"robots\" content=\"index, follow, max-snippet:-1, max-image-preview:large, max-video-preview:-1\" \/>\n<link rel=\"canonical\" href=\"https:\/\/www.padreeustaquio.com.br\/en\/instagram-campaign-aims-to-bring-devotion-to-father-eustaquio-to-more-people\/\" \/>\n<meta property=\"og:locale\" content=\"en_US\" \/>\n<meta property=\"og:type\" content=\"article\" \/>\n<meta property=\"og:title\" content=\"Campanha no instagram quer levar a devo\u00e7\u00e3o \u00e0 Padre Eust\u00e1quio a mais pessoas\" \/>\n<meta property=\"og:description\" content=\"Uma campanha iniciada no Instagram, tem como objetivo levar o perfil @beatopadreeustaquio a chegar aos 5 mil seguidores. Hoje a p\u00e1gina tem j\u00e1 ultrapassou 4 mil pessoas seguindo.\" \/>\n<meta property=\"og:url\" content=\"https:\/\/www.padreeustaquio.com.br\/en\/instagram-campaign-aims-to-bring-devotion-to-father-eustaquio-to-more-people\/\" \/>\n<meta property=\"og:site_name\" content=\"Padre Eust\u00e1quio\" \/>\n<meta property=\"article:publisher\" content=\"https:\/\/www.facebook.com\/beatopadreeustaquio\/\" \/>\n<meta property=\"article:published_time\" content=\"2022-09-12T10:21:00+00:00\" \/>\n<meta property=\"og:image\" content=\"https:\/\/www.padreeustaquio.com.br\/wp-content\/uploads\/2022\/09\/instagram-PE.jpeg\" \/>\n\t<meta property=\"og:image:width\" content=\"1280\" \/>\n\t<meta property=\"og:image:height\" content=\"597\" \/>\n\t<meta property=\"og:image:type\" content=\"image\/jpeg\" \/>\n<meta name=\"author\" content=\"@sscc\" \/>\n<meta name=\"twitter:card\" content=\"summary_large_image\" \/>\n<meta name=\"twitter:creator\" content=\"@beatopeustaquio\" \/>\n<meta name=\"twitter:site\" content=\"@beatopeustaquio\" \/>\n<meta name=\"twitter:label1\" content=\"Written by\" \/>\n\t<meta name=\"twitter:data1\" content=\"@sscc\" \/>\n\t<meta name=\"twitter:label2\" content=\"Est. reading time\" \/>\n\t<meta name=\"twitter:data2\" content=\"1 minute\" \/>\n<script type=\"application\/ld+json\" class=\"yoast-schema-graph\">{\"@context\":\"https:\/\/schema.org\",\"@graph\":[{\"@type\":\"Article\",\"@id\":\"https:\/\/www.padreeustaquio.com.br\/campanha-no-instagram-quer-levar-a-devocao-a-padre-eustaquio-a-mais-pessoas\/#article\",\"isPartOf\":{\"@id\":\"https:\/\/www.padreeustaquio.com.br\/campanha-no-instagram-quer-levar-a-devocao-a-padre-eustaquio-a-mais-pessoas\/\"},\"author\":{\"name\":\"@sscc\",\"@id\":\"https:\/\/www.padreeustaquio.com.br\/#\/schema\/person\/a2a51db1d00f1a7af0204a0f1ddb1566\"},\"headline\":\"Campanha no instagram quer levar a devo\u00e7\u00e3o \u00e0 Padre Eust\u00e1quio a mais pessoas\",\"datePublished\":\"2022-09-12T10:21:00+00:00\",\"mainEntityOfPage\":{\"@id\":\"https:\/\/www.padreeustaquio.com.br\/campanha-no-instagram-quer-levar-a-devocao-a-padre-eustaquio-a-mais-pessoas\/\"},\"wordCount\":173,\"commentCount\":0,\"publisher\":{\"@id\":\"https:\/\/www.padreeustaquio.com.br\/#organization\"},\"image\":{\"@id\":\"https:\/\/www.padreeustaquio.com.br\/campanha-no-instagram-quer-levar-a-devocao-a-padre-eustaquio-a-mais-pessoas\/#primaryimage\"},\"thumbnailUrl\":\"https:\/\/www.padreeustaquio.com.br\/wp-content\/uploads\/2022\/09\/instagram-PE.jpeg\",\"articleSection\":[\"Not\u00edcias\"],\"inLanguage\":\"en-US\",\"potentialAction\":[{\"@type\":\"CommentAction\",\"name\":\"Comment\",\"target\":[\"https:\/\/www.padreeustaquio.com.br\/campanha-no-instagram-quer-levar-a-devocao-a-padre-eustaquio-a-mais-pessoas\/#respond\"]}]},{\"@type\":\"WebPage\",\"@id\":\"https:\/\/www.padreeustaquio.com.br\/campanha-no-instagram-quer-levar-a-devocao-a-padre-eustaquio-a-mais-pessoas\/\",\"url\":\"https:\/\/www.padreeustaquio.com.br\/campanha-no-instagram-quer-levar-a-devocao-a-padre-eustaquio-a-mais-pessoas\/\",\"name\":\"Campanha no instagram quer levar a devo\u00e7\u00e3o \u00e0 Padre Eust\u00e1quio a mais pessoas\",\"isPartOf\":{\"@id\":\"https:\/\/www.padreeustaquio.com.br\/#website\"},\"primaryImageOfPage\":{\"@id\":\"https:\/\/www.padreeustaquio.com.br\/campanha-no-instagram-quer-levar-a-devocao-a-padre-eustaquio-a-mais-pessoas\/#primaryimage\"},\"image\":{\"@id\":\"https:\/\/www.padreeustaquio.com.br\/campanha-no-instagram-quer-levar-a-devocao-a-padre-eustaquio-a-mais-pessoas\/#primaryimage\"},\"thumbnailUrl\":\"https:\/\/www.padreeustaquio.com.br\/wp-content\/uploads\/2022\/09\/instagram-PE.jpeg\",\"datePublished\":\"2022-09-12T10:21:00+00:00\",\"description\":\"Uma campanha iniciada no Instagram, tem como objetivo levar o perfil @beatopadreeustaquio a chegar aos 5 mil seguidores. Hoje a p\u00e1gina tem j\u00e1 ultrapassou 4 mil pessoas seguindo.\",\"breadcrumb\":{\"@id\":\"https:\/\/www.padreeustaquio.com.br\/campanha-no-instagram-quer-levar-a-devocao-a-padre-eustaquio-a-mais-pessoas\/#breadcrumb\"},\"inLanguage\":\"en-US\",\"potentialAction\":[{\"@type\":\"ReadAction\",\"target\":[\"https:\/\/www.padreeustaquio.com.br\/campanha-no-instagram-quer-levar-a-devocao-a-padre-eustaquio-a-mais-pessoas\/\"]}]},{\"@type\":\"ImageObject\",\"inLanguage\":\"en-US\",\"@id\":\"https:\/\/www.padreeustaquio.com.br\/campanha-no-instagram-quer-levar-a-devocao-a-padre-eustaquio-a-mais-pessoas\/#primaryimage\",\"url\":\"https:\/\/www.padreeustaquio.com.br\/wp-content\/uploads\/2022\/09\/instagram-PE.jpeg\",\"contentUrl\":\"https:\/\/www.padreeustaquio.com.br\/wp-content\/uploads\/2022\/09\/instagram-PE.jpeg\",\"width\":1280,\"height\":597},{\"@type\":\"BreadcrumbList\",\"@id\":\"https:\/\/www.padreeustaquio.com.br\/campanha-no-instagram-quer-levar-a-devocao-a-padre-eustaquio-a-mais-pessoas\/#breadcrumb\",\"itemListElement\":[{\"@type\":\"ListItem\",\"position\":1,\"name\":\"In\u00edcio\",\"item\":\"https:\/\/www.padreeustaquio.com.br\/\"},{\"@type\":\"ListItem\",\"position\":2,\"name\":\"Campanha no instagram quer levar a devo\u00e7\u00e3o \u00e0 Padre Eust\u00e1quio a mais pessoas\"}]},{\"@type\":\"WebSite\",\"@id\":\"https:\/\/www.padreeustaquio.com.br\/#website\",\"url\":\"https:\/\/www.padreeustaquio.com.br\/\",\"name\":\"Padre Eust\u00e1quio\",\"description\":\"Sa\u00fade e Paz\",\"publisher\":{\"@id\":\"https:\/\/www.padreeustaquio.com.br\/#organization\"},\"potentialAction\":[{\"@type\":\"SearchAction\",\"target\":{\"@type\":\"EntryPoint\",\"urlTemplate\":\"https:\/\/www.padreeustaquio.com.br\/?s={search_term_string}\"},\"query-input\":{\"@type\":\"PropertyValueSpecification\",\"valueRequired\":true,\"valueName\":\"search_term_string\"}}],\"inLanguage\":\"en-US\"},{\"@type\":\"Organization\",\"@id\":\"https:\/\/www.padreeustaquio.com.br\/#organization\",\"name\":\"Padre Eust\u00e1quio\",\"url\":\"https:\/\/www.padreeustaquio.com.br\/\",\"logo\":{\"@type\":\"ImageObject\",\"inLanguage\":\"en-US\",\"@id\":\"https:\/\/www.padreeustaquio.com.br\/#\/schema\/logo\/image\/\",\"url\":\"https:\/\/www.padreeustaquio.com.br\/wp-content\/uploads\/2019\/08\/marca.png\",\"contentUrl\":\"https:\/\/www.padreeustaquio.com.br\/wp-content\/uploads\/2019\/08\/marca.png\",\"width\":350,\"height\":400,\"caption\":\"Padre Eust\u00e1quio\"},\"image\":{\"@id\":\"https:\/\/www.padreeustaquio.com.br\/#\/schema\/logo\/image\/\"},\"sameAs\":[\"https:\/\/www.facebook.com\/beatopadreeustaquio\/\",\"https:\/\/x.com\/beatopeustaquio\",\"https:\/\/www.instagram.com\/beatopadreeustaquio\/\",\"https:\/\/www.youtube.com\/channel\/UCRhw7vfabnajwLxb1ZXMeIw\"]},{\"@type\":\"Person\",\"@id\":\"https:\/\/www.padreeustaquio.com.br\/#\/schema\/person\/a2a51db1d00f1a7af0204a0f1ddb1566\",\"name\":\"@sscc\",\"image\":{\"@type\":\"ImageObject\",\"inLanguage\":\"en-US\",\"@id\":\"https:\/\/secure.gravatar.com\/avatar\/68cfafa5f44617fea54071e215026e0ff06be366c3d54a8425f04fdcb86f8c5f?s=96&d=mm&r=g\",\"url\":\"https:\/\/secure.gravatar.com\/avatar\/68cfafa5f44617fea54071e215026e0ff06be366c3d54a8425f04fdcb86f8c5f?s=96&d=mm&r=g\",\"contentUrl\":\"https:\/\/secure.gravatar.com\/avatar\/68cfafa5f44617fea54071e215026e0ff06be366c3d54a8425f04fdcb86f8c5f?s=96&d=mm&r=g\",\"caption\":\"@sscc\"},\"url\":\"https:\/\/www.padreeustaquio.com.br\/en\/author\/sscc\/\"}]}<\/script>\n<!-- \/ Yoast SEO plugin. -->","yoast_head_json":{"title":"A campaign on Instagram aims to spread devotion to Father Eust\u00e1quio to more people.","description":"A campaign launched on Instagram aims to get the profile @beatopadreeustaquio to reach 5,000 followers. Today, the page has already surpassed 4,000 followers.","robots":{"index":"index","follow":"follow","max-snippet":"max-snippet:-1","max-image-preview":"max-image-preview:large","max-video-preview":"max-video-preview:-1"},"canonical":"https:\/\/www.padreeustaquio.com.br\/en\/instagram-campaign-aims-to-bring-devotion-to-father-eustaquio-to-more-people\/","og_locale":"en_US","og_type":"article","og_title":"Campanha no instagram quer levar a devo\u00e7\u00e3o \u00e0 Padre Eust\u00e1quio a mais pessoas","og_description":"Uma campanha iniciada no Instagram, tem como objetivo levar o perfil @beatopadreeustaquio a chegar aos 5 mil seguidores. Hoje a p\u00e1gina tem j\u00e1 ultrapassou 4 mil pessoas seguindo.","og_url":"https:\/\/www.padreeustaquio.com.br\/en\/instagram-campaign-aims-to-bring-devotion-to-father-eustaquio-to-more-people\/","og_site_name":"Padre Eust\u00e1quio","article_publisher":"https:\/\/www.facebook.com\/beatopadreeustaquio\/","article_published_time":"2022-09-12T10:21:00+00:00","og_image":[{"width":1280,"height":597,"url":"https:\/\/www.padreeustaquio.com.br\/wp-content\/uploads\/2022\/09\/instagram-PE.jpeg","type":"image\/jpeg"}],"author":"@sscc","twitter_card":"summary_large_image","twitter_creator":"@beatopeustaquio","twitter_site":"@beatopeustaquio","twitter_misc":{"Written by":"@sscc","Est. reading time":"1 minute"},"schema":{"@context":"https:\/\/schema.org","@graph":[{"@type":"Article","@id":"https:\/\/www.padreeustaquio.com.br\/campanha-no-instagram-quer-levar-a-devocao-a-padre-eustaquio-a-mais-pessoas\/#article","isPartOf":{"@id":"https:\/\/www.padreeustaquio.com.br\/campanha-no-instagram-quer-levar-a-devocao-a-padre-eustaquio-a-mais-pessoas\/"},"author":{"name":"@sscc","@id":"https:\/\/www.padreeustaquio.com.br\/#\/schema\/person\/a2a51db1d00f1a7af0204a0f1ddb1566"},"headline":"Campanha no instagram quer levar a devo\u00e7\u00e3o \u00e0 Padre Eust\u00e1quio a mais pessoas","datePublished":"2022-09-12T10:21:00+00:00","mainEntityOfPage":{"@id":"https:\/\/www.padreeustaquio.com.br\/campanha-no-instagram-quer-levar-a-devocao-a-padre-eustaquio-a-mais-pessoas\/"},"wordCount":173,"commentCount":0,"publisher":{"@id":"https:\/\/www.padreeustaquio.com.br\/#organization"},"image":{"@id":"https:\/\/www.padreeustaquio.com.br\/campanha-no-instagram-quer-levar-a-devocao-a-padre-eustaquio-a-mais-pessoas\/#primaryimage"},"thumbnailUrl":"https:\/\/www.padreeustaquio.com.br\/wp-content\/uploads\/2022\/09\/instagram-PE.jpeg","articleSection":["Not\u00edcias"],"inLanguage":"en-US","potentialAction":[{"@type":"CommentAction","name":"Comment","target":["https:\/\/www.padreeustaquio.com.br\/campanha-no-instagram-quer-levar-a-devocao-a-padre-eustaquio-a-mais-pessoas\/#respond"]}]},{"@type":"WebPage","@id":"https:\/\/www.padreeustaquio.com.br\/campanha-no-instagram-quer-levar-a-devocao-a-padre-eustaquio-a-mais-pessoas\/","url":"https:\/\/www.padreeustaquio.com.br\/campanha-no-instagram-quer-levar-a-devocao-a-padre-eustaquio-a-mais-pessoas\/","name":"A campaign on Instagram aims to spread devotion to Father Eust\u00e1quio to more people.","isPartOf":{"@id":"https:\/\/www.padreeustaquio.com.br\/#website"},"primaryImageOfPage":{"@id":"https:\/\/www.padreeustaquio.com.br\/campanha-no-instagram-quer-levar-a-devocao-a-padre-eustaquio-a-mais-pessoas\/#primaryimage"},"image":{"@id":"https:\/\/www.padreeustaquio.com.br\/campanha-no-instagram-quer-levar-a-devocao-a-padre-eustaquio-a-mais-pessoas\/#primaryimage"},"thumbnailUrl":"https:\/\/www.padreeustaquio.com.br\/wp-content\/uploads\/2022\/09\/instagram-PE.jpeg","datePublished":"2022-09-12T10:21:00+00:00","description":"A campaign launched on Instagram aims to get the profile @beatopadreeustaquio to reach 5,000 followers. Today, the page has already surpassed 4,000 followers.","breadcrumb":{"@id":"https:\/\/www.padreeustaquio.com.br\/campanha-no-instagram-quer-levar-a-devocao-a-padre-eustaquio-a-mais-pessoas\/#breadcrumb"},"inLanguage":"en-US","potentialAction":[{"@type":"ReadAction","target":["https:\/\/www.padreeustaquio.com.br\/campanha-no-instagram-quer-levar-a-devocao-a-padre-eustaquio-a-mais-pessoas\/"]}]},{"@type":"ImageObject","inLanguage":"en-US","@id":"https:\/\/www.padreeustaquio.com.br\/campanha-no-instagram-quer-levar-a-devocao-a-padre-eustaquio-a-mais-pessoas\/#primaryimage","url":"https:\/\/www.padreeustaquio.com.br\/wp-content\/uploads\/2022\/09\/instagram-PE.jpeg","contentUrl":"https:\/\/www.padreeustaquio.com.br\/wp-content\/uploads\/2022\/09\/instagram-PE.jpeg","width":1280,"height":597},{"@type":"BreadcrumbList","@id":"https:\/\/www.padreeustaquio.com.br\/campanha-no-instagram-quer-levar-a-devocao-a-padre-eustaquio-a-mais-pessoas\/#breadcrumb","itemListElement":[{"@type":"ListItem","position":1,"name":"In\u00edcio","item":"https:\/\/www.padreeustaquio.com.br\/"},{"@type":"ListItem","position":2,"name":"Campanha no instagram quer levar a devo\u00e7\u00e3o \u00e0 Padre Eust\u00e1quio a mais pessoas"}]},{"@type":"WebSite","@id":"https:\/\/www.padreeustaquio.com.br\/#website","url":"https:\/\/www.padreeustaquio.com.br\/","name":"FATHER EUST\u00c1QUIO","description":"Health and Peace","publisher":{"@id":"https:\/\/www.padreeustaquio.com.br\/#organization"},"potentialAction":[{"@type":"SearchAction","target":{"@type":"EntryPoint","urlTemplate":"https:\/\/www.padreeustaquio.com.br\/?s={search_term_string}"},"query-input":{"@type":"PropertyValueSpecification","valueRequired":true,"valueName":"search_term_string"}}],"inLanguage":"en-US"},{"@type":"Organization","@id":"https:\/\/www.padreeustaquio.com.br\/#organization","name":"FATHER EUST\u00c1QUIO","url":"https:\/\/www.padreeustaquio.com.br\/","logo":{"@type":"ImageObject","inLanguage":"en-US","@id":"https:\/\/www.padreeustaquio.com.br\/#\/schema\/logo\/image\/","url":"https:\/\/www.padreeustaquio.com.br\/wp-content\/uploads\/2019\/08\/marca.png","contentUrl":"https:\/\/www.padreeustaquio.com.br\/wp-content\/uploads\/2019\/08\/marca.png","width":350,"height":400,"caption":"Padre Eust\u00e1quio"},"image":{"@id":"https:\/\/www.padreeustaquio.com.br\/#\/schema\/logo\/image\/"},"sameAs":["https:\/\/www.facebook.com\/beatopadreeustaquio\/","https:\/\/x.com\/beatopeustaquio","https:\/\/www.instagram.com\/beatopadreeustaquio\/","https:\/\/www.youtube.com\/channel\/UCRhw7vfabnajwLxb1ZXMeIw"]},{"@type":"Person","@id":"https:\/\/www.padreeustaquio.com.br\/#\/schema\/person\/a2a51db1d00f1a7af0204a0f1ddb1566","name":"@sscc","image":{"@type":"ImageObject","inLanguage":"en-US","@id":"https:\/\/secure.gravatar.com\/avatar\/68cfafa5f44617fea54071e215026e0ff06be366c3d54a8425f04fdcb86f8c5f?s=96&d=mm&r=g","url":"https:\/\/secure.gravatar.com\/avatar\/68cfafa5f44617fea54071e215026e0ff06be366c3d54a8425f04fdcb86f8c5f?s=96&d=mm&r=g","contentUrl":"https:\/\/secure.gravatar.com\/avatar\/68cfafa5f44617fea54071e215026e0ff06be366c3d54a8425f04fdcb86f8c5f?s=96&d=mm&r=g","caption":"@sscc"},"url":"https:\/\/www.padreeustaquio.com.br\/en\/author\/sscc\/"}]}},"_links":{"self":[{"href":"https:\/\/www.padreeustaquio.com.br\/en\/wp-json\/wp\/v2\/posts\/9252","targetHints":{"allow":["GET"]}}],"collection":[{"href":"https:\/\/www.padreeustaquio.com.br\/en\/wp-json\/wp\/v2\/posts"}],"about":[{"href":"https:\/\/www.padreeustaquio.com.br\/en\/wp-json\/wp\/v2\/types\/post"}],"author":[{"embeddable":true,"href":"https:\/\/www.padreeustaquio.com.br\/en\/wp-json\/wp\/v2\/users\/2"}],"replies":[{"embeddable":true,"href":"https:\/\/www.padreeustaquio.com.br\/en\/wp-json\/wp\/v2\/comments?post=9252"}],"version-history":[{"count":0,"href":"https:\/\/www.padreeustaquio.com.br\/en\/wp-json\/wp\/v2\/posts\/9252\/revisions"}],"wp:featuredmedia":[{"embeddable":true,"href":"https:\/\/www.padreeustaquio.com.br\/en\/wp-json\/wp\/v2\/media\/9254"}],"wp:attachment":[{"href":"https:\/\/www.padreeustaquio.com.br\/en\/wp-json\/wp\/v2\/media?parent=9252"}],"wp:term":[{"taxonomy":"category","embeddable":true,"href":"https:\/\/www.padreeustaquio.com.br\/en\/wp-json\/wp\/v2\/categories?post=9252"},{"taxonomy":"post_tag","embeddable":true,"href":"https:\/\/www.padreeustaquio.com.br\/en\/wp-json\/wp\/v2\/tags?post=9252"}],"curies":[{"name":"wp","href":"https:\/\/api.w.org\/{rel}","templated":true}]}}