{"id":9249,"date":"2022-09-08T07:02:00","date_gmt":"2022-09-08T10:02:00","guid":{"rendered":"https:\/\/www.padreeustaquio.com.br\/?p=9249"},"modified":"2022-09-05T11:20:38","modified_gmt":"2022-09-05T14:20:38","slug":"father-eustaquio-and-the-missionary-work-in-romaria-minas-gerais","status":"publish","type":"post","link":"https:\/\/www.padreeustaquio.com.br\/en\/father-eustaquio-and-the-missionary-work-in-romaria-minas-gerais\/","title":{"rendered":"Father Eust\u00e1quio and the missionary work in Romaria, Minas Gerais"},"content":{"rendered":"<p>When he arrived in Brazil in 1925, Father Eust\u00e1quio began living in \u00c1gua Suja, now the city of Romaria, in the Tri\u00e2ngulo Mineiro region. There he carried out extensive missionary work, building the Sanctuary of Our Lady of the Abbey.<\/p>\n\n\n\n<p>In a statement to the Tribunal for the Cause of Beatification and Canonization of Father Eust\u00e1quio, dated August 1964, parishioner Nair Fernandes de Oliveira states:<\/p>\n\n\n\n<p><em>\u201c&quot;It was Father Eust\u00e1quio who began the construction of the new church, using the income obtained from pilgrimages and, calling upon the generosity of the population, he arranged for the stones to be obtained free of charge, for those who would work in their extraction, for transportation in oxcarts, and for the farmers to provide food for the men who worked. This work, called a &#039;mutir\u00e3o&#039; (communal work effort), lasted three days and was offered in honor of Our Lady; all this at the initiative of Father Eust\u00e1quio. He carried this undertaking forward to the point that when he left \u00c1gua Suja, the new church was already partially covered.&quot;\u201d<\/em><\/p>\n\n\n\n<p>Father Eust\u00e1quio transformed the community and became much loved, mainly for the work he did with the poor and sick. In a testimony dated May 1965 to the Tribunal of the Cause of Father Eust\u00e1quio, Diva Fernandes Hackbarth, another parishioner, highlighted:<\/p>\n\n\n\n<p><em>\u201cMy mother used to turn to Father Eust\u00e1quio for any illness that occurred in our house, since there were no medical resources in the area. Father Eust\u00e1quio demonstrated knowledge in attending to those cases, and indeed, he was often called upon for illnesses in our home. Once, I was bitten by a dog, and Father Eust\u00e1quio came to treat the bite wound; as I had developed a fever, he came to treat it, giving me his blessing at that moment. The fact is that the illness passed\u2026 Even back then, graces and cures of illnesses were attributed to Father Eust\u00e1quio.\u201d<\/em><\/p>\n\n\n\n<p><em>\u201cWhenever someone was sick, we would let him know, and he would visit, bringing bandages and medicine, and asking if they wanted to receive communion the next day, which he understood, also giving a blessing to the sick. We accompanied him when the visit was to a lady or a young woman. He wasn&#039;t afraid of any illness and never failed to attend to anyone who was sick, at any time of day or night. In fact, he had a preference for the poor and sick.\u201d <\/em>Nair Fernandes de Oliveira told the Court.<\/p>\n\n\n\n<p><em>\u201d&quot;What impressed me most was his dedication to caring for the sick without the means to do so, sometimes walking long distances. This charity of his impressed me even when I was a child. A noteworthy event was the healing of a brother named Oswaldo, now deceased. Father Eust\u00e1quio visited him, gave him his blessing, and administered medicine. He had skin wounds that five doctors couldn&#039;t heal, and through Father Eust\u00e1quio&#039;s intervention, he was cured.&quot;\u201d <\/em>&quot;This was stated by the faithful Anita Fernandes Guimar\u00e3es to the Court in May 1965.&quot;.<\/p>\n\n\n\n<p>The appreciation for the Dutch priest was so great that, upon his transfer from \u00c1gua Suja, the faithful besieged the rectory and removed the cattle grids in an attempt to prevent Father Eust\u00e1quio&#039;s departure. Father Gil, who accompanied the Blessed&#039;s journey in the city, also gave his testimony to the Tribunal of the Cause of Beatification and Canonization of Father Eust\u00e1quio in November 1962:<\/p>\n\n\n\n<p><em>\u201cFather Eust\u00e1quio, who served at the parish church of S\u00e3o Miguel and S\u00e3o Sebasti\u00e3o on Sundays, would return and spend the week in \u00c1gua Suja, where he taught catechism to children and showed a predilection for the poor and the sick, whom he visited. In this regard, I can relate an event: Father Eust\u00e1quio began to attend to a boy who was covered in sores; he himself, as he told me, cleaned those wounds, taking the child with him and administering remedies; the fact is that the boy was cured; his father, who was one of those henchmen who killed for the benefit of contractors who hired enemies, came to thank Father Eust\u00e1quio for curing his son and to offer his services free of charge against any adversary Father Eust\u00e1quio might have.\u201d<\/em><\/p>\n\n\n\n<p><\/p>","protected":false},"excerpt":{"rendered":"<p>Quando chegou ao Brasil, em 1925, Padre Eust\u00e1quio passou a viver em \u00c1gua Suja, hoje cidade de Romaria, na regi\u00e3o do Tri\u00e2ngulo Mineiro. No local ele exerceu um grande trabalho mission\u00e1rio, construindo o Santu\u00e1rio de Nossa Senhora da Abadia. Em um depoimento ao Tribunal da Causa de Beatifica\u00e7\u00e3o e Canoniza\u00e7\u00e3o do Padre Eust\u00e1quio, datado de agosto de 1964, a paroquiana Nair Fernandes de Oliveira afirma: \u201cFoi o Padre Eust\u00e1quio que come\u00e7ou a constru\u00e7\u00e3o da nova matriz, utilizando para isso as rendas obtidas nas romarias e, convocando a generosidade da popula\u00e7\u00e3o, fazia que se obtivesse de gra\u00e7a as pedras, quem trabalhasse [&hellip;]<\/p>\n","protected":false},"author":2,"featured_media":9250,"comment_status":"open","ping_status":"closed","sticky":false,"template":"","format":"standard","meta":{"_acf_changed":false,"footnotes":""},"categories":[611],"tags":[],"class_list":["post-9249","post","type-post","status-publish","format-standard","has-post-thumbnail","hentry","category-noticias"],"acf":[],"yoast_head":"<!-- This site is optimized with the Yoast SEO plugin v27.2 - https:\/\/yoast.com\/product\/yoast-seo-wordpress\/ -->\n<title>Padre Eust\u00e1quio e o trabalho mission\u00e1rio em Romaria, Minas Gerais<\/title>\n<meta name=\"description\" content=\"Quando chegou ao Brasil, em 1925, Padre Eust\u00e1quio passou a viver em \u00c1gua Suja, hoje cidade de Romaria, na regi\u00e3o do Tri\u00e2ngulo Mineiro. No local ele exerceu um grande trabalho mission\u00e1rio, construindo o Santu\u00e1rio de Nossa Senhora da Abadia.\" \/>\n<meta name=\"robots\" content=\"index, follow, max-snippet:-1, max-image-preview:large, max-video-preview:-1\" \/>\n<link rel=\"canonical\" href=\"https:\/\/www.padreeustaquio.com.br\/en\/father-eustaquio-and-the-missionary-work-in-romaria-minas-gerais\/\" \/>\n<meta property=\"og:locale\" content=\"en_US\" \/>\n<meta property=\"og:type\" content=\"article\" \/>\n<meta property=\"og:title\" content=\"Padre Eust\u00e1quio e o trabalho mission\u00e1rio em Romaria, Minas Gerais\" \/>\n<meta property=\"og:description\" content=\"Quando chegou ao Brasil, em 1925, Padre Eust\u00e1quio passou a viver em \u00c1gua Suja, hoje cidade de Romaria, na regi\u00e3o do Tri\u00e2ngulo Mineiro. No local ele exerceu um grande trabalho mission\u00e1rio, construindo o Santu\u00e1rio de Nossa Senhora da Abadia.\" \/>\n<meta property=\"og:url\" content=\"https:\/\/www.padreeustaquio.com.br\/en\/father-eustaquio-and-the-missionary-work-in-romaria-minas-gerais\/\" \/>\n<meta property=\"og:site_name\" content=\"Padre Eust\u00e1quio\" \/>\n<meta property=\"article:publisher\" content=\"https:\/\/www.facebook.com\/beatopadreeustaquio\/\" \/>\n<meta property=\"article:published_time\" content=\"2022-09-08T10:02:00+00:00\" \/>\n<meta property=\"og:image\" content=\"https:\/\/www.padreeustaquio.com.br\/wp-content\/uploads\/2022\/09\/PE-em-Romaria-MG.jpeg\" \/>\n\t<meta property=\"og:image:width\" content=\"1280\" \/>\n\t<meta property=\"og:image:height\" content=\"902\" \/>\n\t<meta property=\"og:image:type\" content=\"image\/jpeg\" \/>\n<meta name=\"author\" content=\"@sscc\" \/>\n<meta name=\"twitter:card\" content=\"summary_large_image\" \/>\n<meta name=\"twitter:creator\" content=\"@beatopeustaquio\" \/>\n<meta name=\"twitter:site\" content=\"@beatopeustaquio\" \/>\n<meta name=\"twitter:label1\" content=\"Written by\" \/>\n\t<meta name=\"twitter:data1\" content=\"@sscc\" \/>\n\t<meta name=\"twitter:label2\" content=\"Est. reading time\" \/>\n\t<meta name=\"twitter:data2\" content=\"3 minutes\" \/>\n<script type=\"application\/ld+json\" class=\"yoast-schema-graph\">{\"@context\":\"https:\/\/schema.org\",\"@graph\":[{\"@type\":\"Article\",\"@id\":\"https:\/\/www.padreeustaquio.com.br\/padre-eustaquio-e-o-trabalho-missionario-em-romaria-minas-gerais\/#article\",\"isPartOf\":{\"@id\":\"https:\/\/www.padreeustaquio.com.br\/padre-eustaquio-e-o-trabalho-missionario-em-romaria-minas-gerais\/\"},\"author\":{\"name\":\"@sscc\",\"@id\":\"https:\/\/www.padreeustaquio.com.br\/#\/schema\/person\/a2a51db1d00f1a7af0204a0f1ddb1566\"},\"headline\":\"Padre Eust\u00e1quio e o trabalho mission\u00e1rio em Romaria, Minas Gerais\",\"datePublished\":\"2022-09-08T10:02:00+00:00\",\"mainEntityOfPage\":{\"@id\":\"https:\/\/www.padreeustaquio.com.br\/padre-eustaquio-e-o-trabalho-missionario-em-romaria-minas-gerais\/\"},\"wordCount\":761,\"commentCount\":0,\"publisher\":{\"@id\":\"https:\/\/www.padreeustaquio.com.br\/#organization\"},\"image\":{\"@id\":\"https:\/\/www.padreeustaquio.com.br\/padre-eustaquio-e-o-trabalho-missionario-em-romaria-minas-gerais\/#primaryimage\"},\"thumbnailUrl\":\"https:\/\/www.padreeustaquio.com.br\/wp-content\/uploads\/2022\/09\/PE-em-Romaria-MG.jpeg\",\"articleSection\":[\"Not\u00edcias\"],\"inLanguage\":\"en-US\",\"potentialAction\":[{\"@type\":\"CommentAction\",\"name\":\"Comment\",\"target\":[\"https:\/\/www.padreeustaquio.com.br\/padre-eustaquio-e-o-trabalho-missionario-em-romaria-minas-gerais\/#respond\"]}]},{\"@type\":\"WebPage\",\"@id\":\"https:\/\/www.padreeustaquio.com.br\/padre-eustaquio-e-o-trabalho-missionario-em-romaria-minas-gerais\/\",\"url\":\"https:\/\/www.padreeustaquio.com.br\/padre-eustaquio-e-o-trabalho-missionario-em-romaria-minas-gerais\/\",\"name\":\"Padre Eust\u00e1quio e o trabalho mission\u00e1rio em Romaria, Minas Gerais\",\"isPartOf\":{\"@id\":\"https:\/\/www.padreeustaquio.com.br\/#website\"},\"primaryImageOfPage\":{\"@id\":\"https:\/\/www.padreeustaquio.com.br\/padre-eustaquio-e-o-trabalho-missionario-em-romaria-minas-gerais\/#primaryimage\"},\"image\":{\"@id\":\"https:\/\/www.padreeustaquio.com.br\/padre-eustaquio-e-o-trabalho-missionario-em-romaria-minas-gerais\/#primaryimage\"},\"thumbnailUrl\":\"https:\/\/www.padreeustaquio.com.br\/wp-content\/uploads\/2022\/09\/PE-em-Romaria-MG.jpeg\",\"datePublished\":\"2022-09-08T10:02:00+00:00\",\"description\":\"Quando chegou ao Brasil, em 1925, Padre Eust\u00e1quio passou a viver em \u00c1gua Suja, hoje cidade de Romaria, na regi\u00e3o do Tri\u00e2ngulo Mineiro. No local ele exerceu um grande trabalho mission\u00e1rio, construindo o Santu\u00e1rio de Nossa Senhora da Abadia.\",\"breadcrumb\":{\"@id\":\"https:\/\/www.padreeustaquio.com.br\/padre-eustaquio-e-o-trabalho-missionario-em-romaria-minas-gerais\/#breadcrumb\"},\"inLanguage\":\"en-US\",\"potentialAction\":[{\"@type\":\"ReadAction\",\"target\":[\"https:\/\/www.padreeustaquio.com.br\/padre-eustaquio-e-o-trabalho-missionario-em-romaria-minas-gerais\/\"]}]},{\"@type\":\"ImageObject\",\"inLanguage\":\"en-US\",\"@id\":\"https:\/\/www.padreeustaquio.com.br\/padre-eustaquio-e-o-trabalho-missionario-em-romaria-minas-gerais\/#primaryimage\",\"url\":\"https:\/\/www.padreeustaquio.com.br\/wp-content\/uploads\/2022\/09\/PE-em-Romaria-MG.jpeg\",\"contentUrl\":\"https:\/\/www.padreeustaquio.com.br\/wp-content\/uploads\/2022\/09\/PE-em-Romaria-MG.jpeg\",\"width\":1280,\"height\":902,\"caption\":\"Padre Eust\u00e1quio em Romaria-MG (ao centro, no fundo da foto - 10\u00ba da esquerda para a direita)\"},{\"@type\":\"BreadcrumbList\",\"@id\":\"https:\/\/www.padreeustaquio.com.br\/padre-eustaquio-e-o-trabalho-missionario-em-romaria-minas-gerais\/#breadcrumb\",\"itemListElement\":[{\"@type\":\"ListItem\",\"position\":1,\"name\":\"In\u00edcio\",\"item\":\"https:\/\/www.padreeustaquio.com.br\/\"},{\"@type\":\"ListItem\",\"position\":2,\"name\":\"Padre Eust\u00e1quio e o trabalho mission\u00e1rio em Romaria, Minas Gerais\"}]},{\"@type\":\"WebSite\",\"@id\":\"https:\/\/www.padreeustaquio.com.br\/#website\",\"url\":\"https:\/\/www.padreeustaquio.com.br\/\",\"name\":\"Padre Eust\u00e1quio\",\"description\":\"Sa\u00fade e Paz\",\"publisher\":{\"@id\":\"https:\/\/www.padreeustaquio.com.br\/#organization\"},\"potentialAction\":[{\"@type\":\"SearchAction\",\"target\":{\"@type\":\"EntryPoint\",\"urlTemplate\":\"https:\/\/www.padreeustaquio.com.br\/?s={search_term_string}\"},\"query-input\":{\"@type\":\"PropertyValueSpecification\",\"valueRequired\":true,\"valueName\":\"search_term_string\"}}],\"inLanguage\":\"en-US\"},{\"@type\":\"Organization\",\"@id\":\"https:\/\/www.padreeustaquio.com.br\/#organization\",\"name\":\"Padre Eust\u00e1quio\",\"url\":\"https:\/\/www.padreeustaquio.com.br\/\",\"logo\":{\"@type\":\"ImageObject\",\"inLanguage\":\"en-US\",\"@id\":\"https:\/\/www.padreeustaquio.com.br\/#\/schema\/logo\/image\/\",\"url\":\"https:\/\/www.padreeustaquio.com.br\/wp-content\/uploads\/2019\/08\/marca.png\",\"contentUrl\":\"https:\/\/www.padreeustaquio.com.br\/wp-content\/uploads\/2019\/08\/marca.png\",\"width\":350,\"height\":400,\"caption\":\"Padre Eust\u00e1quio\"},\"image\":{\"@id\":\"https:\/\/www.padreeustaquio.com.br\/#\/schema\/logo\/image\/\"},\"sameAs\":[\"https:\/\/www.facebook.com\/beatopadreeustaquio\/\",\"https:\/\/x.com\/beatopeustaquio\",\"https:\/\/www.instagram.com\/beatopadreeustaquio\/\",\"https:\/\/www.youtube.com\/channel\/UCRhw7vfabnajwLxb1ZXMeIw\"]},{\"@type\":\"Person\",\"@id\":\"https:\/\/www.padreeustaquio.com.br\/#\/schema\/person\/a2a51db1d00f1a7af0204a0f1ddb1566\",\"name\":\"@sscc\",\"image\":{\"@type\":\"ImageObject\",\"inLanguage\":\"en-US\",\"@id\":\"https:\/\/secure.gravatar.com\/avatar\/68cfafa5f44617fea54071e215026e0ff06be366c3d54a8425f04fdcb86f8c5f?s=96&d=mm&r=g\",\"url\":\"https:\/\/secure.gravatar.com\/avatar\/68cfafa5f44617fea54071e215026e0ff06be366c3d54a8425f04fdcb86f8c5f?s=96&d=mm&r=g\",\"contentUrl\":\"https:\/\/secure.gravatar.com\/avatar\/68cfafa5f44617fea54071e215026e0ff06be366c3d54a8425f04fdcb86f8c5f?s=96&d=mm&r=g\",\"caption\":\"@sscc\"},\"url\":\"https:\/\/www.padreeustaquio.com.br\/en\/author\/sscc\/\"}]}<\/script>\n<!-- \/ Yoast SEO plugin. -->","yoast_head_json":{"title":"Father Eust\u00e1quio and the missionary work in Romaria, Minas Gerais","description":"When he arrived in Brazil in 1925, Father Eust\u00e1quio began living in \u00c1gua Suja, now the city of Romaria, in the Tri\u00e2ngulo Mineiro region. There he carried out extensive missionary work, building the Sanctuary of Our Lady of the Abbey.","robots":{"index":"index","follow":"follow","max-snippet":"max-snippet:-1","max-image-preview":"max-image-preview:large","max-video-preview":"max-video-preview:-1"},"canonical":"https:\/\/www.padreeustaquio.com.br\/en\/father-eustaquio-and-the-missionary-work-in-romaria-minas-gerais\/","og_locale":"en_US","og_type":"article","og_title":"Padre Eust\u00e1quio e o trabalho mission\u00e1rio em Romaria, Minas Gerais","og_description":"Quando chegou ao Brasil, em 1925, Padre Eust\u00e1quio passou a viver em \u00c1gua Suja, hoje cidade de Romaria, na regi\u00e3o do Tri\u00e2ngulo Mineiro. No local ele exerceu um grande trabalho mission\u00e1rio, construindo o Santu\u00e1rio de Nossa Senhora da Abadia.","og_url":"https:\/\/www.padreeustaquio.com.br\/en\/father-eustaquio-and-the-missionary-work-in-romaria-minas-gerais\/","og_site_name":"Padre Eust\u00e1quio","article_publisher":"https:\/\/www.facebook.com\/beatopadreeustaquio\/","article_published_time":"2022-09-08T10:02:00+00:00","og_image":[{"width":1280,"height":902,"url":"https:\/\/www.padreeustaquio.com.br\/wp-content\/uploads\/2022\/09\/PE-em-Romaria-MG.jpeg","type":"image\/jpeg"}],"author":"@sscc","twitter_card":"summary_large_image","twitter_creator":"@beatopeustaquio","twitter_site":"@beatopeustaquio","twitter_misc":{"Written by":"@sscc","Est. reading time":"3 minutes"},"schema":{"@context":"https:\/\/schema.org","@graph":[{"@type":"Article","@id":"https:\/\/www.padreeustaquio.com.br\/padre-eustaquio-e-o-trabalho-missionario-em-romaria-minas-gerais\/#article","isPartOf":{"@id":"https:\/\/www.padreeustaquio.com.br\/padre-eustaquio-e-o-trabalho-missionario-em-romaria-minas-gerais\/"},"author":{"name":"@sscc","@id":"https:\/\/www.padreeustaquio.com.br\/#\/schema\/person\/a2a51db1d00f1a7af0204a0f1ddb1566"},"headline":"Padre Eust\u00e1quio e o trabalho mission\u00e1rio em Romaria, Minas Gerais","datePublished":"2022-09-08T10:02:00+00:00","mainEntityOfPage":{"@id":"https:\/\/www.padreeustaquio.com.br\/padre-eustaquio-e-o-trabalho-missionario-em-romaria-minas-gerais\/"},"wordCount":761,"commentCount":0,"publisher":{"@id":"https:\/\/www.padreeustaquio.com.br\/#organization"},"image":{"@id":"https:\/\/www.padreeustaquio.com.br\/padre-eustaquio-e-o-trabalho-missionario-em-romaria-minas-gerais\/#primaryimage"},"thumbnailUrl":"https:\/\/www.padreeustaquio.com.br\/wp-content\/uploads\/2022\/09\/PE-em-Romaria-MG.jpeg","articleSection":["Not\u00edcias"],"inLanguage":"en-US","potentialAction":[{"@type":"CommentAction","name":"Comment","target":["https:\/\/www.padreeustaquio.com.br\/padre-eustaquio-e-o-trabalho-missionario-em-romaria-minas-gerais\/#respond"]}]},{"@type":"WebPage","@id":"https:\/\/www.padreeustaquio.com.br\/padre-eustaquio-e-o-trabalho-missionario-em-romaria-minas-gerais\/","url":"https:\/\/www.padreeustaquio.com.br\/padre-eustaquio-e-o-trabalho-missionario-em-romaria-minas-gerais\/","name":"Father Eust\u00e1quio and the missionary work in Romaria, Minas Gerais","isPartOf":{"@id":"https:\/\/www.padreeustaquio.com.br\/#website"},"primaryImageOfPage":{"@id":"https:\/\/www.padreeustaquio.com.br\/padre-eustaquio-e-o-trabalho-missionario-em-romaria-minas-gerais\/#primaryimage"},"image":{"@id":"https:\/\/www.padreeustaquio.com.br\/padre-eustaquio-e-o-trabalho-missionario-em-romaria-minas-gerais\/#primaryimage"},"thumbnailUrl":"https:\/\/www.padreeustaquio.com.br\/wp-content\/uploads\/2022\/09\/PE-em-Romaria-MG.jpeg","datePublished":"2022-09-08T10:02:00+00:00","description":"When he arrived in Brazil in 1925, Father Eust\u00e1quio began living in \u00c1gua Suja, now the city of Romaria, in the Tri\u00e2ngulo Mineiro region. There he carried out extensive missionary work, building the Sanctuary of Our Lady of the Abbey.","breadcrumb":{"@id":"https:\/\/www.padreeustaquio.com.br\/padre-eustaquio-e-o-trabalho-missionario-em-romaria-minas-gerais\/#breadcrumb"},"inLanguage":"en-US","potentialAction":[{"@type":"ReadAction","target":["https:\/\/www.padreeustaquio.com.br\/padre-eustaquio-e-o-trabalho-missionario-em-romaria-minas-gerais\/"]}]},{"@type":"ImageObject","inLanguage":"en-US","@id":"https:\/\/www.padreeustaquio.com.br\/padre-eustaquio-e-o-trabalho-missionario-em-romaria-minas-gerais\/#primaryimage","url":"https:\/\/www.padreeustaquio.com.br\/wp-content\/uploads\/2022\/09\/PE-em-Romaria-MG.jpeg","contentUrl":"https:\/\/www.padreeustaquio.com.br\/wp-content\/uploads\/2022\/09\/PE-em-Romaria-MG.jpeg","width":1280,"height":902,"caption":"Padre Eust\u00e1quio em Romaria-MG (ao centro, no fundo da foto - 10\u00ba da esquerda para a direita)"},{"@type":"BreadcrumbList","@id":"https:\/\/www.padreeustaquio.com.br\/padre-eustaquio-e-o-trabalho-missionario-em-romaria-minas-gerais\/#breadcrumb","itemListElement":[{"@type":"ListItem","position":1,"name":"In\u00edcio","item":"https:\/\/www.padreeustaquio.com.br\/"},{"@type":"ListItem","position":2,"name":"Padre Eust\u00e1quio e o trabalho mission\u00e1rio em Romaria, Minas Gerais"}]},{"@type":"WebSite","@id":"https:\/\/www.padreeustaquio.com.br\/#website","url":"https:\/\/www.padreeustaquio.com.br\/","name":"FATHER EUST\u00c1QUIO","description":"Health and Peace","publisher":{"@id":"https:\/\/www.padreeustaquio.com.br\/#organization"},"potentialAction":[{"@type":"SearchAction","target":{"@type":"EntryPoint","urlTemplate":"https:\/\/www.padreeustaquio.com.br\/?s={search_term_string}"},"query-input":{"@type":"PropertyValueSpecification","valueRequired":true,"valueName":"search_term_string"}}],"inLanguage":"en-US"},{"@type":"Organization","@id":"https:\/\/www.padreeustaquio.com.br\/#organization","name":"FATHER EUST\u00c1QUIO","url":"https:\/\/www.padreeustaquio.com.br\/","logo":{"@type":"ImageObject","inLanguage":"en-US","@id":"https:\/\/www.padreeustaquio.com.br\/#\/schema\/logo\/image\/","url":"https:\/\/www.padreeustaquio.com.br\/wp-content\/uploads\/2019\/08\/marca.png","contentUrl":"https:\/\/www.padreeustaquio.com.br\/wp-content\/uploads\/2019\/08\/marca.png","width":350,"height":400,"caption":"Padre Eust\u00e1quio"},"image":{"@id":"https:\/\/www.padreeustaquio.com.br\/#\/schema\/logo\/image\/"},"sameAs":["https:\/\/www.facebook.com\/beatopadreeustaquio\/","https:\/\/x.com\/beatopeustaquio","https:\/\/www.instagram.com\/beatopadreeustaquio\/","https:\/\/www.youtube.com\/channel\/UCRhw7vfabnajwLxb1ZXMeIw"]},{"@type":"Person","@id":"https:\/\/www.padreeustaquio.com.br\/#\/schema\/person\/a2a51db1d00f1a7af0204a0f1ddb1566","name":"@sscc","image":{"@type":"ImageObject","inLanguage":"en-US","@id":"https:\/\/secure.gravatar.com\/avatar\/68cfafa5f44617fea54071e215026e0ff06be366c3d54a8425f04fdcb86f8c5f?s=96&d=mm&r=g","url":"https:\/\/secure.gravatar.com\/avatar\/68cfafa5f44617fea54071e215026e0ff06be366c3d54a8425f04fdcb86f8c5f?s=96&d=mm&r=g","contentUrl":"https:\/\/secure.gravatar.com\/avatar\/68cfafa5f44617fea54071e215026e0ff06be366c3d54a8425f04fdcb86f8c5f?s=96&d=mm&r=g","caption":"@sscc"},"url":"https:\/\/www.padreeustaquio.com.br\/en\/author\/sscc\/"}]}},"_links":{"self":[{"href":"https:\/\/www.padreeustaquio.com.br\/en\/wp-json\/wp\/v2\/posts\/9249","targetHints":{"allow":["GET"]}}],"collection":[{"href":"https:\/\/www.padreeustaquio.com.br\/en\/wp-json\/wp\/v2\/posts"}],"about":[{"href":"https:\/\/www.padreeustaquio.com.br\/en\/wp-json\/wp\/v2\/types\/post"}],"author":[{"embeddable":true,"href":"https:\/\/www.padreeustaquio.com.br\/en\/wp-json\/wp\/v2\/users\/2"}],"replies":[{"embeddable":true,"href":"https:\/\/www.padreeustaquio.com.br\/en\/wp-json\/wp\/v2\/comments?post=9249"}],"version-history":[{"count":0,"href":"https:\/\/www.padreeustaquio.com.br\/en\/wp-json\/wp\/v2\/posts\/9249\/revisions"}],"wp:featuredmedia":[{"embeddable":true,"href":"https:\/\/www.padreeustaquio.com.br\/en\/wp-json\/wp\/v2\/media\/9250"}],"wp:attachment":[{"href":"https:\/\/www.padreeustaquio.com.br\/en\/wp-json\/wp\/v2\/media?parent=9249"}],"wp:term":[{"taxonomy":"category","embeddable":true,"href":"https:\/\/www.padreeustaquio.com.br\/en\/wp-json\/wp\/v2\/categories?post=9249"},{"taxonomy":"post_tag","embeddable":true,"href":"https:\/\/www.padreeustaquio.com.br\/en\/wp-json\/wp\/v2\/tags?post=9249"}],"curies":[{"name":"wp","href":"https:\/\/api.w.org\/{rel}","templated":true}]}}