{"id":9242,"date":"2022-09-09T07:09:00","date_gmt":"2022-09-09T10:09:00","guid":{"rendered":"https:\/\/www.padreeustaquio.com.br\/?p=9242"},"modified":"2022-09-05T12:19:28","modified_gmt":"2022-09-05T15:19:28","slug":"the-room-where-father-eustaquio-died-retains-characteristics-from-1943","status":"publish","type":"post","link":"https:\/\/www.padreeustaquio.com.br\/en\/the-room-where-father-eustaquio-died-retains-characteristics-from-1943\/","title":{"rendered":"The room where Father Eust\u00e1quio died retains characteristics from 1943."},"content":{"rendered":"<p>At the Alberto Cavalcanti Hospital, formerly the Minas Gerais Sanatorium, the room where Father Eust\u00e1quio died on August 30, 1943, has been preserved. Photos of the Blessed Father adorn the walls, along with photographs of devotees who leave their offerings of gratitude for graces received through his intercession.<\/p>\n\n\n<div class=\"wp-block-image\">\n<figure class=\"alignright size-medium\"><img fetchpriority=\"high\" decoding=\"async\" width=\"300\" height=\"225\" src=\"https:\/\/www.padreeustaquio.com.br\/wp-content\/uploads\/2022\/09\/Quarto-PE-AC-fotos-300x225.jpeg\" alt=\"\" class=\"wp-image-9243\" srcset=\"https:\/\/www.padreeustaquio.com.br\/wp-content\/uploads\/2022\/09\/Quarto-PE-AC-fotos-300x225.jpeg 300w, https:\/\/www.padreeustaquio.com.br\/wp-content\/uploads\/2022\/09\/Quarto-PE-AC-fotos-1024x768.jpeg 1024w, https:\/\/www.padreeustaquio.com.br\/wp-content\/uploads\/2022\/09\/Quarto-PE-AC-fotos-768x576.jpeg 768w, https:\/\/www.padreeustaquio.com.br\/wp-content\/uploads\/2022\/09\/Quarto-PE-AC-fotos-180x135.jpeg 180w, https:\/\/www.padreeustaquio.com.br\/wp-content\/uploads\/2022\/09\/Quarto-PE-AC-fotos-400x300.jpeg 400w, https:\/\/www.padreeustaquio.com.br\/wp-content\/uploads\/2022\/09\/Quarto-PE-AC-fotos-600x450.jpeg 600w, https:\/\/www.padreeustaquio.com.br\/wp-content\/uploads\/2022\/09\/Quarto-PE-AC-fotos-800x600.jpeg 800w, https:\/\/www.padreeustaquio.com.br\/wp-content\/uploads\/2022\/09\/Quarto-PE-AC-fotos-1200x900.jpeg 1200w, https:\/\/www.padreeustaquio.com.br\/wp-content\/uploads\/2022\/09\/Quarto-PE-AC-fotos.jpeg 1280w\" sizes=\"(max-width: 300px) 100vw, 300px\" \/><figcaption>Photo taken by devotees in the hospital room.<\/figcaption><\/figure>\n<\/div>\n\n\n<p>It was in this room that Father Eust\u00e1quio spent his last days. The room retains many of the things he left behind: a small, somewhat rusty iron bed, a straw mattress, a picture of the Blessed One, and a prayer for the sick. Some antique porcelain and a wall-mounted sink, where, according to accounts, Father Eust\u00e1quio kept his holy water, also remain in the small room.<\/p>\n\n\n\n<p>The place, which has become a point of devotion to the Dutch priest, especially for hospital staff, seeks to preserve the simplicity lived by Father Eust\u00e1quio. Traditionally, for years, doctors and nurses have stopped by the place for a prayer before starting their workday.<\/p>\n\n\n\n<p><\/p>","protected":false},"excerpt":{"rendered":"<p>No Hospital Alberto Cavalcanti, antigo Sanat\u00f3rio de Minas Gerais, o quarto onde Padre Eust\u00e1quio faleceu em 30 de agosto de 1943 foi preservado. No Local, fotos do Bem-aventurado estampam as paredes, junto com fotografias de devotos que deixam no local seus agradecimentos por gra\u00e7as alcan\u00e7adas pela intercess\u00e3o do Beato. Foi nesse quarto que Padre Eust\u00e1quio passou seus \u00faltimos dias de vida. O quarto conserva muitas caracter\u00edsticas que ele deixou. Uma pequena cama de ferro j\u00e1 um pouco enferrujada, um colch\u00e3o de capim, o quadro com a foto do Bem-aventurado e uma ora\u00e7\u00e3o para os enfermos. No pequeno c\u00f4modo ainda ficaram [&hellip;]<\/p>\n","protected":false},"author":2,"featured_media":9244,"comment_status":"open","ping_status":"closed","sticky":false,"template":"","format":"standard","meta":{"_acf_changed":false,"footnotes":""},"categories":[611],"tags":[],"class_list":["post-9242","post","type-post","status-publish","format-standard","has-post-thumbnail","hentry","category-noticias"],"acf":[],"yoast_head":"<!-- This site is optimized with the Yoast SEO plugin v27.2 - https:\/\/yoast.com\/product\/yoast-seo-wordpress\/ -->\n<title>Quarto onde Padre Eust\u00e1quio morreu mant\u00e9m caracter\u00edsticas de 1943<\/title>\n<meta name=\"description\" content=\"No Hospital Alberto Cavalcanti, antigo Sanat\u00f3rio de Minas Gerais, o quarto onde Padre Eust\u00e1quio faleceu em 30 de agosto de 1943 foi preservado. No Local, fotos do Bem-aventurado estampam as paredes, junto com fotografias de devotos que deixam no local seus agradecimentos por gra\u00e7as alcan\u00e7adas pela intercess\u00e3o do Beato.\" \/>\n<meta name=\"robots\" content=\"index, follow, max-snippet:-1, max-image-preview:large, max-video-preview:-1\" \/>\n<link rel=\"canonical\" href=\"https:\/\/www.padreeustaquio.com.br\/en\/the-room-where-father-eustaquio-died-retains-characteristics-from-1943\/\" \/>\n<meta property=\"og:locale\" content=\"en_US\" \/>\n<meta property=\"og:type\" content=\"article\" \/>\n<meta property=\"og:title\" content=\"Quarto onde Padre Eust\u00e1quio morreu mant\u00e9m caracter\u00edsticas de 1943\" \/>\n<meta property=\"og:description\" content=\"No Hospital Alberto Cavalcanti, antigo Sanat\u00f3rio de Minas Gerais, o quarto onde Padre Eust\u00e1quio faleceu em 30 de agosto de 1943 foi preservado. No Local, fotos do Bem-aventurado estampam as paredes, junto com fotografias de devotos que deixam no local seus agradecimentos por gra\u00e7as alcan\u00e7adas pela intercess\u00e3o do Beato.\" \/>\n<meta property=\"og:url\" content=\"https:\/\/www.padreeustaquio.com.br\/en\/the-room-where-father-eustaquio-died-retains-characteristics-from-1943\/\" \/>\n<meta property=\"og:site_name\" content=\"Padre Eust\u00e1quio\" \/>\n<meta property=\"article:publisher\" content=\"https:\/\/www.facebook.com\/beatopadreeustaquio\/\" \/>\n<meta property=\"article:published_time\" content=\"2022-09-09T10:09:00+00:00\" \/>\n<meta property=\"og:image\" content=\"https:\/\/www.padreeustaquio.com.br\/wp-content\/uploads\/2022\/09\/Quarto-PE-no-AC-geral.jpeg\" \/>\n\t<meta property=\"og:image:width\" content=\"1280\" \/>\n\t<meta property=\"og:image:height\" content=\"960\" \/>\n\t<meta property=\"og:image:type\" content=\"image\/jpeg\" \/>\n<meta name=\"author\" content=\"@sscc\" \/>\n<meta name=\"twitter:card\" content=\"summary_large_image\" \/>\n<meta name=\"twitter:creator\" content=\"@beatopeustaquio\" \/>\n<meta name=\"twitter:site\" content=\"@beatopeustaquio\" \/>\n<meta name=\"twitter:label1\" content=\"Written by\" \/>\n\t<meta name=\"twitter:data1\" content=\"@sscc\" \/>\n\t<meta name=\"twitter:label2\" content=\"Est. reading time\" \/>\n\t<meta name=\"twitter:data2\" content=\"1 minute\" \/>\n<script type=\"application\/ld+json\" class=\"yoast-schema-graph\">{\"@context\":\"https:\/\/schema.org\",\"@graph\":[{\"@type\":\"Article\",\"@id\":\"https:\/\/www.padreeustaquio.com.br\/quarto-onde-padre-eustaquio-morreu-mantem-caracteristicas-de-1943\/#article\",\"isPartOf\":{\"@id\":\"https:\/\/www.padreeustaquio.com.br\/quarto-onde-padre-eustaquio-morreu-mantem-caracteristicas-de-1943\/\"},\"author\":{\"name\":\"@sscc\",\"@id\":\"https:\/\/www.padreeustaquio.com.br\/#\/schema\/person\/a2a51db1d00f1a7af0204a0f1ddb1566\"},\"headline\":\"Quarto onde Padre Eust\u00e1quio morreu mant\u00e9m caracter\u00edsticas de 1943\",\"datePublished\":\"2022-09-09T10:09:00+00:00\",\"mainEntityOfPage\":{\"@id\":\"https:\/\/www.padreeustaquio.com.br\/quarto-onde-padre-eustaquio-morreu-mantem-caracteristicas-de-1943\/\"},\"wordCount\":195,\"commentCount\":0,\"publisher\":{\"@id\":\"https:\/\/www.padreeustaquio.com.br\/#organization\"},\"image\":{\"@id\":\"https:\/\/www.padreeustaquio.com.br\/quarto-onde-padre-eustaquio-morreu-mantem-caracteristicas-de-1943\/#primaryimage\"},\"thumbnailUrl\":\"https:\/\/www.padreeustaquio.com.br\/wp-content\/uploads\/2022\/09\/Quarto-PE-no-AC-geral.jpeg\",\"articleSection\":[\"Not\u00edcias\"],\"inLanguage\":\"en-US\",\"potentialAction\":[{\"@type\":\"CommentAction\",\"name\":\"Comment\",\"target\":[\"https:\/\/www.padreeustaquio.com.br\/quarto-onde-padre-eustaquio-morreu-mantem-caracteristicas-de-1943\/#respond\"]}]},{\"@type\":\"WebPage\",\"@id\":\"https:\/\/www.padreeustaquio.com.br\/quarto-onde-padre-eustaquio-morreu-mantem-caracteristicas-de-1943\/\",\"url\":\"https:\/\/www.padreeustaquio.com.br\/quarto-onde-padre-eustaquio-morreu-mantem-caracteristicas-de-1943\/\",\"name\":\"Quarto onde Padre Eust\u00e1quio morreu mant\u00e9m caracter\u00edsticas de 1943\",\"isPartOf\":{\"@id\":\"https:\/\/www.padreeustaquio.com.br\/#website\"},\"primaryImageOfPage\":{\"@id\":\"https:\/\/www.padreeustaquio.com.br\/quarto-onde-padre-eustaquio-morreu-mantem-caracteristicas-de-1943\/#primaryimage\"},\"image\":{\"@id\":\"https:\/\/www.padreeustaquio.com.br\/quarto-onde-padre-eustaquio-morreu-mantem-caracteristicas-de-1943\/#primaryimage\"},\"thumbnailUrl\":\"https:\/\/www.padreeustaquio.com.br\/wp-content\/uploads\/2022\/09\/Quarto-PE-no-AC-geral.jpeg\",\"datePublished\":\"2022-09-09T10:09:00+00:00\",\"description\":\"No Hospital Alberto Cavalcanti, antigo Sanat\u00f3rio de Minas Gerais, o quarto onde Padre Eust\u00e1quio faleceu em 30 de agosto de 1943 foi preservado. No Local, fotos do Bem-aventurado estampam as paredes, junto com fotografias de devotos que deixam no local seus agradecimentos por gra\u00e7as alcan\u00e7adas pela intercess\u00e3o do Beato.\",\"breadcrumb\":{\"@id\":\"https:\/\/www.padreeustaquio.com.br\/quarto-onde-padre-eustaquio-morreu-mantem-caracteristicas-de-1943\/#breadcrumb\"},\"inLanguage\":\"en-US\",\"potentialAction\":[{\"@type\":\"ReadAction\",\"target\":[\"https:\/\/www.padreeustaquio.com.br\/quarto-onde-padre-eustaquio-morreu-mantem-caracteristicas-de-1943\/\"]}]},{\"@type\":\"ImageObject\",\"inLanguage\":\"en-US\",\"@id\":\"https:\/\/www.padreeustaquio.com.br\/quarto-onde-padre-eustaquio-morreu-mantem-caracteristicas-de-1943\/#primaryimage\",\"url\":\"https:\/\/www.padreeustaquio.com.br\/wp-content\/uploads\/2022\/09\/Quarto-PE-no-AC-geral.jpeg\",\"contentUrl\":\"https:\/\/www.padreeustaquio.com.br\/wp-content\/uploads\/2022\/09\/Quarto-PE-no-AC-geral.jpeg\",\"width\":1280,\"height\":960},{\"@type\":\"BreadcrumbList\",\"@id\":\"https:\/\/www.padreeustaquio.com.br\/quarto-onde-padre-eustaquio-morreu-mantem-caracteristicas-de-1943\/#breadcrumb\",\"itemListElement\":[{\"@type\":\"ListItem\",\"position\":1,\"name\":\"In\u00edcio\",\"item\":\"https:\/\/www.padreeustaquio.com.br\/\"},{\"@type\":\"ListItem\",\"position\":2,\"name\":\"Quarto onde Padre Eust\u00e1quio morreu mant\u00e9m caracter\u00edsticas de 1943\"}]},{\"@type\":\"WebSite\",\"@id\":\"https:\/\/www.padreeustaquio.com.br\/#website\",\"url\":\"https:\/\/www.padreeustaquio.com.br\/\",\"name\":\"Padre Eust\u00e1quio\",\"description\":\"Sa\u00fade e Paz\",\"publisher\":{\"@id\":\"https:\/\/www.padreeustaquio.com.br\/#organization\"},\"potentialAction\":[{\"@type\":\"SearchAction\",\"target\":{\"@type\":\"EntryPoint\",\"urlTemplate\":\"https:\/\/www.padreeustaquio.com.br\/?s={search_term_string}\"},\"query-input\":{\"@type\":\"PropertyValueSpecification\",\"valueRequired\":true,\"valueName\":\"search_term_string\"}}],\"inLanguage\":\"en-US\"},{\"@type\":\"Organization\",\"@id\":\"https:\/\/www.padreeustaquio.com.br\/#organization\",\"name\":\"Padre Eust\u00e1quio\",\"url\":\"https:\/\/www.padreeustaquio.com.br\/\",\"logo\":{\"@type\":\"ImageObject\",\"inLanguage\":\"en-US\",\"@id\":\"https:\/\/www.padreeustaquio.com.br\/#\/schema\/logo\/image\/\",\"url\":\"https:\/\/www.padreeustaquio.com.br\/wp-content\/uploads\/2019\/08\/marca.png\",\"contentUrl\":\"https:\/\/www.padreeustaquio.com.br\/wp-content\/uploads\/2019\/08\/marca.png\",\"width\":350,\"height\":400,\"caption\":\"Padre Eust\u00e1quio\"},\"image\":{\"@id\":\"https:\/\/www.padreeustaquio.com.br\/#\/schema\/logo\/image\/\"},\"sameAs\":[\"https:\/\/www.facebook.com\/beatopadreeustaquio\/\",\"https:\/\/x.com\/beatopeustaquio\",\"https:\/\/www.instagram.com\/beatopadreeustaquio\/\",\"https:\/\/www.youtube.com\/channel\/UCRhw7vfabnajwLxb1ZXMeIw\"]},{\"@type\":\"Person\",\"@id\":\"https:\/\/www.padreeustaquio.com.br\/#\/schema\/person\/a2a51db1d00f1a7af0204a0f1ddb1566\",\"name\":\"@sscc\",\"image\":{\"@type\":\"ImageObject\",\"inLanguage\":\"en-US\",\"@id\":\"https:\/\/secure.gravatar.com\/avatar\/68cfafa5f44617fea54071e215026e0ff06be366c3d54a8425f04fdcb86f8c5f?s=96&d=mm&r=g\",\"url\":\"https:\/\/secure.gravatar.com\/avatar\/68cfafa5f44617fea54071e215026e0ff06be366c3d54a8425f04fdcb86f8c5f?s=96&d=mm&r=g\",\"contentUrl\":\"https:\/\/secure.gravatar.com\/avatar\/68cfafa5f44617fea54071e215026e0ff06be366c3d54a8425f04fdcb86f8c5f?s=96&d=mm&r=g\",\"caption\":\"@sscc\"},\"url\":\"https:\/\/www.padreeustaquio.com.br\/en\/author\/sscc\/\"}]}<\/script>\n<!-- \/ Yoast SEO plugin. -->","yoast_head_json":{"title":"The room where Father Eust\u00e1quio died retains characteristics from 1943.","description":"At the Alberto Cavalcanti Hospital, formerly the Minas Gerais Sanatorium, the room where Father Eust\u00e1quio died on August 30, 1943, has been preserved. Photos of the Blessed Father adorn the walls, along with photographs of devotees who leave their offerings of gratitude for graces received through his intercession.","robots":{"index":"index","follow":"follow","max-snippet":"max-snippet:-1","max-image-preview":"max-image-preview:large","max-video-preview":"max-video-preview:-1"},"canonical":"https:\/\/www.padreeustaquio.com.br\/en\/the-room-where-father-eustaquio-died-retains-characteristics-from-1943\/","og_locale":"en_US","og_type":"article","og_title":"Quarto onde Padre Eust\u00e1quio morreu mant\u00e9m caracter\u00edsticas de 1943","og_description":"No Hospital Alberto Cavalcanti, antigo Sanat\u00f3rio de Minas Gerais, o quarto onde Padre Eust\u00e1quio faleceu em 30 de agosto de 1943 foi preservado. No Local, fotos do Bem-aventurado estampam as paredes, junto com fotografias de devotos que deixam no local seus agradecimentos por gra\u00e7as alcan\u00e7adas pela intercess\u00e3o do Beato.","og_url":"https:\/\/www.padreeustaquio.com.br\/en\/the-room-where-father-eustaquio-died-retains-characteristics-from-1943\/","og_site_name":"Padre Eust\u00e1quio","article_publisher":"https:\/\/www.facebook.com\/beatopadreeustaquio\/","article_published_time":"2022-09-09T10:09:00+00:00","og_image":[{"width":1280,"height":960,"url":"https:\/\/www.padreeustaquio.com.br\/wp-content\/uploads\/2022\/09\/Quarto-PE-no-AC-geral.jpeg","type":"image\/jpeg"}],"author":"@sscc","twitter_card":"summary_large_image","twitter_creator":"@beatopeustaquio","twitter_site":"@beatopeustaquio","twitter_misc":{"Written by":"@sscc","Est. reading time":"1 minute"},"schema":{"@context":"https:\/\/schema.org","@graph":[{"@type":"Article","@id":"https:\/\/www.padreeustaquio.com.br\/quarto-onde-padre-eustaquio-morreu-mantem-caracteristicas-de-1943\/#article","isPartOf":{"@id":"https:\/\/www.padreeustaquio.com.br\/quarto-onde-padre-eustaquio-morreu-mantem-caracteristicas-de-1943\/"},"author":{"name":"@sscc","@id":"https:\/\/www.padreeustaquio.com.br\/#\/schema\/person\/a2a51db1d00f1a7af0204a0f1ddb1566"},"headline":"Quarto onde Padre Eust\u00e1quio morreu mant\u00e9m caracter\u00edsticas de 1943","datePublished":"2022-09-09T10:09:00+00:00","mainEntityOfPage":{"@id":"https:\/\/www.padreeustaquio.com.br\/quarto-onde-padre-eustaquio-morreu-mantem-caracteristicas-de-1943\/"},"wordCount":195,"commentCount":0,"publisher":{"@id":"https:\/\/www.padreeustaquio.com.br\/#organization"},"image":{"@id":"https:\/\/www.padreeustaquio.com.br\/quarto-onde-padre-eustaquio-morreu-mantem-caracteristicas-de-1943\/#primaryimage"},"thumbnailUrl":"https:\/\/www.padreeustaquio.com.br\/wp-content\/uploads\/2022\/09\/Quarto-PE-no-AC-geral.jpeg","articleSection":["Not\u00edcias"],"inLanguage":"en-US","potentialAction":[{"@type":"CommentAction","name":"Comment","target":["https:\/\/www.padreeustaquio.com.br\/quarto-onde-padre-eustaquio-morreu-mantem-caracteristicas-de-1943\/#respond"]}]},{"@type":"WebPage","@id":"https:\/\/www.padreeustaquio.com.br\/quarto-onde-padre-eustaquio-morreu-mantem-caracteristicas-de-1943\/","url":"https:\/\/www.padreeustaquio.com.br\/quarto-onde-padre-eustaquio-morreu-mantem-caracteristicas-de-1943\/","name":"The room where Father Eust\u00e1quio died retains characteristics from 1943.","isPartOf":{"@id":"https:\/\/www.padreeustaquio.com.br\/#website"},"primaryImageOfPage":{"@id":"https:\/\/www.padreeustaquio.com.br\/quarto-onde-padre-eustaquio-morreu-mantem-caracteristicas-de-1943\/#primaryimage"},"image":{"@id":"https:\/\/www.padreeustaquio.com.br\/quarto-onde-padre-eustaquio-morreu-mantem-caracteristicas-de-1943\/#primaryimage"},"thumbnailUrl":"https:\/\/www.padreeustaquio.com.br\/wp-content\/uploads\/2022\/09\/Quarto-PE-no-AC-geral.jpeg","datePublished":"2022-09-09T10:09:00+00:00","description":"At the Alberto Cavalcanti Hospital, formerly the Minas Gerais Sanatorium, the room where Father Eust\u00e1quio died on August 30, 1943, has been preserved. Photos of the Blessed Father adorn the walls, along with photographs of devotees who leave their offerings of gratitude for graces received through his intercession.","breadcrumb":{"@id":"https:\/\/www.padreeustaquio.com.br\/quarto-onde-padre-eustaquio-morreu-mantem-caracteristicas-de-1943\/#breadcrumb"},"inLanguage":"en-US","potentialAction":[{"@type":"ReadAction","target":["https:\/\/www.padreeustaquio.com.br\/quarto-onde-padre-eustaquio-morreu-mantem-caracteristicas-de-1943\/"]}]},{"@type":"ImageObject","inLanguage":"en-US","@id":"https:\/\/www.padreeustaquio.com.br\/quarto-onde-padre-eustaquio-morreu-mantem-caracteristicas-de-1943\/#primaryimage","url":"https:\/\/www.padreeustaquio.com.br\/wp-content\/uploads\/2022\/09\/Quarto-PE-no-AC-geral.jpeg","contentUrl":"https:\/\/www.padreeustaquio.com.br\/wp-content\/uploads\/2022\/09\/Quarto-PE-no-AC-geral.jpeg","width":1280,"height":960},{"@type":"BreadcrumbList","@id":"https:\/\/www.padreeustaquio.com.br\/quarto-onde-padre-eustaquio-morreu-mantem-caracteristicas-de-1943\/#breadcrumb","itemListElement":[{"@type":"ListItem","position":1,"name":"In\u00edcio","item":"https:\/\/www.padreeustaquio.com.br\/"},{"@type":"ListItem","position":2,"name":"Quarto onde Padre Eust\u00e1quio morreu mant\u00e9m caracter\u00edsticas de 1943"}]},{"@type":"WebSite","@id":"https:\/\/www.padreeustaquio.com.br\/#website","url":"https:\/\/www.padreeustaquio.com.br\/","name":"FATHER EUST\u00c1QUIO","description":"Health and Peace","publisher":{"@id":"https:\/\/www.padreeustaquio.com.br\/#organization"},"potentialAction":[{"@type":"SearchAction","target":{"@type":"EntryPoint","urlTemplate":"https:\/\/www.padreeustaquio.com.br\/?s={search_term_string}"},"query-input":{"@type":"PropertyValueSpecification","valueRequired":true,"valueName":"search_term_string"}}],"inLanguage":"en-US"},{"@type":"Organization","@id":"https:\/\/www.padreeustaquio.com.br\/#organization","name":"FATHER EUST\u00c1QUIO","url":"https:\/\/www.padreeustaquio.com.br\/","logo":{"@type":"ImageObject","inLanguage":"en-US","@id":"https:\/\/www.padreeustaquio.com.br\/#\/schema\/logo\/image\/","url":"https:\/\/www.padreeustaquio.com.br\/wp-content\/uploads\/2019\/08\/marca.png","contentUrl":"https:\/\/www.padreeustaquio.com.br\/wp-content\/uploads\/2019\/08\/marca.png","width":350,"height":400,"caption":"Padre Eust\u00e1quio"},"image":{"@id":"https:\/\/www.padreeustaquio.com.br\/#\/schema\/logo\/image\/"},"sameAs":["https:\/\/www.facebook.com\/beatopadreeustaquio\/","https:\/\/x.com\/beatopeustaquio","https:\/\/www.instagram.com\/beatopadreeustaquio\/","https:\/\/www.youtube.com\/channel\/UCRhw7vfabnajwLxb1ZXMeIw"]},{"@type":"Person","@id":"https:\/\/www.padreeustaquio.com.br\/#\/schema\/person\/a2a51db1d00f1a7af0204a0f1ddb1566","name":"@sscc","image":{"@type":"ImageObject","inLanguage":"en-US","@id":"https:\/\/secure.gravatar.com\/avatar\/68cfafa5f44617fea54071e215026e0ff06be366c3d54a8425f04fdcb86f8c5f?s=96&d=mm&r=g","url":"https:\/\/secure.gravatar.com\/avatar\/68cfafa5f44617fea54071e215026e0ff06be366c3d54a8425f04fdcb86f8c5f?s=96&d=mm&r=g","contentUrl":"https:\/\/secure.gravatar.com\/avatar\/68cfafa5f44617fea54071e215026e0ff06be366c3d54a8425f04fdcb86f8c5f?s=96&d=mm&r=g","caption":"@sscc"},"url":"https:\/\/www.padreeustaquio.com.br\/en\/author\/sscc\/"}]}},"_links":{"self":[{"href":"https:\/\/www.padreeustaquio.com.br\/en\/wp-json\/wp\/v2\/posts\/9242","targetHints":{"allow":["GET"]}}],"collection":[{"href":"https:\/\/www.padreeustaquio.com.br\/en\/wp-json\/wp\/v2\/posts"}],"about":[{"href":"https:\/\/www.padreeustaquio.com.br\/en\/wp-json\/wp\/v2\/types\/post"}],"author":[{"embeddable":true,"href":"https:\/\/www.padreeustaquio.com.br\/en\/wp-json\/wp\/v2\/users\/2"}],"replies":[{"embeddable":true,"href":"https:\/\/www.padreeustaquio.com.br\/en\/wp-json\/wp\/v2\/comments?post=9242"}],"version-history":[{"count":0,"href":"https:\/\/www.padreeustaquio.com.br\/en\/wp-json\/wp\/v2\/posts\/9242\/revisions"}],"wp:featuredmedia":[{"embeddable":true,"href":"https:\/\/www.padreeustaquio.com.br\/en\/wp-json\/wp\/v2\/media\/9244"}],"wp:attachment":[{"href":"https:\/\/www.padreeustaquio.com.br\/en\/wp-json\/wp\/v2\/media?parent=9242"}],"wp:term":[{"taxonomy":"category","embeddable":true,"href":"https:\/\/www.padreeustaquio.com.br\/en\/wp-json\/wp\/v2\/categories?post=9242"},{"taxonomy":"post_tag","embeddable":true,"href":"https:\/\/www.padreeustaquio.com.br\/en\/wp-json\/wp\/v2\/tags?post=9242"}],"curies":[{"name":"wp","href":"https:\/\/api.w.org\/{rel}","templated":true}]}}