{"id":9221,"date":"2022-08-31T10:07:00","date_gmt":"2022-08-31T13:07:00","guid":{"rendered":"https:\/\/www.padreeustaquio.com.br\/?p=9221"},"modified":"2022-09-05T10:07:29","modified_gmt":"2022-09-05T13:07:29","slug":"faith-and-emotion-at-the-2022-blessed-father-eustace-festival","status":"publish","type":"post","link":"https:\/\/www.padreeustaquio.com.br\/en\/faith-and-emotion-at-the-2022-blessed-father-eustace-festival\/","title":{"rendered":"Faith and emotion at the Feast of Blessed Father Eustace 2022"},"content":{"rendered":"<p>Much faith and emotion marked the 2022 Feast of Father Eust\u00e1quio. After two years without being able to participate in the celebrations in person, devotees of the Blessed One attended the Sanctuary in great numbers.<\/p>\n\n\n<div class=\"wp-block-image\">\n<figure class=\"alignleft size-medium\"><img fetchpriority=\"high\" decoding=\"async\" width=\"225\" height=\"300\" src=\"https:\/\/www.padreeustaquio.com.br\/wp-content\/uploads\/2022\/09\/Enzo-homenagem-PE-225x300.jpeg\" alt=\"\" class=\"wp-image-9222\" srcset=\"https:\/\/www.padreeustaquio.com.br\/wp-content\/uploads\/2022\/09\/Enzo-homenagem-PE-225x300.jpeg 225w, https:\/\/www.padreeustaquio.com.br\/wp-content\/uploads\/2022\/09\/Enzo-homenagem-PE-768x1024.jpeg 768w, https:\/\/www.padreeustaquio.com.br\/wp-content\/uploads\/2022\/09\/Enzo-homenagem-PE-1152x1536.jpeg 1152w, https:\/\/www.padreeustaquio.com.br\/wp-content\/uploads\/2022\/09\/Enzo-homenagem-PE.jpeg 1200w\" sizes=\"(max-width: 225px) 100vw, 225px\" \/><\/figure>\n<\/div>\n\n\n<p>The 30th was marked by several celebrations to accommodate all those who attended. In total, there were eight masses presided over by priests of the Congregation of the Sacred Hearts, the last one, at 7 pm, being the Solemn Celebration that ended with a luminous procession through the streets of the neighborhood. Upon returning to the Sanctuary, the image of Father Eust\u00e1quio was received by a choir formed by catechumens from the Church that bears the Blessed&#039;s name.<\/p>\n\n\n\n<p>Throughout the day, approximately 20,000 people visited the Sanctuary. The emotion among the faithful was palpable. Jana\u00edna Assis came with her entire family to give thanks for the blessings she received through the intercession of the Blessed. She brought her son, little Enzo, dressed as Father Eust\u00e1quio in gratitude. <em>\u201c&quot;We&#039;ve been devoted to Blessed Father Eustace even before I got pregnant. He helped me conceive Enzo, and now we&#039;ve received a blessing and we&#039;ve come to honor him.&quot;\u201d<\/em>, &quot;Jana\u00edna pointed out.&quot;.<\/p>\n\n\n\n<p>This year the celebration was graced by the presence of Father Andrzej Lukawski, ss.cc, Postulator General of the Congregation, who came from Rome to learn about the celebration and review documents related to the progress of the process. <em>\u201c&quot;I thank God for allowing me to participate in this canonization process of Father Eust\u00e1quio, I am very happy to be here. I thank Father Vin\u00edcius for this opportunity.&quot;\u201d <\/em>Andrzej spoke at the beginning of his address during the 7 p.m. solemn celebration. The postulator also said he believes the process is close to canonization and that, in particular, he thinks it will not take much longer.<\/p>\n\n\n\n<p>After some years away from Belo Horizonte, Will van den Boomen, nephew of Blessed Father Eustace, who came from Holland, was also present at the celebration. <em>\u201c&quot;I am very happy to be here again, close to my beloved uncle, Father Eust\u00e1quio. I am very moved by the acts and presence of such a religious and spiritual people because of Father Eust\u00e1quio.&quot;\u201d<\/em>.<\/p>\n\n\n<div class=\"wp-block-image\">\n<figure class=\"alignright size-medium is-resized\"><img decoding=\"async\" src=\"https:\/\/www.padreeustaquio.com.br\/wp-content\/uploads\/2022\/09\/Fieis-velas-memorial-2022-300x225.jpeg\" alt=\"\" class=\"wp-image-9223\" width=\"317\" height=\"238\" srcset=\"https:\/\/www.padreeustaquio.com.br\/wp-content\/uploads\/2022\/09\/Fieis-velas-memorial-2022-300x225.jpeg 300w, https:\/\/www.padreeustaquio.com.br\/wp-content\/uploads\/2022\/09\/Fieis-velas-memorial-2022-1024x768.jpeg 1024w, https:\/\/www.padreeustaquio.com.br\/wp-content\/uploads\/2022\/09\/Fieis-velas-memorial-2022-768x576.jpeg 768w, https:\/\/www.padreeustaquio.com.br\/wp-content\/uploads\/2022\/09\/Fieis-velas-memorial-2022-1536x1152.jpeg 1536w, https:\/\/www.padreeustaquio.com.br\/wp-content\/uploads\/2022\/09\/Fieis-velas-memorial-2022-180x135.jpeg 180w, https:\/\/www.padreeustaquio.com.br\/wp-content\/uploads\/2022\/09\/Fieis-velas-memorial-2022-400x300.jpeg 400w, https:\/\/www.padreeustaquio.com.br\/wp-content\/uploads\/2022\/09\/Fieis-velas-memorial-2022-600x450.jpeg 600w, https:\/\/www.padreeustaquio.com.br\/wp-content\/uploads\/2022\/09\/Fieis-velas-memorial-2022-800x600.jpeg 800w, https:\/\/www.padreeustaquio.com.br\/wp-content\/uploads\/2022\/09\/Fieis-velas-memorial-2022-1200x900.jpeg 1200w, https:\/\/www.padreeustaquio.com.br\/wp-content\/uploads\/2022\/09\/Fieis-velas-memorial-2022.jpeg 1600w\" sizes=\"(max-width: 317px) 100vw, 317px\" \/><\/figure>\n<\/div>\n\n\n<p>For Father Vin\u00edcius Maciel, ss.cc, vice-postulator of the Cause of Canonization of Blessed Father Eust\u00e1quio and rector of the Sanctuary of Health and Peace, it was a joy to welcome back the devotees of the Blessed during this very important celebration. <em>\u201cWe are all thrilled to be able to celebrate this festival after two years. During this Mass, we need to remember with great affection each and every one of you who, for months, have been taking care of every detail so that this day could unfold with such beauty, order, and care in every aspect.\u201d.<\/em><\/p>\n\n\n\n<p>This year, the Feast of Father Eustace featured a new addition: the Room of Miracles, where people could see some of the graces obtained through the intercession of the Blessed. Volunteers also received testimonies from people who had been blessed by Father Eustace&#039;s intercession.<\/p>\n\n\n\n<p>The festival also featured the traditional food stalls, this time only in the church parking lot. Those who attended could enjoy dishes that are already a hit at the Sanctuary of Health and Peace festivals, as well as visit the Ladies of Charity bazaar, also a tradition at the event.<\/p>\n\n\n\n<p>All the money raised at the Padre Eust\u00e1quio festival is divided into three parts: for the poor, through the work of the Ladies of Charity; for the Sacred Hearts Parish, which takes care of the maintenance of the Sanctuary; and for the Cause of Canonization, which oversees the process of Blessed Padre Eust\u00e1quio.<\/p>\n\n\n\n<p><\/p>","protected":false},"excerpt":{"rendered":"<p>Muita f\u00e9 e emo\u00e7\u00e3o marcam a Festa do Padre Eust\u00e1quio 2022. Depois de dois anos sem poder participar das celebra\u00e7\u00f5es de modo presencial, os devotos do Beato compareceram em grande n\u00famero ao Santu\u00e1rio. O dia 30 foi marcado por v\u00e1rias celebra\u00e7\u00f5es para atender todas as pessoas que compareceram ao local. Ao todo foram oito missas presididas por padres da Congrega\u00e7\u00e3o dos Sagrados Cora\u00e7\u00f5es, sendo a \u00faltima, \u00e0s 19h, a Celebra\u00e7\u00e3o Solene que terminou com uma prociss\u00e3o luminosa pelas ruas do bairro. No retorno para o Santu\u00e1rio, a imagem do Padre Eust\u00e1quio foi recebida por um coral formado por catequizandos da [&hellip;]<\/p>\n","protected":false},"author":2,"featured_media":9224,"comment_status":"open","ping_status":"closed","sticky":false,"template":"","format":"standard","meta":{"_acf_changed":false,"footnotes":""},"categories":[611],"tags":[],"class_list":["post-9221","post","type-post","status-publish","format-standard","has-post-thumbnail","hentry","category-noticias"],"acf":[],"yoast_head":"<!-- This site is optimized with the Yoast SEO plugin v27.2 - https:\/\/yoast.com\/product\/yoast-seo-wordpress\/ -->\n<title>F\u00e9 e emo\u00e7\u00e3o na Festa do Beato Padre Eust\u00e1quio 2022<\/title>\n<meta name=\"description\" content=\"Muita f\u00e9 e emo\u00e7\u00e3o marcam a Festa do Padre Eust\u00e1quio 2022. Depois de dois anos sem poder participar das celebra\u00e7\u00f5es de modo presencial, os devotos do Beato compareceram em grande n\u00famero ao Santu\u00e1rio.\" \/>\n<meta name=\"robots\" content=\"index, follow, max-snippet:-1, max-image-preview:large, max-video-preview:-1\" \/>\n<link rel=\"canonical\" href=\"https:\/\/www.padreeustaquio.com.br\/en\/faith-and-emotion-at-the-2022-blessed-father-eustace-festival\/\" \/>\n<meta property=\"og:locale\" content=\"en_US\" \/>\n<meta property=\"og:type\" content=\"article\" \/>\n<meta property=\"og:title\" content=\"F\u00e9 e emo\u00e7\u00e3o na Festa do Beato Padre Eust\u00e1quio 2022\" \/>\n<meta property=\"og:description\" content=\"Muita f\u00e9 e emo\u00e7\u00e3o marcam a Festa do Padre Eust\u00e1quio 2022. Depois de dois anos sem poder participar das celebra\u00e7\u00f5es de modo presencial, os devotos do Beato compareceram em grande n\u00famero ao Santu\u00e1rio.\" \/>\n<meta property=\"og:url\" content=\"https:\/\/www.padreeustaquio.com.br\/en\/faith-and-emotion-at-the-2022-blessed-father-eustace-festival\/\" \/>\n<meta property=\"og:site_name\" content=\"Padre Eust\u00e1quio\" \/>\n<meta property=\"article:publisher\" content=\"https:\/\/www.facebook.com\/beatopadreeustaquio\/\" \/>\n<meta property=\"article:published_time\" content=\"2022-08-31T13:07:00+00:00\" \/>\n<meta property=\"article:modified_time\" content=\"2022-09-05T13:07:29+00:00\" \/>\n<meta property=\"og:image\" content=\"https:\/\/www.padreeustaquio.com.br\/wp-content\/uploads\/2022\/09\/Festa-de-PE-2022.jpeg\" \/>\n\t<meta property=\"og:image:width\" content=\"1600\" \/>\n\t<meta property=\"og:image:height\" content=\"1200\" \/>\n\t<meta property=\"og:image:type\" content=\"image\/jpeg\" \/>\n<meta name=\"author\" content=\"@sscc\" \/>\n<meta name=\"twitter:card\" content=\"summary_large_image\" \/>\n<meta name=\"twitter:creator\" content=\"@beatopeustaquio\" \/>\n<meta name=\"twitter:site\" content=\"@beatopeustaquio\" \/>\n<meta name=\"twitter:label1\" content=\"Written by\" \/>\n\t<meta name=\"twitter:data1\" content=\"@sscc\" \/>\n\t<meta name=\"twitter:label2\" content=\"Est. reading time\" \/>\n\t<meta name=\"twitter:data2\" content=\"3 minutes\" \/>\n<script type=\"application\/ld+json\" class=\"yoast-schema-graph\">{\"@context\":\"https:\/\/schema.org\",\"@graph\":[{\"@type\":\"Article\",\"@id\":\"https:\/\/www.padreeustaquio.com.br\/fe-e-emocao-na-festa-do-beato-padre-eustaquio-2022\/#article\",\"isPartOf\":{\"@id\":\"https:\/\/www.padreeustaquio.com.br\/fe-e-emocao-na-festa-do-beato-padre-eustaquio-2022\/\"},\"author\":{\"name\":\"@sscc\",\"@id\":\"https:\/\/www.padreeustaquio.com.br\/#\/schema\/person\/a2a51db1d00f1a7af0204a0f1ddb1566\"},\"headline\":\"F\u00e9 e emo\u00e7\u00e3o na Festa do Beato Padre Eust\u00e1quio 2022\",\"datePublished\":\"2022-08-31T13:07:00+00:00\",\"dateModified\":\"2022-09-05T13:07:29+00:00\",\"mainEntityOfPage\":{\"@id\":\"https:\/\/www.padreeustaquio.com.br\/fe-e-emocao-na-festa-do-beato-padre-eustaquio-2022\/\"},\"wordCount\":652,\"commentCount\":0,\"publisher\":{\"@id\":\"https:\/\/www.padreeustaquio.com.br\/#organization\"},\"image\":{\"@id\":\"https:\/\/www.padreeustaquio.com.br\/fe-e-emocao-na-festa-do-beato-padre-eustaquio-2022\/#primaryimage\"},\"thumbnailUrl\":\"https:\/\/www.padreeustaquio.com.br\/wp-content\/uploads\/2022\/09\/Festa-de-PE-2022.jpeg\",\"articleSection\":[\"Not\u00edcias\"],\"inLanguage\":\"en-US\",\"potentialAction\":[{\"@type\":\"CommentAction\",\"name\":\"Comment\",\"target\":[\"https:\/\/www.padreeustaquio.com.br\/fe-e-emocao-na-festa-do-beato-padre-eustaquio-2022\/#respond\"]}]},{\"@type\":\"WebPage\",\"@id\":\"https:\/\/www.padreeustaquio.com.br\/fe-e-emocao-na-festa-do-beato-padre-eustaquio-2022\/\",\"url\":\"https:\/\/www.padreeustaquio.com.br\/fe-e-emocao-na-festa-do-beato-padre-eustaquio-2022\/\",\"name\":\"F\u00e9 e emo\u00e7\u00e3o na Festa do Beato Padre Eust\u00e1quio 2022\",\"isPartOf\":{\"@id\":\"https:\/\/www.padreeustaquio.com.br\/#website\"},\"primaryImageOfPage\":{\"@id\":\"https:\/\/www.padreeustaquio.com.br\/fe-e-emocao-na-festa-do-beato-padre-eustaquio-2022\/#primaryimage\"},\"image\":{\"@id\":\"https:\/\/www.padreeustaquio.com.br\/fe-e-emocao-na-festa-do-beato-padre-eustaquio-2022\/#primaryimage\"},\"thumbnailUrl\":\"https:\/\/www.padreeustaquio.com.br\/wp-content\/uploads\/2022\/09\/Festa-de-PE-2022.jpeg\",\"datePublished\":\"2022-08-31T13:07:00+00:00\",\"dateModified\":\"2022-09-05T13:07:29+00:00\",\"description\":\"Muita f\u00e9 e emo\u00e7\u00e3o marcam a Festa do Padre Eust\u00e1quio 2022. Depois de dois anos sem poder participar das celebra\u00e7\u00f5es de modo presencial, os devotos do Beato compareceram em grande n\u00famero ao Santu\u00e1rio.\",\"breadcrumb\":{\"@id\":\"https:\/\/www.padreeustaquio.com.br\/fe-e-emocao-na-festa-do-beato-padre-eustaquio-2022\/#breadcrumb\"},\"inLanguage\":\"en-US\",\"potentialAction\":[{\"@type\":\"ReadAction\",\"target\":[\"https:\/\/www.padreeustaquio.com.br\/fe-e-emocao-na-festa-do-beato-padre-eustaquio-2022\/\"]}]},{\"@type\":\"ImageObject\",\"inLanguage\":\"en-US\",\"@id\":\"https:\/\/www.padreeustaquio.com.br\/fe-e-emocao-na-festa-do-beato-padre-eustaquio-2022\/#primaryimage\",\"url\":\"https:\/\/www.padreeustaquio.com.br\/wp-content\/uploads\/2022\/09\/Festa-de-PE-2022.jpeg\",\"contentUrl\":\"https:\/\/www.padreeustaquio.com.br\/wp-content\/uploads\/2022\/09\/Festa-de-PE-2022.jpeg\",\"width\":1600,\"height\":1200},{\"@type\":\"BreadcrumbList\",\"@id\":\"https:\/\/www.padreeustaquio.com.br\/fe-e-emocao-na-festa-do-beato-padre-eustaquio-2022\/#breadcrumb\",\"itemListElement\":[{\"@type\":\"ListItem\",\"position\":1,\"name\":\"In\u00edcio\",\"item\":\"https:\/\/www.padreeustaquio.com.br\/\"},{\"@type\":\"ListItem\",\"position\":2,\"name\":\"F\u00e9 e emo\u00e7\u00e3o na Festa do Beato Padre Eust\u00e1quio 2022\"}]},{\"@type\":\"WebSite\",\"@id\":\"https:\/\/www.padreeustaquio.com.br\/#website\",\"url\":\"https:\/\/www.padreeustaquio.com.br\/\",\"name\":\"Padre Eust\u00e1quio\",\"description\":\"Sa\u00fade e Paz\",\"publisher\":{\"@id\":\"https:\/\/www.padreeustaquio.com.br\/#organization\"},\"potentialAction\":[{\"@type\":\"SearchAction\",\"target\":{\"@type\":\"EntryPoint\",\"urlTemplate\":\"https:\/\/www.padreeustaquio.com.br\/?s={search_term_string}\"},\"query-input\":{\"@type\":\"PropertyValueSpecification\",\"valueRequired\":true,\"valueName\":\"search_term_string\"}}],\"inLanguage\":\"en-US\"},{\"@type\":\"Organization\",\"@id\":\"https:\/\/www.padreeustaquio.com.br\/#organization\",\"name\":\"Padre Eust\u00e1quio\",\"url\":\"https:\/\/www.padreeustaquio.com.br\/\",\"logo\":{\"@type\":\"ImageObject\",\"inLanguage\":\"en-US\",\"@id\":\"https:\/\/www.padreeustaquio.com.br\/#\/schema\/logo\/image\/\",\"url\":\"https:\/\/www.padreeustaquio.com.br\/wp-content\/uploads\/2019\/08\/marca.png\",\"contentUrl\":\"https:\/\/www.padreeustaquio.com.br\/wp-content\/uploads\/2019\/08\/marca.png\",\"width\":350,\"height\":400,\"caption\":\"Padre Eust\u00e1quio\"},\"image\":{\"@id\":\"https:\/\/www.padreeustaquio.com.br\/#\/schema\/logo\/image\/\"},\"sameAs\":[\"https:\/\/www.facebook.com\/beatopadreeustaquio\/\",\"https:\/\/x.com\/beatopeustaquio\",\"https:\/\/www.instagram.com\/beatopadreeustaquio\/\",\"https:\/\/www.youtube.com\/channel\/UCRhw7vfabnajwLxb1ZXMeIw\"]},{\"@type\":\"Person\",\"@id\":\"https:\/\/www.padreeustaquio.com.br\/#\/schema\/person\/a2a51db1d00f1a7af0204a0f1ddb1566\",\"name\":\"@sscc\",\"image\":{\"@type\":\"ImageObject\",\"inLanguage\":\"en-US\",\"@id\":\"https:\/\/secure.gravatar.com\/avatar\/68cfafa5f44617fea54071e215026e0ff06be366c3d54a8425f04fdcb86f8c5f?s=96&d=mm&r=g\",\"url\":\"https:\/\/secure.gravatar.com\/avatar\/68cfafa5f44617fea54071e215026e0ff06be366c3d54a8425f04fdcb86f8c5f?s=96&d=mm&r=g\",\"contentUrl\":\"https:\/\/secure.gravatar.com\/avatar\/68cfafa5f44617fea54071e215026e0ff06be366c3d54a8425f04fdcb86f8c5f?s=96&d=mm&r=g\",\"caption\":\"@sscc\"},\"url\":\"https:\/\/www.padreeustaquio.com.br\/en\/author\/sscc\/\"}]}<\/script>\n<!-- \/ Yoast SEO plugin. -->","yoast_head_json":{"title":"Faith and emotion at the Feast of Blessed Father Eustace 2022","description":"Much faith and emotion marked the 2022 Feast of Father Eust\u00e1quio. After two years without being able to participate in the celebrations in person, devotees of the Blessed One attended the Sanctuary in great numbers.","robots":{"index":"index","follow":"follow","max-snippet":"max-snippet:-1","max-image-preview":"max-image-preview:large","max-video-preview":"max-video-preview:-1"},"canonical":"https:\/\/www.padreeustaquio.com.br\/en\/faith-and-emotion-at-the-2022-blessed-father-eustace-festival\/","og_locale":"en_US","og_type":"article","og_title":"F\u00e9 e emo\u00e7\u00e3o na Festa do Beato Padre Eust\u00e1quio 2022","og_description":"Muita f\u00e9 e emo\u00e7\u00e3o marcam a Festa do Padre Eust\u00e1quio 2022. Depois de dois anos sem poder participar das celebra\u00e7\u00f5es de modo presencial, os devotos do Beato compareceram em grande n\u00famero ao Santu\u00e1rio.","og_url":"https:\/\/www.padreeustaquio.com.br\/en\/faith-and-emotion-at-the-2022-blessed-father-eustace-festival\/","og_site_name":"Padre Eust\u00e1quio","article_publisher":"https:\/\/www.facebook.com\/beatopadreeustaquio\/","article_published_time":"2022-08-31T13:07:00+00:00","article_modified_time":"2022-09-05T13:07:29+00:00","og_image":[{"width":1600,"height":1200,"url":"https:\/\/www.padreeustaquio.com.br\/wp-content\/uploads\/2022\/09\/Festa-de-PE-2022.jpeg","type":"image\/jpeg"}],"author":"@sscc","twitter_card":"summary_large_image","twitter_creator":"@beatopeustaquio","twitter_site":"@beatopeustaquio","twitter_misc":{"Written by":"@sscc","Est. reading time":"3 minutes"},"schema":{"@context":"https:\/\/schema.org","@graph":[{"@type":"Article","@id":"https:\/\/www.padreeustaquio.com.br\/fe-e-emocao-na-festa-do-beato-padre-eustaquio-2022\/#article","isPartOf":{"@id":"https:\/\/www.padreeustaquio.com.br\/fe-e-emocao-na-festa-do-beato-padre-eustaquio-2022\/"},"author":{"name":"@sscc","@id":"https:\/\/www.padreeustaquio.com.br\/#\/schema\/person\/a2a51db1d00f1a7af0204a0f1ddb1566"},"headline":"F\u00e9 e emo\u00e7\u00e3o na Festa do Beato Padre Eust\u00e1quio 2022","datePublished":"2022-08-31T13:07:00+00:00","dateModified":"2022-09-05T13:07:29+00:00","mainEntityOfPage":{"@id":"https:\/\/www.padreeustaquio.com.br\/fe-e-emocao-na-festa-do-beato-padre-eustaquio-2022\/"},"wordCount":652,"commentCount":0,"publisher":{"@id":"https:\/\/www.padreeustaquio.com.br\/#organization"},"image":{"@id":"https:\/\/www.padreeustaquio.com.br\/fe-e-emocao-na-festa-do-beato-padre-eustaquio-2022\/#primaryimage"},"thumbnailUrl":"https:\/\/www.padreeustaquio.com.br\/wp-content\/uploads\/2022\/09\/Festa-de-PE-2022.jpeg","articleSection":["Not\u00edcias"],"inLanguage":"en-US","potentialAction":[{"@type":"CommentAction","name":"Comment","target":["https:\/\/www.padreeustaquio.com.br\/fe-e-emocao-na-festa-do-beato-padre-eustaquio-2022\/#respond"]}]},{"@type":"WebPage","@id":"https:\/\/www.padreeustaquio.com.br\/fe-e-emocao-na-festa-do-beato-padre-eustaquio-2022\/","url":"https:\/\/www.padreeustaquio.com.br\/fe-e-emocao-na-festa-do-beato-padre-eustaquio-2022\/","name":"Faith and emotion at the Feast of Blessed Father Eustace 2022","isPartOf":{"@id":"https:\/\/www.padreeustaquio.com.br\/#website"},"primaryImageOfPage":{"@id":"https:\/\/www.padreeustaquio.com.br\/fe-e-emocao-na-festa-do-beato-padre-eustaquio-2022\/#primaryimage"},"image":{"@id":"https:\/\/www.padreeustaquio.com.br\/fe-e-emocao-na-festa-do-beato-padre-eustaquio-2022\/#primaryimage"},"thumbnailUrl":"https:\/\/www.padreeustaquio.com.br\/wp-content\/uploads\/2022\/09\/Festa-de-PE-2022.jpeg","datePublished":"2022-08-31T13:07:00+00:00","dateModified":"2022-09-05T13:07:29+00:00","description":"Much faith and emotion marked the 2022 Feast of Father Eust\u00e1quio. After two years without being able to participate in the celebrations in person, devotees of the Blessed One attended the Sanctuary in great numbers.","breadcrumb":{"@id":"https:\/\/www.padreeustaquio.com.br\/fe-e-emocao-na-festa-do-beato-padre-eustaquio-2022\/#breadcrumb"},"inLanguage":"en-US","potentialAction":[{"@type":"ReadAction","target":["https:\/\/www.padreeustaquio.com.br\/fe-e-emocao-na-festa-do-beato-padre-eustaquio-2022\/"]}]},{"@type":"ImageObject","inLanguage":"en-US","@id":"https:\/\/www.padreeustaquio.com.br\/fe-e-emocao-na-festa-do-beato-padre-eustaquio-2022\/#primaryimage","url":"https:\/\/www.padreeustaquio.com.br\/wp-content\/uploads\/2022\/09\/Festa-de-PE-2022.jpeg","contentUrl":"https:\/\/www.padreeustaquio.com.br\/wp-content\/uploads\/2022\/09\/Festa-de-PE-2022.jpeg","width":1600,"height":1200},{"@type":"BreadcrumbList","@id":"https:\/\/www.padreeustaquio.com.br\/fe-e-emocao-na-festa-do-beato-padre-eustaquio-2022\/#breadcrumb","itemListElement":[{"@type":"ListItem","position":1,"name":"In\u00edcio","item":"https:\/\/www.padreeustaquio.com.br\/"},{"@type":"ListItem","position":2,"name":"F\u00e9 e emo\u00e7\u00e3o na Festa do Beato Padre Eust\u00e1quio 2022"}]},{"@type":"WebSite","@id":"https:\/\/www.padreeustaquio.com.br\/#website","url":"https:\/\/www.padreeustaquio.com.br\/","name":"FATHER EUST\u00c1QUIO","description":"Health and Peace","publisher":{"@id":"https:\/\/www.padreeustaquio.com.br\/#organization"},"potentialAction":[{"@type":"SearchAction","target":{"@type":"EntryPoint","urlTemplate":"https:\/\/www.padreeustaquio.com.br\/?s={search_term_string}"},"query-input":{"@type":"PropertyValueSpecification","valueRequired":true,"valueName":"search_term_string"}}],"inLanguage":"en-US"},{"@type":"Organization","@id":"https:\/\/www.padreeustaquio.com.br\/#organization","name":"FATHER EUST\u00c1QUIO","url":"https:\/\/www.padreeustaquio.com.br\/","logo":{"@type":"ImageObject","inLanguage":"en-US","@id":"https:\/\/www.padreeustaquio.com.br\/#\/schema\/logo\/image\/","url":"https:\/\/www.padreeustaquio.com.br\/wp-content\/uploads\/2019\/08\/marca.png","contentUrl":"https:\/\/www.padreeustaquio.com.br\/wp-content\/uploads\/2019\/08\/marca.png","width":350,"height":400,"caption":"Padre Eust\u00e1quio"},"image":{"@id":"https:\/\/www.padreeustaquio.com.br\/#\/schema\/logo\/image\/"},"sameAs":["https:\/\/www.facebook.com\/beatopadreeustaquio\/","https:\/\/x.com\/beatopeustaquio","https:\/\/www.instagram.com\/beatopadreeustaquio\/","https:\/\/www.youtube.com\/channel\/UCRhw7vfabnajwLxb1ZXMeIw"]},{"@type":"Person","@id":"https:\/\/www.padreeustaquio.com.br\/#\/schema\/person\/a2a51db1d00f1a7af0204a0f1ddb1566","name":"@sscc","image":{"@type":"ImageObject","inLanguage":"en-US","@id":"https:\/\/secure.gravatar.com\/avatar\/68cfafa5f44617fea54071e215026e0ff06be366c3d54a8425f04fdcb86f8c5f?s=96&d=mm&r=g","url":"https:\/\/secure.gravatar.com\/avatar\/68cfafa5f44617fea54071e215026e0ff06be366c3d54a8425f04fdcb86f8c5f?s=96&d=mm&r=g","contentUrl":"https:\/\/secure.gravatar.com\/avatar\/68cfafa5f44617fea54071e215026e0ff06be366c3d54a8425f04fdcb86f8c5f?s=96&d=mm&r=g","caption":"@sscc"},"url":"https:\/\/www.padreeustaquio.com.br\/en\/author\/sscc\/"}]}},"_links":{"self":[{"href":"https:\/\/www.padreeustaquio.com.br\/en\/wp-json\/wp\/v2\/posts\/9221","targetHints":{"allow":["GET"]}}],"collection":[{"href":"https:\/\/www.padreeustaquio.com.br\/en\/wp-json\/wp\/v2\/posts"}],"about":[{"href":"https:\/\/www.padreeustaquio.com.br\/en\/wp-json\/wp\/v2\/types\/post"}],"author":[{"embeddable":true,"href":"https:\/\/www.padreeustaquio.com.br\/en\/wp-json\/wp\/v2\/users\/2"}],"replies":[{"embeddable":true,"href":"https:\/\/www.padreeustaquio.com.br\/en\/wp-json\/wp\/v2\/comments?post=9221"}],"version-history":[{"count":0,"href":"https:\/\/www.padreeustaquio.com.br\/en\/wp-json\/wp\/v2\/posts\/9221\/revisions"}],"wp:featuredmedia":[{"embeddable":true,"href":"https:\/\/www.padreeustaquio.com.br\/en\/wp-json\/wp\/v2\/media\/9224"}],"wp:attachment":[{"href":"https:\/\/www.padreeustaquio.com.br\/en\/wp-json\/wp\/v2\/media?parent=9221"}],"wp:term":[{"taxonomy":"category","embeddable":true,"href":"https:\/\/www.padreeustaquio.com.br\/en\/wp-json\/wp\/v2\/categories?post=9221"},{"taxonomy":"post_tag","embeddable":true,"href":"https:\/\/www.padreeustaquio.com.br\/en\/wp-json\/wp\/v2\/tags?post=9221"}],"curies":[{"name":"wp","href":"https:\/\/api.w.org\/{rel}","templated":true}]}}