{"id":9202,"date":"2022-08-29T08:48:37","date_gmt":"2022-08-29T11:48:37","guid":{"rendered":"https:\/\/www.padreeustaquio.com.br\/?p=9202"},"modified":"2022-08-29T08:55:05","modified_gmt":"2022-08-29T11:55:05","slug":"brother-wanderson-ss-cc-will-be-ordained-a-deacon-in-belo-horizonte","status":"publish","type":"post","link":"https:\/\/www.padreeustaquio.com.br\/en\/brother-wanderson-ss-cc-will-be-ordained-a-deacon-in-belo-horizonte\/","title":{"rendered":"Brother Wanderson, SS.CC., will be ordained a Deacon in Belo Horizonte."},"content":{"rendered":"<p>Brother Wanderson de Souza Alves, ss.cc., will be ordained a deacon this Monday evening, August 29th. The ceremony will take place during the Holy Mass at 7 PM, coinciding with the 9th Day of the Novena to Blessed Father Eustace, at the Archdiocesan Sanctuary of Health and Peace in Belo Horizonte, Minas Gerais.<\/p>\n\n\n\n<p>The Eucharist will be presided over by Dom Alo\u00edsio Jorge Pena Vitral, Bishop Emeritus of the Diocese of Sete Lagoas-MG. It is expected that brothers and sisters of the Congregation, coming from various parts of the country, will participate in the ordination in the capital of Minas Gerais, in addition to the parish community. The entire ceremony can also be followed remotely via the Padre Eust\u00e1quio Channel on YouTube (<a href=\"https:\/\/www.youtube.com\/watch?v=7NmYqJtWd5M\" target=\"_blank\" rel=\"noreferrer noopener\">FOLLOW HERE<\/a>). <\/p>\n\n\n\n<p>After his ordination, Brother Wanderson will participate in the Father Eust\u00e1quio Day celebrations in Belo Horizonte and, the following day, will be sent to his new mission in the city of Patroc\u00ednio, in the Alto Parana\u00edba region of Minas Gerais.<\/p>\n\n\n\n<p><strong>Brother Wanderson, SSCC<\/strong><\/p>\n\n\n\n<p>Wanderson de Souza Alves was born in the city of Rio de Janeiro on April 14, 1993. Son of<br>Francisco Carlos Alves and Sheila Gama de Souza Alves (In memoriam). He joined the Congregation in 2012. He completed his novitiate in 2015 in Cerrillos de Curacavi \u2013 Chile, and professed his first vows on January 17, 2016, at the Nossa Senhora do Desterro Parish in Campo Grande-RJ. Since 2019 he has resided in<br>He is a member of the religious community of the Sanctuary of Health and Peace, where he works pastorally. He made his Perpetual Profession on January 16, 2021, at the Sanctuary of Health and Peace in Belo Horizonte. He completed his Theology studies in 2021 at the Jesuit Faculty.<\/p>\n\n\n\n<p><\/p>","protected":false},"excerpt":{"rendered":"<p>O irm\u00e3o Wanderson de Souza Alves, ss.cc., ser\u00e1 ordenado di\u00e1cono na noite desta segunda-feira, dia 29 de agosto. A cerim\u00f4nia acontece durante a Celebra\u00e7\u00e3o da Santa Missa, \u00e0s 19h, junto com o 9\u00ba Dia da Novena ao Bem-Aventurado Padre Eust\u00e1quio, no Santu\u00e1rio Arquidiocesano da Sa\u00fade e da Paz, em Belo Horizonte-MG. A Eucaristia ser\u00e1 presidida por Dom Alo\u00edsio Jorge Pena Vitral, bispo em\u00e9rito da Diocese de Sete Lagoas-MG. A expectativa \u00e9 de que irm\u00e3os da Congrega\u00e7\u00e3o, vindos de v\u00e1rias partes do pa\u00eds, participem da ordena\u00e7\u00e3o na capital mineira, al\u00e9m da comunidade paroquial. Toda a cerim\u00f4nia poder\u00e1 ser acompanhada tamb\u00e9m de [&hellip;]<\/p>\n","protected":false},"author":2,"featured_media":9203,"comment_status":"open","ping_status":"closed","sticky":false,"template":"","format":"standard","meta":{"_acf_changed":false,"footnotes":""},"categories":[611],"tags":[],"class_list":["post-9202","post","type-post","status-publish","format-standard","has-post-thumbnail","hentry","category-noticias"],"acf":[],"yoast_head":"<!-- This site is optimized with the Yoast SEO plugin v27.2 - https:\/\/yoast.com\/product\/yoast-seo-wordpress\/ -->\n<title>Irm\u00e3o Wanderson, SS.CC., ser\u00e1 ordenado Di\u00e1cono em Belo Horizonte<\/title>\n<meta name=\"description\" content=\"O irm\u00e3o Wanderson de Souza Alves, ss.cc., ser\u00e1 ordenado di\u00e1cono na noite desta segunda-feira, dia 29 de agosto. A cerim\u00f4nia acontece durante a Celebra\u00e7\u00e3o da Santa Missa, \u00e0s 19h, junto com o 9\u00ba Dia da Novena ao Bem-Aventurado Padre Eust\u00e1quio, no Santu\u00e1rio Arquidiocesano da Sa\u00fade e da Paz, em Belo Horizonte-MG.\" \/>\n<meta name=\"robots\" content=\"index, follow, max-snippet:-1, max-image-preview:large, max-video-preview:-1\" \/>\n<link rel=\"canonical\" href=\"https:\/\/www.padreeustaquio.com.br\/en\/brother-wanderson-ss-cc-will-be-ordained-a-deacon-in-belo-horizonte\/\" \/>\n<meta property=\"og:locale\" content=\"en_US\" \/>\n<meta property=\"og:type\" content=\"article\" \/>\n<meta property=\"og:title\" content=\"Irm\u00e3o Wanderson, SS.CC., ser\u00e1 ordenado Di\u00e1cono em Belo Horizonte\" \/>\n<meta property=\"og:description\" content=\"O irm\u00e3o Wanderson de Souza Alves, ss.cc., ser\u00e1 ordenado di\u00e1cono na noite desta segunda-feira, dia 29 de agosto. A cerim\u00f4nia acontece durante a Celebra\u00e7\u00e3o da Santa Missa, \u00e0s 19h, junto com o 9\u00ba Dia da Novena ao Bem-Aventurado Padre Eust\u00e1quio, no Santu\u00e1rio Arquidiocesano da Sa\u00fade e da Paz, em Belo Horizonte-MG.\" \/>\n<meta property=\"og:url\" content=\"https:\/\/www.padreeustaquio.com.br\/en\/brother-wanderson-ss-cc-will-be-ordained-a-deacon-in-belo-horizonte\/\" \/>\n<meta property=\"og:site_name\" content=\"Padre Eust\u00e1quio\" \/>\n<meta property=\"article:publisher\" content=\"https:\/\/www.facebook.com\/beatopadreeustaquio\/\" \/>\n<meta property=\"article:published_time\" content=\"2022-08-29T11:48:37+00:00\" \/>\n<meta property=\"article:modified_time\" content=\"2022-08-29T11:55:05+00:00\" \/>\n<meta property=\"og:image\" content=\"https:\/\/www.padreeustaquio.com.br\/wp-content\/uploads\/2022\/08\/Ir.-Wanderson-Souza-Alves-e1661774079760.jpeg\" \/>\n\t<meta property=\"og:image:width\" content=\"1200\" \/>\n\t<meta property=\"og:image:height\" content=\"600\" \/>\n\t<meta property=\"og:image:type\" content=\"image\/jpeg\" \/>\n<meta name=\"author\" content=\"@sscc\" \/>\n<meta name=\"twitter:card\" content=\"summary_large_image\" \/>\n<meta name=\"twitter:image\" content=\"https:\/\/www.padreeustaquio.com.br\/wp-content\/uploads\/2022\/08\/Ir.-Wanderson-Souza-Alves-e1661774079760.jpeg\" \/>\n<meta name=\"twitter:creator\" content=\"@beatopeustaquio\" \/>\n<meta name=\"twitter:site\" content=\"@beatopeustaquio\" \/>\n<meta name=\"twitter:label1\" content=\"Written by\" \/>\n\t<meta name=\"twitter:data1\" content=\"@sscc\" \/>\n\t<meta name=\"twitter:label2\" content=\"Est. reading time\" \/>\n\t<meta name=\"twitter:data2\" content=\"2 minutes\" \/>\n<script type=\"application\/ld+json\" class=\"yoast-schema-graph\">{\"@context\":\"https:\/\/schema.org\",\"@graph\":[{\"@type\":\"Article\",\"@id\":\"https:\/\/www.padreeustaquio.com.br\/irmao-wanderson-ss-cc-sera-ordenado-diacono-em-belo-horizonte\/#article\",\"isPartOf\":{\"@id\":\"https:\/\/www.padreeustaquio.com.br\/irmao-wanderson-ss-cc-sera-ordenado-diacono-em-belo-horizonte\/\"},\"author\":{\"name\":\"@sscc\",\"@id\":\"https:\/\/www.padreeustaquio.com.br\/#\/schema\/person\/a2a51db1d00f1a7af0204a0f1ddb1566\"},\"headline\":\"Irm\u00e3o Wanderson, SS.CC., ser\u00e1 ordenado Di\u00e1cono em Belo Horizonte\",\"datePublished\":\"2022-08-29T11:48:37+00:00\",\"dateModified\":\"2022-08-29T11:55:05+00:00\",\"mainEntityOfPage\":{\"@id\":\"https:\/\/www.padreeustaquio.com.br\/irmao-wanderson-ss-cc-sera-ordenado-diacono-em-belo-horizonte\/\"},\"wordCount\":291,\"commentCount\":0,\"publisher\":{\"@id\":\"https:\/\/www.padreeustaquio.com.br\/#organization\"},\"image\":{\"@id\":\"https:\/\/www.padreeustaquio.com.br\/irmao-wanderson-ss-cc-sera-ordenado-diacono-em-belo-horizonte\/#primaryimage\"},\"thumbnailUrl\":\"https:\/\/www.padreeustaquio.com.br\/wp-content\/uploads\/2022\/08\/Ir.-Wanderson-Souza-Alves-e1661774079760.jpeg\",\"articleSection\":[\"Not\u00edcias\"],\"inLanguage\":\"en-US\",\"potentialAction\":[{\"@type\":\"CommentAction\",\"name\":\"Comment\",\"target\":[\"https:\/\/www.padreeustaquio.com.br\/irmao-wanderson-ss-cc-sera-ordenado-diacono-em-belo-horizonte\/#respond\"]}]},{\"@type\":\"WebPage\",\"@id\":\"https:\/\/www.padreeustaquio.com.br\/irmao-wanderson-ss-cc-sera-ordenado-diacono-em-belo-horizonte\/\",\"url\":\"https:\/\/www.padreeustaquio.com.br\/irmao-wanderson-ss-cc-sera-ordenado-diacono-em-belo-horizonte\/\",\"name\":\"Irm\u00e3o Wanderson, SS.CC., ser\u00e1 ordenado Di\u00e1cono em Belo Horizonte\",\"isPartOf\":{\"@id\":\"https:\/\/www.padreeustaquio.com.br\/#website\"},\"primaryImageOfPage\":{\"@id\":\"https:\/\/www.padreeustaquio.com.br\/irmao-wanderson-ss-cc-sera-ordenado-diacono-em-belo-horizonte\/#primaryimage\"},\"image\":{\"@id\":\"https:\/\/www.padreeustaquio.com.br\/irmao-wanderson-ss-cc-sera-ordenado-diacono-em-belo-horizonte\/#primaryimage\"},\"thumbnailUrl\":\"https:\/\/www.padreeustaquio.com.br\/wp-content\/uploads\/2022\/08\/Ir.-Wanderson-Souza-Alves-e1661774079760.jpeg\",\"datePublished\":\"2022-08-29T11:48:37+00:00\",\"dateModified\":\"2022-08-29T11:55:05+00:00\",\"description\":\"O irm\u00e3o Wanderson de Souza Alves, ss.cc., ser\u00e1 ordenado di\u00e1cono na noite desta segunda-feira, dia 29 de agosto. A cerim\u00f4nia acontece durante a Celebra\u00e7\u00e3o da Santa Missa, \u00e0s 19h, junto com o 9\u00ba Dia da Novena ao Bem-Aventurado Padre Eust\u00e1quio, no Santu\u00e1rio Arquidiocesano da Sa\u00fade e da Paz, em Belo Horizonte-MG.\",\"breadcrumb\":{\"@id\":\"https:\/\/www.padreeustaquio.com.br\/irmao-wanderson-ss-cc-sera-ordenado-diacono-em-belo-horizonte\/#breadcrumb\"},\"inLanguage\":\"en-US\",\"potentialAction\":[{\"@type\":\"ReadAction\",\"target\":[\"https:\/\/www.padreeustaquio.com.br\/irmao-wanderson-ss-cc-sera-ordenado-diacono-em-belo-horizonte\/\"]}]},{\"@type\":\"ImageObject\",\"inLanguage\":\"en-US\",\"@id\":\"https:\/\/www.padreeustaquio.com.br\/irmao-wanderson-ss-cc-sera-ordenado-diacono-em-belo-horizonte\/#primaryimage\",\"url\":\"https:\/\/www.padreeustaquio.com.br\/wp-content\/uploads\/2022\/08\/Ir.-Wanderson-Souza-Alves-e1661774079760.jpeg\",\"contentUrl\":\"https:\/\/www.padreeustaquio.com.br\/wp-content\/uploads\/2022\/08\/Ir.-Wanderson-Souza-Alves-e1661774079760.jpeg\",\"width\":1200,\"height\":600},{\"@type\":\"BreadcrumbList\",\"@id\":\"https:\/\/www.padreeustaquio.com.br\/irmao-wanderson-ss-cc-sera-ordenado-diacono-em-belo-horizonte\/#breadcrumb\",\"itemListElement\":[{\"@type\":\"ListItem\",\"position\":1,\"name\":\"In\u00edcio\",\"item\":\"https:\/\/www.padreeustaquio.com.br\/\"},{\"@type\":\"ListItem\",\"position\":2,\"name\":\"Irm\u00e3o Wanderson, SS.CC., ser\u00e1 ordenado Di\u00e1cono em Belo Horizonte\"}]},{\"@type\":\"WebSite\",\"@id\":\"https:\/\/www.padreeustaquio.com.br\/#website\",\"url\":\"https:\/\/www.padreeustaquio.com.br\/\",\"name\":\"Padre Eust\u00e1quio\",\"description\":\"Sa\u00fade e Paz\",\"publisher\":{\"@id\":\"https:\/\/www.padreeustaquio.com.br\/#organization\"},\"potentialAction\":[{\"@type\":\"SearchAction\",\"target\":{\"@type\":\"EntryPoint\",\"urlTemplate\":\"https:\/\/www.padreeustaquio.com.br\/?s={search_term_string}\"},\"query-input\":{\"@type\":\"PropertyValueSpecification\",\"valueRequired\":true,\"valueName\":\"search_term_string\"}}],\"inLanguage\":\"en-US\"},{\"@type\":\"Organization\",\"@id\":\"https:\/\/www.padreeustaquio.com.br\/#organization\",\"name\":\"Padre Eust\u00e1quio\",\"url\":\"https:\/\/www.padreeustaquio.com.br\/\",\"logo\":{\"@type\":\"ImageObject\",\"inLanguage\":\"en-US\",\"@id\":\"https:\/\/www.padreeustaquio.com.br\/#\/schema\/logo\/image\/\",\"url\":\"https:\/\/www.padreeustaquio.com.br\/wp-content\/uploads\/2019\/08\/marca.png\",\"contentUrl\":\"https:\/\/www.padreeustaquio.com.br\/wp-content\/uploads\/2019\/08\/marca.png\",\"width\":350,\"height\":400,\"caption\":\"Padre Eust\u00e1quio\"},\"image\":{\"@id\":\"https:\/\/www.padreeustaquio.com.br\/#\/schema\/logo\/image\/\"},\"sameAs\":[\"https:\/\/www.facebook.com\/beatopadreeustaquio\/\",\"https:\/\/x.com\/beatopeustaquio\",\"https:\/\/www.instagram.com\/beatopadreeustaquio\/\",\"https:\/\/www.youtube.com\/channel\/UCRhw7vfabnajwLxb1ZXMeIw\"]},{\"@type\":\"Person\",\"@id\":\"https:\/\/www.padreeustaquio.com.br\/#\/schema\/person\/a2a51db1d00f1a7af0204a0f1ddb1566\",\"name\":\"@sscc\",\"image\":{\"@type\":\"ImageObject\",\"inLanguage\":\"en-US\",\"@id\":\"https:\/\/secure.gravatar.com\/avatar\/68cfafa5f44617fea54071e215026e0ff06be366c3d54a8425f04fdcb86f8c5f?s=96&d=mm&r=g\",\"url\":\"https:\/\/secure.gravatar.com\/avatar\/68cfafa5f44617fea54071e215026e0ff06be366c3d54a8425f04fdcb86f8c5f?s=96&d=mm&r=g\",\"contentUrl\":\"https:\/\/secure.gravatar.com\/avatar\/68cfafa5f44617fea54071e215026e0ff06be366c3d54a8425f04fdcb86f8c5f?s=96&d=mm&r=g\",\"caption\":\"@sscc\"},\"url\":\"https:\/\/www.padreeustaquio.com.br\/en\/author\/sscc\/\"}]}<\/script>\n<!-- \/ Yoast SEO plugin. -->","yoast_head_json":{"title":"Brother Wanderson, SS.CC., will be ordained a Deacon in Belo Horizonte.","description":"Brother Wanderson de Souza Alves, ss.cc., will be ordained a deacon this Monday evening, August 29th. The ceremony will take place during the Holy Mass at 7 PM, coinciding with the 9th Day of the Novena to Blessed Father Eustace, at the Archdiocesan Sanctuary of Health and Peace in Belo Horizonte, Minas Gerais.","robots":{"index":"index","follow":"follow","max-snippet":"max-snippet:-1","max-image-preview":"max-image-preview:large","max-video-preview":"max-video-preview:-1"},"canonical":"https:\/\/www.padreeustaquio.com.br\/en\/brother-wanderson-ss-cc-will-be-ordained-a-deacon-in-belo-horizonte\/","og_locale":"en_US","og_type":"article","og_title":"Irm\u00e3o Wanderson, SS.CC., ser\u00e1 ordenado Di\u00e1cono em Belo Horizonte","og_description":"O irm\u00e3o Wanderson de Souza Alves, ss.cc., ser\u00e1 ordenado di\u00e1cono na noite desta segunda-feira, dia 29 de agosto. A cerim\u00f4nia acontece durante a Celebra\u00e7\u00e3o da Santa Missa, \u00e0s 19h, junto com o 9\u00ba Dia da Novena ao Bem-Aventurado Padre Eust\u00e1quio, no Santu\u00e1rio Arquidiocesano da Sa\u00fade e da Paz, em Belo Horizonte-MG.","og_url":"https:\/\/www.padreeustaquio.com.br\/en\/brother-wanderson-ss-cc-will-be-ordained-a-deacon-in-belo-horizonte\/","og_site_name":"Padre Eust\u00e1quio","article_publisher":"https:\/\/www.facebook.com\/beatopadreeustaquio\/","article_published_time":"2022-08-29T11:48:37+00:00","article_modified_time":"2022-08-29T11:55:05+00:00","og_image":[{"width":1200,"height":600,"url":"https:\/\/www.padreeustaquio.com.br\/wp-content\/uploads\/2022\/08\/Ir.-Wanderson-Souza-Alves-e1661774079760.jpeg","type":"image\/jpeg"}],"author":"@sscc","twitter_card":"summary_large_image","twitter_image":"https:\/\/www.padreeustaquio.com.br\/wp-content\/uploads\/2022\/08\/Ir.-Wanderson-Souza-Alves-e1661774079760.jpeg","twitter_creator":"@beatopeustaquio","twitter_site":"@beatopeustaquio","twitter_misc":{"Written by":"@sscc","Est. reading time":"2 minutes"},"schema":{"@context":"https:\/\/schema.org","@graph":[{"@type":"Article","@id":"https:\/\/www.padreeustaquio.com.br\/irmao-wanderson-ss-cc-sera-ordenado-diacono-em-belo-horizonte\/#article","isPartOf":{"@id":"https:\/\/www.padreeustaquio.com.br\/irmao-wanderson-ss-cc-sera-ordenado-diacono-em-belo-horizonte\/"},"author":{"name":"@sscc","@id":"https:\/\/www.padreeustaquio.com.br\/#\/schema\/person\/a2a51db1d00f1a7af0204a0f1ddb1566"},"headline":"Irm\u00e3o Wanderson, SS.CC., ser\u00e1 ordenado Di\u00e1cono em Belo Horizonte","datePublished":"2022-08-29T11:48:37+00:00","dateModified":"2022-08-29T11:55:05+00:00","mainEntityOfPage":{"@id":"https:\/\/www.padreeustaquio.com.br\/irmao-wanderson-ss-cc-sera-ordenado-diacono-em-belo-horizonte\/"},"wordCount":291,"commentCount":0,"publisher":{"@id":"https:\/\/www.padreeustaquio.com.br\/#organization"},"image":{"@id":"https:\/\/www.padreeustaquio.com.br\/irmao-wanderson-ss-cc-sera-ordenado-diacono-em-belo-horizonte\/#primaryimage"},"thumbnailUrl":"https:\/\/www.padreeustaquio.com.br\/wp-content\/uploads\/2022\/08\/Ir.-Wanderson-Souza-Alves-e1661774079760.jpeg","articleSection":["Not\u00edcias"],"inLanguage":"en-US","potentialAction":[{"@type":"CommentAction","name":"Comment","target":["https:\/\/www.padreeustaquio.com.br\/irmao-wanderson-ss-cc-sera-ordenado-diacono-em-belo-horizonte\/#respond"]}]},{"@type":"WebPage","@id":"https:\/\/www.padreeustaquio.com.br\/irmao-wanderson-ss-cc-sera-ordenado-diacono-em-belo-horizonte\/","url":"https:\/\/www.padreeustaquio.com.br\/irmao-wanderson-ss-cc-sera-ordenado-diacono-em-belo-horizonte\/","name":"Brother Wanderson, SS.CC., will be ordained a Deacon in Belo Horizonte.","isPartOf":{"@id":"https:\/\/www.padreeustaquio.com.br\/#website"},"primaryImageOfPage":{"@id":"https:\/\/www.padreeustaquio.com.br\/irmao-wanderson-ss-cc-sera-ordenado-diacono-em-belo-horizonte\/#primaryimage"},"image":{"@id":"https:\/\/www.padreeustaquio.com.br\/irmao-wanderson-ss-cc-sera-ordenado-diacono-em-belo-horizonte\/#primaryimage"},"thumbnailUrl":"https:\/\/www.padreeustaquio.com.br\/wp-content\/uploads\/2022\/08\/Ir.-Wanderson-Souza-Alves-e1661774079760.jpeg","datePublished":"2022-08-29T11:48:37+00:00","dateModified":"2022-08-29T11:55:05+00:00","description":"Brother Wanderson de Souza Alves, ss.cc., will be ordained a deacon this Monday evening, August 29th. The ceremony will take place during the Holy Mass at 7 PM, coinciding with the 9th Day of the Novena to Blessed Father Eustace, at the Archdiocesan Sanctuary of Health and Peace in Belo Horizonte, Minas Gerais.","breadcrumb":{"@id":"https:\/\/www.padreeustaquio.com.br\/irmao-wanderson-ss-cc-sera-ordenado-diacono-em-belo-horizonte\/#breadcrumb"},"inLanguage":"en-US","potentialAction":[{"@type":"ReadAction","target":["https:\/\/www.padreeustaquio.com.br\/irmao-wanderson-ss-cc-sera-ordenado-diacono-em-belo-horizonte\/"]}]},{"@type":"ImageObject","inLanguage":"en-US","@id":"https:\/\/www.padreeustaquio.com.br\/irmao-wanderson-ss-cc-sera-ordenado-diacono-em-belo-horizonte\/#primaryimage","url":"https:\/\/www.padreeustaquio.com.br\/wp-content\/uploads\/2022\/08\/Ir.-Wanderson-Souza-Alves-e1661774079760.jpeg","contentUrl":"https:\/\/www.padreeustaquio.com.br\/wp-content\/uploads\/2022\/08\/Ir.-Wanderson-Souza-Alves-e1661774079760.jpeg","width":1200,"height":600},{"@type":"BreadcrumbList","@id":"https:\/\/www.padreeustaquio.com.br\/irmao-wanderson-ss-cc-sera-ordenado-diacono-em-belo-horizonte\/#breadcrumb","itemListElement":[{"@type":"ListItem","position":1,"name":"In\u00edcio","item":"https:\/\/www.padreeustaquio.com.br\/"},{"@type":"ListItem","position":2,"name":"Irm\u00e3o Wanderson, SS.CC., ser\u00e1 ordenado Di\u00e1cono em Belo Horizonte"}]},{"@type":"WebSite","@id":"https:\/\/www.padreeustaquio.com.br\/#website","url":"https:\/\/www.padreeustaquio.com.br\/","name":"FATHER EUST\u00c1QUIO","description":"Health and Peace","publisher":{"@id":"https:\/\/www.padreeustaquio.com.br\/#organization"},"potentialAction":[{"@type":"SearchAction","target":{"@type":"EntryPoint","urlTemplate":"https:\/\/www.padreeustaquio.com.br\/?s={search_term_string}"},"query-input":{"@type":"PropertyValueSpecification","valueRequired":true,"valueName":"search_term_string"}}],"inLanguage":"en-US"},{"@type":"Organization","@id":"https:\/\/www.padreeustaquio.com.br\/#organization","name":"FATHER EUST\u00c1QUIO","url":"https:\/\/www.padreeustaquio.com.br\/","logo":{"@type":"ImageObject","inLanguage":"en-US","@id":"https:\/\/www.padreeustaquio.com.br\/#\/schema\/logo\/image\/","url":"https:\/\/www.padreeustaquio.com.br\/wp-content\/uploads\/2019\/08\/marca.png","contentUrl":"https:\/\/www.padreeustaquio.com.br\/wp-content\/uploads\/2019\/08\/marca.png","width":350,"height":400,"caption":"Padre Eust\u00e1quio"},"image":{"@id":"https:\/\/www.padreeustaquio.com.br\/#\/schema\/logo\/image\/"},"sameAs":["https:\/\/www.facebook.com\/beatopadreeustaquio\/","https:\/\/x.com\/beatopeustaquio","https:\/\/www.instagram.com\/beatopadreeustaquio\/","https:\/\/www.youtube.com\/channel\/UCRhw7vfabnajwLxb1ZXMeIw"]},{"@type":"Person","@id":"https:\/\/www.padreeustaquio.com.br\/#\/schema\/person\/a2a51db1d00f1a7af0204a0f1ddb1566","name":"@sscc","image":{"@type":"ImageObject","inLanguage":"en-US","@id":"https:\/\/secure.gravatar.com\/avatar\/68cfafa5f44617fea54071e215026e0ff06be366c3d54a8425f04fdcb86f8c5f?s=96&d=mm&r=g","url":"https:\/\/secure.gravatar.com\/avatar\/68cfafa5f44617fea54071e215026e0ff06be366c3d54a8425f04fdcb86f8c5f?s=96&d=mm&r=g","contentUrl":"https:\/\/secure.gravatar.com\/avatar\/68cfafa5f44617fea54071e215026e0ff06be366c3d54a8425f04fdcb86f8c5f?s=96&d=mm&r=g","caption":"@sscc"},"url":"https:\/\/www.padreeustaquio.com.br\/en\/author\/sscc\/"}]}},"_links":{"self":[{"href":"https:\/\/www.padreeustaquio.com.br\/en\/wp-json\/wp\/v2\/posts\/9202","targetHints":{"allow":["GET"]}}],"collection":[{"href":"https:\/\/www.padreeustaquio.com.br\/en\/wp-json\/wp\/v2\/posts"}],"about":[{"href":"https:\/\/www.padreeustaquio.com.br\/en\/wp-json\/wp\/v2\/types\/post"}],"author":[{"embeddable":true,"href":"https:\/\/www.padreeustaquio.com.br\/en\/wp-json\/wp\/v2\/users\/2"}],"replies":[{"embeddable":true,"href":"https:\/\/www.padreeustaquio.com.br\/en\/wp-json\/wp\/v2\/comments?post=9202"}],"version-history":[{"count":0,"href":"https:\/\/www.padreeustaquio.com.br\/en\/wp-json\/wp\/v2\/posts\/9202\/revisions"}],"wp:featuredmedia":[{"embeddable":true,"href":"https:\/\/www.padreeustaquio.com.br\/en\/wp-json\/wp\/v2\/media\/9203"}],"wp:attachment":[{"href":"https:\/\/www.padreeustaquio.com.br\/en\/wp-json\/wp\/v2\/media?parent=9202"}],"wp:term":[{"taxonomy":"category","embeddable":true,"href":"https:\/\/www.padreeustaquio.com.br\/en\/wp-json\/wp\/v2\/categories?post=9202"},{"taxonomy":"post_tag","embeddable":true,"href":"https:\/\/www.padreeustaquio.com.br\/en\/wp-json\/wp\/v2\/tags?post=9202"}],"curies":[{"name":"wp","href":"https:\/\/api.w.org\/{rel}","templated":true}]}}