{"id":9173,"date":"2022-08-27T10:10:00","date_gmt":"2022-08-27T13:10:00","guid":{"rendered":"https:\/\/www.padreeustaquio.com.br\/?p=9173"},"modified":"2022-08-26T11:25:40","modified_gmt":"2022-08-26T14:25:40","slug":"a-weekend-of-festivities-at-father-eustaquios-church-plan-ahead-and-participate","status":"publish","type":"post","link":"https:\/\/www.padreeustaquio.com.br\/en\/a-weekend-of-festivities-at-father-eustaquios-church-plan-ahead-and-participate\/","title":{"rendered":"A weekend of festivities at the Church of Father Eust\u00e1quio. Plan ahead and participate!"},"content":{"rendered":"<p>August 30th is Father Eust\u00e1quio&#039;s Day, and festivities at the Archdiocesan Sanctuary of Health and Peace in Belo Horizonte have been taking place throughout the week. However, in the coming days, the church will intensify moments of prayer and communion among the faithful.<\/p>\n\n\n\n<p>Today (27) there will be three celebrations. At 7am, as usual. At 3pm, the Holy Mass with the Sick and with the blessing of medicines and medicinal herbs. And at 5pm Holy Mass with the meditation of the seventh day of the Novena and stalls in the church square.<\/p>\n\n\n\n<p>On Sunday there will be five masses (7am, 8:30am, 10am, 5pm and 7pm), the last one with the participation of the faith community of the S\u00e3o Paulo da Cruz Sanctuary, Passionist religious. In addition, there will be stalls and toys for children that day.<\/p>\n\n\n\n<p>On Monday (29), the eve of Father Eust\u00e1quio&#039;s day, there will be Mass and Novena at 7 pm, with the Diaconal ordination of Br. Wanderson de Souza Alves, ss.cc. The celebration will be presided over by D. Alo\u00edsio Jorge Pena Vitral, Bishop Emeritus of Sete Lagoas-MG.<\/p>\n\n\n\n<p>On Tuesday, the Blessed One&#039;s Day, there will be 8 masses: 6am, 7am, 9am, 11am, 1pm, 3pm, 5pm and 7pm. The last celebration will be solemn and will end with a candlelight procession. Throughout the day there will be stalls in the square and inside the Sanctuary.<\/p>\n\n\n\n<p>Participating in the festivities this year, the Sanctuary of Health and Peace will have two distinguished guests: Father Andrzej Lukawski, ss.cc, Postulator General of the Congregation and Procurator General of the institution, who will come from Rome to experience the festival, visit the archives, and celebrate with the devotees. In addition, Will van den Boomen, nephew of Blessed Father Eustace, will be coming from the Netherlands.<\/p>\n\n\n\n<p>All programming will be broadcast on the Padre Eust\u00e1quio Channel on YouTube. Those visiting the Padre Eust\u00e1quio Memorial and participating in the celebrations at the Sanctuary are advised to protect themselves, use hand sanitizer, and wear face masks. The Archdiocesan Sanctuary of Health and Peace is located at Rua Padre Eust\u00e1quio, 2405, in the Padre Eust\u00e1quio neighborhood of Belo Horizonte.<\/p>\n\n\n\n<p><\/p>","protected":false},"excerpt":{"rendered":"<p>Dia 30 de agosto \u00e9 dia do Padre Eust\u00e1quio e as festividades no Santu\u00e1rio Arquidiocesano da Sa\u00fade e da Paz, em Belo Horizonte, j\u00e1 est\u00e3o acontecendo durante toda semana. Mas para os pr\u00f3ximos dias a igreja vai intensificar os momentos de ora\u00e7\u00e3o e comunh\u00e3o entre os devotos. Hoje (27) ser\u00e3o tr\u00eas celebra\u00e7\u00f5es. \u00c0s 7h, como de costume. \u00c0s 15h, a Santa Missa com os Enfermos e com ben\u00e7\u00e3o dos rem\u00e9dios e ervas medicinais. E \u00e0s 17h Santa Missa com a medita\u00e7\u00e3o do s\u00e9timo dia da Novena e barraquinhas na pra\u00e7a da igreja. No domingo ser\u00e3o cinco missas (7h, 8h30, 10h, [&hellip;]<\/p>\n","protected":false},"author":2,"featured_media":9174,"comment_status":"open","ping_status":"closed","sticky":false,"template":"","format":"standard","meta":{"_acf_changed":false,"footnotes":""},"categories":[611],"tags":[],"class_list":["post-9173","post","type-post","status-publish","format-standard","has-post-thumbnail","hentry","category-noticias"],"acf":[],"yoast_head":"<!-- This site is optimized with the Yoast SEO plugin v27.2 - https:\/\/yoast.com\/product\/yoast-seo-wordpress\/ -->\n<title>Fim de semana de festa na Igreja do Padre Eust\u00e1quio. Programe-se e participe<\/title>\n<meta name=\"description\" content=\"Dia 30 de agosto \u00e9 dia do Padre Eust\u00e1quio e as festividades no Santu\u00e1rio Arquidiocesano da Sa\u00fade e da Paz, em Belo Horizonte, j\u00e1 est\u00e3o acontecendo durante toda semana. Mas para os pr\u00f3ximos dias a igreja vai intensificar os momentos de ora\u00e7\u00e3o e comunh\u00e3o entre os devotos.\" \/>\n<meta name=\"robots\" content=\"index, follow, max-snippet:-1, max-image-preview:large, max-video-preview:-1\" \/>\n<link rel=\"canonical\" href=\"https:\/\/www.padreeustaquio.com.br\/en\/a-weekend-of-festivities-at-father-eustaquios-church-plan-ahead-and-participate\/\" \/>\n<meta property=\"og:locale\" content=\"en_US\" \/>\n<meta property=\"og:type\" content=\"article\" \/>\n<meta property=\"og:title\" content=\"Fim de semana de festa na Igreja do Padre Eust\u00e1quio. Programe-se e participe\" \/>\n<meta property=\"og:description\" content=\"Dia 30 de agosto \u00e9 dia do Padre Eust\u00e1quio e as festividades no Santu\u00e1rio Arquidiocesano da Sa\u00fade e da Paz, em Belo Horizonte, j\u00e1 est\u00e3o acontecendo durante toda semana. Mas para os pr\u00f3ximos dias a igreja vai intensificar os momentos de ora\u00e7\u00e3o e comunh\u00e3o entre os devotos.\" \/>\n<meta property=\"og:url\" content=\"https:\/\/www.padreeustaquio.com.br\/en\/a-weekend-of-festivities-at-father-eustaquios-church-plan-ahead-and-participate\/\" \/>\n<meta property=\"og:site_name\" content=\"Padre Eust\u00e1quio\" \/>\n<meta property=\"article:publisher\" content=\"https:\/\/www.facebook.com\/beatopadreeustaquio\/\" \/>\n<meta property=\"article:published_time\" content=\"2022-08-27T13:10:00+00:00\" \/>\n<meta property=\"og:image\" content=\"https:\/\/www.padreeustaquio.com.br\/wp-content\/uploads\/2022\/08\/programacao-fim-de-semana-pe.jpeg\" \/>\n\t<meta property=\"og:image:width\" content=\"1600\" \/>\n\t<meta property=\"og:image:height\" content=\"1200\" \/>\n\t<meta property=\"og:image:type\" content=\"image\/jpeg\" \/>\n<meta name=\"author\" content=\"@sscc\" \/>\n<meta name=\"twitter:card\" content=\"summary_large_image\" \/>\n<meta name=\"twitter:image\" content=\"https:\/\/www.padreeustaquio.com.br\/wp-content\/uploads\/2022\/08\/programacao-fim-de-semana-pe.jpeg\" \/>\n<meta name=\"twitter:creator\" content=\"@beatopeustaquio\" \/>\n<meta name=\"twitter:site\" content=\"@beatopeustaquio\" \/>\n<meta name=\"twitter:label1\" content=\"Written by\" \/>\n\t<meta name=\"twitter:data1\" content=\"@sscc\" \/>\n\t<meta name=\"twitter:label2\" content=\"Est. reading time\" \/>\n\t<meta name=\"twitter:data2\" content=\"2 minutes\" \/>\n<script type=\"application\/ld+json\" class=\"yoast-schema-graph\">{\"@context\":\"https:\/\/schema.org\",\"@graph\":[{\"@type\":\"Article\",\"@id\":\"https:\/\/www.padreeustaquio.com.br\/fim-de-semana-de-festa-na-igreja-do-padre-eustaquio-programe-se-e-participe\/#article\",\"isPartOf\":{\"@id\":\"https:\/\/www.padreeustaquio.com.br\/fim-de-semana-de-festa-na-igreja-do-padre-eustaquio-programe-se-e-participe\/\"},\"author\":{\"name\":\"@sscc\",\"@id\":\"https:\/\/www.padreeustaquio.com.br\/#\/schema\/person\/a2a51db1d00f1a7af0204a0f1ddb1566\"},\"headline\":\"Fim de semana de festa na Igreja do Padre Eust\u00e1quio. Programe-se e participe\",\"datePublished\":\"2022-08-27T13:10:00+00:00\",\"mainEntityOfPage\":{\"@id\":\"https:\/\/www.padreeustaquio.com.br\/fim-de-semana-de-festa-na-igreja-do-padre-eustaquio-programe-se-e-participe\/\"},\"wordCount\":399,\"commentCount\":0,\"publisher\":{\"@id\":\"https:\/\/www.padreeustaquio.com.br\/#organization\"},\"image\":{\"@id\":\"https:\/\/www.padreeustaquio.com.br\/fim-de-semana-de-festa-na-igreja-do-padre-eustaquio-programe-se-e-participe\/#primaryimage\"},\"thumbnailUrl\":\"https:\/\/www.padreeustaquio.com.br\/wp-content\/uploads\/2022\/08\/programacao-fim-de-semana-pe.jpeg\",\"articleSection\":[\"Not\u00edcias\"],\"inLanguage\":\"en-US\",\"potentialAction\":[{\"@type\":\"CommentAction\",\"name\":\"Comment\",\"target\":[\"https:\/\/www.padreeustaquio.com.br\/fim-de-semana-de-festa-na-igreja-do-padre-eustaquio-programe-se-e-participe\/#respond\"]}]},{\"@type\":\"WebPage\",\"@id\":\"https:\/\/www.padreeustaquio.com.br\/fim-de-semana-de-festa-na-igreja-do-padre-eustaquio-programe-se-e-participe\/\",\"url\":\"https:\/\/www.padreeustaquio.com.br\/fim-de-semana-de-festa-na-igreja-do-padre-eustaquio-programe-se-e-participe\/\",\"name\":\"Fim de semana de festa na Igreja do Padre Eust\u00e1quio. Programe-se e participe\",\"isPartOf\":{\"@id\":\"https:\/\/www.padreeustaquio.com.br\/#website\"},\"primaryImageOfPage\":{\"@id\":\"https:\/\/www.padreeustaquio.com.br\/fim-de-semana-de-festa-na-igreja-do-padre-eustaquio-programe-se-e-participe\/#primaryimage\"},\"image\":{\"@id\":\"https:\/\/www.padreeustaquio.com.br\/fim-de-semana-de-festa-na-igreja-do-padre-eustaquio-programe-se-e-participe\/#primaryimage\"},\"thumbnailUrl\":\"https:\/\/www.padreeustaquio.com.br\/wp-content\/uploads\/2022\/08\/programacao-fim-de-semana-pe.jpeg\",\"datePublished\":\"2022-08-27T13:10:00+00:00\",\"description\":\"Dia 30 de agosto \u00e9 dia do Padre Eust\u00e1quio e as festividades no Santu\u00e1rio Arquidiocesano da Sa\u00fade e da Paz, em Belo Horizonte, j\u00e1 est\u00e3o acontecendo durante toda semana. Mas para os pr\u00f3ximos dias a igreja vai intensificar os momentos de ora\u00e7\u00e3o e comunh\u00e3o entre os devotos.\",\"breadcrumb\":{\"@id\":\"https:\/\/www.padreeustaquio.com.br\/fim-de-semana-de-festa-na-igreja-do-padre-eustaquio-programe-se-e-participe\/#breadcrumb\"},\"inLanguage\":\"en-US\",\"potentialAction\":[{\"@type\":\"ReadAction\",\"target\":[\"https:\/\/www.padreeustaquio.com.br\/fim-de-semana-de-festa-na-igreja-do-padre-eustaquio-programe-se-e-participe\/\"]}]},{\"@type\":\"ImageObject\",\"inLanguage\":\"en-US\",\"@id\":\"https:\/\/www.padreeustaquio.com.br\/fim-de-semana-de-festa-na-igreja-do-padre-eustaquio-programe-se-e-participe\/#primaryimage\",\"url\":\"https:\/\/www.padreeustaquio.com.br\/wp-content\/uploads\/2022\/08\/programacao-fim-de-semana-pe.jpeg\",\"contentUrl\":\"https:\/\/www.padreeustaquio.com.br\/wp-content\/uploads\/2022\/08\/programacao-fim-de-semana-pe.jpeg\",\"width\":1600,\"height\":1200},{\"@type\":\"BreadcrumbList\",\"@id\":\"https:\/\/www.padreeustaquio.com.br\/fim-de-semana-de-festa-na-igreja-do-padre-eustaquio-programe-se-e-participe\/#breadcrumb\",\"itemListElement\":[{\"@type\":\"ListItem\",\"position\":1,\"name\":\"In\u00edcio\",\"item\":\"https:\/\/www.padreeustaquio.com.br\/\"},{\"@type\":\"ListItem\",\"position\":2,\"name\":\"Fim de semana de festa na Igreja do Padre Eust\u00e1quio. Programe-se e participe\"}]},{\"@type\":\"WebSite\",\"@id\":\"https:\/\/www.padreeustaquio.com.br\/#website\",\"url\":\"https:\/\/www.padreeustaquio.com.br\/\",\"name\":\"Padre Eust\u00e1quio\",\"description\":\"Sa\u00fade e Paz\",\"publisher\":{\"@id\":\"https:\/\/www.padreeustaquio.com.br\/#organization\"},\"potentialAction\":[{\"@type\":\"SearchAction\",\"target\":{\"@type\":\"EntryPoint\",\"urlTemplate\":\"https:\/\/www.padreeustaquio.com.br\/?s={search_term_string}\"},\"query-input\":{\"@type\":\"PropertyValueSpecification\",\"valueRequired\":true,\"valueName\":\"search_term_string\"}}],\"inLanguage\":\"en-US\"},{\"@type\":\"Organization\",\"@id\":\"https:\/\/www.padreeustaquio.com.br\/#organization\",\"name\":\"Padre Eust\u00e1quio\",\"url\":\"https:\/\/www.padreeustaquio.com.br\/\",\"logo\":{\"@type\":\"ImageObject\",\"inLanguage\":\"en-US\",\"@id\":\"https:\/\/www.padreeustaquio.com.br\/#\/schema\/logo\/image\/\",\"url\":\"https:\/\/www.padreeustaquio.com.br\/wp-content\/uploads\/2019\/08\/marca.png\",\"contentUrl\":\"https:\/\/www.padreeustaquio.com.br\/wp-content\/uploads\/2019\/08\/marca.png\",\"width\":350,\"height\":400,\"caption\":\"Padre Eust\u00e1quio\"},\"image\":{\"@id\":\"https:\/\/www.padreeustaquio.com.br\/#\/schema\/logo\/image\/\"},\"sameAs\":[\"https:\/\/www.facebook.com\/beatopadreeustaquio\/\",\"https:\/\/x.com\/beatopeustaquio\",\"https:\/\/www.instagram.com\/beatopadreeustaquio\/\",\"https:\/\/www.youtube.com\/channel\/UCRhw7vfabnajwLxb1ZXMeIw\"]},{\"@type\":\"Person\",\"@id\":\"https:\/\/www.padreeustaquio.com.br\/#\/schema\/person\/a2a51db1d00f1a7af0204a0f1ddb1566\",\"name\":\"@sscc\",\"image\":{\"@type\":\"ImageObject\",\"inLanguage\":\"en-US\",\"@id\":\"https:\/\/secure.gravatar.com\/avatar\/68cfafa5f44617fea54071e215026e0ff06be366c3d54a8425f04fdcb86f8c5f?s=96&d=mm&r=g\",\"url\":\"https:\/\/secure.gravatar.com\/avatar\/68cfafa5f44617fea54071e215026e0ff06be366c3d54a8425f04fdcb86f8c5f?s=96&d=mm&r=g\",\"contentUrl\":\"https:\/\/secure.gravatar.com\/avatar\/68cfafa5f44617fea54071e215026e0ff06be366c3d54a8425f04fdcb86f8c5f?s=96&d=mm&r=g\",\"caption\":\"@sscc\"},\"url\":\"https:\/\/www.padreeustaquio.com.br\/en\/author\/sscc\/\"}]}<\/script>\n<!-- \/ Yoast SEO plugin. -->","yoast_head_json":{"title":"A weekend of festivities at the Church of Father Eust\u00e1quio. Plan ahead and participate!","description":"August 30th is Father Eust\u00e1quio&#039;s Day, and festivities at the Archdiocesan Sanctuary of Health and Peace in Belo Horizonte have been taking place throughout the week. However, in the coming days, the church will intensify moments of prayer and communion among the faithful.","robots":{"index":"index","follow":"follow","max-snippet":"max-snippet:-1","max-image-preview":"max-image-preview:large","max-video-preview":"max-video-preview:-1"},"canonical":"https:\/\/www.padreeustaquio.com.br\/en\/a-weekend-of-festivities-at-father-eustaquios-church-plan-ahead-and-participate\/","og_locale":"en_US","og_type":"article","og_title":"Fim de semana de festa na Igreja do Padre Eust\u00e1quio. Programe-se e participe","og_description":"Dia 30 de agosto \u00e9 dia do Padre Eust\u00e1quio e as festividades no Santu\u00e1rio Arquidiocesano da Sa\u00fade e da Paz, em Belo Horizonte, j\u00e1 est\u00e3o acontecendo durante toda semana. Mas para os pr\u00f3ximos dias a igreja vai intensificar os momentos de ora\u00e7\u00e3o e comunh\u00e3o entre os devotos.","og_url":"https:\/\/www.padreeustaquio.com.br\/en\/a-weekend-of-festivities-at-father-eustaquios-church-plan-ahead-and-participate\/","og_site_name":"Padre Eust\u00e1quio","article_publisher":"https:\/\/www.facebook.com\/beatopadreeustaquio\/","article_published_time":"2022-08-27T13:10:00+00:00","og_image":[{"width":1600,"height":1200,"url":"https:\/\/www.padreeustaquio.com.br\/wp-content\/uploads\/2022\/08\/programacao-fim-de-semana-pe.jpeg","type":"image\/jpeg"}],"author":"@sscc","twitter_card":"summary_large_image","twitter_image":"https:\/\/www.padreeustaquio.com.br\/wp-content\/uploads\/2022\/08\/programacao-fim-de-semana-pe.jpeg","twitter_creator":"@beatopeustaquio","twitter_site":"@beatopeustaquio","twitter_misc":{"Written by":"@sscc","Est. reading time":"2 minutes"},"schema":{"@context":"https:\/\/schema.org","@graph":[{"@type":"Article","@id":"https:\/\/www.padreeustaquio.com.br\/fim-de-semana-de-festa-na-igreja-do-padre-eustaquio-programe-se-e-participe\/#article","isPartOf":{"@id":"https:\/\/www.padreeustaquio.com.br\/fim-de-semana-de-festa-na-igreja-do-padre-eustaquio-programe-se-e-participe\/"},"author":{"name":"@sscc","@id":"https:\/\/www.padreeustaquio.com.br\/#\/schema\/person\/a2a51db1d00f1a7af0204a0f1ddb1566"},"headline":"Fim de semana de festa na Igreja do Padre Eust\u00e1quio. Programe-se e participe","datePublished":"2022-08-27T13:10:00+00:00","mainEntityOfPage":{"@id":"https:\/\/www.padreeustaquio.com.br\/fim-de-semana-de-festa-na-igreja-do-padre-eustaquio-programe-se-e-participe\/"},"wordCount":399,"commentCount":0,"publisher":{"@id":"https:\/\/www.padreeustaquio.com.br\/#organization"},"image":{"@id":"https:\/\/www.padreeustaquio.com.br\/fim-de-semana-de-festa-na-igreja-do-padre-eustaquio-programe-se-e-participe\/#primaryimage"},"thumbnailUrl":"https:\/\/www.padreeustaquio.com.br\/wp-content\/uploads\/2022\/08\/programacao-fim-de-semana-pe.jpeg","articleSection":["Not\u00edcias"],"inLanguage":"en-US","potentialAction":[{"@type":"CommentAction","name":"Comment","target":["https:\/\/www.padreeustaquio.com.br\/fim-de-semana-de-festa-na-igreja-do-padre-eustaquio-programe-se-e-participe\/#respond"]}]},{"@type":"WebPage","@id":"https:\/\/www.padreeustaquio.com.br\/fim-de-semana-de-festa-na-igreja-do-padre-eustaquio-programe-se-e-participe\/","url":"https:\/\/www.padreeustaquio.com.br\/fim-de-semana-de-festa-na-igreja-do-padre-eustaquio-programe-se-e-participe\/","name":"A weekend of festivities at the Church of Father Eust\u00e1quio. Plan ahead and participate!","isPartOf":{"@id":"https:\/\/www.padreeustaquio.com.br\/#website"},"primaryImageOfPage":{"@id":"https:\/\/www.padreeustaquio.com.br\/fim-de-semana-de-festa-na-igreja-do-padre-eustaquio-programe-se-e-participe\/#primaryimage"},"image":{"@id":"https:\/\/www.padreeustaquio.com.br\/fim-de-semana-de-festa-na-igreja-do-padre-eustaquio-programe-se-e-participe\/#primaryimage"},"thumbnailUrl":"https:\/\/www.padreeustaquio.com.br\/wp-content\/uploads\/2022\/08\/programacao-fim-de-semana-pe.jpeg","datePublished":"2022-08-27T13:10:00+00:00","description":"August 30th is Father Eust\u00e1quio&#039;s Day, and festivities at the Archdiocesan Sanctuary of Health and Peace in Belo Horizonte have been taking place throughout the week. However, in the coming days, the church will intensify moments of prayer and communion among the faithful.","breadcrumb":{"@id":"https:\/\/www.padreeustaquio.com.br\/fim-de-semana-de-festa-na-igreja-do-padre-eustaquio-programe-se-e-participe\/#breadcrumb"},"inLanguage":"en-US","potentialAction":[{"@type":"ReadAction","target":["https:\/\/www.padreeustaquio.com.br\/fim-de-semana-de-festa-na-igreja-do-padre-eustaquio-programe-se-e-participe\/"]}]},{"@type":"ImageObject","inLanguage":"en-US","@id":"https:\/\/www.padreeustaquio.com.br\/fim-de-semana-de-festa-na-igreja-do-padre-eustaquio-programe-se-e-participe\/#primaryimage","url":"https:\/\/www.padreeustaquio.com.br\/wp-content\/uploads\/2022\/08\/programacao-fim-de-semana-pe.jpeg","contentUrl":"https:\/\/www.padreeustaquio.com.br\/wp-content\/uploads\/2022\/08\/programacao-fim-de-semana-pe.jpeg","width":1600,"height":1200},{"@type":"BreadcrumbList","@id":"https:\/\/www.padreeustaquio.com.br\/fim-de-semana-de-festa-na-igreja-do-padre-eustaquio-programe-se-e-participe\/#breadcrumb","itemListElement":[{"@type":"ListItem","position":1,"name":"In\u00edcio","item":"https:\/\/www.padreeustaquio.com.br\/"},{"@type":"ListItem","position":2,"name":"Fim de semana de festa na Igreja do Padre Eust\u00e1quio. Programe-se e participe"}]},{"@type":"WebSite","@id":"https:\/\/www.padreeustaquio.com.br\/#website","url":"https:\/\/www.padreeustaquio.com.br\/","name":"FATHER EUST\u00c1QUIO","description":"Health and Peace","publisher":{"@id":"https:\/\/www.padreeustaquio.com.br\/#organization"},"potentialAction":[{"@type":"SearchAction","target":{"@type":"EntryPoint","urlTemplate":"https:\/\/www.padreeustaquio.com.br\/?s={search_term_string}"},"query-input":{"@type":"PropertyValueSpecification","valueRequired":true,"valueName":"search_term_string"}}],"inLanguage":"en-US"},{"@type":"Organization","@id":"https:\/\/www.padreeustaquio.com.br\/#organization","name":"FATHER EUST\u00c1QUIO","url":"https:\/\/www.padreeustaquio.com.br\/","logo":{"@type":"ImageObject","inLanguage":"en-US","@id":"https:\/\/www.padreeustaquio.com.br\/#\/schema\/logo\/image\/","url":"https:\/\/www.padreeustaquio.com.br\/wp-content\/uploads\/2019\/08\/marca.png","contentUrl":"https:\/\/www.padreeustaquio.com.br\/wp-content\/uploads\/2019\/08\/marca.png","width":350,"height":400,"caption":"Padre Eust\u00e1quio"},"image":{"@id":"https:\/\/www.padreeustaquio.com.br\/#\/schema\/logo\/image\/"},"sameAs":["https:\/\/www.facebook.com\/beatopadreeustaquio\/","https:\/\/x.com\/beatopeustaquio","https:\/\/www.instagram.com\/beatopadreeustaquio\/","https:\/\/www.youtube.com\/channel\/UCRhw7vfabnajwLxb1ZXMeIw"]},{"@type":"Person","@id":"https:\/\/www.padreeustaquio.com.br\/#\/schema\/person\/a2a51db1d00f1a7af0204a0f1ddb1566","name":"@sscc","image":{"@type":"ImageObject","inLanguage":"en-US","@id":"https:\/\/secure.gravatar.com\/avatar\/68cfafa5f44617fea54071e215026e0ff06be366c3d54a8425f04fdcb86f8c5f?s=96&d=mm&r=g","url":"https:\/\/secure.gravatar.com\/avatar\/68cfafa5f44617fea54071e215026e0ff06be366c3d54a8425f04fdcb86f8c5f?s=96&d=mm&r=g","contentUrl":"https:\/\/secure.gravatar.com\/avatar\/68cfafa5f44617fea54071e215026e0ff06be366c3d54a8425f04fdcb86f8c5f?s=96&d=mm&r=g","caption":"@sscc"},"url":"https:\/\/www.padreeustaquio.com.br\/en\/author\/sscc\/"}]}},"_links":{"self":[{"href":"https:\/\/www.padreeustaquio.com.br\/en\/wp-json\/wp\/v2\/posts\/9173","targetHints":{"allow":["GET"]}}],"collection":[{"href":"https:\/\/www.padreeustaquio.com.br\/en\/wp-json\/wp\/v2\/posts"}],"about":[{"href":"https:\/\/www.padreeustaquio.com.br\/en\/wp-json\/wp\/v2\/types\/post"}],"author":[{"embeddable":true,"href":"https:\/\/www.padreeustaquio.com.br\/en\/wp-json\/wp\/v2\/users\/2"}],"replies":[{"embeddable":true,"href":"https:\/\/www.padreeustaquio.com.br\/en\/wp-json\/wp\/v2\/comments?post=9173"}],"version-history":[{"count":0,"href":"https:\/\/www.padreeustaquio.com.br\/en\/wp-json\/wp\/v2\/posts\/9173\/revisions"}],"wp:featuredmedia":[{"embeddable":true,"href":"https:\/\/www.padreeustaquio.com.br\/en\/wp-json\/wp\/v2\/media\/9174"}],"wp:attachment":[{"href":"https:\/\/www.padreeustaquio.com.br\/en\/wp-json\/wp\/v2\/media?parent=9173"}],"wp:term":[{"taxonomy":"category","embeddable":true,"href":"https:\/\/www.padreeustaquio.com.br\/en\/wp-json\/wp\/v2\/categories?post=9173"},{"taxonomy":"post_tag","embeddable":true,"href":"https:\/\/www.padreeustaquio.com.br\/en\/wp-json\/wp\/v2\/tags?post=9173"}],"curies":[{"name":"wp","href":"https:\/\/api.w.org\/{rel}","templated":true}]}}