{"id":9160,"date":"2022-08-26T10:37:12","date_gmt":"2022-08-26T13:37:12","guid":{"rendered":"https:\/\/www.padreeustaquio.com.br\/?p=9160"},"modified":"2022-08-26T12:07:08","modified_gmt":"2022-08-26T15:07:08","slug":"the-postulator-general-of-the-cause-for-the-canonization-of-father-eustaquio-arrives-in-brazil","status":"publish","type":"post","link":"https:\/\/www.padreeustaquio.com.br\/en\/the-postulator-general-of-the-cause-for-the-canonization-of-father-eustaquio-arrives-in-brazil\/","title":{"rendered":"Postulator General of the Cause for Canonization of Father Eust\u00e1quio arrives in Brazil."},"content":{"rendered":"<p>The Postulator General for the Causes of Beatification and Canonization of the Congregation of the Sacred Hearts, Father Andrzej Lukawski, ss.cc, is already in Brazil. His first stop was in Po\u00e1-SP, where he visited the church where the Blessed served from 1935 to 1941.<\/p>\n\n\n\n<p>Father Andrzej arrived Tuesday night and was greeted at the airport in S\u00e3o Paulo by the Brothers of the Sacred Hearts from the Parish of Saint Em\u00eddio. Yesterday, he visited the city of Po\u00e1, in the metropolitan region of the S\u00e3o Paulo capital. In the city, the postulator visited the Father Eust\u00e1quio Museum and the Church of Our Lady of Lourdes, the Blessed&#039;s mission field. Also in Po\u00e1, Fr. Andrzej visited the exhibition &quot;Getting to Know Father Eust\u00e1quio&quot; in the city center. He was received by representatives of the church, the culture department, and the mayor of Po\u00e1, M\u00e1rcia Bin.<\/p>\n\n\n\n<p>From Po\u00e1, the postulator will come to Belo Horizonte where he will participate in the festivities of the Day of Blessed Father Eust\u00e1quio. On Saturday and Sunday, Andrzej will visit places related to the devotion, see the archive&#039;s collection, and study some documents from the Canonization process. He will also meet with the vice-postulator, Fr. Vin\u00edcius Maciel, SSCC, to discuss the next steps in the process and learn about graces attributed to Father Eust\u00e1quio, in order to further the Cause of Canonization.<\/p>\n\n\n\n<p><strong>Father Andrzej Lukawski, SSCC<\/strong><\/p>\n\n\n\n<p>Father Andrzej Lukawski is a religious of the Congregation of the Sacred Hearts, Postulator General of the Congregation and Procurator General of the institution. He was born in Poland and was appointed in 2019 to assume the position previously held by David Reid, SSCC.<\/p>\n\n\n\n<figure class=\"wp-block-gallery has-nested-images columns-4 is-cropped wp-block-gallery-1 is-layout-flex wp-block-gallery-is-layout-flex\">\n<figure class=\"wp-block-image size-medium\"><a href=\"https:\/\/www.padreeustaquio.com.br\/en\/the-postulator-general-of-the-cause-for-the-canonization-of-father-eustaquio-arrives-in-brazil\/visita-padre-andrzej-2\/\"><img fetchpriority=\"high\" decoding=\"async\" width=\"300\" height=\"300\" data-id=\"9164\" src=\"https:\/\/www.padreeustaquio.com.br\/wp-content\/uploads\/2022\/08\/Visita-Padre-Andrzej-2-300x300.jpeg\" alt=\"\" class=\"wp-image-9164\" srcset=\"https:\/\/www.padreeustaquio.com.br\/wp-content\/uploads\/2022\/08\/Visita-Padre-Andrzej-2-300x300.jpeg 300w, https:\/\/www.padreeustaquio.com.br\/wp-content\/uploads\/2022\/08\/Visita-Padre-Andrzej-2-150x150.jpeg 150w, https:\/\/www.padreeustaquio.com.br\/wp-content\/uploads\/2022\/08\/Visita-Padre-Andrzej-2-75x75.jpeg 75w, https:\/\/www.padreeustaquio.com.br\/wp-content\/uploads\/2022\/08\/Visita-Padre-Andrzej-2-180x180.jpeg 180w, https:\/\/www.padreeustaquio.com.br\/wp-content\/uploads\/2022\/08\/Visita-Padre-Andrzej-2-400x400.jpeg 400w, https:\/\/www.padreeustaquio.com.br\/wp-content\/uploads\/2022\/08\/Visita-Padre-Andrzej-2.jpeg 541w\" sizes=\"(max-width: 300px) 100vw, 300px\" \/><\/a><\/figure>\n\n\n\n<figure class=\"wp-block-image size-medium\"><a href=\"https:\/\/www.padreeustaquio.com.br\/en\/the-postulator-general-of-the-cause-for-the-canonization-of-father-eustaquio-arrives-in-brazil\/visita-padre-andrzej-3\/\"><img decoding=\"async\" width=\"300\" height=\"300\" data-id=\"9166\" src=\"https:\/\/www.padreeustaquio.com.br\/wp-content\/uploads\/2022\/08\/Visita-Padre-Andrzej-3-300x300.jpeg\" alt=\"\" class=\"wp-image-9166\" srcset=\"https:\/\/www.padreeustaquio.com.br\/wp-content\/uploads\/2022\/08\/Visita-Padre-Andrzej-3-300x300.jpeg 300w, https:\/\/www.padreeustaquio.com.br\/wp-content\/uploads\/2022\/08\/Visita-Padre-Andrzej-3-1024x1024.jpeg 1024w, https:\/\/www.padreeustaquio.com.br\/wp-content\/uploads\/2022\/08\/Visita-Padre-Andrzej-3-150x150.jpeg 150w, https:\/\/www.padreeustaquio.com.br\/wp-content\/uploads\/2022\/08\/Visita-Padre-Andrzej-3-768x768.jpeg 768w, https:\/\/www.padreeustaquio.com.br\/wp-content\/uploads\/2022\/08\/Visita-Padre-Andrzej-3-75x75.jpeg 75w, https:\/\/www.padreeustaquio.com.br\/wp-content\/uploads\/2022\/08\/Visita-Padre-Andrzej-3-180x180.jpeg 180w, https:\/\/www.padreeustaquio.com.br\/wp-content\/uploads\/2022\/08\/Visita-Padre-Andrzej-3-400x400.jpeg 400w, https:\/\/www.padreeustaquio.com.br\/wp-content\/uploads\/2022\/08\/Visita-Padre-Andrzej-3-600x600.jpeg 600w, https:\/\/www.padreeustaquio.com.br\/wp-content\/uploads\/2022\/08\/Visita-Padre-Andrzej-3.jpeg 1080w\" sizes=\"(max-width: 300px) 100vw, 300px\" \/><\/a><\/figure>\n\n\n\n<figure class=\"wp-block-image size-medium\"><a href=\"https:\/\/www.padreeustaquio.com.br\/en\/the-postulator-general-of-the-cause-for-the-canonization-of-father-eustaquio-arrives-in-brazil\/visita-padre-andrzej-4\/\"><img decoding=\"async\" width=\"300\" height=\"300\" data-id=\"9165\" src=\"https:\/\/www.padreeustaquio.com.br\/wp-content\/uploads\/2022\/08\/Visita-Padre-Andrzej-4-300x300.jpeg\" alt=\"\" class=\"wp-image-9165\" srcset=\"https:\/\/www.padreeustaquio.com.br\/wp-content\/uploads\/2022\/08\/Visita-Padre-Andrzej-4-300x300.jpeg 300w, https:\/\/www.padreeustaquio.com.br\/wp-content\/uploads\/2022\/08\/Visita-Padre-Andrzej-4-1024x1024.jpeg 1024w, https:\/\/www.padreeustaquio.com.br\/wp-content\/uploads\/2022\/08\/Visita-Padre-Andrzej-4-150x150.jpeg 150w, https:\/\/www.padreeustaquio.com.br\/wp-content\/uploads\/2022\/08\/Visita-Padre-Andrzej-4-768x768.jpeg 768w, https:\/\/www.padreeustaquio.com.br\/wp-content\/uploads\/2022\/08\/Visita-Padre-Andrzej-4-75x75.jpeg 75w, https:\/\/www.padreeustaquio.com.br\/wp-content\/uploads\/2022\/08\/Visita-Padre-Andrzej-4-180x180.jpeg 180w, https:\/\/www.padreeustaquio.com.br\/wp-content\/uploads\/2022\/08\/Visita-Padre-Andrzej-4-400x400.jpeg 400w, https:\/\/www.padreeustaquio.com.br\/wp-content\/uploads\/2022\/08\/Visita-Padre-Andrzej-4-600x600.jpeg 600w, https:\/\/www.padreeustaquio.com.br\/wp-content\/uploads\/2022\/08\/Visita-Padre-Andrzej-4.jpeg 1080w\" sizes=\"(max-width: 300px) 100vw, 300px\" \/><\/a><\/figure>\n\n\n\n<figure class=\"wp-block-image size-medium\"><a href=\"https:\/\/www.padreeustaquio.com.br\/en\/the-postulator-general-of-the-cause-for-the-canonization-of-father-eustaquio-arrives-in-brazil\/visita-padre-andrzej-1\/\"><img loading=\"lazy\" decoding=\"async\" width=\"300\" height=\"300\" data-id=\"9163\" src=\"https:\/\/www.padreeustaquio.com.br\/wp-content\/uploads\/2022\/08\/Visita-Padre-Andrzej-1-300x300.jpeg\" alt=\"\" class=\"wp-image-9163\" srcset=\"https:\/\/www.padreeustaquio.com.br\/wp-content\/uploads\/2022\/08\/Visita-Padre-Andrzej-1-300x300.jpeg 300w, https:\/\/www.padreeustaquio.com.br\/wp-content\/uploads\/2022\/08\/Visita-Padre-Andrzej-1-1024x1024.jpeg 1024w, https:\/\/www.padreeustaquio.com.br\/wp-content\/uploads\/2022\/08\/Visita-Padre-Andrzej-1-150x150.jpeg 150w, https:\/\/www.padreeustaquio.com.br\/wp-content\/uploads\/2022\/08\/Visita-Padre-Andrzej-1-768x768.jpeg 768w, https:\/\/www.padreeustaquio.com.br\/wp-content\/uploads\/2022\/08\/Visita-Padre-Andrzej-1-75x75.jpeg 75w, https:\/\/www.padreeustaquio.com.br\/wp-content\/uploads\/2022\/08\/Visita-Padre-Andrzej-1-180x180.jpeg 180w, https:\/\/www.padreeustaquio.com.br\/wp-content\/uploads\/2022\/08\/Visita-Padre-Andrzej-1-400x400.jpeg 400w, https:\/\/www.padreeustaquio.com.br\/wp-content\/uploads\/2022\/08\/Visita-Padre-Andrzej-1-600x600.jpeg 600w, https:\/\/www.padreeustaquio.com.br\/wp-content\/uploads\/2022\/08\/Visita-Padre-Andrzej-1.jpeg 1080w\" sizes=\"(max-width: 300px) 100vw, 300px\" \/><\/a><\/figure>\n<\/figure>","protected":false},"excerpt":{"rendered":"<p>O Postulador Geral das Causas de Beatifica\u00e7\u00e3o e Canoniza\u00e7\u00e3o da Congrega\u00e7\u00e3o dos Sagrados Cora\u00e7\u00f5es, Padre Andrzej Lukawski, ss.cc, j\u00e1 est\u00e1 no Brasil. A primeira parada foi em Po\u00e1-SP, onde ele conheceu a Igreja onde o Bem-aventurado serviu de 1935 at\u00e9 1941. Padre Andrzej chegou na ter\u00e7a-feira \u00e0 noite e foi recebido, ainda no aeroporto em S\u00e3o Paulo, pelos irm\u00e3os dos Sagrados Cora\u00e7\u00f5es da Par\u00f3quia de Santo Em\u00eddio. Ontem, ele visitou a cidade de Po\u00e1, na regi\u00e3o metropolitana da capital paulista. Na cidade, o postulador conheceu o Museu Padre Eust\u00e1quio e a Igreja Nossa Senhora de Lourdes, campo de miss\u00e3o do [&hellip;]<\/p>\n","protected":false},"author":2,"featured_media":9161,"comment_status":"open","ping_status":"closed","sticky":false,"template":"","format":"standard","meta":{"_acf_changed":false,"footnotes":""},"categories":[611],"tags":[],"class_list":["post-9160","post","type-post","status-publish","format-standard","has-post-thumbnail","hentry","category-noticias"],"acf":[],"yoast_head":"<!-- This site is optimized with the Yoast SEO plugin v27.2 - https:\/\/yoast.com\/product\/yoast-seo-wordpress\/ -->\n<title>Postulador Geral da Causa de Canoniza\u00e7\u00e3o do Padre Eust\u00e1quio chega ao Brasil<\/title>\n<meta name=\"description\" content=\"O Postulador Geral das Causas de Beatifica\u00e7\u00e3o e Canoniza\u00e7\u00e3o da Congrega\u00e7\u00e3o dos Sagrados Cora\u00e7\u00f5es, Padre Andrzej Lukawski, ss.cc, j\u00e1 est\u00e1 no Brasil. A primeira parada foi em Po\u00e1-SP, onde ele conheceu a Igreja onde o Bem-aventurado serviu de 1935 at\u00e9 1941.\" \/>\n<meta name=\"robots\" content=\"index, follow, max-snippet:-1, max-image-preview:large, max-video-preview:-1\" \/>\n<link rel=\"canonical\" href=\"https:\/\/www.padreeustaquio.com.br\/en\/the-postulator-general-of-the-cause-for-the-canonization-of-father-eustaquio-arrives-in-brazil\/\" \/>\n<meta property=\"og:locale\" content=\"en_US\" \/>\n<meta property=\"og:type\" content=\"article\" \/>\n<meta property=\"og:title\" content=\"Postulador Geral da Causa de Canoniza\u00e7\u00e3o do Padre Eust\u00e1quio chega ao Brasil\" \/>\n<meta property=\"og:description\" content=\"O Postulador Geral das Causas de Beatifica\u00e7\u00e3o e Canoniza\u00e7\u00e3o da Congrega\u00e7\u00e3o dos Sagrados Cora\u00e7\u00f5es, Padre Andrzej Lukawski, ss.cc, j\u00e1 est\u00e1 no Brasil. A primeira parada foi em Po\u00e1-SP, onde ele conheceu a Igreja onde o Bem-aventurado serviu de 1935 at\u00e9 1941.\" \/>\n<meta property=\"og:url\" content=\"https:\/\/www.padreeustaquio.com.br\/en\/the-postulator-general-of-the-cause-for-the-canonization-of-father-eustaquio-arrives-in-brazil\/\" \/>\n<meta property=\"og:site_name\" content=\"Padre Eust\u00e1quio\" \/>\n<meta property=\"article:publisher\" content=\"https:\/\/www.facebook.com\/beatopadreeustaquio\/\" \/>\n<meta property=\"article:published_time\" content=\"2022-08-26T13:37:12+00:00\" \/>\n<meta property=\"article:modified_time\" content=\"2022-08-26T15:07:08+00:00\" \/>\n<meta property=\"og:image\" content=\"https:\/\/www.padreeustaquio.com.br\/wp-content\/uploads\/2022\/08\/Padre-Andrzej.png\" \/>\n\t<meta property=\"og:image:width\" content=\"1133\" \/>\n\t<meta property=\"og:image:height\" content=\"560\" \/>\n\t<meta property=\"og:image:type\" content=\"image\/png\" \/>\n<meta name=\"author\" content=\"@sscc\" \/>\n<meta name=\"twitter:card\" content=\"summary_large_image\" \/>\n<meta name=\"twitter:creator\" content=\"@beatopeustaquio\" \/>\n<meta name=\"twitter:site\" content=\"@beatopeustaquio\" \/>\n<meta name=\"twitter:label1\" content=\"Written by\" \/>\n\t<meta name=\"twitter:data1\" content=\"@sscc\" \/>\n\t<meta name=\"twitter:label2\" content=\"Est. reading time\" \/>\n\t<meta name=\"twitter:data2\" content=\"2 minutes\" \/>\n<script type=\"application\/ld+json\" class=\"yoast-schema-graph\">{\"@context\":\"https:\/\/schema.org\",\"@graph\":[{\"@type\":\"Article\",\"@id\":\"https:\/\/www.padreeustaquio.com.br\/postulador-geral-da-causa-de-canonizacao-do-padre-eustaquio-chega-ao-brasil\/#article\",\"isPartOf\":{\"@id\":\"https:\/\/www.padreeustaquio.com.br\/postulador-geral-da-causa-de-canonizacao-do-padre-eustaquio-chega-ao-brasil\/\"},\"author\":{\"name\":\"@sscc\",\"@id\":\"https:\/\/www.padreeustaquio.com.br\/#\/schema\/person\/a2a51db1d00f1a7af0204a0f1ddb1566\"},\"headline\":\"Postulador Geral da Causa de Canoniza\u00e7\u00e3o do Padre Eust\u00e1quio chega ao Brasil\",\"datePublished\":\"2022-08-26T13:37:12+00:00\",\"dateModified\":\"2022-08-26T15:07:08+00:00\",\"mainEntityOfPage\":{\"@id\":\"https:\/\/www.padreeustaquio.com.br\/postulador-geral-da-causa-de-canonizacao-do-padre-eustaquio-chega-ao-brasil\/\"},\"wordCount\":297,\"commentCount\":0,\"publisher\":{\"@id\":\"https:\/\/www.padreeustaquio.com.br\/#organization\"},\"image\":{\"@id\":\"https:\/\/www.padreeustaquio.com.br\/postulador-geral-da-causa-de-canonizacao-do-padre-eustaquio-chega-ao-brasil\/#primaryimage\"},\"thumbnailUrl\":\"https:\/\/www.padreeustaquio.com.br\/wp-content\/uploads\/2022\/08\/Padre-Andrzej.png\",\"articleSection\":[\"Not\u00edcias\"],\"inLanguage\":\"en-US\",\"potentialAction\":[{\"@type\":\"CommentAction\",\"name\":\"Comment\",\"target\":[\"https:\/\/www.padreeustaquio.com.br\/postulador-geral-da-causa-de-canonizacao-do-padre-eustaquio-chega-ao-brasil\/#respond\"]}]},{\"@type\":\"WebPage\",\"@id\":\"https:\/\/www.padreeustaquio.com.br\/postulador-geral-da-causa-de-canonizacao-do-padre-eustaquio-chega-ao-brasil\/\",\"url\":\"https:\/\/www.padreeustaquio.com.br\/postulador-geral-da-causa-de-canonizacao-do-padre-eustaquio-chega-ao-brasil\/\",\"name\":\"Postulador Geral da Causa de Canoniza\u00e7\u00e3o do Padre Eust\u00e1quio chega ao Brasil\",\"isPartOf\":{\"@id\":\"https:\/\/www.padreeustaquio.com.br\/#website\"},\"primaryImageOfPage\":{\"@id\":\"https:\/\/www.padreeustaquio.com.br\/postulador-geral-da-causa-de-canonizacao-do-padre-eustaquio-chega-ao-brasil\/#primaryimage\"},\"image\":{\"@id\":\"https:\/\/www.padreeustaquio.com.br\/postulador-geral-da-causa-de-canonizacao-do-padre-eustaquio-chega-ao-brasil\/#primaryimage\"},\"thumbnailUrl\":\"https:\/\/www.padreeustaquio.com.br\/wp-content\/uploads\/2022\/08\/Padre-Andrzej.png\",\"datePublished\":\"2022-08-26T13:37:12+00:00\",\"dateModified\":\"2022-08-26T15:07:08+00:00\",\"description\":\"O Postulador Geral das Causas de Beatifica\u00e7\u00e3o e Canoniza\u00e7\u00e3o da Congrega\u00e7\u00e3o dos Sagrados Cora\u00e7\u00f5es, Padre Andrzej Lukawski, ss.cc, j\u00e1 est\u00e1 no Brasil. A primeira parada foi em Po\u00e1-SP, onde ele conheceu a Igreja onde o Bem-aventurado serviu de 1935 at\u00e9 1941.\",\"breadcrumb\":{\"@id\":\"https:\/\/www.padreeustaquio.com.br\/postulador-geral-da-causa-de-canonizacao-do-padre-eustaquio-chega-ao-brasil\/#breadcrumb\"},\"inLanguage\":\"en-US\",\"potentialAction\":[{\"@type\":\"ReadAction\",\"target\":[\"https:\/\/www.padreeustaquio.com.br\/postulador-geral-da-causa-de-canonizacao-do-padre-eustaquio-chega-ao-brasil\/\"]}]},{\"@type\":\"ImageObject\",\"inLanguage\":\"en-US\",\"@id\":\"https:\/\/www.padreeustaquio.com.br\/postulador-geral-da-causa-de-canonizacao-do-padre-eustaquio-chega-ao-brasil\/#primaryimage\",\"url\":\"https:\/\/www.padreeustaquio.com.br\/wp-content\/uploads\/2022\/08\/Padre-Andrzej.png\",\"contentUrl\":\"https:\/\/www.padreeustaquio.com.br\/wp-content\/uploads\/2022\/08\/Padre-Andrzej.png\",\"width\":1133,\"height\":560,\"caption\":\"Padre Andrzej Lukawski, SSCC (\u00e0 direita) celebrando com outros sacerdotes em Po\u00e1-SP.\"},{\"@type\":\"BreadcrumbList\",\"@id\":\"https:\/\/www.padreeustaquio.com.br\/postulador-geral-da-causa-de-canonizacao-do-padre-eustaquio-chega-ao-brasil\/#breadcrumb\",\"itemListElement\":[{\"@type\":\"ListItem\",\"position\":1,\"name\":\"In\u00edcio\",\"item\":\"https:\/\/www.padreeustaquio.com.br\/\"},{\"@type\":\"ListItem\",\"position\":2,\"name\":\"Postulador Geral da Causa de Canoniza\u00e7\u00e3o do Padre Eust\u00e1quio chega ao Brasil\"}]},{\"@type\":\"WebSite\",\"@id\":\"https:\/\/www.padreeustaquio.com.br\/#website\",\"url\":\"https:\/\/www.padreeustaquio.com.br\/\",\"name\":\"Padre Eust\u00e1quio\",\"description\":\"Sa\u00fade e Paz\",\"publisher\":{\"@id\":\"https:\/\/www.padreeustaquio.com.br\/#organization\"},\"potentialAction\":[{\"@type\":\"SearchAction\",\"target\":{\"@type\":\"EntryPoint\",\"urlTemplate\":\"https:\/\/www.padreeustaquio.com.br\/?s={search_term_string}\"},\"query-input\":{\"@type\":\"PropertyValueSpecification\",\"valueRequired\":true,\"valueName\":\"search_term_string\"}}],\"inLanguage\":\"en-US\"},{\"@type\":\"Organization\",\"@id\":\"https:\/\/www.padreeustaquio.com.br\/#organization\",\"name\":\"Padre Eust\u00e1quio\",\"url\":\"https:\/\/www.padreeustaquio.com.br\/\",\"logo\":{\"@type\":\"ImageObject\",\"inLanguage\":\"en-US\",\"@id\":\"https:\/\/www.padreeustaquio.com.br\/#\/schema\/logo\/image\/\",\"url\":\"https:\/\/www.padreeustaquio.com.br\/wp-content\/uploads\/2019\/08\/marca.png\",\"contentUrl\":\"https:\/\/www.padreeustaquio.com.br\/wp-content\/uploads\/2019\/08\/marca.png\",\"width\":350,\"height\":400,\"caption\":\"Padre Eust\u00e1quio\"},\"image\":{\"@id\":\"https:\/\/www.padreeustaquio.com.br\/#\/schema\/logo\/image\/\"},\"sameAs\":[\"https:\/\/www.facebook.com\/beatopadreeustaquio\/\",\"https:\/\/x.com\/beatopeustaquio\",\"https:\/\/www.instagram.com\/beatopadreeustaquio\/\",\"https:\/\/www.youtube.com\/channel\/UCRhw7vfabnajwLxb1ZXMeIw\"]},{\"@type\":\"Person\",\"@id\":\"https:\/\/www.padreeustaquio.com.br\/#\/schema\/person\/a2a51db1d00f1a7af0204a0f1ddb1566\",\"name\":\"@sscc\",\"image\":{\"@type\":\"ImageObject\",\"inLanguage\":\"en-US\",\"@id\":\"https:\/\/secure.gravatar.com\/avatar\/68cfafa5f44617fea54071e215026e0ff06be366c3d54a8425f04fdcb86f8c5f?s=96&d=mm&r=g\",\"url\":\"https:\/\/secure.gravatar.com\/avatar\/68cfafa5f44617fea54071e215026e0ff06be366c3d54a8425f04fdcb86f8c5f?s=96&d=mm&r=g\",\"contentUrl\":\"https:\/\/secure.gravatar.com\/avatar\/68cfafa5f44617fea54071e215026e0ff06be366c3d54a8425f04fdcb86f8c5f?s=96&d=mm&r=g\",\"caption\":\"@sscc\"},\"url\":\"https:\/\/www.padreeustaquio.com.br\/en\/author\/sscc\/\"}]}<\/script>\n<!-- \/ Yoast SEO plugin. -->","yoast_head_json":{"title":"Postulator General of the Cause for Canonization of Father Eust\u00e1quio arrives in Brazil.","description":"The Postulator General for the Causes of Beatification and Canonization of the Congregation of the Sacred Hearts, Father Andrzej Lukawski, ss.cc, is already in Brazil. His first stop was in Po\u00e1-SP, where he visited the church where the Blessed served from 1935 to 1941.","robots":{"index":"index","follow":"follow","max-snippet":"max-snippet:-1","max-image-preview":"max-image-preview:large","max-video-preview":"max-video-preview:-1"},"canonical":"https:\/\/www.padreeustaquio.com.br\/en\/the-postulator-general-of-the-cause-for-the-canonization-of-father-eustaquio-arrives-in-brazil\/","og_locale":"en_US","og_type":"article","og_title":"Postulador Geral da Causa de Canoniza\u00e7\u00e3o do Padre Eust\u00e1quio chega ao Brasil","og_description":"O Postulador Geral das Causas de Beatifica\u00e7\u00e3o e Canoniza\u00e7\u00e3o da Congrega\u00e7\u00e3o dos Sagrados Cora\u00e7\u00f5es, Padre Andrzej Lukawski, ss.cc, j\u00e1 est\u00e1 no Brasil. A primeira parada foi em Po\u00e1-SP, onde ele conheceu a Igreja onde o Bem-aventurado serviu de 1935 at\u00e9 1941.","og_url":"https:\/\/www.padreeustaquio.com.br\/en\/the-postulator-general-of-the-cause-for-the-canonization-of-father-eustaquio-arrives-in-brazil\/","og_site_name":"Padre Eust\u00e1quio","article_publisher":"https:\/\/www.facebook.com\/beatopadreeustaquio\/","article_published_time":"2022-08-26T13:37:12+00:00","article_modified_time":"2022-08-26T15:07:08+00:00","og_image":[{"width":1133,"height":560,"url":"https:\/\/www.padreeustaquio.com.br\/wp-content\/uploads\/2022\/08\/Padre-Andrzej.png","type":"image\/png"}],"author":"@sscc","twitter_card":"summary_large_image","twitter_creator":"@beatopeustaquio","twitter_site":"@beatopeustaquio","twitter_misc":{"Written by":"@sscc","Est. reading time":"2 minutes"},"schema":{"@context":"https:\/\/schema.org","@graph":[{"@type":"Article","@id":"https:\/\/www.padreeustaquio.com.br\/postulador-geral-da-causa-de-canonizacao-do-padre-eustaquio-chega-ao-brasil\/#article","isPartOf":{"@id":"https:\/\/www.padreeustaquio.com.br\/postulador-geral-da-causa-de-canonizacao-do-padre-eustaquio-chega-ao-brasil\/"},"author":{"name":"@sscc","@id":"https:\/\/www.padreeustaquio.com.br\/#\/schema\/person\/a2a51db1d00f1a7af0204a0f1ddb1566"},"headline":"Postulador Geral da Causa de Canoniza\u00e7\u00e3o do Padre Eust\u00e1quio chega ao Brasil","datePublished":"2022-08-26T13:37:12+00:00","dateModified":"2022-08-26T15:07:08+00:00","mainEntityOfPage":{"@id":"https:\/\/www.padreeustaquio.com.br\/postulador-geral-da-causa-de-canonizacao-do-padre-eustaquio-chega-ao-brasil\/"},"wordCount":297,"commentCount":0,"publisher":{"@id":"https:\/\/www.padreeustaquio.com.br\/#organization"},"image":{"@id":"https:\/\/www.padreeustaquio.com.br\/postulador-geral-da-causa-de-canonizacao-do-padre-eustaquio-chega-ao-brasil\/#primaryimage"},"thumbnailUrl":"https:\/\/www.padreeustaquio.com.br\/wp-content\/uploads\/2022\/08\/Padre-Andrzej.png","articleSection":["Not\u00edcias"],"inLanguage":"en-US","potentialAction":[{"@type":"CommentAction","name":"Comment","target":["https:\/\/www.padreeustaquio.com.br\/postulador-geral-da-causa-de-canonizacao-do-padre-eustaquio-chega-ao-brasil\/#respond"]}]},{"@type":"WebPage","@id":"https:\/\/www.padreeustaquio.com.br\/postulador-geral-da-causa-de-canonizacao-do-padre-eustaquio-chega-ao-brasil\/","url":"https:\/\/www.padreeustaquio.com.br\/postulador-geral-da-causa-de-canonizacao-do-padre-eustaquio-chega-ao-brasil\/","name":"Postulator General of the Cause for Canonization of Father Eust\u00e1quio arrives in Brazil.","isPartOf":{"@id":"https:\/\/www.padreeustaquio.com.br\/#website"},"primaryImageOfPage":{"@id":"https:\/\/www.padreeustaquio.com.br\/postulador-geral-da-causa-de-canonizacao-do-padre-eustaquio-chega-ao-brasil\/#primaryimage"},"image":{"@id":"https:\/\/www.padreeustaquio.com.br\/postulador-geral-da-causa-de-canonizacao-do-padre-eustaquio-chega-ao-brasil\/#primaryimage"},"thumbnailUrl":"https:\/\/www.padreeustaquio.com.br\/wp-content\/uploads\/2022\/08\/Padre-Andrzej.png","datePublished":"2022-08-26T13:37:12+00:00","dateModified":"2022-08-26T15:07:08+00:00","description":"The Postulator General for the Causes of Beatification and Canonization of the Congregation of the Sacred Hearts, Father Andrzej Lukawski, ss.cc, is already in Brazil. His first stop was in Po\u00e1-SP, where he visited the church where the Blessed served from 1935 to 1941.","breadcrumb":{"@id":"https:\/\/www.padreeustaquio.com.br\/postulador-geral-da-causa-de-canonizacao-do-padre-eustaquio-chega-ao-brasil\/#breadcrumb"},"inLanguage":"en-US","potentialAction":[{"@type":"ReadAction","target":["https:\/\/www.padreeustaquio.com.br\/postulador-geral-da-causa-de-canonizacao-do-padre-eustaquio-chega-ao-brasil\/"]}]},{"@type":"ImageObject","inLanguage":"en-US","@id":"https:\/\/www.padreeustaquio.com.br\/postulador-geral-da-causa-de-canonizacao-do-padre-eustaquio-chega-ao-brasil\/#primaryimage","url":"https:\/\/www.padreeustaquio.com.br\/wp-content\/uploads\/2022\/08\/Padre-Andrzej.png","contentUrl":"https:\/\/www.padreeustaquio.com.br\/wp-content\/uploads\/2022\/08\/Padre-Andrzej.png","width":1133,"height":560,"caption":"Padre Andrzej Lukawski, SSCC (\u00e0 direita) celebrando com outros sacerdotes em Po\u00e1-SP."},{"@type":"BreadcrumbList","@id":"https:\/\/www.padreeustaquio.com.br\/postulador-geral-da-causa-de-canonizacao-do-padre-eustaquio-chega-ao-brasil\/#breadcrumb","itemListElement":[{"@type":"ListItem","position":1,"name":"In\u00edcio","item":"https:\/\/www.padreeustaquio.com.br\/"},{"@type":"ListItem","position":2,"name":"Postulador Geral da Causa de Canoniza\u00e7\u00e3o do Padre Eust\u00e1quio chega ao Brasil"}]},{"@type":"WebSite","@id":"https:\/\/www.padreeustaquio.com.br\/#website","url":"https:\/\/www.padreeustaquio.com.br\/","name":"FATHER EUST\u00c1QUIO","description":"Health and Peace","publisher":{"@id":"https:\/\/www.padreeustaquio.com.br\/#organization"},"potentialAction":[{"@type":"SearchAction","target":{"@type":"EntryPoint","urlTemplate":"https:\/\/www.padreeustaquio.com.br\/?s={search_term_string}"},"query-input":{"@type":"PropertyValueSpecification","valueRequired":true,"valueName":"search_term_string"}}],"inLanguage":"en-US"},{"@type":"Organization","@id":"https:\/\/www.padreeustaquio.com.br\/#organization","name":"FATHER EUST\u00c1QUIO","url":"https:\/\/www.padreeustaquio.com.br\/","logo":{"@type":"ImageObject","inLanguage":"en-US","@id":"https:\/\/www.padreeustaquio.com.br\/#\/schema\/logo\/image\/","url":"https:\/\/www.padreeustaquio.com.br\/wp-content\/uploads\/2019\/08\/marca.png","contentUrl":"https:\/\/www.padreeustaquio.com.br\/wp-content\/uploads\/2019\/08\/marca.png","width":350,"height":400,"caption":"Padre Eust\u00e1quio"},"image":{"@id":"https:\/\/www.padreeustaquio.com.br\/#\/schema\/logo\/image\/"},"sameAs":["https:\/\/www.facebook.com\/beatopadreeustaquio\/","https:\/\/x.com\/beatopeustaquio","https:\/\/www.instagram.com\/beatopadreeustaquio\/","https:\/\/www.youtube.com\/channel\/UCRhw7vfabnajwLxb1ZXMeIw"]},{"@type":"Person","@id":"https:\/\/www.padreeustaquio.com.br\/#\/schema\/person\/a2a51db1d00f1a7af0204a0f1ddb1566","name":"@sscc","image":{"@type":"ImageObject","inLanguage":"en-US","@id":"https:\/\/secure.gravatar.com\/avatar\/68cfafa5f44617fea54071e215026e0ff06be366c3d54a8425f04fdcb86f8c5f?s=96&d=mm&r=g","url":"https:\/\/secure.gravatar.com\/avatar\/68cfafa5f44617fea54071e215026e0ff06be366c3d54a8425f04fdcb86f8c5f?s=96&d=mm&r=g","contentUrl":"https:\/\/secure.gravatar.com\/avatar\/68cfafa5f44617fea54071e215026e0ff06be366c3d54a8425f04fdcb86f8c5f?s=96&d=mm&r=g","caption":"@sscc"},"url":"https:\/\/www.padreeustaquio.com.br\/en\/author\/sscc\/"}]}},"_links":{"self":[{"href":"https:\/\/www.padreeustaquio.com.br\/en\/wp-json\/wp\/v2\/posts\/9160","targetHints":{"allow":["GET"]}}],"collection":[{"href":"https:\/\/www.padreeustaquio.com.br\/en\/wp-json\/wp\/v2\/posts"}],"about":[{"href":"https:\/\/www.padreeustaquio.com.br\/en\/wp-json\/wp\/v2\/types\/post"}],"author":[{"embeddable":true,"href":"https:\/\/www.padreeustaquio.com.br\/en\/wp-json\/wp\/v2\/users\/2"}],"replies":[{"embeddable":true,"href":"https:\/\/www.padreeustaquio.com.br\/en\/wp-json\/wp\/v2\/comments?post=9160"}],"version-history":[{"count":0,"href":"https:\/\/www.padreeustaquio.com.br\/en\/wp-json\/wp\/v2\/posts\/9160\/revisions"}],"wp:featuredmedia":[{"embeddable":true,"href":"https:\/\/www.padreeustaquio.com.br\/en\/wp-json\/wp\/v2\/media\/9161"}],"wp:attachment":[{"href":"https:\/\/www.padreeustaquio.com.br\/en\/wp-json\/wp\/v2\/media?parent=9160"}],"wp:term":[{"taxonomy":"category","embeddable":true,"href":"https:\/\/www.padreeustaquio.com.br\/en\/wp-json\/wp\/v2\/categories?post=9160"},{"taxonomy":"post_tag","embeddable":true,"href":"https:\/\/www.padreeustaquio.com.br\/en\/wp-json\/wp\/v2\/tags?post=9160"}],"curies":[{"name":"wp","href":"https:\/\/api.w.org\/{rel}","templated":true}]}}