{"id":9150,"date":"2022-08-24T14:38:24","date_gmt":"2022-08-24T17:38:24","guid":{"rendered":"https:\/\/www.padreeustaquio.com.br\/?p=9150"},"modified":"2022-08-24T14:58:30","modified_gmt":"2022-08-24T17:58:30","slug":"farewell-to-dom-luiz-mancilha-will-be-broadcast-on-the-padre-eustaquio-channel","status":"publish","type":"post","link":"https:\/\/www.padreeustaquio.com.br\/en\/farewell-to-dom-luiz-mancilha-will-be-broadcast-on-the-padre-eustaquio-channel\/","title":{"rendered":"The farewell to Dom Luiz Mancilha will be broadcast on the Padre Eust\u00e1quio Channel."},"content":{"rendered":"<p>The Holy Mass of Requiem and the burial of the Archbishop Emeritus of Vit\u00f3ria, in the State of Esp\u00edrito Santo, Dom Luiz Mancilha Vilela, ss.cc., will be held this Thursday at 10:00 AM in the Cathedral of Vit\u00f3ria. The Eucharistic Celebration will be presided over by the current Metropolitan Archbishop, Dom Frei Dario Campos, and the burial will take place in the Crypt of the Cathedral of Vit\u00f3ria.<\/p>\n\n\n\n<p>Dom Luiz died on the afternoon of Tuesday, August 23, at the age of 80, a victim of liver complications. He had been hospitalized since July 23 at the Unimed Vit\u00f3ria Hospital. Throughout this Wednesday, the 24th, thousands of people are passing through the cathedral in the center of the capital of Esp\u00edrito Santo to say goodbye to the archbishop emeritus. Masses are being celebrated every two hours. Tomorrow, there will be masses at 6 am, 8 am and 10 am, and the Eucharistic Celebration of the Funeral Rites will be broadcast on the Padre Eust\u00e1quio Channel (<a href=\"https:\/\/youtu.be\/fKOr0f6h_AY\" target=\"_blank\" rel=\"noreferrer noopener\">Click here to follow<\/a>) in partnership with the Archdiocese of Vit\u00f3ria.<\/p>\n\n\n\n<p><strong>The life story of Dom Luiz Mancilha Vilela, SSCC<\/strong><\/p>\n\n\n\n<p>Luiz Mancilha Vilela was born on May 6, 1942, in Pouso Alto, in the south of Minas Gerais. At the age of 19, he professed his temporary vows in the Congregation of the Sacred Hearts in Pindamonhangaba, S\u00e3o Paulo. Six years later, on December 21, 1968, he was ordained a priest in Belo Horizonte by the then archbishop of the Minas Gerais capital, Dom Serafim Fernandes de Ara\u00fajo.<\/p>\n\n\n\n<p>After his ordination, Dom Luiz served as coordinator of Vocational Pastoral Care in the Province of the Congregation of the Sacred Hearts, provincial councilor, and superior of the Sacred Hearts Seminary in Pindamonhangaba, S\u00e3o Paulo.<\/p>\n\n\n\n<p>On December 3, 1985, Pope John Paul II appointed Luiz Mancilha Vilela as bishop of Cachoeiro do Itapemerim-ES. His episcopal ordination took place on February 22, 1986, and Dom Luiz remained there for 17 years. In 2002, he went to the capital, Vit\u00f3ria, as auxiliary bishop, and two years later, on April 14, 2004, he was appointed archbishop of Vit\u00f3ria, a position he held until his retirement in November 2018.<\/p>\n\n\n\n<p>Since then, as Archbishop Emeritus, Dom Luiz remained residing in the Archdiocese of Vit\u00f3ria, carrying out some religious activities. Throughout his life he wrote several works, among them: &quot;Pray With Me&quot;, &quot;In the Footsteps of Jesus&quot; and &quot;Visit to the Sanctuary of Health and Peace&quot;, where he recounts, in poetic phrases, every detail of the Church of Father Eust\u00e1quio in Belo Horizonte.<\/p>\n\n\n\n<p><\/p>","protected":false},"excerpt":{"rendered":"<p>A Santa Missa das Ex\u00e9quias e o sepultamento do arcebispo em\u00e9rito de Vit\u00f3ria, no Estado do Esp\u00edrito Santo, Dom Luiz Mancilha Vilela, ss.cc., ser\u00e3o realizados nesta quinta-feira, \u00e0s 10h na Catedral de Vit\u00f3ria. A Celebra\u00e7\u00e3o Eucar\u00edstica ser\u00e1 presidida pelo atual arcebispo metropolitano, Dom Frei Dario Campos e o sepultamento ser\u00e1 na Cripta da Catedral de Vit\u00f3ria. Dom Luiz morreu na tarde dessa ter\u00e7a-feira, 23 de agosto, aos 80 anos, v\u00edtima de complica\u00e7\u00f5es hep\u00e1ticas. Ele estava internado desde o dia 23 de julho no Hospital Unimed Vit\u00f3ria. Ao longo desta quarta-feira, 24, milhares de pessoas passam pela catedral, no centro da [&hellip;]<\/p>\n","protected":false},"author":2,"featured_media":9151,"comment_status":"open","ping_status":"closed","sticky":false,"template":"","format":"standard","meta":{"_acf_changed":false,"footnotes":""},"categories":[611],"tags":[],"class_list":["post-9150","post","type-post","status-publish","format-standard","has-post-thumbnail","hentry","category-noticias"],"acf":[],"yoast_head":"<!-- This site is optimized with the Yoast SEO plugin v27.2 - https:\/\/yoast.com\/product\/yoast-seo-wordpress\/ -->\n<title>Despedida a Dom Luiz Mancilha ser\u00e1 transmitida pelo Canal Padre Eust\u00e1quio<\/title>\n<meta name=\"description\" content=\"A Santa Missa das Ex\u00e9quias e o sepultamento do arcebispo em\u00e9rito de Vit\u00f3ria, no Estado do Esp\u00edrito Santo, Dom Luiz Mancilha Vilela, ss.cc., ser\u00e3o realizados nesta quinta-feira, \u00e0s 10h na Catedral de Vit\u00f3ria. A Celebra\u00e7\u00e3o Eucar\u00edstica ser\u00e1 presidida pelo atual arcebispo metropolitano, Dom Frei Dario Campos e o sepultamento ser\u00e1 na Cripta da Catedral de Vit\u00f3ria.\" \/>\n<meta name=\"robots\" content=\"index, follow, max-snippet:-1, max-image-preview:large, max-video-preview:-1\" \/>\n<link rel=\"canonical\" href=\"https:\/\/www.padreeustaquio.com.br\/en\/farewell-to-dom-luiz-mancilha-will-be-broadcast-on-the-padre-eustaquio-channel\/\" \/>\n<meta property=\"og:locale\" content=\"en_US\" \/>\n<meta property=\"og:type\" content=\"article\" \/>\n<meta property=\"og:title\" content=\"Despedida a Dom Luiz Mancilha ser\u00e1 transmitida pelo Canal Padre Eust\u00e1quio\" \/>\n<meta property=\"og:description\" content=\"A Santa Missa das Ex\u00e9quias e o sepultamento do arcebispo em\u00e9rito de Vit\u00f3ria, no Estado do Esp\u00edrito Santo, Dom Luiz Mancilha Vilela, ss.cc., ser\u00e3o realizados nesta quinta-feira, \u00e0s 10h na Catedral de Vit\u00f3ria. A Celebra\u00e7\u00e3o Eucar\u00edstica ser\u00e1 presidida pelo atual arcebispo metropolitano, Dom Frei Dario Campos e o sepultamento ser\u00e1 na Cripta da Catedral de Vit\u00f3ria.\" \/>\n<meta property=\"og:url\" content=\"https:\/\/www.padreeustaquio.com.br\/en\/farewell-to-dom-luiz-mancilha-will-be-broadcast-on-the-padre-eustaquio-channel\/\" \/>\n<meta property=\"og:site_name\" content=\"Padre Eust\u00e1quio\" \/>\n<meta property=\"article:publisher\" content=\"https:\/\/www.facebook.com\/beatopadreeustaquio\/\" \/>\n<meta property=\"article:published_time\" content=\"2022-08-24T17:38:24+00:00\" \/>\n<meta property=\"article:modified_time\" content=\"2022-08-24T17:58:30+00:00\" \/>\n<meta property=\"og:image\" content=\"https:\/\/www.padreeustaquio.com.br\/wp-content\/uploads\/2022\/08\/despedida-dom-luiz.png\" \/>\n\t<meta property=\"og:image:width\" content=\"548\" \/>\n\t<meta property=\"og:image:height\" content=\"326\" \/>\n\t<meta property=\"og:image:type\" content=\"image\/png\" \/>\n<meta name=\"author\" content=\"@sscc\" \/>\n<meta name=\"twitter:card\" content=\"summary_large_image\" \/>\n<meta name=\"twitter:image\" content=\"https:\/\/www.padreeustaquio.com.br\/wp-content\/uploads\/2022\/08\/despedida-dom-luiz.png\" \/>\n<meta name=\"twitter:creator\" content=\"@beatopeustaquio\" \/>\n<meta name=\"twitter:site\" content=\"@beatopeustaquio\" \/>\n<meta name=\"twitter:label1\" content=\"Written by\" \/>\n\t<meta name=\"twitter:data1\" content=\"@sscc\" \/>\n\t<meta name=\"twitter:label2\" content=\"Est. reading time\" \/>\n\t<meta name=\"twitter:data2\" content=\"2 minutes\" \/>\n<script type=\"application\/ld+json\" class=\"yoast-schema-graph\">{\"@context\":\"https:\/\/schema.org\",\"@graph\":[{\"@type\":\"Article\",\"@id\":\"https:\/\/www.padreeustaquio.com.br\/despedida-a-dom-luiz-mancilha-sera-transmitida-pelo-canal-padre-eustaquio\/#article\",\"isPartOf\":{\"@id\":\"https:\/\/www.padreeustaquio.com.br\/despedida-a-dom-luiz-mancilha-sera-transmitida-pelo-canal-padre-eustaquio\/\"},\"author\":{\"name\":\"@sscc\",\"@id\":\"https:\/\/www.padreeustaquio.com.br\/#\/schema\/person\/a2a51db1d00f1a7af0204a0f1ddb1566\"},\"headline\":\"Despedida a Dom Luiz Mancilha ser\u00e1 transmitida pelo Canal Padre Eust\u00e1quio\",\"datePublished\":\"2022-08-24T17:38:24+00:00\",\"dateModified\":\"2022-08-24T17:58:30+00:00\",\"mainEntityOfPage\":{\"@id\":\"https:\/\/www.padreeustaquio.com.br\/despedida-a-dom-luiz-mancilha-sera-transmitida-pelo-canal-padre-eustaquio\/\"},\"wordCount\":424,\"commentCount\":0,\"publisher\":{\"@id\":\"https:\/\/www.padreeustaquio.com.br\/#organization\"},\"image\":{\"@id\":\"https:\/\/www.padreeustaquio.com.br\/despedida-a-dom-luiz-mancilha-sera-transmitida-pelo-canal-padre-eustaquio\/#primaryimage\"},\"thumbnailUrl\":\"https:\/\/www.padreeustaquio.com.br\/wp-content\/uploads\/2022\/08\/despedida-dom-luiz.png\",\"articleSection\":[\"Not\u00edcias\"],\"inLanguage\":\"en-US\",\"potentialAction\":[{\"@type\":\"CommentAction\",\"name\":\"Comment\",\"target\":[\"https:\/\/www.padreeustaquio.com.br\/despedida-a-dom-luiz-mancilha-sera-transmitida-pelo-canal-padre-eustaquio\/#respond\"]}]},{\"@type\":\"WebPage\",\"@id\":\"https:\/\/www.padreeustaquio.com.br\/despedida-a-dom-luiz-mancilha-sera-transmitida-pelo-canal-padre-eustaquio\/\",\"url\":\"https:\/\/www.padreeustaquio.com.br\/despedida-a-dom-luiz-mancilha-sera-transmitida-pelo-canal-padre-eustaquio\/\",\"name\":\"Despedida a Dom Luiz Mancilha ser\u00e1 transmitida pelo Canal Padre Eust\u00e1quio\",\"isPartOf\":{\"@id\":\"https:\/\/www.padreeustaquio.com.br\/#website\"},\"primaryImageOfPage\":{\"@id\":\"https:\/\/www.padreeustaquio.com.br\/despedida-a-dom-luiz-mancilha-sera-transmitida-pelo-canal-padre-eustaquio\/#primaryimage\"},\"image\":{\"@id\":\"https:\/\/www.padreeustaquio.com.br\/despedida-a-dom-luiz-mancilha-sera-transmitida-pelo-canal-padre-eustaquio\/#primaryimage\"},\"thumbnailUrl\":\"https:\/\/www.padreeustaquio.com.br\/wp-content\/uploads\/2022\/08\/despedida-dom-luiz.png\",\"datePublished\":\"2022-08-24T17:38:24+00:00\",\"dateModified\":\"2022-08-24T17:58:30+00:00\",\"description\":\"A Santa Missa das Ex\u00e9quias e o sepultamento do arcebispo em\u00e9rito de Vit\u00f3ria, no Estado do Esp\u00edrito Santo, Dom Luiz Mancilha Vilela, ss.cc., ser\u00e3o realizados nesta quinta-feira, \u00e0s 10h na Catedral de Vit\u00f3ria. A Celebra\u00e7\u00e3o Eucar\u00edstica ser\u00e1 presidida pelo atual arcebispo metropolitano, Dom Frei Dario Campos e o sepultamento ser\u00e1 na Cripta da Catedral de Vit\u00f3ria.\",\"breadcrumb\":{\"@id\":\"https:\/\/www.padreeustaquio.com.br\/despedida-a-dom-luiz-mancilha-sera-transmitida-pelo-canal-padre-eustaquio\/#breadcrumb\"},\"inLanguage\":\"en-US\",\"potentialAction\":[{\"@type\":\"ReadAction\",\"target\":[\"https:\/\/www.padreeustaquio.com.br\/despedida-a-dom-luiz-mancilha-sera-transmitida-pelo-canal-padre-eustaquio\/\"]}]},{\"@type\":\"ImageObject\",\"inLanguage\":\"en-US\",\"@id\":\"https:\/\/www.padreeustaquio.com.br\/despedida-a-dom-luiz-mancilha-sera-transmitida-pelo-canal-padre-eustaquio\/#primaryimage\",\"url\":\"https:\/\/www.padreeustaquio.com.br\/wp-content\/uploads\/2022\/08\/despedida-dom-luiz.png\",\"contentUrl\":\"https:\/\/www.padreeustaquio.com.br\/wp-content\/uploads\/2022\/08\/despedida-dom-luiz.png\",\"width\":548,\"height\":326},{\"@type\":\"BreadcrumbList\",\"@id\":\"https:\/\/www.padreeustaquio.com.br\/despedida-a-dom-luiz-mancilha-sera-transmitida-pelo-canal-padre-eustaquio\/#breadcrumb\",\"itemListElement\":[{\"@type\":\"ListItem\",\"position\":1,\"name\":\"In\u00edcio\",\"item\":\"https:\/\/www.padreeustaquio.com.br\/\"},{\"@type\":\"ListItem\",\"position\":2,\"name\":\"Despedida a Dom Luiz Mancilha ser\u00e1 transmitida pelo Canal Padre Eust\u00e1quio\"}]},{\"@type\":\"WebSite\",\"@id\":\"https:\/\/www.padreeustaquio.com.br\/#website\",\"url\":\"https:\/\/www.padreeustaquio.com.br\/\",\"name\":\"Padre Eust\u00e1quio\",\"description\":\"Sa\u00fade e Paz\",\"publisher\":{\"@id\":\"https:\/\/www.padreeustaquio.com.br\/#organization\"},\"potentialAction\":[{\"@type\":\"SearchAction\",\"target\":{\"@type\":\"EntryPoint\",\"urlTemplate\":\"https:\/\/www.padreeustaquio.com.br\/?s={search_term_string}\"},\"query-input\":{\"@type\":\"PropertyValueSpecification\",\"valueRequired\":true,\"valueName\":\"search_term_string\"}}],\"inLanguage\":\"en-US\"},{\"@type\":\"Organization\",\"@id\":\"https:\/\/www.padreeustaquio.com.br\/#organization\",\"name\":\"Padre Eust\u00e1quio\",\"url\":\"https:\/\/www.padreeustaquio.com.br\/\",\"logo\":{\"@type\":\"ImageObject\",\"inLanguage\":\"en-US\",\"@id\":\"https:\/\/www.padreeustaquio.com.br\/#\/schema\/logo\/image\/\",\"url\":\"https:\/\/www.padreeustaquio.com.br\/wp-content\/uploads\/2019\/08\/marca.png\",\"contentUrl\":\"https:\/\/www.padreeustaquio.com.br\/wp-content\/uploads\/2019\/08\/marca.png\",\"width\":350,\"height\":400,\"caption\":\"Padre Eust\u00e1quio\"},\"image\":{\"@id\":\"https:\/\/www.padreeustaquio.com.br\/#\/schema\/logo\/image\/\"},\"sameAs\":[\"https:\/\/www.facebook.com\/beatopadreeustaquio\/\",\"https:\/\/x.com\/beatopeustaquio\",\"https:\/\/www.instagram.com\/beatopadreeustaquio\/\",\"https:\/\/www.youtube.com\/channel\/UCRhw7vfabnajwLxb1ZXMeIw\"]},{\"@type\":\"Person\",\"@id\":\"https:\/\/www.padreeustaquio.com.br\/#\/schema\/person\/a2a51db1d00f1a7af0204a0f1ddb1566\",\"name\":\"@sscc\",\"image\":{\"@type\":\"ImageObject\",\"inLanguage\":\"en-US\",\"@id\":\"https:\/\/secure.gravatar.com\/avatar\/68cfafa5f44617fea54071e215026e0ff06be366c3d54a8425f04fdcb86f8c5f?s=96&d=mm&r=g\",\"url\":\"https:\/\/secure.gravatar.com\/avatar\/68cfafa5f44617fea54071e215026e0ff06be366c3d54a8425f04fdcb86f8c5f?s=96&d=mm&r=g\",\"contentUrl\":\"https:\/\/secure.gravatar.com\/avatar\/68cfafa5f44617fea54071e215026e0ff06be366c3d54a8425f04fdcb86f8c5f?s=96&d=mm&r=g\",\"caption\":\"@sscc\"},\"url\":\"https:\/\/www.padreeustaquio.com.br\/en\/author\/sscc\/\"}]}<\/script>\n<!-- \/ Yoast SEO plugin. -->","yoast_head_json":{"title":"The farewell to Dom Luiz Mancilha will be broadcast on the Padre Eust\u00e1quio Channel.","description":"The Holy Mass of Requiem and the burial of the Archbishop Emeritus of Vit\u00f3ria, in the State of Esp\u00edrito Santo, Dom Luiz Mancilha Vilela, ss.cc., will be held this Thursday at 10:00 AM in the Cathedral of Vit\u00f3ria. The Eucharistic Celebration will be presided over by the current Metropolitan Archbishop, Dom Frei Dario Campos, and the burial will take place in the Crypt of the Cathedral of Vit\u00f3ria.","robots":{"index":"index","follow":"follow","max-snippet":"max-snippet:-1","max-image-preview":"max-image-preview:large","max-video-preview":"max-video-preview:-1"},"canonical":"https:\/\/www.padreeustaquio.com.br\/en\/farewell-to-dom-luiz-mancilha-will-be-broadcast-on-the-padre-eustaquio-channel\/","og_locale":"en_US","og_type":"article","og_title":"Despedida a Dom Luiz Mancilha ser\u00e1 transmitida pelo Canal Padre Eust\u00e1quio","og_description":"A Santa Missa das Ex\u00e9quias e o sepultamento do arcebispo em\u00e9rito de Vit\u00f3ria, no Estado do Esp\u00edrito Santo, Dom Luiz Mancilha Vilela, ss.cc., ser\u00e3o realizados nesta quinta-feira, \u00e0s 10h na Catedral de Vit\u00f3ria. A Celebra\u00e7\u00e3o Eucar\u00edstica ser\u00e1 presidida pelo atual arcebispo metropolitano, Dom Frei Dario Campos e o sepultamento ser\u00e1 na Cripta da Catedral de Vit\u00f3ria.","og_url":"https:\/\/www.padreeustaquio.com.br\/en\/farewell-to-dom-luiz-mancilha-will-be-broadcast-on-the-padre-eustaquio-channel\/","og_site_name":"Padre Eust\u00e1quio","article_publisher":"https:\/\/www.facebook.com\/beatopadreeustaquio\/","article_published_time":"2022-08-24T17:38:24+00:00","article_modified_time":"2022-08-24T17:58:30+00:00","og_image":[{"width":548,"height":326,"url":"https:\/\/www.padreeustaquio.com.br\/wp-content\/uploads\/2022\/08\/despedida-dom-luiz.png","type":"image\/png"}],"author":"@sscc","twitter_card":"summary_large_image","twitter_image":"https:\/\/www.padreeustaquio.com.br\/wp-content\/uploads\/2022\/08\/despedida-dom-luiz.png","twitter_creator":"@beatopeustaquio","twitter_site":"@beatopeustaquio","twitter_misc":{"Written by":"@sscc","Est. reading time":"2 minutes"},"schema":{"@context":"https:\/\/schema.org","@graph":[{"@type":"Article","@id":"https:\/\/www.padreeustaquio.com.br\/despedida-a-dom-luiz-mancilha-sera-transmitida-pelo-canal-padre-eustaquio\/#article","isPartOf":{"@id":"https:\/\/www.padreeustaquio.com.br\/despedida-a-dom-luiz-mancilha-sera-transmitida-pelo-canal-padre-eustaquio\/"},"author":{"name":"@sscc","@id":"https:\/\/www.padreeustaquio.com.br\/#\/schema\/person\/a2a51db1d00f1a7af0204a0f1ddb1566"},"headline":"Despedida a Dom Luiz Mancilha ser\u00e1 transmitida pelo Canal Padre Eust\u00e1quio","datePublished":"2022-08-24T17:38:24+00:00","dateModified":"2022-08-24T17:58:30+00:00","mainEntityOfPage":{"@id":"https:\/\/www.padreeustaquio.com.br\/despedida-a-dom-luiz-mancilha-sera-transmitida-pelo-canal-padre-eustaquio\/"},"wordCount":424,"commentCount":0,"publisher":{"@id":"https:\/\/www.padreeustaquio.com.br\/#organization"},"image":{"@id":"https:\/\/www.padreeustaquio.com.br\/despedida-a-dom-luiz-mancilha-sera-transmitida-pelo-canal-padre-eustaquio\/#primaryimage"},"thumbnailUrl":"https:\/\/www.padreeustaquio.com.br\/wp-content\/uploads\/2022\/08\/despedida-dom-luiz.png","articleSection":["Not\u00edcias"],"inLanguage":"en-US","potentialAction":[{"@type":"CommentAction","name":"Comment","target":["https:\/\/www.padreeustaquio.com.br\/despedida-a-dom-luiz-mancilha-sera-transmitida-pelo-canal-padre-eustaquio\/#respond"]}]},{"@type":"WebPage","@id":"https:\/\/www.padreeustaquio.com.br\/despedida-a-dom-luiz-mancilha-sera-transmitida-pelo-canal-padre-eustaquio\/","url":"https:\/\/www.padreeustaquio.com.br\/despedida-a-dom-luiz-mancilha-sera-transmitida-pelo-canal-padre-eustaquio\/","name":"The farewell to Dom Luiz Mancilha will be broadcast on the Padre Eust\u00e1quio Channel.","isPartOf":{"@id":"https:\/\/www.padreeustaquio.com.br\/#website"},"primaryImageOfPage":{"@id":"https:\/\/www.padreeustaquio.com.br\/despedida-a-dom-luiz-mancilha-sera-transmitida-pelo-canal-padre-eustaquio\/#primaryimage"},"image":{"@id":"https:\/\/www.padreeustaquio.com.br\/despedida-a-dom-luiz-mancilha-sera-transmitida-pelo-canal-padre-eustaquio\/#primaryimage"},"thumbnailUrl":"https:\/\/www.padreeustaquio.com.br\/wp-content\/uploads\/2022\/08\/despedida-dom-luiz.png","datePublished":"2022-08-24T17:38:24+00:00","dateModified":"2022-08-24T17:58:30+00:00","description":"The Holy Mass of Requiem and the burial of the Archbishop Emeritus of Vit\u00f3ria, in the State of Esp\u00edrito Santo, Dom Luiz Mancilha Vilela, ss.cc., will be held this Thursday at 10:00 AM in the Cathedral of Vit\u00f3ria. The Eucharistic Celebration will be presided over by the current Metropolitan Archbishop, Dom Frei Dario Campos, and the burial will take place in the Crypt of the Cathedral of Vit\u00f3ria.","breadcrumb":{"@id":"https:\/\/www.padreeustaquio.com.br\/despedida-a-dom-luiz-mancilha-sera-transmitida-pelo-canal-padre-eustaquio\/#breadcrumb"},"inLanguage":"en-US","potentialAction":[{"@type":"ReadAction","target":["https:\/\/www.padreeustaquio.com.br\/despedida-a-dom-luiz-mancilha-sera-transmitida-pelo-canal-padre-eustaquio\/"]}]},{"@type":"ImageObject","inLanguage":"en-US","@id":"https:\/\/www.padreeustaquio.com.br\/despedida-a-dom-luiz-mancilha-sera-transmitida-pelo-canal-padre-eustaquio\/#primaryimage","url":"https:\/\/www.padreeustaquio.com.br\/wp-content\/uploads\/2022\/08\/despedida-dom-luiz.png","contentUrl":"https:\/\/www.padreeustaquio.com.br\/wp-content\/uploads\/2022\/08\/despedida-dom-luiz.png","width":548,"height":326},{"@type":"BreadcrumbList","@id":"https:\/\/www.padreeustaquio.com.br\/despedida-a-dom-luiz-mancilha-sera-transmitida-pelo-canal-padre-eustaquio\/#breadcrumb","itemListElement":[{"@type":"ListItem","position":1,"name":"In\u00edcio","item":"https:\/\/www.padreeustaquio.com.br\/"},{"@type":"ListItem","position":2,"name":"Despedida a Dom Luiz Mancilha ser\u00e1 transmitida pelo Canal Padre Eust\u00e1quio"}]},{"@type":"WebSite","@id":"https:\/\/www.padreeustaquio.com.br\/#website","url":"https:\/\/www.padreeustaquio.com.br\/","name":"FATHER EUST\u00c1QUIO","description":"Health and Peace","publisher":{"@id":"https:\/\/www.padreeustaquio.com.br\/#organization"},"potentialAction":[{"@type":"SearchAction","target":{"@type":"EntryPoint","urlTemplate":"https:\/\/www.padreeustaquio.com.br\/?s={search_term_string}"},"query-input":{"@type":"PropertyValueSpecification","valueRequired":true,"valueName":"search_term_string"}}],"inLanguage":"en-US"},{"@type":"Organization","@id":"https:\/\/www.padreeustaquio.com.br\/#organization","name":"FATHER EUST\u00c1QUIO","url":"https:\/\/www.padreeustaquio.com.br\/","logo":{"@type":"ImageObject","inLanguage":"en-US","@id":"https:\/\/www.padreeustaquio.com.br\/#\/schema\/logo\/image\/","url":"https:\/\/www.padreeustaquio.com.br\/wp-content\/uploads\/2019\/08\/marca.png","contentUrl":"https:\/\/www.padreeustaquio.com.br\/wp-content\/uploads\/2019\/08\/marca.png","width":350,"height":400,"caption":"Padre Eust\u00e1quio"},"image":{"@id":"https:\/\/www.padreeustaquio.com.br\/#\/schema\/logo\/image\/"},"sameAs":["https:\/\/www.facebook.com\/beatopadreeustaquio\/","https:\/\/x.com\/beatopeustaquio","https:\/\/www.instagram.com\/beatopadreeustaquio\/","https:\/\/www.youtube.com\/channel\/UCRhw7vfabnajwLxb1ZXMeIw"]},{"@type":"Person","@id":"https:\/\/www.padreeustaquio.com.br\/#\/schema\/person\/a2a51db1d00f1a7af0204a0f1ddb1566","name":"@sscc","image":{"@type":"ImageObject","inLanguage":"en-US","@id":"https:\/\/secure.gravatar.com\/avatar\/68cfafa5f44617fea54071e215026e0ff06be366c3d54a8425f04fdcb86f8c5f?s=96&d=mm&r=g","url":"https:\/\/secure.gravatar.com\/avatar\/68cfafa5f44617fea54071e215026e0ff06be366c3d54a8425f04fdcb86f8c5f?s=96&d=mm&r=g","contentUrl":"https:\/\/secure.gravatar.com\/avatar\/68cfafa5f44617fea54071e215026e0ff06be366c3d54a8425f04fdcb86f8c5f?s=96&d=mm&r=g","caption":"@sscc"},"url":"https:\/\/www.padreeustaquio.com.br\/en\/author\/sscc\/"}]}},"_links":{"self":[{"href":"https:\/\/www.padreeustaquio.com.br\/en\/wp-json\/wp\/v2\/posts\/9150","targetHints":{"allow":["GET"]}}],"collection":[{"href":"https:\/\/www.padreeustaquio.com.br\/en\/wp-json\/wp\/v2\/posts"}],"about":[{"href":"https:\/\/www.padreeustaquio.com.br\/en\/wp-json\/wp\/v2\/types\/post"}],"author":[{"embeddable":true,"href":"https:\/\/www.padreeustaquio.com.br\/en\/wp-json\/wp\/v2\/users\/2"}],"replies":[{"embeddable":true,"href":"https:\/\/www.padreeustaquio.com.br\/en\/wp-json\/wp\/v2\/comments?post=9150"}],"version-history":[{"count":0,"href":"https:\/\/www.padreeustaquio.com.br\/en\/wp-json\/wp\/v2\/posts\/9150\/revisions"}],"wp:featuredmedia":[{"embeddable":true,"href":"https:\/\/www.padreeustaquio.com.br\/en\/wp-json\/wp\/v2\/media\/9151"}],"wp:attachment":[{"href":"https:\/\/www.padreeustaquio.com.br\/en\/wp-json\/wp\/v2\/media?parent=9150"}],"wp:term":[{"taxonomy":"category","embeddable":true,"href":"https:\/\/www.padreeustaquio.com.br\/en\/wp-json\/wp\/v2\/categories?post=9150"},{"taxonomy":"post_tag","embeddable":true,"href":"https:\/\/www.padreeustaquio.com.br\/en\/wp-json\/wp\/v2\/tags?post=9150"}],"curies":[{"name":"wp","href":"https:\/\/api.w.org\/{rel}","templated":true}]}}