{"id":9137,"date":"2022-08-23T15:36:40","date_gmt":"2022-08-23T18:36:40","guid":{"rendered":"https:\/\/www.padreeustaquio.com.br\/?p=9137"},"modified":"2022-08-23T19:13:31","modified_gmt":"2022-08-23T22:13:31","slug":"dom-luiz-mancilha-vilela-ss-cc-dies-at-age-80-in-vitoria-espirito-santo","status":"publish","type":"post","link":"https:\/\/www.padreeustaquio.com.br\/en\/dom-luiz-mancilha-vilela-ss-cc-dies-at-age-80-in-vitoria-espirito-santo\/","title":{"rendered":"Dom Luiz Mancilha Vilela, sscc, dies at age 80 in Vit\u00f3ria-ES"},"content":{"rendered":"<p>The Archbishop Emeritus of Vit\u00f3ria-ES, Dom Luiz Mancilha Vilela, 80 years old, had been hospitalized since July 23rd at the Unimed Vit\u00f3ria Hospital to treat liver complications. Last Sunday, the archbishop&#039;s health deteriorated, and in the early afternoon of this Tuesday, Dom Luiz passed away.<\/p>\n\n\n\n<p>Hospitalized for 30 days in the ICU, Dom Luiz received many visits from his brothers in the Congregation, priests and religious who work in the Archdiocese of Vit\u00f3ria, and even from the Governor of Esp\u00edrito Santo. Yesterday morning, Dom Luiz showed a slight improvement in his health, but the situation worsened during the night due to the shutdown of some health services.<\/p>\n\n\n\n<p>The wake for Dom Luiz will take place at the Cathedral of Vit\u00f3ria, this Wednesday, August 24th, from 9 am to 9 pm. Throughout the day there will be funeral masses beginning at 10 am and continuing in the afternoon: 2 pm, 4 pm, 6 pm and 8 pm.<\/p>\n\n\n\n<p>On Thursday the 25th, there will be masses at 6am, 8am and 10am, the last one being the Funeral Mass, presided over by Archbishop Dom Frei Dario Campos. The burial will then take place in the Cathedral Crypt.<\/p>\n\n\n\n<p><strong>Dom Luiz Mancilha Vilela, SS.CC.<\/strong><\/p>\n\n\n\n<p>Luiz Mancilha Vilela was born on May 6, 1942, in Pouso Alto, in the south of Minas Gerais. At the age of 19, he professed his temporary vows in the Congregation of the Sacred Hearts in Pindamonhangaba, S\u00e3o Paulo. Six years later, on December 21, 1968, he was ordained a priest in Belo Horizonte by the then archbishop of the Minas Gerais capital, Dom Serafim Fernandes de Ara\u00fajo.<\/p>\n\n\n\n<p>After his ordination, Dom Luiz served as coordinator of Vocational Pastoral Care in the Province of the Congregation of the Sacred Hearts, provincial councilor, and superior of the Sacred Hearts Seminary in Pindamonhangaba, S\u00e3o Paulo.<\/p>\n\n\n\n<p>On December 3, 1985, Pope John Paul II appointed Luiz Mancilha Vilela as bishop of Cachoeiro do Itapemerim-ES. His episcopal ordination took place on February 22, 1986, and Dom Luiz remained there for 17 years. In 2002, he went to the capital, Vit\u00f3ria, as auxiliary bishop, and two years later, on April 14, 2004, he was appointed archbishop of Vit\u00f3ria, a position he held until his retirement in November 2018.<\/p>\n\n\n\n<p>Since then, as Archbishop Emeritus, Dom Luiz remained residing in the Archdiocese of Vit\u00f3ria, carrying out some religious activities. Throughout his life he wrote several works, among them: &quot;Pray With Me&quot;, &quot;In the Footsteps of Jesus&quot; and &quot;Visit to the Sanctuary of Health and Peace&quot;, where he recounts, in poetic phrases, every detail of the Church of Father Eust\u00e1quio in Belo Horizonte.<\/p>\n\n\n\n<p><\/p>","protected":false},"excerpt":{"rendered":"<p>O arcebispo em\u00e9rito de Vit\u00f3ria-ES, Dom Luiz Mancilha Vilela, de 80 anos, estava internado desde o dia 23 de julho no Hospital Unimed Vit\u00f3ria, para tratar de complica\u00e7\u00f5es hep\u00e1ticas. No \u00faltimo domingo o estado de sa\u00fade do arcebispo piorou e no in\u00edcio da tarde desta ter\u00e7a-feira Dom Luiz partiu para a casa do Pai. Internado h\u00e1 30 dias na UTI do hospital, Dom Luiz chegou a receber muitas visitas dos irm\u00e3os de Congrega\u00e7\u00e3o, padres e religiosos que atuam na Arquidiocese de Vit\u00f3ria e at\u00e9 do Governador do Esp\u00edrito Santo. Na manh\u00e3 de ontem, Dom Luiz teve uma pequena melhora no [&hellip;]<\/p>\n","protected":false},"author":2,"featured_media":9138,"comment_status":"open","ping_status":"closed","sticky":false,"template":"","format":"standard","meta":{"_acf_changed":false,"footnotes":""},"categories":[611],"tags":[],"class_list":["post-9137","post","type-post","status-publish","format-standard","has-post-thumbnail","hentry","category-noticias"],"acf":[],"yoast_head":"<!-- This site is optimized with the Yoast SEO plugin v27.2 - https:\/\/yoast.com\/product\/yoast-seo-wordpress\/ -->\n<title>Dom Luiz Mancilha Vilela, sscc, morre aos 80 anos em Vit\u00f3ria-ES<\/title>\n<meta name=\"description\" content=\"O arcebispo em\u00e9rito de Vit\u00f3ria-ES, Dom Luiz Mancilha Vilela, de 80 anos, estava internado desde o dia 23 de julho no Hospital Unimed Vit\u00f3ria, para tratar de complica\u00e7\u00f5es hep\u00e1ticas. No \u00faltimo domingo o estado de sa\u00fade do arcebispo piorou e no in\u00edcio da tarde desta ter\u00e7a-feira Dom Luiz partiu para a casa do Pai.\" \/>\n<meta name=\"robots\" content=\"index, follow, max-snippet:-1, max-image-preview:large, max-video-preview:-1\" \/>\n<link rel=\"canonical\" href=\"https:\/\/www.padreeustaquio.com.br\/en\/dom-luiz-mancilha-vilela-ss-cc-dies-at-age-80-in-vitoria-espirito-santo\/\" \/>\n<meta property=\"og:locale\" content=\"en_US\" \/>\n<meta property=\"og:type\" content=\"article\" \/>\n<meta property=\"og:title\" content=\"Dom Luiz Mancilha Vilela, sscc, morre aos 80 anos em Vit\u00f3ria-ES\" \/>\n<meta property=\"og:description\" content=\"O arcebispo em\u00e9rito de Vit\u00f3ria-ES, Dom Luiz Mancilha Vilela, de 80 anos, estava internado desde o dia 23 de julho no Hospital Unimed Vit\u00f3ria, para tratar de complica\u00e7\u00f5es hep\u00e1ticas. No \u00faltimo domingo o estado de sa\u00fade do arcebispo piorou e no in\u00edcio da tarde desta ter\u00e7a-feira Dom Luiz partiu para a casa do Pai.\" \/>\n<meta property=\"og:url\" content=\"https:\/\/www.padreeustaquio.com.br\/en\/dom-luiz-mancilha-vilela-ss-cc-dies-at-age-80-in-vitoria-espirito-santo\/\" \/>\n<meta property=\"og:site_name\" content=\"Padre Eust\u00e1quio\" \/>\n<meta property=\"article:publisher\" content=\"https:\/\/www.facebook.com\/beatopadreeustaquio\/\" \/>\n<meta property=\"article:published_time\" content=\"2022-08-23T18:36:40+00:00\" \/>\n<meta property=\"article:modified_time\" content=\"2022-08-23T22:13:31+00:00\" \/>\n<meta property=\"og:image\" content=\"https:\/\/www.padreeustaquio.com.br\/wp-content\/uploads\/2022\/08\/Dom-luiz-2-scaled-e1661279716111.jpg\" \/>\n\t<meta property=\"og:image:width\" content=\"2041\" \/>\n\t<meta property=\"og:image:height\" content=\"1132\" \/>\n\t<meta property=\"og:image:type\" content=\"image\/jpeg\" \/>\n<meta name=\"author\" content=\"@sscc\" \/>\n<meta name=\"twitter:card\" content=\"summary_large_image\" \/>\n<meta name=\"twitter:creator\" content=\"@beatopeustaquio\" \/>\n<meta name=\"twitter:site\" content=\"@beatopeustaquio\" \/>\n<meta name=\"twitter:label1\" content=\"Written by\" \/>\n\t<meta name=\"twitter:data1\" content=\"@sscc\" \/>\n\t<meta name=\"twitter:label2\" content=\"Est. reading time\" \/>\n\t<meta name=\"twitter:data2\" content=\"2 minutes\" \/>\n<script type=\"application\/ld+json\" class=\"yoast-schema-graph\">{\"@context\":\"https:\/\/schema.org\",\"@graph\":[{\"@type\":\"Article\",\"@id\":\"https:\/\/www.padreeustaquio.com.br\/dom-luiz-mancilha-vilela-ss-cc-morre-aos-80-anos-em-vitoria-es\/#article\",\"isPartOf\":{\"@id\":\"https:\/\/www.padreeustaquio.com.br\/dom-luiz-mancilha-vilela-ss-cc-morre-aos-80-anos-em-vitoria-es\/\"},\"author\":{\"name\":\"@sscc\",\"@id\":\"https:\/\/www.padreeustaquio.com.br\/#\/schema\/person\/a2a51db1d00f1a7af0204a0f1ddb1566\"},\"headline\":\"Dom Luiz Mancilha Vilela, sscc, morre aos 80 anos em Vit\u00f3ria-ES\",\"datePublished\":\"2022-08-23T18:36:40+00:00\",\"dateModified\":\"2022-08-23T22:13:31+00:00\",\"mainEntityOfPage\":{\"@id\":\"https:\/\/www.padreeustaquio.com.br\/dom-luiz-mancilha-vilela-ss-cc-morre-aos-80-anos-em-vitoria-es\/\"},\"wordCount\":465,\"commentCount\":0,\"publisher\":{\"@id\":\"https:\/\/www.padreeustaquio.com.br\/#organization\"},\"image\":{\"@id\":\"https:\/\/www.padreeustaquio.com.br\/dom-luiz-mancilha-vilela-ss-cc-morre-aos-80-anos-em-vitoria-es\/#primaryimage\"},\"thumbnailUrl\":\"https:\/\/www.padreeustaquio.com.br\/wp-content\/uploads\/2022\/08\/Dom-luiz-2-scaled-e1661279716111.jpg\",\"articleSection\":[\"Not\u00edcias\"],\"inLanguage\":\"en-US\",\"potentialAction\":[{\"@type\":\"CommentAction\",\"name\":\"Comment\",\"target\":[\"https:\/\/www.padreeustaquio.com.br\/dom-luiz-mancilha-vilela-ss-cc-morre-aos-80-anos-em-vitoria-es\/#respond\"]}]},{\"@type\":\"WebPage\",\"@id\":\"https:\/\/www.padreeustaquio.com.br\/dom-luiz-mancilha-vilela-ss-cc-morre-aos-80-anos-em-vitoria-es\/\",\"url\":\"https:\/\/www.padreeustaquio.com.br\/dom-luiz-mancilha-vilela-ss-cc-morre-aos-80-anos-em-vitoria-es\/\",\"name\":\"Dom Luiz Mancilha Vilela, sscc, morre aos 80 anos em Vit\u00f3ria-ES\",\"isPartOf\":{\"@id\":\"https:\/\/www.padreeustaquio.com.br\/#website\"},\"primaryImageOfPage\":{\"@id\":\"https:\/\/www.padreeustaquio.com.br\/dom-luiz-mancilha-vilela-ss-cc-morre-aos-80-anos-em-vitoria-es\/#primaryimage\"},\"image\":{\"@id\":\"https:\/\/www.padreeustaquio.com.br\/dom-luiz-mancilha-vilela-ss-cc-morre-aos-80-anos-em-vitoria-es\/#primaryimage\"},\"thumbnailUrl\":\"https:\/\/www.padreeustaquio.com.br\/wp-content\/uploads\/2022\/08\/Dom-luiz-2-scaled-e1661279716111.jpg\",\"datePublished\":\"2022-08-23T18:36:40+00:00\",\"dateModified\":\"2022-08-23T22:13:31+00:00\",\"description\":\"O arcebispo em\u00e9rito de Vit\u00f3ria-ES, Dom Luiz Mancilha Vilela, de 80 anos, estava internado desde o dia 23 de julho no Hospital Unimed Vit\u00f3ria, para tratar de complica\u00e7\u00f5es hep\u00e1ticas. No \u00faltimo domingo o estado de sa\u00fade do arcebispo piorou e no in\u00edcio da tarde desta ter\u00e7a-feira Dom Luiz partiu para a casa do Pai.\",\"breadcrumb\":{\"@id\":\"https:\/\/www.padreeustaquio.com.br\/dom-luiz-mancilha-vilela-ss-cc-morre-aos-80-anos-em-vitoria-es\/#breadcrumb\"},\"inLanguage\":\"en-US\",\"potentialAction\":[{\"@type\":\"ReadAction\",\"target\":[\"https:\/\/www.padreeustaquio.com.br\/dom-luiz-mancilha-vilela-ss-cc-morre-aos-80-anos-em-vitoria-es\/\"]}]},{\"@type\":\"ImageObject\",\"inLanguage\":\"en-US\",\"@id\":\"https:\/\/www.padreeustaquio.com.br\/dom-luiz-mancilha-vilela-ss-cc-morre-aos-80-anos-em-vitoria-es\/#primaryimage\",\"url\":\"https:\/\/www.padreeustaquio.com.br\/wp-content\/uploads\/2022\/08\/Dom-luiz-2-scaled-e1661279716111.jpg\",\"contentUrl\":\"https:\/\/www.padreeustaquio.com.br\/wp-content\/uploads\/2022\/08\/Dom-luiz-2-scaled-e1661279716111.jpg\",\"width\":2041,\"height\":1132},{\"@type\":\"BreadcrumbList\",\"@id\":\"https:\/\/www.padreeustaquio.com.br\/dom-luiz-mancilha-vilela-ss-cc-morre-aos-80-anos-em-vitoria-es\/#breadcrumb\",\"itemListElement\":[{\"@type\":\"ListItem\",\"position\":1,\"name\":\"In\u00edcio\",\"item\":\"https:\/\/www.padreeustaquio.com.br\/\"},{\"@type\":\"ListItem\",\"position\":2,\"name\":\"Dom Luiz Mancilha Vilela, sscc, morre aos 80 anos em Vit\u00f3ria-ES\"}]},{\"@type\":\"WebSite\",\"@id\":\"https:\/\/www.padreeustaquio.com.br\/#website\",\"url\":\"https:\/\/www.padreeustaquio.com.br\/\",\"name\":\"Padre Eust\u00e1quio\",\"description\":\"Sa\u00fade e Paz\",\"publisher\":{\"@id\":\"https:\/\/www.padreeustaquio.com.br\/#organization\"},\"potentialAction\":[{\"@type\":\"SearchAction\",\"target\":{\"@type\":\"EntryPoint\",\"urlTemplate\":\"https:\/\/www.padreeustaquio.com.br\/?s={search_term_string}\"},\"query-input\":{\"@type\":\"PropertyValueSpecification\",\"valueRequired\":true,\"valueName\":\"search_term_string\"}}],\"inLanguage\":\"en-US\"},{\"@type\":\"Organization\",\"@id\":\"https:\/\/www.padreeustaquio.com.br\/#organization\",\"name\":\"Padre Eust\u00e1quio\",\"url\":\"https:\/\/www.padreeustaquio.com.br\/\",\"logo\":{\"@type\":\"ImageObject\",\"inLanguage\":\"en-US\",\"@id\":\"https:\/\/www.padreeustaquio.com.br\/#\/schema\/logo\/image\/\",\"url\":\"https:\/\/www.padreeustaquio.com.br\/wp-content\/uploads\/2019\/08\/marca.png\",\"contentUrl\":\"https:\/\/www.padreeustaquio.com.br\/wp-content\/uploads\/2019\/08\/marca.png\",\"width\":350,\"height\":400,\"caption\":\"Padre Eust\u00e1quio\"},\"image\":{\"@id\":\"https:\/\/www.padreeustaquio.com.br\/#\/schema\/logo\/image\/\"},\"sameAs\":[\"https:\/\/www.facebook.com\/beatopadreeustaquio\/\",\"https:\/\/x.com\/beatopeustaquio\",\"https:\/\/www.instagram.com\/beatopadreeustaquio\/\",\"https:\/\/www.youtube.com\/channel\/UCRhw7vfabnajwLxb1ZXMeIw\"]},{\"@type\":\"Person\",\"@id\":\"https:\/\/www.padreeustaquio.com.br\/#\/schema\/person\/a2a51db1d00f1a7af0204a0f1ddb1566\",\"name\":\"@sscc\",\"image\":{\"@type\":\"ImageObject\",\"inLanguage\":\"en-US\",\"@id\":\"https:\/\/secure.gravatar.com\/avatar\/68cfafa5f44617fea54071e215026e0ff06be366c3d54a8425f04fdcb86f8c5f?s=96&d=mm&r=g\",\"url\":\"https:\/\/secure.gravatar.com\/avatar\/68cfafa5f44617fea54071e215026e0ff06be366c3d54a8425f04fdcb86f8c5f?s=96&d=mm&r=g\",\"contentUrl\":\"https:\/\/secure.gravatar.com\/avatar\/68cfafa5f44617fea54071e215026e0ff06be366c3d54a8425f04fdcb86f8c5f?s=96&d=mm&r=g\",\"caption\":\"@sscc\"},\"url\":\"https:\/\/www.padreeustaquio.com.br\/en\/author\/sscc\/\"}]}<\/script>\n<!-- \/ Yoast SEO plugin. -->","yoast_head_json":{"title":"Dom Luiz Mancilha Vilela, sscc, dies at age 80 in Vit\u00f3ria-ES","description":"The Archbishop Emeritus of Vit\u00f3ria-ES, Dom Luiz Mancilha Vilela, 80 years old, had been hospitalized since July 23rd at the Unimed Vit\u00f3ria Hospital to treat liver complications. Last Sunday, the archbishop&#039;s health deteriorated, and in the early afternoon of this Tuesday, Dom Luiz passed away.","robots":{"index":"index","follow":"follow","max-snippet":"max-snippet:-1","max-image-preview":"max-image-preview:large","max-video-preview":"max-video-preview:-1"},"canonical":"https:\/\/www.padreeustaquio.com.br\/en\/dom-luiz-mancilha-vilela-ss-cc-dies-at-age-80-in-vitoria-espirito-santo\/","og_locale":"en_US","og_type":"article","og_title":"Dom Luiz Mancilha Vilela, sscc, morre aos 80 anos em Vit\u00f3ria-ES","og_description":"O arcebispo em\u00e9rito de Vit\u00f3ria-ES, Dom Luiz Mancilha Vilela, de 80 anos, estava internado desde o dia 23 de julho no Hospital Unimed Vit\u00f3ria, para tratar de complica\u00e7\u00f5es hep\u00e1ticas. No \u00faltimo domingo o estado de sa\u00fade do arcebispo piorou e no in\u00edcio da tarde desta ter\u00e7a-feira Dom Luiz partiu para a casa do Pai.","og_url":"https:\/\/www.padreeustaquio.com.br\/en\/dom-luiz-mancilha-vilela-ss-cc-dies-at-age-80-in-vitoria-espirito-santo\/","og_site_name":"Padre Eust\u00e1quio","article_publisher":"https:\/\/www.facebook.com\/beatopadreeustaquio\/","article_published_time":"2022-08-23T18:36:40+00:00","article_modified_time":"2022-08-23T22:13:31+00:00","og_image":[{"width":2041,"height":1132,"url":"https:\/\/www.padreeustaquio.com.br\/wp-content\/uploads\/2022\/08\/Dom-luiz-2-scaled-e1661279716111.jpg","type":"image\/jpeg"}],"author":"@sscc","twitter_card":"summary_large_image","twitter_creator":"@beatopeustaquio","twitter_site":"@beatopeustaquio","twitter_misc":{"Written by":"@sscc","Est. reading time":"2 minutes"},"schema":{"@context":"https:\/\/schema.org","@graph":[{"@type":"Article","@id":"https:\/\/www.padreeustaquio.com.br\/dom-luiz-mancilha-vilela-ss-cc-morre-aos-80-anos-em-vitoria-es\/#article","isPartOf":{"@id":"https:\/\/www.padreeustaquio.com.br\/dom-luiz-mancilha-vilela-ss-cc-morre-aos-80-anos-em-vitoria-es\/"},"author":{"name":"@sscc","@id":"https:\/\/www.padreeustaquio.com.br\/#\/schema\/person\/a2a51db1d00f1a7af0204a0f1ddb1566"},"headline":"Dom Luiz Mancilha Vilela, sscc, morre aos 80 anos em Vit\u00f3ria-ES","datePublished":"2022-08-23T18:36:40+00:00","dateModified":"2022-08-23T22:13:31+00:00","mainEntityOfPage":{"@id":"https:\/\/www.padreeustaquio.com.br\/dom-luiz-mancilha-vilela-ss-cc-morre-aos-80-anos-em-vitoria-es\/"},"wordCount":465,"commentCount":0,"publisher":{"@id":"https:\/\/www.padreeustaquio.com.br\/#organization"},"image":{"@id":"https:\/\/www.padreeustaquio.com.br\/dom-luiz-mancilha-vilela-ss-cc-morre-aos-80-anos-em-vitoria-es\/#primaryimage"},"thumbnailUrl":"https:\/\/www.padreeustaquio.com.br\/wp-content\/uploads\/2022\/08\/Dom-luiz-2-scaled-e1661279716111.jpg","articleSection":["Not\u00edcias"],"inLanguage":"en-US","potentialAction":[{"@type":"CommentAction","name":"Comment","target":["https:\/\/www.padreeustaquio.com.br\/dom-luiz-mancilha-vilela-ss-cc-morre-aos-80-anos-em-vitoria-es\/#respond"]}]},{"@type":"WebPage","@id":"https:\/\/www.padreeustaquio.com.br\/dom-luiz-mancilha-vilela-ss-cc-morre-aos-80-anos-em-vitoria-es\/","url":"https:\/\/www.padreeustaquio.com.br\/dom-luiz-mancilha-vilela-ss-cc-morre-aos-80-anos-em-vitoria-es\/","name":"Dom Luiz Mancilha Vilela, sscc, dies at age 80 in Vit\u00f3ria-ES","isPartOf":{"@id":"https:\/\/www.padreeustaquio.com.br\/#website"},"primaryImageOfPage":{"@id":"https:\/\/www.padreeustaquio.com.br\/dom-luiz-mancilha-vilela-ss-cc-morre-aos-80-anos-em-vitoria-es\/#primaryimage"},"image":{"@id":"https:\/\/www.padreeustaquio.com.br\/dom-luiz-mancilha-vilela-ss-cc-morre-aos-80-anos-em-vitoria-es\/#primaryimage"},"thumbnailUrl":"https:\/\/www.padreeustaquio.com.br\/wp-content\/uploads\/2022\/08\/Dom-luiz-2-scaled-e1661279716111.jpg","datePublished":"2022-08-23T18:36:40+00:00","dateModified":"2022-08-23T22:13:31+00:00","description":"The Archbishop Emeritus of Vit\u00f3ria-ES, Dom Luiz Mancilha Vilela, 80 years old, had been hospitalized since July 23rd at the Unimed Vit\u00f3ria Hospital to treat liver complications. Last Sunday, the archbishop&#039;s health deteriorated, and in the early afternoon of this Tuesday, Dom Luiz passed away.","breadcrumb":{"@id":"https:\/\/www.padreeustaquio.com.br\/dom-luiz-mancilha-vilela-ss-cc-morre-aos-80-anos-em-vitoria-es\/#breadcrumb"},"inLanguage":"en-US","potentialAction":[{"@type":"ReadAction","target":["https:\/\/www.padreeustaquio.com.br\/dom-luiz-mancilha-vilela-ss-cc-morre-aos-80-anos-em-vitoria-es\/"]}]},{"@type":"ImageObject","inLanguage":"en-US","@id":"https:\/\/www.padreeustaquio.com.br\/dom-luiz-mancilha-vilela-ss-cc-morre-aos-80-anos-em-vitoria-es\/#primaryimage","url":"https:\/\/www.padreeustaquio.com.br\/wp-content\/uploads\/2022\/08\/Dom-luiz-2-scaled-e1661279716111.jpg","contentUrl":"https:\/\/www.padreeustaquio.com.br\/wp-content\/uploads\/2022\/08\/Dom-luiz-2-scaled-e1661279716111.jpg","width":2041,"height":1132},{"@type":"BreadcrumbList","@id":"https:\/\/www.padreeustaquio.com.br\/dom-luiz-mancilha-vilela-ss-cc-morre-aos-80-anos-em-vitoria-es\/#breadcrumb","itemListElement":[{"@type":"ListItem","position":1,"name":"In\u00edcio","item":"https:\/\/www.padreeustaquio.com.br\/"},{"@type":"ListItem","position":2,"name":"Dom Luiz Mancilha Vilela, sscc, morre aos 80 anos em Vit\u00f3ria-ES"}]},{"@type":"WebSite","@id":"https:\/\/www.padreeustaquio.com.br\/#website","url":"https:\/\/www.padreeustaquio.com.br\/","name":"FATHER EUST\u00c1QUIO","description":"Health and Peace","publisher":{"@id":"https:\/\/www.padreeustaquio.com.br\/#organization"},"potentialAction":[{"@type":"SearchAction","target":{"@type":"EntryPoint","urlTemplate":"https:\/\/www.padreeustaquio.com.br\/?s={search_term_string}"},"query-input":{"@type":"PropertyValueSpecification","valueRequired":true,"valueName":"search_term_string"}}],"inLanguage":"en-US"},{"@type":"Organization","@id":"https:\/\/www.padreeustaquio.com.br\/#organization","name":"FATHER EUST\u00c1QUIO","url":"https:\/\/www.padreeustaquio.com.br\/","logo":{"@type":"ImageObject","inLanguage":"en-US","@id":"https:\/\/www.padreeustaquio.com.br\/#\/schema\/logo\/image\/","url":"https:\/\/www.padreeustaquio.com.br\/wp-content\/uploads\/2019\/08\/marca.png","contentUrl":"https:\/\/www.padreeustaquio.com.br\/wp-content\/uploads\/2019\/08\/marca.png","width":350,"height":400,"caption":"Padre Eust\u00e1quio"},"image":{"@id":"https:\/\/www.padreeustaquio.com.br\/#\/schema\/logo\/image\/"},"sameAs":["https:\/\/www.facebook.com\/beatopadreeustaquio\/","https:\/\/x.com\/beatopeustaquio","https:\/\/www.instagram.com\/beatopadreeustaquio\/","https:\/\/www.youtube.com\/channel\/UCRhw7vfabnajwLxb1ZXMeIw"]},{"@type":"Person","@id":"https:\/\/www.padreeustaquio.com.br\/#\/schema\/person\/a2a51db1d00f1a7af0204a0f1ddb1566","name":"@sscc","image":{"@type":"ImageObject","inLanguage":"en-US","@id":"https:\/\/secure.gravatar.com\/avatar\/68cfafa5f44617fea54071e215026e0ff06be366c3d54a8425f04fdcb86f8c5f?s=96&d=mm&r=g","url":"https:\/\/secure.gravatar.com\/avatar\/68cfafa5f44617fea54071e215026e0ff06be366c3d54a8425f04fdcb86f8c5f?s=96&d=mm&r=g","contentUrl":"https:\/\/secure.gravatar.com\/avatar\/68cfafa5f44617fea54071e215026e0ff06be366c3d54a8425f04fdcb86f8c5f?s=96&d=mm&r=g","caption":"@sscc"},"url":"https:\/\/www.padreeustaquio.com.br\/en\/author\/sscc\/"}]}},"_links":{"self":[{"href":"https:\/\/www.padreeustaquio.com.br\/en\/wp-json\/wp\/v2\/posts\/9137","targetHints":{"allow":["GET"]}}],"collection":[{"href":"https:\/\/www.padreeustaquio.com.br\/en\/wp-json\/wp\/v2\/posts"}],"about":[{"href":"https:\/\/www.padreeustaquio.com.br\/en\/wp-json\/wp\/v2\/types\/post"}],"author":[{"embeddable":true,"href":"https:\/\/www.padreeustaquio.com.br\/en\/wp-json\/wp\/v2\/users\/2"}],"replies":[{"embeddable":true,"href":"https:\/\/www.padreeustaquio.com.br\/en\/wp-json\/wp\/v2\/comments?post=9137"}],"version-history":[{"count":0,"href":"https:\/\/www.padreeustaquio.com.br\/en\/wp-json\/wp\/v2\/posts\/9137\/revisions"}],"wp:featuredmedia":[{"embeddable":true,"href":"https:\/\/www.padreeustaquio.com.br\/en\/wp-json\/wp\/v2\/media\/9138"}],"wp:attachment":[{"href":"https:\/\/www.padreeustaquio.com.br\/en\/wp-json\/wp\/v2\/media?parent=9137"}],"wp:term":[{"taxonomy":"category","embeddable":true,"href":"https:\/\/www.padreeustaquio.com.br\/en\/wp-json\/wp\/v2\/categories?post=9137"},{"taxonomy":"post_tag","embeddable":true,"href":"https:\/\/www.padreeustaquio.com.br\/en\/wp-json\/wp\/v2\/tags?post=9137"}],"curies":[{"name":"wp","href":"https:\/\/api.w.org\/{rel}","templated":true}]}}