{"id":9133,"date":"2022-08-22T18:50:19","date_gmt":"2022-08-22T21:50:19","guid":{"rendered":"https:\/\/www.padreeustaquio.com.br\/?p=9133"},"modified":"2022-08-22T18:50:54","modified_gmt":"2022-08-22T21:50:54","slug":"the-gregorian-choir-of-belo-horizonte-performs-on-the-first-day-of-the-novena-to-father-eustaquio","status":"publish","type":"post","link":"https:\/\/www.padreeustaquio.com.br\/en\/the-gregorian-choir-of-belo-horizonte-performs-on-the-first-day-of-the-novena-to-father-eustaquio\/","title":{"rendered":"The Gregorian Choir of Belo Horizonte performs on the first day of the Novena to Father Eust\u00e1quio."},"content":{"rendered":"<p>The weekend was a celebration for devotees of Blessed Father Eustace. On Saturday, the Choir of the Little Singers of the Sacred Hearts of Carm\u00f3polis de Minas-MG participated in the celebration with liturgical chants and a beautiful tribute to Jesus and Mary at the end of the Holy Mass. Yesterday, it was the Gregorian Choir&#039;s turn to perform. The members sang the chants of the Solemn Mass opening the Novena to Blessed Father Eustace.<\/p>\n\n\n\n<p>The 11 members of the traditional Gregorian Choir of Belo Horizonte took to the central choir of the Archdiocesan Sanctuary of Health and Peace to sing songs in Latin during the Eucharistic Celebration this Sunday. The Holy Mass was broadcast live on the Padre Eust\u00e1quio Channel on YouTube (<a href=\"https:\/\/www.youtube.com\/watch?v=4Cpkm6QhDiw\" target=\"_blank\" rel=\"noreferrer noopener\">REVIEW HERE<\/a>).<\/p>\n\n\n\n<p>In addition to the Gregorian Choir&#039;s participation, the celebration also included the presence of invited religious men and women from various Congregations that have a house in the capital of Minas Gerais.<\/p>\n\n\n\n<p><strong>Gregorian Choir of Belo Horizonte<\/strong><\/p>\n\n\n\n<p>The Gregorian Choir of Belo Horizonte was founded on March 19, 1990, at the Cultural Center of the Federal University of Minas Gerais \u2013 UFMG, in Belo Horizonte, capital of the state of Minas Gerais. The first group consisted of 38 people (men and women), and it should be noted that most of the men were former seminarians who had already been exposed to Gregorian chant during their school years. The choir is one of the few groups in Brazil that sings exclusively in Gregorian chant.<\/p>\n\n\n\n<p>The creation of the choir and the Gregorian chant course was an initiative of Father Nereu de Castro Teixeira to rescue and keep alive the oldest repertoire of the Catholic Church. It arose from a question posed by his family, who were unhappy that he, being one of the greatest experts in this musical genre in Brazil, did not have the opportunity to pass on his knowledge to others. Therefore, he decided to form a choir and a Gregorian chant course.<\/p>\n\n\n\n<p>As of December 2019, the group has 19 members, 4 of whom have been with the choir since its inception. The current choir members are:<\/p>\n\n\n\n<p>Men: Altair de Almeida Costa, Ant\u00f4nio Correa Neto, Ely de Oliveira, Jos\u00e9 da Silva Ara\u00fajo, Jos\u00e9 Lembi de Freitas Viana, Lucas Dueles Calonge, Luiz Eduardo de Oliveira, Ol\u00edmpio Soares Aranha, Orlando Elizi\u00e1rio da Silva, and Paulo Maur\u00edcio de Aguiar Botelho.<\/p>\n\n\n\n<p>Women: \u00c2ngela Perlato Naves, Betty Ramos Pereira, Maria Alice Ladeira de Souza, Maria das Dores Faustina Lage (Dorinha): conductor, Natelze Ribeiro, Santa Rodrigues de Souza, Silvana Maria El\u00f3i Santos, Vanessa Campos and Vera Beatriz Paranhos Pinto.<\/p>\n\n\n\n<p>Due to the unique nature of Gregorian chant, the choir primarily performs at liturgical celebrations (masses) and, sporadically, at other events with the aim of promoting Gregorian chant; its performances take place in parishes, churches, and other institutions.<\/p>\n\n\n\n<p>In addition to singing at various masses in Belo Horizonte, the choir has participated in celebrations in the following cities in the state of Minas Gerais: Caet\u00e9, Campo Belo, Congonhas, Juiz de Fora (5th International Festival of Early Music and Brazilian Colonial Music), Lavras (1st Choir Festival of the Abra\u00e3o Kasinski Foundation \u2013 FAK), Mariana, Ouro Preto, Santa Luzia, S\u00e3o Jo\u00e3o del Rei, and in Barretos, in the state of S\u00e3o Paulo, at the Thanksgiving Mass for the birthday of Dr. Jo\u00e3o Monteiro Filho, founder of Rede Vida Television, and Cabo Frio, in the state of Rio de Janeiro, and as part of the celebrations of its 10 years of activity, the choir sang a mass with the monks of the Monastery of S\u00e3o Bento, in the city of Rio de Janeiro.<\/p>\n\n\n\n<p><\/p>","protected":false},"excerpt":{"rendered":"<p>O final de semana foi de festa para os devotos do Bem-Aventurado Padre Eust\u00e1quio. No s\u00e1bado, o Coral dos Pequenos Cantores dos Sagrados Cora\u00e7\u00f5es de Carm\u00f3polis de Minas-MG, participaram da celebra\u00e7\u00e3o com cantos lit\u00fargicos e uma linda homenagem a Jesus e a Maria, ao final da Santa Missa. Ontem, foi a vez do Coral Gregoriano se apresentar. Os integrantes cantaram os cantos da Missa Solene de abertura da Novena ao Beato Padre Eust\u00e1quio. Os 11 integrantes do tradicional Coral Gregoriano de Belo Horizonte subiram no coro central do Santu\u00e1rio Arquidiocesano da Sa\u00fade e da Paz para cantar m\u00fasicas em latim [&hellip;]<\/p>\n","protected":false},"author":2,"featured_media":9134,"comment_status":"open","ping_status":"closed","sticky":false,"template":"","format":"standard","meta":{"_acf_changed":false,"footnotes":""},"categories":[611],"tags":[],"class_list":["post-9133","post","type-post","status-publish","format-standard","has-post-thumbnail","hentry","category-noticias"],"acf":[],"yoast_head":"<!-- This site is optimized with the Yoast SEO plugin v27.2 - https:\/\/yoast.com\/product\/yoast-seo-wordpress\/ -->\n<title>Coral Gregoriano de BH se apresenta no Primeiro dia da Novena a Padre Eust\u00e1quio<\/title>\n<meta name=\"description\" content=\"O final de semana foi de festa para os devotos do Bem-Aventurado Padre Eust\u00e1quio. No s\u00e1bado, o Coral dos Pequenos Cantores dos Sagrados Cora\u00e7\u00f5es de Carm\u00f3polis de Minas-MG, participaram da celebra\u00e7\u00e3o com cantos lit\u00fargicos e uma linda homenagem a Jesus e a Maria, ao final da Santa Missa. Ontem, foi a vez do Coral Gregoriano se apresentar. Os integrantes cantaram os cantos da Missa Solene de abertura da Novena ao Beato Padre Eust\u00e1quio.\" \/>\n<meta name=\"robots\" content=\"index, follow, max-snippet:-1, max-image-preview:large, max-video-preview:-1\" \/>\n<link rel=\"canonical\" href=\"https:\/\/www.padreeustaquio.com.br\/en\/the-gregorian-choir-of-belo-horizonte-performs-on-the-first-day-of-the-novena-to-father-eustaquio\/\" \/>\n<meta property=\"og:locale\" content=\"en_US\" \/>\n<meta property=\"og:type\" content=\"article\" \/>\n<meta property=\"og:title\" content=\"Coral Gregoriano de BH se apresenta no Primeiro dia da Novena a Padre Eust\u00e1quio\" \/>\n<meta property=\"og:description\" content=\"O final de semana foi de festa para os devotos do Bem-Aventurado Padre Eust\u00e1quio. No s\u00e1bado, o Coral dos Pequenos Cantores dos Sagrados Cora\u00e7\u00f5es de Carm\u00f3polis de Minas-MG, participaram da celebra\u00e7\u00e3o com cantos lit\u00fargicos e uma linda homenagem a Jesus e a Maria, ao final da Santa Missa. Ontem, foi a vez do Coral Gregoriano se apresentar. Os integrantes cantaram os cantos da Missa Solene de abertura da Novena ao Beato Padre Eust\u00e1quio.\" \/>\n<meta property=\"og:url\" content=\"https:\/\/www.padreeustaquio.com.br\/en\/the-gregorian-choir-of-belo-horizonte-performs-on-the-first-day-of-the-novena-to-father-eustaquio\/\" \/>\n<meta property=\"og:site_name\" content=\"Padre Eust\u00e1quio\" \/>\n<meta property=\"article:publisher\" content=\"https:\/\/www.facebook.com\/beatopadreeustaquio\/\" \/>\n<meta property=\"article:published_time\" content=\"2022-08-22T21:50:19+00:00\" \/>\n<meta property=\"article:modified_time\" content=\"2022-08-22T21:50:54+00:00\" \/>\n<meta property=\"og:image\" content=\"https:\/\/www.padreeustaquio.com.br\/wp-content\/uploads\/2022\/08\/Coral-Gregoriano-de-bh.jpg\" \/>\n\t<meta property=\"og:image:width\" content=\"748\" \/>\n\t<meta property=\"og:image:height\" content=\"394\" \/>\n\t<meta property=\"og:image:type\" content=\"image\/jpeg\" \/>\n<meta name=\"author\" content=\"@sscc\" \/>\n<meta name=\"twitter:card\" content=\"summary_large_image\" \/>\n<meta name=\"twitter:creator\" content=\"@beatopeustaquio\" \/>\n<meta name=\"twitter:site\" content=\"@beatopeustaquio\" \/>\n<meta name=\"twitter:label1\" content=\"Written by\" \/>\n\t<meta name=\"twitter:data1\" content=\"@sscc\" \/>\n\t<meta name=\"twitter:label2\" content=\"Est. reading time\" \/>\n\t<meta name=\"twitter:data2\" content=\"3 minutes\" \/>\n<script type=\"application\/ld+json\" class=\"yoast-schema-graph\">{\"@context\":\"https:\/\/schema.org\",\"@graph\":[{\"@type\":\"Article\",\"@id\":\"https:\/\/www.padreeustaquio.com.br\/coral-gregoriano-de-bh-se-apresenta-no-primeiro-dia-da-novena-a-padre-eustaquio\/#article\",\"isPartOf\":{\"@id\":\"https:\/\/www.padreeustaquio.com.br\/coral-gregoriano-de-bh-se-apresenta-no-primeiro-dia-da-novena-a-padre-eustaquio\/\"},\"author\":{\"name\":\"@sscc\",\"@id\":\"https:\/\/www.padreeustaquio.com.br\/#\/schema\/person\/a2a51db1d00f1a7af0204a0f1ddb1566\"},\"headline\":\"Coral Gregoriano de BH se apresenta no Primeiro dia da Novena a Padre Eust\u00e1quio\",\"datePublished\":\"2022-08-22T21:50:19+00:00\",\"dateModified\":\"2022-08-22T21:50:54+00:00\",\"mainEntityOfPage\":{\"@id\":\"https:\/\/www.padreeustaquio.com.br\/coral-gregoriano-de-bh-se-apresenta-no-primeiro-dia-da-novena-a-padre-eustaquio\/\"},\"wordCount\":657,\"commentCount\":0,\"publisher\":{\"@id\":\"https:\/\/www.padreeustaquio.com.br\/#organization\"},\"image\":{\"@id\":\"https:\/\/www.padreeustaquio.com.br\/coral-gregoriano-de-bh-se-apresenta-no-primeiro-dia-da-novena-a-padre-eustaquio\/#primaryimage\"},\"thumbnailUrl\":\"https:\/\/www.padreeustaquio.com.br\/wp-content\/uploads\/2022\/08\/Coral-Gregoriano-de-bh.jpg\",\"articleSection\":[\"Not\u00edcias\"],\"inLanguage\":\"en-US\",\"potentialAction\":[{\"@type\":\"CommentAction\",\"name\":\"Comment\",\"target\":[\"https:\/\/www.padreeustaquio.com.br\/coral-gregoriano-de-bh-se-apresenta-no-primeiro-dia-da-novena-a-padre-eustaquio\/#respond\"]}]},{\"@type\":\"WebPage\",\"@id\":\"https:\/\/www.padreeustaquio.com.br\/coral-gregoriano-de-bh-se-apresenta-no-primeiro-dia-da-novena-a-padre-eustaquio\/\",\"url\":\"https:\/\/www.padreeustaquio.com.br\/coral-gregoriano-de-bh-se-apresenta-no-primeiro-dia-da-novena-a-padre-eustaquio\/\",\"name\":\"Coral Gregoriano de BH se apresenta no Primeiro dia da Novena a Padre Eust\u00e1quio\",\"isPartOf\":{\"@id\":\"https:\/\/www.padreeustaquio.com.br\/#website\"},\"primaryImageOfPage\":{\"@id\":\"https:\/\/www.padreeustaquio.com.br\/coral-gregoriano-de-bh-se-apresenta-no-primeiro-dia-da-novena-a-padre-eustaquio\/#primaryimage\"},\"image\":{\"@id\":\"https:\/\/www.padreeustaquio.com.br\/coral-gregoriano-de-bh-se-apresenta-no-primeiro-dia-da-novena-a-padre-eustaquio\/#primaryimage\"},\"thumbnailUrl\":\"https:\/\/www.padreeustaquio.com.br\/wp-content\/uploads\/2022\/08\/Coral-Gregoriano-de-bh.jpg\",\"datePublished\":\"2022-08-22T21:50:19+00:00\",\"dateModified\":\"2022-08-22T21:50:54+00:00\",\"description\":\"O final de semana foi de festa para os devotos do Bem-Aventurado Padre Eust\u00e1quio. No s\u00e1bado, o Coral dos Pequenos Cantores dos Sagrados Cora\u00e7\u00f5es de Carm\u00f3polis de Minas-MG, participaram da celebra\u00e7\u00e3o com cantos lit\u00fargicos e uma linda homenagem a Jesus e a Maria, ao final da Santa Missa. Ontem, foi a vez do Coral Gregoriano se apresentar. Os integrantes cantaram os cantos da Missa Solene de abertura da Novena ao Beato Padre Eust\u00e1quio.\",\"breadcrumb\":{\"@id\":\"https:\/\/www.padreeustaquio.com.br\/coral-gregoriano-de-bh-se-apresenta-no-primeiro-dia-da-novena-a-padre-eustaquio\/#breadcrumb\"},\"inLanguage\":\"en-US\",\"potentialAction\":[{\"@type\":\"ReadAction\",\"target\":[\"https:\/\/www.padreeustaquio.com.br\/coral-gregoriano-de-bh-se-apresenta-no-primeiro-dia-da-novena-a-padre-eustaquio\/\"]}]},{\"@type\":\"ImageObject\",\"inLanguage\":\"en-US\",\"@id\":\"https:\/\/www.padreeustaquio.com.br\/coral-gregoriano-de-bh-se-apresenta-no-primeiro-dia-da-novena-a-padre-eustaquio\/#primaryimage\",\"url\":\"https:\/\/www.padreeustaquio.com.br\/wp-content\/uploads\/2022\/08\/Coral-Gregoriano-de-bh.jpg\",\"contentUrl\":\"https:\/\/www.padreeustaquio.com.br\/wp-content\/uploads\/2022\/08\/Coral-Gregoriano-de-bh.jpg\",\"width\":748,\"height\":394},{\"@type\":\"BreadcrumbList\",\"@id\":\"https:\/\/www.padreeustaquio.com.br\/coral-gregoriano-de-bh-se-apresenta-no-primeiro-dia-da-novena-a-padre-eustaquio\/#breadcrumb\",\"itemListElement\":[{\"@type\":\"ListItem\",\"position\":1,\"name\":\"In\u00edcio\",\"item\":\"https:\/\/www.padreeustaquio.com.br\/\"},{\"@type\":\"ListItem\",\"position\":2,\"name\":\"Coral Gregoriano de BH se apresenta no Primeiro dia da Novena a Padre Eust\u00e1quio\"}]},{\"@type\":\"WebSite\",\"@id\":\"https:\/\/www.padreeustaquio.com.br\/#website\",\"url\":\"https:\/\/www.padreeustaquio.com.br\/\",\"name\":\"Padre Eust\u00e1quio\",\"description\":\"Sa\u00fade e Paz\",\"publisher\":{\"@id\":\"https:\/\/www.padreeustaquio.com.br\/#organization\"},\"potentialAction\":[{\"@type\":\"SearchAction\",\"target\":{\"@type\":\"EntryPoint\",\"urlTemplate\":\"https:\/\/www.padreeustaquio.com.br\/?s={search_term_string}\"},\"query-input\":{\"@type\":\"PropertyValueSpecification\",\"valueRequired\":true,\"valueName\":\"search_term_string\"}}],\"inLanguage\":\"en-US\"},{\"@type\":\"Organization\",\"@id\":\"https:\/\/www.padreeustaquio.com.br\/#organization\",\"name\":\"Padre Eust\u00e1quio\",\"url\":\"https:\/\/www.padreeustaquio.com.br\/\",\"logo\":{\"@type\":\"ImageObject\",\"inLanguage\":\"en-US\",\"@id\":\"https:\/\/www.padreeustaquio.com.br\/#\/schema\/logo\/image\/\",\"url\":\"https:\/\/www.padreeustaquio.com.br\/wp-content\/uploads\/2019\/08\/marca.png\",\"contentUrl\":\"https:\/\/www.padreeustaquio.com.br\/wp-content\/uploads\/2019\/08\/marca.png\",\"width\":350,\"height\":400,\"caption\":\"Padre Eust\u00e1quio\"},\"image\":{\"@id\":\"https:\/\/www.padreeustaquio.com.br\/#\/schema\/logo\/image\/\"},\"sameAs\":[\"https:\/\/www.facebook.com\/beatopadreeustaquio\/\",\"https:\/\/x.com\/beatopeustaquio\",\"https:\/\/www.instagram.com\/beatopadreeustaquio\/\",\"https:\/\/www.youtube.com\/channel\/UCRhw7vfabnajwLxb1ZXMeIw\"]},{\"@type\":\"Person\",\"@id\":\"https:\/\/www.padreeustaquio.com.br\/#\/schema\/person\/a2a51db1d00f1a7af0204a0f1ddb1566\",\"name\":\"@sscc\",\"image\":{\"@type\":\"ImageObject\",\"inLanguage\":\"en-US\",\"@id\":\"https:\/\/secure.gravatar.com\/avatar\/68cfafa5f44617fea54071e215026e0ff06be366c3d54a8425f04fdcb86f8c5f?s=96&d=mm&r=g\",\"url\":\"https:\/\/secure.gravatar.com\/avatar\/68cfafa5f44617fea54071e215026e0ff06be366c3d54a8425f04fdcb86f8c5f?s=96&d=mm&r=g\",\"contentUrl\":\"https:\/\/secure.gravatar.com\/avatar\/68cfafa5f44617fea54071e215026e0ff06be366c3d54a8425f04fdcb86f8c5f?s=96&d=mm&r=g\",\"caption\":\"@sscc\"},\"url\":\"https:\/\/www.padreeustaquio.com.br\/en\/author\/sscc\/\"}]}<\/script>\n<!-- \/ Yoast SEO plugin. -->","yoast_head_json":{"title":"The Gregorian Choir of Belo Horizonte performs on the first day of the Novena to Father Eust\u00e1quio.","description":"The weekend was a celebration for devotees of Blessed Father Eustace. On Saturday, the Choir of the Little Singers of the Sacred Hearts of Carm\u00f3polis de Minas-MG participated in the celebration with liturgical chants and a beautiful tribute to Jesus and Mary at the end of the Holy Mass. Yesterday, it was the Gregorian Choir&#039;s turn to perform. The members sang the chants of the Solemn Mass opening the Novena to Blessed Father Eustace.","robots":{"index":"index","follow":"follow","max-snippet":"max-snippet:-1","max-image-preview":"max-image-preview:large","max-video-preview":"max-video-preview:-1"},"canonical":"https:\/\/www.padreeustaquio.com.br\/en\/the-gregorian-choir-of-belo-horizonte-performs-on-the-first-day-of-the-novena-to-father-eustaquio\/","og_locale":"en_US","og_type":"article","og_title":"Coral Gregoriano de BH se apresenta no Primeiro dia da Novena a Padre Eust\u00e1quio","og_description":"O final de semana foi de festa para os devotos do Bem-Aventurado Padre Eust\u00e1quio. No s\u00e1bado, o Coral dos Pequenos Cantores dos Sagrados Cora\u00e7\u00f5es de Carm\u00f3polis de Minas-MG, participaram da celebra\u00e7\u00e3o com cantos lit\u00fargicos e uma linda homenagem a Jesus e a Maria, ao final da Santa Missa. Ontem, foi a vez do Coral Gregoriano se apresentar. Os integrantes cantaram os cantos da Missa Solene de abertura da Novena ao Beato Padre Eust\u00e1quio.","og_url":"https:\/\/www.padreeustaquio.com.br\/en\/the-gregorian-choir-of-belo-horizonte-performs-on-the-first-day-of-the-novena-to-father-eustaquio\/","og_site_name":"Padre Eust\u00e1quio","article_publisher":"https:\/\/www.facebook.com\/beatopadreeustaquio\/","article_published_time":"2022-08-22T21:50:19+00:00","article_modified_time":"2022-08-22T21:50:54+00:00","og_image":[{"width":748,"height":394,"url":"https:\/\/www.padreeustaquio.com.br\/wp-content\/uploads\/2022\/08\/Coral-Gregoriano-de-bh.jpg","type":"image\/jpeg"}],"author":"@sscc","twitter_card":"summary_large_image","twitter_creator":"@beatopeustaquio","twitter_site":"@beatopeustaquio","twitter_misc":{"Written by":"@sscc","Est. reading time":"3 minutes"},"schema":{"@context":"https:\/\/schema.org","@graph":[{"@type":"Article","@id":"https:\/\/www.padreeustaquio.com.br\/coral-gregoriano-de-bh-se-apresenta-no-primeiro-dia-da-novena-a-padre-eustaquio\/#article","isPartOf":{"@id":"https:\/\/www.padreeustaquio.com.br\/coral-gregoriano-de-bh-se-apresenta-no-primeiro-dia-da-novena-a-padre-eustaquio\/"},"author":{"name":"@sscc","@id":"https:\/\/www.padreeustaquio.com.br\/#\/schema\/person\/a2a51db1d00f1a7af0204a0f1ddb1566"},"headline":"Coral Gregoriano de BH se apresenta no Primeiro dia da Novena a Padre Eust\u00e1quio","datePublished":"2022-08-22T21:50:19+00:00","dateModified":"2022-08-22T21:50:54+00:00","mainEntityOfPage":{"@id":"https:\/\/www.padreeustaquio.com.br\/coral-gregoriano-de-bh-se-apresenta-no-primeiro-dia-da-novena-a-padre-eustaquio\/"},"wordCount":657,"commentCount":0,"publisher":{"@id":"https:\/\/www.padreeustaquio.com.br\/#organization"},"image":{"@id":"https:\/\/www.padreeustaquio.com.br\/coral-gregoriano-de-bh-se-apresenta-no-primeiro-dia-da-novena-a-padre-eustaquio\/#primaryimage"},"thumbnailUrl":"https:\/\/www.padreeustaquio.com.br\/wp-content\/uploads\/2022\/08\/Coral-Gregoriano-de-bh.jpg","articleSection":["Not\u00edcias"],"inLanguage":"en-US","potentialAction":[{"@type":"CommentAction","name":"Comment","target":["https:\/\/www.padreeustaquio.com.br\/coral-gregoriano-de-bh-se-apresenta-no-primeiro-dia-da-novena-a-padre-eustaquio\/#respond"]}]},{"@type":"WebPage","@id":"https:\/\/www.padreeustaquio.com.br\/coral-gregoriano-de-bh-se-apresenta-no-primeiro-dia-da-novena-a-padre-eustaquio\/","url":"https:\/\/www.padreeustaquio.com.br\/coral-gregoriano-de-bh-se-apresenta-no-primeiro-dia-da-novena-a-padre-eustaquio\/","name":"The Gregorian Choir of Belo Horizonte performs on the first day of the Novena to Father Eust\u00e1quio.","isPartOf":{"@id":"https:\/\/www.padreeustaquio.com.br\/#website"},"primaryImageOfPage":{"@id":"https:\/\/www.padreeustaquio.com.br\/coral-gregoriano-de-bh-se-apresenta-no-primeiro-dia-da-novena-a-padre-eustaquio\/#primaryimage"},"image":{"@id":"https:\/\/www.padreeustaquio.com.br\/coral-gregoriano-de-bh-se-apresenta-no-primeiro-dia-da-novena-a-padre-eustaquio\/#primaryimage"},"thumbnailUrl":"https:\/\/www.padreeustaquio.com.br\/wp-content\/uploads\/2022\/08\/Coral-Gregoriano-de-bh.jpg","datePublished":"2022-08-22T21:50:19+00:00","dateModified":"2022-08-22T21:50:54+00:00","description":"The weekend was a celebration for devotees of Blessed Father Eustace. On Saturday, the Choir of the Little Singers of the Sacred Hearts of Carm\u00f3polis de Minas-MG participated in the celebration with liturgical chants and a beautiful tribute to Jesus and Mary at the end of the Holy Mass. Yesterday, it was the Gregorian Choir&#039;s turn to perform. The members sang the chants of the Solemn Mass opening the Novena to Blessed Father Eustace.","breadcrumb":{"@id":"https:\/\/www.padreeustaquio.com.br\/coral-gregoriano-de-bh-se-apresenta-no-primeiro-dia-da-novena-a-padre-eustaquio\/#breadcrumb"},"inLanguage":"en-US","potentialAction":[{"@type":"ReadAction","target":["https:\/\/www.padreeustaquio.com.br\/coral-gregoriano-de-bh-se-apresenta-no-primeiro-dia-da-novena-a-padre-eustaquio\/"]}]},{"@type":"ImageObject","inLanguage":"en-US","@id":"https:\/\/www.padreeustaquio.com.br\/coral-gregoriano-de-bh-se-apresenta-no-primeiro-dia-da-novena-a-padre-eustaquio\/#primaryimage","url":"https:\/\/www.padreeustaquio.com.br\/wp-content\/uploads\/2022\/08\/Coral-Gregoriano-de-bh.jpg","contentUrl":"https:\/\/www.padreeustaquio.com.br\/wp-content\/uploads\/2022\/08\/Coral-Gregoriano-de-bh.jpg","width":748,"height":394},{"@type":"BreadcrumbList","@id":"https:\/\/www.padreeustaquio.com.br\/coral-gregoriano-de-bh-se-apresenta-no-primeiro-dia-da-novena-a-padre-eustaquio\/#breadcrumb","itemListElement":[{"@type":"ListItem","position":1,"name":"In\u00edcio","item":"https:\/\/www.padreeustaquio.com.br\/"},{"@type":"ListItem","position":2,"name":"Coral Gregoriano de BH se apresenta no Primeiro dia da Novena a Padre Eust\u00e1quio"}]},{"@type":"WebSite","@id":"https:\/\/www.padreeustaquio.com.br\/#website","url":"https:\/\/www.padreeustaquio.com.br\/","name":"FATHER EUST\u00c1QUIO","description":"Health and Peace","publisher":{"@id":"https:\/\/www.padreeustaquio.com.br\/#organization"},"potentialAction":[{"@type":"SearchAction","target":{"@type":"EntryPoint","urlTemplate":"https:\/\/www.padreeustaquio.com.br\/?s={search_term_string}"},"query-input":{"@type":"PropertyValueSpecification","valueRequired":true,"valueName":"search_term_string"}}],"inLanguage":"en-US"},{"@type":"Organization","@id":"https:\/\/www.padreeustaquio.com.br\/#organization","name":"FATHER EUST\u00c1QUIO","url":"https:\/\/www.padreeustaquio.com.br\/","logo":{"@type":"ImageObject","inLanguage":"en-US","@id":"https:\/\/www.padreeustaquio.com.br\/#\/schema\/logo\/image\/","url":"https:\/\/www.padreeustaquio.com.br\/wp-content\/uploads\/2019\/08\/marca.png","contentUrl":"https:\/\/www.padreeustaquio.com.br\/wp-content\/uploads\/2019\/08\/marca.png","width":350,"height":400,"caption":"Padre Eust\u00e1quio"},"image":{"@id":"https:\/\/www.padreeustaquio.com.br\/#\/schema\/logo\/image\/"},"sameAs":["https:\/\/www.facebook.com\/beatopadreeustaquio\/","https:\/\/x.com\/beatopeustaquio","https:\/\/www.instagram.com\/beatopadreeustaquio\/","https:\/\/www.youtube.com\/channel\/UCRhw7vfabnajwLxb1ZXMeIw"]},{"@type":"Person","@id":"https:\/\/www.padreeustaquio.com.br\/#\/schema\/person\/a2a51db1d00f1a7af0204a0f1ddb1566","name":"@sscc","image":{"@type":"ImageObject","inLanguage":"en-US","@id":"https:\/\/secure.gravatar.com\/avatar\/68cfafa5f44617fea54071e215026e0ff06be366c3d54a8425f04fdcb86f8c5f?s=96&d=mm&r=g","url":"https:\/\/secure.gravatar.com\/avatar\/68cfafa5f44617fea54071e215026e0ff06be366c3d54a8425f04fdcb86f8c5f?s=96&d=mm&r=g","contentUrl":"https:\/\/secure.gravatar.com\/avatar\/68cfafa5f44617fea54071e215026e0ff06be366c3d54a8425f04fdcb86f8c5f?s=96&d=mm&r=g","caption":"@sscc"},"url":"https:\/\/www.padreeustaquio.com.br\/en\/author\/sscc\/"}]}},"_links":{"self":[{"href":"https:\/\/www.padreeustaquio.com.br\/en\/wp-json\/wp\/v2\/posts\/9133","targetHints":{"allow":["GET"]}}],"collection":[{"href":"https:\/\/www.padreeustaquio.com.br\/en\/wp-json\/wp\/v2\/posts"}],"about":[{"href":"https:\/\/www.padreeustaquio.com.br\/en\/wp-json\/wp\/v2\/types\/post"}],"author":[{"embeddable":true,"href":"https:\/\/www.padreeustaquio.com.br\/en\/wp-json\/wp\/v2\/users\/2"}],"replies":[{"embeddable":true,"href":"https:\/\/www.padreeustaquio.com.br\/en\/wp-json\/wp\/v2\/comments?post=9133"}],"version-history":[{"count":0,"href":"https:\/\/www.padreeustaquio.com.br\/en\/wp-json\/wp\/v2\/posts\/9133\/revisions"}],"wp:featuredmedia":[{"embeddable":true,"href":"https:\/\/www.padreeustaquio.com.br\/en\/wp-json\/wp\/v2\/media\/9134"}],"wp:attachment":[{"href":"https:\/\/www.padreeustaquio.com.br\/en\/wp-json\/wp\/v2\/media?parent=9133"}],"wp:term":[{"taxonomy":"category","embeddable":true,"href":"https:\/\/www.padreeustaquio.com.br\/en\/wp-json\/wp\/v2\/categories?post=9133"},{"taxonomy":"post_tag","embeddable":true,"href":"https:\/\/www.padreeustaquio.com.br\/en\/wp-json\/wp\/v2\/tags?post=9133"}],"curies":[{"name":"wp","href":"https:\/\/api.w.org\/{rel}","templated":true}]}}