{"id":9128,"date":"2022-08-23T07:27:00","date_gmt":"2022-08-23T10:27:00","guid":{"rendered":"https:\/\/www.padreeustaquio.com.br\/?p=9128"},"modified":"2022-08-22T12:38:15","modified_gmt":"2022-08-22T15:38:15","slug":"the-campaign-for-father-eustaquios-festival-reaches-the-homes-of-devotees","status":"publish","type":"post","link":"https:\/\/www.padreeustaquio.com.br\/en\/the-campaign-for-father-eustaquios-festival-reaches-the-homes-of-devotees\/","title":{"rendered":"The Father Eust\u00e1quio Festival campaign reaches the homes of devotees."},"content":{"rendered":"<p>Devotees of Father Eust\u00e1quio are increasingly joining the campaign for the 2022 Feast of the Blessed. Posters promoting the festival can be seen in various homes and businesses in Belo Horizonte. On social media, devotees are posting photos of their doors displaying the posters, tagging the profile. <a href=\"https:\/\/www.instagram.com\/beatopadreeustaquio\/\" target=\"_blank\" rel=\"noreferrer noopener\">@beatopadreeustaquio<\/a> and using the Hashtag <strong>#festadopadreeustaquio<\/strong>.<\/p>\n\n\n\n<p>Launched this year, the poster for the Padre Eust\u00e1quio Festival aims to showcase the community&#039;s support for the celebration, which is already a tradition in Belo Horizonte and other cities where the Blessed Father Eust\u00e1quio passed through.<\/p>\n\n\n\n<p>Anyone who hasn&#039;t yet picked up a poster can request one directly from the parish office in Belo Horizonte. For those living outside the capital of Minas Gerais, it can be downloaded. <a href=\"https:\/\/drive.google.com\/drive\/folders\/1swI325RdXYydkZVyNM95EQ3t7-GR1Cy7\" target=\"_blank\" rel=\"noreferrer noopener\">CLICK HERE<\/a> at this link.<\/p>\n\n\n\n<p>Come and be a part of this campaign. Let&#039;s spread devotion to the Blessed One to as many people as we can. See below some photos that were sent:<\/p>\n\n\n\n<p><\/p>","protected":false},"excerpt":{"rendered":"<p>Devotos do Padre Eust\u00e1quio est\u00e3o aderindo, cada dia mais, \u00e0 campanha da Festa do Beato 2022. \u00c9 poss\u00edvel ver o cartaz de ades\u00e3o \u00e0 festa em v\u00e1rias casas e com\u00e9rcios de Belo Horizonte. Nas redes sociais, os devotos est\u00e3o postando fotos das portas com o cartaz, marcando o perfil @beatopadreeustaquio e usando a Hashtag #festadopadreeustaquio. Implantado este ano, o cartaz da Festa do Padre Eust\u00e1quio tem como objetivo mostrar a ades\u00e3o da comunidade \u00e0 festa, que j\u00e1 \u00e9 tradicional em Belo Horizonte e em outras cidades por onde o Beato passou. Quem ainda n\u00e3o pegou o cartaz, pode solicitar diretamente [&hellip;]<\/p>\n","protected":false},"author":2,"featured_media":9129,"comment_status":"open","ping_status":"closed","sticky":false,"template":"","format":"standard","meta":{"_acf_changed":false,"footnotes":""},"categories":[611],"tags":[],"class_list":["post-9128","post","type-post","status-publish","format-standard","has-post-thumbnail","hentry","category-noticias"],"acf":[],"yoast_head":"<!-- This site is optimized with the Yoast SEO plugin v27.2 - https:\/\/yoast.com\/product\/yoast-seo-wordpress\/ -->\n<title>Campanha da Festa do Padre Eust\u00e1quio ganha as casas dos devotos<\/title>\n<meta name=\"description\" content=\"Devotos do Padre Eust\u00e1quio est\u00e3o aderindo, cada dia mais, \u00e0 campanha da Festa do Beato 2022. \u00c9 poss\u00edvel ver o cartaz de ades\u00e3o \u00e0 festa em v\u00e1rias casas e com\u00e9rcios de Belo Horizonte. Nas redes sociais, os devotos est\u00e3o postando fotos das portas com o cartaz, marcando o perfil @beatopadreeustaquio e usando a Hashtag #festadopadreeustaquio\" \/>\n<meta name=\"robots\" content=\"index, follow, max-snippet:-1, max-image-preview:large, max-video-preview:-1\" \/>\n<link rel=\"canonical\" href=\"https:\/\/www.padreeustaquio.com.br\/en\/the-campaign-for-father-eustaquios-festival-reaches-the-homes-of-devotees\/\" \/>\n<meta property=\"og:locale\" content=\"en_US\" \/>\n<meta property=\"og:type\" content=\"article\" \/>\n<meta property=\"og:title\" content=\"Campanha da Festa do Padre Eust\u00e1quio ganha as casas dos devotos\" \/>\n<meta property=\"og:description\" content=\"Devotos do Padre Eust\u00e1quio est\u00e3o aderindo, cada dia mais, \u00e0 campanha da Festa do Beato 2022. \u00c9 poss\u00edvel ver o cartaz de ades\u00e3o \u00e0 festa em v\u00e1rias casas e com\u00e9rcios de Belo Horizonte. Nas redes sociais, os devotos est\u00e3o postando fotos das portas com o cartaz, marcando o perfil @beatopadreeustaquio e usando a Hashtag #festadopadreeustaquio\" \/>\n<meta property=\"og:url\" content=\"https:\/\/www.padreeustaquio.com.br\/en\/the-campaign-for-father-eustaquios-festival-reaches-the-homes-of-devotees\/\" \/>\n<meta property=\"og:site_name\" content=\"Padre Eust\u00e1quio\" \/>\n<meta property=\"article:publisher\" content=\"https:\/\/www.facebook.com\/beatopadreeustaquio\/\" \/>\n<meta property=\"article:published_time\" content=\"2022-08-23T10:27:00+00:00\" \/>\n<meta property=\"og:image\" content=\"https:\/\/www.padreeustaquio.com.br\/wp-content\/uploads\/2022\/08\/cartaz-da-festa-de-padre-eustaquio-2022-e1661182680549.jpeg\" \/>\n\t<meta property=\"og:image:width\" content=\"828\" \/>\n\t<meta property=\"og:image:height\" content=\"607\" \/>\n\t<meta property=\"og:image:type\" content=\"image\/jpeg\" \/>\n<meta name=\"author\" content=\"@sscc\" \/>\n<meta name=\"twitter:card\" content=\"summary_large_image\" \/>\n<meta name=\"twitter:creator\" content=\"@beatopeustaquio\" \/>\n<meta name=\"twitter:site\" content=\"@beatopeustaquio\" \/>\n<meta name=\"twitter:label1\" content=\"Written by\" \/>\n\t<meta name=\"twitter:data1\" content=\"@sscc\" \/>\n\t<meta name=\"twitter:label2\" content=\"Est. reading time\" \/>\n\t<meta name=\"twitter:data2\" content=\"1 minute\" \/>\n<script type=\"application\/ld+json\" class=\"yoast-schema-graph\">{\"@context\":\"https:\/\/schema.org\",\"@graph\":[{\"@type\":\"Article\",\"@id\":\"https:\/\/www.padreeustaquio.com.br\/campanha-da-festa-do-padre-eustaquio-ganha-as-casas-dos-devotos\/#article\",\"isPartOf\":{\"@id\":\"https:\/\/www.padreeustaquio.com.br\/campanha-da-festa-do-padre-eustaquio-ganha-as-casas-dos-devotos\/\"},\"author\":{\"name\":\"@sscc\",\"@id\":\"https:\/\/www.padreeustaquio.com.br\/#\/schema\/person\/a2a51db1d00f1a7af0204a0f1ddb1566\"},\"headline\":\"Campanha da Festa do Padre Eust\u00e1quio ganha as casas dos devotos\",\"datePublished\":\"2022-08-23T10:27:00+00:00\",\"mainEntityOfPage\":{\"@id\":\"https:\/\/www.padreeustaquio.com.br\/campanha-da-festa-do-padre-eustaquio-ganha-as-casas-dos-devotos\/\"},\"wordCount\":161,\"commentCount\":0,\"publisher\":{\"@id\":\"https:\/\/www.padreeustaquio.com.br\/#organization\"},\"image\":{\"@id\":\"https:\/\/www.padreeustaquio.com.br\/campanha-da-festa-do-padre-eustaquio-ganha-as-casas-dos-devotos\/#primaryimage\"},\"thumbnailUrl\":\"https:\/\/www.padreeustaquio.com.br\/wp-content\/uploads\/2022\/08\/cartaz-da-festa-de-padre-eustaquio-2022-e1661182680549.jpeg\",\"articleSection\":[\"Not\u00edcias\"],\"inLanguage\":\"en-US\",\"potentialAction\":[{\"@type\":\"CommentAction\",\"name\":\"Comment\",\"target\":[\"https:\/\/www.padreeustaquio.com.br\/campanha-da-festa-do-padre-eustaquio-ganha-as-casas-dos-devotos\/#respond\"]}]},{\"@type\":\"WebPage\",\"@id\":\"https:\/\/www.padreeustaquio.com.br\/campanha-da-festa-do-padre-eustaquio-ganha-as-casas-dos-devotos\/\",\"url\":\"https:\/\/www.padreeustaquio.com.br\/campanha-da-festa-do-padre-eustaquio-ganha-as-casas-dos-devotos\/\",\"name\":\"Campanha da Festa do Padre Eust\u00e1quio ganha as casas dos devotos\",\"isPartOf\":{\"@id\":\"https:\/\/www.padreeustaquio.com.br\/#website\"},\"primaryImageOfPage\":{\"@id\":\"https:\/\/www.padreeustaquio.com.br\/campanha-da-festa-do-padre-eustaquio-ganha-as-casas-dos-devotos\/#primaryimage\"},\"image\":{\"@id\":\"https:\/\/www.padreeustaquio.com.br\/campanha-da-festa-do-padre-eustaquio-ganha-as-casas-dos-devotos\/#primaryimage\"},\"thumbnailUrl\":\"https:\/\/www.padreeustaquio.com.br\/wp-content\/uploads\/2022\/08\/cartaz-da-festa-de-padre-eustaquio-2022-e1661182680549.jpeg\",\"datePublished\":\"2022-08-23T10:27:00+00:00\",\"description\":\"Devotos do Padre Eust\u00e1quio est\u00e3o aderindo, cada dia mais, \u00e0 campanha da Festa do Beato 2022. \u00c9 poss\u00edvel ver o cartaz de ades\u00e3o \u00e0 festa em v\u00e1rias casas e com\u00e9rcios de Belo Horizonte. Nas redes sociais, os devotos est\u00e3o postando fotos das portas com o cartaz, marcando o perfil @beatopadreeustaquio e usando a Hashtag #festadopadreeustaquio\",\"breadcrumb\":{\"@id\":\"https:\/\/www.padreeustaquio.com.br\/campanha-da-festa-do-padre-eustaquio-ganha-as-casas-dos-devotos\/#breadcrumb\"},\"inLanguage\":\"en-US\",\"potentialAction\":[{\"@type\":\"ReadAction\",\"target\":[\"https:\/\/www.padreeustaquio.com.br\/campanha-da-festa-do-padre-eustaquio-ganha-as-casas-dos-devotos\/\"]}]},{\"@type\":\"ImageObject\",\"inLanguage\":\"en-US\",\"@id\":\"https:\/\/www.padreeustaquio.com.br\/campanha-da-festa-do-padre-eustaquio-ganha-as-casas-dos-devotos\/#primaryimage\",\"url\":\"https:\/\/www.padreeustaquio.com.br\/wp-content\/uploads\/2022\/08\/cartaz-da-festa-de-padre-eustaquio-2022-e1661182680549.jpeg\",\"contentUrl\":\"https:\/\/www.padreeustaquio.com.br\/wp-content\/uploads\/2022\/08\/cartaz-da-festa-de-padre-eustaquio-2022-e1661182680549.jpeg\",\"width\":828,\"height\":607},{\"@type\":\"BreadcrumbList\",\"@id\":\"https:\/\/www.padreeustaquio.com.br\/campanha-da-festa-do-padre-eustaquio-ganha-as-casas-dos-devotos\/#breadcrumb\",\"itemListElement\":[{\"@type\":\"ListItem\",\"position\":1,\"name\":\"In\u00edcio\",\"item\":\"https:\/\/www.padreeustaquio.com.br\/\"},{\"@type\":\"ListItem\",\"position\":2,\"name\":\"Campanha da Festa do Padre Eust\u00e1quio ganha as casas dos devotos\"}]},{\"@type\":\"WebSite\",\"@id\":\"https:\/\/www.padreeustaquio.com.br\/#website\",\"url\":\"https:\/\/www.padreeustaquio.com.br\/\",\"name\":\"Padre Eust\u00e1quio\",\"description\":\"Sa\u00fade e Paz\",\"publisher\":{\"@id\":\"https:\/\/www.padreeustaquio.com.br\/#organization\"},\"potentialAction\":[{\"@type\":\"SearchAction\",\"target\":{\"@type\":\"EntryPoint\",\"urlTemplate\":\"https:\/\/www.padreeustaquio.com.br\/?s={search_term_string}\"},\"query-input\":{\"@type\":\"PropertyValueSpecification\",\"valueRequired\":true,\"valueName\":\"search_term_string\"}}],\"inLanguage\":\"en-US\"},{\"@type\":\"Organization\",\"@id\":\"https:\/\/www.padreeustaquio.com.br\/#organization\",\"name\":\"Padre Eust\u00e1quio\",\"url\":\"https:\/\/www.padreeustaquio.com.br\/\",\"logo\":{\"@type\":\"ImageObject\",\"inLanguage\":\"en-US\",\"@id\":\"https:\/\/www.padreeustaquio.com.br\/#\/schema\/logo\/image\/\",\"url\":\"https:\/\/www.padreeustaquio.com.br\/wp-content\/uploads\/2019\/08\/marca.png\",\"contentUrl\":\"https:\/\/www.padreeustaquio.com.br\/wp-content\/uploads\/2019\/08\/marca.png\",\"width\":350,\"height\":400,\"caption\":\"Padre Eust\u00e1quio\"},\"image\":{\"@id\":\"https:\/\/www.padreeustaquio.com.br\/#\/schema\/logo\/image\/\"},\"sameAs\":[\"https:\/\/www.facebook.com\/beatopadreeustaquio\/\",\"https:\/\/x.com\/beatopeustaquio\",\"https:\/\/www.instagram.com\/beatopadreeustaquio\/\",\"https:\/\/www.youtube.com\/channel\/UCRhw7vfabnajwLxb1ZXMeIw\"]},{\"@type\":\"Person\",\"@id\":\"https:\/\/www.padreeustaquio.com.br\/#\/schema\/person\/a2a51db1d00f1a7af0204a0f1ddb1566\",\"name\":\"@sscc\",\"image\":{\"@type\":\"ImageObject\",\"inLanguage\":\"en-US\",\"@id\":\"https:\/\/secure.gravatar.com\/avatar\/68cfafa5f44617fea54071e215026e0ff06be366c3d54a8425f04fdcb86f8c5f?s=96&d=mm&r=g\",\"url\":\"https:\/\/secure.gravatar.com\/avatar\/68cfafa5f44617fea54071e215026e0ff06be366c3d54a8425f04fdcb86f8c5f?s=96&d=mm&r=g\",\"contentUrl\":\"https:\/\/secure.gravatar.com\/avatar\/68cfafa5f44617fea54071e215026e0ff06be366c3d54a8425f04fdcb86f8c5f?s=96&d=mm&r=g\",\"caption\":\"@sscc\"},\"url\":\"https:\/\/www.padreeustaquio.com.br\/en\/author\/sscc\/\"}]}<\/script>\n<!-- \/ Yoast SEO plugin. -->","yoast_head_json":{"title":"The Father Eust\u00e1quio Festival campaign reaches the homes of devotees.","description":"Devotees of Father Eust\u00e1quio are increasingly joining the campaign for the 2022 Blessed Father Eust\u00e1quio Festival. Posters promoting the festival can be seen in various homes and businesses in Belo Horizonte. On social media, devotees are posting photos of their doors displaying the posters, tagging the profile @beatopadreeustaquio and using the hashtag ##festadopadreeustaquio.","robots":{"index":"index","follow":"follow","max-snippet":"max-snippet:-1","max-image-preview":"max-image-preview:large","max-video-preview":"max-video-preview:-1"},"canonical":"https:\/\/www.padreeustaquio.com.br\/en\/the-campaign-for-father-eustaquios-festival-reaches-the-homes-of-devotees\/","og_locale":"en_US","og_type":"article","og_title":"Campanha da Festa do Padre Eust\u00e1quio ganha as casas dos devotos","og_description":"Devotos do Padre Eust\u00e1quio est\u00e3o aderindo, cada dia mais, \u00e0 campanha da Festa do Beato 2022. \u00c9 poss\u00edvel ver o cartaz de ades\u00e3o \u00e0 festa em v\u00e1rias casas e com\u00e9rcios de Belo Horizonte. Nas redes sociais, os devotos est\u00e3o postando fotos das portas com o cartaz, marcando o perfil @beatopadreeustaquio e usando a Hashtag #festadopadreeustaquio","og_url":"https:\/\/www.padreeustaquio.com.br\/en\/the-campaign-for-father-eustaquios-festival-reaches-the-homes-of-devotees\/","og_site_name":"Padre Eust\u00e1quio","article_publisher":"https:\/\/www.facebook.com\/beatopadreeustaquio\/","article_published_time":"2022-08-23T10:27:00+00:00","og_image":[{"width":828,"height":607,"url":"https:\/\/www.padreeustaquio.com.br\/wp-content\/uploads\/2022\/08\/cartaz-da-festa-de-padre-eustaquio-2022-e1661182680549.jpeg","type":"image\/jpeg"}],"author":"@sscc","twitter_card":"summary_large_image","twitter_creator":"@beatopeustaquio","twitter_site":"@beatopeustaquio","twitter_misc":{"Written by":"@sscc","Est. reading time":"1 minute"},"schema":{"@context":"https:\/\/schema.org","@graph":[{"@type":"Article","@id":"https:\/\/www.padreeustaquio.com.br\/campanha-da-festa-do-padre-eustaquio-ganha-as-casas-dos-devotos\/#article","isPartOf":{"@id":"https:\/\/www.padreeustaquio.com.br\/campanha-da-festa-do-padre-eustaquio-ganha-as-casas-dos-devotos\/"},"author":{"name":"@sscc","@id":"https:\/\/www.padreeustaquio.com.br\/#\/schema\/person\/a2a51db1d00f1a7af0204a0f1ddb1566"},"headline":"Campanha da Festa do Padre Eust\u00e1quio ganha as casas dos devotos","datePublished":"2022-08-23T10:27:00+00:00","mainEntityOfPage":{"@id":"https:\/\/www.padreeustaquio.com.br\/campanha-da-festa-do-padre-eustaquio-ganha-as-casas-dos-devotos\/"},"wordCount":161,"commentCount":0,"publisher":{"@id":"https:\/\/www.padreeustaquio.com.br\/#organization"},"image":{"@id":"https:\/\/www.padreeustaquio.com.br\/campanha-da-festa-do-padre-eustaquio-ganha-as-casas-dos-devotos\/#primaryimage"},"thumbnailUrl":"https:\/\/www.padreeustaquio.com.br\/wp-content\/uploads\/2022\/08\/cartaz-da-festa-de-padre-eustaquio-2022-e1661182680549.jpeg","articleSection":["Not\u00edcias"],"inLanguage":"en-US","potentialAction":[{"@type":"CommentAction","name":"Comment","target":["https:\/\/www.padreeustaquio.com.br\/campanha-da-festa-do-padre-eustaquio-ganha-as-casas-dos-devotos\/#respond"]}]},{"@type":"WebPage","@id":"https:\/\/www.padreeustaquio.com.br\/campanha-da-festa-do-padre-eustaquio-ganha-as-casas-dos-devotos\/","url":"https:\/\/www.padreeustaquio.com.br\/campanha-da-festa-do-padre-eustaquio-ganha-as-casas-dos-devotos\/","name":"The Father Eust\u00e1quio Festival campaign reaches the homes of devotees.","isPartOf":{"@id":"https:\/\/www.padreeustaquio.com.br\/#website"},"primaryImageOfPage":{"@id":"https:\/\/www.padreeustaquio.com.br\/campanha-da-festa-do-padre-eustaquio-ganha-as-casas-dos-devotos\/#primaryimage"},"image":{"@id":"https:\/\/www.padreeustaquio.com.br\/campanha-da-festa-do-padre-eustaquio-ganha-as-casas-dos-devotos\/#primaryimage"},"thumbnailUrl":"https:\/\/www.padreeustaquio.com.br\/wp-content\/uploads\/2022\/08\/cartaz-da-festa-de-padre-eustaquio-2022-e1661182680549.jpeg","datePublished":"2022-08-23T10:27:00+00:00","description":"Devotees of Father Eust\u00e1quio are increasingly joining the campaign for the 2022 Blessed Father Eust\u00e1quio Festival. Posters promoting the festival can be seen in various homes and businesses in Belo Horizonte. On social media, devotees are posting photos of their doors displaying the posters, tagging the profile @beatopadreeustaquio and using the hashtag ##festadopadreeustaquio.","breadcrumb":{"@id":"https:\/\/www.padreeustaquio.com.br\/campanha-da-festa-do-padre-eustaquio-ganha-as-casas-dos-devotos\/#breadcrumb"},"inLanguage":"en-US","potentialAction":[{"@type":"ReadAction","target":["https:\/\/www.padreeustaquio.com.br\/campanha-da-festa-do-padre-eustaquio-ganha-as-casas-dos-devotos\/"]}]},{"@type":"ImageObject","inLanguage":"en-US","@id":"https:\/\/www.padreeustaquio.com.br\/campanha-da-festa-do-padre-eustaquio-ganha-as-casas-dos-devotos\/#primaryimage","url":"https:\/\/www.padreeustaquio.com.br\/wp-content\/uploads\/2022\/08\/cartaz-da-festa-de-padre-eustaquio-2022-e1661182680549.jpeg","contentUrl":"https:\/\/www.padreeustaquio.com.br\/wp-content\/uploads\/2022\/08\/cartaz-da-festa-de-padre-eustaquio-2022-e1661182680549.jpeg","width":828,"height":607},{"@type":"BreadcrumbList","@id":"https:\/\/www.padreeustaquio.com.br\/campanha-da-festa-do-padre-eustaquio-ganha-as-casas-dos-devotos\/#breadcrumb","itemListElement":[{"@type":"ListItem","position":1,"name":"In\u00edcio","item":"https:\/\/www.padreeustaquio.com.br\/"},{"@type":"ListItem","position":2,"name":"Campanha da Festa do Padre Eust\u00e1quio ganha as casas dos devotos"}]},{"@type":"WebSite","@id":"https:\/\/www.padreeustaquio.com.br\/#website","url":"https:\/\/www.padreeustaquio.com.br\/","name":"FATHER EUST\u00c1QUIO","description":"Health and Peace","publisher":{"@id":"https:\/\/www.padreeustaquio.com.br\/#organization"},"potentialAction":[{"@type":"SearchAction","target":{"@type":"EntryPoint","urlTemplate":"https:\/\/www.padreeustaquio.com.br\/?s={search_term_string}"},"query-input":{"@type":"PropertyValueSpecification","valueRequired":true,"valueName":"search_term_string"}}],"inLanguage":"en-US"},{"@type":"Organization","@id":"https:\/\/www.padreeustaquio.com.br\/#organization","name":"FATHER EUST\u00c1QUIO","url":"https:\/\/www.padreeustaquio.com.br\/","logo":{"@type":"ImageObject","inLanguage":"en-US","@id":"https:\/\/www.padreeustaquio.com.br\/#\/schema\/logo\/image\/","url":"https:\/\/www.padreeustaquio.com.br\/wp-content\/uploads\/2019\/08\/marca.png","contentUrl":"https:\/\/www.padreeustaquio.com.br\/wp-content\/uploads\/2019\/08\/marca.png","width":350,"height":400,"caption":"Padre Eust\u00e1quio"},"image":{"@id":"https:\/\/www.padreeustaquio.com.br\/#\/schema\/logo\/image\/"},"sameAs":["https:\/\/www.facebook.com\/beatopadreeustaquio\/","https:\/\/x.com\/beatopeustaquio","https:\/\/www.instagram.com\/beatopadreeustaquio\/","https:\/\/www.youtube.com\/channel\/UCRhw7vfabnajwLxb1ZXMeIw"]},{"@type":"Person","@id":"https:\/\/www.padreeustaquio.com.br\/#\/schema\/person\/a2a51db1d00f1a7af0204a0f1ddb1566","name":"@sscc","image":{"@type":"ImageObject","inLanguage":"en-US","@id":"https:\/\/secure.gravatar.com\/avatar\/68cfafa5f44617fea54071e215026e0ff06be366c3d54a8425f04fdcb86f8c5f?s=96&d=mm&r=g","url":"https:\/\/secure.gravatar.com\/avatar\/68cfafa5f44617fea54071e215026e0ff06be366c3d54a8425f04fdcb86f8c5f?s=96&d=mm&r=g","contentUrl":"https:\/\/secure.gravatar.com\/avatar\/68cfafa5f44617fea54071e215026e0ff06be366c3d54a8425f04fdcb86f8c5f?s=96&d=mm&r=g","caption":"@sscc"},"url":"https:\/\/www.padreeustaquio.com.br\/en\/author\/sscc\/"}]}},"_links":{"self":[{"href":"https:\/\/www.padreeustaquio.com.br\/en\/wp-json\/wp\/v2\/posts\/9128","targetHints":{"allow":["GET"]}}],"collection":[{"href":"https:\/\/www.padreeustaquio.com.br\/en\/wp-json\/wp\/v2\/posts"}],"about":[{"href":"https:\/\/www.padreeustaquio.com.br\/en\/wp-json\/wp\/v2\/types\/post"}],"author":[{"embeddable":true,"href":"https:\/\/www.padreeustaquio.com.br\/en\/wp-json\/wp\/v2\/users\/2"}],"replies":[{"embeddable":true,"href":"https:\/\/www.padreeustaquio.com.br\/en\/wp-json\/wp\/v2\/comments?post=9128"}],"version-history":[{"count":0,"href":"https:\/\/www.padreeustaquio.com.br\/en\/wp-json\/wp\/v2\/posts\/9128\/revisions"}],"wp:featuredmedia":[{"embeddable":true,"href":"https:\/\/www.padreeustaquio.com.br\/en\/wp-json\/wp\/v2\/media\/9129"}],"wp:attachment":[{"href":"https:\/\/www.padreeustaquio.com.br\/en\/wp-json\/wp\/v2\/media?parent=9128"}],"wp:term":[{"taxonomy":"category","embeddable":true,"href":"https:\/\/www.padreeustaquio.com.br\/en\/wp-json\/wp\/v2\/categories?post=9128"},{"taxonomy":"post_tag","embeddable":true,"href":"https:\/\/www.padreeustaquio.com.br\/en\/wp-json\/wp\/v2\/tags?post=9128"}],"curies":[{"name":"wp","href":"https:\/\/api.w.org\/{rel}","templated":true}]}}