{"id":9126,"date":"2022-08-28T06:08:00","date_gmt":"2022-08-28T09:08:00","guid":{"rendered":"https:\/\/www.padreeustaquio.com.br\/?p=9126"},"modified":"2022-08-22T12:43:45","modified_gmt":"2022-08-22T15:43:45","slug":"union-of-singers-forms-special-choir-for-the-solemn-mass-on-august-30th","status":"publish","type":"post","link":"https:\/\/www.padreeustaquio.com.br\/en\/union-of-singers-forms-special-choir-for-the-solemn-mass-on-august-30th\/","title":{"rendered":"A group of singers forms a special choir for the Solemn Mass on August 30th."},"content":{"rendered":"<p>Singers from various choirs at the Archdiocesan Sanctuary of Health and Peace, the Church of Father Eust\u00e1quio, will unite in a single choir. The initiative came from the volunteers themselves and aims to integrate all the singers in this celebration that is so special for all of us, devotees.<\/p>\n\n\n\n<p>The Sanctuary now has several choirs that enliven the celebrations during the week, and especially on Saturdays and Sundays. The initiative is old, but it gained strength this year. The choir&#039;s first performance was during Holy Week. During the Easter Triduum, the voices of the volunteers echoed through the church, making the most solemn celebrations even more reflective on the passion and death of Christ.<\/p>\n\n\n\n<p>After that, the choir performed at the Corpus Christi Mass and at the opening of the Padre Eust\u00e1quio Festival 2022. The group&#039;s work, especially rehearsals and performances, is coordinated by volunteer Rhaime Ferreira, who usually leads the music at the Holy Mass on Saturdays at 5 pm, along with members of the &quot;Amai-vos Ministry&quot;. <\/p>\n\n\n\n<p>At the opening of the festival, on July 30th, the choir performed in the Central Choir of the Church, moving those present, as well as those who followed the celebration through the Padre Eust\u00e1quio Channel.<\/p>\n\n\n\n<p><\/p>","protected":false},"excerpt":{"rendered":"<p>Cantores de diversos grupos de canto do Santu\u00e1rio Arquidiocesano da Sa\u00fade e da Paz, a Igreja do Padre Eust\u00e1quio, se unir\u00e3o em um s\u00f3 coral. A iniciativa partiu dos pr\u00f3prios volunt\u00e1rios e visa integrar todos os cantores nesta celebra\u00e7\u00e3o t\u00e3o especial para todos n\u00f3s, devotos. O Santu\u00e1rio conta, hoje, com diversos corais que animam as celebra\u00e7\u00f5es durante a semana e, principalmente aos s\u00e1bados e domingos. A iniciativa \u00e9 antiga, mas ganhou for\u00e7a este ano. A primeira apresenta\u00e7\u00e3o do coral foi durante a Semana Santa. Durante o tr\u00edduo pascal, as vozes dos volunt\u00e1rios ecoaram pela igreja, fazendo com que as celebra\u00e7\u00f5es [&hellip;]<\/p>\n","protected":false},"author":2,"featured_media":9132,"comment_status":"open","ping_status":"closed","sticky":false,"template":"","format":"standard","meta":{"_acf_changed":false,"footnotes":""},"categories":[611],"tags":[],"class_list":["post-9126","post","type-post","status-publish","format-standard","has-post-thumbnail","hentry","category-noticias"],"acf":[],"yoast_head":"<!-- This site is optimized with the Yoast SEO plugin v27.2 - https:\/\/yoast.com\/product\/yoast-seo-wordpress\/ -->\n<title>Uni\u00e3o de cantores forma Coral especial para a Missa Solene do dia 30 de agosto<\/title>\n<meta name=\"description\" content=\"Cantores de diversos grupos de canto do Santu\u00e1rio Arquidiocesano da Sa\u00fade e da Paz, a Igreja do Padre Eust\u00e1quio, se unir\u00e3o em um s\u00f3 coral. A iniciativa partiu dos pr\u00f3prios volunt\u00e1rios e visa integrar todos os cantores nesta celebra\u00e7\u00e3o t\u00e3o especial para todos n\u00f3s, devotos.\" \/>\n<meta name=\"robots\" content=\"index, follow, max-snippet:-1, max-image-preview:large, max-video-preview:-1\" \/>\n<link rel=\"canonical\" href=\"https:\/\/www.padreeustaquio.com.br\/en\/union-of-singers-forms-special-choir-for-the-solemn-mass-on-august-30th\/\" \/>\n<meta property=\"og:locale\" content=\"en_US\" \/>\n<meta property=\"og:type\" content=\"article\" \/>\n<meta property=\"og:title\" content=\"Uni\u00e3o de cantores forma Coral especial para a Missa Solene do dia 30 de agosto\" \/>\n<meta property=\"og:description\" content=\"Cantores de diversos grupos de canto do Santu\u00e1rio Arquidiocesano da Sa\u00fade e da Paz, a Igreja do Padre Eust\u00e1quio, se unir\u00e3o em um s\u00f3 coral. A iniciativa partiu dos pr\u00f3prios volunt\u00e1rios e visa integrar todos os cantores nesta celebra\u00e7\u00e3o t\u00e3o especial para todos n\u00f3s, devotos.\" \/>\n<meta property=\"og:url\" content=\"https:\/\/www.padreeustaquio.com.br\/en\/union-of-singers-forms-special-choir-for-the-solemn-mass-on-august-30th\/\" \/>\n<meta property=\"og:site_name\" content=\"Padre Eust\u00e1quio\" \/>\n<meta property=\"article:publisher\" content=\"https:\/\/www.facebook.com\/beatopadreeustaquio\/\" \/>\n<meta property=\"article:published_time\" content=\"2022-08-28T09:08:00+00:00\" \/>\n<meta property=\"og:image\" content=\"https:\/\/www.padreeustaquio.com.br\/wp-content\/uploads\/2022\/08\/coral.png\" \/>\n\t<meta property=\"og:image:width\" content=\"843\" \/>\n\t<meta property=\"og:image:height\" content=\"417\" \/>\n\t<meta property=\"og:image:type\" content=\"image\/png\" \/>\n<meta name=\"author\" content=\"@sscc\" \/>\n<meta name=\"twitter:card\" content=\"summary_large_image\" \/>\n<meta name=\"twitter:creator\" content=\"@beatopeustaquio\" \/>\n<meta name=\"twitter:site\" content=\"@beatopeustaquio\" \/>\n<meta name=\"twitter:label1\" content=\"Written by\" \/>\n\t<meta name=\"twitter:data1\" content=\"@sscc\" \/>\n\t<meta name=\"twitter:label2\" content=\"Est. reading time\" \/>\n\t<meta name=\"twitter:data2\" content=\"1 minute\" \/>\n<script type=\"application\/ld+json\" class=\"yoast-schema-graph\">{\"@context\":\"https:\/\/schema.org\",\"@graph\":[{\"@type\":\"Article\",\"@id\":\"https:\/\/www.padreeustaquio.com.br\/uniao-de-cantores-forma-coral-especial-para-a-missa-solene-do-dia-30-de-agosto\/#article\",\"isPartOf\":{\"@id\":\"https:\/\/www.padreeustaquio.com.br\/uniao-de-cantores-forma-coral-especial-para-a-missa-solene-do-dia-30-de-agosto\/\"},\"author\":{\"name\":\"@sscc\",\"@id\":\"https:\/\/www.padreeustaquio.com.br\/#\/schema\/person\/a2a51db1d00f1a7af0204a0f1ddb1566\"},\"headline\":\"Uni\u00e3o de cantores forma Coral especial para a Missa Solene do dia 30 de agosto\",\"datePublished\":\"2022-08-28T09:08:00+00:00\",\"mainEntityOfPage\":{\"@id\":\"https:\/\/www.padreeustaquio.com.br\/uniao-de-cantores-forma-coral-especial-para-a-missa-solene-do-dia-30-de-agosto\/\"},\"wordCount\":238,\"commentCount\":0,\"publisher\":{\"@id\":\"https:\/\/www.padreeustaquio.com.br\/#organization\"},\"image\":{\"@id\":\"https:\/\/www.padreeustaquio.com.br\/uniao-de-cantores-forma-coral-especial-para-a-missa-solene-do-dia-30-de-agosto\/#primaryimage\"},\"thumbnailUrl\":\"https:\/\/www.padreeustaquio.com.br\/wp-content\/uploads\/2022\/08\/coral.png\",\"articleSection\":[\"Not\u00edcias\"],\"inLanguage\":\"en-US\",\"potentialAction\":[{\"@type\":\"CommentAction\",\"name\":\"Comment\",\"target\":[\"https:\/\/www.padreeustaquio.com.br\/uniao-de-cantores-forma-coral-especial-para-a-missa-solene-do-dia-30-de-agosto\/#respond\"]}]},{\"@type\":\"WebPage\",\"@id\":\"https:\/\/www.padreeustaquio.com.br\/uniao-de-cantores-forma-coral-especial-para-a-missa-solene-do-dia-30-de-agosto\/\",\"url\":\"https:\/\/www.padreeustaquio.com.br\/uniao-de-cantores-forma-coral-especial-para-a-missa-solene-do-dia-30-de-agosto\/\",\"name\":\"Uni\u00e3o de cantores forma Coral especial para a Missa Solene do dia 30 de agosto\",\"isPartOf\":{\"@id\":\"https:\/\/www.padreeustaquio.com.br\/#website\"},\"primaryImageOfPage\":{\"@id\":\"https:\/\/www.padreeustaquio.com.br\/uniao-de-cantores-forma-coral-especial-para-a-missa-solene-do-dia-30-de-agosto\/#primaryimage\"},\"image\":{\"@id\":\"https:\/\/www.padreeustaquio.com.br\/uniao-de-cantores-forma-coral-especial-para-a-missa-solene-do-dia-30-de-agosto\/#primaryimage\"},\"thumbnailUrl\":\"https:\/\/www.padreeustaquio.com.br\/wp-content\/uploads\/2022\/08\/coral.png\",\"datePublished\":\"2022-08-28T09:08:00+00:00\",\"description\":\"Cantores de diversos grupos de canto do Santu\u00e1rio Arquidiocesano da Sa\u00fade e da Paz, a Igreja do Padre Eust\u00e1quio, se unir\u00e3o em um s\u00f3 coral. A iniciativa partiu dos pr\u00f3prios volunt\u00e1rios e visa integrar todos os cantores nesta celebra\u00e7\u00e3o t\u00e3o especial para todos n\u00f3s, devotos.\",\"breadcrumb\":{\"@id\":\"https:\/\/www.padreeustaquio.com.br\/uniao-de-cantores-forma-coral-especial-para-a-missa-solene-do-dia-30-de-agosto\/#breadcrumb\"},\"inLanguage\":\"en-US\",\"potentialAction\":[{\"@type\":\"ReadAction\",\"target\":[\"https:\/\/www.padreeustaquio.com.br\/uniao-de-cantores-forma-coral-especial-para-a-missa-solene-do-dia-30-de-agosto\/\"]}]},{\"@type\":\"ImageObject\",\"inLanguage\":\"en-US\",\"@id\":\"https:\/\/www.padreeustaquio.com.br\/uniao-de-cantores-forma-coral-especial-para-a-missa-solene-do-dia-30-de-agosto\/#primaryimage\",\"url\":\"https:\/\/www.padreeustaquio.com.br\/wp-content\/uploads\/2022\/08\/coral.png\",\"contentUrl\":\"https:\/\/www.padreeustaquio.com.br\/wp-content\/uploads\/2022\/08\/coral.png\",\"width\":843,\"height\":417},{\"@type\":\"BreadcrumbList\",\"@id\":\"https:\/\/www.padreeustaquio.com.br\/uniao-de-cantores-forma-coral-especial-para-a-missa-solene-do-dia-30-de-agosto\/#breadcrumb\",\"itemListElement\":[{\"@type\":\"ListItem\",\"position\":1,\"name\":\"In\u00edcio\",\"item\":\"https:\/\/www.padreeustaquio.com.br\/\"},{\"@type\":\"ListItem\",\"position\":2,\"name\":\"Uni\u00e3o de cantores forma Coral especial para a Missa Solene do dia 30 de agosto\"}]},{\"@type\":\"WebSite\",\"@id\":\"https:\/\/www.padreeustaquio.com.br\/#website\",\"url\":\"https:\/\/www.padreeustaquio.com.br\/\",\"name\":\"Padre Eust\u00e1quio\",\"description\":\"Sa\u00fade e Paz\",\"publisher\":{\"@id\":\"https:\/\/www.padreeustaquio.com.br\/#organization\"},\"potentialAction\":[{\"@type\":\"SearchAction\",\"target\":{\"@type\":\"EntryPoint\",\"urlTemplate\":\"https:\/\/www.padreeustaquio.com.br\/?s={search_term_string}\"},\"query-input\":{\"@type\":\"PropertyValueSpecification\",\"valueRequired\":true,\"valueName\":\"search_term_string\"}}],\"inLanguage\":\"en-US\"},{\"@type\":\"Organization\",\"@id\":\"https:\/\/www.padreeustaquio.com.br\/#organization\",\"name\":\"Padre Eust\u00e1quio\",\"url\":\"https:\/\/www.padreeustaquio.com.br\/\",\"logo\":{\"@type\":\"ImageObject\",\"inLanguage\":\"en-US\",\"@id\":\"https:\/\/www.padreeustaquio.com.br\/#\/schema\/logo\/image\/\",\"url\":\"https:\/\/www.padreeustaquio.com.br\/wp-content\/uploads\/2019\/08\/marca.png\",\"contentUrl\":\"https:\/\/www.padreeustaquio.com.br\/wp-content\/uploads\/2019\/08\/marca.png\",\"width\":350,\"height\":400,\"caption\":\"Padre Eust\u00e1quio\"},\"image\":{\"@id\":\"https:\/\/www.padreeustaquio.com.br\/#\/schema\/logo\/image\/\"},\"sameAs\":[\"https:\/\/www.facebook.com\/beatopadreeustaquio\/\",\"https:\/\/x.com\/beatopeustaquio\",\"https:\/\/www.instagram.com\/beatopadreeustaquio\/\",\"https:\/\/www.youtube.com\/channel\/UCRhw7vfabnajwLxb1ZXMeIw\"]},{\"@type\":\"Person\",\"@id\":\"https:\/\/www.padreeustaquio.com.br\/#\/schema\/person\/a2a51db1d00f1a7af0204a0f1ddb1566\",\"name\":\"@sscc\",\"image\":{\"@type\":\"ImageObject\",\"inLanguage\":\"en-US\",\"@id\":\"https:\/\/secure.gravatar.com\/avatar\/68cfafa5f44617fea54071e215026e0ff06be366c3d54a8425f04fdcb86f8c5f?s=96&d=mm&r=g\",\"url\":\"https:\/\/secure.gravatar.com\/avatar\/68cfafa5f44617fea54071e215026e0ff06be366c3d54a8425f04fdcb86f8c5f?s=96&d=mm&r=g\",\"contentUrl\":\"https:\/\/secure.gravatar.com\/avatar\/68cfafa5f44617fea54071e215026e0ff06be366c3d54a8425f04fdcb86f8c5f?s=96&d=mm&r=g\",\"caption\":\"@sscc\"},\"url\":\"https:\/\/www.padreeustaquio.com.br\/en\/author\/sscc\/\"}]}<\/script>\n<!-- \/ Yoast SEO plugin. -->","yoast_head_json":{"title":"A group of singers forms a special choir for the Solemn Mass on August 30th.","description":"Singers from various choirs at the Archdiocesan Sanctuary of Health and Peace, the Church of Father Eust\u00e1quio, will unite in a single choir. The initiative came from the volunteers themselves and aims to integrate all the singers in this celebration that is so special for all of us, devotees.","robots":{"index":"index","follow":"follow","max-snippet":"max-snippet:-1","max-image-preview":"max-image-preview:large","max-video-preview":"max-video-preview:-1"},"canonical":"https:\/\/www.padreeustaquio.com.br\/en\/union-of-singers-forms-special-choir-for-the-solemn-mass-on-august-30th\/","og_locale":"en_US","og_type":"article","og_title":"Uni\u00e3o de cantores forma Coral especial para a Missa Solene do dia 30 de agosto","og_description":"Cantores de diversos grupos de canto do Santu\u00e1rio Arquidiocesano da Sa\u00fade e da Paz, a Igreja do Padre Eust\u00e1quio, se unir\u00e3o em um s\u00f3 coral. A iniciativa partiu dos pr\u00f3prios volunt\u00e1rios e visa integrar todos os cantores nesta celebra\u00e7\u00e3o t\u00e3o especial para todos n\u00f3s, devotos.","og_url":"https:\/\/www.padreeustaquio.com.br\/en\/union-of-singers-forms-special-choir-for-the-solemn-mass-on-august-30th\/","og_site_name":"Padre Eust\u00e1quio","article_publisher":"https:\/\/www.facebook.com\/beatopadreeustaquio\/","article_published_time":"2022-08-28T09:08:00+00:00","og_image":[{"width":843,"height":417,"url":"https:\/\/www.padreeustaquio.com.br\/wp-content\/uploads\/2022\/08\/coral.png","type":"image\/png"}],"author":"@sscc","twitter_card":"summary_large_image","twitter_creator":"@beatopeustaquio","twitter_site":"@beatopeustaquio","twitter_misc":{"Written by":"@sscc","Est. reading time":"1 minute"},"schema":{"@context":"https:\/\/schema.org","@graph":[{"@type":"Article","@id":"https:\/\/www.padreeustaquio.com.br\/uniao-de-cantores-forma-coral-especial-para-a-missa-solene-do-dia-30-de-agosto\/#article","isPartOf":{"@id":"https:\/\/www.padreeustaquio.com.br\/uniao-de-cantores-forma-coral-especial-para-a-missa-solene-do-dia-30-de-agosto\/"},"author":{"name":"@sscc","@id":"https:\/\/www.padreeustaquio.com.br\/#\/schema\/person\/a2a51db1d00f1a7af0204a0f1ddb1566"},"headline":"Uni\u00e3o de cantores forma Coral especial para a Missa Solene do dia 30 de agosto","datePublished":"2022-08-28T09:08:00+00:00","mainEntityOfPage":{"@id":"https:\/\/www.padreeustaquio.com.br\/uniao-de-cantores-forma-coral-especial-para-a-missa-solene-do-dia-30-de-agosto\/"},"wordCount":238,"commentCount":0,"publisher":{"@id":"https:\/\/www.padreeustaquio.com.br\/#organization"},"image":{"@id":"https:\/\/www.padreeustaquio.com.br\/uniao-de-cantores-forma-coral-especial-para-a-missa-solene-do-dia-30-de-agosto\/#primaryimage"},"thumbnailUrl":"https:\/\/www.padreeustaquio.com.br\/wp-content\/uploads\/2022\/08\/coral.png","articleSection":["Not\u00edcias"],"inLanguage":"en-US","potentialAction":[{"@type":"CommentAction","name":"Comment","target":["https:\/\/www.padreeustaquio.com.br\/uniao-de-cantores-forma-coral-especial-para-a-missa-solene-do-dia-30-de-agosto\/#respond"]}]},{"@type":"WebPage","@id":"https:\/\/www.padreeustaquio.com.br\/uniao-de-cantores-forma-coral-especial-para-a-missa-solene-do-dia-30-de-agosto\/","url":"https:\/\/www.padreeustaquio.com.br\/uniao-de-cantores-forma-coral-especial-para-a-missa-solene-do-dia-30-de-agosto\/","name":"A group of singers forms a special choir for the Solemn Mass on August 30th.","isPartOf":{"@id":"https:\/\/www.padreeustaquio.com.br\/#website"},"primaryImageOfPage":{"@id":"https:\/\/www.padreeustaquio.com.br\/uniao-de-cantores-forma-coral-especial-para-a-missa-solene-do-dia-30-de-agosto\/#primaryimage"},"image":{"@id":"https:\/\/www.padreeustaquio.com.br\/uniao-de-cantores-forma-coral-especial-para-a-missa-solene-do-dia-30-de-agosto\/#primaryimage"},"thumbnailUrl":"https:\/\/www.padreeustaquio.com.br\/wp-content\/uploads\/2022\/08\/coral.png","datePublished":"2022-08-28T09:08:00+00:00","description":"Singers from various choirs at the Archdiocesan Sanctuary of Health and Peace, the Church of Father Eust\u00e1quio, will unite in a single choir. The initiative came from the volunteers themselves and aims to integrate all the singers in this celebration that is so special for all of us, devotees.","breadcrumb":{"@id":"https:\/\/www.padreeustaquio.com.br\/uniao-de-cantores-forma-coral-especial-para-a-missa-solene-do-dia-30-de-agosto\/#breadcrumb"},"inLanguage":"en-US","potentialAction":[{"@type":"ReadAction","target":["https:\/\/www.padreeustaquio.com.br\/uniao-de-cantores-forma-coral-especial-para-a-missa-solene-do-dia-30-de-agosto\/"]}]},{"@type":"ImageObject","inLanguage":"en-US","@id":"https:\/\/www.padreeustaquio.com.br\/uniao-de-cantores-forma-coral-especial-para-a-missa-solene-do-dia-30-de-agosto\/#primaryimage","url":"https:\/\/www.padreeustaquio.com.br\/wp-content\/uploads\/2022\/08\/coral.png","contentUrl":"https:\/\/www.padreeustaquio.com.br\/wp-content\/uploads\/2022\/08\/coral.png","width":843,"height":417},{"@type":"BreadcrumbList","@id":"https:\/\/www.padreeustaquio.com.br\/uniao-de-cantores-forma-coral-especial-para-a-missa-solene-do-dia-30-de-agosto\/#breadcrumb","itemListElement":[{"@type":"ListItem","position":1,"name":"In\u00edcio","item":"https:\/\/www.padreeustaquio.com.br\/"},{"@type":"ListItem","position":2,"name":"Uni\u00e3o de cantores forma Coral especial para a Missa Solene do dia 30 de agosto"}]},{"@type":"WebSite","@id":"https:\/\/www.padreeustaquio.com.br\/#website","url":"https:\/\/www.padreeustaquio.com.br\/","name":"FATHER EUST\u00c1QUIO","description":"Health and Peace","publisher":{"@id":"https:\/\/www.padreeustaquio.com.br\/#organization"},"potentialAction":[{"@type":"SearchAction","target":{"@type":"EntryPoint","urlTemplate":"https:\/\/www.padreeustaquio.com.br\/?s={search_term_string}"},"query-input":{"@type":"PropertyValueSpecification","valueRequired":true,"valueName":"search_term_string"}}],"inLanguage":"en-US"},{"@type":"Organization","@id":"https:\/\/www.padreeustaquio.com.br\/#organization","name":"FATHER EUST\u00c1QUIO","url":"https:\/\/www.padreeustaquio.com.br\/","logo":{"@type":"ImageObject","inLanguage":"en-US","@id":"https:\/\/www.padreeustaquio.com.br\/#\/schema\/logo\/image\/","url":"https:\/\/www.padreeustaquio.com.br\/wp-content\/uploads\/2019\/08\/marca.png","contentUrl":"https:\/\/www.padreeustaquio.com.br\/wp-content\/uploads\/2019\/08\/marca.png","width":350,"height":400,"caption":"Padre Eust\u00e1quio"},"image":{"@id":"https:\/\/www.padreeustaquio.com.br\/#\/schema\/logo\/image\/"},"sameAs":["https:\/\/www.facebook.com\/beatopadreeustaquio\/","https:\/\/x.com\/beatopeustaquio","https:\/\/www.instagram.com\/beatopadreeustaquio\/","https:\/\/www.youtube.com\/channel\/UCRhw7vfabnajwLxb1ZXMeIw"]},{"@type":"Person","@id":"https:\/\/www.padreeustaquio.com.br\/#\/schema\/person\/a2a51db1d00f1a7af0204a0f1ddb1566","name":"@sscc","image":{"@type":"ImageObject","inLanguage":"en-US","@id":"https:\/\/secure.gravatar.com\/avatar\/68cfafa5f44617fea54071e215026e0ff06be366c3d54a8425f04fdcb86f8c5f?s=96&d=mm&r=g","url":"https:\/\/secure.gravatar.com\/avatar\/68cfafa5f44617fea54071e215026e0ff06be366c3d54a8425f04fdcb86f8c5f?s=96&d=mm&r=g","contentUrl":"https:\/\/secure.gravatar.com\/avatar\/68cfafa5f44617fea54071e215026e0ff06be366c3d54a8425f04fdcb86f8c5f?s=96&d=mm&r=g","caption":"@sscc"},"url":"https:\/\/www.padreeustaquio.com.br\/en\/author\/sscc\/"}]}},"_links":{"self":[{"href":"https:\/\/www.padreeustaquio.com.br\/en\/wp-json\/wp\/v2\/posts\/9126","targetHints":{"allow":["GET"]}}],"collection":[{"href":"https:\/\/www.padreeustaquio.com.br\/en\/wp-json\/wp\/v2\/posts"}],"about":[{"href":"https:\/\/www.padreeustaquio.com.br\/en\/wp-json\/wp\/v2\/types\/post"}],"author":[{"embeddable":true,"href":"https:\/\/www.padreeustaquio.com.br\/en\/wp-json\/wp\/v2\/users\/2"}],"replies":[{"embeddable":true,"href":"https:\/\/www.padreeustaquio.com.br\/en\/wp-json\/wp\/v2\/comments?post=9126"}],"version-history":[{"count":0,"href":"https:\/\/www.padreeustaquio.com.br\/en\/wp-json\/wp\/v2\/posts\/9126\/revisions"}],"wp:featuredmedia":[{"embeddable":true,"href":"https:\/\/www.padreeustaquio.com.br\/en\/wp-json\/wp\/v2\/media\/9132"}],"wp:attachment":[{"href":"https:\/\/www.padreeustaquio.com.br\/en\/wp-json\/wp\/v2\/media?parent=9126"}],"wp:term":[{"taxonomy":"category","embeddable":true,"href":"https:\/\/www.padreeustaquio.com.br\/en\/wp-json\/wp\/v2\/categories?post=9126"},{"taxonomy":"post_tag","embeddable":true,"href":"https:\/\/www.padreeustaquio.com.br\/en\/wp-json\/wp\/v2\/tags?post=9126"}],"curies":[{"name":"wp","href":"https:\/\/api.w.org\/{rel}","templated":true}]}}