{"id":9025,"date":"2022-07-26T15:38:42","date_gmt":"2022-07-26T18:38:42","guid":{"rendered":"https:\/\/www.padreeustaquio.com.br\/?p=9025"},"modified":"2022-08-02T07:38:36","modified_gmt":"2022-08-02T10:38:36","slug":"porto-alegre-opens-exhibition-about-father-eustaquio","status":"publish","type":"post","link":"https:\/\/www.padreeustaquio.com.br\/en\/porto-alegre-opens-exhibition-about-father-eustaquio\/","title":{"rendered":"Po\u00e1 prepares exhibition about Father Eust\u00e1quio"},"content":{"rendered":"<p>In Po\u00e1, a metropolitan region of S\u00e3o Paulo, the Padre Eust\u00e1quio Museum and the city&#039;s Municipal Tourism Secretariat are preparing the exhibition &quot;Getting to Know Padre Eust\u00e1quio&quot;. The opening ceremony is scheduled for August 1st.<\/p>\n\n\n\n<p>The exhibition, which will tell a bit of the story of Blessed Father Eust\u00e1quio, will be set up by the Friends of the Father Eust\u00e1quio Museum team in the old Casa do Artes\u00e3o (Craftsman&#039;s House), located in Pra\u00e7a da B\u00edblia (Bible Square) in Po\u00e1, S\u00e3o Paulo. The program will run throughout August, the month in which the feast of Father Eust\u00e1quio is liturgically celebrated.<\/p>\n\n\n\n<p>The exhibition can be visited from Tuesday to Sunday, from 11 am to 7 pm. Admission is free. Visitors will be amazed by the objects and documents that tell the story of this model of holiness recognized by the Church.<\/p>\n\n\n\n<p><\/p>","protected":false},"excerpt":{"rendered":"<p>Em Po\u00e1, regi\u00e3o metropolitana de S\u00e3o Paulo, o Museu Padre Eust\u00e1quio e a Secretaria Municipal de Turismo da cidade preparam a exposi\u00e7\u00e3o &#8220;Conhecendo Padre Eust\u00e1quio&#8221;. A cerim\u00f4nia de abertura est\u00e1 marcada para o dia 1\u00ba de agosto. A mostra que contar\u00e1 um pouco da hist\u00f3ria do Beato Padre Eust\u00e1quio ser\u00e1 montada pela equipe dos Amigos do Museu Padre Eust\u00e1quio na antiga Casa do Artes\u00e3o, que fica na Pra\u00e7a da B\u00edblia em Po\u00e1-SP. A programa\u00e7\u00e3o seguir\u00e1 por todos os dias de agosto, m\u00eas em que se comemora liturgicamente a festa de Padre Eust\u00e1quio. A exposi\u00e7\u00e3o poder\u00e1 ser visitada sempre de ter\u00e7a [&hellip;]<\/p>\n","protected":false},"author":2,"featured_media":9027,"comment_status":"open","ping_status":"closed","sticky":false,"template":"","format":"standard","meta":{"_acf_changed":false,"footnotes":""},"categories":[611],"tags":[],"class_list":["post-9025","post","type-post","status-publish","format-standard","has-post-thumbnail","hentry","category-noticias"],"acf":[],"yoast_head":"<!-- This site is optimized with the Yoast SEO plugin v27.2 - https:\/\/yoast.com\/product\/yoast-seo-wordpress\/ -->\n<title>Po\u00e1 prepara exposi\u00e7\u00e3o sobre Padre Eust\u00e1quio<\/title>\n<meta name=\"description\" content=\"Ontem, em Po\u00e1, regi\u00e3o metropolitana de S\u00e3o Paulo, o Museu Padre Eust\u00e1quio e a Secretaria Municipal de Turismo da cidade abriram oficialmente a exposi\u00e7\u00e3o &quot;Conhecendo Padre Eust\u00e1quio&quot;. A cerim\u00f4nia de abertura foi \u00e0s 18h e contou com a participa\u00e7\u00e3o de devotos do Bem-Aveunturado.\" \/>\n<meta name=\"robots\" content=\"index, follow, max-snippet:-1, max-image-preview:large, max-video-preview:-1\" \/>\n<link rel=\"canonical\" href=\"https:\/\/www.padreeustaquio.com.br\/en\/porto-alegre-opens-exhibition-about-father-eustaquio\/\" \/>\n<meta property=\"og:locale\" content=\"en_US\" \/>\n<meta property=\"og:type\" content=\"article\" \/>\n<meta property=\"og:title\" content=\"Po\u00e1 prepara exposi\u00e7\u00e3o sobre Padre Eust\u00e1quio\" \/>\n<meta property=\"og:description\" content=\"Ontem, em Po\u00e1, regi\u00e3o metropolitana de S\u00e3o Paulo, o Museu Padre Eust\u00e1quio e a Secretaria Municipal de Turismo da cidade abriram oficialmente a exposi\u00e7\u00e3o &quot;Conhecendo Padre Eust\u00e1quio&quot;. A cerim\u00f4nia de abertura foi \u00e0s 18h e contou com a participa\u00e7\u00e3o de devotos do Bem-Aveunturado.\" \/>\n<meta property=\"og:url\" content=\"https:\/\/www.padreeustaquio.com.br\/en\/porto-alegre-opens-exhibition-about-father-eustaquio\/\" \/>\n<meta property=\"og:site_name\" content=\"Padre Eust\u00e1quio\" \/>\n<meta property=\"article:publisher\" content=\"https:\/\/www.facebook.com\/beatopadreeustaquio\/\" \/>\n<meta property=\"article:published_time\" content=\"2022-07-26T18:38:42+00:00\" \/>\n<meta property=\"article:modified_time\" content=\"2022-08-02T10:38:36+00:00\" \/>\n<meta property=\"og:image\" content=\"https:\/\/www.padreeustaquio.com.br\/wp-content\/uploads\/2022\/07\/praca-da-biblia.jpg\" \/>\n\t<meta property=\"og:image:width\" content=\"748\" \/>\n\t<meta property=\"og:image:height\" content=\"394\" \/>\n\t<meta property=\"og:image:type\" content=\"image\/jpeg\" \/>\n<meta name=\"author\" content=\"@sscc\" \/>\n<meta name=\"twitter:card\" content=\"summary_large_image\" \/>\n<meta name=\"twitter:creator\" content=\"@beatopeustaquio\" \/>\n<meta name=\"twitter:site\" content=\"@beatopeustaquio\" \/>\n<meta name=\"twitter:label1\" content=\"Written by\" \/>\n\t<meta name=\"twitter:data1\" content=\"@sscc\" \/>\n\t<meta name=\"twitter:label2\" content=\"Est. reading time\" \/>\n\t<meta name=\"twitter:data2\" content=\"1 minute\" \/>\n<script type=\"application\/ld+json\" class=\"yoast-schema-graph\">{\"@context\":\"https:\/\/schema.org\",\"@graph\":[{\"@type\":\"Article\",\"@id\":\"https:\/\/www.padreeustaquio.com.br\/poa-abre-exposicao-sobre-padre-eustaquio\/#article\",\"isPartOf\":{\"@id\":\"https:\/\/www.padreeustaquio.com.br\/poa-abre-exposicao-sobre-padre-eustaquio\/\"},\"author\":{\"name\":\"@sscc\",\"@id\":\"https:\/\/www.padreeustaquio.com.br\/#\/schema\/person\/a2a51db1d00f1a7af0204a0f1ddb1566\"},\"headline\":\"Po\u00e1 prepara exposi\u00e7\u00e3o sobre Padre Eust\u00e1quio\",\"datePublished\":\"2022-07-26T18:38:42+00:00\",\"dateModified\":\"2022-08-02T10:38:36+00:00\",\"mainEntityOfPage\":{\"@id\":\"https:\/\/www.padreeustaquio.com.br\/poa-abre-exposicao-sobre-padre-eustaquio\/\"},\"wordCount\":158,\"commentCount\":0,\"publisher\":{\"@id\":\"https:\/\/www.padreeustaquio.com.br\/#organization\"},\"image\":{\"@id\":\"https:\/\/www.padreeustaquio.com.br\/poa-abre-exposicao-sobre-padre-eustaquio\/#primaryimage\"},\"thumbnailUrl\":\"https:\/\/www.padreeustaquio.com.br\/wp-content\/uploads\/2022\/07\/praca-da-biblia.jpg\",\"articleSection\":[\"Not\u00edcias\"],\"inLanguage\":\"en-US\",\"potentialAction\":[{\"@type\":\"CommentAction\",\"name\":\"Comment\",\"target\":[\"https:\/\/www.padreeustaquio.com.br\/poa-abre-exposicao-sobre-padre-eustaquio\/#respond\"]}]},{\"@type\":\"WebPage\",\"@id\":\"https:\/\/www.padreeustaquio.com.br\/poa-abre-exposicao-sobre-padre-eustaquio\/\",\"url\":\"https:\/\/www.padreeustaquio.com.br\/poa-abre-exposicao-sobre-padre-eustaquio\/\",\"name\":\"Po\u00e1 prepara exposi\u00e7\u00e3o sobre Padre Eust\u00e1quio\",\"isPartOf\":{\"@id\":\"https:\/\/www.padreeustaquio.com.br\/#website\"},\"primaryImageOfPage\":{\"@id\":\"https:\/\/www.padreeustaquio.com.br\/poa-abre-exposicao-sobre-padre-eustaquio\/#primaryimage\"},\"image\":{\"@id\":\"https:\/\/www.padreeustaquio.com.br\/poa-abre-exposicao-sobre-padre-eustaquio\/#primaryimage\"},\"thumbnailUrl\":\"https:\/\/www.padreeustaquio.com.br\/wp-content\/uploads\/2022\/07\/praca-da-biblia.jpg\",\"datePublished\":\"2022-07-26T18:38:42+00:00\",\"dateModified\":\"2022-08-02T10:38:36+00:00\",\"description\":\"Ontem, em Po\u00e1, regi\u00e3o metropolitana de S\u00e3o Paulo, o Museu Padre Eust\u00e1quio e a Secretaria Municipal de Turismo da cidade abriram oficialmente a exposi\u00e7\u00e3o \\\"Conhecendo Padre Eust\u00e1quio\\\". A cerim\u00f4nia de abertura foi \u00e0s 18h e contou com a participa\u00e7\u00e3o de devotos do Bem-Aveunturado.\",\"breadcrumb\":{\"@id\":\"https:\/\/www.padreeustaquio.com.br\/poa-abre-exposicao-sobre-padre-eustaquio\/#breadcrumb\"},\"inLanguage\":\"en-US\",\"potentialAction\":[{\"@type\":\"ReadAction\",\"target\":[\"https:\/\/www.padreeustaquio.com.br\/poa-abre-exposicao-sobre-padre-eustaquio\/\"]}]},{\"@type\":\"ImageObject\",\"inLanguage\":\"en-US\",\"@id\":\"https:\/\/www.padreeustaquio.com.br\/poa-abre-exposicao-sobre-padre-eustaquio\/#primaryimage\",\"url\":\"https:\/\/www.padreeustaquio.com.br\/wp-content\/uploads\/2022\/07\/praca-da-biblia.jpg\",\"contentUrl\":\"https:\/\/www.padreeustaquio.com.br\/wp-content\/uploads\/2022\/07\/praca-da-biblia.jpg\",\"width\":748,\"height\":394,\"caption\":\"Foto: Google Street View\"},{\"@type\":\"BreadcrumbList\",\"@id\":\"https:\/\/www.padreeustaquio.com.br\/poa-abre-exposicao-sobre-padre-eustaquio\/#breadcrumb\",\"itemListElement\":[{\"@type\":\"ListItem\",\"position\":1,\"name\":\"In\u00edcio\",\"item\":\"https:\/\/www.padreeustaquio.com.br\/\"},{\"@type\":\"ListItem\",\"position\":2,\"name\":\"Po\u00e1 prepara exposi\u00e7\u00e3o sobre Padre Eust\u00e1quio\"}]},{\"@type\":\"WebSite\",\"@id\":\"https:\/\/www.padreeustaquio.com.br\/#website\",\"url\":\"https:\/\/www.padreeustaquio.com.br\/\",\"name\":\"Padre Eust\u00e1quio\",\"description\":\"Sa\u00fade e Paz\",\"publisher\":{\"@id\":\"https:\/\/www.padreeustaquio.com.br\/#organization\"},\"potentialAction\":[{\"@type\":\"SearchAction\",\"target\":{\"@type\":\"EntryPoint\",\"urlTemplate\":\"https:\/\/www.padreeustaquio.com.br\/?s={search_term_string}\"},\"query-input\":{\"@type\":\"PropertyValueSpecification\",\"valueRequired\":true,\"valueName\":\"search_term_string\"}}],\"inLanguage\":\"en-US\"},{\"@type\":\"Organization\",\"@id\":\"https:\/\/www.padreeustaquio.com.br\/#organization\",\"name\":\"Padre Eust\u00e1quio\",\"url\":\"https:\/\/www.padreeustaquio.com.br\/\",\"logo\":{\"@type\":\"ImageObject\",\"inLanguage\":\"en-US\",\"@id\":\"https:\/\/www.padreeustaquio.com.br\/#\/schema\/logo\/image\/\",\"url\":\"https:\/\/www.padreeustaquio.com.br\/wp-content\/uploads\/2019\/08\/marca.png\",\"contentUrl\":\"https:\/\/www.padreeustaquio.com.br\/wp-content\/uploads\/2019\/08\/marca.png\",\"width\":350,\"height\":400,\"caption\":\"Padre Eust\u00e1quio\"},\"image\":{\"@id\":\"https:\/\/www.padreeustaquio.com.br\/#\/schema\/logo\/image\/\"},\"sameAs\":[\"https:\/\/www.facebook.com\/beatopadreeustaquio\/\",\"https:\/\/x.com\/beatopeustaquio\",\"https:\/\/www.instagram.com\/beatopadreeustaquio\/\",\"https:\/\/www.youtube.com\/channel\/UCRhw7vfabnajwLxb1ZXMeIw\"]},{\"@type\":\"Person\",\"@id\":\"https:\/\/www.padreeustaquio.com.br\/#\/schema\/person\/a2a51db1d00f1a7af0204a0f1ddb1566\",\"name\":\"@sscc\",\"image\":{\"@type\":\"ImageObject\",\"inLanguage\":\"en-US\",\"@id\":\"https:\/\/secure.gravatar.com\/avatar\/68cfafa5f44617fea54071e215026e0ff06be366c3d54a8425f04fdcb86f8c5f?s=96&d=mm&r=g\",\"url\":\"https:\/\/secure.gravatar.com\/avatar\/68cfafa5f44617fea54071e215026e0ff06be366c3d54a8425f04fdcb86f8c5f?s=96&d=mm&r=g\",\"contentUrl\":\"https:\/\/secure.gravatar.com\/avatar\/68cfafa5f44617fea54071e215026e0ff06be366c3d54a8425f04fdcb86f8c5f?s=96&d=mm&r=g\",\"caption\":\"@sscc\"},\"url\":\"https:\/\/www.padreeustaquio.com.br\/en\/author\/sscc\/\"}]}<\/script>\n<!-- \/ Yoast SEO plugin. -->","yoast_head_json":{"title":"Po\u00e1 prepares exhibition about Father Eust\u00e1quio","description":"Yesterday, in Po\u00e1, a metropolitan region of S\u00e3o Paulo, the Padre Eust\u00e1quio Museum and the city&#039;s Municipal Tourism Secretariat officially opened the exhibition &quot;Getting to Know Padre Eust\u00e1quio&quot;. The opening ceremony took place at 6 pm and was attended by devotees of the Blessed One.","robots":{"index":"index","follow":"follow","max-snippet":"max-snippet:-1","max-image-preview":"max-image-preview:large","max-video-preview":"max-video-preview:-1"},"canonical":"https:\/\/www.padreeustaquio.com.br\/en\/porto-alegre-opens-exhibition-about-father-eustaquio\/","og_locale":"en_US","og_type":"article","og_title":"Po\u00e1 prepara exposi\u00e7\u00e3o sobre Padre Eust\u00e1quio","og_description":"Ontem, em Po\u00e1, regi\u00e3o metropolitana de S\u00e3o Paulo, o Museu Padre Eust\u00e1quio e a Secretaria Municipal de Turismo da cidade abriram oficialmente a exposi\u00e7\u00e3o \"Conhecendo Padre Eust\u00e1quio\". A cerim\u00f4nia de abertura foi \u00e0s 18h e contou com a participa\u00e7\u00e3o de devotos do Bem-Aveunturado.","og_url":"https:\/\/www.padreeustaquio.com.br\/en\/porto-alegre-opens-exhibition-about-father-eustaquio\/","og_site_name":"Padre Eust\u00e1quio","article_publisher":"https:\/\/www.facebook.com\/beatopadreeustaquio\/","article_published_time":"2022-07-26T18:38:42+00:00","article_modified_time":"2022-08-02T10:38:36+00:00","og_image":[{"width":748,"height":394,"url":"https:\/\/www.padreeustaquio.com.br\/wp-content\/uploads\/2022\/07\/praca-da-biblia.jpg","type":"image\/jpeg"}],"author":"@sscc","twitter_card":"summary_large_image","twitter_creator":"@beatopeustaquio","twitter_site":"@beatopeustaquio","twitter_misc":{"Written by":"@sscc","Est. reading time":"1 minute"},"schema":{"@context":"https:\/\/schema.org","@graph":[{"@type":"Article","@id":"https:\/\/www.padreeustaquio.com.br\/poa-abre-exposicao-sobre-padre-eustaquio\/#article","isPartOf":{"@id":"https:\/\/www.padreeustaquio.com.br\/poa-abre-exposicao-sobre-padre-eustaquio\/"},"author":{"name":"@sscc","@id":"https:\/\/www.padreeustaquio.com.br\/#\/schema\/person\/a2a51db1d00f1a7af0204a0f1ddb1566"},"headline":"Po\u00e1 prepara exposi\u00e7\u00e3o sobre Padre Eust\u00e1quio","datePublished":"2022-07-26T18:38:42+00:00","dateModified":"2022-08-02T10:38:36+00:00","mainEntityOfPage":{"@id":"https:\/\/www.padreeustaquio.com.br\/poa-abre-exposicao-sobre-padre-eustaquio\/"},"wordCount":158,"commentCount":0,"publisher":{"@id":"https:\/\/www.padreeustaquio.com.br\/#organization"},"image":{"@id":"https:\/\/www.padreeustaquio.com.br\/poa-abre-exposicao-sobre-padre-eustaquio\/#primaryimage"},"thumbnailUrl":"https:\/\/www.padreeustaquio.com.br\/wp-content\/uploads\/2022\/07\/praca-da-biblia.jpg","articleSection":["Not\u00edcias"],"inLanguage":"en-US","potentialAction":[{"@type":"CommentAction","name":"Comment","target":["https:\/\/www.padreeustaquio.com.br\/poa-abre-exposicao-sobre-padre-eustaquio\/#respond"]}]},{"@type":"WebPage","@id":"https:\/\/www.padreeustaquio.com.br\/poa-abre-exposicao-sobre-padre-eustaquio\/","url":"https:\/\/www.padreeustaquio.com.br\/poa-abre-exposicao-sobre-padre-eustaquio\/","name":"Po\u00e1 prepares exhibition about Father Eust\u00e1quio","isPartOf":{"@id":"https:\/\/www.padreeustaquio.com.br\/#website"},"primaryImageOfPage":{"@id":"https:\/\/www.padreeustaquio.com.br\/poa-abre-exposicao-sobre-padre-eustaquio\/#primaryimage"},"image":{"@id":"https:\/\/www.padreeustaquio.com.br\/poa-abre-exposicao-sobre-padre-eustaquio\/#primaryimage"},"thumbnailUrl":"https:\/\/www.padreeustaquio.com.br\/wp-content\/uploads\/2022\/07\/praca-da-biblia.jpg","datePublished":"2022-07-26T18:38:42+00:00","dateModified":"2022-08-02T10:38:36+00:00","description":"Yesterday, in Po\u00e1, a metropolitan region of S\u00e3o Paulo, the Padre Eust\u00e1quio Museum and the city&#039;s Municipal Tourism Secretariat officially opened the exhibition &quot;Getting to Know Padre Eust\u00e1quio&quot;. The opening ceremony took place at 6 pm and was attended by devotees of the Blessed One.","breadcrumb":{"@id":"https:\/\/www.padreeustaquio.com.br\/poa-abre-exposicao-sobre-padre-eustaquio\/#breadcrumb"},"inLanguage":"en-US","potentialAction":[{"@type":"ReadAction","target":["https:\/\/www.padreeustaquio.com.br\/poa-abre-exposicao-sobre-padre-eustaquio\/"]}]},{"@type":"ImageObject","inLanguage":"en-US","@id":"https:\/\/www.padreeustaquio.com.br\/poa-abre-exposicao-sobre-padre-eustaquio\/#primaryimage","url":"https:\/\/www.padreeustaquio.com.br\/wp-content\/uploads\/2022\/07\/praca-da-biblia.jpg","contentUrl":"https:\/\/www.padreeustaquio.com.br\/wp-content\/uploads\/2022\/07\/praca-da-biblia.jpg","width":748,"height":394,"caption":"Foto: Google Street View"},{"@type":"BreadcrumbList","@id":"https:\/\/www.padreeustaquio.com.br\/poa-abre-exposicao-sobre-padre-eustaquio\/#breadcrumb","itemListElement":[{"@type":"ListItem","position":1,"name":"In\u00edcio","item":"https:\/\/www.padreeustaquio.com.br\/"},{"@type":"ListItem","position":2,"name":"Po\u00e1 prepara exposi\u00e7\u00e3o sobre Padre Eust\u00e1quio"}]},{"@type":"WebSite","@id":"https:\/\/www.padreeustaquio.com.br\/#website","url":"https:\/\/www.padreeustaquio.com.br\/","name":"FATHER EUST\u00c1QUIO","description":"Health and Peace","publisher":{"@id":"https:\/\/www.padreeustaquio.com.br\/#organization"},"potentialAction":[{"@type":"SearchAction","target":{"@type":"EntryPoint","urlTemplate":"https:\/\/www.padreeustaquio.com.br\/?s={search_term_string}"},"query-input":{"@type":"PropertyValueSpecification","valueRequired":true,"valueName":"search_term_string"}}],"inLanguage":"en-US"},{"@type":"Organization","@id":"https:\/\/www.padreeustaquio.com.br\/#organization","name":"FATHER EUST\u00c1QUIO","url":"https:\/\/www.padreeustaquio.com.br\/","logo":{"@type":"ImageObject","inLanguage":"en-US","@id":"https:\/\/www.padreeustaquio.com.br\/#\/schema\/logo\/image\/","url":"https:\/\/www.padreeustaquio.com.br\/wp-content\/uploads\/2019\/08\/marca.png","contentUrl":"https:\/\/www.padreeustaquio.com.br\/wp-content\/uploads\/2019\/08\/marca.png","width":350,"height":400,"caption":"Padre Eust\u00e1quio"},"image":{"@id":"https:\/\/www.padreeustaquio.com.br\/#\/schema\/logo\/image\/"},"sameAs":["https:\/\/www.facebook.com\/beatopadreeustaquio\/","https:\/\/x.com\/beatopeustaquio","https:\/\/www.instagram.com\/beatopadreeustaquio\/","https:\/\/www.youtube.com\/channel\/UCRhw7vfabnajwLxb1ZXMeIw"]},{"@type":"Person","@id":"https:\/\/www.padreeustaquio.com.br\/#\/schema\/person\/a2a51db1d00f1a7af0204a0f1ddb1566","name":"@sscc","image":{"@type":"ImageObject","inLanguage":"en-US","@id":"https:\/\/secure.gravatar.com\/avatar\/68cfafa5f44617fea54071e215026e0ff06be366c3d54a8425f04fdcb86f8c5f?s=96&d=mm&r=g","url":"https:\/\/secure.gravatar.com\/avatar\/68cfafa5f44617fea54071e215026e0ff06be366c3d54a8425f04fdcb86f8c5f?s=96&d=mm&r=g","contentUrl":"https:\/\/secure.gravatar.com\/avatar\/68cfafa5f44617fea54071e215026e0ff06be366c3d54a8425f04fdcb86f8c5f?s=96&d=mm&r=g","caption":"@sscc"},"url":"https:\/\/www.padreeustaquio.com.br\/en\/author\/sscc\/"}]}},"_links":{"self":[{"href":"https:\/\/www.padreeustaquio.com.br\/en\/wp-json\/wp\/v2\/posts\/9025","targetHints":{"allow":["GET"]}}],"collection":[{"href":"https:\/\/www.padreeustaquio.com.br\/en\/wp-json\/wp\/v2\/posts"}],"about":[{"href":"https:\/\/www.padreeustaquio.com.br\/en\/wp-json\/wp\/v2\/types\/post"}],"author":[{"embeddable":true,"href":"https:\/\/www.padreeustaquio.com.br\/en\/wp-json\/wp\/v2\/users\/2"}],"replies":[{"embeddable":true,"href":"https:\/\/www.padreeustaquio.com.br\/en\/wp-json\/wp\/v2\/comments?post=9025"}],"version-history":[{"count":0,"href":"https:\/\/www.padreeustaquio.com.br\/en\/wp-json\/wp\/v2\/posts\/9025\/revisions"}],"wp:featuredmedia":[{"embeddable":true,"href":"https:\/\/www.padreeustaquio.com.br\/en\/wp-json\/wp\/v2\/media\/9027"}],"wp:attachment":[{"href":"https:\/\/www.padreeustaquio.com.br\/en\/wp-json\/wp\/v2\/media?parent=9025"}],"wp:term":[{"taxonomy":"category","embeddable":true,"href":"https:\/\/www.padreeustaquio.com.br\/en\/wp-json\/wp\/v2\/categories?post=9025"},{"taxonomy":"post_tag","embeddable":true,"href":"https:\/\/www.padreeustaquio.com.br\/en\/wp-json\/wp\/v2\/tags?post=9025"}],"curies":[{"name":"wp","href":"https:\/\/api.w.org\/{rel}","templated":true}]}}