{"id":9013,"date":"2022-07-22T06:32:00","date_gmt":"2022-07-22T09:32:00","guid":{"rendered":"https:\/\/www.padreeustaquio.com.br\/?p=9013"},"modified":"2022-07-21T14:46:16","modified_gmt":"2022-07-21T17:46:16","slug":"the-entrance-doors-to-the-health-and-peace-sanctuary-are-dedicated-to-several-saints","status":"publish","type":"post","link":"https:\/\/www.padreeustaquio.com.br\/en\/the-entrance-doors-to-the-health-and-peace-sanctuary-are-dedicated-to-several-saints\/","title":{"rendered":"The entrance doors to the Health and Peace Sanctuary are dedicated to several Saints."},"content":{"rendered":"<p>Did you know that the side doors of the Archdiocesan Sanctuary of Health and Peace are dedicated to some Saints? We&#039;ve already mentioned here on the site that the doors of the main entrance to the church are dedicated to the Holy Trinity (<a href=\"https:\/\/www.padreeustaquio.com.br\/en\/sanctuary-of-health-and-peace-a-place-full-of-meaning-for-our-faith\/\">read here<\/a>Now let&#039;s talk about the entrances to the side aisles of the temple.<\/p>\n\n\n\n<p>The naming of the doors was already planned in the initial design of the church and has a very important meaning: Naming the entrances to the Sanctuary after saints represents access to God through their intercessors.<\/p>\n\n\n\n<p>At the entrance to the Padre Eust\u00e1quio Memorial, which provides access to the right nave of the church, the saint honored is Saint Anthony, patron saint of the humble. Meanwhile, at the entrance to the left nave, where the altar of Saint Joseph is located, the saint honored is Saint Rita of Cascia, patron saint of impossible causes.<\/p>\n\n\n\n<p><strong>Read the excerpt from the document that discusses the names of the doors:<\/strong><\/p>\n\n\n\n<p><em>\u201cIn the rear section, the sacristy, conference room, meeting room, and office, are the Priests, noble servants of the King and Lord, where the faithful subjects usually come to attend to their spiritual affairs, the only true ones, after entering through one of the side doors \u2013 that of Saint Rita and Saint Therese, on the Gospel side, and those of Saint Anthony and Saint Dominic, on the Epistle side, which represents, not in number, but in meaning, access through the intercessory Saints.\u201d<\/em><\/p>\n\n\n\n<p>The original document mentions two doors in each nave of the church; therefore, the Door of Saint Rita is also known as the Door of Saint Therese, and the Door of Saint Anthony can also be called the Door of Saint Dominic.<\/p>\n\n\n\n<p><\/p>","protected":false},"excerpt":{"rendered":"<p>Voc\u00ea sabia que as portas laterais do Santu\u00e1rio Arquidiocesano da Sa\u00fade e da Paz s\u00e3o dedicadas a alguns Santos? J\u00e1 contamos aqui no site que as portas da entrada principal da igreja s\u00e3o dedicadas \u00e0 Sant\u00edssima Trindade (leia aqui), agora vamos falar sobre as entradas das naves laterais do templo. A nomea\u00e7\u00e3o das portas j\u00e1 estava prevista no projeto inicial da igreja e tem um significado muito importante: Dar o nome de santos \u00e0s entradas do Santu\u00e1rio representa o acesso \u00e0 Deus por meio dos seus intercessores. Na entrada do Memorial Padre Eust\u00e1quio, que d\u00e1 acesso a nave direita da [&hellip;]<\/p>\n","protected":false},"author":2,"featured_media":9014,"comment_status":"open","ping_status":"closed","sticky":false,"template":"","format":"standard","meta":{"_acf_changed":false,"footnotes":""},"categories":[611],"tags":[],"class_list":["post-9013","post","type-post","status-publish","format-standard","has-post-thumbnail","hentry","category-noticias"],"acf":[],"yoast_head":"<!-- This site is optimized with the Yoast SEO plugin v27.2 - https:\/\/yoast.com\/product\/yoast-seo-wordpress\/ -->\n<title>Portas de acesso ao Santu\u00e1rio Sa\u00fade e Paz s\u00e3o dedicadas a alguns Santos<\/title>\n<meta name=\"description\" content=\"Voc\u00ea sabia que as portas laterais do Santu\u00e1rio Arquidiocesano da Sa\u00fade e da Paz s\u00e3o dedicadas a alguns Santos? J\u00e1 contamos aqui no site que as portas da entrada principal da igreja s\u00e3o dedicadas \u00e0 Sant\u00edssima Trindade (leia aqui), agora vamos falar sobre as entradas das naves laterais do templo.\" \/>\n<meta name=\"robots\" content=\"index, follow, max-snippet:-1, max-image-preview:large, max-video-preview:-1\" \/>\n<link rel=\"canonical\" href=\"https:\/\/www.padreeustaquio.com.br\/en\/the-entrance-doors-to-the-health-and-peace-sanctuary-are-dedicated-to-several-saints\/\" \/>\n<meta property=\"og:locale\" content=\"en_US\" \/>\n<meta property=\"og:type\" content=\"article\" \/>\n<meta property=\"og:title\" content=\"Portas de acesso ao Santu\u00e1rio Sa\u00fade e Paz s\u00e3o dedicadas a alguns Santos\" \/>\n<meta property=\"og:description\" content=\"Voc\u00ea sabia que as portas laterais do Santu\u00e1rio Arquidiocesano da Sa\u00fade e da Paz s\u00e3o dedicadas a alguns Santos? J\u00e1 contamos aqui no site que as portas da entrada principal da igreja s\u00e3o dedicadas \u00e0 Sant\u00edssima Trindade (leia aqui), agora vamos falar sobre as entradas das naves laterais do templo.\" \/>\n<meta property=\"og:url\" content=\"https:\/\/www.padreeustaquio.com.br\/en\/the-entrance-doors-to-the-health-and-peace-sanctuary-are-dedicated-to-several-saints\/\" \/>\n<meta property=\"og:site_name\" content=\"Padre Eust\u00e1quio\" \/>\n<meta property=\"article:publisher\" content=\"https:\/\/www.facebook.com\/beatopadreeustaquio\/\" \/>\n<meta property=\"article:published_time\" content=\"2022-07-22T09:32:00+00:00\" \/>\n<meta property=\"og:image\" content=\"https:\/\/www.padreeustaquio.com.br\/wp-content\/uploads\/2022\/07\/portas-igreja.jpg\" \/>\n\t<meta property=\"og:image:width\" content=\"748\" \/>\n\t<meta property=\"og:image:height\" content=\"394\" \/>\n\t<meta property=\"og:image:type\" content=\"image\/jpeg\" \/>\n<meta name=\"author\" content=\"@sscc\" \/>\n<meta name=\"twitter:card\" content=\"summary_large_image\" \/>\n<meta name=\"twitter:creator\" content=\"@beatopeustaquio\" \/>\n<meta name=\"twitter:site\" content=\"@beatopeustaquio\" \/>\n<meta name=\"twitter:label1\" content=\"Written by\" \/>\n\t<meta name=\"twitter:data1\" content=\"@sscc\" \/>\n\t<meta name=\"twitter:label2\" content=\"Est. reading time\" \/>\n\t<meta name=\"twitter:data2\" content=\"2 minutes\" \/>\n<script type=\"application\/ld+json\" class=\"yoast-schema-graph\">{\"@context\":\"https:\/\/schema.org\",\"@graph\":[{\"@type\":\"Article\",\"@id\":\"https:\/\/www.padreeustaquio.com.br\/portas-de-acesso-ao-santuario-saude-e-paz-sao-dedicadas-a-alguns-santos\/#article\",\"isPartOf\":{\"@id\":\"https:\/\/www.padreeustaquio.com.br\/portas-de-acesso-ao-santuario-saude-e-paz-sao-dedicadas-a-alguns-santos\/\"},\"author\":{\"name\":\"@sscc\",\"@id\":\"https:\/\/www.padreeustaquio.com.br\/#\/schema\/person\/a2a51db1d00f1a7af0204a0f1ddb1566\"},\"headline\":\"Portas de acesso ao Santu\u00e1rio Sa\u00fade e Paz s\u00e3o dedicadas a alguns Santos\",\"datePublished\":\"2022-07-22T09:32:00+00:00\",\"mainEntityOfPage\":{\"@id\":\"https:\/\/www.padreeustaquio.com.br\/portas-de-acesso-ao-santuario-saude-e-paz-sao-dedicadas-a-alguns-santos\/\"},\"wordCount\":311,\"commentCount\":0,\"publisher\":{\"@id\":\"https:\/\/www.padreeustaquio.com.br\/#organization\"},\"image\":{\"@id\":\"https:\/\/www.padreeustaquio.com.br\/portas-de-acesso-ao-santuario-saude-e-paz-sao-dedicadas-a-alguns-santos\/#primaryimage\"},\"thumbnailUrl\":\"https:\/\/www.padreeustaquio.com.br\/wp-content\/uploads\/2022\/07\/portas-igreja.jpg\",\"articleSection\":[\"Not\u00edcias\"],\"inLanguage\":\"en-US\",\"potentialAction\":[{\"@type\":\"CommentAction\",\"name\":\"Comment\",\"target\":[\"https:\/\/www.padreeustaquio.com.br\/portas-de-acesso-ao-santuario-saude-e-paz-sao-dedicadas-a-alguns-santos\/#respond\"]}]},{\"@type\":\"WebPage\",\"@id\":\"https:\/\/www.padreeustaquio.com.br\/portas-de-acesso-ao-santuario-saude-e-paz-sao-dedicadas-a-alguns-santos\/\",\"url\":\"https:\/\/www.padreeustaquio.com.br\/portas-de-acesso-ao-santuario-saude-e-paz-sao-dedicadas-a-alguns-santos\/\",\"name\":\"Portas de acesso ao Santu\u00e1rio Sa\u00fade e Paz s\u00e3o dedicadas a alguns Santos\",\"isPartOf\":{\"@id\":\"https:\/\/www.padreeustaquio.com.br\/#website\"},\"primaryImageOfPage\":{\"@id\":\"https:\/\/www.padreeustaquio.com.br\/portas-de-acesso-ao-santuario-saude-e-paz-sao-dedicadas-a-alguns-santos\/#primaryimage\"},\"image\":{\"@id\":\"https:\/\/www.padreeustaquio.com.br\/portas-de-acesso-ao-santuario-saude-e-paz-sao-dedicadas-a-alguns-santos\/#primaryimage\"},\"thumbnailUrl\":\"https:\/\/www.padreeustaquio.com.br\/wp-content\/uploads\/2022\/07\/portas-igreja.jpg\",\"datePublished\":\"2022-07-22T09:32:00+00:00\",\"description\":\"Voc\u00ea sabia que as portas laterais do Santu\u00e1rio Arquidiocesano da Sa\u00fade e da Paz s\u00e3o dedicadas a alguns Santos? J\u00e1 contamos aqui no site que as portas da entrada principal da igreja s\u00e3o dedicadas \u00e0 Sant\u00edssima Trindade (leia aqui), agora vamos falar sobre as entradas das naves laterais do templo.\",\"breadcrumb\":{\"@id\":\"https:\/\/www.padreeustaquio.com.br\/portas-de-acesso-ao-santuario-saude-e-paz-sao-dedicadas-a-alguns-santos\/#breadcrumb\"},\"inLanguage\":\"en-US\",\"potentialAction\":[{\"@type\":\"ReadAction\",\"target\":[\"https:\/\/www.padreeustaquio.com.br\/portas-de-acesso-ao-santuario-saude-e-paz-sao-dedicadas-a-alguns-santos\/\"]}]},{\"@type\":\"ImageObject\",\"inLanguage\":\"en-US\",\"@id\":\"https:\/\/www.padreeustaquio.com.br\/portas-de-acesso-ao-santuario-saude-e-paz-sao-dedicadas-a-alguns-santos\/#primaryimage\",\"url\":\"https:\/\/www.padreeustaquio.com.br\/wp-content\/uploads\/2022\/07\/portas-igreja.jpg\",\"contentUrl\":\"https:\/\/www.padreeustaquio.com.br\/wp-content\/uploads\/2022\/07\/portas-igreja.jpg\",\"width\":748,\"height\":394,\"caption\":\"Porta de Santo Ant\u00f4nio e de S\u00e3o Domingos, na nave lateral direita do Santu\u00e1rio.\"},{\"@type\":\"BreadcrumbList\",\"@id\":\"https:\/\/www.padreeustaquio.com.br\/portas-de-acesso-ao-santuario-saude-e-paz-sao-dedicadas-a-alguns-santos\/#breadcrumb\",\"itemListElement\":[{\"@type\":\"ListItem\",\"position\":1,\"name\":\"In\u00edcio\",\"item\":\"https:\/\/www.padreeustaquio.com.br\/\"},{\"@type\":\"ListItem\",\"position\":2,\"name\":\"Portas de acesso ao Santu\u00e1rio Sa\u00fade e Paz s\u00e3o dedicadas a alguns Santos\"}]},{\"@type\":\"WebSite\",\"@id\":\"https:\/\/www.padreeustaquio.com.br\/#website\",\"url\":\"https:\/\/www.padreeustaquio.com.br\/\",\"name\":\"Padre Eust\u00e1quio\",\"description\":\"Sa\u00fade e Paz\",\"publisher\":{\"@id\":\"https:\/\/www.padreeustaquio.com.br\/#organization\"},\"potentialAction\":[{\"@type\":\"SearchAction\",\"target\":{\"@type\":\"EntryPoint\",\"urlTemplate\":\"https:\/\/www.padreeustaquio.com.br\/?s={search_term_string}\"},\"query-input\":{\"@type\":\"PropertyValueSpecification\",\"valueRequired\":true,\"valueName\":\"search_term_string\"}}],\"inLanguage\":\"en-US\"},{\"@type\":\"Organization\",\"@id\":\"https:\/\/www.padreeustaquio.com.br\/#organization\",\"name\":\"Padre Eust\u00e1quio\",\"url\":\"https:\/\/www.padreeustaquio.com.br\/\",\"logo\":{\"@type\":\"ImageObject\",\"inLanguage\":\"en-US\",\"@id\":\"https:\/\/www.padreeustaquio.com.br\/#\/schema\/logo\/image\/\",\"url\":\"https:\/\/www.padreeustaquio.com.br\/wp-content\/uploads\/2019\/08\/marca.png\",\"contentUrl\":\"https:\/\/www.padreeustaquio.com.br\/wp-content\/uploads\/2019\/08\/marca.png\",\"width\":350,\"height\":400,\"caption\":\"Padre Eust\u00e1quio\"},\"image\":{\"@id\":\"https:\/\/www.padreeustaquio.com.br\/#\/schema\/logo\/image\/\"},\"sameAs\":[\"https:\/\/www.facebook.com\/beatopadreeustaquio\/\",\"https:\/\/x.com\/beatopeustaquio\",\"https:\/\/www.instagram.com\/beatopadreeustaquio\/\",\"https:\/\/www.youtube.com\/channel\/UCRhw7vfabnajwLxb1ZXMeIw\"]},{\"@type\":\"Person\",\"@id\":\"https:\/\/www.padreeustaquio.com.br\/#\/schema\/person\/a2a51db1d00f1a7af0204a0f1ddb1566\",\"name\":\"@sscc\",\"image\":{\"@type\":\"ImageObject\",\"inLanguage\":\"en-US\",\"@id\":\"https:\/\/secure.gravatar.com\/avatar\/68cfafa5f44617fea54071e215026e0ff06be366c3d54a8425f04fdcb86f8c5f?s=96&d=mm&r=g\",\"url\":\"https:\/\/secure.gravatar.com\/avatar\/68cfafa5f44617fea54071e215026e0ff06be366c3d54a8425f04fdcb86f8c5f?s=96&d=mm&r=g\",\"contentUrl\":\"https:\/\/secure.gravatar.com\/avatar\/68cfafa5f44617fea54071e215026e0ff06be366c3d54a8425f04fdcb86f8c5f?s=96&d=mm&r=g\",\"caption\":\"@sscc\"},\"url\":\"https:\/\/www.padreeustaquio.com.br\/en\/author\/sscc\/\"}]}<\/script>\n<!-- \/ Yoast SEO plugin. -->","yoast_head_json":{"title":"The entrance doors to the Health and Peace Sanctuary are dedicated to several Saints.","description":"Did you know that the side doors of the Archdiocesan Sanctuary of Health and Peace are dedicated to certain Saints? We&#039;ve already mentioned on this website that the doors to the main entrance of the church are dedicated to the Holy Trinity (read here), now let&#039;s talk about the entrances to the side aisles of the temple.","robots":{"index":"index","follow":"follow","max-snippet":"max-snippet:-1","max-image-preview":"max-image-preview:large","max-video-preview":"max-video-preview:-1"},"canonical":"https:\/\/www.padreeustaquio.com.br\/en\/the-entrance-doors-to-the-health-and-peace-sanctuary-are-dedicated-to-several-saints\/","og_locale":"en_US","og_type":"article","og_title":"Portas de acesso ao Santu\u00e1rio Sa\u00fade e Paz s\u00e3o dedicadas a alguns Santos","og_description":"Voc\u00ea sabia que as portas laterais do Santu\u00e1rio Arquidiocesano da Sa\u00fade e da Paz s\u00e3o dedicadas a alguns Santos? J\u00e1 contamos aqui no site que as portas da entrada principal da igreja s\u00e3o dedicadas \u00e0 Sant\u00edssima Trindade (leia aqui), agora vamos falar sobre as entradas das naves laterais do templo.","og_url":"https:\/\/www.padreeustaquio.com.br\/en\/the-entrance-doors-to-the-health-and-peace-sanctuary-are-dedicated-to-several-saints\/","og_site_name":"Padre Eust\u00e1quio","article_publisher":"https:\/\/www.facebook.com\/beatopadreeustaquio\/","article_published_time":"2022-07-22T09:32:00+00:00","og_image":[{"width":748,"height":394,"url":"https:\/\/www.padreeustaquio.com.br\/wp-content\/uploads\/2022\/07\/portas-igreja.jpg","type":"image\/jpeg"}],"author":"@sscc","twitter_card":"summary_large_image","twitter_creator":"@beatopeustaquio","twitter_site":"@beatopeustaquio","twitter_misc":{"Written by":"@sscc","Est. reading time":"2 minutes"},"schema":{"@context":"https:\/\/schema.org","@graph":[{"@type":"Article","@id":"https:\/\/www.padreeustaquio.com.br\/portas-de-acesso-ao-santuario-saude-e-paz-sao-dedicadas-a-alguns-santos\/#article","isPartOf":{"@id":"https:\/\/www.padreeustaquio.com.br\/portas-de-acesso-ao-santuario-saude-e-paz-sao-dedicadas-a-alguns-santos\/"},"author":{"name":"@sscc","@id":"https:\/\/www.padreeustaquio.com.br\/#\/schema\/person\/a2a51db1d00f1a7af0204a0f1ddb1566"},"headline":"Portas de acesso ao Santu\u00e1rio Sa\u00fade e Paz s\u00e3o dedicadas a alguns Santos","datePublished":"2022-07-22T09:32:00+00:00","mainEntityOfPage":{"@id":"https:\/\/www.padreeustaquio.com.br\/portas-de-acesso-ao-santuario-saude-e-paz-sao-dedicadas-a-alguns-santos\/"},"wordCount":311,"commentCount":0,"publisher":{"@id":"https:\/\/www.padreeustaquio.com.br\/#organization"},"image":{"@id":"https:\/\/www.padreeustaquio.com.br\/portas-de-acesso-ao-santuario-saude-e-paz-sao-dedicadas-a-alguns-santos\/#primaryimage"},"thumbnailUrl":"https:\/\/www.padreeustaquio.com.br\/wp-content\/uploads\/2022\/07\/portas-igreja.jpg","articleSection":["Not\u00edcias"],"inLanguage":"en-US","potentialAction":[{"@type":"CommentAction","name":"Comment","target":["https:\/\/www.padreeustaquio.com.br\/portas-de-acesso-ao-santuario-saude-e-paz-sao-dedicadas-a-alguns-santos\/#respond"]}]},{"@type":"WebPage","@id":"https:\/\/www.padreeustaquio.com.br\/portas-de-acesso-ao-santuario-saude-e-paz-sao-dedicadas-a-alguns-santos\/","url":"https:\/\/www.padreeustaquio.com.br\/portas-de-acesso-ao-santuario-saude-e-paz-sao-dedicadas-a-alguns-santos\/","name":"The entrance doors to the Health and Peace Sanctuary are dedicated to several Saints.","isPartOf":{"@id":"https:\/\/www.padreeustaquio.com.br\/#website"},"primaryImageOfPage":{"@id":"https:\/\/www.padreeustaquio.com.br\/portas-de-acesso-ao-santuario-saude-e-paz-sao-dedicadas-a-alguns-santos\/#primaryimage"},"image":{"@id":"https:\/\/www.padreeustaquio.com.br\/portas-de-acesso-ao-santuario-saude-e-paz-sao-dedicadas-a-alguns-santos\/#primaryimage"},"thumbnailUrl":"https:\/\/www.padreeustaquio.com.br\/wp-content\/uploads\/2022\/07\/portas-igreja.jpg","datePublished":"2022-07-22T09:32:00+00:00","description":"Did you know that the side doors of the Archdiocesan Sanctuary of Health and Peace are dedicated to certain Saints? We&#039;ve already mentioned on this website that the doors to the main entrance of the church are dedicated to the Holy Trinity (read here), now let&#039;s talk about the entrances to the side aisles of the temple.","breadcrumb":{"@id":"https:\/\/www.padreeustaquio.com.br\/portas-de-acesso-ao-santuario-saude-e-paz-sao-dedicadas-a-alguns-santos\/#breadcrumb"},"inLanguage":"en-US","potentialAction":[{"@type":"ReadAction","target":["https:\/\/www.padreeustaquio.com.br\/portas-de-acesso-ao-santuario-saude-e-paz-sao-dedicadas-a-alguns-santos\/"]}]},{"@type":"ImageObject","inLanguage":"en-US","@id":"https:\/\/www.padreeustaquio.com.br\/portas-de-acesso-ao-santuario-saude-e-paz-sao-dedicadas-a-alguns-santos\/#primaryimage","url":"https:\/\/www.padreeustaquio.com.br\/wp-content\/uploads\/2022\/07\/portas-igreja.jpg","contentUrl":"https:\/\/www.padreeustaquio.com.br\/wp-content\/uploads\/2022\/07\/portas-igreja.jpg","width":748,"height":394,"caption":"Porta de Santo Ant\u00f4nio e de S\u00e3o Domingos, na nave lateral direita do Santu\u00e1rio."},{"@type":"BreadcrumbList","@id":"https:\/\/www.padreeustaquio.com.br\/portas-de-acesso-ao-santuario-saude-e-paz-sao-dedicadas-a-alguns-santos\/#breadcrumb","itemListElement":[{"@type":"ListItem","position":1,"name":"In\u00edcio","item":"https:\/\/www.padreeustaquio.com.br\/"},{"@type":"ListItem","position":2,"name":"Portas de acesso ao Santu\u00e1rio Sa\u00fade e Paz s\u00e3o dedicadas a alguns Santos"}]},{"@type":"WebSite","@id":"https:\/\/www.padreeustaquio.com.br\/#website","url":"https:\/\/www.padreeustaquio.com.br\/","name":"FATHER EUST\u00c1QUIO","description":"Health and Peace","publisher":{"@id":"https:\/\/www.padreeustaquio.com.br\/#organization"},"potentialAction":[{"@type":"SearchAction","target":{"@type":"EntryPoint","urlTemplate":"https:\/\/www.padreeustaquio.com.br\/?s={search_term_string}"},"query-input":{"@type":"PropertyValueSpecification","valueRequired":true,"valueName":"search_term_string"}}],"inLanguage":"en-US"},{"@type":"Organization","@id":"https:\/\/www.padreeustaquio.com.br\/#organization","name":"FATHER EUST\u00c1QUIO","url":"https:\/\/www.padreeustaquio.com.br\/","logo":{"@type":"ImageObject","inLanguage":"en-US","@id":"https:\/\/www.padreeustaquio.com.br\/#\/schema\/logo\/image\/","url":"https:\/\/www.padreeustaquio.com.br\/wp-content\/uploads\/2019\/08\/marca.png","contentUrl":"https:\/\/www.padreeustaquio.com.br\/wp-content\/uploads\/2019\/08\/marca.png","width":350,"height":400,"caption":"Padre Eust\u00e1quio"},"image":{"@id":"https:\/\/www.padreeustaquio.com.br\/#\/schema\/logo\/image\/"},"sameAs":["https:\/\/www.facebook.com\/beatopadreeustaquio\/","https:\/\/x.com\/beatopeustaquio","https:\/\/www.instagram.com\/beatopadreeustaquio\/","https:\/\/www.youtube.com\/channel\/UCRhw7vfabnajwLxb1ZXMeIw"]},{"@type":"Person","@id":"https:\/\/www.padreeustaquio.com.br\/#\/schema\/person\/a2a51db1d00f1a7af0204a0f1ddb1566","name":"@sscc","image":{"@type":"ImageObject","inLanguage":"en-US","@id":"https:\/\/secure.gravatar.com\/avatar\/68cfafa5f44617fea54071e215026e0ff06be366c3d54a8425f04fdcb86f8c5f?s=96&d=mm&r=g","url":"https:\/\/secure.gravatar.com\/avatar\/68cfafa5f44617fea54071e215026e0ff06be366c3d54a8425f04fdcb86f8c5f?s=96&d=mm&r=g","contentUrl":"https:\/\/secure.gravatar.com\/avatar\/68cfafa5f44617fea54071e215026e0ff06be366c3d54a8425f04fdcb86f8c5f?s=96&d=mm&r=g","caption":"@sscc"},"url":"https:\/\/www.padreeustaquio.com.br\/en\/author\/sscc\/"}]}},"_links":{"self":[{"href":"https:\/\/www.padreeustaquio.com.br\/en\/wp-json\/wp\/v2\/posts\/9013","targetHints":{"allow":["GET"]}}],"collection":[{"href":"https:\/\/www.padreeustaquio.com.br\/en\/wp-json\/wp\/v2\/posts"}],"about":[{"href":"https:\/\/www.padreeustaquio.com.br\/en\/wp-json\/wp\/v2\/types\/post"}],"author":[{"embeddable":true,"href":"https:\/\/www.padreeustaquio.com.br\/en\/wp-json\/wp\/v2\/users\/2"}],"replies":[{"embeddable":true,"href":"https:\/\/www.padreeustaquio.com.br\/en\/wp-json\/wp\/v2\/comments?post=9013"}],"version-history":[{"count":0,"href":"https:\/\/www.padreeustaquio.com.br\/en\/wp-json\/wp\/v2\/posts\/9013\/revisions"}],"wp:featuredmedia":[{"embeddable":true,"href":"https:\/\/www.padreeustaquio.com.br\/en\/wp-json\/wp\/v2\/media\/9014"}],"wp:attachment":[{"href":"https:\/\/www.padreeustaquio.com.br\/en\/wp-json\/wp\/v2\/media?parent=9013"}],"wp:term":[{"taxonomy":"category","embeddable":true,"href":"https:\/\/www.padreeustaquio.com.br\/en\/wp-json\/wp\/v2\/categories?post=9013"},{"taxonomy":"post_tag","embeddable":true,"href":"https:\/\/www.padreeustaquio.com.br\/en\/wp-json\/wp\/v2\/tags?post=9013"}],"curies":[{"name":"wp","href":"https:\/\/api.w.org\/{rel}","templated":true}]}}