{"id":9009,"date":"2022-07-21T09:40:35","date_gmt":"2022-07-21T12:40:35","guid":{"rendered":"https:\/\/www.padreeustaquio.com.br\/?p=9009"},"modified":"2022-07-21T10:34:37","modified_gmt":"2022-07-21T13:34:37","slug":"the-rector-meets-with-the-police-to-discuss-security-for-the-padre-eustaquio-festival","status":"publish","type":"post","link":"https:\/\/www.padreeustaquio.com.br\/en\/the-rector-meets-with-the-police-to-discuss-security-for-the-padre-eustaquio-festival\/","title":{"rendered":"University Rector meets with police to discuss security for the Padre Eust\u00e1quio Festival."},"content":{"rendered":"<p>The rector of the Archdiocesan Sanctuary of Health and Peace, Father Vin\u00edcius Maciel, ss.cc., met this week with Lieutenant Carlos of the Military Police to discuss the safety of devotees during the Feast of Blessed Father Eust\u00e1quio this year. The idea is to ensure that everyone feels welcomed and safe to pray and pay homage to the Blessed.<\/p>\n\n\n\n<p>The Minas Gerais Military Police, a significant presence, has been assisting the Church of Blessed Father Eust\u00e1quio for many years in holding its festivities in the safest and most peaceful way possible. This time was no different; Lieutenant Carlos, one of those responsible for policing the Sanctuary area, was at the church this week to coordinate the PM&#039;s work with the festival&#039;s program.<\/p>\n\n\n\n<p>The Lieutenant was briefed on all the programming being put together, in addition to providing guidance to improve security during the organization of the festivities. According to him, besides the mobile police base that already reinforces daily policing in front of the Sanctuary, the idea is to have two patrol cars present at all times during the 30th, when there is a greater movement of devotees.<\/p>\n\n\n\n<p>After two years of celebrating the festival in a more restricted way due to the pandemic, the Sanctuary will maintain caution in the return of activities, holding the traditional festival of the Blessed in a more internal setting. Therefore, there will be no outdoor stalls.<\/p>\n\n\n\n<p><\/p>","protected":false},"excerpt":{"rendered":"<p>O reitor do Santu\u00e1rio Arquidiocesano da Sa\u00fade e da Paz, o Padre Vin\u00edcius Maciel, ss.cc., se reuniu esta semana com o Tenente Carlos, da Pol\u00edcia Militar para tratar da seguran\u00e7a dos devotos durante a Festa do Beato Padre Eust\u00e1quio este ano. A ideia \u00e9 garantir que todos se sintam acolhidos e seguros para rezar e prestar homenagens ao Beato. Presen\u00e7a importante, a Pol\u00edcia Militar de Minas Gerais, vem ao longo dos anos auxiliando a Igreja do Beato Padre Eust\u00e1quio a realizar as festas da maneira mais segura e tranquila. Desta vez, n\u00e3o diferente, um dos respons\u00e1veis pelo policiamento na regi\u00e3o [&hellip;]<\/p>\n","protected":false},"author":2,"featured_media":9010,"comment_status":"open","ping_status":"closed","sticky":false,"template":"","format":"standard","meta":{"_acf_changed":false,"footnotes":""},"categories":[611],"tags":[],"class_list":["post-9009","post","type-post","status-publish","format-standard","has-post-thumbnail","hentry","category-noticias"],"acf":[],"yoast_head":"<!-- This site is optimized with the Yoast SEO plugin v27.2 - https:\/\/yoast.com\/product\/yoast-seo-wordpress\/ -->\n<title>Reitor se re\u00fane com a PM para tratar da seguran\u00e7a da Festa de Padre Eust\u00e1quio<\/title>\n<meta name=\"description\" content=\"O reitor do Santu\u00e1rio Arquidiocesano da Sa\u00fade e da Paz, o Padre Vin\u00edcius Maciel, ss.cc., se reuniu esta semana com o Tenente Carlos, da Pol\u00edcia Militar para tratar da seguran\u00e7a dos devotos durante a Festa do Beato Padre Eust\u00e1quio este ano. A ideia \u00e9 garantir que todos se sintam acolhidos e seguros para rezar e prestar homenagens ao Beato.\" \/>\n<meta name=\"robots\" content=\"index, follow, max-snippet:-1, max-image-preview:large, max-video-preview:-1\" \/>\n<link rel=\"canonical\" href=\"https:\/\/www.padreeustaquio.com.br\/en\/the-rector-meets-with-the-police-to-discuss-security-for-the-padre-eustaquio-festival\/\" \/>\n<meta property=\"og:locale\" content=\"en_US\" \/>\n<meta property=\"og:type\" content=\"article\" \/>\n<meta property=\"og:title\" content=\"Reitor se re\u00fane com a PM para tratar da seguran\u00e7a da Festa de Padre Eust\u00e1quio\" \/>\n<meta property=\"og:description\" content=\"O reitor do Santu\u00e1rio Arquidiocesano da Sa\u00fade e da Paz, o Padre Vin\u00edcius Maciel, ss.cc., se reuniu esta semana com o Tenente Carlos, da Pol\u00edcia Militar para tratar da seguran\u00e7a dos devotos durante a Festa do Beato Padre Eust\u00e1quio este ano. A ideia \u00e9 garantir que todos se sintam acolhidos e seguros para rezar e prestar homenagens ao Beato.\" \/>\n<meta property=\"og:url\" content=\"https:\/\/www.padreeustaquio.com.br\/en\/the-rector-meets-with-the-police-to-discuss-security-for-the-padre-eustaquio-festival\/\" \/>\n<meta property=\"og:site_name\" content=\"Padre Eust\u00e1quio\" \/>\n<meta property=\"article:publisher\" content=\"https:\/\/www.facebook.com\/beatopadreeustaquio\/\" \/>\n<meta property=\"article:published_time\" content=\"2022-07-21T12:40:35+00:00\" \/>\n<meta property=\"article:modified_time\" content=\"2022-07-21T13:34:37+00:00\" \/>\n<meta property=\"og:image\" content=\"https:\/\/www.padreeustaquio.com.br\/wp-content\/uploads\/2022\/07\/reuniao-com-PM-e1658407406364.jpeg\" \/>\n\t<meta property=\"og:image:width\" content=\"1280\" \/>\n\t<meta property=\"og:image:height\" content=\"726\" \/>\n\t<meta property=\"og:image:type\" content=\"image\/jpeg\" \/>\n<meta name=\"author\" content=\"@sscc\" \/>\n<meta name=\"twitter:card\" content=\"summary_large_image\" \/>\n<meta name=\"twitter:creator\" content=\"@beatopeustaquio\" \/>\n<meta name=\"twitter:site\" content=\"@beatopeustaquio\" \/>\n<meta name=\"twitter:label1\" content=\"Written by\" \/>\n\t<meta name=\"twitter:data1\" content=\"@sscc\" \/>\n\t<meta name=\"twitter:label2\" content=\"Est. reading time\" \/>\n\t<meta name=\"twitter:data2\" content=\"1 minute\" \/>\n<script type=\"application\/ld+json\" class=\"yoast-schema-graph\">{\"@context\":\"https:\/\/schema.org\",\"@graph\":[{\"@type\":\"Article\",\"@id\":\"https:\/\/www.padreeustaquio.com.br\/reitor-se-reune-com-a-pm-para-tratar-da-seguranca-da-festa-de-padre-eustaquio\/#article\",\"isPartOf\":{\"@id\":\"https:\/\/www.padreeustaquio.com.br\/reitor-se-reune-com-a-pm-para-tratar-da-seguranca-da-festa-de-padre-eustaquio\/\"},\"author\":{\"name\":\"@sscc\",\"@id\":\"https:\/\/www.padreeustaquio.com.br\/#\/schema\/person\/a2a51db1d00f1a7af0204a0f1ddb1566\"},\"headline\":\"Reitor se re\u00fane com a PM para tratar da seguran\u00e7a da Festa de Padre Eust\u00e1quio\",\"datePublished\":\"2022-07-21T12:40:35+00:00\",\"dateModified\":\"2022-07-21T13:34:37+00:00\",\"mainEntityOfPage\":{\"@id\":\"https:\/\/www.padreeustaquio.com.br\/reitor-se-reune-com-a-pm-para-tratar-da-seguranca-da-festa-de-padre-eustaquio\/\"},\"wordCount\":266,\"commentCount\":0,\"publisher\":{\"@id\":\"https:\/\/www.padreeustaquio.com.br\/#organization\"},\"image\":{\"@id\":\"https:\/\/www.padreeustaquio.com.br\/reitor-se-reune-com-a-pm-para-tratar-da-seguranca-da-festa-de-padre-eustaquio\/#primaryimage\"},\"thumbnailUrl\":\"https:\/\/www.padreeustaquio.com.br\/wp-content\/uploads\/2022\/07\/reuniao-com-PM-e1658407406364.jpeg\",\"articleSection\":[\"Not\u00edcias\"],\"inLanguage\":\"en-US\",\"potentialAction\":[{\"@type\":\"CommentAction\",\"name\":\"Comment\",\"target\":[\"https:\/\/www.padreeustaquio.com.br\/reitor-se-reune-com-a-pm-para-tratar-da-seguranca-da-festa-de-padre-eustaquio\/#respond\"]}]},{\"@type\":\"WebPage\",\"@id\":\"https:\/\/www.padreeustaquio.com.br\/reitor-se-reune-com-a-pm-para-tratar-da-seguranca-da-festa-de-padre-eustaquio\/\",\"url\":\"https:\/\/www.padreeustaquio.com.br\/reitor-se-reune-com-a-pm-para-tratar-da-seguranca-da-festa-de-padre-eustaquio\/\",\"name\":\"Reitor se re\u00fane com a PM para tratar da seguran\u00e7a da Festa de Padre Eust\u00e1quio\",\"isPartOf\":{\"@id\":\"https:\/\/www.padreeustaquio.com.br\/#website\"},\"primaryImageOfPage\":{\"@id\":\"https:\/\/www.padreeustaquio.com.br\/reitor-se-reune-com-a-pm-para-tratar-da-seguranca-da-festa-de-padre-eustaquio\/#primaryimage\"},\"image\":{\"@id\":\"https:\/\/www.padreeustaquio.com.br\/reitor-se-reune-com-a-pm-para-tratar-da-seguranca-da-festa-de-padre-eustaquio\/#primaryimage\"},\"thumbnailUrl\":\"https:\/\/www.padreeustaquio.com.br\/wp-content\/uploads\/2022\/07\/reuniao-com-PM-e1658407406364.jpeg\",\"datePublished\":\"2022-07-21T12:40:35+00:00\",\"dateModified\":\"2022-07-21T13:34:37+00:00\",\"description\":\"O reitor do Santu\u00e1rio Arquidiocesano da Sa\u00fade e da Paz, o Padre Vin\u00edcius Maciel, ss.cc., se reuniu esta semana com o Tenente Carlos, da Pol\u00edcia Militar para tratar da seguran\u00e7a dos devotos durante a Festa do Beato Padre Eust\u00e1quio este ano. A ideia \u00e9 garantir que todos se sintam acolhidos e seguros para rezar e prestar homenagens ao Beato.\",\"breadcrumb\":{\"@id\":\"https:\/\/www.padreeustaquio.com.br\/reitor-se-reune-com-a-pm-para-tratar-da-seguranca-da-festa-de-padre-eustaquio\/#breadcrumb\"},\"inLanguage\":\"en-US\",\"potentialAction\":[{\"@type\":\"ReadAction\",\"target\":[\"https:\/\/www.padreeustaquio.com.br\/reitor-se-reune-com-a-pm-para-tratar-da-seguranca-da-festa-de-padre-eustaquio\/\"]}]},{\"@type\":\"ImageObject\",\"inLanguage\":\"en-US\",\"@id\":\"https:\/\/www.padreeustaquio.com.br\/reitor-se-reune-com-a-pm-para-tratar-da-seguranca-da-festa-de-padre-eustaquio\/#primaryimage\",\"url\":\"https:\/\/www.padreeustaquio.com.br\/wp-content\/uploads\/2022\/07\/reuniao-com-PM-e1658407406364.jpeg\",\"contentUrl\":\"https:\/\/www.padreeustaquio.com.br\/wp-content\/uploads\/2022\/07\/reuniao-com-PM-e1658407406364.jpeg\",\"width\":1280,\"height\":726,\"caption\":\"Luis Philipp Andrade, um dos volunt\u00e1rios da Festa; Padre Vinicius e o Ten. Carlos, da PM\"},{\"@type\":\"BreadcrumbList\",\"@id\":\"https:\/\/www.padreeustaquio.com.br\/reitor-se-reune-com-a-pm-para-tratar-da-seguranca-da-festa-de-padre-eustaquio\/#breadcrumb\",\"itemListElement\":[{\"@type\":\"ListItem\",\"position\":1,\"name\":\"In\u00edcio\",\"item\":\"https:\/\/www.padreeustaquio.com.br\/\"},{\"@type\":\"ListItem\",\"position\":2,\"name\":\"Reitor se re\u00fane com a PM para tratar da seguran\u00e7a da Festa de Padre Eust\u00e1quio\"}]},{\"@type\":\"WebSite\",\"@id\":\"https:\/\/www.padreeustaquio.com.br\/#website\",\"url\":\"https:\/\/www.padreeustaquio.com.br\/\",\"name\":\"Padre Eust\u00e1quio\",\"description\":\"Sa\u00fade e Paz\",\"publisher\":{\"@id\":\"https:\/\/www.padreeustaquio.com.br\/#organization\"},\"potentialAction\":[{\"@type\":\"SearchAction\",\"target\":{\"@type\":\"EntryPoint\",\"urlTemplate\":\"https:\/\/www.padreeustaquio.com.br\/?s={search_term_string}\"},\"query-input\":{\"@type\":\"PropertyValueSpecification\",\"valueRequired\":true,\"valueName\":\"search_term_string\"}}],\"inLanguage\":\"en-US\"},{\"@type\":\"Organization\",\"@id\":\"https:\/\/www.padreeustaquio.com.br\/#organization\",\"name\":\"Padre Eust\u00e1quio\",\"url\":\"https:\/\/www.padreeustaquio.com.br\/\",\"logo\":{\"@type\":\"ImageObject\",\"inLanguage\":\"en-US\",\"@id\":\"https:\/\/www.padreeustaquio.com.br\/#\/schema\/logo\/image\/\",\"url\":\"https:\/\/www.padreeustaquio.com.br\/wp-content\/uploads\/2019\/08\/marca.png\",\"contentUrl\":\"https:\/\/www.padreeustaquio.com.br\/wp-content\/uploads\/2019\/08\/marca.png\",\"width\":350,\"height\":400,\"caption\":\"Padre Eust\u00e1quio\"},\"image\":{\"@id\":\"https:\/\/www.padreeustaquio.com.br\/#\/schema\/logo\/image\/\"},\"sameAs\":[\"https:\/\/www.facebook.com\/beatopadreeustaquio\/\",\"https:\/\/x.com\/beatopeustaquio\",\"https:\/\/www.instagram.com\/beatopadreeustaquio\/\",\"https:\/\/www.youtube.com\/channel\/UCRhw7vfabnajwLxb1ZXMeIw\"]},{\"@type\":\"Person\",\"@id\":\"https:\/\/www.padreeustaquio.com.br\/#\/schema\/person\/a2a51db1d00f1a7af0204a0f1ddb1566\",\"name\":\"@sscc\",\"image\":{\"@type\":\"ImageObject\",\"inLanguage\":\"en-US\",\"@id\":\"https:\/\/secure.gravatar.com\/avatar\/68cfafa5f44617fea54071e215026e0ff06be366c3d54a8425f04fdcb86f8c5f?s=96&d=mm&r=g\",\"url\":\"https:\/\/secure.gravatar.com\/avatar\/68cfafa5f44617fea54071e215026e0ff06be366c3d54a8425f04fdcb86f8c5f?s=96&d=mm&r=g\",\"contentUrl\":\"https:\/\/secure.gravatar.com\/avatar\/68cfafa5f44617fea54071e215026e0ff06be366c3d54a8425f04fdcb86f8c5f?s=96&d=mm&r=g\",\"caption\":\"@sscc\"},\"url\":\"https:\/\/www.padreeustaquio.com.br\/en\/author\/sscc\/\"}]}<\/script>\n<!-- \/ Yoast SEO plugin. -->","yoast_head_json":{"title":"University Rector meets with police to discuss security for the Padre Eust\u00e1quio Festival.","description":"The rector of the Archdiocesan Sanctuary of Health and Peace, Father Vin\u00edcius Maciel, ss.cc., met this week with Lieutenant Carlos of the Military Police to discuss the safety of devotees during the Feast of Blessed Father Eust\u00e1quio this year. The idea is to ensure that everyone feels welcomed and safe to pray and pay homage to the Blessed.","robots":{"index":"index","follow":"follow","max-snippet":"max-snippet:-1","max-image-preview":"max-image-preview:large","max-video-preview":"max-video-preview:-1"},"canonical":"https:\/\/www.padreeustaquio.com.br\/en\/the-rector-meets-with-the-police-to-discuss-security-for-the-padre-eustaquio-festival\/","og_locale":"en_US","og_type":"article","og_title":"Reitor se re\u00fane com a PM para tratar da seguran\u00e7a da Festa de Padre Eust\u00e1quio","og_description":"O reitor do Santu\u00e1rio Arquidiocesano da Sa\u00fade e da Paz, o Padre Vin\u00edcius Maciel, ss.cc., se reuniu esta semana com o Tenente Carlos, da Pol\u00edcia Militar para tratar da seguran\u00e7a dos devotos durante a Festa do Beato Padre Eust\u00e1quio este ano. A ideia \u00e9 garantir que todos se sintam acolhidos e seguros para rezar e prestar homenagens ao Beato.","og_url":"https:\/\/www.padreeustaquio.com.br\/en\/the-rector-meets-with-the-police-to-discuss-security-for-the-padre-eustaquio-festival\/","og_site_name":"Padre Eust\u00e1quio","article_publisher":"https:\/\/www.facebook.com\/beatopadreeustaquio\/","article_published_time":"2022-07-21T12:40:35+00:00","article_modified_time":"2022-07-21T13:34:37+00:00","og_image":[{"width":1280,"height":726,"url":"https:\/\/www.padreeustaquio.com.br\/wp-content\/uploads\/2022\/07\/reuniao-com-PM-e1658407406364.jpeg","type":"image\/jpeg"}],"author":"@sscc","twitter_card":"summary_large_image","twitter_creator":"@beatopeustaquio","twitter_site":"@beatopeustaquio","twitter_misc":{"Written by":"@sscc","Est. reading time":"1 minute"},"schema":{"@context":"https:\/\/schema.org","@graph":[{"@type":"Article","@id":"https:\/\/www.padreeustaquio.com.br\/reitor-se-reune-com-a-pm-para-tratar-da-seguranca-da-festa-de-padre-eustaquio\/#article","isPartOf":{"@id":"https:\/\/www.padreeustaquio.com.br\/reitor-se-reune-com-a-pm-para-tratar-da-seguranca-da-festa-de-padre-eustaquio\/"},"author":{"name":"@sscc","@id":"https:\/\/www.padreeustaquio.com.br\/#\/schema\/person\/a2a51db1d00f1a7af0204a0f1ddb1566"},"headline":"Reitor se re\u00fane com a PM para tratar da seguran\u00e7a da Festa de Padre Eust\u00e1quio","datePublished":"2022-07-21T12:40:35+00:00","dateModified":"2022-07-21T13:34:37+00:00","mainEntityOfPage":{"@id":"https:\/\/www.padreeustaquio.com.br\/reitor-se-reune-com-a-pm-para-tratar-da-seguranca-da-festa-de-padre-eustaquio\/"},"wordCount":266,"commentCount":0,"publisher":{"@id":"https:\/\/www.padreeustaquio.com.br\/#organization"},"image":{"@id":"https:\/\/www.padreeustaquio.com.br\/reitor-se-reune-com-a-pm-para-tratar-da-seguranca-da-festa-de-padre-eustaquio\/#primaryimage"},"thumbnailUrl":"https:\/\/www.padreeustaquio.com.br\/wp-content\/uploads\/2022\/07\/reuniao-com-PM-e1658407406364.jpeg","articleSection":["Not\u00edcias"],"inLanguage":"en-US","potentialAction":[{"@type":"CommentAction","name":"Comment","target":["https:\/\/www.padreeustaquio.com.br\/reitor-se-reune-com-a-pm-para-tratar-da-seguranca-da-festa-de-padre-eustaquio\/#respond"]}]},{"@type":"WebPage","@id":"https:\/\/www.padreeustaquio.com.br\/reitor-se-reune-com-a-pm-para-tratar-da-seguranca-da-festa-de-padre-eustaquio\/","url":"https:\/\/www.padreeustaquio.com.br\/reitor-se-reune-com-a-pm-para-tratar-da-seguranca-da-festa-de-padre-eustaquio\/","name":"University Rector meets with police to discuss security for the Padre Eust\u00e1quio Festival.","isPartOf":{"@id":"https:\/\/www.padreeustaquio.com.br\/#website"},"primaryImageOfPage":{"@id":"https:\/\/www.padreeustaquio.com.br\/reitor-se-reune-com-a-pm-para-tratar-da-seguranca-da-festa-de-padre-eustaquio\/#primaryimage"},"image":{"@id":"https:\/\/www.padreeustaquio.com.br\/reitor-se-reune-com-a-pm-para-tratar-da-seguranca-da-festa-de-padre-eustaquio\/#primaryimage"},"thumbnailUrl":"https:\/\/www.padreeustaquio.com.br\/wp-content\/uploads\/2022\/07\/reuniao-com-PM-e1658407406364.jpeg","datePublished":"2022-07-21T12:40:35+00:00","dateModified":"2022-07-21T13:34:37+00:00","description":"The rector of the Archdiocesan Sanctuary of Health and Peace, Father Vin\u00edcius Maciel, ss.cc., met this week with Lieutenant Carlos of the Military Police to discuss the safety of devotees during the Feast of Blessed Father Eust\u00e1quio this year. The idea is to ensure that everyone feels welcomed and safe to pray and pay homage to the Blessed.","breadcrumb":{"@id":"https:\/\/www.padreeustaquio.com.br\/reitor-se-reune-com-a-pm-para-tratar-da-seguranca-da-festa-de-padre-eustaquio\/#breadcrumb"},"inLanguage":"en-US","potentialAction":[{"@type":"ReadAction","target":["https:\/\/www.padreeustaquio.com.br\/reitor-se-reune-com-a-pm-para-tratar-da-seguranca-da-festa-de-padre-eustaquio\/"]}]},{"@type":"ImageObject","inLanguage":"en-US","@id":"https:\/\/www.padreeustaquio.com.br\/reitor-se-reune-com-a-pm-para-tratar-da-seguranca-da-festa-de-padre-eustaquio\/#primaryimage","url":"https:\/\/www.padreeustaquio.com.br\/wp-content\/uploads\/2022\/07\/reuniao-com-PM-e1658407406364.jpeg","contentUrl":"https:\/\/www.padreeustaquio.com.br\/wp-content\/uploads\/2022\/07\/reuniao-com-PM-e1658407406364.jpeg","width":1280,"height":726,"caption":"Luis Philipp Andrade, um dos volunt\u00e1rios da Festa; Padre Vinicius e o Ten. Carlos, da PM"},{"@type":"BreadcrumbList","@id":"https:\/\/www.padreeustaquio.com.br\/reitor-se-reune-com-a-pm-para-tratar-da-seguranca-da-festa-de-padre-eustaquio\/#breadcrumb","itemListElement":[{"@type":"ListItem","position":1,"name":"In\u00edcio","item":"https:\/\/www.padreeustaquio.com.br\/"},{"@type":"ListItem","position":2,"name":"Reitor se re\u00fane com a PM para tratar da seguran\u00e7a da Festa de Padre Eust\u00e1quio"}]},{"@type":"WebSite","@id":"https:\/\/www.padreeustaquio.com.br\/#website","url":"https:\/\/www.padreeustaquio.com.br\/","name":"FATHER EUST\u00c1QUIO","description":"Health and Peace","publisher":{"@id":"https:\/\/www.padreeustaquio.com.br\/#organization"},"potentialAction":[{"@type":"SearchAction","target":{"@type":"EntryPoint","urlTemplate":"https:\/\/www.padreeustaquio.com.br\/?s={search_term_string}"},"query-input":{"@type":"PropertyValueSpecification","valueRequired":true,"valueName":"search_term_string"}}],"inLanguage":"en-US"},{"@type":"Organization","@id":"https:\/\/www.padreeustaquio.com.br\/#organization","name":"FATHER EUST\u00c1QUIO","url":"https:\/\/www.padreeustaquio.com.br\/","logo":{"@type":"ImageObject","inLanguage":"en-US","@id":"https:\/\/www.padreeustaquio.com.br\/#\/schema\/logo\/image\/","url":"https:\/\/www.padreeustaquio.com.br\/wp-content\/uploads\/2019\/08\/marca.png","contentUrl":"https:\/\/www.padreeustaquio.com.br\/wp-content\/uploads\/2019\/08\/marca.png","width":350,"height":400,"caption":"Padre Eust\u00e1quio"},"image":{"@id":"https:\/\/www.padreeustaquio.com.br\/#\/schema\/logo\/image\/"},"sameAs":["https:\/\/www.facebook.com\/beatopadreeustaquio\/","https:\/\/x.com\/beatopeustaquio","https:\/\/www.instagram.com\/beatopadreeustaquio\/","https:\/\/www.youtube.com\/channel\/UCRhw7vfabnajwLxb1ZXMeIw"]},{"@type":"Person","@id":"https:\/\/www.padreeustaquio.com.br\/#\/schema\/person\/a2a51db1d00f1a7af0204a0f1ddb1566","name":"@sscc","image":{"@type":"ImageObject","inLanguage":"en-US","@id":"https:\/\/secure.gravatar.com\/avatar\/68cfafa5f44617fea54071e215026e0ff06be366c3d54a8425f04fdcb86f8c5f?s=96&d=mm&r=g","url":"https:\/\/secure.gravatar.com\/avatar\/68cfafa5f44617fea54071e215026e0ff06be366c3d54a8425f04fdcb86f8c5f?s=96&d=mm&r=g","contentUrl":"https:\/\/secure.gravatar.com\/avatar\/68cfafa5f44617fea54071e215026e0ff06be366c3d54a8425f04fdcb86f8c5f?s=96&d=mm&r=g","caption":"@sscc"},"url":"https:\/\/www.padreeustaquio.com.br\/en\/author\/sscc\/"}]}},"_links":{"self":[{"href":"https:\/\/www.padreeustaquio.com.br\/en\/wp-json\/wp\/v2\/posts\/9009","targetHints":{"allow":["GET"]}}],"collection":[{"href":"https:\/\/www.padreeustaquio.com.br\/en\/wp-json\/wp\/v2\/posts"}],"about":[{"href":"https:\/\/www.padreeustaquio.com.br\/en\/wp-json\/wp\/v2\/types\/post"}],"author":[{"embeddable":true,"href":"https:\/\/www.padreeustaquio.com.br\/en\/wp-json\/wp\/v2\/users\/2"}],"replies":[{"embeddable":true,"href":"https:\/\/www.padreeustaquio.com.br\/en\/wp-json\/wp\/v2\/comments?post=9009"}],"version-history":[{"count":0,"href":"https:\/\/www.padreeustaquio.com.br\/en\/wp-json\/wp\/v2\/posts\/9009\/revisions"}],"wp:featuredmedia":[{"embeddable":true,"href":"https:\/\/www.padreeustaquio.com.br\/en\/wp-json\/wp\/v2\/media\/9010"}],"wp:attachment":[{"href":"https:\/\/www.padreeustaquio.com.br\/en\/wp-json\/wp\/v2\/media?parent=9009"}],"wp:term":[{"taxonomy":"category","embeddable":true,"href":"https:\/\/www.padreeustaquio.com.br\/en\/wp-json\/wp\/v2\/categories?post=9009"},{"taxonomy":"post_tag","embeddable":true,"href":"https:\/\/www.padreeustaquio.com.br\/en\/wp-json\/wp\/v2\/tags?post=9009"}],"curies":[{"name":"wp","href":"https:\/\/api.w.org\/{rel}","templated":true}]}}