{"id":8996,"date":"2022-07-20T11:50:00","date_gmt":"2022-07-20T14:50:00","guid":{"rendered":"https:\/\/www.padreeustaquio.com.br\/?p=8996"},"modified":"2022-07-20T11:48:50","modified_gmt":"2022-07-20T14:48:50","slug":"dom-seraphims-testimony-describes-details-of-the-miracle-that-led-to-the-beatification-of-father-eustace","status":"publish","type":"post","link":"https:\/\/www.padreeustaquio.com.br\/en\/dom-seraphims-testimony-describes-details-of-the-miracle-that-led-to-the-beatification-of-father-eustace\/","title":{"rendered":"Testimony from Dom Serafim describes details of the miracle that led to the beatification of Father Eust\u00e1quio."},"content":{"rendered":"<p>A testimony given by Cardinal Dom Serafim Fernandes de Ara\u00fajo in 2006 details the extraordinary event that led to Father Eust\u00e1quio being recognized as Blessed. The miracle was the cure of throat cancer that Father Gon\u00e7alo Bel\u00e9m Rocha had.<\/p>\n\n\n\n<p>Read Dom Serafim&#039;s testimony in full:<\/p>\n\n\n\n<p><em>\u201cAnd the miracle of the beatification? God sent it in the form of affection and tenderness. One Thursday morning, Father Gon\u00e7alo Bel\u00e9m Rocha asked Dom Jo\u00e3o and me to receive him at the Cristo Rei Palace. He had something important to tell us. We received him without knowing the nature of what had happened. He came to say goodbye to us, as he had been diagnosed with throat cancer. He was to have surgery on Monday and would probably never speak again, due to possible complications from the malignancy of the tumor. We were distraught. Father Gon\u00e7alo Bel\u00e9m wept, and we both wept with our friend and son. That&#039;s how we said goodbye. Dom Jo\u00e3o looked at me, I looked at Dom Jo\u00e3o, and an inspiration came to me. I said: \u201cDom Jo\u00e3o, let&#039;s go up to the Chapel and expressly and fervently ask God, through the intercession of Father Eust\u00e1quio, to heal Father Bel\u00e9m.\u201d We spent a few minutes praying. And we placed that priest in the heart of God, through the hands of Father Eust\u00e1quio. During the operation on Monday, when Father Bel\u00e9m was taken to the operating room, something unthinkable had happened. The doctors exchanged glances, but the X-ray confirmed: \u201cthere was nothing to be removed.\u201d Someone had arrived first! And there is Father Bel\u00e9m, safe and sound, a living votive offering of God&#039;s miracle!\u201d<\/em><\/p>\n\n\n\n<p>Cardinal Dom Serafim Fernandes de Ara\u00fajo<\/p>\n\n\n\n<p><\/p>\n\n\n\n<p><\/p>","protected":false},"excerpt":{"rendered":"<p>Um depoimento dado pelo Cardeal Dom Serafim Fernandes de Ara\u00fajo em 2006, traz detalhes do fato extraordin\u00e1rio que fez com que Padre Eust\u00e1quio fosse reconhecido como Beato. O milagre foi a cura de um c\u00e2ncer de garganta que o Padre Gon\u00e7alo Bel\u00e9m Rocha tinha. Leia o depoimento de Dom Serafim na \u00edntegra: &#8220;E o milagre da beatifica\u00e7\u00e3o? Deus o mandou em forma de carinho e de ternura. Em certa manh\u00e3 de uma quinta-feira, Padre Gon\u00e7alo Bel\u00e9m Rocha pediu que Dom Jo\u00e3o e eu o receb\u00eassemos no Pal\u00e1cio Cristo Rei. Tinha algo de importante para comunicar-nos. N\u00f3s o recebemos, sem saber [&hellip;]<\/p>\n","protected":false},"author":2,"featured_media":9005,"comment_status":"open","ping_status":"closed","sticky":false,"template":"","format":"standard","meta":{"_acf_changed":false,"footnotes":""},"categories":[611],"tags":[],"class_list":["post-8996","post","type-post","status-publish","format-standard","has-post-thumbnail","hentry","category-noticias"],"acf":[],"yoast_head":"<!-- This site is optimized with the Yoast SEO plugin v27.2 - https:\/\/yoast.com\/product\/yoast-seo-wordpress\/ -->\n<title>Depoimento de Dom Serafim descreve detalhes do milagre que beatificou Padre Eust\u00e1quio<\/title>\n<meta name=\"description\" content=\"Um depoimento dado pelo Cardeal Dom Serafim Fernandes de Ara\u00fajo em 2006, traz detalhes do fato extraordin\u00e1rio que fez com que Padre Eust\u00e1quio fosse reconhecido como Beato. O milagre foi a cura de um c\u00e2ncer de garganta que o Padre Gon\u00e7alo Bel\u00e9m Rocha tinha.\" \/>\n<meta name=\"robots\" content=\"index, follow, max-snippet:-1, max-image-preview:large, max-video-preview:-1\" \/>\n<link rel=\"canonical\" href=\"https:\/\/www.padreeustaquio.com.br\/en\/dom-seraphims-testimony-describes-details-of-the-miracle-that-led-to-the-beatification-of-father-eustace\/\" \/>\n<meta property=\"og:locale\" content=\"en_US\" \/>\n<meta property=\"og:type\" content=\"article\" \/>\n<meta property=\"og:title\" content=\"Depoimento de Dom Serafim descreve detalhes do milagre que beatificou Padre Eust\u00e1quio\" \/>\n<meta property=\"og:description\" content=\"Um depoimento dado pelo Cardeal Dom Serafim Fernandes de Ara\u00fajo em 2006, traz detalhes do fato extraordin\u00e1rio que fez com que Padre Eust\u00e1quio fosse reconhecido como Beato. O milagre foi a cura de um c\u00e2ncer de garganta que o Padre Gon\u00e7alo Bel\u00e9m Rocha tinha.\" \/>\n<meta property=\"og:url\" content=\"https:\/\/www.padreeustaquio.com.br\/en\/dom-seraphims-testimony-describes-details-of-the-miracle-that-led-to-the-beatification-of-father-eustace\/\" \/>\n<meta property=\"og:site_name\" content=\"Padre Eust\u00e1quio\" \/>\n<meta property=\"article:publisher\" content=\"https:\/\/www.facebook.com\/beatopadreeustaquio\/\" \/>\n<meta property=\"article:published_time\" content=\"2022-07-20T14:50:00+00:00\" \/>\n<meta property=\"og:image\" content=\"https:\/\/www.padreeustaquio.com.br\/wp-content\/uploads\/2022\/07\/Dom-Serafim.jpeg\" \/>\n\t<meta property=\"og:image:width\" content=\"1280\" \/>\n\t<meta property=\"og:image:height\" content=\"851\" \/>\n\t<meta property=\"og:image:type\" content=\"image\/jpeg\" \/>\n<meta name=\"author\" content=\"@sscc\" \/>\n<meta name=\"twitter:card\" content=\"summary_large_image\" \/>\n<meta name=\"twitter:creator\" content=\"@beatopeustaquio\" \/>\n<meta name=\"twitter:site\" content=\"@beatopeustaquio\" \/>\n<meta name=\"twitter:label1\" content=\"Written by\" \/>\n\t<meta name=\"twitter:data1\" content=\"@sscc\" \/>\n\t<meta name=\"twitter:label2\" content=\"Est. reading time\" \/>\n\t<meta name=\"twitter:data2\" content=\"2 minutes\" \/>\n<script type=\"application\/ld+json\" class=\"yoast-schema-graph\">{\"@context\":\"https:\/\/schema.org\",\"@graph\":[{\"@type\":\"Article\",\"@id\":\"https:\/\/www.padreeustaquio.com.br\/depoimento-de-dom-serafim-descreve-detalhes-do-milagre-que-beatificou-padre-eustaquio\/#article\",\"isPartOf\":{\"@id\":\"https:\/\/www.padreeustaquio.com.br\/depoimento-de-dom-serafim-descreve-detalhes-do-milagre-que-beatificou-padre-eustaquio\/\"},\"author\":{\"name\":\"@sscc\",\"@id\":\"https:\/\/www.padreeustaquio.com.br\/#\/schema\/person\/a2a51db1d00f1a7af0204a0f1ddb1566\"},\"headline\":\"Depoimento de Dom Serafim descreve detalhes do milagre que beatificou Padre Eust\u00e1quio\",\"datePublished\":\"2022-07-20T14:50:00+00:00\",\"mainEntityOfPage\":{\"@id\":\"https:\/\/www.padreeustaquio.com.br\/depoimento-de-dom-serafim-descreve-detalhes-do-milagre-que-beatificou-padre-eustaquio\/\"},\"wordCount\":318,\"commentCount\":0,\"publisher\":{\"@id\":\"https:\/\/www.padreeustaquio.com.br\/#organization\"},\"image\":{\"@id\":\"https:\/\/www.padreeustaquio.com.br\/depoimento-de-dom-serafim-descreve-detalhes-do-milagre-que-beatificou-padre-eustaquio\/#primaryimage\"},\"thumbnailUrl\":\"https:\/\/www.padreeustaquio.com.br\/wp-content\/uploads\/2022\/07\/Dom-Serafim.jpeg\",\"articleSection\":[\"Not\u00edcias\"],\"inLanguage\":\"en-US\",\"potentialAction\":[{\"@type\":\"CommentAction\",\"name\":\"Comment\",\"target\":[\"https:\/\/www.padreeustaquio.com.br\/depoimento-de-dom-serafim-descreve-detalhes-do-milagre-que-beatificou-padre-eustaquio\/#respond\"]}]},{\"@type\":\"WebPage\",\"@id\":\"https:\/\/www.padreeustaquio.com.br\/depoimento-de-dom-serafim-descreve-detalhes-do-milagre-que-beatificou-padre-eustaquio\/\",\"url\":\"https:\/\/www.padreeustaquio.com.br\/depoimento-de-dom-serafim-descreve-detalhes-do-milagre-que-beatificou-padre-eustaquio\/\",\"name\":\"Depoimento de Dom Serafim descreve detalhes do milagre que beatificou Padre Eust\u00e1quio\",\"isPartOf\":{\"@id\":\"https:\/\/www.padreeustaquio.com.br\/#website\"},\"primaryImageOfPage\":{\"@id\":\"https:\/\/www.padreeustaquio.com.br\/depoimento-de-dom-serafim-descreve-detalhes-do-milagre-que-beatificou-padre-eustaquio\/#primaryimage\"},\"image\":{\"@id\":\"https:\/\/www.padreeustaquio.com.br\/depoimento-de-dom-serafim-descreve-detalhes-do-milagre-que-beatificou-padre-eustaquio\/#primaryimage\"},\"thumbnailUrl\":\"https:\/\/www.padreeustaquio.com.br\/wp-content\/uploads\/2022\/07\/Dom-Serafim.jpeg\",\"datePublished\":\"2022-07-20T14:50:00+00:00\",\"description\":\"Um depoimento dado pelo Cardeal Dom Serafim Fernandes de Ara\u00fajo em 2006, traz detalhes do fato extraordin\u00e1rio que fez com que Padre Eust\u00e1quio fosse reconhecido como Beato. O milagre foi a cura de um c\u00e2ncer de garganta que o Padre Gon\u00e7alo Bel\u00e9m Rocha tinha.\",\"breadcrumb\":{\"@id\":\"https:\/\/www.padreeustaquio.com.br\/depoimento-de-dom-serafim-descreve-detalhes-do-milagre-que-beatificou-padre-eustaquio\/#breadcrumb\"},\"inLanguage\":\"en-US\",\"potentialAction\":[{\"@type\":\"ReadAction\",\"target\":[\"https:\/\/www.padreeustaquio.com.br\/depoimento-de-dom-serafim-descreve-detalhes-do-milagre-que-beatificou-padre-eustaquio\/\"]}]},{\"@type\":\"ImageObject\",\"inLanguage\":\"en-US\",\"@id\":\"https:\/\/www.padreeustaquio.com.br\/depoimento-de-dom-serafim-descreve-detalhes-do-milagre-que-beatificou-padre-eustaquio\/#primaryimage\",\"url\":\"https:\/\/www.padreeustaquio.com.br\/wp-content\/uploads\/2022\/07\/Dom-Serafim.jpeg\",\"contentUrl\":\"https:\/\/www.padreeustaquio.com.br\/wp-content\/uploads\/2022\/07\/Dom-Serafim.jpeg\",\"width\":1280,\"height\":851},{\"@type\":\"BreadcrumbList\",\"@id\":\"https:\/\/www.padreeustaquio.com.br\/depoimento-de-dom-serafim-descreve-detalhes-do-milagre-que-beatificou-padre-eustaquio\/#breadcrumb\",\"itemListElement\":[{\"@type\":\"ListItem\",\"position\":1,\"name\":\"In\u00edcio\",\"item\":\"https:\/\/www.padreeustaquio.com.br\/\"},{\"@type\":\"ListItem\",\"position\":2,\"name\":\"Depoimento de Dom Serafim descreve detalhes do milagre que beatificou Padre Eust\u00e1quio\"}]},{\"@type\":\"WebSite\",\"@id\":\"https:\/\/www.padreeustaquio.com.br\/#website\",\"url\":\"https:\/\/www.padreeustaquio.com.br\/\",\"name\":\"Padre Eust\u00e1quio\",\"description\":\"Sa\u00fade e Paz\",\"publisher\":{\"@id\":\"https:\/\/www.padreeustaquio.com.br\/#organization\"},\"potentialAction\":[{\"@type\":\"SearchAction\",\"target\":{\"@type\":\"EntryPoint\",\"urlTemplate\":\"https:\/\/www.padreeustaquio.com.br\/?s={search_term_string}\"},\"query-input\":{\"@type\":\"PropertyValueSpecification\",\"valueRequired\":true,\"valueName\":\"search_term_string\"}}],\"inLanguage\":\"en-US\"},{\"@type\":\"Organization\",\"@id\":\"https:\/\/www.padreeustaquio.com.br\/#organization\",\"name\":\"Padre Eust\u00e1quio\",\"url\":\"https:\/\/www.padreeustaquio.com.br\/\",\"logo\":{\"@type\":\"ImageObject\",\"inLanguage\":\"en-US\",\"@id\":\"https:\/\/www.padreeustaquio.com.br\/#\/schema\/logo\/image\/\",\"url\":\"https:\/\/www.padreeustaquio.com.br\/wp-content\/uploads\/2019\/08\/marca.png\",\"contentUrl\":\"https:\/\/www.padreeustaquio.com.br\/wp-content\/uploads\/2019\/08\/marca.png\",\"width\":350,\"height\":400,\"caption\":\"Padre Eust\u00e1quio\"},\"image\":{\"@id\":\"https:\/\/www.padreeustaquio.com.br\/#\/schema\/logo\/image\/\"},\"sameAs\":[\"https:\/\/www.facebook.com\/beatopadreeustaquio\/\",\"https:\/\/x.com\/beatopeustaquio\",\"https:\/\/www.instagram.com\/beatopadreeustaquio\/\",\"https:\/\/www.youtube.com\/channel\/UCRhw7vfabnajwLxb1ZXMeIw\"]},{\"@type\":\"Person\",\"@id\":\"https:\/\/www.padreeustaquio.com.br\/#\/schema\/person\/a2a51db1d00f1a7af0204a0f1ddb1566\",\"name\":\"@sscc\",\"image\":{\"@type\":\"ImageObject\",\"inLanguage\":\"en-US\",\"@id\":\"https:\/\/secure.gravatar.com\/avatar\/68cfafa5f44617fea54071e215026e0ff06be366c3d54a8425f04fdcb86f8c5f?s=96&d=mm&r=g\",\"url\":\"https:\/\/secure.gravatar.com\/avatar\/68cfafa5f44617fea54071e215026e0ff06be366c3d54a8425f04fdcb86f8c5f?s=96&d=mm&r=g\",\"contentUrl\":\"https:\/\/secure.gravatar.com\/avatar\/68cfafa5f44617fea54071e215026e0ff06be366c3d54a8425f04fdcb86f8c5f?s=96&d=mm&r=g\",\"caption\":\"@sscc\"},\"url\":\"https:\/\/www.padreeustaquio.com.br\/en\/author\/sscc\/\"}]}<\/script>\n<!-- \/ Yoast SEO plugin. -->","yoast_head_json":{"title":"Testimony from Dom Serafim describes details of the miracle that led to the beatification of Father Eust\u00e1quio.","description":"A testimony given by Cardinal Dom Serafim Fernandes de Ara\u00fajo in 2006 details the extraordinary event that led to Father Eust\u00e1quio being recognized as Blessed. The miracle was the cure of throat cancer that Father Gon\u00e7alo Bel\u00e9m Rocha had.","robots":{"index":"index","follow":"follow","max-snippet":"max-snippet:-1","max-image-preview":"max-image-preview:large","max-video-preview":"max-video-preview:-1"},"canonical":"https:\/\/www.padreeustaquio.com.br\/en\/dom-seraphims-testimony-describes-details-of-the-miracle-that-led-to-the-beatification-of-father-eustace\/","og_locale":"en_US","og_type":"article","og_title":"Depoimento de Dom Serafim descreve detalhes do milagre que beatificou Padre Eust\u00e1quio","og_description":"Um depoimento dado pelo Cardeal Dom Serafim Fernandes de Ara\u00fajo em 2006, traz detalhes do fato extraordin\u00e1rio que fez com que Padre Eust\u00e1quio fosse reconhecido como Beato. O milagre foi a cura de um c\u00e2ncer de garganta que o Padre Gon\u00e7alo Bel\u00e9m Rocha tinha.","og_url":"https:\/\/www.padreeustaquio.com.br\/en\/dom-seraphims-testimony-describes-details-of-the-miracle-that-led-to-the-beatification-of-father-eustace\/","og_site_name":"Padre Eust\u00e1quio","article_publisher":"https:\/\/www.facebook.com\/beatopadreeustaquio\/","article_published_time":"2022-07-20T14:50:00+00:00","og_image":[{"width":1280,"height":851,"url":"https:\/\/www.padreeustaquio.com.br\/wp-content\/uploads\/2022\/07\/Dom-Serafim.jpeg","type":"image\/jpeg"}],"author":"@sscc","twitter_card":"summary_large_image","twitter_creator":"@beatopeustaquio","twitter_site":"@beatopeustaquio","twitter_misc":{"Written by":"@sscc","Est. reading time":"2 minutes"},"schema":{"@context":"https:\/\/schema.org","@graph":[{"@type":"Article","@id":"https:\/\/www.padreeustaquio.com.br\/depoimento-de-dom-serafim-descreve-detalhes-do-milagre-que-beatificou-padre-eustaquio\/#article","isPartOf":{"@id":"https:\/\/www.padreeustaquio.com.br\/depoimento-de-dom-serafim-descreve-detalhes-do-milagre-que-beatificou-padre-eustaquio\/"},"author":{"name":"@sscc","@id":"https:\/\/www.padreeustaquio.com.br\/#\/schema\/person\/a2a51db1d00f1a7af0204a0f1ddb1566"},"headline":"Depoimento de Dom Serafim descreve detalhes do milagre que beatificou Padre Eust\u00e1quio","datePublished":"2022-07-20T14:50:00+00:00","mainEntityOfPage":{"@id":"https:\/\/www.padreeustaquio.com.br\/depoimento-de-dom-serafim-descreve-detalhes-do-milagre-que-beatificou-padre-eustaquio\/"},"wordCount":318,"commentCount":0,"publisher":{"@id":"https:\/\/www.padreeustaquio.com.br\/#organization"},"image":{"@id":"https:\/\/www.padreeustaquio.com.br\/depoimento-de-dom-serafim-descreve-detalhes-do-milagre-que-beatificou-padre-eustaquio\/#primaryimage"},"thumbnailUrl":"https:\/\/www.padreeustaquio.com.br\/wp-content\/uploads\/2022\/07\/Dom-Serafim.jpeg","articleSection":["Not\u00edcias"],"inLanguage":"en-US","potentialAction":[{"@type":"CommentAction","name":"Comment","target":["https:\/\/www.padreeustaquio.com.br\/depoimento-de-dom-serafim-descreve-detalhes-do-milagre-que-beatificou-padre-eustaquio\/#respond"]}]},{"@type":"WebPage","@id":"https:\/\/www.padreeustaquio.com.br\/depoimento-de-dom-serafim-descreve-detalhes-do-milagre-que-beatificou-padre-eustaquio\/","url":"https:\/\/www.padreeustaquio.com.br\/depoimento-de-dom-serafim-descreve-detalhes-do-milagre-que-beatificou-padre-eustaquio\/","name":"Testimony from Dom Serafim describes details of the miracle that led to the beatification of Father Eust\u00e1quio.","isPartOf":{"@id":"https:\/\/www.padreeustaquio.com.br\/#website"},"primaryImageOfPage":{"@id":"https:\/\/www.padreeustaquio.com.br\/depoimento-de-dom-serafim-descreve-detalhes-do-milagre-que-beatificou-padre-eustaquio\/#primaryimage"},"image":{"@id":"https:\/\/www.padreeustaquio.com.br\/depoimento-de-dom-serafim-descreve-detalhes-do-milagre-que-beatificou-padre-eustaquio\/#primaryimage"},"thumbnailUrl":"https:\/\/www.padreeustaquio.com.br\/wp-content\/uploads\/2022\/07\/Dom-Serafim.jpeg","datePublished":"2022-07-20T14:50:00+00:00","description":"A testimony given by Cardinal Dom Serafim Fernandes de Ara\u00fajo in 2006 details the extraordinary event that led to Father Eust\u00e1quio being recognized as Blessed. The miracle was the cure of throat cancer that Father Gon\u00e7alo Bel\u00e9m Rocha had.","breadcrumb":{"@id":"https:\/\/www.padreeustaquio.com.br\/depoimento-de-dom-serafim-descreve-detalhes-do-milagre-que-beatificou-padre-eustaquio\/#breadcrumb"},"inLanguage":"en-US","potentialAction":[{"@type":"ReadAction","target":["https:\/\/www.padreeustaquio.com.br\/depoimento-de-dom-serafim-descreve-detalhes-do-milagre-que-beatificou-padre-eustaquio\/"]}]},{"@type":"ImageObject","inLanguage":"en-US","@id":"https:\/\/www.padreeustaquio.com.br\/depoimento-de-dom-serafim-descreve-detalhes-do-milagre-que-beatificou-padre-eustaquio\/#primaryimage","url":"https:\/\/www.padreeustaquio.com.br\/wp-content\/uploads\/2022\/07\/Dom-Serafim.jpeg","contentUrl":"https:\/\/www.padreeustaquio.com.br\/wp-content\/uploads\/2022\/07\/Dom-Serafim.jpeg","width":1280,"height":851},{"@type":"BreadcrumbList","@id":"https:\/\/www.padreeustaquio.com.br\/depoimento-de-dom-serafim-descreve-detalhes-do-milagre-que-beatificou-padre-eustaquio\/#breadcrumb","itemListElement":[{"@type":"ListItem","position":1,"name":"In\u00edcio","item":"https:\/\/www.padreeustaquio.com.br\/"},{"@type":"ListItem","position":2,"name":"Depoimento de Dom Serafim descreve detalhes do milagre que beatificou Padre Eust\u00e1quio"}]},{"@type":"WebSite","@id":"https:\/\/www.padreeustaquio.com.br\/#website","url":"https:\/\/www.padreeustaquio.com.br\/","name":"FATHER EUST\u00c1QUIO","description":"Health and Peace","publisher":{"@id":"https:\/\/www.padreeustaquio.com.br\/#organization"},"potentialAction":[{"@type":"SearchAction","target":{"@type":"EntryPoint","urlTemplate":"https:\/\/www.padreeustaquio.com.br\/?s={search_term_string}"},"query-input":{"@type":"PropertyValueSpecification","valueRequired":true,"valueName":"search_term_string"}}],"inLanguage":"en-US"},{"@type":"Organization","@id":"https:\/\/www.padreeustaquio.com.br\/#organization","name":"FATHER EUST\u00c1QUIO","url":"https:\/\/www.padreeustaquio.com.br\/","logo":{"@type":"ImageObject","inLanguage":"en-US","@id":"https:\/\/www.padreeustaquio.com.br\/#\/schema\/logo\/image\/","url":"https:\/\/www.padreeustaquio.com.br\/wp-content\/uploads\/2019\/08\/marca.png","contentUrl":"https:\/\/www.padreeustaquio.com.br\/wp-content\/uploads\/2019\/08\/marca.png","width":350,"height":400,"caption":"Padre Eust\u00e1quio"},"image":{"@id":"https:\/\/www.padreeustaquio.com.br\/#\/schema\/logo\/image\/"},"sameAs":["https:\/\/www.facebook.com\/beatopadreeustaquio\/","https:\/\/x.com\/beatopeustaquio","https:\/\/www.instagram.com\/beatopadreeustaquio\/","https:\/\/www.youtube.com\/channel\/UCRhw7vfabnajwLxb1ZXMeIw"]},{"@type":"Person","@id":"https:\/\/www.padreeustaquio.com.br\/#\/schema\/person\/a2a51db1d00f1a7af0204a0f1ddb1566","name":"@sscc","image":{"@type":"ImageObject","inLanguage":"en-US","@id":"https:\/\/secure.gravatar.com\/avatar\/68cfafa5f44617fea54071e215026e0ff06be366c3d54a8425f04fdcb86f8c5f?s=96&d=mm&r=g","url":"https:\/\/secure.gravatar.com\/avatar\/68cfafa5f44617fea54071e215026e0ff06be366c3d54a8425f04fdcb86f8c5f?s=96&d=mm&r=g","contentUrl":"https:\/\/secure.gravatar.com\/avatar\/68cfafa5f44617fea54071e215026e0ff06be366c3d54a8425f04fdcb86f8c5f?s=96&d=mm&r=g","caption":"@sscc"},"url":"https:\/\/www.padreeustaquio.com.br\/en\/author\/sscc\/"}]}},"_links":{"self":[{"href":"https:\/\/www.padreeustaquio.com.br\/en\/wp-json\/wp\/v2\/posts\/8996","targetHints":{"allow":["GET"]}}],"collection":[{"href":"https:\/\/www.padreeustaquio.com.br\/en\/wp-json\/wp\/v2\/posts"}],"about":[{"href":"https:\/\/www.padreeustaquio.com.br\/en\/wp-json\/wp\/v2\/types\/post"}],"author":[{"embeddable":true,"href":"https:\/\/www.padreeustaquio.com.br\/en\/wp-json\/wp\/v2\/users\/2"}],"replies":[{"embeddable":true,"href":"https:\/\/www.padreeustaquio.com.br\/en\/wp-json\/wp\/v2\/comments?post=8996"}],"version-history":[{"count":0,"href":"https:\/\/www.padreeustaquio.com.br\/en\/wp-json\/wp\/v2\/posts\/8996\/revisions"}],"wp:featuredmedia":[{"embeddable":true,"href":"https:\/\/www.padreeustaquio.com.br\/en\/wp-json\/wp\/v2\/media\/9005"}],"wp:attachment":[{"href":"https:\/\/www.padreeustaquio.com.br\/en\/wp-json\/wp\/v2\/media?parent=8996"}],"wp:term":[{"taxonomy":"category","embeddable":true,"href":"https:\/\/www.padreeustaquio.com.br\/en\/wp-json\/wp\/v2\/categories?post=8996"},{"taxonomy":"post_tag","embeddable":true,"href":"https:\/\/www.padreeustaquio.com.br\/en\/wp-json\/wp\/v2\/tags?post=8996"}],"curies":[{"name":"wp","href":"https:\/\/api.w.org\/{rel}","templated":true}]}}