{"id":8982,"date":"2022-07-18T06:26:00","date_gmt":"2022-07-18T09:26:00","guid":{"rendered":"https:\/\/www.padreeustaquio.com.br\/?p=8982"},"modified":"2022-07-18T06:24:17","modified_gmt":"2022-07-18T09:24:17","slug":"father-eustaquios-church-participates-in-archdiocesan-meeting-on-charity","status":"publish","type":"post","link":"https:\/\/www.padreeustaquio.com.br\/en\/father-eustaquios-church-participates-in-archdiocesan-meeting-on-charity\/","title":{"rendered":"Father Eust\u00e1quio&#039;s Church participates in Archdiocese meeting on charity."},"content":{"rendered":"<p>The 1st Missionary Charity Meeting of the Shrines of the Archdiocese of Belo Horizonte brought together rectors and representatives of the archdiocesan shrines at the S\u00e3o Judas Tadeu Center for Evangelization and Social Works. Representing the Archdiocesan Shrine of Health and Peace, the Church of Father Eust\u00e1quio, Marisa Campos, president of the Ladies of Charity, attended the event.<\/p>\n\n\n\n<p>Illuminated by the theme &quot;The Theological Meaning of Charity,&quot; the meeting was coordinated by Father Roberto Rubens, rector of the Archdiocesan Sanctuary of Our Lady of the Conception of the Poor. Father Andr\u00e9 Lage, parish priest and rector of the Archdiocesan Sanctuary of Saint Jude Thaddeus, was responsible for the welcoming.<\/p>\n\n\n\n<p>During the meeting, each Sanctuary was present with a video about its main missionary actions focused on welcoming and tirelessly serving the poorest. Marisa Campos presented the social projects developed by the Sanctuary, such as the Ladies of Charity and the Padre Eust\u00e1quio Daycare Centers. <\/p>\n\n\n\n<p>The video, recorded by the National Secretariat for the Cause of Canonization team, showed the collection of food, clothing, and cleaning supplies by the &quot;Ladies,&quot; as well as the organization and work of the volunteers at the church. The material also presented the service provided at the daycare centers, serving nearly 400 children. <\/p>\n\n\n\n<p>Father M\u00e1rcio Paiva, a formator at the Sacred Heart of Jesus Archdiocesan Seminary (Sacej), led a reflection on the Theological Meaning of Charity, highlighting the significance of love and the relationship with God, a single reality with countless dimensions. \u201cBeing Christian is not an ethical or dogmatic agenda; it springs from an encounter with God,\u201d Father M\u00e1rcio emphasized. \u201cThe relationship with God weakens if I distance myself from my neighbor. Charity is the response to challenges,\u201d he concluded.<\/p>\n\n\n\n<p><\/p>","protected":false},"excerpt":{"rendered":"<p>O 1\u00ba Encontro Mission\u00e1rio da Caridade dos Santu\u00e1rios da Arquidiocese de Belo Horizonte reuniu reitores e representantes dos santu\u00e1rios arquidiocesanos, no Centro de Evangeliza\u00e7\u00e3o e Obras Sociais S\u00e3o Judas Tadeu. Representando o Santu\u00e1rio Arquidiocesano da Sa\u00fade e da Paz, a Igreja do Padre Eust\u00e1quio, Marisa Campos, presidente das Damas da Caridade, compareceu ao evento. Iluminado pelo tema \u201cO Sentido Teol\u00f3gico da Caridade\u201d, o Encontro foi coordenado por padre Roberto Rubens, reitor do Santu\u00e1rio Arquidiocesano Nossa Senhora da Concei\u00e7\u00e3o dos Pobres. Padre Andr\u00e9 Lage, p\u00e1roco e reitor do Santu\u00e1rio Arquidiocesano S\u00e3o Judas Tadeu, foi respons\u00e1vel pela acolhida. Durante o Encontro, cada [&hellip;]<\/p>\n","protected":false},"author":2,"featured_media":8983,"comment_status":"open","ping_status":"closed","sticky":false,"template":"","format":"standard","meta":{"_acf_changed":false,"footnotes":""},"categories":[611],"tags":[],"class_list":["post-8982","post","type-post","status-publish","format-standard","has-post-thumbnail","hentry","category-noticias"],"acf":[],"yoast_head":"<!-- This site is optimized with the Yoast SEO plugin v27.2 - https:\/\/yoast.com\/product\/yoast-seo-wordpress\/ -->\n<title>Igreja do Padre Eust\u00e1quio participa de Encontro da Arquidiocese sobre a caridade<\/title>\n<meta name=\"description\" content=\"O 1\u00ba Encontro Mission\u00e1rio da Caridade dos Santu\u00e1rios da Arquidiocese de Belo Horizonte reuniu reitores e representantes dos santu\u00e1rios arquidiocesanos, no Centro de Evangeliza\u00e7\u00e3o e Obras Sociais S\u00e3o Judas Tadeu. Representando o Santu\u00e1rio Arquidiocesano da Sa\u00fade e da Paz, a Igreja do Padre Eust\u00e1quio, Marisa Campos, presidente das Damas da Caridade, compareceu ao evento.\" \/>\n<meta name=\"robots\" content=\"index, follow, max-snippet:-1, max-image-preview:large, max-video-preview:-1\" \/>\n<link rel=\"canonical\" href=\"https:\/\/www.padreeustaquio.com.br\/en\/father-eustaquios-church-participates-in-archdiocesan-meeting-on-charity\/\" \/>\n<meta property=\"og:locale\" content=\"en_US\" \/>\n<meta property=\"og:type\" content=\"article\" \/>\n<meta property=\"og:title\" content=\"Igreja do Padre Eust\u00e1quio participa de Encontro da Arquidiocese sobre a caridade\" \/>\n<meta property=\"og:description\" content=\"O 1\u00ba Encontro Mission\u00e1rio da Caridade dos Santu\u00e1rios da Arquidiocese de Belo Horizonte reuniu reitores e representantes dos santu\u00e1rios arquidiocesanos, no Centro de Evangeliza\u00e7\u00e3o e Obras Sociais S\u00e3o Judas Tadeu. Representando o Santu\u00e1rio Arquidiocesano da Sa\u00fade e da Paz, a Igreja do Padre Eust\u00e1quio, Marisa Campos, presidente das Damas da Caridade, compareceu ao evento.\" \/>\n<meta property=\"og:url\" content=\"https:\/\/www.padreeustaquio.com.br\/en\/father-eustaquios-church-participates-in-archdiocesan-meeting-on-charity\/\" \/>\n<meta property=\"og:site_name\" content=\"Padre Eust\u00e1quio\" \/>\n<meta property=\"article:publisher\" content=\"https:\/\/www.facebook.com\/beatopadreeustaquio\/\" \/>\n<meta property=\"article:published_time\" content=\"2022-07-18T09:26:00+00:00\" \/>\n<meta property=\"og:image\" content=\"https:\/\/www.padreeustaquio.com.br\/wp-content\/uploads\/2022\/07\/encontro-missionario-da-caridade.png\" \/>\n\t<meta property=\"og:image:width\" content=\"798\" \/>\n\t<meta property=\"og:image:height\" content=\"399\" \/>\n\t<meta property=\"og:image:type\" content=\"image\/png\" \/>\n<meta name=\"author\" content=\"@sscc\" \/>\n<meta name=\"twitter:card\" content=\"summary_large_image\" \/>\n<meta name=\"twitter:creator\" content=\"@beatopeustaquio\" \/>\n<meta name=\"twitter:site\" content=\"@beatopeustaquio\" \/>\n<meta name=\"twitter:label1\" content=\"Written by\" \/>\n\t<meta name=\"twitter:data1\" content=\"@sscc\" \/>\n\t<meta name=\"twitter:label2\" content=\"Est. reading time\" \/>\n\t<meta name=\"twitter:data2\" content=\"2 minutes\" \/>\n<script type=\"application\/ld+json\" class=\"yoast-schema-graph\">{\"@context\":\"https:\/\/schema.org\",\"@graph\":[{\"@type\":\"Article\",\"@id\":\"https:\/\/www.padreeustaquio.com.br\/igreja-do-padre-eustaquio-participa-de-encontro-da-arquidiocese-sobre-a-caridade\/#article\",\"isPartOf\":{\"@id\":\"https:\/\/www.padreeustaquio.com.br\/igreja-do-padre-eustaquio-participa-de-encontro-da-arquidiocese-sobre-a-caridade\/\"},\"author\":{\"name\":\"@sscc\",\"@id\":\"https:\/\/www.padreeustaquio.com.br\/#\/schema\/person\/a2a51db1d00f1a7af0204a0f1ddb1566\"},\"headline\":\"Igreja do Padre Eust\u00e1quio participa de Encontro da Arquidiocese sobre a caridade\",\"datePublished\":\"2022-07-18T09:26:00+00:00\",\"mainEntityOfPage\":{\"@id\":\"https:\/\/www.padreeustaquio.com.br\/igreja-do-padre-eustaquio-participa-de-encontro-da-arquidiocese-sobre-a-caridade\/\"},\"wordCount\":316,\"commentCount\":0,\"publisher\":{\"@id\":\"https:\/\/www.padreeustaquio.com.br\/#organization\"},\"image\":{\"@id\":\"https:\/\/www.padreeustaquio.com.br\/igreja-do-padre-eustaquio-participa-de-encontro-da-arquidiocese-sobre-a-caridade\/#primaryimage\"},\"thumbnailUrl\":\"https:\/\/www.padreeustaquio.com.br\/wp-content\/uploads\/2022\/07\/encontro-missionario-da-caridade.png\",\"articleSection\":[\"Not\u00edcias\"],\"inLanguage\":\"en-US\",\"potentialAction\":[{\"@type\":\"CommentAction\",\"name\":\"Comment\",\"target\":[\"https:\/\/www.padreeustaquio.com.br\/igreja-do-padre-eustaquio-participa-de-encontro-da-arquidiocese-sobre-a-caridade\/#respond\"]}]},{\"@type\":\"WebPage\",\"@id\":\"https:\/\/www.padreeustaquio.com.br\/igreja-do-padre-eustaquio-participa-de-encontro-da-arquidiocese-sobre-a-caridade\/\",\"url\":\"https:\/\/www.padreeustaquio.com.br\/igreja-do-padre-eustaquio-participa-de-encontro-da-arquidiocese-sobre-a-caridade\/\",\"name\":\"Igreja do Padre Eust\u00e1quio participa de Encontro da Arquidiocese sobre a caridade\",\"isPartOf\":{\"@id\":\"https:\/\/www.padreeustaquio.com.br\/#website\"},\"primaryImageOfPage\":{\"@id\":\"https:\/\/www.padreeustaquio.com.br\/igreja-do-padre-eustaquio-participa-de-encontro-da-arquidiocese-sobre-a-caridade\/#primaryimage\"},\"image\":{\"@id\":\"https:\/\/www.padreeustaquio.com.br\/igreja-do-padre-eustaquio-participa-de-encontro-da-arquidiocese-sobre-a-caridade\/#primaryimage\"},\"thumbnailUrl\":\"https:\/\/www.padreeustaquio.com.br\/wp-content\/uploads\/2022\/07\/encontro-missionario-da-caridade.png\",\"datePublished\":\"2022-07-18T09:26:00+00:00\",\"description\":\"O 1\u00ba Encontro Mission\u00e1rio da Caridade dos Santu\u00e1rios da Arquidiocese de Belo Horizonte reuniu reitores e representantes dos santu\u00e1rios arquidiocesanos, no Centro de Evangeliza\u00e7\u00e3o e Obras Sociais S\u00e3o Judas Tadeu. Representando o Santu\u00e1rio Arquidiocesano da Sa\u00fade e da Paz, a Igreja do Padre Eust\u00e1quio, Marisa Campos, presidente das Damas da Caridade, compareceu ao evento.\",\"breadcrumb\":{\"@id\":\"https:\/\/www.padreeustaquio.com.br\/igreja-do-padre-eustaquio-participa-de-encontro-da-arquidiocese-sobre-a-caridade\/#breadcrumb\"},\"inLanguage\":\"en-US\",\"potentialAction\":[{\"@type\":\"ReadAction\",\"target\":[\"https:\/\/www.padreeustaquio.com.br\/igreja-do-padre-eustaquio-participa-de-encontro-da-arquidiocese-sobre-a-caridade\/\"]}]},{\"@type\":\"ImageObject\",\"inLanguage\":\"en-US\",\"@id\":\"https:\/\/www.padreeustaquio.com.br\/igreja-do-padre-eustaquio-participa-de-encontro-da-arquidiocese-sobre-a-caridade\/#primaryimage\",\"url\":\"https:\/\/www.padreeustaquio.com.br\/wp-content\/uploads\/2022\/07\/encontro-missionario-da-caridade.png\",\"contentUrl\":\"https:\/\/www.padreeustaquio.com.br\/wp-content\/uploads\/2022\/07\/encontro-missionario-da-caridade.png\",\"width\":798,\"height\":399,\"caption\":\"O encontro foi realizado no Santu\u00e1rio S\u00e3o Judas Tadeu\"},{\"@type\":\"BreadcrumbList\",\"@id\":\"https:\/\/www.padreeustaquio.com.br\/igreja-do-padre-eustaquio-participa-de-encontro-da-arquidiocese-sobre-a-caridade\/#breadcrumb\",\"itemListElement\":[{\"@type\":\"ListItem\",\"position\":1,\"name\":\"In\u00edcio\",\"item\":\"https:\/\/www.padreeustaquio.com.br\/\"},{\"@type\":\"ListItem\",\"position\":2,\"name\":\"Igreja do Padre Eust\u00e1quio participa de Encontro da Arquidiocese sobre a caridade\"}]},{\"@type\":\"WebSite\",\"@id\":\"https:\/\/www.padreeustaquio.com.br\/#website\",\"url\":\"https:\/\/www.padreeustaquio.com.br\/\",\"name\":\"Padre Eust\u00e1quio\",\"description\":\"Sa\u00fade e Paz\",\"publisher\":{\"@id\":\"https:\/\/www.padreeustaquio.com.br\/#organization\"},\"potentialAction\":[{\"@type\":\"SearchAction\",\"target\":{\"@type\":\"EntryPoint\",\"urlTemplate\":\"https:\/\/www.padreeustaquio.com.br\/?s={search_term_string}\"},\"query-input\":{\"@type\":\"PropertyValueSpecification\",\"valueRequired\":true,\"valueName\":\"search_term_string\"}}],\"inLanguage\":\"en-US\"},{\"@type\":\"Organization\",\"@id\":\"https:\/\/www.padreeustaquio.com.br\/#organization\",\"name\":\"Padre Eust\u00e1quio\",\"url\":\"https:\/\/www.padreeustaquio.com.br\/\",\"logo\":{\"@type\":\"ImageObject\",\"inLanguage\":\"en-US\",\"@id\":\"https:\/\/www.padreeustaquio.com.br\/#\/schema\/logo\/image\/\",\"url\":\"https:\/\/www.padreeustaquio.com.br\/wp-content\/uploads\/2019\/08\/marca.png\",\"contentUrl\":\"https:\/\/www.padreeustaquio.com.br\/wp-content\/uploads\/2019\/08\/marca.png\",\"width\":350,\"height\":400,\"caption\":\"Padre Eust\u00e1quio\"},\"image\":{\"@id\":\"https:\/\/www.padreeustaquio.com.br\/#\/schema\/logo\/image\/\"},\"sameAs\":[\"https:\/\/www.facebook.com\/beatopadreeustaquio\/\",\"https:\/\/x.com\/beatopeustaquio\",\"https:\/\/www.instagram.com\/beatopadreeustaquio\/\",\"https:\/\/www.youtube.com\/channel\/UCRhw7vfabnajwLxb1ZXMeIw\"]},{\"@type\":\"Person\",\"@id\":\"https:\/\/www.padreeustaquio.com.br\/#\/schema\/person\/a2a51db1d00f1a7af0204a0f1ddb1566\",\"name\":\"@sscc\",\"image\":{\"@type\":\"ImageObject\",\"inLanguage\":\"en-US\",\"@id\":\"https:\/\/secure.gravatar.com\/avatar\/68cfafa5f44617fea54071e215026e0ff06be366c3d54a8425f04fdcb86f8c5f?s=96&d=mm&r=g\",\"url\":\"https:\/\/secure.gravatar.com\/avatar\/68cfafa5f44617fea54071e215026e0ff06be366c3d54a8425f04fdcb86f8c5f?s=96&d=mm&r=g\",\"contentUrl\":\"https:\/\/secure.gravatar.com\/avatar\/68cfafa5f44617fea54071e215026e0ff06be366c3d54a8425f04fdcb86f8c5f?s=96&d=mm&r=g\",\"caption\":\"@sscc\"},\"url\":\"https:\/\/www.padreeustaquio.com.br\/en\/author\/sscc\/\"}]}<\/script>\n<!-- \/ Yoast SEO plugin. -->","yoast_head_json":{"title":"Father Eust\u00e1quio&#039;s Church participates in Archdiocese meeting on charity.","description":"The 1st Missionary Charity Meeting of the Shrines of the Archdiocese of Belo Horizonte brought together rectors and representatives of the archdiocesan shrines at the S\u00e3o Judas Tadeu Center for Evangelization and Social Works. Representing the Archdiocesan Shrine of Health and Peace, the Church of Father Eust\u00e1quio, Marisa Campos, president of the Ladies of Charity, attended the event.","robots":{"index":"index","follow":"follow","max-snippet":"max-snippet:-1","max-image-preview":"max-image-preview:large","max-video-preview":"max-video-preview:-1"},"canonical":"https:\/\/www.padreeustaquio.com.br\/en\/father-eustaquios-church-participates-in-archdiocesan-meeting-on-charity\/","og_locale":"en_US","og_type":"article","og_title":"Igreja do Padre Eust\u00e1quio participa de Encontro da Arquidiocese sobre a caridade","og_description":"O 1\u00ba Encontro Mission\u00e1rio da Caridade dos Santu\u00e1rios da Arquidiocese de Belo Horizonte reuniu reitores e representantes dos santu\u00e1rios arquidiocesanos, no Centro de Evangeliza\u00e7\u00e3o e Obras Sociais S\u00e3o Judas Tadeu. Representando o Santu\u00e1rio Arquidiocesano da Sa\u00fade e da Paz, a Igreja do Padre Eust\u00e1quio, Marisa Campos, presidente das Damas da Caridade, compareceu ao evento.","og_url":"https:\/\/www.padreeustaquio.com.br\/en\/father-eustaquios-church-participates-in-archdiocesan-meeting-on-charity\/","og_site_name":"Padre Eust\u00e1quio","article_publisher":"https:\/\/www.facebook.com\/beatopadreeustaquio\/","article_published_time":"2022-07-18T09:26:00+00:00","og_image":[{"width":798,"height":399,"url":"https:\/\/www.padreeustaquio.com.br\/wp-content\/uploads\/2022\/07\/encontro-missionario-da-caridade.png","type":"image\/png"}],"author":"@sscc","twitter_card":"summary_large_image","twitter_creator":"@beatopeustaquio","twitter_site":"@beatopeustaquio","twitter_misc":{"Written by":"@sscc","Est. reading time":"2 minutes"},"schema":{"@context":"https:\/\/schema.org","@graph":[{"@type":"Article","@id":"https:\/\/www.padreeustaquio.com.br\/igreja-do-padre-eustaquio-participa-de-encontro-da-arquidiocese-sobre-a-caridade\/#article","isPartOf":{"@id":"https:\/\/www.padreeustaquio.com.br\/igreja-do-padre-eustaquio-participa-de-encontro-da-arquidiocese-sobre-a-caridade\/"},"author":{"name":"@sscc","@id":"https:\/\/www.padreeustaquio.com.br\/#\/schema\/person\/a2a51db1d00f1a7af0204a0f1ddb1566"},"headline":"Igreja do Padre Eust\u00e1quio participa de Encontro da Arquidiocese sobre a caridade","datePublished":"2022-07-18T09:26:00+00:00","mainEntityOfPage":{"@id":"https:\/\/www.padreeustaquio.com.br\/igreja-do-padre-eustaquio-participa-de-encontro-da-arquidiocese-sobre-a-caridade\/"},"wordCount":316,"commentCount":0,"publisher":{"@id":"https:\/\/www.padreeustaquio.com.br\/#organization"},"image":{"@id":"https:\/\/www.padreeustaquio.com.br\/igreja-do-padre-eustaquio-participa-de-encontro-da-arquidiocese-sobre-a-caridade\/#primaryimage"},"thumbnailUrl":"https:\/\/www.padreeustaquio.com.br\/wp-content\/uploads\/2022\/07\/encontro-missionario-da-caridade.png","articleSection":["Not\u00edcias"],"inLanguage":"en-US","potentialAction":[{"@type":"CommentAction","name":"Comment","target":["https:\/\/www.padreeustaquio.com.br\/igreja-do-padre-eustaquio-participa-de-encontro-da-arquidiocese-sobre-a-caridade\/#respond"]}]},{"@type":"WebPage","@id":"https:\/\/www.padreeustaquio.com.br\/igreja-do-padre-eustaquio-participa-de-encontro-da-arquidiocese-sobre-a-caridade\/","url":"https:\/\/www.padreeustaquio.com.br\/igreja-do-padre-eustaquio-participa-de-encontro-da-arquidiocese-sobre-a-caridade\/","name":"Father Eust\u00e1quio&#039;s Church participates in Archdiocese meeting on charity.","isPartOf":{"@id":"https:\/\/www.padreeustaquio.com.br\/#website"},"primaryImageOfPage":{"@id":"https:\/\/www.padreeustaquio.com.br\/igreja-do-padre-eustaquio-participa-de-encontro-da-arquidiocese-sobre-a-caridade\/#primaryimage"},"image":{"@id":"https:\/\/www.padreeustaquio.com.br\/igreja-do-padre-eustaquio-participa-de-encontro-da-arquidiocese-sobre-a-caridade\/#primaryimage"},"thumbnailUrl":"https:\/\/www.padreeustaquio.com.br\/wp-content\/uploads\/2022\/07\/encontro-missionario-da-caridade.png","datePublished":"2022-07-18T09:26:00+00:00","description":"The 1st Missionary Charity Meeting of the Shrines of the Archdiocese of Belo Horizonte brought together rectors and representatives of the archdiocesan shrines at the S\u00e3o Judas Tadeu Center for Evangelization and Social Works. Representing the Archdiocesan Shrine of Health and Peace, the Church of Father Eust\u00e1quio, Marisa Campos, president of the Ladies of Charity, attended the event.","breadcrumb":{"@id":"https:\/\/www.padreeustaquio.com.br\/igreja-do-padre-eustaquio-participa-de-encontro-da-arquidiocese-sobre-a-caridade\/#breadcrumb"},"inLanguage":"en-US","potentialAction":[{"@type":"ReadAction","target":["https:\/\/www.padreeustaquio.com.br\/igreja-do-padre-eustaquio-participa-de-encontro-da-arquidiocese-sobre-a-caridade\/"]}]},{"@type":"ImageObject","inLanguage":"en-US","@id":"https:\/\/www.padreeustaquio.com.br\/igreja-do-padre-eustaquio-participa-de-encontro-da-arquidiocese-sobre-a-caridade\/#primaryimage","url":"https:\/\/www.padreeustaquio.com.br\/wp-content\/uploads\/2022\/07\/encontro-missionario-da-caridade.png","contentUrl":"https:\/\/www.padreeustaquio.com.br\/wp-content\/uploads\/2022\/07\/encontro-missionario-da-caridade.png","width":798,"height":399,"caption":"O encontro foi realizado no Santu\u00e1rio S\u00e3o Judas Tadeu"},{"@type":"BreadcrumbList","@id":"https:\/\/www.padreeustaquio.com.br\/igreja-do-padre-eustaquio-participa-de-encontro-da-arquidiocese-sobre-a-caridade\/#breadcrumb","itemListElement":[{"@type":"ListItem","position":1,"name":"In\u00edcio","item":"https:\/\/www.padreeustaquio.com.br\/"},{"@type":"ListItem","position":2,"name":"Igreja do Padre Eust\u00e1quio participa de Encontro da Arquidiocese sobre a caridade"}]},{"@type":"WebSite","@id":"https:\/\/www.padreeustaquio.com.br\/#website","url":"https:\/\/www.padreeustaquio.com.br\/","name":"FATHER EUST\u00c1QUIO","description":"Health and Peace","publisher":{"@id":"https:\/\/www.padreeustaquio.com.br\/#organization"},"potentialAction":[{"@type":"SearchAction","target":{"@type":"EntryPoint","urlTemplate":"https:\/\/www.padreeustaquio.com.br\/?s={search_term_string}"},"query-input":{"@type":"PropertyValueSpecification","valueRequired":true,"valueName":"search_term_string"}}],"inLanguage":"en-US"},{"@type":"Organization","@id":"https:\/\/www.padreeustaquio.com.br\/#organization","name":"FATHER EUST\u00c1QUIO","url":"https:\/\/www.padreeustaquio.com.br\/","logo":{"@type":"ImageObject","inLanguage":"en-US","@id":"https:\/\/www.padreeustaquio.com.br\/#\/schema\/logo\/image\/","url":"https:\/\/www.padreeustaquio.com.br\/wp-content\/uploads\/2019\/08\/marca.png","contentUrl":"https:\/\/www.padreeustaquio.com.br\/wp-content\/uploads\/2019\/08\/marca.png","width":350,"height":400,"caption":"Padre Eust\u00e1quio"},"image":{"@id":"https:\/\/www.padreeustaquio.com.br\/#\/schema\/logo\/image\/"},"sameAs":["https:\/\/www.facebook.com\/beatopadreeustaquio\/","https:\/\/x.com\/beatopeustaquio","https:\/\/www.instagram.com\/beatopadreeustaquio\/","https:\/\/www.youtube.com\/channel\/UCRhw7vfabnajwLxb1ZXMeIw"]},{"@type":"Person","@id":"https:\/\/www.padreeustaquio.com.br\/#\/schema\/person\/a2a51db1d00f1a7af0204a0f1ddb1566","name":"@sscc","image":{"@type":"ImageObject","inLanguage":"en-US","@id":"https:\/\/secure.gravatar.com\/avatar\/68cfafa5f44617fea54071e215026e0ff06be366c3d54a8425f04fdcb86f8c5f?s=96&d=mm&r=g","url":"https:\/\/secure.gravatar.com\/avatar\/68cfafa5f44617fea54071e215026e0ff06be366c3d54a8425f04fdcb86f8c5f?s=96&d=mm&r=g","contentUrl":"https:\/\/secure.gravatar.com\/avatar\/68cfafa5f44617fea54071e215026e0ff06be366c3d54a8425f04fdcb86f8c5f?s=96&d=mm&r=g","caption":"@sscc"},"url":"https:\/\/www.padreeustaquio.com.br\/en\/author\/sscc\/"}]}},"_links":{"self":[{"href":"https:\/\/www.padreeustaquio.com.br\/en\/wp-json\/wp\/v2\/posts\/8982","targetHints":{"allow":["GET"]}}],"collection":[{"href":"https:\/\/www.padreeustaquio.com.br\/en\/wp-json\/wp\/v2\/posts"}],"about":[{"href":"https:\/\/www.padreeustaquio.com.br\/en\/wp-json\/wp\/v2\/types\/post"}],"author":[{"embeddable":true,"href":"https:\/\/www.padreeustaquio.com.br\/en\/wp-json\/wp\/v2\/users\/2"}],"replies":[{"embeddable":true,"href":"https:\/\/www.padreeustaquio.com.br\/en\/wp-json\/wp\/v2\/comments?post=8982"}],"version-history":[{"count":0,"href":"https:\/\/www.padreeustaquio.com.br\/en\/wp-json\/wp\/v2\/posts\/8982\/revisions"}],"wp:featuredmedia":[{"embeddable":true,"href":"https:\/\/www.padreeustaquio.com.br\/en\/wp-json\/wp\/v2\/media\/8983"}],"wp:attachment":[{"href":"https:\/\/www.padreeustaquio.com.br\/en\/wp-json\/wp\/v2\/media?parent=8982"}],"wp:term":[{"taxonomy":"category","embeddable":true,"href":"https:\/\/www.padreeustaquio.com.br\/en\/wp-json\/wp\/v2\/categories?post=8982"},{"taxonomy":"post_tag","embeddable":true,"href":"https:\/\/www.padreeustaquio.com.br\/en\/wp-json\/wp\/v2\/tags?post=8982"}],"curies":[{"name":"wp","href":"https:\/\/api.w.org\/{rel}","templated":true}]}}