{"id":8969,"date":"2022-07-15T06:49:00","date_gmt":"2022-07-15T09:49:00","guid":{"rendered":"https:\/\/www.padreeustaquio.com.br\/?p=8969"},"modified":"2022-07-13T08:56:51","modified_gmt":"2022-07-13T11:56:51","slug":"the-novena-to-blessed-father-eustace-is-available-on-our-youtube-channel","status":"publish","type":"post","link":"https:\/\/www.padreeustaquio.com.br\/en\/the-novena-to-blessed-father-eustace-is-available-on-our-youtube-channel\/","title":{"rendered":"The Novena to Blessed Father Eustace is available on our YouTube channel."},"content":{"rendered":"<p>If you are a devotee of Blessed Father Eustace, you can do so through our YouTube channel. <a href=\"https:\/\/www.youtube.com\/playlist?list=PL7SBzddW7Uzk1IqSF0ZcVXkFjlzGEw5TL\" target=\"_blank\" rel=\"noreferrer noopener\">Novena to the Blessed One.<\/a> All nine days are available on the platform for the faithful to follow.<\/p>\n\n\n\n<p>The novena is led by Father Vin\u00edcius Maciel, ss.cc, representative (vice-postulator) of the Cause of Canonization of Blessed Father Eust\u00e1quio. The material was created based on the Blessed&#039;s novena booklet, which can be purchased at Father Eust\u00e1quio&#039;s store.<\/p>\n\n\n\n<p>The recording of the Novena to Father Eust\u00e1quio was made in July 2021, in the chapel of the Provincial Headquarters of the Sacred Hearts in Brazil, in Belo Horizonte\/MG, by the Communication team of the National Secretariat for the Cause of Canonization.<\/p>\n\n\n\n<p><\/p>","protected":false},"excerpt":{"rendered":"<p>Voc\u00ea que \u00e9 devoto do Beato Padre Eust\u00e1quio, pode fazer pelo nosso YouTube, a Novena ao Bem-aventurado. Os nove dias se encontram dispon\u00edveis na plataforma para acompanhamento dos fi\u00e9is. A novena \u00e9 dirigida pelo Padre Vin\u00edcius Maciel, ss.cc, representante (vice-postulador) da Causa de Canoniza\u00e7\u00e3o do Beato Padre Eust\u00e1quio. O material foi feito com base no livrinho da novena do Beato, que pode ser adquirido na loja do Padre Eust\u00e1quio. A grava\u00e7\u00e3o da Novena ao Padre Eust\u00e1quio foi realizada em julho de 2021, na capela da Sede Provincial dos Sagrados Cora\u00e7\u00f5es no Brasil, em Belo Horizonte\/MG pela equipe de Comunica\u00e7\u00e3o do [&hellip;]<\/p>\n","protected":false},"author":2,"featured_media":8970,"comment_status":"open","ping_status":"closed","sticky":false,"template":"","format":"standard","meta":{"_acf_changed":false,"footnotes":""},"categories":[611],"tags":[],"class_list":["post-8969","post","type-post","status-publish","format-standard","has-post-thumbnail","hentry","category-noticias"],"acf":[],"yoast_head":"<!-- This site is optimized with the Yoast SEO plugin v27.2 - https:\/\/yoast.com\/product\/yoast-seo-wordpress\/ -->\n<title>Novena ao Beato Padre Eust\u00e1quio est\u00e1 dispon\u00edvel em nosso Canal no YouTube<\/title>\n<meta name=\"description\" content=\"Voc\u00ea que \u00e9 devoto do Beato Padre Eust\u00e1quio, pode fazer pelo nosso YouTube, a Novena ao Bem-aventurado. Os nove dias se encontram dispon\u00edveis na plataforma para acompanhamento dos fi\u00e9is.\" \/>\n<meta name=\"robots\" content=\"index, follow, max-snippet:-1, max-image-preview:large, max-video-preview:-1\" \/>\n<link rel=\"canonical\" href=\"https:\/\/www.padreeustaquio.com.br\/en\/the-novena-to-blessed-father-eustace-is-available-on-our-youtube-channel\/\" \/>\n<meta property=\"og:locale\" content=\"en_US\" \/>\n<meta property=\"og:type\" content=\"article\" \/>\n<meta property=\"og:title\" content=\"Novena ao Beato Padre Eust\u00e1quio est\u00e1 dispon\u00edvel em nosso Canal no YouTube\" \/>\n<meta property=\"og:description\" content=\"Voc\u00ea que \u00e9 devoto do Beato Padre Eust\u00e1quio, pode fazer pelo nosso YouTube, a Novena ao Bem-aventurado. Os nove dias se encontram dispon\u00edveis na plataforma para acompanhamento dos fi\u00e9is.\" \/>\n<meta property=\"og:url\" content=\"https:\/\/www.padreeustaquio.com.br\/en\/the-novena-to-blessed-father-eustace-is-available-on-our-youtube-channel\/\" \/>\n<meta property=\"og:site_name\" content=\"Padre Eust\u00e1quio\" \/>\n<meta property=\"article:publisher\" content=\"https:\/\/www.facebook.com\/beatopadreeustaquio\/\" \/>\n<meta property=\"article:published_time\" content=\"2022-07-15T09:49:00+00:00\" \/>\n<meta property=\"og:image\" content=\"https:\/\/www.padreeustaquio.com.br\/wp-content\/uploads\/2022\/07\/Playlist-novena-youtube.jpeg\" \/>\n\t<meta property=\"og:image:width\" content=\"978\" \/>\n\t<meta property=\"og:image:height\" content=\"511\" \/>\n\t<meta property=\"og:image:type\" content=\"image\/jpeg\" \/>\n<meta name=\"author\" content=\"@sscc\" \/>\n<meta name=\"twitter:card\" content=\"summary_large_image\" \/>\n<meta name=\"twitter:creator\" content=\"@beatopeustaquio\" \/>\n<meta name=\"twitter:site\" content=\"@beatopeustaquio\" \/>\n<meta name=\"twitter:label1\" content=\"Written by\" \/>\n\t<meta name=\"twitter:data1\" content=\"@sscc\" \/>\n\t<meta name=\"twitter:label2\" content=\"Est. reading time\" \/>\n\t<meta name=\"twitter:data2\" content=\"1 minute\" \/>\n<script type=\"application\/ld+json\" class=\"yoast-schema-graph\">{\"@context\":\"https:\/\/schema.org\",\"@graph\":[{\"@type\":\"Article\",\"@id\":\"https:\/\/www.padreeustaquio.com.br\/novena-ao-beato-padre-eustaquio-esta-disponivel-em-nosso-canal-no-youtube\/#article\",\"isPartOf\":{\"@id\":\"https:\/\/www.padreeustaquio.com.br\/novena-ao-beato-padre-eustaquio-esta-disponivel-em-nosso-canal-no-youtube\/\"},\"author\":{\"name\":\"@sscc\",\"@id\":\"https:\/\/www.padreeustaquio.com.br\/#\/schema\/person\/a2a51db1d00f1a7af0204a0f1ddb1566\"},\"headline\":\"Novena ao Beato Padre Eust\u00e1quio est\u00e1 dispon\u00edvel em nosso Canal no YouTube\",\"datePublished\":\"2022-07-15T09:49:00+00:00\",\"mainEntityOfPage\":{\"@id\":\"https:\/\/www.padreeustaquio.com.br\/novena-ao-beato-padre-eustaquio-esta-disponivel-em-nosso-canal-no-youtube\/\"},\"wordCount\":131,\"commentCount\":0,\"publisher\":{\"@id\":\"https:\/\/www.padreeustaquio.com.br\/#organization\"},\"image\":{\"@id\":\"https:\/\/www.padreeustaquio.com.br\/novena-ao-beato-padre-eustaquio-esta-disponivel-em-nosso-canal-no-youtube\/#primaryimage\"},\"thumbnailUrl\":\"https:\/\/www.padreeustaquio.com.br\/wp-content\/uploads\/2022\/07\/Playlist-novena-youtube.jpeg\",\"articleSection\":[\"Not\u00edcias\"],\"inLanguage\":\"en-US\",\"potentialAction\":[{\"@type\":\"CommentAction\",\"name\":\"Comment\",\"target\":[\"https:\/\/www.padreeustaquio.com.br\/novena-ao-beato-padre-eustaquio-esta-disponivel-em-nosso-canal-no-youtube\/#respond\"]}]},{\"@type\":\"WebPage\",\"@id\":\"https:\/\/www.padreeustaquio.com.br\/novena-ao-beato-padre-eustaquio-esta-disponivel-em-nosso-canal-no-youtube\/\",\"url\":\"https:\/\/www.padreeustaquio.com.br\/novena-ao-beato-padre-eustaquio-esta-disponivel-em-nosso-canal-no-youtube\/\",\"name\":\"Novena ao Beato Padre Eust\u00e1quio est\u00e1 dispon\u00edvel em nosso Canal no YouTube\",\"isPartOf\":{\"@id\":\"https:\/\/www.padreeustaquio.com.br\/#website\"},\"primaryImageOfPage\":{\"@id\":\"https:\/\/www.padreeustaquio.com.br\/novena-ao-beato-padre-eustaquio-esta-disponivel-em-nosso-canal-no-youtube\/#primaryimage\"},\"image\":{\"@id\":\"https:\/\/www.padreeustaquio.com.br\/novena-ao-beato-padre-eustaquio-esta-disponivel-em-nosso-canal-no-youtube\/#primaryimage\"},\"thumbnailUrl\":\"https:\/\/www.padreeustaquio.com.br\/wp-content\/uploads\/2022\/07\/Playlist-novena-youtube.jpeg\",\"datePublished\":\"2022-07-15T09:49:00+00:00\",\"description\":\"Voc\u00ea que \u00e9 devoto do Beato Padre Eust\u00e1quio, pode fazer pelo nosso YouTube, a Novena ao Bem-aventurado. Os nove dias se encontram dispon\u00edveis na plataforma para acompanhamento dos fi\u00e9is.\",\"breadcrumb\":{\"@id\":\"https:\/\/www.padreeustaquio.com.br\/novena-ao-beato-padre-eustaquio-esta-disponivel-em-nosso-canal-no-youtube\/#breadcrumb\"},\"inLanguage\":\"en-US\",\"potentialAction\":[{\"@type\":\"ReadAction\",\"target\":[\"https:\/\/www.padreeustaquio.com.br\/novena-ao-beato-padre-eustaquio-esta-disponivel-em-nosso-canal-no-youtube\/\"]}]},{\"@type\":\"ImageObject\",\"inLanguage\":\"en-US\",\"@id\":\"https:\/\/www.padreeustaquio.com.br\/novena-ao-beato-padre-eustaquio-esta-disponivel-em-nosso-canal-no-youtube\/#primaryimage\",\"url\":\"https:\/\/www.padreeustaquio.com.br\/wp-content\/uploads\/2022\/07\/Playlist-novena-youtube.jpeg\",\"contentUrl\":\"https:\/\/www.padreeustaquio.com.br\/wp-content\/uploads\/2022\/07\/Playlist-novena-youtube.jpeg\",\"width\":978,\"height\":511},{\"@type\":\"BreadcrumbList\",\"@id\":\"https:\/\/www.padreeustaquio.com.br\/novena-ao-beato-padre-eustaquio-esta-disponivel-em-nosso-canal-no-youtube\/#breadcrumb\",\"itemListElement\":[{\"@type\":\"ListItem\",\"position\":1,\"name\":\"In\u00edcio\",\"item\":\"https:\/\/www.padreeustaquio.com.br\/\"},{\"@type\":\"ListItem\",\"position\":2,\"name\":\"Novena ao Beato Padre Eust\u00e1quio est\u00e1 dispon\u00edvel em nosso Canal no YouTube\"}]},{\"@type\":\"WebSite\",\"@id\":\"https:\/\/www.padreeustaquio.com.br\/#website\",\"url\":\"https:\/\/www.padreeustaquio.com.br\/\",\"name\":\"Padre Eust\u00e1quio\",\"description\":\"Sa\u00fade e Paz\",\"publisher\":{\"@id\":\"https:\/\/www.padreeustaquio.com.br\/#organization\"},\"potentialAction\":[{\"@type\":\"SearchAction\",\"target\":{\"@type\":\"EntryPoint\",\"urlTemplate\":\"https:\/\/www.padreeustaquio.com.br\/?s={search_term_string}\"},\"query-input\":{\"@type\":\"PropertyValueSpecification\",\"valueRequired\":true,\"valueName\":\"search_term_string\"}}],\"inLanguage\":\"en-US\"},{\"@type\":\"Organization\",\"@id\":\"https:\/\/www.padreeustaquio.com.br\/#organization\",\"name\":\"Padre Eust\u00e1quio\",\"url\":\"https:\/\/www.padreeustaquio.com.br\/\",\"logo\":{\"@type\":\"ImageObject\",\"inLanguage\":\"en-US\",\"@id\":\"https:\/\/www.padreeustaquio.com.br\/#\/schema\/logo\/image\/\",\"url\":\"https:\/\/www.padreeustaquio.com.br\/wp-content\/uploads\/2019\/08\/marca.png\",\"contentUrl\":\"https:\/\/www.padreeustaquio.com.br\/wp-content\/uploads\/2019\/08\/marca.png\",\"width\":350,\"height\":400,\"caption\":\"Padre Eust\u00e1quio\"},\"image\":{\"@id\":\"https:\/\/www.padreeustaquio.com.br\/#\/schema\/logo\/image\/\"},\"sameAs\":[\"https:\/\/www.facebook.com\/beatopadreeustaquio\/\",\"https:\/\/x.com\/beatopeustaquio\",\"https:\/\/www.instagram.com\/beatopadreeustaquio\/\",\"https:\/\/www.youtube.com\/channel\/UCRhw7vfabnajwLxb1ZXMeIw\"]},{\"@type\":\"Person\",\"@id\":\"https:\/\/www.padreeustaquio.com.br\/#\/schema\/person\/a2a51db1d00f1a7af0204a0f1ddb1566\",\"name\":\"@sscc\",\"image\":{\"@type\":\"ImageObject\",\"inLanguage\":\"en-US\",\"@id\":\"https:\/\/secure.gravatar.com\/avatar\/68cfafa5f44617fea54071e215026e0ff06be366c3d54a8425f04fdcb86f8c5f?s=96&d=mm&r=g\",\"url\":\"https:\/\/secure.gravatar.com\/avatar\/68cfafa5f44617fea54071e215026e0ff06be366c3d54a8425f04fdcb86f8c5f?s=96&d=mm&r=g\",\"contentUrl\":\"https:\/\/secure.gravatar.com\/avatar\/68cfafa5f44617fea54071e215026e0ff06be366c3d54a8425f04fdcb86f8c5f?s=96&d=mm&r=g\",\"caption\":\"@sscc\"},\"url\":\"https:\/\/www.padreeustaquio.com.br\/en\/author\/sscc\/\"}]}<\/script>\n<!-- \/ Yoast SEO plugin. -->","yoast_head_json":{"title":"The Novena to Blessed Father Eustace is available on our YouTube channel.","description":"If you are a devotee of Blessed Father Eustace, you can participate in the Novena to the Blessed Father on our YouTube channel. All nine days are available on the platform for the faithful to follow.","robots":{"index":"index","follow":"follow","max-snippet":"max-snippet:-1","max-image-preview":"max-image-preview:large","max-video-preview":"max-video-preview:-1"},"canonical":"https:\/\/www.padreeustaquio.com.br\/en\/the-novena-to-blessed-father-eustace-is-available-on-our-youtube-channel\/","og_locale":"en_US","og_type":"article","og_title":"Novena ao Beato Padre Eust\u00e1quio est\u00e1 dispon\u00edvel em nosso Canal no YouTube","og_description":"Voc\u00ea que \u00e9 devoto do Beato Padre Eust\u00e1quio, pode fazer pelo nosso YouTube, a Novena ao Bem-aventurado. Os nove dias se encontram dispon\u00edveis na plataforma para acompanhamento dos fi\u00e9is.","og_url":"https:\/\/www.padreeustaquio.com.br\/en\/the-novena-to-blessed-father-eustace-is-available-on-our-youtube-channel\/","og_site_name":"Padre Eust\u00e1quio","article_publisher":"https:\/\/www.facebook.com\/beatopadreeustaquio\/","article_published_time":"2022-07-15T09:49:00+00:00","og_image":[{"width":978,"height":511,"url":"https:\/\/www.padreeustaquio.com.br\/wp-content\/uploads\/2022\/07\/Playlist-novena-youtube.jpeg","type":"image\/jpeg"}],"author":"@sscc","twitter_card":"summary_large_image","twitter_creator":"@beatopeustaquio","twitter_site":"@beatopeustaquio","twitter_misc":{"Written by":"@sscc","Est. reading time":"1 minute"},"schema":{"@context":"https:\/\/schema.org","@graph":[{"@type":"Article","@id":"https:\/\/www.padreeustaquio.com.br\/novena-ao-beato-padre-eustaquio-esta-disponivel-em-nosso-canal-no-youtube\/#article","isPartOf":{"@id":"https:\/\/www.padreeustaquio.com.br\/novena-ao-beato-padre-eustaquio-esta-disponivel-em-nosso-canal-no-youtube\/"},"author":{"name":"@sscc","@id":"https:\/\/www.padreeustaquio.com.br\/#\/schema\/person\/a2a51db1d00f1a7af0204a0f1ddb1566"},"headline":"Novena ao Beato Padre Eust\u00e1quio est\u00e1 dispon\u00edvel em nosso Canal no YouTube","datePublished":"2022-07-15T09:49:00+00:00","mainEntityOfPage":{"@id":"https:\/\/www.padreeustaquio.com.br\/novena-ao-beato-padre-eustaquio-esta-disponivel-em-nosso-canal-no-youtube\/"},"wordCount":131,"commentCount":0,"publisher":{"@id":"https:\/\/www.padreeustaquio.com.br\/#organization"},"image":{"@id":"https:\/\/www.padreeustaquio.com.br\/novena-ao-beato-padre-eustaquio-esta-disponivel-em-nosso-canal-no-youtube\/#primaryimage"},"thumbnailUrl":"https:\/\/www.padreeustaquio.com.br\/wp-content\/uploads\/2022\/07\/Playlist-novena-youtube.jpeg","articleSection":["Not\u00edcias"],"inLanguage":"en-US","potentialAction":[{"@type":"CommentAction","name":"Comment","target":["https:\/\/www.padreeustaquio.com.br\/novena-ao-beato-padre-eustaquio-esta-disponivel-em-nosso-canal-no-youtube\/#respond"]}]},{"@type":"WebPage","@id":"https:\/\/www.padreeustaquio.com.br\/novena-ao-beato-padre-eustaquio-esta-disponivel-em-nosso-canal-no-youtube\/","url":"https:\/\/www.padreeustaquio.com.br\/novena-ao-beato-padre-eustaquio-esta-disponivel-em-nosso-canal-no-youtube\/","name":"The Novena to Blessed Father Eustace is available on our YouTube channel.","isPartOf":{"@id":"https:\/\/www.padreeustaquio.com.br\/#website"},"primaryImageOfPage":{"@id":"https:\/\/www.padreeustaquio.com.br\/novena-ao-beato-padre-eustaquio-esta-disponivel-em-nosso-canal-no-youtube\/#primaryimage"},"image":{"@id":"https:\/\/www.padreeustaquio.com.br\/novena-ao-beato-padre-eustaquio-esta-disponivel-em-nosso-canal-no-youtube\/#primaryimage"},"thumbnailUrl":"https:\/\/www.padreeustaquio.com.br\/wp-content\/uploads\/2022\/07\/Playlist-novena-youtube.jpeg","datePublished":"2022-07-15T09:49:00+00:00","description":"If you are a devotee of Blessed Father Eustace, you can participate in the Novena to the Blessed Father on our YouTube channel. All nine days are available on the platform for the faithful to follow.","breadcrumb":{"@id":"https:\/\/www.padreeustaquio.com.br\/novena-ao-beato-padre-eustaquio-esta-disponivel-em-nosso-canal-no-youtube\/#breadcrumb"},"inLanguage":"en-US","potentialAction":[{"@type":"ReadAction","target":["https:\/\/www.padreeustaquio.com.br\/novena-ao-beato-padre-eustaquio-esta-disponivel-em-nosso-canal-no-youtube\/"]}]},{"@type":"ImageObject","inLanguage":"en-US","@id":"https:\/\/www.padreeustaquio.com.br\/novena-ao-beato-padre-eustaquio-esta-disponivel-em-nosso-canal-no-youtube\/#primaryimage","url":"https:\/\/www.padreeustaquio.com.br\/wp-content\/uploads\/2022\/07\/Playlist-novena-youtube.jpeg","contentUrl":"https:\/\/www.padreeustaquio.com.br\/wp-content\/uploads\/2022\/07\/Playlist-novena-youtube.jpeg","width":978,"height":511},{"@type":"BreadcrumbList","@id":"https:\/\/www.padreeustaquio.com.br\/novena-ao-beato-padre-eustaquio-esta-disponivel-em-nosso-canal-no-youtube\/#breadcrumb","itemListElement":[{"@type":"ListItem","position":1,"name":"In\u00edcio","item":"https:\/\/www.padreeustaquio.com.br\/"},{"@type":"ListItem","position":2,"name":"Novena ao Beato Padre Eust\u00e1quio est\u00e1 dispon\u00edvel em nosso Canal no YouTube"}]},{"@type":"WebSite","@id":"https:\/\/www.padreeustaquio.com.br\/#website","url":"https:\/\/www.padreeustaquio.com.br\/","name":"FATHER EUST\u00c1QUIO","description":"Health and Peace","publisher":{"@id":"https:\/\/www.padreeustaquio.com.br\/#organization"},"potentialAction":[{"@type":"SearchAction","target":{"@type":"EntryPoint","urlTemplate":"https:\/\/www.padreeustaquio.com.br\/?s={search_term_string}"},"query-input":{"@type":"PropertyValueSpecification","valueRequired":true,"valueName":"search_term_string"}}],"inLanguage":"en-US"},{"@type":"Organization","@id":"https:\/\/www.padreeustaquio.com.br\/#organization","name":"FATHER EUST\u00c1QUIO","url":"https:\/\/www.padreeustaquio.com.br\/","logo":{"@type":"ImageObject","inLanguage":"en-US","@id":"https:\/\/www.padreeustaquio.com.br\/#\/schema\/logo\/image\/","url":"https:\/\/www.padreeustaquio.com.br\/wp-content\/uploads\/2019\/08\/marca.png","contentUrl":"https:\/\/www.padreeustaquio.com.br\/wp-content\/uploads\/2019\/08\/marca.png","width":350,"height":400,"caption":"Padre Eust\u00e1quio"},"image":{"@id":"https:\/\/www.padreeustaquio.com.br\/#\/schema\/logo\/image\/"},"sameAs":["https:\/\/www.facebook.com\/beatopadreeustaquio\/","https:\/\/x.com\/beatopeustaquio","https:\/\/www.instagram.com\/beatopadreeustaquio\/","https:\/\/www.youtube.com\/channel\/UCRhw7vfabnajwLxb1ZXMeIw"]},{"@type":"Person","@id":"https:\/\/www.padreeustaquio.com.br\/#\/schema\/person\/a2a51db1d00f1a7af0204a0f1ddb1566","name":"@sscc","image":{"@type":"ImageObject","inLanguage":"en-US","@id":"https:\/\/secure.gravatar.com\/avatar\/68cfafa5f44617fea54071e215026e0ff06be366c3d54a8425f04fdcb86f8c5f?s=96&d=mm&r=g","url":"https:\/\/secure.gravatar.com\/avatar\/68cfafa5f44617fea54071e215026e0ff06be366c3d54a8425f04fdcb86f8c5f?s=96&d=mm&r=g","contentUrl":"https:\/\/secure.gravatar.com\/avatar\/68cfafa5f44617fea54071e215026e0ff06be366c3d54a8425f04fdcb86f8c5f?s=96&d=mm&r=g","caption":"@sscc"},"url":"https:\/\/www.padreeustaquio.com.br\/en\/author\/sscc\/"}]}},"_links":{"self":[{"href":"https:\/\/www.padreeustaquio.com.br\/en\/wp-json\/wp\/v2\/posts\/8969","targetHints":{"allow":["GET"]}}],"collection":[{"href":"https:\/\/www.padreeustaquio.com.br\/en\/wp-json\/wp\/v2\/posts"}],"about":[{"href":"https:\/\/www.padreeustaquio.com.br\/en\/wp-json\/wp\/v2\/types\/post"}],"author":[{"embeddable":true,"href":"https:\/\/www.padreeustaquio.com.br\/en\/wp-json\/wp\/v2\/users\/2"}],"replies":[{"embeddable":true,"href":"https:\/\/www.padreeustaquio.com.br\/en\/wp-json\/wp\/v2\/comments?post=8969"}],"version-history":[{"count":0,"href":"https:\/\/www.padreeustaquio.com.br\/en\/wp-json\/wp\/v2\/posts\/8969\/revisions"}],"wp:featuredmedia":[{"embeddable":true,"href":"https:\/\/www.padreeustaquio.com.br\/en\/wp-json\/wp\/v2\/media\/8970"}],"wp:attachment":[{"href":"https:\/\/www.padreeustaquio.com.br\/en\/wp-json\/wp\/v2\/media?parent=8969"}],"wp:term":[{"taxonomy":"category","embeddable":true,"href":"https:\/\/www.padreeustaquio.com.br\/en\/wp-json\/wp\/v2\/categories?post=8969"},{"taxonomy":"post_tag","embeddable":true,"href":"https:\/\/www.padreeustaquio.com.br\/en\/wp-json\/wp\/v2\/tags?post=8969"}],"curies":[{"name":"wp","href":"https:\/\/api.w.org\/{rel}","templated":true}]}}