{"id":8963,"date":"2022-07-14T06:14:00","date_gmt":"2022-07-14T09:14:00","guid":{"rendered":"https:\/\/www.padreeustaquio.com.br\/?p=8963"},"modified":"2022-07-13T08:47:54","modified_gmt":"2022-07-13T11:47:54","slug":"testimony-from-a-doctor-from-belo-horizonte-portrays-the-last-days-of-father-eustaquio","status":"publish","type":"post","link":"https:\/\/www.padreeustaquio.com.br\/en\/testimony-from-a-doctor-from-belo-horizonte-portrays-the-last-days-of-father-eustaquio\/","title":{"rendered":"Testimony from a doctor in Belo Horizonte portrays the last days of Father Eust\u00e1quio."},"content":{"rendered":"<p>A testimony from physician Dr. Olinto Orsini Castro, found in the book of testimonies of the Tribunal for the Cause of Canonization of Father Eust\u00e1quio, recounts details of the Blessed&#039;s last days. The testimony is dated February 14, 1963.<\/p>\n\n\n\n<p>In his writings, Dr. Olinto discusses how Father Eust\u00e1quio&#039;s illness was diagnosed and how he cared for the Dutch priest during his final days. The doctor was a member of the Minas Gerais Academy of Medicine, holding chair number 58.<\/p>\n\n\n\n<p>Watch the full testimony:<\/p>\n\n\n\n<p>\u201c<em>On the afternoon of August 23rd, upon arriving home, my wife informed me that I had been urgently summoned to see Father Eust\u00e1quio, who was very ill. I went to the convent, where I found him with a high fever and very prostrate. Father Hermenegildo told me that, since I was taking so long, he had called a neighboring doctor who had diagnosed pneumonia. Since the patient had already been medicated, I limited myself to speaking briefly with Father Eust\u00e1quio, without examining him. However, concerned about the case, I returned to see the patient the following day, taking with me my brother, an internist, Dr. Torquato Orsini. While he was undressing the patient, I noticed petechiae or reddish macules on his chest. I suspected the possibility of typhus. There were several cases in the neighborhoods and surrounding areas of Belo Horizonte. I asked Father Eust\u00e1quio if he had been bitten by a tick. He showed me the spot (dorsal region at the level of the second vertebra) where he had removed one of these parasites, which he had acquired while visiting patients in a poor neighborhood. The reddish spot from the bite was still visible. I immediately told my brother my opinion, with which he agreed. That same day I took Professors Alfredo Balena, a renowned clinician and professor at the Faculty of Medicine of the University of Minas Gerais, and Professor Ot\u00e1vio Coelho de Magalh\u00e3es, also a professor at the same Faculty and one of the world&#039;s leading authorities on the study of exanthematic typhus, to the patient. Both agreed with the diagnosis made to the three of us in a medical conference. We prescribed medication for the patient and communicated to those present the seriousness of the case with the most somber prognosis. At that time, this disease was incurable; today it is easily curable. I accompanied Father Eust\u00e1quio until the last day of his illness, seeing with resignation that he endured the terrible disease to the end.\u201d<\/em><\/p>\n\n\n\n<p><strong>Dr. Olinto Orsini de Castro, February 14, 1963<\/strong>.<\/p>\n\n\n\n<p><\/p>\n\n\n\n<p><\/p>","protected":false},"excerpt":{"rendered":"<p>Um depoimento do m\u00e9dico Dr. Olinto Orsini Castro, encontrado no livro de depoimentos do Tribunal para a Causa de Canoniza\u00e7\u00e3o do Padre Eust\u00e1quio, relata detalhes dos \u00faltimos dias de vida do Beato. O depoimento \u00e9 datado de 14 de fevereiro de 1963. Nos escritos, Dr. Olinto fala sobre como foi feito o diagn\u00f3stico da doen\u00e7a do Padre Eust\u00e1quio e como ele acompanhou o padre holand\u00eas em seus \u00faltimos dias de vida. O m\u00e9dico foi membro da Academia Mineira de Medicina, ocupando a cadeira de n\u00famero 58. Acompanhe o depoimento na \u00edntegra: \u201cA tarde do dia 23 de agosto, ao chegar [&hellip;]<\/p>\n","protected":false},"author":2,"featured_media":8964,"comment_status":"open","ping_status":"closed","sticky":false,"template":"","format":"standard","meta":{"_acf_changed":false,"footnotes":""},"categories":[611],"tags":[],"class_list":["post-8963","post","type-post","status-publish","format-standard","has-post-thumbnail","hentry","category-noticias"],"acf":[],"yoast_head":"<!-- This site is optimized with the Yoast SEO plugin v27.2 - https:\/\/yoast.com\/product\/yoast-seo-wordpress\/ -->\n<title>Depoimento de m\u00e9dico belorizontino retrata \u00faltimos dias de Padre Eust\u00e1quio<\/title>\n<meta name=\"description\" content=\"Um depoimento do m\u00e9dico Dr. Olinto Orsini Castro, encontrado no livro de depoimentos do Tribunal para a Causa de Canoniza\u00e7\u00e3o do Padre Eust\u00e1quio, relata detalhes dos \u00faltimos dias de vida do Beato. O depoimento \u00e9 datado de 14 de fevereiro de 1963.\" \/>\n<meta name=\"robots\" content=\"index, follow, max-snippet:-1, max-image-preview:large, max-video-preview:-1\" \/>\n<link rel=\"canonical\" href=\"https:\/\/www.padreeustaquio.com.br\/en\/testimony-from-a-doctor-from-belo-horizonte-portrays-the-last-days-of-father-eustaquio\/\" \/>\n<meta property=\"og:locale\" content=\"en_US\" \/>\n<meta property=\"og:type\" content=\"article\" \/>\n<meta property=\"og:title\" content=\"Depoimento de m\u00e9dico belorizontino retrata \u00faltimos dias de Padre Eust\u00e1quio\" \/>\n<meta property=\"og:description\" content=\"Um depoimento do m\u00e9dico Dr. Olinto Orsini Castro, encontrado no livro de depoimentos do Tribunal para a Causa de Canoniza\u00e7\u00e3o do Padre Eust\u00e1quio, relata detalhes dos \u00faltimos dias de vida do Beato. O depoimento \u00e9 datado de 14 de fevereiro de 1963.\" \/>\n<meta property=\"og:url\" content=\"https:\/\/www.padreeustaquio.com.br\/en\/testimony-from-a-doctor-from-belo-horizonte-portrays-the-last-days-of-father-eustaquio\/\" \/>\n<meta property=\"og:site_name\" content=\"Padre Eust\u00e1quio\" \/>\n<meta property=\"article:publisher\" content=\"https:\/\/www.facebook.com\/beatopadreeustaquio\/\" \/>\n<meta property=\"article:published_time\" content=\"2022-07-14T09:14:00+00:00\" \/>\n<meta property=\"og:image\" content=\"https:\/\/www.padreeustaquio.com.br\/wp-content\/uploads\/2022\/07\/Dr.-Orsini.png\" \/>\n\t<meta property=\"og:image:width\" content=\"853\" \/>\n\t<meta property=\"og:image:height\" content=\"424\" \/>\n\t<meta property=\"og:image:type\" content=\"image\/png\" \/>\n<meta name=\"author\" content=\"@sscc\" \/>\n<meta name=\"twitter:card\" content=\"summary_large_image\" \/>\n<meta name=\"twitter:creator\" content=\"@beatopeustaquio\" \/>\n<meta name=\"twitter:site\" content=\"@beatopeustaquio\" \/>\n<meta name=\"twitter:label1\" content=\"Written by\" \/>\n\t<meta name=\"twitter:data1\" content=\"@sscc\" \/>\n\t<meta name=\"twitter:label2\" content=\"Est. reading time\" \/>\n\t<meta name=\"twitter:data2\" content=\"2 minutes\" \/>\n<script type=\"application\/ld+json\" class=\"yoast-schema-graph\">{\"@context\":\"https:\/\/schema.org\",\"@graph\":[{\"@type\":\"Article\",\"@id\":\"https:\/\/www.padreeustaquio.com.br\/depoimento-de-medico-belorizontino-retrata-ultimos-dias-de-padre-eustaquio\/#article\",\"isPartOf\":{\"@id\":\"https:\/\/www.padreeustaquio.com.br\/depoimento-de-medico-belorizontino-retrata-ultimos-dias-de-padre-eustaquio\/\"},\"author\":{\"name\":\"@sscc\",\"@id\":\"https:\/\/www.padreeustaquio.com.br\/#\/schema\/person\/a2a51db1d00f1a7af0204a0f1ddb1566\"},\"headline\":\"Depoimento de m\u00e9dico belorizontino retrata \u00faltimos dias de Padre Eust\u00e1quio\",\"datePublished\":\"2022-07-14T09:14:00+00:00\",\"mainEntityOfPage\":{\"@id\":\"https:\/\/www.padreeustaquio.com.br\/depoimento-de-medico-belorizontino-retrata-ultimos-dias-de-padre-eustaquio\/\"},\"wordCount\":459,\"commentCount\":0,\"publisher\":{\"@id\":\"https:\/\/www.padreeustaquio.com.br\/#organization\"},\"image\":{\"@id\":\"https:\/\/www.padreeustaquio.com.br\/depoimento-de-medico-belorizontino-retrata-ultimos-dias-de-padre-eustaquio\/#primaryimage\"},\"thumbnailUrl\":\"https:\/\/www.padreeustaquio.com.br\/wp-content\/uploads\/2022\/07\/Dr.-Orsini.png\",\"articleSection\":[\"Not\u00edcias\"],\"inLanguage\":\"en-US\",\"potentialAction\":[{\"@type\":\"CommentAction\",\"name\":\"Comment\",\"target\":[\"https:\/\/www.padreeustaquio.com.br\/depoimento-de-medico-belorizontino-retrata-ultimos-dias-de-padre-eustaquio\/#respond\"]}]},{\"@type\":\"WebPage\",\"@id\":\"https:\/\/www.padreeustaquio.com.br\/depoimento-de-medico-belorizontino-retrata-ultimos-dias-de-padre-eustaquio\/\",\"url\":\"https:\/\/www.padreeustaquio.com.br\/depoimento-de-medico-belorizontino-retrata-ultimos-dias-de-padre-eustaquio\/\",\"name\":\"Depoimento de m\u00e9dico belorizontino retrata \u00faltimos dias de Padre Eust\u00e1quio\",\"isPartOf\":{\"@id\":\"https:\/\/www.padreeustaquio.com.br\/#website\"},\"primaryImageOfPage\":{\"@id\":\"https:\/\/www.padreeustaquio.com.br\/depoimento-de-medico-belorizontino-retrata-ultimos-dias-de-padre-eustaquio\/#primaryimage\"},\"image\":{\"@id\":\"https:\/\/www.padreeustaquio.com.br\/depoimento-de-medico-belorizontino-retrata-ultimos-dias-de-padre-eustaquio\/#primaryimage\"},\"thumbnailUrl\":\"https:\/\/www.padreeustaquio.com.br\/wp-content\/uploads\/2022\/07\/Dr.-Orsini.png\",\"datePublished\":\"2022-07-14T09:14:00+00:00\",\"description\":\"Um depoimento do m\u00e9dico Dr. Olinto Orsini Castro, encontrado no livro de depoimentos do Tribunal para a Causa de Canoniza\u00e7\u00e3o do Padre Eust\u00e1quio, relata detalhes dos \u00faltimos dias de vida do Beato. O depoimento \u00e9 datado de 14 de fevereiro de 1963.\",\"breadcrumb\":{\"@id\":\"https:\/\/www.padreeustaquio.com.br\/depoimento-de-medico-belorizontino-retrata-ultimos-dias-de-padre-eustaquio\/#breadcrumb\"},\"inLanguage\":\"en-US\",\"potentialAction\":[{\"@type\":\"ReadAction\",\"target\":[\"https:\/\/www.padreeustaquio.com.br\/depoimento-de-medico-belorizontino-retrata-ultimos-dias-de-padre-eustaquio\/\"]}]},{\"@type\":\"ImageObject\",\"inLanguage\":\"en-US\",\"@id\":\"https:\/\/www.padreeustaquio.com.br\/depoimento-de-medico-belorizontino-retrata-ultimos-dias-de-padre-eustaquio\/#primaryimage\",\"url\":\"https:\/\/www.padreeustaquio.com.br\/wp-content\/uploads\/2022\/07\/Dr.-Orsini.png\",\"contentUrl\":\"https:\/\/www.padreeustaquio.com.br\/wp-content\/uploads\/2022\/07\/Dr.-Orsini.png\",\"width\":853,\"height\":424},{\"@type\":\"BreadcrumbList\",\"@id\":\"https:\/\/www.padreeustaquio.com.br\/depoimento-de-medico-belorizontino-retrata-ultimos-dias-de-padre-eustaquio\/#breadcrumb\",\"itemListElement\":[{\"@type\":\"ListItem\",\"position\":1,\"name\":\"In\u00edcio\",\"item\":\"https:\/\/www.padreeustaquio.com.br\/\"},{\"@type\":\"ListItem\",\"position\":2,\"name\":\"Depoimento de m\u00e9dico belorizontino retrata \u00faltimos dias de Padre Eust\u00e1quio\"}]},{\"@type\":\"WebSite\",\"@id\":\"https:\/\/www.padreeustaquio.com.br\/#website\",\"url\":\"https:\/\/www.padreeustaquio.com.br\/\",\"name\":\"Padre Eust\u00e1quio\",\"description\":\"Sa\u00fade e Paz\",\"publisher\":{\"@id\":\"https:\/\/www.padreeustaquio.com.br\/#organization\"},\"potentialAction\":[{\"@type\":\"SearchAction\",\"target\":{\"@type\":\"EntryPoint\",\"urlTemplate\":\"https:\/\/www.padreeustaquio.com.br\/?s={search_term_string}\"},\"query-input\":{\"@type\":\"PropertyValueSpecification\",\"valueRequired\":true,\"valueName\":\"search_term_string\"}}],\"inLanguage\":\"en-US\"},{\"@type\":\"Organization\",\"@id\":\"https:\/\/www.padreeustaquio.com.br\/#organization\",\"name\":\"Padre Eust\u00e1quio\",\"url\":\"https:\/\/www.padreeustaquio.com.br\/\",\"logo\":{\"@type\":\"ImageObject\",\"inLanguage\":\"en-US\",\"@id\":\"https:\/\/www.padreeustaquio.com.br\/#\/schema\/logo\/image\/\",\"url\":\"https:\/\/www.padreeustaquio.com.br\/wp-content\/uploads\/2019\/08\/marca.png\",\"contentUrl\":\"https:\/\/www.padreeustaquio.com.br\/wp-content\/uploads\/2019\/08\/marca.png\",\"width\":350,\"height\":400,\"caption\":\"Padre Eust\u00e1quio\"},\"image\":{\"@id\":\"https:\/\/www.padreeustaquio.com.br\/#\/schema\/logo\/image\/\"},\"sameAs\":[\"https:\/\/www.facebook.com\/beatopadreeustaquio\/\",\"https:\/\/x.com\/beatopeustaquio\",\"https:\/\/www.instagram.com\/beatopadreeustaquio\/\",\"https:\/\/www.youtube.com\/channel\/UCRhw7vfabnajwLxb1ZXMeIw\"]},{\"@type\":\"Person\",\"@id\":\"https:\/\/www.padreeustaquio.com.br\/#\/schema\/person\/a2a51db1d00f1a7af0204a0f1ddb1566\",\"name\":\"@sscc\",\"image\":{\"@type\":\"ImageObject\",\"inLanguage\":\"en-US\",\"@id\":\"https:\/\/secure.gravatar.com\/avatar\/68cfafa5f44617fea54071e215026e0ff06be366c3d54a8425f04fdcb86f8c5f?s=96&d=mm&r=g\",\"url\":\"https:\/\/secure.gravatar.com\/avatar\/68cfafa5f44617fea54071e215026e0ff06be366c3d54a8425f04fdcb86f8c5f?s=96&d=mm&r=g\",\"contentUrl\":\"https:\/\/secure.gravatar.com\/avatar\/68cfafa5f44617fea54071e215026e0ff06be366c3d54a8425f04fdcb86f8c5f?s=96&d=mm&r=g\",\"caption\":\"@sscc\"},\"url\":\"https:\/\/www.padreeustaquio.com.br\/en\/author\/sscc\/\"}]}<\/script>\n<!-- \/ Yoast SEO plugin. -->","yoast_head_json":{"title":"Testimony from a doctor in Belo Horizonte portrays the last days of Father Eust\u00e1quio.","description":"A testimony from physician Dr. Olinto Orsini Castro, found in the book of testimonies of the Tribunal for the Cause of Canonization of Father Eust\u00e1quio, recounts details of the Blessed&#039;s last days. The testimony is dated February 14, 1963.","robots":{"index":"index","follow":"follow","max-snippet":"max-snippet:-1","max-image-preview":"max-image-preview:large","max-video-preview":"max-video-preview:-1"},"canonical":"https:\/\/www.padreeustaquio.com.br\/en\/testimony-from-a-doctor-from-belo-horizonte-portrays-the-last-days-of-father-eustaquio\/","og_locale":"en_US","og_type":"article","og_title":"Depoimento de m\u00e9dico belorizontino retrata \u00faltimos dias de Padre Eust\u00e1quio","og_description":"Um depoimento do m\u00e9dico Dr. Olinto Orsini Castro, encontrado no livro de depoimentos do Tribunal para a Causa de Canoniza\u00e7\u00e3o do Padre Eust\u00e1quio, relata detalhes dos \u00faltimos dias de vida do Beato. O depoimento \u00e9 datado de 14 de fevereiro de 1963.","og_url":"https:\/\/www.padreeustaquio.com.br\/en\/testimony-from-a-doctor-from-belo-horizonte-portrays-the-last-days-of-father-eustaquio\/","og_site_name":"Padre Eust\u00e1quio","article_publisher":"https:\/\/www.facebook.com\/beatopadreeustaquio\/","article_published_time":"2022-07-14T09:14:00+00:00","og_image":[{"width":853,"height":424,"url":"https:\/\/www.padreeustaquio.com.br\/wp-content\/uploads\/2022\/07\/Dr.-Orsini.png","type":"image\/png"}],"author":"@sscc","twitter_card":"summary_large_image","twitter_creator":"@beatopeustaquio","twitter_site":"@beatopeustaquio","twitter_misc":{"Written by":"@sscc","Est. reading time":"2 minutes"},"schema":{"@context":"https:\/\/schema.org","@graph":[{"@type":"Article","@id":"https:\/\/www.padreeustaquio.com.br\/depoimento-de-medico-belorizontino-retrata-ultimos-dias-de-padre-eustaquio\/#article","isPartOf":{"@id":"https:\/\/www.padreeustaquio.com.br\/depoimento-de-medico-belorizontino-retrata-ultimos-dias-de-padre-eustaquio\/"},"author":{"name":"@sscc","@id":"https:\/\/www.padreeustaquio.com.br\/#\/schema\/person\/a2a51db1d00f1a7af0204a0f1ddb1566"},"headline":"Depoimento de m\u00e9dico belorizontino retrata \u00faltimos dias de Padre Eust\u00e1quio","datePublished":"2022-07-14T09:14:00+00:00","mainEntityOfPage":{"@id":"https:\/\/www.padreeustaquio.com.br\/depoimento-de-medico-belorizontino-retrata-ultimos-dias-de-padre-eustaquio\/"},"wordCount":459,"commentCount":0,"publisher":{"@id":"https:\/\/www.padreeustaquio.com.br\/#organization"},"image":{"@id":"https:\/\/www.padreeustaquio.com.br\/depoimento-de-medico-belorizontino-retrata-ultimos-dias-de-padre-eustaquio\/#primaryimage"},"thumbnailUrl":"https:\/\/www.padreeustaquio.com.br\/wp-content\/uploads\/2022\/07\/Dr.-Orsini.png","articleSection":["Not\u00edcias"],"inLanguage":"en-US","potentialAction":[{"@type":"CommentAction","name":"Comment","target":["https:\/\/www.padreeustaquio.com.br\/depoimento-de-medico-belorizontino-retrata-ultimos-dias-de-padre-eustaquio\/#respond"]}]},{"@type":"WebPage","@id":"https:\/\/www.padreeustaquio.com.br\/depoimento-de-medico-belorizontino-retrata-ultimos-dias-de-padre-eustaquio\/","url":"https:\/\/www.padreeustaquio.com.br\/depoimento-de-medico-belorizontino-retrata-ultimos-dias-de-padre-eustaquio\/","name":"Testimony from a doctor in Belo Horizonte portrays the last days of Father Eust\u00e1quio.","isPartOf":{"@id":"https:\/\/www.padreeustaquio.com.br\/#website"},"primaryImageOfPage":{"@id":"https:\/\/www.padreeustaquio.com.br\/depoimento-de-medico-belorizontino-retrata-ultimos-dias-de-padre-eustaquio\/#primaryimage"},"image":{"@id":"https:\/\/www.padreeustaquio.com.br\/depoimento-de-medico-belorizontino-retrata-ultimos-dias-de-padre-eustaquio\/#primaryimage"},"thumbnailUrl":"https:\/\/www.padreeustaquio.com.br\/wp-content\/uploads\/2022\/07\/Dr.-Orsini.png","datePublished":"2022-07-14T09:14:00+00:00","description":"A testimony from physician Dr. Olinto Orsini Castro, found in the book of testimonies of the Tribunal for the Cause of Canonization of Father Eust\u00e1quio, recounts details of the Blessed&#039;s last days. The testimony is dated February 14, 1963.","breadcrumb":{"@id":"https:\/\/www.padreeustaquio.com.br\/depoimento-de-medico-belorizontino-retrata-ultimos-dias-de-padre-eustaquio\/#breadcrumb"},"inLanguage":"en-US","potentialAction":[{"@type":"ReadAction","target":["https:\/\/www.padreeustaquio.com.br\/depoimento-de-medico-belorizontino-retrata-ultimos-dias-de-padre-eustaquio\/"]}]},{"@type":"ImageObject","inLanguage":"en-US","@id":"https:\/\/www.padreeustaquio.com.br\/depoimento-de-medico-belorizontino-retrata-ultimos-dias-de-padre-eustaquio\/#primaryimage","url":"https:\/\/www.padreeustaquio.com.br\/wp-content\/uploads\/2022\/07\/Dr.-Orsini.png","contentUrl":"https:\/\/www.padreeustaquio.com.br\/wp-content\/uploads\/2022\/07\/Dr.-Orsini.png","width":853,"height":424},{"@type":"BreadcrumbList","@id":"https:\/\/www.padreeustaquio.com.br\/depoimento-de-medico-belorizontino-retrata-ultimos-dias-de-padre-eustaquio\/#breadcrumb","itemListElement":[{"@type":"ListItem","position":1,"name":"In\u00edcio","item":"https:\/\/www.padreeustaquio.com.br\/"},{"@type":"ListItem","position":2,"name":"Depoimento de m\u00e9dico belorizontino retrata \u00faltimos dias de Padre Eust\u00e1quio"}]},{"@type":"WebSite","@id":"https:\/\/www.padreeustaquio.com.br\/#website","url":"https:\/\/www.padreeustaquio.com.br\/","name":"FATHER EUST\u00c1QUIO","description":"Health and Peace","publisher":{"@id":"https:\/\/www.padreeustaquio.com.br\/#organization"},"potentialAction":[{"@type":"SearchAction","target":{"@type":"EntryPoint","urlTemplate":"https:\/\/www.padreeustaquio.com.br\/?s={search_term_string}"},"query-input":{"@type":"PropertyValueSpecification","valueRequired":true,"valueName":"search_term_string"}}],"inLanguage":"en-US"},{"@type":"Organization","@id":"https:\/\/www.padreeustaquio.com.br\/#organization","name":"FATHER EUST\u00c1QUIO","url":"https:\/\/www.padreeustaquio.com.br\/","logo":{"@type":"ImageObject","inLanguage":"en-US","@id":"https:\/\/www.padreeustaquio.com.br\/#\/schema\/logo\/image\/","url":"https:\/\/www.padreeustaquio.com.br\/wp-content\/uploads\/2019\/08\/marca.png","contentUrl":"https:\/\/www.padreeustaquio.com.br\/wp-content\/uploads\/2019\/08\/marca.png","width":350,"height":400,"caption":"Padre Eust\u00e1quio"},"image":{"@id":"https:\/\/www.padreeustaquio.com.br\/#\/schema\/logo\/image\/"},"sameAs":["https:\/\/www.facebook.com\/beatopadreeustaquio\/","https:\/\/x.com\/beatopeustaquio","https:\/\/www.instagram.com\/beatopadreeustaquio\/","https:\/\/www.youtube.com\/channel\/UCRhw7vfabnajwLxb1ZXMeIw"]},{"@type":"Person","@id":"https:\/\/www.padreeustaquio.com.br\/#\/schema\/person\/a2a51db1d00f1a7af0204a0f1ddb1566","name":"@sscc","image":{"@type":"ImageObject","inLanguage":"en-US","@id":"https:\/\/secure.gravatar.com\/avatar\/68cfafa5f44617fea54071e215026e0ff06be366c3d54a8425f04fdcb86f8c5f?s=96&d=mm&r=g","url":"https:\/\/secure.gravatar.com\/avatar\/68cfafa5f44617fea54071e215026e0ff06be366c3d54a8425f04fdcb86f8c5f?s=96&d=mm&r=g","contentUrl":"https:\/\/secure.gravatar.com\/avatar\/68cfafa5f44617fea54071e215026e0ff06be366c3d54a8425f04fdcb86f8c5f?s=96&d=mm&r=g","caption":"@sscc"},"url":"https:\/\/www.padreeustaquio.com.br\/en\/author\/sscc\/"}]}},"_links":{"self":[{"href":"https:\/\/www.padreeustaquio.com.br\/en\/wp-json\/wp\/v2\/posts\/8963","targetHints":{"allow":["GET"]}}],"collection":[{"href":"https:\/\/www.padreeustaquio.com.br\/en\/wp-json\/wp\/v2\/posts"}],"about":[{"href":"https:\/\/www.padreeustaquio.com.br\/en\/wp-json\/wp\/v2\/types\/post"}],"author":[{"embeddable":true,"href":"https:\/\/www.padreeustaquio.com.br\/en\/wp-json\/wp\/v2\/users\/2"}],"replies":[{"embeddable":true,"href":"https:\/\/www.padreeustaquio.com.br\/en\/wp-json\/wp\/v2\/comments?post=8963"}],"version-history":[{"count":0,"href":"https:\/\/www.padreeustaquio.com.br\/en\/wp-json\/wp\/v2\/posts\/8963\/revisions"}],"wp:featuredmedia":[{"embeddable":true,"href":"https:\/\/www.padreeustaquio.com.br\/en\/wp-json\/wp\/v2\/media\/8964"}],"wp:attachment":[{"href":"https:\/\/www.padreeustaquio.com.br\/en\/wp-json\/wp\/v2\/media?parent=8963"}],"wp:term":[{"taxonomy":"category","embeddable":true,"href":"https:\/\/www.padreeustaquio.com.br\/en\/wp-json\/wp\/v2\/categories?post=8963"},{"taxonomy":"post_tag","embeddable":true,"href":"https:\/\/www.padreeustaquio.com.br\/en\/wp-json\/wp\/v2\/tags?post=8963"}],"curies":[{"name":"wp","href":"https:\/\/api.w.org\/{rel}","templated":true}]}}