{"id":8959,"date":"2022-07-13T06:06:00","date_gmt":"2022-07-13T09:06:00","guid":{"rendered":"https:\/\/www.padreeustaquio.com.br\/?p=8959"},"modified":"2022-07-12T10:14:55","modified_gmt":"2022-07-12T13:14:55","slug":"sanctuary-participates-in-regional-meeting-of-the-tithe-pastoral-ministry","status":"publish","type":"post","link":"https:\/\/www.padreeustaquio.com.br\/en\/sanctuary-participates-in-regional-meeting-of-the-tithe-pastoral-ministry\/","title":{"rendered":"Sanctuary participates in Regional Meeting of the Pastoral Ministry of Tithes"},"content":{"rendered":"<p>The Archdiocesan Sanctuary of Health and Peace, the Church of Blessed Father Eustace, participated in the Regional Tithe Meeting, held in the neighboring parish of Saint Francis of Assisi. Father Silvano de \u00c1vila, SS.CC, and eight other invited parishioners represented the Sanctuary. <\/p>\n\n\n\n<p>The Regional Meeting of the Pastoral Ministry of Tithes was held by the Episcopal Region of Our Lady of Hope (Rense) over the weekend. Approximately 120 faithful were present: coordinators and agents of the Pastoral Ministry of Tithes from various parishes in the region. In an atmosphere of integration and great enthusiasm, everyone worked to renew the bonds of communion after two years without in-person meetings. The willingness to strengthen the commitment to solidarity and to improve pastoral action in the parishes was present throughout the meeting in each and every participant.<\/p>\n\n\n\n<p>The meeting was led by regional coordinators Paulo Guimar\u00e3es and Marilene Ribeiro, and by Father Jos\u00e9 Resende, who shared a prayerful moment with deep reflection on Pastoral work and its mission in such challenging times.<\/p>\n\n\n\n<p>Next, the archdiocesan secretary Lailma Feitosa and the archdiocesan coordinator of the Archdiocesan Secretariat of the Tithe (SAD), Renata Senhorinha, reflected on the foundations of the Pastoral of the Tithe and the need to build a parish plan for the Pastoral.<\/p>\n\n\n\n<p>At the end of the meeting, Father Silvano was invited to offer the closing prayer and give his blessing to the event participants.<\/p>\n\n\n\n<p><\/p>","protected":false},"excerpt":{"rendered":"<p>O Santu\u00e1rio Arquidiocesano da Sa\u00fade e da Paz, a Igreja do Beato Padre Eust\u00e1quio, participou do Encontro Regional do D\u00edzimo, realizado na par\u00f3quia vizinha de S\u00e3o Francisco das Chagas. Padre Silvano de \u00c1vila, SS.CC, e outros oito paroquianos convidados representaram o Santu\u00e1rio. O Encontro Regional da Pastoral do D\u00edzimo foi realizado pela Regi\u00e3o Episcopal Nossa Senhora da Esperan\u00e7a (Rense) no final de semana. Estiveram presentes aproximadamente 120 fi\u00e9is: coordenadores e agentes da Pastoral do D\u00edzimo das diversas par\u00f3quias da Regi\u00e3o. Em clima de integra\u00e7\u00e3o e muito entusiasmo todos se empenharam em renovar os v\u00ednculos de comunh\u00e3o ap\u00f3s dois anos sem [&hellip;]<\/p>\n","protected":false},"author":2,"featured_media":8960,"comment_status":"open","ping_status":"closed","sticky":false,"template":"","format":"standard","meta":{"_acf_changed":false,"footnotes":""},"categories":[611],"tags":[],"class_list":["post-8959","post","type-post","status-publish","format-standard","has-post-thumbnail","hentry","category-noticias"],"acf":[],"yoast_head":"<!-- This site is optimized with the Yoast SEO plugin v27.2 - https:\/\/yoast.com\/product\/yoast-seo-wordpress\/ -->\n<title>Santu\u00e1rio participa de Encontro Regional da Pastoral do D\u00edzimo<\/title>\n<meta name=\"description\" content=\"O Santu\u00e1rio Arquidiocesano da Sa\u00fade e da Paz, a Igreja do Beato Padre Eust\u00e1quio, participou do Encontro Regional do D\u00edzimo, realizado na par\u00f3quia vizinha de S\u00e3o Francisco das Chagas. Padre Silvano de \u00c1vila, SS.CC, e outros oito paroquianos convidados representaram o Santu\u00e1rio.\" \/>\n<meta name=\"robots\" content=\"index, follow, max-snippet:-1, max-image-preview:large, max-video-preview:-1\" \/>\n<link rel=\"canonical\" href=\"https:\/\/www.padreeustaquio.com.br\/en\/sanctuary-participates-in-regional-meeting-of-the-tithe-pastoral-ministry\/\" \/>\n<meta property=\"og:locale\" content=\"en_US\" \/>\n<meta property=\"og:type\" content=\"article\" \/>\n<meta property=\"og:title\" content=\"Santu\u00e1rio participa de Encontro Regional da Pastoral do D\u00edzimo\" \/>\n<meta property=\"og:description\" content=\"O Santu\u00e1rio Arquidiocesano da Sa\u00fade e da Paz, a Igreja do Beato Padre Eust\u00e1quio, participou do Encontro Regional do D\u00edzimo, realizado na par\u00f3quia vizinha de S\u00e3o Francisco das Chagas. Padre Silvano de \u00c1vila, SS.CC, e outros oito paroquianos convidados representaram o Santu\u00e1rio.\" \/>\n<meta property=\"og:url\" content=\"https:\/\/www.padreeustaquio.com.br\/en\/sanctuary-participates-in-regional-meeting-of-the-tithe-pastoral-ministry\/\" \/>\n<meta property=\"og:site_name\" content=\"Padre Eust\u00e1quio\" \/>\n<meta property=\"article:publisher\" content=\"https:\/\/www.facebook.com\/beatopadreeustaquio\/\" \/>\n<meta property=\"article:published_time\" content=\"2022-07-13T09:06:00+00:00\" \/>\n<meta property=\"og:image\" content=\"https:\/\/www.padreeustaquio.com.br\/wp-content\/uploads\/2022\/07\/pastoral-dizimo-rense.png\" \/>\n\t<meta property=\"og:image:width\" content=\"801\" \/>\n\t<meta property=\"og:image:height\" content=\"469\" \/>\n\t<meta property=\"og:image:type\" content=\"image\/png\" \/>\n<meta name=\"author\" content=\"@sscc\" \/>\n<meta name=\"twitter:card\" content=\"summary_large_image\" \/>\n<meta name=\"twitter:creator\" content=\"@beatopeustaquio\" \/>\n<meta name=\"twitter:site\" content=\"@beatopeustaquio\" \/>\n<meta name=\"twitter:label1\" content=\"Written by\" \/>\n\t<meta name=\"twitter:data1\" content=\"@sscc\" \/>\n\t<meta name=\"twitter:label2\" content=\"Est. reading time\" \/>\n\t<meta name=\"twitter:data2\" content=\"2 minutes\" \/>\n<script type=\"application\/ld+json\" class=\"yoast-schema-graph\">{\"@context\":\"https:\/\/schema.org\",\"@graph\":[{\"@type\":\"Article\",\"@id\":\"https:\/\/www.padreeustaquio.com.br\/santuario-participa-de-encontro-regional-da-pastoral-do-dizimo\/#article\",\"isPartOf\":{\"@id\":\"https:\/\/www.padreeustaquio.com.br\/santuario-participa-de-encontro-regional-da-pastoral-do-dizimo\/\"},\"author\":{\"name\":\"@sscc\",\"@id\":\"https:\/\/www.padreeustaquio.com.br\/#\/schema\/person\/a2a51db1d00f1a7af0204a0f1ddb1566\"},\"headline\":\"Santu\u00e1rio participa de Encontro Regional da Pastoral do D\u00edzimo\",\"datePublished\":\"2022-07-13T09:06:00+00:00\",\"mainEntityOfPage\":{\"@id\":\"https:\/\/www.padreeustaquio.com.br\/santuario-participa-de-encontro-regional-da-pastoral-do-dizimo\/\"},\"wordCount\":279,\"commentCount\":0,\"publisher\":{\"@id\":\"https:\/\/www.padreeustaquio.com.br\/#organization\"},\"image\":{\"@id\":\"https:\/\/www.padreeustaquio.com.br\/santuario-participa-de-encontro-regional-da-pastoral-do-dizimo\/#primaryimage\"},\"thumbnailUrl\":\"https:\/\/www.padreeustaquio.com.br\/wp-content\/uploads\/2022\/07\/pastoral-dizimo-rense.png\",\"articleSection\":[\"Not\u00edcias\"],\"inLanguage\":\"en-US\",\"potentialAction\":[{\"@type\":\"CommentAction\",\"name\":\"Comment\",\"target\":[\"https:\/\/www.padreeustaquio.com.br\/santuario-participa-de-encontro-regional-da-pastoral-do-dizimo\/#respond\"]}]},{\"@type\":\"WebPage\",\"@id\":\"https:\/\/www.padreeustaquio.com.br\/santuario-participa-de-encontro-regional-da-pastoral-do-dizimo\/\",\"url\":\"https:\/\/www.padreeustaquio.com.br\/santuario-participa-de-encontro-regional-da-pastoral-do-dizimo\/\",\"name\":\"Santu\u00e1rio participa de Encontro Regional da Pastoral do D\u00edzimo\",\"isPartOf\":{\"@id\":\"https:\/\/www.padreeustaquio.com.br\/#website\"},\"primaryImageOfPage\":{\"@id\":\"https:\/\/www.padreeustaquio.com.br\/santuario-participa-de-encontro-regional-da-pastoral-do-dizimo\/#primaryimage\"},\"image\":{\"@id\":\"https:\/\/www.padreeustaquio.com.br\/santuario-participa-de-encontro-regional-da-pastoral-do-dizimo\/#primaryimage\"},\"thumbnailUrl\":\"https:\/\/www.padreeustaquio.com.br\/wp-content\/uploads\/2022\/07\/pastoral-dizimo-rense.png\",\"datePublished\":\"2022-07-13T09:06:00+00:00\",\"description\":\"O Santu\u00e1rio Arquidiocesano da Sa\u00fade e da Paz, a Igreja do Beato Padre Eust\u00e1quio, participou do Encontro Regional do D\u00edzimo, realizado na par\u00f3quia vizinha de S\u00e3o Francisco das Chagas. Padre Silvano de \u00c1vila, SS.CC, e outros oito paroquianos convidados representaram o Santu\u00e1rio.\",\"breadcrumb\":{\"@id\":\"https:\/\/www.padreeustaquio.com.br\/santuario-participa-de-encontro-regional-da-pastoral-do-dizimo\/#breadcrumb\"},\"inLanguage\":\"en-US\",\"potentialAction\":[{\"@type\":\"ReadAction\",\"target\":[\"https:\/\/www.padreeustaquio.com.br\/santuario-participa-de-encontro-regional-da-pastoral-do-dizimo\/\"]}]},{\"@type\":\"ImageObject\",\"inLanguage\":\"en-US\",\"@id\":\"https:\/\/www.padreeustaquio.com.br\/santuario-participa-de-encontro-regional-da-pastoral-do-dizimo\/#primaryimage\",\"url\":\"https:\/\/www.padreeustaquio.com.br\/wp-content\/uploads\/2022\/07\/pastoral-dizimo-rense.png\",\"contentUrl\":\"https:\/\/www.padreeustaquio.com.br\/wp-content\/uploads\/2022\/07\/pastoral-dizimo-rense.png\",\"width\":801,\"height\":469},{\"@type\":\"BreadcrumbList\",\"@id\":\"https:\/\/www.padreeustaquio.com.br\/santuario-participa-de-encontro-regional-da-pastoral-do-dizimo\/#breadcrumb\",\"itemListElement\":[{\"@type\":\"ListItem\",\"position\":1,\"name\":\"In\u00edcio\",\"item\":\"https:\/\/www.padreeustaquio.com.br\/\"},{\"@type\":\"ListItem\",\"position\":2,\"name\":\"Santu\u00e1rio participa de Encontro Regional da Pastoral do D\u00edzimo\"}]},{\"@type\":\"WebSite\",\"@id\":\"https:\/\/www.padreeustaquio.com.br\/#website\",\"url\":\"https:\/\/www.padreeustaquio.com.br\/\",\"name\":\"Padre Eust\u00e1quio\",\"description\":\"Sa\u00fade e Paz\",\"publisher\":{\"@id\":\"https:\/\/www.padreeustaquio.com.br\/#organization\"},\"potentialAction\":[{\"@type\":\"SearchAction\",\"target\":{\"@type\":\"EntryPoint\",\"urlTemplate\":\"https:\/\/www.padreeustaquio.com.br\/?s={search_term_string}\"},\"query-input\":{\"@type\":\"PropertyValueSpecification\",\"valueRequired\":true,\"valueName\":\"search_term_string\"}}],\"inLanguage\":\"en-US\"},{\"@type\":\"Organization\",\"@id\":\"https:\/\/www.padreeustaquio.com.br\/#organization\",\"name\":\"Padre Eust\u00e1quio\",\"url\":\"https:\/\/www.padreeustaquio.com.br\/\",\"logo\":{\"@type\":\"ImageObject\",\"inLanguage\":\"en-US\",\"@id\":\"https:\/\/www.padreeustaquio.com.br\/#\/schema\/logo\/image\/\",\"url\":\"https:\/\/www.padreeustaquio.com.br\/wp-content\/uploads\/2019\/08\/marca.png\",\"contentUrl\":\"https:\/\/www.padreeustaquio.com.br\/wp-content\/uploads\/2019\/08\/marca.png\",\"width\":350,\"height\":400,\"caption\":\"Padre Eust\u00e1quio\"},\"image\":{\"@id\":\"https:\/\/www.padreeustaquio.com.br\/#\/schema\/logo\/image\/\"},\"sameAs\":[\"https:\/\/www.facebook.com\/beatopadreeustaquio\/\",\"https:\/\/x.com\/beatopeustaquio\",\"https:\/\/www.instagram.com\/beatopadreeustaquio\/\",\"https:\/\/www.youtube.com\/channel\/UCRhw7vfabnajwLxb1ZXMeIw\"]},{\"@type\":\"Person\",\"@id\":\"https:\/\/www.padreeustaquio.com.br\/#\/schema\/person\/a2a51db1d00f1a7af0204a0f1ddb1566\",\"name\":\"@sscc\",\"image\":{\"@type\":\"ImageObject\",\"inLanguage\":\"en-US\",\"@id\":\"https:\/\/secure.gravatar.com\/avatar\/68cfafa5f44617fea54071e215026e0ff06be366c3d54a8425f04fdcb86f8c5f?s=96&d=mm&r=g\",\"url\":\"https:\/\/secure.gravatar.com\/avatar\/68cfafa5f44617fea54071e215026e0ff06be366c3d54a8425f04fdcb86f8c5f?s=96&d=mm&r=g\",\"contentUrl\":\"https:\/\/secure.gravatar.com\/avatar\/68cfafa5f44617fea54071e215026e0ff06be366c3d54a8425f04fdcb86f8c5f?s=96&d=mm&r=g\",\"caption\":\"@sscc\"},\"url\":\"https:\/\/www.padreeustaquio.com.br\/en\/author\/sscc\/\"}]}<\/script>\n<!-- \/ Yoast SEO plugin. -->","yoast_head_json":{"title":"Sanctuary participates in Regional Meeting of the Pastoral Ministry of Tithes","description":"The Archdiocesan Sanctuary of Health and Peace, the Church of Blessed Father Eustace, participated in the Regional Tithe Meeting, held in the neighboring parish of Saint Francis of Assisi. Father Silvano de \u00c1vila, SS.CC, and eight other invited parishioners represented the Sanctuary.","robots":{"index":"index","follow":"follow","max-snippet":"max-snippet:-1","max-image-preview":"max-image-preview:large","max-video-preview":"max-video-preview:-1"},"canonical":"https:\/\/www.padreeustaquio.com.br\/en\/sanctuary-participates-in-regional-meeting-of-the-tithe-pastoral-ministry\/","og_locale":"en_US","og_type":"article","og_title":"Santu\u00e1rio participa de Encontro Regional da Pastoral do D\u00edzimo","og_description":"O Santu\u00e1rio Arquidiocesano da Sa\u00fade e da Paz, a Igreja do Beato Padre Eust\u00e1quio, participou do Encontro Regional do D\u00edzimo, realizado na par\u00f3quia vizinha de S\u00e3o Francisco das Chagas. Padre Silvano de \u00c1vila, SS.CC, e outros oito paroquianos convidados representaram o Santu\u00e1rio.","og_url":"https:\/\/www.padreeustaquio.com.br\/en\/sanctuary-participates-in-regional-meeting-of-the-tithe-pastoral-ministry\/","og_site_name":"Padre Eust\u00e1quio","article_publisher":"https:\/\/www.facebook.com\/beatopadreeustaquio\/","article_published_time":"2022-07-13T09:06:00+00:00","og_image":[{"width":801,"height":469,"url":"https:\/\/www.padreeustaquio.com.br\/wp-content\/uploads\/2022\/07\/pastoral-dizimo-rense.png","type":"image\/png"}],"author":"@sscc","twitter_card":"summary_large_image","twitter_creator":"@beatopeustaquio","twitter_site":"@beatopeustaquio","twitter_misc":{"Written by":"@sscc","Est. reading time":"2 minutes"},"schema":{"@context":"https:\/\/schema.org","@graph":[{"@type":"Article","@id":"https:\/\/www.padreeustaquio.com.br\/santuario-participa-de-encontro-regional-da-pastoral-do-dizimo\/#article","isPartOf":{"@id":"https:\/\/www.padreeustaquio.com.br\/santuario-participa-de-encontro-regional-da-pastoral-do-dizimo\/"},"author":{"name":"@sscc","@id":"https:\/\/www.padreeustaquio.com.br\/#\/schema\/person\/a2a51db1d00f1a7af0204a0f1ddb1566"},"headline":"Santu\u00e1rio participa de Encontro Regional da Pastoral do D\u00edzimo","datePublished":"2022-07-13T09:06:00+00:00","mainEntityOfPage":{"@id":"https:\/\/www.padreeustaquio.com.br\/santuario-participa-de-encontro-regional-da-pastoral-do-dizimo\/"},"wordCount":279,"commentCount":0,"publisher":{"@id":"https:\/\/www.padreeustaquio.com.br\/#organization"},"image":{"@id":"https:\/\/www.padreeustaquio.com.br\/santuario-participa-de-encontro-regional-da-pastoral-do-dizimo\/#primaryimage"},"thumbnailUrl":"https:\/\/www.padreeustaquio.com.br\/wp-content\/uploads\/2022\/07\/pastoral-dizimo-rense.png","articleSection":["Not\u00edcias"],"inLanguage":"en-US","potentialAction":[{"@type":"CommentAction","name":"Comment","target":["https:\/\/www.padreeustaquio.com.br\/santuario-participa-de-encontro-regional-da-pastoral-do-dizimo\/#respond"]}]},{"@type":"WebPage","@id":"https:\/\/www.padreeustaquio.com.br\/santuario-participa-de-encontro-regional-da-pastoral-do-dizimo\/","url":"https:\/\/www.padreeustaquio.com.br\/santuario-participa-de-encontro-regional-da-pastoral-do-dizimo\/","name":"Sanctuary participates in Regional Meeting of the Pastoral Ministry of Tithes","isPartOf":{"@id":"https:\/\/www.padreeustaquio.com.br\/#website"},"primaryImageOfPage":{"@id":"https:\/\/www.padreeustaquio.com.br\/santuario-participa-de-encontro-regional-da-pastoral-do-dizimo\/#primaryimage"},"image":{"@id":"https:\/\/www.padreeustaquio.com.br\/santuario-participa-de-encontro-regional-da-pastoral-do-dizimo\/#primaryimage"},"thumbnailUrl":"https:\/\/www.padreeustaquio.com.br\/wp-content\/uploads\/2022\/07\/pastoral-dizimo-rense.png","datePublished":"2022-07-13T09:06:00+00:00","description":"The Archdiocesan Sanctuary of Health and Peace, the Church of Blessed Father Eustace, participated in the Regional Tithe Meeting, held in the neighboring parish of Saint Francis of Assisi. Father Silvano de \u00c1vila, SS.CC, and eight other invited parishioners represented the Sanctuary.","breadcrumb":{"@id":"https:\/\/www.padreeustaquio.com.br\/santuario-participa-de-encontro-regional-da-pastoral-do-dizimo\/#breadcrumb"},"inLanguage":"en-US","potentialAction":[{"@type":"ReadAction","target":["https:\/\/www.padreeustaquio.com.br\/santuario-participa-de-encontro-regional-da-pastoral-do-dizimo\/"]}]},{"@type":"ImageObject","inLanguage":"en-US","@id":"https:\/\/www.padreeustaquio.com.br\/santuario-participa-de-encontro-regional-da-pastoral-do-dizimo\/#primaryimage","url":"https:\/\/www.padreeustaquio.com.br\/wp-content\/uploads\/2022\/07\/pastoral-dizimo-rense.png","contentUrl":"https:\/\/www.padreeustaquio.com.br\/wp-content\/uploads\/2022\/07\/pastoral-dizimo-rense.png","width":801,"height":469},{"@type":"BreadcrumbList","@id":"https:\/\/www.padreeustaquio.com.br\/santuario-participa-de-encontro-regional-da-pastoral-do-dizimo\/#breadcrumb","itemListElement":[{"@type":"ListItem","position":1,"name":"In\u00edcio","item":"https:\/\/www.padreeustaquio.com.br\/"},{"@type":"ListItem","position":2,"name":"Santu\u00e1rio participa de Encontro Regional da Pastoral do D\u00edzimo"}]},{"@type":"WebSite","@id":"https:\/\/www.padreeustaquio.com.br\/#website","url":"https:\/\/www.padreeustaquio.com.br\/","name":"FATHER EUST\u00c1QUIO","description":"Health and Peace","publisher":{"@id":"https:\/\/www.padreeustaquio.com.br\/#organization"},"potentialAction":[{"@type":"SearchAction","target":{"@type":"EntryPoint","urlTemplate":"https:\/\/www.padreeustaquio.com.br\/?s={search_term_string}"},"query-input":{"@type":"PropertyValueSpecification","valueRequired":true,"valueName":"search_term_string"}}],"inLanguage":"en-US"},{"@type":"Organization","@id":"https:\/\/www.padreeustaquio.com.br\/#organization","name":"FATHER EUST\u00c1QUIO","url":"https:\/\/www.padreeustaquio.com.br\/","logo":{"@type":"ImageObject","inLanguage":"en-US","@id":"https:\/\/www.padreeustaquio.com.br\/#\/schema\/logo\/image\/","url":"https:\/\/www.padreeustaquio.com.br\/wp-content\/uploads\/2019\/08\/marca.png","contentUrl":"https:\/\/www.padreeustaquio.com.br\/wp-content\/uploads\/2019\/08\/marca.png","width":350,"height":400,"caption":"Padre Eust\u00e1quio"},"image":{"@id":"https:\/\/www.padreeustaquio.com.br\/#\/schema\/logo\/image\/"},"sameAs":["https:\/\/www.facebook.com\/beatopadreeustaquio\/","https:\/\/x.com\/beatopeustaquio","https:\/\/www.instagram.com\/beatopadreeustaquio\/","https:\/\/www.youtube.com\/channel\/UCRhw7vfabnajwLxb1ZXMeIw"]},{"@type":"Person","@id":"https:\/\/www.padreeustaquio.com.br\/#\/schema\/person\/a2a51db1d00f1a7af0204a0f1ddb1566","name":"@sscc","image":{"@type":"ImageObject","inLanguage":"en-US","@id":"https:\/\/secure.gravatar.com\/avatar\/68cfafa5f44617fea54071e215026e0ff06be366c3d54a8425f04fdcb86f8c5f?s=96&d=mm&r=g","url":"https:\/\/secure.gravatar.com\/avatar\/68cfafa5f44617fea54071e215026e0ff06be366c3d54a8425f04fdcb86f8c5f?s=96&d=mm&r=g","contentUrl":"https:\/\/secure.gravatar.com\/avatar\/68cfafa5f44617fea54071e215026e0ff06be366c3d54a8425f04fdcb86f8c5f?s=96&d=mm&r=g","caption":"@sscc"},"url":"https:\/\/www.padreeustaquio.com.br\/en\/author\/sscc\/"}]}},"_links":{"self":[{"href":"https:\/\/www.padreeustaquio.com.br\/en\/wp-json\/wp\/v2\/posts\/8959","targetHints":{"allow":["GET"]}}],"collection":[{"href":"https:\/\/www.padreeustaquio.com.br\/en\/wp-json\/wp\/v2\/posts"}],"about":[{"href":"https:\/\/www.padreeustaquio.com.br\/en\/wp-json\/wp\/v2\/types\/post"}],"author":[{"embeddable":true,"href":"https:\/\/www.padreeustaquio.com.br\/en\/wp-json\/wp\/v2\/users\/2"}],"replies":[{"embeddable":true,"href":"https:\/\/www.padreeustaquio.com.br\/en\/wp-json\/wp\/v2\/comments?post=8959"}],"version-history":[{"count":0,"href":"https:\/\/www.padreeustaquio.com.br\/en\/wp-json\/wp\/v2\/posts\/8959\/revisions"}],"wp:featuredmedia":[{"embeddable":true,"href":"https:\/\/www.padreeustaquio.com.br\/en\/wp-json\/wp\/v2\/media\/8960"}],"wp:attachment":[{"href":"https:\/\/www.padreeustaquio.com.br\/en\/wp-json\/wp\/v2\/media?parent=8959"}],"wp:term":[{"taxonomy":"category","embeddable":true,"href":"https:\/\/www.padreeustaquio.com.br\/en\/wp-json\/wp\/v2\/categories?post=8959"},{"taxonomy":"post_tag","embeddable":true,"href":"https:\/\/www.padreeustaquio.com.br\/en\/wp-json\/wp\/v2\/tags?post=8959"}],"curies":[{"name":"wp","href":"https:\/\/api.w.org\/{rel}","templated":true}]}}