{"id":8956,"date":"2022-07-12T07:40:12","date_gmt":"2022-07-12T10:40:12","guid":{"rendered":"https:\/\/www.padreeustaquio.com.br\/?p=8956"},"modified":"2022-07-12T07:46:43","modified_gmt":"2022-07-12T10:46:43","slug":"father-eustace-and-the-decoration-from-the-king-of-belgium-in-1920","status":"publish","type":"post","link":"https:\/\/www.padreeustaquio.com.br\/en\/father-eustace-and-the-decoration-from-the-king-of-belgium-in-1920\/","title":{"rendered":"Father Eust\u00e1quio and the decoration from the King of Belgium in 1920"},"content":{"rendered":"<p>In 1919, Father Eustace was ordained a priest. In the following years, he served the Dutch people in various missions, distinguishing himself through his missionary work done with love and steadfastness.<\/p>\n\n\n\n<p>The following year, the priest took up work in a colony of Belgian glaziers who, since the First World War, had settled in Maassluis, a small North Sea port near Rotterdam. He was appointed the first chaplain of the place, a difficult appointment since he had served alone among the Walloons.<\/p>\n\n\n\n<p>In his first few days there, Father Eust\u00e1quio realized he was in a place where people lived without God and without morals. The Blessed&#039;s work was arduous, and it was there that his ministry dedicated to caring for the sick and suffering began.<\/p>\n\n\n\n<p>The Blessed One&#039;s firmness and love for his neighbor earned him the trust of the people living in the colony, and in a short time the situation there changed. Father Eust\u00e1quio&#039;s dedication and zeal for the community led King Albert I of Belgium (1875-1934) to award him the title of &quot;Knight of the Belgian Crown&quot;.<\/p>\n\n\n\n<p>In the book, &quot;The Vicar of Po\u00e1,&quot; Father Ven\u00e2ncio describes some of the work of Blessed Father Eust\u00e1quio while he was in the colony of Belgian glaziers:<\/p>\n\n\n\n<p><em>\u201c&quot;He devoted special attention to children, organizing a school for them. He sent letter after letter to both the Dutch and Belgian governments, requesting social assistance. He pestered embassies and consular authorities with visits, seeking to secure a domestic school for girls, a sewing class for young women, and an entertainment venue or patronage for young men, so they wouldn&#039;t spend their nights in taverns.&quot;\u201d<\/em><\/p>\n\n\n\n<p><\/p>","protected":false},"excerpt":{"rendered":"<p>Em 1919, Padre Eust\u00e1quio foi ordenado sacerdote. Nos anos seguintes ele serviu o povo holand\u00eas em diversas miss\u00f5es, se destacando com seu trabalho mission\u00e1rio feito com amor e firmeza. No ano seguinte, o padre assumiu os trabalhos em uma col\u00f4nia de vidraceiros belgas que, desde a Primeira Guerra Mundial, se estabeleceu em Maassluis, pequeno porto do Mar do Norte, pr\u00f3ximo a Rotterdam. Ele foi nomeado o primeiro capel\u00e3o do local, uma nomea\u00e7\u00e3o dif\u00edcil, j\u00e1 que serviu sozinho entre os val\u00f5es. J\u00e1 nos primeiros dias no local, Padre Eust\u00e1quio percebeu que estava em um lugar onde as pessoas viviam sem Deus [&hellip;]<\/p>\n","protected":false},"author":2,"featured_media":8957,"comment_status":"open","ping_status":"closed","sticky":false,"template":"","format":"standard","meta":{"_acf_changed":false,"footnotes":""},"categories":[611],"tags":[],"class_list":["post-8956","post","type-post","status-publish","format-standard","has-post-thumbnail","hentry","category-noticias"],"acf":[],"yoast_head":"<!-- This site is optimized with the Yoast SEO plugin v27.2 - https:\/\/yoast.com\/product\/yoast-seo-wordpress\/ -->\n<title>Padre Eust\u00e1quio e a condecora\u00e7\u00e3o do Rei da B\u00e9lgica em 1920<\/title>\n<meta name=\"description\" content=\"A firmeza do Bem-aventurado e o amor ao pr\u00f3ximo fizeram com que e ele ganhasse a confian\u00e7a das pessoas que moravam na col\u00f4nia e em pouco tempo a situa\u00e7\u00e3o do local mudou. A dedica\u00e7\u00e3o e o zelo de Padre Eust\u00e1quio pela comunidade fizeram com que o Rei da B\u00e9lgica o condecorasse com o t\u00edtulo de &quot;Cavaleiro da Coroa Belga&quot;.\" \/>\n<meta name=\"robots\" content=\"index, follow, max-snippet:-1, max-image-preview:large, max-video-preview:-1\" \/>\n<link rel=\"canonical\" href=\"https:\/\/www.padreeustaquio.com.br\/en\/father-eustace-and-the-decoration-from-the-king-of-belgium-in-1920\/\" \/>\n<meta property=\"og:locale\" content=\"en_US\" \/>\n<meta property=\"og:type\" content=\"article\" \/>\n<meta property=\"og:title\" content=\"Padre Eust\u00e1quio e a condecora\u00e7\u00e3o do Rei da B\u00e9lgica em 1920\" \/>\n<meta property=\"og:description\" content=\"A firmeza do Bem-aventurado e o amor ao pr\u00f3ximo fizeram com que e ele ganhasse a confian\u00e7a das pessoas que moravam na col\u00f4nia e em pouco tempo a situa\u00e7\u00e3o do local mudou. A dedica\u00e7\u00e3o e o zelo de Padre Eust\u00e1quio pela comunidade fizeram com que o Rei da B\u00e9lgica o condecorasse com o t\u00edtulo de &quot;Cavaleiro da Coroa Belga&quot;.\" \/>\n<meta property=\"og:url\" content=\"https:\/\/www.padreeustaquio.com.br\/en\/father-eustace-and-the-decoration-from-the-king-of-belgium-in-1920\/\" \/>\n<meta property=\"og:site_name\" content=\"Padre Eust\u00e1quio\" \/>\n<meta property=\"article:publisher\" content=\"https:\/\/www.facebook.com\/beatopadreeustaquio\/\" \/>\n<meta property=\"article:published_time\" content=\"2022-07-12T10:40:12+00:00\" \/>\n<meta property=\"article:modified_time\" content=\"2022-07-12T10:46:43+00:00\" \/>\n<meta property=\"og:image\" content=\"https:\/\/www.padreeustaquio.com.br\/wp-content\/uploads\/2022\/07\/Na-foto-Padre-Eustaquio-usa-a-condecoracao-de-Cavaleiro-da-Coroa-Belga-no-peito.-e1657622795240.jpeg\" \/>\n\t<meta property=\"og:image:width\" content=\"798\" \/>\n\t<meta property=\"og:image:height\" content=\"392\" \/>\n\t<meta property=\"og:image:type\" content=\"image\/jpeg\" \/>\n<meta name=\"author\" content=\"@sscc\" \/>\n<meta name=\"twitter:card\" content=\"summary_large_image\" \/>\n<meta name=\"twitter:creator\" content=\"@beatopeustaquio\" \/>\n<meta name=\"twitter:site\" content=\"@beatopeustaquio\" \/>\n<meta name=\"twitter:label1\" content=\"Written by\" \/>\n\t<meta name=\"twitter:data1\" content=\"@sscc\" \/>\n\t<meta name=\"twitter:label2\" content=\"Est. reading time\" \/>\n\t<meta name=\"twitter:data2\" content=\"2 minutes\" \/>\n<script type=\"application\/ld+json\" class=\"yoast-schema-graph\">{\"@context\":\"https:\/\/schema.org\",\"@graph\":[{\"@type\":\"Article\",\"@id\":\"https:\/\/www.padreeustaquio.com.br\/padre-eustaquio-e-a-condecoracao-do-rei-da-belgica-em-1920\/#article\",\"isPartOf\":{\"@id\":\"https:\/\/www.padreeustaquio.com.br\/padre-eustaquio-e-a-condecoracao-do-rei-da-belgica-em-1920\/\"},\"author\":{\"name\":\"@sscc\",\"@id\":\"https:\/\/www.padreeustaquio.com.br\/#\/schema\/person\/a2a51db1d00f1a7af0204a0f1ddb1566\"},\"headline\":\"Padre Eust\u00e1quio e a condecora\u00e7\u00e3o do Rei da B\u00e9lgica em 1920\",\"datePublished\":\"2022-07-12T10:40:12+00:00\",\"dateModified\":\"2022-07-12T10:46:43+00:00\",\"mainEntityOfPage\":{\"@id\":\"https:\/\/www.padreeustaquio.com.br\/padre-eustaquio-e-a-condecoracao-do-rei-da-belgica-em-1920\/\"},\"wordCount\":321,\"commentCount\":0,\"publisher\":{\"@id\":\"https:\/\/www.padreeustaquio.com.br\/#organization\"},\"image\":{\"@id\":\"https:\/\/www.padreeustaquio.com.br\/padre-eustaquio-e-a-condecoracao-do-rei-da-belgica-em-1920\/#primaryimage\"},\"thumbnailUrl\":\"https:\/\/www.padreeustaquio.com.br\/wp-content\/uploads\/2022\/07\/Na-foto-Padre-Eustaquio-usa-a-condecoracao-de-Cavaleiro-da-Coroa-Belga-no-peito.-e1657622795240.jpeg\",\"articleSection\":[\"Not\u00edcias\"],\"inLanguage\":\"en-US\",\"potentialAction\":[{\"@type\":\"CommentAction\",\"name\":\"Comment\",\"target\":[\"https:\/\/www.padreeustaquio.com.br\/padre-eustaquio-e-a-condecoracao-do-rei-da-belgica-em-1920\/#respond\"]}]},{\"@type\":\"WebPage\",\"@id\":\"https:\/\/www.padreeustaquio.com.br\/padre-eustaquio-e-a-condecoracao-do-rei-da-belgica-em-1920\/\",\"url\":\"https:\/\/www.padreeustaquio.com.br\/padre-eustaquio-e-a-condecoracao-do-rei-da-belgica-em-1920\/\",\"name\":\"Padre Eust\u00e1quio e a condecora\u00e7\u00e3o do Rei da B\u00e9lgica em 1920\",\"isPartOf\":{\"@id\":\"https:\/\/www.padreeustaquio.com.br\/#website\"},\"primaryImageOfPage\":{\"@id\":\"https:\/\/www.padreeustaquio.com.br\/padre-eustaquio-e-a-condecoracao-do-rei-da-belgica-em-1920\/#primaryimage\"},\"image\":{\"@id\":\"https:\/\/www.padreeustaquio.com.br\/padre-eustaquio-e-a-condecoracao-do-rei-da-belgica-em-1920\/#primaryimage\"},\"thumbnailUrl\":\"https:\/\/www.padreeustaquio.com.br\/wp-content\/uploads\/2022\/07\/Na-foto-Padre-Eustaquio-usa-a-condecoracao-de-Cavaleiro-da-Coroa-Belga-no-peito.-e1657622795240.jpeg\",\"datePublished\":\"2022-07-12T10:40:12+00:00\",\"dateModified\":\"2022-07-12T10:46:43+00:00\",\"description\":\"A firmeza do Bem-aventurado e o amor ao pr\u00f3ximo fizeram com que e ele ganhasse a confian\u00e7a das pessoas que moravam na col\u00f4nia e em pouco tempo a situa\u00e7\u00e3o do local mudou. A dedica\u00e7\u00e3o e o zelo de Padre Eust\u00e1quio pela comunidade fizeram com que o Rei da B\u00e9lgica o condecorasse com o t\u00edtulo de \\\"Cavaleiro da Coroa Belga\\\".\",\"breadcrumb\":{\"@id\":\"https:\/\/www.padreeustaquio.com.br\/padre-eustaquio-e-a-condecoracao-do-rei-da-belgica-em-1920\/#breadcrumb\"},\"inLanguage\":\"en-US\",\"potentialAction\":[{\"@type\":\"ReadAction\",\"target\":[\"https:\/\/www.padreeustaquio.com.br\/padre-eustaquio-e-a-condecoracao-do-rei-da-belgica-em-1920\/\"]}]},{\"@type\":\"ImageObject\",\"inLanguage\":\"en-US\",\"@id\":\"https:\/\/www.padreeustaquio.com.br\/padre-eustaquio-e-a-condecoracao-do-rei-da-belgica-em-1920\/#primaryimage\",\"url\":\"https:\/\/www.padreeustaquio.com.br\/wp-content\/uploads\/2022\/07\/Na-foto-Padre-Eustaquio-usa-a-condecoracao-de-Cavaleiro-da-Coroa-Belga-no-peito.-e1657622795240.jpeg\",\"contentUrl\":\"https:\/\/www.padreeustaquio.com.br\/wp-content\/uploads\/2022\/07\/Na-foto-Padre-Eustaquio-usa-a-condecoracao-de-Cavaleiro-da-Coroa-Belga-no-peito.-e1657622795240.jpeg\",\"width\":798,\"height\":392,\"caption\":\"Na foto, Padre Eust\u00e1quio (segundo sentado \u00e0 esquerda) usando a condecora\u00e7\u00e3o de \u201cCavaleiro da Coroa Belga\u201d no peito.\"},{\"@type\":\"BreadcrumbList\",\"@id\":\"https:\/\/www.padreeustaquio.com.br\/padre-eustaquio-e-a-condecoracao-do-rei-da-belgica-em-1920\/#breadcrumb\",\"itemListElement\":[{\"@type\":\"ListItem\",\"position\":1,\"name\":\"In\u00edcio\",\"item\":\"https:\/\/www.padreeustaquio.com.br\/\"},{\"@type\":\"ListItem\",\"position\":2,\"name\":\"Padre Eust\u00e1quio e a condecora\u00e7\u00e3o do Rei da B\u00e9lgica em 1920\"}]},{\"@type\":\"WebSite\",\"@id\":\"https:\/\/www.padreeustaquio.com.br\/#website\",\"url\":\"https:\/\/www.padreeustaquio.com.br\/\",\"name\":\"Padre Eust\u00e1quio\",\"description\":\"Sa\u00fade e Paz\",\"publisher\":{\"@id\":\"https:\/\/www.padreeustaquio.com.br\/#organization\"},\"potentialAction\":[{\"@type\":\"SearchAction\",\"target\":{\"@type\":\"EntryPoint\",\"urlTemplate\":\"https:\/\/www.padreeustaquio.com.br\/?s={search_term_string}\"},\"query-input\":{\"@type\":\"PropertyValueSpecification\",\"valueRequired\":true,\"valueName\":\"search_term_string\"}}],\"inLanguage\":\"en-US\"},{\"@type\":\"Organization\",\"@id\":\"https:\/\/www.padreeustaquio.com.br\/#organization\",\"name\":\"Padre Eust\u00e1quio\",\"url\":\"https:\/\/www.padreeustaquio.com.br\/\",\"logo\":{\"@type\":\"ImageObject\",\"inLanguage\":\"en-US\",\"@id\":\"https:\/\/www.padreeustaquio.com.br\/#\/schema\/logo\/image\/\",\"url\":\"https:\/\/www.padreeustaquio.com.br\/wp-content\/uploads\/2019\/08\/marca.png\",\"contentUrl\":\"https:\/\/www.padreeustaquio.com.br\/wp-content\/uploads\/2019\/08\/marca.png\",\"width\":350,\"height\":400,\"caption\":\"Padre Eust\u00e1quio\"},\"image\":{\"@id\":\"https:\/\/www.padreeustaquio.com.br\/#\/schema\/logo\/image\/\"},\"sameAs\":[\"https:\/\/www.facebook.com\/beatopadreeustaquio\/\",\"https:\/\/x.com\/beatopeustaquio\",\"https:\/\/www.instagram.com\/beatopadreeustaquio\/\",\"https:\/\/www.youtube.com\/channel\/UCRhw7vfabnajwLxb1ZXMeIw\"]},{\"@type\":\"Person\",\"@id\":\"https:\/\/www.padreeustaquio.com.br\/#\/schema\/person\/a2a51db1d00f1a7af0204a0f1ddb1566\",\"name\":\"@sscc\",\"image\":{\"@type\":\"ImageObject\",\"inLanguage\":\"en-US\",\"@id\":\"https:\/\/secure.gravatar.com\/avatar\/68cfafa5f44617fea54071e215026e0ff06be366c3d54a8425f04fdcb86f8c5f?s=96&d=mm&r=g\",\"url\":\"https:\/\/secure.gravatar.com\/avatar\/68cfafa5f44617fea54071e215026e0ff06be366c3d54a8425f04fdcb86f8c5f?s=96&d=mm&r=g\",\"contentUrl\":\"https:\/\/secure.gravatar.com\/avatar\/68cfafa5f44617fea54071e215026e0ff06be366c3d54a8425f04fdcb86f8c5f?s=96&d=mm&r=g\",\"caption\":\"@sscc\"},\"url\":\"https:\/\/www.padreeustaquio.com.br\/en\/author\/sscc\/\"}]}<\/script>\n<!-- \/ Yoast SEO plugin. -->","yoast_head_json":{"title":"Father Eust\u00e1quio and the decoration from the King of Belgium in 1920","description":"The Blessed One&#039;s firmness and love for his neighbor earned him the trust of the people living in the colony, and in a short time the situation there changed. Father Eustace&#039;s dedication and zeal for the community led the King of Belgium to award him the title of &quot;Knight of the Belgian Crown&quot;.","robots":{"index":"index","follow":"follow","max-snippet":"max-snippet:-1","max-image-preview":"max-image-preview:large","max-video-preview":"max-video-preview:-1"},"canonical":"https:\/\/www.padreeustaquio.com.br\/en\/father-eustace-and-the-decoration-from-the-king-of-belgium-in-1920\/","og_locale":"en_US","og_type":"article","og_title":"Padre Eust\u00e1quio e a condecora\u00e7\u00e3o do Rei da B\u00e9lgica em 1920","og_description":"A firmeza do Bem-aventurado e o amor ao pr\u00f3ximo fizeram com que e ele ganhasse a confian\u00e7a das pessoas que moravam na col\u00f4nia e em pouco tempo a situa\u00e7\u00e3o do local mudou. A dedica\u00e7\u00e3o e o zelo de Padre Eust\u00e1quio pela comunidade fizeram com que o Rei da B\u00e9lgica o condecorasse com o t\u00edtulo de \"Cavaleiro da Coroa Belga\".","og_url":"https:\/\/www.padreeustaquio.com.br\/en\/father-eustace-and-the-decoration-from-the-king-of-belgium-in-1920\/","og_site_name":"Padre Eust\u00e1quio","article_publisher":"https:\/\/www.facebook.com\/beatopadreeustaquio\/","article_published_time":"2022-07-12T10:40:12+00:00","article_modified_time":"2022-07-12T10:46:43+00:00","og_image":[{"width":798,"height":392,"url":"https:\/\/www.padreeustaquio.com.br\/wp-content\/uploads\/2022\/07\/Na-foto-Padre-Eustaquio-usa-a-condecoracao-de-Cavaleiro-da-Coroa-Belga-no-peito.-e1657622795240.jpeg","type":"image\/jpeg"}],"author":"@sscc","twitter_card":"summary_large_image","twitter_creator":"@beatopeustaquio","twitter_site":"@beatopeustaquio","twitter_misc":{"Written by":"@sscc","Est. reading time":"2 minutes"},"schema":{"@context":"https:\/\/schema.org","@graph":[{"@type":"Article","@id":"https:\/\/www.padreeustaquio.com.br\/padre-eustaquio-e-a-condecoracao-do-rei-da-belgica-em-1920\/#article","isPartOf":{"@id":"https:\/\/www.padreeustaquio.com.br\/padre-eustaquio-e-a-condecoracao-do-rei-da-belgica-em-1920\/"},"author":{"name":"@sscc","@id":"https:\/\/www.padreeustaquio.com.br\/#\/schema\/person\/a2a51db1d00f1a7af0204a0f1ddb1566"},"headline":"Padre Eust\u00e1quio e a condecora\u00e7\u00e3o do Rei da B\u00e9lgica em 1920","datePublished":"2022-07-12T10:40:12+00:00","dateModified":"2022-07-12T10:46:43+00:00","mainEntityOfPage":{"@id":"https:\/\/www.padreeustaquio.com.br\/padre-eustaquio-e-a-condecoracao-do-rei-da-belgica-em-1920\/"},"wordCount":321,"commentCount":0,"publisher":{"@id":"https:\/\/www.padreeustaquio.com.br\/#organization"},"image":{"@id":"https:\/\/www.padreeustaquio.com.br\/padre-eustaquio-e-a-condecoracao-do-rei-da-belgica-em-1920\/#primaryimage"},"thumbnailUrl":"https:\/\/www.padreeustaquio.com.br\/wp-content\/uploads\/2022\/07\/Na-foto-Padre-Eustaquio-usa-a-condecoracao-de-Cavaleiro-da-Coroa-Belga-no-peito.-e1657622795240.jpeg","articleSection":["Not\u00edcias"],"inLanguage":"en-US","potentialAction":[{"@type":"CommentAction","name":"Comment","target":["https:\/\/www.padreeustaquio.com.br\/padre-eustaquio-e-a-condecoracao-do-rei-da-belgica-em-1920\/#respond"]}]},{"@type":"WebPage","@id":"https:\/\/www.padreeustaquio.com.br\/padre-eustaquio-e-a-condecoracao-do-rei-da-belgica-em-1920\/","url":"https:\/\/www.padreeustaquio.com.br\/padre-eustaquio-e-a-condecoracao-do-rei-da-belgica-em-1920\/","name":"Father Eust\u00e1quio and the decoration from the King of Belgium in 1920","isPartOf":{"@id":"https:\/\/www.padreeustaquio.com.br\/#website"},"primaryImageOfPage":{"@id":"https:\/\/www.padreeustaquio.com.br\/padre-eustaquio-e-a-condecoracao-do-rei-da-belgica-em-1920\/#primaryimage"},"image":{"@id":"https:\/\/www.padreeustaquio.com.br\/padre-eustaquio-e-a-condecoracao-do-rei-da-belgica-em-1920\/#primaryimage"},"thumbnailUrl":"https:\/\/www.padreeustaquio.com.br\/wp-content\/uploads\/2022\/07\/Na-foto-Padre-Eustaquio-usa-a-condecoracao-de-Cavaleiro-da-Coroa-Belga-no-peito.-e1657622795240.jpeg","datePublished":"2022-07-12T10:40:12+00:00","dateModified":"2022-07-12T10:46:43+00:00","description":"The Blessed One&#039;s firmness and love for his neighbor earned him the trust of the people living in the colony, and in a short time the situation there changed. Father Eustace&#039;s dedication and zeal for the community led the King of Belgium to award him the title of &quot;Knight of the Belgian Crown&quot;.","breadcrumb":{"@id":"https:\/\/www.padreeustaquio.com.br\/padre-eustaquio-e-a-condecoracao-do-rei-da-belgica-em-1920\/#breadcrumb"},"inLanguage":"en-US","potentialAction":[{"@type":"ReadAction","target":["https:\/\/www.padreeustaquio.com.br\/padre-eustaquio-e-a-condecoracao-do-rei-da-belgica-em-1920\/"]}]},{"@type":"ImageObject","inLanguage":"en-US","@id":"https:\/\/www.padreeustaquio.com.br\/padre-eustaquio-e-a-condecoracao-do-rei-da-belgica-em-1920\/#primaryimage","url":"https:\/\/www.padreeustaquio.com.br\/wp-content\/uploads\/2022\/07\/Na-foto-Padre-Eustaquio-usa-a-condecoracao-de-Cavaleiro-da-Coroa-Belga-no-peito.-e1657622795240.jpeg","contentUrl":"https:\/\/www.padreeustaquio.com.br\/wp-content\/uploads\/2022\/07\/Na-foto-Padre-Eustaquio-usa-a-condecoracao-de-Cavaleiro-da-Coroa-Belga-no-peito.-e1657622795240.jpeg","width":798,"height":392,"caption":"Na foto, Padre Eust\u00e1quio (segundo sentado \u00e0 esquerda) usando a condecora\u00e7\u00e3o de \u201cCavaleiro da Coroa Belga\u201d no peito."},{"@type":"BreadcrumbList","@id":"https:\/\/www.padreeustaquio.com.br\/padre-eustaquio-e-a-condecoracao-do-rei-da-belgica-em-1920\/#breadcrumb","itemListElement":[{"@type":"ListItem","position":1,"name":"In\u00edcio","item":"https:\/\/www.padreeustaquio.com.br\/"},{"@type":"ListItem","position":2,"name":"Padre Eust\u00e1quio e a condecora\u00e7\u00e3o do Rei da B\u00e9lgica em 1920"}]},{"@type":"WebSite","@id":"https:\/\/www.padreeustaquio.com.br\/#website","url":"https:\/\/www.padreeustaquio.com.br\/","name":"FATHER EUST\u00c1QUIO","description":"Health and Peace","publisher":{"@id":"https:\/\/www.padreeustaquio.com.br\/#organization"},"potentialAction":[{"@type":"SearchAction","target":{"@type":"EntryPoint","urlTemplate":"https:\/\/www.padreeustaquio.com.br\/?s={search_term_string}"},"query-input":{"@type":"PropertyValueSpecification","valueRequired":true,"valueName":"search_term_string"}}],"inLanguage":"en-US"},{"@type":"Organization","@id":"https:\/\/www.padreeustaquio.com.br\/#organization","name":"FATHER EUST\u00c1QUIO","url":"https:\/\/www.padreeustaquio.com.br\/","logo":{"@type":"ImageObject","inLanguage":"en-US","@id":"https:\/\/www.padreeustaquio.com.br\/#\/schema\/logo\/image\/","url":"https:\/\/www.padreeustaquio.com.br\/wp-content\/uploads\/2019\/08\/marca.png","contentUrl":"https:\/\/www.padreeustaquio.com.br\/wp-content\/uploads\/2019\/08\/marca.png","width":350,"height":400,"caption":"Padre Eust\u00e1quio"},"image":{"@id":"https:\/\/www.padreeustaquio.com.br\/#\/schema\/logo\/image\/"},"sameAs":["https:\/\/www.facebook.com\/beatopadreeustaquio\/","https:\/\/x.com\/beatopeustaquio","https:\/\/www.instagram.com\/beatopadreeustaquio\/","https:\/\/www.youtube.com\/channel\/UCRhw7vfabnajwLxb1ZXMeIw"]},{"@type":"Person","@id":"https:\/\/www.padreeustaquio.com.br\/#\/schema\/person\/a2a51db1d00f1a7af0204a0f1ddb1566","name":"@sscc","image":{"@type":"ImageObject","inLanguage":"en-US","@id":"https:\/\/secure.gravatar.com\/avatar\/68cfafa5f44617fea54071e215026e0ff06be366c3d54a8425f04fdcb86f8c5f?s=96&d=mm&r=g","url":"https:\/\/secure.gravatar.com\/avatar\/68cfafa5f44617fea54071e215026e0ff06be366c3d54a8425f04fdcb86f8c5f?s=96&d=mm&r=g","contentUrl":"https:\/\/secure.gravatar.com\/avatar\/68cfafa5f44617fea54071e215026e0ff06be366c3d54a8425f04fdcb86f8c5f?s=96&d=mm&r=g","caption":"@sscc"},"url":"https:\/\/www.padreeustaquio.com.br\/en\/author\/sscc\/"}]}},"_links":{"self":[{"href":"https:\/\/www.padreeustaquio.com.br\/en\/wp-json\/wp\/v2\/posts\/8956","targetHints":{"allow":["GET"]}}],"collection":[{"href":"https:\/\/www.padreeustaquio.com.br\/en\/wp-json\/wp\/v2\/posts"}],"about":[{"href":"https:\/\/www.padreeustaquio.com.br\/en\/wp-json\/wp\/v2\/types\/post"}],"author":[{"embeddable":true,"href":"https:\/\/www.padreeustaquio.com.br\/en\/wp-json\/wp\/v2\/users\/2"}],"replies":[{"embeddable":true,"href":"https:\/\/www.padreeustaquio.com.br\/en\/wp-json\/wp\/v2\/comments?post=8956"}],"version-history":[{"count":0,"href":"https:\/\/www.padreeustaquio.com.br\/en\/wp-json\/wp\/v2\/posts\/8956\/revisions"}],"wp:featuredmedia":[{"embeddable":true,"href":"https:\/\/www.padreeustaquio.com.br\/en\/wp-json\/wp\/v2\/media\/8957"}],"wp:attachment":[{"href":"https:\/\/www.padreeustaquio.com.br\/en\/wp-json\/wp\/v2\/media?parent=8956"}],"wp:term":[{"taxonomy":"category","embeddable":true,"href":"https:\/\/www.padreeustaquio.com.br\/en\/wp-json\/wp\/v2\/categories?post=8956"},{"taxonomy":"post_tag","embeddable":true,"href":"https:\/\/www.padreeustaquio.com.br\/en\/wp-json\/wp\/v2\/tags?post=8956"}],"curies":[{"name":"wp","href":"https:\/\/api.w.org\/{rel}","templated":true}]}}