{"id":8952,"date":"2022-07-11T08:46:54","date_gmt":"2022-07-11T11:46:54","guid":{"rendered":"https:\/\/www.padreeustaquio.com.br\/?p=8952"},"modified":"2022-07-11T08:46:55","modified_gmt":"2022-07-11T11:46:55","slug":"ecc-padre-eustaquio-celebrates-national-day-of-the-encounter-of-couples-with-christ","status":"publish","type":"post","link":"https:\/\/www.padreeustaquio.com.br\/en\/ecc-padre-eustaquio-celebrates-national-day-of-the-encounter-of-couples-with-christ\/","title":{"rendered":"ECC Padre Eust\u00e1quio celebrates National Day of the Encounter of Couples with Christ."},"content":{"rendered":"<p>Sunday (July 10th) was a day of celebration for ECC groups across the country. The Encounter of Couples with Christ celebrated 52 years of activity, and at the Archdiocesan Sanctuary of Health and Peace it was no different; from early morning, members of the movement celebrated the day at the Church of Father Eust\u00e1quio with coffee and mass.<\/p>\n\n\n\n<p>In the morning, the ECC group was responsible for the Sunday coffee break. The celebration concluded with Holy Mass at 7 pm, celebrated by the rector of the Sanctuary, Fr. Vin\u00edcius Maciel SS.CC, who invited the participants of the movement to come up to the altar and receive a warm round of applause from the faithful who were attending the celebration.<\/p>\n\n\n\n<p>Father Vinicius emphasized the importance not only of the ECC, but also of the movements linked to them, such as EAC, EJC, and MAC. <em>\u201c&quot;Brother Vanildo, I called you to the front because, as a future priest, you need to know the importance these couples have in the parishes where they serve. They serve and work hard in the churches where the movement exists!&quot;,<\/em> said the rector to Brother Vanildo Lima Sena, SS.CC., who currently lives in the provincial house in Belo Horizonte.<\/p>\n\n\n\n<p><strong>The ECC<\/strong><\/p>\n\n\n\n<p>The Couples Encounter with Christ (ECC) is a service of the Church in favor of the evangelization of families. It seeks to build the Kingdom of God here and now, starting from the family and the parish community, showing paths for couples to rediscover themselves, their children, the community, and, above all, Christ. To this end, it seeks to understand what it means to be Church today and its commitment to the dignity of the human person and to social justice.<br>&nbsp;<br>The evangelization of marriage and the family is the mission of the whole Church, in which all the faithful must cooperate according to their own conditions and vocations. It must begin with the exact concept of marriage and family, in the light of Revelation, according to the Magisterium of the Church (Pastoral Guidelines on Marriage \u2013 CNBB Doc. No. 12 \/ DN-p. 13).<\/p>\n\n\n\n<p><strong>How was it born?<\/strong><\/p>\n\n\n\n<p>The ECC (Encontro de Casais com Cristo - Encounter of Couples with Christ) was born from the restlessness of a priest, Fr. Alfonso Pastore, who dedicated his priestly life to Family Ministry, Health Ministry, and Prison Ministry.<\/p>\n\n\n\n<p>It began in 1970 at the Our Lady of the Rosary Parish in Vila Pomp\u00e9ia, S\u00e3o Paulo-SP. As its founder stated, it began because God willed it, and the presence and activity of the ECC in Brazil are proof of God&#039;s action in humanity.<\/p>\n\n\n\n<p><\/p>\n\n\n\n<p><strong>**written with information from <em>paroquiadelucas.com.br<\/em><\/strong><\/p>","protected":false},"excerpt":{"rendered":"<p>O domingo (10\/07) foi de festa para os grupos de ECC em todo o pa\u00eds. O Encontro de Casais com Cristo completou 52 anos de atividade e, no Santu\u00e1rio Arquidiocesano da Sa\u00fade e da Paz n\u00e3o foi diferente; desde cedo, os integrantes do movimento comemoraram o dia na Igreja do Padre Eust\u00e1quio com cafezinho e missa. Na parte da manh\u00e3, o grupo do ECC ficou respons\u00e1vel pelo cafezinho dominical. A festa foi encerrada com a Santa Missa, \u00e0s 19h, celebrada pelo reitor do Santu\u00e1rio, Pe. Vin\u00edcius Maciel. SS.CC, que convidou os participantes do movimento a subirem no altar e receberem [&hellip;]<\/p>\n","protected":false},"author":2,"featured_media":8953,"comment_status":"open","ping_status":"closed","sticky":false,"template":"","format":"standard","meta":{"_acf_changed":false,"footnotes":""},"categories":[611],"tags":[],"class_list":["post-8952","post","type-post","status-publish","format-standard","has-post-thumbnail","hentry","category-noticias"],"acf":[],"yoast_head":"<!-- This site is optimized with the Yoast SEO plugin v27.2 - https:\/\/yoast.com\/product\/yoast-seo-wordpress\/ -->\n<title>ECC Padre Eust\u00e1quio celebra Dia Nacional do Encontro de Casais com Cristo<\/title>\n<meta name=\"description\" content=\"O domingo (10\/07) foi de festa para os grupos de ECC em todo o pa\u00eds. O Encontro de Casais com Cristo completou 52 anos de atividade e, no Santu\u00e1rio Arquidiocesano da Sa\u00fade e da Paz n\u00e3o foi diferente; desde cedo, os integrantes do movimento comemoraram o dia na Igreja do Padre Eust\u00e1quio com cafezinho e missa.\" \/>\n<meta name=\"robots\" content=\"index, follow, max-snippet:-1, max-image-preview:large, max-video-preview:-1\" \/>\n<link rel=\"canonical\" href=\"https:\/\/www.padreeustaquio.com.br\/en\/ecc-padre-eustaquio-celebrates-national-day-of-the-encounter-of-couples-with-christ\/\" \/>\n<meta property=\"og:locale\" content=\"en_US\" \/>\n<meta property=\"og:type\" content=\"article\" \/>\n<meta property=\"og:title\" content=\"ECC Padre Eust\u00e1quio celebra Dia Nacional do Encontro de Casais com Cristo\" \/>\n<meta property=\"og:description\" content=\"O domingo (10\/07) foi de festa para os grupos de ECC em todo o pa\u00eds. O Encontro de Casais com Cristo completou 52 anos de atividade e, no Santu\u00e1rio Arquidiocesano da Sa\u00fade e da Paz n\u00e3o foi diferente; desde cedo, os integrantes do movimento comemoraram o dia na Igreja do Padre Eust\u00e1quio com cafezinho e missa.\" \/>\n<meta property=\"og:url\" content=\"https:\/\/www.padreeustaquio.com.br\/en\/ecc-padre-eustaquio-celebrates-national-day-of-the-encounter-of-couples-with-christ\/\" \/>\n<meta property=\"og:site_name\" content=\"Padre Eust\u00e1quio\" \/>\n<meta property=\"article:publisher\" content=\"https:\/\/www.facebook.com\/beatopadreeustaquio\/\" \/>\n<meta property=\"article:published_time\" content=\"2022-07-11T11:46:54+00:00\" \/>\n<meta property=\"article:modified_time\" content=\"2022-07-11T11:46:55+00:00\" \/>\n<meta property=\"og:image\" content=\"https:\/\/www.padreeustaquio.com.br\/wp-content\/uploads\/2022\/07\/Dia-Nacional-do-ECC-e1657539952496.jpeg\" \/>\n\t<meta property=\"og:image:width\" content=\"1360\" \/>\n\t<meta property=\"og:image:height\" content=\"840\" \/>\n\t<meta property=\"og:image:type\" content=\"image\/jpeg\" \/>\n<meta name=\"author\" content=\"@sscc\" \/>\n<meta name=\"twitter:card\" content=\"summary_large_image\" \/>\n<meta name=\"twitter:creator\" content=\"@beatopeustaquio\" \/>\n<meta name=\"twitter:site\" content=\"@beatopeustaquio\" \/>\n<meta name=\"twitter:label1\" content=\"Written by\" \/>\n\t<meta name=\"twitter:data1\" content=\"@sscc\" \/>\n\t<meta name=\"twitter:label2\" content=\"Est. reading time\" \/>\n\t<meta name=\"twitter:data2\" content=\"2 minutes\" \/>\n<script type=\"application\/ld+json\" class=\"yoast-schema-graph\">{\"@context\":\"https:\/\/schema.org\",\"@graph\":[{\"@type\":\"Article\",\"@id\":\"https:\/\/www.padreeustaquio.com.br\/ecc-padre-eustaquio-celebra-dia-nacional-do-encontro-de-casais-com-cristo\/#article\",\"isPartOf\":{\"@id\":\"https:\/\/www.padreeustaquio.com.br\/ecc-padre-eustaquio-celebra-dia-nacional-do-encontro-de-casais-com-cristo\/\"},\"author\":{\"name\":\"@sscc\",\"@id\":\"https:\/\/www.padreeustaquio.com.br\/#\/schema\/person\/a2a51db1d00f1a7af0204a0f1ddb1566\"},\"headline\":\"ECC Padre Eust\u00e1quio celebra Dia Nacional do Encontro de Casais com Cristo\",\"datePublished\":\"2022-07-11T11:46:54+00:00\",\"dateModified\":\"2022-07-11T11:46:55+00:00\",\"mainEntityOfPage\":{\"@id\":\"https:\/\/www.padreeustaquio.com.br\/ecc-padre-eustaquio-celebra-dia-nacional-do-encontro-de-casais-com-cristo\/\"},\"wordCount\":457,\"commentCount\":0,\"publisher\":{\"@id\":\"https:\/\/www.padreeustaquio.com.br\/#organization\"},\"image\":{\"@id\":\"https:\/\/www.padreeustaquio.com.br\/ecc-padre-eustaquio-celebra-dia-nacional-do-encontro-de-casais-com-cristo\/#primaryimage\"},\"thumbnailUrl\":\"https:\/\/www.padreeustaquio.com.br\/wp-content\/uploads\/2022\/07\/Dia-Nacional-do-ECC-e1657539952496.jpeg\",\"articleSection\":[\"Not\u00edcias\"],\"inLanguage\":\"en-US\",\"potentialAction\":[{\"@type\":\"CommentAction\",\"name\":\"Comment\",\"target\":[\"https:\/\/www.padreeustaquio.com.br\/ecc-padre-eustaquio-celebra-dia-nacional-do-encontro-de-casais-com-cristo\/#respond\"]}]},{\"@type\":\"WebPage\",\"@id\":\"https:\/\/www.padreeustaquio.com.br\/ecc-padre-eustaquio-celebra-dia-nacional-do-encontro-de-casais-com-cristo\/\",\"url\":\"https:\/\/www.padreeustaquio.com.br\/ecc-padre-eustaquio-celebra-dia-nacional-do-encontro-de-casais-com-cristo\/\",\"name\":\"ECC Padre Eust\u00e1quio celebra Dia Nacional do Encontro de Casais com Cristo\",\"isPartOf\":{\"@id\":\"https:\/\/www.padreeustaquio.com.br\/#website\"},\"primaryImageOfPage\":{\"@id\":\"https:\/\/www.padreeustaquio.com.br\/ecc-padre-eustaquio-celebra-dia-nacional-do-encontro-de-casais-com-cristo\/#primaryimage\"},\"image\":{\"@id\":\"https:\/\/www.padreeustaquio.com.br\/ecc-padre-eustaquio-celebra-dia-nacional-do-encontro-de-casais-com-cristo\/#primaryimage\"},\"thumbnailUrl\":\"https:\/\/www.padreeustaquio.com.br\/wp-content\/uploads\/2022\/07\/Dia-Nacional-do-ECC-e1657539952496.jpeg\",\"datePublished\":\"2022-07-11T11:46:54+00:00\",\"dateModified\":\"2022-07-11T11:46:55+00:00\",\"description\":\"O domingo (10\/07) foi de festa para os grupos de ECC em todo o pa\u00eds. O Encontro de Casais com Cristo completou 52 anos de atividade e, no Santu\u00e1rio Arquidiocesano da Sa\u00fade e da Paz n\u00e3o foi diferente; desde cedo, os integrantes do movimento comemoraram o dia na Igreja do Padre Eust\u00e1quio com cafezinho e missa.\",\"breadcrumb\":{\"@id\":\"https:\/\/www.padreeustaquio.com.br\/ecc-padre-eustaquio-celebra-dia-nacional-do-encontro-de-casais-com-cristo\/#breadcrumb\"},\"inLanguage\":\"en-US\",\"potentialAction\":[{\"@type\":\"ReadAction\",\"target\":[\"https:\/\/www.padreeustaquio.com.br\/ecc-padre-eustaquio-celebra-dia-nacional-do-encontro-de-casais-com-cristo\/\"]}]},{\"@type\":\"ImageObject\",\"inLanguage\":\"en-US\",\"@id\":\"https:\/\/www.padreeustaquio.com.br\/ecc-padre-eustaquio-celebra-dia-nacional-do-encontro-de-casais-com-cristo\/#primaryimage\",\"url\":\"https:\/\/www.padreeustaquio.com.br\/wp-content\/uploads\/2022\/07\/Dia-Nacional-do-ECC-e1657539952496.jpeg\",\"contentUrl\":\"https:\/\/www.padreeustaquio.com.br\/wp-content\/uploads\/2022\/07\/Dia-Nacional-do-ECC-e1657539952496.jpeg\",\"width\":1360,\"height\":840},{\"@type\":\"BreadcrumbList\",\"@id\":\"https:\/\/www.padreeustaquio.com.br\/ecc-padre-eustaquio-celebra-dia-nacional-do-encontro-de-casais-com-cristo\/#breadcrumb\",\"itemListElement\":[{\"@type\":\"ListItem\",\"position\":1,\"name\":\"In\u00edcio\",\"item\":\"https:\/\/www.padreeustaquio.com.br\/\"},{\"@type\":\"ListItem\",\"position\":2,\"name\":\"ECC Padre Eust\u00e1quio celebra Dia Nacional do Encontro de Casais com Cristo\"}]},{\"@type\":\"WebSite\",\"@id\":\"https:\/\/www.padreeustaquio.com.br\/#website\",\"url\":\"https:\/\/www.padreeustaquio.com.br\/\",\"name\":\"Padre Eust\u00e1quio\",\"description\":\"Sa\u00fade e Paz\",\"publisher\":{\"@id\":\"https:\/\/www.padreeustaquio.com.br\/#organization\"},\"potentialAction\":[{\"@type\":\"SearchAction\",\"target\":{\"@type\":\"EntryPoint\",\"urlTemplate\":\"https:\/\/www.padreeustaquio.com.br\/?s={search_term_string}\"},\"query-input\":{\"@type\":\"PropertyValueSpecification\",\"valueRequired\":true,\"valueName\":\"search_term_string\"}}],\"inLanguage\":\"en-US\"},{\"@type\":\"Organization\",\"@id\":\"https:\/\/www.padreeustaquio.com.br\/#organization\",\"name\":\"Padre Eust\u00e1quio\",\"url\":\"https:\/\/www.padreeustaquio.com.br\/\",\"logo\":{\"@type\":\"ImageObject\",\"inLanguage\":\"en-US\",\"@id\":\"https:\/\/www.padreeustaquio.com.br\/#\/schema\/logo\/image\/\",\"url\":\"https:\/\/www.padreeustaquio.com.br\/wp-content\/uploads\/2019\/08\/marca.png\",\"contentUrl\":\"https:\/\/www.padreeustaquio.com.br\/wp-content\/uploads\/2019\/08\/marca.png\",\"width\":350,\"height\":400,\"caption\":\"Padre Eust\u00e1quio\"},\"image\":{\"@id\":\"https:\/\/www.padreeustaquio.com.br\/#\/schema\/logo\/image\/\"},\"sameAs\":[\"https:\/\/www.facebook.com\/beatopadreeustaquio\/\",\"https:\/\/x.com\/beatopeustaquio\",\"https:\/\/www.instagram.com\/beatopadreeustaquio\/\",\"https:\/\/www.youtube.com\/channel\/UCRhw7vfabnajwLxb1ZXMeIw\"]},{\"@type\":\"Person\",\"@id\":\"https:\/\/www.padreeustaquio.com.br\/#\/schema\/person\/a2a51db1d00f1a7af0204a0f1ddb1566\",\"name\":\"@sscc\",\"image\":{\"@type\":\"ImageObject\",\"inLanguage\":\"en-US\",\"@id\":\"https:\/\/secure.gravatar.com\/avatar\/68cfafa5f44617fea54071e215026e0ff06be366c3d54a8425f04fdcb86f8c5f?s=96&d=mm&r=g\",\"url\":\"https:\/\/secure.gravatar.com\/avatar\/68cfafa5f44617fea54071e215026e0ff06be366c3d54a8425f04fdcb86f8c5f?s=96&d=mm&r=g\",\"contentUrl\":\"https:\/\/secure.gravatar.com\/avatar\/68cfafa5f44617fea54071e215026e0ff06be366c3d54a8425f04fdcb86f8c5f?s=96&d=mm&r=g\",\"caption\":\"@sscc\"},\"url\":\"https:\/\/www.padreeustaquio.com.br\/en\/author\/sscc\/\"}]}<\/script>\n<!-- \/ Yoast SEO plugin. -->","yoast_head_json":{"title":"ECC Padre Eust\u00e1quio celebrates National Day of the Encounter of Couples with Christ.","description":"Sunday (July 10th) was a day of celebration for ECC groups across the country. The Encounter of Couples with Christ celebrated 52 years of activity, and at the Archdiocesan Sanctuary of Health and Peace it was no different; from early morning, members of the movement celebrated the day at the Church of Father Eust\u00e1quio with coffee and mass.","robots":{"index":"index","follow":"follow","max-snippet":"max-snippet:-1","max-image-preview":"max-image-preview:large","max-video-preview":"max-video-preview:-1"},"canonical":"https:\/\/www.padreeustaquio.com.br\/en\/ecc-padre-eustaquio-celebrates-national-day-of-the-encounter-of-couples-with-christ\/","og_locale":"en_US","og_type":"article","og_title":"ECC Padre Eust\u00e1quio celebra Dia Nacional do Encontro de Casais com Cristo","og_description":"O domingo (10\/07) foi de festa para os grupos de ECC em todo o pa\u00eds. O Encontro de Casais com Cristo completou 52 anos de atividade e, no Santu\u00e1rio Arquidiocesano da Sa\u00fade e da Paz n\u00e3o foi diferente; desde cedo, os integrantes do movimento comemoraram o dia na Igreja do Padre Eust\u00e1quio com cafezinho e missa.","og_url":"https:\/\/www.padreeustaquio.com.br\/en\/ecc-padre-eustaquio-celebrates-national-day-of-the-encounter-of-couples-with-christ\/","og_site_name":"Padre Eust\u00e1quio","article_publisher":"https:\/\/www.facebook.com\/beatopadreeustaquio\/","article_published_time":"2022-07-11T11:46:54+00:00","article_modified_time":"2022-07-11T11:46:55+00:00","og_image":[{"width":1360,"height":840,"url":"https:\/\/www.padreeustaquio.com.br\/wp-content\/uploads\/2022\/07\/Dia-Nacional-do-ECC-e1657539952496.jpeg","type":"image\/jpeg"}],"author":"@sscc","twitter_card":"summary_large_image","twitter_creator":"@beatopeustaquio","twitter_site":"@beatopeustaquio","twitter_misc":{"Written by":"@sscc","Est. reading time":"2 minutes"},"schema":{"@context":"https:\/\/schema.org","@graph":[{"@type":"Article","@id":"https:\/\/www.padreeustaquio.com.br\/ecc-padre-eustaquio-celebra-dia-nacional-do-encontro-de-casais-com-cristo\/#article","isPartOf":{"@id":"https:\/\/www.padreeustaquio.com.br\/ecc-padre-eustaquio-celebra-dia-nacional-do-encontro-de-casais-com-cristo\/"},"author":{"name":"@sscc","@id":"https:\/\/www.padreeustaquio.com.br\/#\/schema\/person\/a2a51db1d00f1a7af0204a0f1ddb1566"},"headline":"ECC Padre Eust\u00e1quio celebra Dia Nacional do Encontro de Casais com Cristo","datePublished":"2022-07-11T11:46:54+00:00","dateModified":"2022-07-11T11:46:55+00:00","mainEntityOfPage":{"@id":"https:\/\/www.padreeustaquio.com.br\/ecc-padre-eustaquio-celebra-dia-nacional-do-encontro-de-casais-com-cristo\/"},"wordCount":457,"commentCount":0,"publisher":{"@id":"https:\/\/www.padreeustaquio.com.br\/#organization"},"image":{"@id":"https:\/\/www.padreeustaquio.com.br\/ecc-padre-eustaquio-celebra-dia-nacional-do-encontro-de-casais-com-cristo\/#primaryimage"},"thumbnailUrl":"https:\/\/www.padreeustaquio.com.br\/wp-content\/uploads\/2022\/07\/Dia-Nacional-do-ECC-e1657539952496.jpeg","articleSection":["Not\u00edcias"],"inLanguage":"en-US","potentialAction":[{"@type":"CommentAction","name":"Comment","target":["https:\/\/www.padreeustaquio.com.br\/ecc-padre-eustaquio-celebra-dia-nacional-do-encontro-de-casais-com-cristo\/#respond"]}]},{"@type":"WebPage","@id":"https:\/\/www.padreeustaquio.com.br\/ecc-padre-eustaquio-celebra-dia-nacional-do-encontro-de-casais-com-cristo\/","url":"https:\/\/www.padreeustaquio.com.br\/ecc-padre-eustaquio-celebra-dia-nacional-do-encontro-de-casais-com-cristo\/","name":"ECC Padre Eust\u00e1quio celebrates National Day of the Encounter of Couples with Christ.","isPartOf":{"@id":"https:\/\/www.padreeustaquio.com.br\/#website"},"primaryImageOfPage":{"@id":"https:\/\/www.padreeustaquio.com.br\/ecc-padre-eustaquio-celebra-dia-nacional-do-encontro-de-casais-com-cristo\/#primaryimage"},"image":{"@id":"https:\/\/www.padreeustaquio.com.br\/ecc-padre-eustaquio-celebra-dia-nacional-do-encontro-de-casais-com-cristo\/#primaryimage"},"thumbnailUrl":"https:\/\/www.padreeustaquio.com.br\/wp-content\/uploads\/2022\/07\/Dia-Nacional-do-ECC-e1657539952496.jpeg","datePublished":"2022-07-11T11:46:54+00:00","dateModified":"2022-07-11T11:46:55+00:00","description":"Sunday (July 10th) was a day of celebration for ECC groups across the country. The Encounter of Couples with Christ celebrated 52 years of activity, and at the Archdiocesan Sanctuary of Health and Peace it was no different; from early morning, members of the movement celebrated the day at the Church of Father Eust\u00e1quio with coffee and mass.","breadcrumb":{"@id":"https:\/\/www.padreeustaquio.com.br\/ecc-padre-eustaquio-celebra-dia-nacional-do-encontro-de-casais-com-cristo\/#breadcrumb"},"inLanguage":"en-US","potentialAction":[{"@type":"ReadAction","target":["https:\/\/www.padreeustaquio.com.br\/ecc-padre-eustaquio-celebra-dia-nacional-do-encontro-de-casais-com-cristo\/"]}]},{"@type":"ImageObject","inLanguage":"en-US","@id":"https:\/\/www.padreeustaquio.com.br\/ecc-padre-eustaquio-celebra-dia-nacional-do-encontro-de-casais-com-cristo\/#primaryimage","url":"https:\/\/www.padreeustaquio.com.br\/wp-content\/uploads\/2022\/07\/Dia-Nacional-do-ECC-e1657539952496.jpeg","contentUrl":"https:\/\/www.padreeustaquio.com.br\/wp-content\/uploads\/2022\/07\/Dia-Nacional-do-ECC-e1657539952496.jpeg","width":1360,"height":840},{"@type":"BreadcrumbList","@id":"https:\/\/www.padreeustaquio.com.br\/ecc-padre-eustaquio-celebra-dia-nacional-do-encontro-de-casais-com-cristo\/#breadcrumb","itemListElement":[{"@type":"ListItem","position":1,"name":"In\u00edcio","item":"https:\/\/www.padreeustaquio.com.br\/"},{"@type":"ListItem","position":2,"name":"ECC Padre Eust\u00e1quio celebra Dia Nacional do Encontro de Casais com Cristo"}]},{"@type":"WebSite","@id":"https:\/\/www.padreeustaquio.com.br\/#website","url":"https:\/\/www.padreeustaquio.com.br\/","name":"FATHER EUST\u00c1QUIO","description":"Health and Peace","publisher":{"@id":"https:\/\/www.padreeustaquio.com.br\/#organization"},"potentialAction":[{"@type":"SearchAction","target":{"@type":"EntryPoint","urlTemplate":"https:\/\/www.padreeustaquio.com.br\/?s={search_term_string}"},"query-input":{"@type":"PropertyValueSpecification","valueRequired":true,"valueName":"search_term_string"}}],"inLanguage":"en-US"},{"@type":"Organization","@id":"https:\/\/www.padreeustaquio.com.br\/#organization","name":"FATHER EUST\u00c1QUIO","url":"https:\/\/www.padreeustaquio.com.br\/","logo":{"@type":"ImageObject","inLanguage":"en-US","@id":"https:\/\/www.padreeustaquio.com.br\/#\/schema\/logo\/image\/","url":"https:\/\/www.padreeustaquio.com.br\/wp-content\/uploads\/2019\/08\/marca.png","contentUrl":"https:\/\/www.padreeustaquio.com.br\/wp-content\/uploads\/2019\/08\/marca.png","width":350,"height":400,"caption":"Padre Eust\u00e1quio"},"image":{"@id":"https:\/\/www.padreeustaquio.com.br\/#\/schema\/logo\/image\/"},"sameAs":["https:\/\/www.facebook.com\/beatopadreeustaquio\/","https:\/\/x.com\/beatopeustaquio","https:\/\/www.instagram.com\/beatopadreeustaquio\/","https:\/\/www.youtube.com\/channel\/UCRhw7vfabnajwLxb1ZXMeIw"]},{"@type":"Person","@id":"https:\/\/www.padreeustaquio.com.br\/#\/schema\/person\/a2a51db1d00f1a7af0204a0f1ddb1566","name":"@sscc","image":{"@type":"ImageObject","inLanguage":"en-US","@id":"https:\/\/secure.gravatar.com\/avatar\/68cfafa5f44617fea54071e215026e0ff06be366c3d54a8425f04fdcb86f8c5f?s=96&d=mm&r=g","url":"https:\/\/secure.gravatar.com\/avatar\/68cfafa5f44617fea54071e215026e0ff06be366c3d54a8425f04fdcb86f8c5f?s=96&d=mm&r=g","contentUrl":"https:\/\/secure.gravatar.com\/avatar\/68cfafa5f44617fea54071e215026e0ff06be366c3d54a8425f04fdcb86f8c5f?s=96&d=mm&r=g","caption":"@sscc"},"url":"https:\/\/www.padreeustaquio.com.br\/en\/author\/sscc\/"}]}},"_links":{"self":[{"href":"https:\/\/www.padreeustaquio.com.br\/en\/wp-json\/wp\/v2\/posts\/8952","targetHints":{"allow":["GET"]}}],"collection":[{"href":"https:\/\/www.padreeustaquio.com.br\/en\/wp-json\/wp\/v2\/posts"}],"about":[{"href":"https:\/\/www.padreeustaquio.com.br\/en\/wp-json\/wp\/v2\/types\/post"}],"author":[{"embeddable":true,"href":"https:\/\/www.padreeustaquio.com.br\/en\/wp-json\/wp\/v2\/users\/2"}],"replies":[{"embeddable":true,"href":"https:\/\/www.padreeustaquio.com.br\/en\/wp-json\/wp\/v2\/comments?post=8952"}],"version-history":[{"count":0,"href":"https:\/\/www.padreeustaquio.com.br\/en\/wp-json\/wp\/v2\/posts\/8952\/revisions"}],"wp:featuredmedia":[{"embeddable":true,"href":"https:\/\/www.padreeustaquio.com.br\/en\/wp-json\/wp\/v2\/media\/8953"}],"wp:attachment":[{"href":"https:\/\/www.padreeustaquio.com.br\/en\/wp-json\/wp\/v2\/media?parent=8952"}],"wp:term":[{"taxonomy":"category","embeddable":true,"href":"https:\/\/www.padreeustaquio.com.br\/en\/wp-json\/wp\/v2\/categories?post=8952"},{"taxonomy":"post_tag","embeddable":true,"href":"https:\/\/www.padreeustaquio.com.br\/en\/wp-json\/wp\/v2\/tags?post=8952"}],"curies":[{"name":"wp","href":"https:\/\/api.w.org\/{rel}","templated":true}]}}