{"id":8946,"date":"2022-07-07T07:42:05","date_gmt":"2022-07-07T10:42:05","guid":{"rendered":"https:\/\/www.padreeustaquio.com.br\/?p=8946"},"modified":"2022-07-07T07:42:08","modified_gmt":"2022-07-07T10:42:08","slug":"informative-material-about-father-eustaces-devotion-inside-and-outside-of-brazil","status":"publish","type":"post","link":"https:\/\/www.padreeustaquio.com.br\/en\/informative-material-about-father-eustaces-devotion-inside-and-outside-of-brazil\/","title":{"rendered":"Padre Eust\u00e1quio Newsletter: Devotion inside and outside of Brazil"},"content":{"rendered":"<p>To bring the work of Blessed Father Eustace and devotion to the Blessed to as many people as possible. This is the objective of the media outlets linked to the National Secretariat for the Cause of Canonization of Father Eustace. And this newsletter is among those media outlets.<\/p>\n\n\n\n<p>Published quarterly, the newsletter always includes a bit of the priest&#039;s history, testimonies from people who have received graces through the intercession of the Blessed, actions developed by the vice-postulation, and much more. A highlight is the collection of photos of the Blessed, available on the back of every issue of the newsletter.<\/p>\n\n\n\n<p>And this means of communication is gaining ground in Brazil and the world. The newspaper is currently sent to more than 20 cities in 4 Brazilian states. Furthermore, the newspaper reaches other countries that have houses of the Congregation of the Sacred Hearts, such as Italy, even reaching the Blessed Father&#039;s birthplace, the Netherlands. There, his nephew Will van den Boomen not only receives the newsletter but also makes sure to archive each edition in the family archive, which already has a large collection of photos, documents, and testimonies.<\/p>\n\n\n\n<p>The distribution of newsletters and the dissemination of the works and devotion to Blessed Father Eustace is only possible thanks to your help. Continue being part of the Friends of Father Eustace group. Make your donation via Pix (31) 99545-1943.<\/p>\n\n\n\n<p><\/p>","protected":false},"excerpt":{"rendered":"<p>Levar a obra do Beato Padre Eust\u00e1quio e a devo\u00e7\u00e3o ao Bem-aventurado ao maior n\u00famero de pessoas poss\u00edvel. Esse \u00e9 o objetivo dos meios de comunica\u00e7\u00e3o ligados ao Secretariado Nacional para a Causa de Canoniza\u00e7\u00e3o de Padre Eust\u00e1quio. E o informativo est\u00e1 entre esses meios de comunica\u00e7\u00e3o. Publicado trimestralmente, o boletim traz sempre um pouco da hist\u00f3ria do sacerdote, depoimentos de pessoas que alcan\u00e7aram gra\u00e7as atrav\u00e9s da intercess\u00e3o do Beato, a\u00e7\u00f5es desenvolvidas pela vice postula\u00e7\u00e3o e muito mais. O destaque \u00e9 para as fotos do Beato, para colecionar, que s\u00e3o disponibilizadas no verso de todas as edi\u00e7\u00f5es do informativo. E [&hellip;]<\/p>\n","protected":false},"author":2,"featured_media":8947,"comment_status":"open","ping_status":"closed","sticky":false,"template":"","format":"standard","meta":{"_acf_changed":false,"footnotes":""},"categories":[611],"tags":[],"class_list":["post-8946","post","type-post","status-publish","format-standard","has-post-thumbnail","hentry","category-noticias"],"acf":[],"yoast_head":"<!-- This site is optimized with the Yoast SEO plugin v27.2 - https:\/\/yoast.com\/product\/yoast-seo-wordpress\/ -->\n<title>Informativo Padre Eust\u00e1quio: devo\u00e7\u00e3o dentro e fora do Brasil<\/title>\n<meta name=\"description\" content=\"Levar a obra do Beato Padre Eust\u00e1quio e a devo\u00e7\u00e3o ao Bem-aventurado ao maior n\u00famero de pessoas poss\u00edvel. Esse \u00e9 o objetivo dos meios de comunica\u00e7\u00e3o ligados ao Secretariado Nacional para a Causa de Canoniza\u00e7\u00e3o de Padre Eust\u00e1quio. E o informativo est\u00e1 entre esses meios de comunica\u00e7\u00e3o.\" \/>\n<meta name=\"robots\" content=\"index, follow, max-snippet:-1, max-image-preview:large, max-video-preview:-1\" \/>\n<link rel=\"canonical\" href=\"https:\/\/www.padreeustaquio.com.br\/en\/informative-material-about-father-eustaces-devotion-inside-and-outside-of-brazil\/\" \/>\n<meta property=\"og:locale\" content=\"en_US\" \/>\n<meta property=\"og:type\" content=\"article\" \/>\n<meta property=\"og:title\" content=\"Informativo Padre Eust\u00e1quio: devo\u00e7\u00e3o dentro e fora do Brasil\" \/>\n<meta property=\"og:description\" content=\"Levar a obra do Beato Padre Eust\u00e1quio e a devo\u00e7\u00e3o ao Bem-aventurado ao maior n\u00famero de pessoas poss\u00edvel. Esse \u00e9 o objetivo dos meios de comunica\u00e7\u00e3o ligados ao Secretariado Nacional para a Causa de Canoniza\u00e7\u00e3o de Padre Eust\u00e1quio. E o informativo est\u00e1 entre esses meios de comunica\u00e7\u00e3o.\" \/>\n<meta property=\"og:url\" content=\"https:\/\/www.padreeustaquio.com.br\/en\/informative-material-about-father-eustaces-devotion-inside-and-outside-of-brazil\/\" \/>\n<meta property=\"og:site_name\" content=\"Padre Eust\u00e1quio\" \/>\n<meta property=\"article:publisher\" content=\"https:\/\/www.facebook.com\/beatopadreeustaquio\/\" \/>\n<meta property=\"article:published_time\" content=\"2022-07-07T10:42:05+00:00\" \/>\n<meta property=\"article:modified_time\" content=\"2022-07-07T10:42:08+00:00\" \/>\n<meta property=\"og:image\" content=\"https:\/\/www.padreeustaquio.com.br\/wp-content\/uploads\/2022\/07\/sobrinho-Will-van-den-Boomen.png\" \/>\n\t<meta property=\"og:image:width\" content=\"921\" \/>\n\t<meta property=\"og:image:height\" content=\"450\" \/>\n\t<meta property=\"og:image:type\" content=\"image\/png\" \/>\n<meta name=\"author\" content=\"@sscc\" \/>\n<meta name=\"twitter:card\" content=\"summary_large_image\" \/>\n<meta name=\"twitter:creator\" content=\"@beatopeustaquio\" \/>\n<meta name=\"twitter:site\" content=\"@beatopeustaquio\" \/>\n<meta name=\"twitter:label1\" content=\"Written by\" \/>\n\t<meta name=\"twitter:data1\" content=\"@sscc\" \/>\n\t<meta name=\"twitter:label2\" content=\"Est. reading time\" \/>\n\t<meta name=\"twitter:data2\" content=\"2 minutes\" \/>\n<script type=\"application\/ld+json\" class=\"yoast-schema-graph\">{\"@context\":\"https:\/\/schema.org\",\"@graph\":[{\"@type\":\"Article\",\"@id\":\"https:\/\/www.padreeustaquio.com.br\/informativo-padre-eustaquio-devocao-dentro-e-fora-do-brasil\/#article\",\"isPartOf\":{\"@id\":\"https:\/\/www.padreeustaquio.com.br\/informativo-padre-eustaquio-devocao-dentro-e-fora-do-brasil\/\"},\"author\":{\"name\":\"@sscc\",\"@id\":\"https:\/\/www.padreeustaquio.com.br\/#\/schema\/person\/a2a51db1d00f1a7af0204a0f1ddb1566\"},\"headline\":\"Informativo Padre Eust\u00e1quio: devo\u00e7\u00e3o dentro e fora do Brasil\",\"datePublished\":\"2022-07-07T10:42:05+00:00\",\"dateModified\":\"2022-07-07T10:42:08+00:00\",\"mainEntityOfPage\":{\"@id\":\"https:\/\/www.padreeustaquio.com.br\/informativo-padre-eustaquio-devocao-dentro-e-fora-do-brasil\/\"},\"wordCount\":269,\"commentCount\":0,\"publisher\":{\"@id\":\"https:\/\/www.padreeustaquio.com.br\/#organization\"},\"image\":{\"@id\":\"https:\/\/www.padreeustaquio.com.br\/informativo-padre-eustaquio-devocao-dentro-e-fora-do-brasil\/#primaryimage\"},\"thumbnailUrl\":\"https:\/\/www.padreeustaquio.com.br\/wp-content\/uploads\/2022\/07\/sobrinho-Will-van-den-Boomen.png\",\"articleSection\":[\"Not\u00edcias\"],\"inLanguage\":\"en-US\",\"potentialAction\":[{\"@type\":\"CommentAction\",\"name\":\"Comment\",\"target\":[\"https:\/\/www.padreeustaquio.com.br\/informativo-padre-eustaquio-devocao-dentro-e-fora-do-brasil\/#respond\"]}]},{\"@type\":\"WebPage\",\"@id\":\"https:\/\/www.padreeustaquio.com.br\/informativo-padre-eustaquio-devocao-dentro-e-fora-do-brasil\/\",\"url\":\"https:\/\/www.padreeustaquio.com.br\/informativo-padre-eustaquio-devocao-dentro-e-fora-do-brasil\/\",\"name\":\"Informativo Padre Eust\u00e1quio: devo\u00e7\u00e3o dentro e fora do Brasil\",\"isPartOf\":{\"@id\":\"https:\/\/www.padreeustaquio.com.br\/#website\"},\"primaryImageOfPage\":{\"@id\":\"https:\/\/www.padreeustaquio.com.br\/informativo-padre-eustaquio-devocao-dentro-e-fora-do-brasil\/#primaryimage\"},\"image\":{\"@id\":\"https:\/\/www.padreeustaquio.com.br\/informativo-padre-eustaquio-devocao-dentro-e-fora-do-brasil\/#primaryimage\"},\"thumbnailUrl\":\"https:\/\/www.padreeustaquio.com.br\/wp-content\/uploads\/2022\/07\/sobrinho-Will-van-den-Boomen.png\",\"datePublished\":\"2022-07-07T10:42:05+00:00\",\"dateModified\":\"2022-07-07T10:42:08+00:00\",\"description\":\"Levar a obra do Beato Padre Eust\u00e1quio e a devo\u00e7\u00e3o ao Bem-aventurado ao maior n\u00famero de pessoas poss\u00edvel. Esse \u00e9 o objetivo dos meios de comunica\u00e7\u00e3o ligados ao Secretariado Nacional para a Causa de Canoniza\u00e7\u00e3o de Padre Eust\u00e1quio. E o informativo est\u00e1 entre esses meios de comunica\u00e7\u00e3o.\",\"breadcrumb\":{\"@id\":\"https:\/\/www.padreeustaquio.com.br\/informativo-padre-eustaquio-devocao-dentro-e-fora-do-brasil\/#breadcrumb\"},\"inLanguage\":\"en-US\",\"potentialAction\":[{\"@type\":\"ReadAction\",\"target\":[\"https:\/\/www.padreeustaquio.com.br\/informativo-padre-eustaquio-devocao-dentro-e-fora-do-brasil\/\"]}]},{\"@type\":\"ImageObject\",\"inLanguage\":\"en-US\",\"@id\":\"https:\/\/www.padreeustaquio.com.br\/informativo-padre-eustaquio-devocao-dentro-e-fora-do-brasil\/#primaryimage\",\"url\":\"https:\/\/www.padreeustaquio.com.br\/wp-content\/uploads\/2022\/07\/sobrinho-Will-van-den-Boomen.png\",\"contentUrl\":\"https:\/\/www.padreeustaquio.com.br\/wp-content\/uploads\/2022\/07\/sobrinho-Will-van-den-Boomen.png\",\"width\":921,\"height\":450,\"caption\":\"Sobrinho do Padre Eust\u00e1quio, Will van den Boomen, est\u00e1 lendo a 4\u00aa edi\u00e7\u00e3o do Informativo sobre o Beato.\"},{\"@type\":\"BreadcrumbList\",\"@id\":\"https:\/\/www.padreeustaquio.com.br\/informativo-padre-eustaquio-devocao-dentro-e-fora-do-brasil\/#breadcrumb\",\"itemListElement\":[{\"@type\":\"ListItem\",\"position\":1,\"name\":\"In\u00edcio\",\"item\":\"https:\/\/www.padreeustaquio.com.br\/\"},{\"@type\":\"ListItem\",\"position\":2,\"name\":\"Informativo Padre Eust\u00e1quio: devo\u00e7\u00e3o dentro e fora do Brasil\"}]},{\"@type\":\"WebSite\",\"@id\":\"https:\/\/www.padreeustaquio.com.br\/#website\",\"url\":\"https:\/\/www.padreeustaquio.com.br\/\",\"name\":\"Padre Eust\u00e1quio\",\"description\":\"Sa\u00fade e Paz\",\"publisher\":{\"@id\":\"https:\/\/www.padreeustaquio.com.br\/#organization\"},\"potentialAction\":[{\"@type\":\"SearchAction\",\"target\":{\"@type\":\"EntryPoint\",\"urlTemplate\":\"https:\/\/www.padreeustaquio.com.br\/?s={search_term_string}\"},\"query-input\":{\"@type\":\"PropertyValueSpecification\",\"valueRequired\":true,\"valueName\":\"search_term_string\"}}],\"inLanguage\":\"en-US\"},{\"@type\":\"Organization\",\"@id\":\"https:\/\/www.padreeustaquio.com.br\/#organization\",\"name\":\"Padre Eust\u00e1quio\",\"url\":\"https:\/\/www.padreeustaquio.com.br\/\",\"logo\":{\"@type\":\"ImageObject\",\"inLanguage\":\"en-US\",\"@id\":\"https:\/\/www.padreeustaquio.com.br\/#\/schema\/logo\/image\/\",\"url\":\"https:\/\/www.padreeustaquio.com.br\/wp-content\/uploads\/2019\/08\/marca.png\",\"contentUrl\":\"https:\/\/www.padreeustaquio.com.br\/wp-content\/uploads\/2019\/08\/marca.png\",\"width\":350,\"height\":400,\"caption\":\"Padre Eust\u00e1quio\"},\"image\":{\"@id\":\"https:\/\/www.padreeustaquio.com.br\/#\/schema\/logo\/image\/\"},\"sameAs\":[\"https:\/\/www.facebook.com\/beatopadreeustaquio\/\",\"https:\/\/x.com\/beatopeustaquio\",\"https:\/\/www.instagram.com\/beatopadreeustaquio\/\",\"https:\/\/www.youtube.com\/channel\/UCRhw7vfabnajwLxb1ZXMeIw\"]},{\"@type\":\"Person\",\"@id\":\"https:\/\/www.padreeustaquio.com.br\/#\/schema\/person\/a2a51db1d00f1a7af0204a0f1ddb1566\",\"name\":\"@sscc\",\"image\":{\"@type\":\"ImageObject\",\"inLanguage\":\"en-US\",\"@id\":\"https:\/\/secure.gravatar.com\/avatar\/68cfafa5f44617fea54071e215026e0ff06be366c3d54a8425f04fdcb86f8c5f?s=96&d=mm&r=g\",\"url\":\"https:\/\/secure.gravatar.com\/avatar\/68cfafa5f44617fea54071e215026e0ff06be366c3d54a8425f04fdcb86f8c5f?s=96&d=mm&r=g\",\"contentUrl\":\"https:\/\/secure.gravatar.com\/avatar\/68cfafa5f44617fea54071e215026e0ff06be366c3d54a8425f04fdcb86f8c5f?s=96&d=mm&r=g\",\"caption\":\"@sscc\"},\"url\":\"https:\/\/www.padreeustaquio.com.br\/en\/author\/sscc\/\"}]}<\/script>\n<!-- \/ Yoast SEO plugin. -->","yoast_head_json":{"title":"Padre Eust\u00e1quio Newsletter: Devotion inside and outside of Brazil","description":"To bring the work of Blessed Father Eustace and devotion to the Blessed to as many people as possible. This is the objective of the media outlets linked to the National Secretariat for the Cause of Canonization of Father Eustace. And this newsletter is among those media outlets.","robots":{"index":"index","follow":"follow","max-snippet":"max-snippet:-1","max-image-preview":"max-image-preview:large","max-video-preview":"max-video-preview:-1"},"canonical":"https:\/\/www.padreeustaquio.com.br\/en\/informative-material-about-father-eustaces-devotion-inside-and-outside-of-brazil\/","og_locale":"en_US","og_type":"article","og_title":"Informativo Padre Eust\u00e1quio: devo\u00e7\u00e3o dentro e fora do Brasil","og_description":"Levar a obra do Beato Padre Eust\u00e1quio e a devo\u00e7\u00e3o ao Bem-aventurado ao maior n\u00famero de pessoas poss\u00edvel. Esse \u00e9 o objetivo dos meios de comunica\u00e7\u00e3o ligados ao Secretariado Nacional para a Causa de Canoniza\u00e7\u00e3o de Padre Eust\u00e1quio. E o informativo est\u00e1 entre esses meios de comunica\u00e7\u00e3o.","og_url":"https:\/\/www.padreeustaquio.com.br\/en\/informative-material-about-father-eustaces-devotion-inside-and-outside-of-brazil\/","og_site_name":"Padre Eust\u00e1quio","article_publisher":"https:\/\/www.facebook.com\/beatopadreeustaquio\/","article_published_time":"2022-07-07T10:42:05+00:00","article_modified_time":"2022-07-07T10:42:08+00:00","og_image":[{"width":921,"height":450,"url":"https:\/\/www.padreeustaquio.com.br\/wp-content\/uploads\/2022\/07\/sobrinho-Will-van-den-Boomen.png","type":"image\/png"}],"author":"@sscc","twitter_card":"summary_large_image","twitter_creator":"@beatopeustaquio","twitter_site":"@beatopeustaquio","twitter_misc":{"Written by":"@sscc","Est. reading time":"2 minutes"},"schema":{"@context":"https:\/\/schema.org","@graph":[{"@type":"Article","@id":"https:\/\/www.padreeustaquio.com.br\/informativo-padre-eustaquio-devocao-dentro-e-fora-do-brasil\/#article","isPartOf":{"@id":"https:\/\/www.padreeustaquio.com.br\/informativo-padre-eustaquio-devocao-dentro-e-fora-do-brasil\/"},"author":{"name":"@sscc","@id":"https:\/\/www.padreeustaquio.com.br\/#\/schema\/person\/a2a51db1d00f1a7af0204a0f1ddb1566"},"headline":"Informativo Padre Eust\u00e1quio: devo\u00e7\u00e3o dentro e fora do Brasil","datePublished":"2022-07-07T10:42:05+00:00","dateModified":"2022-07-07T10:42:08+00:00","mainEntityOfPage":{"@id":"https:\/\/www.padreeustaquio.com.br\/informativo-padre-eustaquio-devocao-dentro-e-fora-do-brasil\/"},"wordCount":269,"commentCount":0,"publisher":{"@id":"https:\/\/www.padreeustaquio.com.br\/#organization"},"image":{"@id":"https:\/\/www.padreeustaquio.com.br\/informativo-padre-eustaquio-devocao-dentro-e-fora-do-brasil\/#primaryimage"},"thumbnailUrl":"https:\/\/www.padreeustaquio.com.br\/wp-content\/uploads\/2022\/07\/sobrinho-Will-van-den-Boomen.png","articleSection":["Not\u00edcias"],"inLanguage":"en-US","potentialAction":[{"@type":"CommentAction","name":"Comment","target":["https:\/\/www.padreeustaquio.com.br\/informativo-padre-eustaquio-devocao-dentro-e-fora-do-brasil\/#respond"]}]},{"@type":"WebPage","@id":"https:\/\/www.padreeustaquio.com.br\/informativo-padre-eustaquio-devocao-dentro-e-fora-do-brasil\/","url":"https:\/\/www.padreeustaquio.com.br\/informativo-padre-eustaquio-devocao-dentro-e-fora-do-brasil\/","name":"Padre Eust\u00e1quio Newsletter: Devotion inside and outside of Brazil","isPartOf":{"@id":"https:\/\/www.padreeustaquio.com.br\/#website"},"primaryImageOfPage":{"@id":"https:\/\/www.padreeustaquio.com.br\/informativo-padre-eustaquio-devocao-dentro-e-fora-do-brasil\/#primaryimage"},"image":{"@id":"https:\/\/www.padreeustaquio.com.br\/informativo-padre-eustaquio-devocao-dentro-e-fora-do-brasil\/#primaryimage"},"thumbnailUrl":"https:\/\/www.padreeustaquio.com.br\/wp-content\/uploads\/2022\/07\/sobrinho-Will-van-den-Boomen.png","datePublished":"2022-07-07T10:42:05+00:00","dateModified":"2022-07-07T10:42:08+00:00","description":"To bring the work of Blessed Father Eustace and devotion to the Blessed to as many people as possible. This is the objective of the media outlets linked to the National Secretariat for the Cause of Canonization of Father Eustace. And this newsletter is among those media outlets.","breadcrumb":{"@id":"https:\/\/www.padreeustaquio.com.br\/informativo-padre-eustaquio-devocao-dentro-e-fora-do-brasil\/#breadcrumb"},"inLanguage":"en-US","potentialAction":[{"@type":"ReadAction","target":["https:\/\/www.padreeustaquio.com.br\/informativo-padre-eustaquio-devocao-dentro-e-fora-do-brasil\/"]}]},{"@type":"ImageObject","inLanguage":"en-US","@id":"https:\/\/www.padreeustaquio.com.br\/informativo-padre-eustaquio-devocao-dentro-e-fora-do-brasil\/#primaryimage","url":"https:\/\/www.padreeustaquio.com.br\/wp-content\/uploads\/2022\/07\/sobrinho-Will-van-den-Boomen.png","contentUrl":"https:\/\/www.padreeustaquio.com.br\/wp-content\/uploads\/2022\/07\/sobrinho-Will-van-den-Boomen.png","width":921,"height":450,"caption":"Sobrinho do Padre Eust\u00e1quio, Will van den Boomen, est\u00e1 lendo a 4\u00aa edi\u00e7\u00e3o do Informativo sobre o Beato."},{"@type":"BreadcrumbList","@id":"https:\/\/www.padreeustaquio.com.br\/informativo-padre-eustaquio-devocao-dentro-e-fora-do-brasil\/#breadcrumb","itemListElement":[{"@type":"ListItem","position":1,"name":"In\u00edcio","item":"https:\/\/www.padreeustaquio.com.br\/"},{"@type":"ListItem","position":2,"name":"Informativo Padre Eust\u00e1quio: devo\u00e7\u00e3o dentro e fora do Brasil"}]},{"@type":"WebSite","@id":"https:\/\/www.padreeustaquio.com.br\/#website","url":"https:\/\/www.padreeustaquio.com.br\/","name":"FATHER EUST\u00c1QUIO","description":"Health and Peace","publisher":{"@id":"https:\/\/www.padreeustaquio.com.br\/#organization"},"potentialAction":[{"@type":"SearchAction","target":{"@type":"EntryPoint","urlTemplate":"https:\/\/www.padreeustaquio.com.br\/?s={search_term_string}"},"query-input":{"@type":"PropertyValueSpecification","valueRequired":true,"valueName":"search_term_string"}}],"inLanguage":"en-US"},{"@type":"Organization","@id":"https:\/\/www.padreeustaquio.com.br\/#organization","name":"FATHER EUST\u00c1QUIO","url":"https:\/\/www.padreeustaquio.com.br\/","logo":{"@type":"ImageObject","inLanguage":"en-US","@id":"https:\/\/www.padreeustaquio.com.br\/#\/schema\/logo\/image\/","url":"https:\/\/www.padreeustaquio.com.br\/wp-content\/uploads\/2019\/08\/marca.png","contentUrl":"https:\/\/www.padreeustaquio.com.br\/wp-content\/uploads\/2019\/08\/marca.png","width":350,"height":400,"caption":"Padre Eust\u00e1quio"},"image":{"@id":"https:\/\/www.padreeustaquio.com.br\/#\/schema\/logo\/image\/"},"sameAs":["https:\/\/www.facebook.com\/beatopadreeustaquio\/","https:\/\/x.com\/beatopeustaquio","https:\/\/www.instagram.com\/beatopadreeustaquio\/","https:\/\/www.youtube.com\/channel\/UCRhw7vfabnajwLxb1ZXMeIw"]},{"@type":"Person","@id":"https:\/\/www.padreeustaquio.com.br\/#\/schema\/person\/a2a51db1d00f1a7af0204a0f1ddb1566","name":"@sscc","image":{"@type":"ImageObject","inLanguage":"en-US","@id":"https:\/\/secure.gravatar.com\/avatar\/68cfafa5f44617fea54071e215026e0ff06be366c3d54a8425f04fdcb86f8c5f?s=96&d=mm&r=g","url":"https:\/\/secure.gravatar.com\/avatar\/68cfafa5f44617fea54071e215026e0ff06be366c3d54a8425f04fdcb86f8c5f?s=96&d=mm&r=g","contentUrl":"https:\/\/secure.gravatar.com\/avatar\/68cfafa5f44617fea54071e215026e0ff06be366c3d54a8425f04fdcb86f8c5f?s=96&d=mm&r=g","caption":"@sscc"},"url":"https:\/\/www.padreeustaquio.com.br\/en\/author\/sscc\/"}]}},"_links":{"self":[{"href":"https:\/\/www.padreeustaquio.com.br\/en\/wp-json\/wp\/v2\/posts\/8946","targetHints":{"allow":["GET"]}}],"collection":[{"href":"https:\/\/www.padreeustaquio.com.br\/en\/wp-json\/wp\/v2\/posts"}],"about":[{"href":"https:\/\/www.padreeustaquio.com.br\/en\/wp-json\/wp\/v2\/types\/post"}],"author":[{"embeddable":true,"href":"https:\/\/www.padreeustaquio.com.br\/en\/wp-json\/wp\/v2\/users\/2"}],"replies":[{"embeddable":true,"href":"https:\/\/www.padreeustaquio.com.br\/en\/wp-json\/wp\/v2\/comments?post=8946"}],"version-history":[{"count":0,"href":"https:\/\/www.padreeustaquio.com.br\/en\/wp-json\/wp\/v2\/posts\/8946\/revisions"}],"wp:featuredmedia":[{"embeddable":true,"href":"https:\/\/www.padreeustaquio.com.br\/en\/wp-json\/wp\/v2\/media\/8947"}],"wp:attachment":[{"href":"https:\/\/www.padreeustaquio.com.br\/en\/wp-json\/wp\/v2\/media?parent=8946"}],"wp:term":[{"taxonomy":"category","embeddable":true,"href":"https:\/\/www.padreeustaquio.com.br\/en\/wp-json\/wp\/v2\/categories?post=8946"},{"taxonomy":"post_tag","embeddable":true,"href":"https:\/\/www.padreeustaquio.com.br\/en\/wp-json\/wp\/v2\/tags?post=8946"}],"curies":[{"name":"wp","href":"https:\/\/api.w.org\/{rel}","templated":true}]}}