{"id":8943,"date":"2022-07-06T07:45:36","date_gmt":"2022-07-06T10:45:36","guid":{"rendered":"https:\/\/www.padreeustaquio.com.br\/?p=8943"},"modified":"2022-07-06T07:45:46","modified_gmt":"2022-07-06T10:45:46","slug":"father-eustaquios-tomb-is-one-of-the-most-visited-in-the-bonfim-cemetery","status":"publish","type":"post","link":"https:\/\/www.padreeustaquio.com.br\/en\/father-eustaquios-tomb-is-one-of-the-most-visited-in-the-bonfim-cemetery\/","title":{"rendered":"Father Eust\u00e1quio&#039;s tomb is one of the most visited in the Bonfim Cemetery."},"content":{"rendered":"<p>More than 70 years after the mortal remains of Father Eust\u00e1quio were removed from the Bonfim Cemetery, the tomb where the Blessed was buried continues to be one of the most visited in the area. The Blessed was buried in August 1943 and his body was transferred from the cemetery in 1949 to the current Sanctuary of Health and Peace.<\/p>\n\n\n\n<p>From the day the Blessed One was buried in the Bonfim Cemetery, the place became a space of prayer for the faithful of Father Eust\u00e1quio. Many visited the site asking for the priest&#039;s intercession for their problems and afflictions.<\/p>\n\n\n\n<p>The transfer of the Blessed One&#039;s body to the Sanctuary of Health and Peace did not end the visits of devotees to the Bonfim Cemetery. The Blessed One&#039;s tomb continues to be one of the most visited in the place, along with the tombs of Sister Benigna and the girl Marlene.<\/p>\n\n\n\n<p>Upon being removed from the Cemetery, the mortal remains were deposited inside the Sanctuary of Health and Peace, Church of Blessed Father Eustace, where they remained until 2007 when they were transferred to the Father Eustace Memorial, attached to the Church.<\/p>\n\n\n\n<p><\/p>","protected":false},"excerpt":{"rendered":"<p>Mais de 70 anos depois de os restos mortais do Padre Eust\u00e1quio ser retirado do Cemit\u00e9rio do Bonfim, o t\u00famulo onde o Beato foi sepultado continua sendo um dos mais visitados do local. O Bem-aventurado foi enterrado em agosto de 1943 e teve o corpo trasladado do cemit\u00e9rio em 1949 para o atual Santu\u00e1rio da Sa\u00fade e da Paz. Desde o dia que o Beato foi sepultado no Cemit\u00e9rio do Bonfim, o local se tornou um espa\u00e7o de ora\u00e7\u00e3o para os fi\u00e9is de Padre Eust\u00e1quio. Muitos visitavam o local pedindo a intercess\u00e3o do sacerdote para seus problemas e afli\u00e7\u00f5es. O [&hellip;]<\/p>\n","protected":false},"author":2,"featured_media":8944,"comment_status":"open","ping_status":"closed","sticky":false,"template":"","format":"standard","meta":{"_acf_changed":false,"footnotes":""},"categories":[611],"tags":[],"class_list":["post-8943","post","type-post","status-publish","format-standard","has-post-thumbnail","hentry","category-noticias"],"acf":[],"yoast_head":"<!-- This site is optimized with the Yoast SEO plugin v27.2 - https:\/\/yoast.com\/product\/yoast-seo-wordpress\/ -->\n<title>T\u00famulo do Padre Eust\u00e1quio \u00e9 um dos mais visitados no Cemit\u00e9rio do Bonfim<\/title>\n<meta name=\"description\" content=\"Mais de 70 anos depois de os restos mortais do Padre Eust\u00e1quio ser retirado do Cemit\u00e9rio do Bonfim, o t\u00famulo onde o Beato foi sepultado continua sendo um dos mais visitados do local. O Bem-aventurado foi enterrado em agosto de 1943 e teve o corpo trasladado do cemit\u00e9rio em 1949 para o atual Santu\u00e1rio da Sa\u00fade e da Paz.\" \/>\n<meta name=\"robots\" content=\"index, follow, max-snippet:-1, max-image-preview:large, max-video-preview:-1\" \/>\n<link rel=\"canonical\" href=\"https:\/\/www.padreeustaquio.com.br\/en\/father-eustaquios-tomb-is-one-of-the-most-visited-in-the-bonfim-cemetery\/\" \/>\n<meta property=\"og:locale\" content=\"en_US\" \/>\n<meta property=\"og:type\" content=\"article\" \/>\n<meta property=\"og:title\" content=\"T\u00famulo do Padre Eust\u00e1quio \u00e9 um dos mais visitados no Cemit\u00e9rio do Bonfim\" \/>\n<meta property=\"og:description\" content=\"Mais de 70 anos depois de os restos mortais do Padre Eust\u00e1quio ser retirado do Cemit\u00e9rio do Bonfim, o t\u00famulo onde o Beato foi sepultado continua sendo um dos mais visitados do local. O Bem-aventurado foi enterrado em agosto de 1943 e teve o corpo trasladado do cemit\u00e9rio em 1949 para o atual Santu\u00e1rio da Sa\u00fade e da Paz.\" \/>\n<meta property=\"og:url\" content=\"https:\/\/www.padreeustaquio.com.br\/en\/father-eustaquios-tomb-is-one-of-the-most-visited-in-the-bonfim-cemetery\/\" \/>\n<meta property=\"og:site_name\" content=\"Padre Eust\u00e1quio\" \/>\n<meta property=\"article:publisher\" content=\"https:\/\/www.facebook.com\/beatopadreeustaquio\/\" \/>\n<meta property=\"article:published_time\" content=\"2022-07-06T10:45:36+00:00\" \/>\n<meta property=\"article:modified_time\" content=\"2022-07-06T10:45:46+00:00\" \/>\n<meta property=\"og:image\" content=\"https:\/\/www.padreeustaquio.com.br\/wp-content\/uploads\/2022\/07\/visita-cemiterio-anos-40-sec-passado.png\" \/>\n\t<meta property=\"og:image:width\" content=\"855\" \/>\n\t<meta property=\"og:image:height\" content=\"449\" \/>\n\t<meta property=\"og:image:type\" content=\"image\/png\" \/>\n<meta name=\"author\" content=\"@sscc\" \/>\n<meta name=\"twitter:card\" content=\"summary_large_image\" \/>\n<meta name=\"twitter:creator\" content=\"@beatopeustaquio\" \/>\n<meta name=\"twitter:site\" content=\"@beatopeustaquio\" \/>\n<meta name=\"twitter:label1\" content=\"Written by\" \/>\n\t<meta name=\"twitter:data1\" content=\"@sscc\" \/>\n\t<meta name=\"twitter:label2\" content=\"Est. reading time\" \/>\n\t<meta name=\"twitter:data2\" content=\"1 minute\" \/>\n<script type=\"application\/ld+json\" class=\"yoast-schema-graph\">{\"@context\":\"https:\/\/schema.org\",\"@graph\":[{\"@type\":\"Article\",\"@id\":\"https:\/\/www.padreeustaquio.com.br\/tumulo-do-padre-eustaquio-e-um-dos-mais-visitados-no-cemiterio-do-bonfim\/#article\",\"isPartOf\":{\"@id\":\"https:\/\/www.padreeustaquio.com.br\/tumulo-do-padre-eustaquio-e-um-dos-mais-visitados-no-cemiterio-do-bonfim\/\"},\"author\":{\"name\":\"@sscc\",\"@id\":\"https:\/\/www.padreeustaquio.com.br\/#\/schema\/person\/a2a51db1d00f1a7af0204a0f1ddb1566\"},\"headline\":\"T\u00famulo do Padre Eust\u00e1quio \u00e9 um dos mais visitados no Cemit\u00e9rio do Bonfim\",\"datePublished\":\"2022-07-06T10:45:36+00:00\",\"dateModified\":\"2022-07-06T10:45:46+00:00\",\"mainEntityOfPage\":{\"@id\":\"https:\/\/www.padreeustaquio.com.br\/tumulo-do-padre-eustaquio-e-um-dos-mais-visitados-no-cemiterio-do-bonfim\/\"},\"wordCount\":220,\"commentCount\":0,\"publisher\":{\"@id\":\"https:\/\/www.padreeustaquio.com.br\/#organization\"},\"image\":{\"@id\":\"https:\/\/www.padreeustaquio.com.br\/tumulo-do-padre-eustaquio-e-um-dos-mais-visitados-no-cemiterio-do-bonfim\/#primaryimage\"},\"thumbnailUrl\":\"https:\/\/www.padreeustaquio.com.br\/wp-content\/uploads\/2022\/07\/visita-cemiterio-anos-40-sec-passado.png\",\"articleSection\":[\"Not\u00edcias\"],\"inLanguage\":\"en-US\",\"potentialAction\":[{\"@type\":\"CommentAction\",\"name\":\"Comment\",\"target\":[\"https:\/\/www.padreeustaquio.com.br\/tumulo-do-padre-eustaquio-e-um-dos-mais-visitados-no-cemiterio-do-bonfim\/#respond\"]}]},{\"@type\":\"WebPage\",\"@id\":\"https:\/\/www.padreeustaquio.com.br\/tumulo-do-padre-eustaquio-e-um-dos-mais-visitados-no-cemiterio-do-bonfim\/\",\"url\":\"https:\/\/www.padreeustaquio.com.br\/tumulo-do-padre-eustaquio-e-um-dos-mais-visitados-no-cemiterio-do-bonfim\/\",\"name\":\"T\u00famulo do Padre Eust\u00e1quio \u00e9 um dos mais visitados no Cemit\u00e9rio do Bonfim\",\"isPartOf\":{\"@id\":\"https:\/\/www.padreeustaquio.com.br\/#website\"},\"primaryImageOfPage\":{\"@id\":\"https:\/\/www.padreeustaquio.com.br\/tumulo-do-padre-eustaquio-e-um-dos-mais-visitados-no-cemiterio-do-bonfim\/#primaryimage\"},\"image\":{\"@id\":\"https:\/\/www.padreeustaquio.com.br\/tumulo-do-padre-eustaquio-e-um-dos-mais-visitados-no-cemiterio-do-bonfim\/#primaryimage\"},\"thumbnailUrl\":\"https:\/\/www.padreeustaquio.com.br\/wp-content\/uploads\/2022\/07\/visita-cemiterio-anos-40-sec-passado.png\",\"datePublished\":\"2022-07-06T10:45:36+00:00\",\"dateModified\":\"2022-07-06T10:45:46+00:00\",\"description\":\"Mais de 70 anos depois de os restos mortais do Padre Eust\u00e1quio ser retirado do Cemit\u00e9rio do Bonfim, o t\u00famulo onde o Beato foi sepultado continua sendo um dos mais visitados do local. O Bem-aventurado foi enterrado em agosto de 1943 e teve o corpo trasladado do cemit\u00e9rio em 1949 para o atual Santu\u00e1rio da Sa\u00fade e da Paz.\",\"breadcrumb\":{\"@id\":\"https:\/\/www.padreeustaquio.com.br\/tumulo-do-padre-eustaquio-e-um-dos-mais-visitados-no-cemiterio-do-bonfim\/#breadcrumb\"},\"inLanguage\":\"en-US\",\"potentialAction\":[{\"@type\":\"ReadAction\",\"target\":[\"https:\/\/www.padreeustaquio.com.br\/tumulo-do-padre-eustaquio-e-um-dos-mais-visitados-no-cemiterio-do-bonfim\/\"]}]},{\"@type\":\"ImageObject\",\"inLanguage\":\"en-US\",\"@id\":\"https:\/\/www.padreeustaquio.com.br\/tumulo-do-padre-eustaquio-e-um-dos-mais-visitados-no-cemiterio-do-bonfim\/#primaryimage\",\"url\":\"https:\/\/www.padreeustaquio.com.br\/wp-content\/uploads\/2022\/07\/visita-cemiterio-anos-40-sec-passado.png\",\"contentUrl\":\"https:\/\/www.padreeustaquio.com.br\/wp-content\/uploads\/2022\/07\/visita-cemiterio-anos-40-sec-passado.png\",\"width\":855,\"height\":449,\"caption\":\"Pessoas j\u00e1 rezavam junto ao t\u00famulo na d\u00e9cada de 40 do s\u00e9culo passado.\"},{\"@type\":\"BreadcrumbList\",\"@id\":\"https:\/\/www.padreeustaquio.com.br\/tumulo-do-padre-eustaquio-e-um-dos-mais-visitados-no-cemiterio-do-bonfim\/#breadcrumb\",\"itemListElement\":[{\"@type\":\"ListItem\",\"position\":1,\"name\":\"In\u00edcio\",\"item\":\"https:\/\/www.padreeustaquio.com.br\/\"},{\"@type\":\"ListItem\",\"position\":2,\"name\":\"T\u00famulo do Padre Eust\u00e1quio \u00e9 um dos mais visitados no Cemit\u00e9rio do Bonfim\"}]},{\"@type\":\"WebSite\",\"@id\":\"https:\/\/www.padreeustaquio.com.br\/#website\",\"url\":\"https:\/\/www.padreeustaquio.com.br\/\",\"name\":\"Padre Eust\u00e1quio\",\"description\":\"Sa\u00fade e Paz\",\"publisher\":{\"@id\":\"https:\/\/www.padreeustaquio.com.br\/#organization\"},\"potentialAction\":[{\"@type\":\"SearchAction\",\"target\":{\"@type\":\"EntryPoint\",\"urlTemplate\":\"https:\/\/www.padreeustaquio.com.br\/?s={search_term_string}\"},\"query-input\":{\"@type\":\"PropertyValueSpecification\",\"valueRequired\":true,\"valueName\":\"search_term_string\"}}],\"inLanguage\":\"en-US\"},{\"@type\":\"Organization\",\"@id\":\"https:\/\/www.padreeustaquio.com.br\/#organization\",\"name\":\"Padre Eust\u00e1quio\",\"url\":\"https:\/\/www.padreeustaquio.com.br\/\",\"logo\":{\"@type\":\"ImageObject\",\"inLanguage\":\"en-US\",\"@id\":\"https:\/\/www.padreeustaquio.com.br\/#\/schema\/logo\/image\/\",\"url\":\"https:\/\/www.padreeustaquio.com.br\/wp-content\/uploads\/2019\/08\/marca.png\",\"contentUrl\":\"https:\/\/www.padreeustaquio.com.br\/wp-content\/uploads\/2019\/08\/marca.png\",\"width\":350,\"height\":400,\"caption\":\"Padre Eust\u00e1quio\"},\"image\":{\"@id\":\"https:\/\/www.padreeustaquio.com.br\/#\/schema\/logo\/image\/\"},\"sameAs\":[\"https:\/\/www.facebook.com\/beatopadreeustaquio\/\",\"https:\/\/x.com\/beatopeustaquio\",\"https:\/\/www.instagram.com\/beatopadreeustaquio\/\",\"https:\/\/www.youtube.com\/channel\/UCRhw7vfabnajwLxb1ZXMeIw\"]},{\"@type\":\"Person\",\"@id\":\"https:\/\/www.padreeustaquio.com.br\/#\/schema\/person\/a2a51db1d00f1a7af0204a0f1ddb1566\",\"name\":\"@sscc\",\"image\":{\"@type\":\"ImageObject\",\"inLanguage\":\"en-US\",\"@id\":\"https:\/\/secure.gravatar.com\/avatar\/68cfafa5f44617fea54071e215026e0ff06be366c3d54a8425f04fdcb86f8c5f?s=96&d=mm&r=g\",\"url\":\"https:\/\/secure.gravatar.com\/avatar\/68cfafa5f44617fea54071e215026e0ff06be366c3d54a8425f04fdcb86f8c5f?s=96&d=mm&r=g\",\"contentUrl\":\"https:\/\/secure.gravatar.com\/avatar\/68cfafa5f44617fea54071e215026e0ff06be366c3d54a8425f04fdcb86f8c5f?s=96&d=mm&r=g\",\"caption\":\"@sscc\"},\"url\":\"https:\/\/www.padreeustaquio.com.br\/en\/author\/sscc\/\"}]}<\/script>\n<!-- \/ Yoast SEO plugin. -->","yoast_head_json":{"title":"Father Eust\u00e1quio&#039;s tomb is one of the most visited in the Bonfim Cemetery.","description":"More than 70 years after the mortal remains of Father Eust\u00e1quio were removed from the Bonfim Cemetery, the tomb where the Blessed was buried continues to be one of the most visited in the area. The Blessed was buried in August 1943 and his body was transferred from the cemetery in 1949 to the current Sanctuary of Health and Peace.","robots":{"index":"index","follow":"follow","max-snippet":"max-snippet:-1","max-image-preview":"max-image-preview:large","max-video-preview":"max-video-preview:-1"},"canonical":"https:\/\/www.padreeustaquio.com.br\/en\/father-eustaquios-tomb-is-one-of-the-most-visited-in-the-bonfim-cemetery\/","og_locale":"en_US","og_type":"article","og_title":"T\u00famulo do Padre Eust\u00e1quio \u00e9 um dos mais visitados no Cemit\u00e9rio do Bonfim","og_description":"Mais de 70 anos depois de os restos mortais do Padre Eust\u00e1quio ser retirado do Cemit\u00e9rio do Bonfim, o t\u00famulo onde o Beato foi sepultado continua sendo um dos mais visitados do local. O Bem-aventurado foi enterrado em agosto de 1943 e teve o corpo trasladado do cemit\u00e9rio em 1949 para o atual Santu\u00e1rio da Sa\u00fade e da Paz.","og_url":"https:\/\/www.padreeustaquio.com.br\/en\/father-eustaquios-tomb-is-one-of-the-most-visited-in-the-bonfim-cemetery\/","og_site_name":"Padre Eust\u00e1quio","article_publisher":"https:\/\/www.facebook.com\/beatopadreeustaquio\/","article_published_time":"2022-07-06T10:45:36+00:00","article_modified_time":"2022-07-06T10:45:46+00:00","og_image":[{"width":855,"height":449,"url":"https:\/\/www.padreeustaquio.com.br\/wp-content\/uploads\/2022\/07\/visita-cemiterio-anos-40-sec-passado.png","type":"image\/png"}],"author":"@sscc","twitter_card":"summary_large_image","twitter_creator":"@beatopeustaquio","twitter_site":"@beatopeustaquio","twitter_misc":{"Written by":"@sscc","Est. reading time":"1 minute"},"schema":{"@context":"https:\/\/schema.org","@graph":[{"@type":"Article","@id":"https:\/\/www.padreeustaquio.com.br\/tumulo-do-padre-eustaquio-e-um-dos-mais-visitados-no-cemiterio-do-bonfim\/#article","isPartOf":{"@id":"https:\/\/www.padreeustaquio.com.br\/tumulo-do-padre-eustaquio-e-um-dos-mais-visitados-no-cemiterio-do-bonfim\/"},"author":{"name":"@sscc","@id":"https:\/\/www.padreeustaquio.com.br\/#\/schema\/person\/a2a51db1d00f1a7af0204a0f1ddb1566"},"headline":"T\u00famulo do Padre Eust\u00e1quio \u00e9 um dos mais visitados no Cemit\u00e9rio do Bonfim","datePublished":"2022-07-06T10:45:36+00:00","dateModified":"2022-07-06T10:45:46+00:00","mainEntityOfPage":{"@id":"https:\/\/www.padreeustaquio.com.br\/tumulo-do-padre-eustaquio-e-um-dos-mais-visitados-no-cemiterio-do-bonfim\/"},"wordCount":220,"commentCount":0,"publisher":{"@id":"https:\/\/www.padreeustaquio.com.br\/#organization"},"image":{"@id":"https:\/\/www.padreeustaquio.com.br\/tumulo-do-padre-eustaquio-e-um-dos-mais-visitados-no-cemiterio-do-bonfim\/#primaryimage"},"thumbnailUrl":"https:\/\/www.padreeustaquio.com.br\/wp-content\/uploads\/2022\/07\/visita-cemiterio-anos-40-sec-passado.png","articleSection":["Not\u00edcias"],"inLanguage":"en-US","potentialAction":[{"@type":"CommentAction","name":"Comment","target":["https:\/\/www.padreeustaquio.com.br\/tumulo-do-padre-eustaquio-e-um-dos-mais-visitados-no-cemiterio-do-bonfim\/#respond"]}]},{"@type":"WebPage","@id":"https:\/\/www.padreeustaquio.com.br\/tumulo-do-padre-eustaquio-e-um-dos-mais-visitados-no-cemiterio-do-bonfim\/","url":"https:\/\/www.padreeustaquio.com.br\/tumulo-do-padre-eustaquio-e-um-dos-mais-visitados-no-cemiterio-do-bonfim\/","name":"Father Eust\u00e1quio&#039;s tomb is one of the most visited in the Bonfim Cemetery.","isPartOf":{"@id":"https:\/\/www.padreeustaquio.com.br\/#website"},"primaryImageOfPage":{"@id":"https:\/\/www.padreeustaquio.com.br\/tumulo-do-padre-eustaquio-e-um-dos-mais-visitados-no-cemiterio-do-bonfim\/#primaryimage"},"image":{"@id":"https:\/\/www.padreeustaquio.com.br\/tumulo-do-padre-eustaquio-e-um-dos-mais-visitados-no-cemiterio-do-bonfim\/#primaryimage"},"thumbnailUrl":"https:\/\/www.padreeustaquio.com.br\/wp-content\/uploads\/2022\/07\/visita-cemiterio-anos-40-sec-passado.png","datePublished":"2022-07-06T10:45:36+00:00","dateModified":"2022-07-06T10:45:46+00:00","description":"More than 70 years after the mortal remains of Father Eust\u00e1quio were removed from the Bonfim Cemetery, the tomb where the Blessed was buried continues to be one of the most visited in the area. The Blessed was buried in August 1943 and his body was transferred from the cemetery in 1949 to the current Sanctuary of Health and Peace.","breadcrumb":{"@id":"https:\/\/www.padreeustaquio.com.br\/tumulo-do-padre-eustaquio-e-um-dos-mais-visitados-no-cemiterio-do-bonfim\/#breadcrumb"},"inLanguage":"en-US","potentialAction":[{"@type":"ReadAction","target":["https:\/\/www.padreeustaquio.com.br\/tumulo-do-padre-eustaquio-e-um-dos-mais-visitados-no-cemiterio-do-bonfim\/"]}]},{"@type":"ImageObject","inLanguage":"en-US","@id":"https:\/\/www.padreeustaquio.com.br\/tumulo-do-padre-eustaquio-e-um-dos-mais-visitados-no-cemiterio-do-bonfim\/#primaryimage","url":"https:\/\/www.padreeustaquio.com.br\/wp-content\/uploads\/2022\/07\/visita-cemiterio-anos-40-sec-passado.png","contentUrl":"https:\/\/www.padreeustaquio.com.br\/wp-content\/uploads\/2022\/07\/visita-cemiterio-anos-40-sec-passado.png","width":855,"height":449,"caption":"Pessoas j\u00e1 rezavam junto ao t\u00famulo na d\u00e9cada de 40 do s\u00e9culo passado."},{"@type":"BreadcrumbList","@id":"https:\/\/www.padreeustaquio.com.br\/tumulo-do-padre-eustaquio-e-um-dos-mais-visitados-no-cemiterio-do-bonfim\/#breadcrumb","itemListElement":[{"@type":"ListItem","position":1,"name":"In\u00edcio","item":"https:\/\/www.padreeustaquio.com.br\/"},{"@type":"ListItem","position":2,"name":"T\u00famulo do Padre Eust\u00e1quio \u00e9 um dos mais visitados no Cemit\u00e9rio do Bonfim"}]},{"@type":"WebSite","@id":"https:\/\/www.padreeustaquio.com.br\/#website","url":"https:\/\/www.padreeustaquio.com.br\/","name":"FATHER EUST\u00c1QUIO","description":"Health and Peace","publisher":{"@id":"https:\/\/www.padreeustaquio.com.br\/#organization"},"potentialAction":[{"@type":"SearchAction","target":{"@type":"EntryPoint","urlTemplate":"https:\/\/www.padreeustaquio.com.br\/?s={search_term_string}"},"query-input":{"@type":"PropertyValueSpecification","valueRequired":true,"valueName":"search_term_string"}}],"inLanguage":"en-US"},{"@type":"Organization","@id":"https:\/\/www.padreeustaquio.com.br\/#organization","name":"FATHER EUST\u00c1QUIO","url":"https:\/\/www.padreeustaquio.com.br\/","logo":{"@type":"ImageObject","inLanguage":"en-US","@id":"https:\/\/www.padreeustaquio.com.br\/#\/schema\/logo\/image\/","url":"https:\/\/www.padreeustaquio.com.br\/wp-content\/uploads\/2019\/08\/marca.png","contentUrl":"https:\/\/www.padreeustaquio.com.br\/wp-content\/uploads\/2019\/08\/marca.png","width":350,"height":400,"caption":"Padre Eust\u00e1quio"},"image":{"@id":"https:\/\/www.padreeustaquio.com.br\/#\/schema\/logo\/image\/"},"sameAs":["https:\/\/www.facebook.com\/beatopadreeustaquio\/","https:\/\/x.com\/beatopeustaquio","https:\/\/www.instagram.com\/beatopadreeustaquio\/","https:\/\/www.youtube.com\/channel\/UCRhw7vfabnajwLxb1ZXMeIw"]},{"@type":"Person","@id":"https:\/\/www.padreeustaquio.com.br\/#\/schema\/person\/a2a51db1d00f1a7af0204a0f1ddb1566","name":"@sscc","image":{"@type":"ImageObject","inLanguage":"en-US","@id":"https:\/\/secure.gravatar.com\/avatar\/68cfafa5f44617fea54071e215026e0ff06be366c3d54a8425f04fdcb86f8c5f?s=96&d=mm&r=g","url":"https:\/\/secure.gravatar.com\/avatar\/68cfafa5f44617fea54071e215026e0ff06be366c3d54a8425f04fdcb86f8c5f?s=96&d=mm&r=g","contentUrl":"https:\/\/secure.gravatar.com\/avatar\/68cfafa5f44617fea54071e215026e0ff06be366c3d54a8425f04fdcb86f8c5f?s=96&d=mm&r=g","caption":"@sscc"},"url":"https:\/\/www.padreeustaquio.com.br\/en\/author\/sscc\/"}]}},"_links":{"self":[{"href":"https:\/\/www.padreeustaquio.com.br\/en\/wp-json\/wp\/v2\/posts\/8943","targetHints":{"allow":["GET"]}}],"collection":[{"href":"https:\/\/www.padreeustaquio.com.br\/en\/wp-json\/wp\/v2\/posts"}],"about":[{"href":"https:\/\/www.padreeustaquio.com.br\/en\/wp-json\/wp\/v2\/types\/post"}],"author":[{"embeddable":true,"href":"https:\/\/www.padreeustaquio.com.br\/en\/wp-json\/wp\/v2\/users\/2"}],"replies":[{"embeddable":true,"href":"https:\/\/www.padreeustaquio.com.br\/en\/wp-json\/wp\/v2\/comments?post=8943"}],"version-history":[{"count":0,"href":"https:\/\/www.padreeustaquio.com.br\/en\/wp-json\/wp\/v2\/posts\/8943\/revisions"}],"wp:featuredmedia":[{"embeddable":true,"href":"https:\/\/www.padreeustaquio.com.br\/en\/wp-json\/wp\/v2\/media\/8944"}],"wp:attachment":[{"href":"https:\/\/www.padreeustaquio.com.br\/en\/wp-json\/wp\/v2\/media?parent=8943"}],"wp:term":[{"taxonomy":"category","embeddable":true,"href":"https:\/\/www.padreeustaquio.com.br\/en\/wp-json\/wp\/v2\/categories?post=8943"},{"taxonomy":"post_tag","embeddable":true,"href":"https:\/\/www.padreeustaquio.com.br\/en\/wp-json\/wp\/v2\/tags?post=8943"}],"curies":[{"name":"wp","href":"https:\/\/api.w.org\/{rel}","templated":true}]}}