{"id":8935,"date":"2022-07-05T14:27:15","date_gmt":"2022-07-05T17:27:15","guid":{"rendered":"https:\/\/www.padreeustaquio.com.br\/?p=8935"},"modified":"2022-07-05T14:27:20","modified_gmt":"2022-07-05T17:27:20","slug":"father-eustaces-church-and-its-dedication-to-the-sacred-hearts","status":"publish","type":"post","link":"https:\/\/www.padreeustaquio.com.br\/en\/father-eustaces-church-and-its-dedication-to-the-sacred-hearts\/","title":{"rendered":"The Church of Father Eustace and its dedication to the Sacred Hearts"},"content":{"rendered":"<p>Father Eust\u00e1quio arrived in Belo Horizonte in April 1942. A little over a year later, in May 1943, the Dutch priest presented the community with a model of the future Mother Church, now the Sanctuary of Health and Peace.<\/p>\n\n\n\n<p>The construction of a new church was necessary due to the high demand for Father Eust\u00e1quio, which exceeded the capacity of the church where he served, the Cristo Rei Chapel, of the old parish of S\u00e3o Domingos.<\/p>\n\n\n\n<p>For the construction of the new parish, land was donated by the then mayor of Belo Horizonte, Juscelino Kubitschek.<\/p>\n\n\n\n<p>The cornerstone of the main church was laid by Father Eust\u00e1quio in May 1943. On that occasion, the Blessed Father gave a homily speaking about the choice of the Sacred Hearts to be the patron saints of the place:<\/p>\n\n\n\n<p>\u201cAs titular patrons of the Church, we have chosen the Sacred Hearts of Jesus and Mary, so that we may better fulfill our vocation of spreading devotion to the Sacred Hearts and adoring and making reparation to the Divine Hidden Sacrament.\u201d<\/p>\n\n\n\n<p>Sermon by Father Eust\u00e1quio at the laying of the foundation stone of the Main Church on May 16, 1943<\/p>\n\n\n\n<p><\/p>","protected":false},"excerpt":{"rendered":"<p>Padre Eust\u00e1quio chegou a Belo Horizonte em Abril de 1942. Pouco mais de um ano depois, em Maio de 1943, o padre holand\u00eas apresentou \u00e0 comunidade a maquete da futura Igreja Matriz, hoje o Santu\u00e1rio da Sa\u00fade e da Paz. A constru\u00e7\u00e3o de uma igreja nova era necess\u00e1ria gra\u00e7as a procura das pessoas por Padre Eust\u00e1quio, que era muito grande, ultrapassando a capacidade da igreja onde ele servia, a Capela Cristo Rei, da antiga par\u00f3quia de S\u00e3o Domingos. Para a constru\u00e7\u00e3o da nova par\u00f3quia, um terreno foi doado pelo ent\u00e3o prefeito de Belo Horizonte, Juscelino Kubitschek. A pedra fundamental da [&hellip;]<\/p>\n","protected":false},"author":2,"featured_media":8936,"comment_status":"open","ping_status":"closed","sticky":false,"template":"","format":"standard","meta":{"_acf_changed":false,"footnotes":""},"categories":[611],"tags":[],"class_list":["post-8935","post","type-post","status-publish","format-standard","has-post-thumbnail","hentry","category-noticias"],"acf":[],"yoast_head":"<!-- This site is optimized with the Yoast SEO plugin v27.2 - https:\/\/yoast.com\/product\/yoast-seo-wordpress\/ -->\n<title>A Igreja do Padre Eust\u00e1quio e a dedica\u00e7\u00e3o aos Sagrados Cora\u00e7\u00f5es<\/title>\n<meta name=\"description\" content=\"Padre Eust\u00e1quio chegou a Belo Horizonte em Abril de 1942. Pouco mais de um ano depois, em Maio de 1943, o padre holand\u00eas apresentou \u00e0 comunidade a maquete da futura Igreja Matriz, hoje o Santu\u00e1rio da Sa\u00fade e da Paz.\" \/>\n<meta name=\"robots\" content=\"index, follow, max-snippet:-1, max-image-preview:large, max-video-preview:-1\" \/>\n<link rel=\"canonical\" href=\"https:\/\/www.padreeustaquio.com.br\/en\/father-eustaces-church-and-its-dedication-to-the-sacred-hearts\/\" \/>\n<meta property=\"og:locale\" content=\"en_US\" \/>\n<meta property=\"og:type\" content=\"article\" \/>\n<meta property=\"og:title\" content=\"A Igreja do Padre Eust\u00e1quio e a dedica\u00e7\u00e3o aos Sagrados Cora\u00e7\u00f5es\" \/>\n<meta property=\"og:description\" content=\"Padre Eust\u00e1quio chegou a Belo Horizonte em Abril de 1942. Pouco mais de um ano depois, em Maio de 1943, o padre holand\u00eas apresentou \u00e0 comunidade a maquete da futura Igreja Matriz, hoje o Santu\u00e1rio da Sa\u00fade e da Paz.\" \/>\n<meta property=\"og:url\" content=\"https:\/\/www.padreeustaquio.com.br\/en\/father-eustaces-church-and-its-dedication-to-the-sacred-hearts\/\" \/>\n<meta property=\"og:site_name\" content=\"Padre Eust\u00e1quio\" \/>\n<meta property=\"article:publisher\" content=\"https:\/\/www.facebook.com\/beatopadreeustaquio\/\" \/>\n<meta property=\"article:published_time\" content=\"2022-07-05T17:27:15+00:00\" \/>\n<meta property=\"article:modified_time\" content=\"2022-07-05T17:27:20+00:00\" \/>\n<meta property=\"og:image\" content=\"https:\/\/www.padreeustaquio.com.br\/wp-content\/uploads\/2022\/07\/paroquia-dos-sagrados-coracoes-igreja-do-padre-eustaquio.jpeg\" \/>\n\t<meta property=\"og:image:width\" content=\"1280\" \/>\n\t<meta property=\"og:image:height\" content=\"835\" \/>\n\t<meta property=\"og:image:type\" content=\"image\/jpeg\" \/>\n<meta name=\"author\" content=\"@sscc\" \/>\n<meta name=\"twitter:card\" content=\"summary_large_image\" \/>\n<meta name=\"twitter:creator\" content=\"@beatopeustaquio\" \/>\n<meta name=\"twitter:site\" content=\"@beatopeustaquio\" \/>\n<meta name=\"twitter:label1\" content=\"Written by\" \/>\n\t<meta name=\"twitter:data1\" content=\"@sscc\" \/>\n\t<meta name=\"twitter:label2\" content=\"Est. reading time\" \/>\n\t<meta name=\"twitter:data2\" content=\"1 minute\" \/>\n<script type=\"application\/ld+json\" class=\"yoast-schema-graph\">{\"@context\":\"https:\/\/schema.org\",\"@graph\":[{\"@type\":\"Article\",\"@id\":\"https:\/\/www.padreeustaquio.com.br\/a-igreja-do-padre-eustaquio-e-a-dedicacao-aos-sagrados-coracoes\/#article\",\"isPartOf\":{\"@id\":\"https:\/\/www.padreeustaquio.com.br\/a-igreja-do-padre-eustaquio-e-a-dedicacao-aos-sagrados-coracoes\/\"},\"author\":{\"name\":\"@sscc\",\"@id\":\"https:\/\/www.padreeustaquio.com.br\/#\/schema\/person\/a2a51db1d00f1a7af0204a0f1ddb1566\"},\"headline\":\"A Igreja do Padre Eust\u00e1quio e a dedica\u00e7\u00e3o aos Sagrados Cora\u00e7\u00f5es\",\"datePublished\":\"2022-07-05T17:27:15+00:00\",\"dateModified\":\"2022-07-05T17:27:20+00:00\",\"mainEntityOfPage\":{\"@id\":\"https:\/\/www.padreeustaquio.com.br\/a-igreja-do-padre-eustaquio-e-a-dedicacao-aos-sagrados-coracoes\/\"},\"wordCount\":217,\"commentCount\":0,\"publisher\":{\"@id\":\"https:\/\/www.padreeustaquio.com.br\/#organization\"},\"image\":{\"@id\":\"https:\/\/www.padreeustaquio.com.br\/a-igreja-do-padre-eustaquio-e-a-dedicacao-aos-sagrados-coracoes\/#primaryimage\"},\"thumbnailUrl\":\"https:\/\/www.padreeustaquio.com.br\/wp-content\/uploads\/2022\/07\/paroquia-dos-sagrados-coracoes-igreja-do-padre-eustaquio.jpeg\",\"articleSection\":[\"Not\u00edcias\"],\"inLanguage\":\"en-US\",\"potentialAction\":[{\"@type\":\"CommentAction\",\"name\":\"Comment\",\"target\":[\"https:\/\/www.padreeustaquio.com.br\/a-igreja-do-padre-eustaquio-e-a-dedicacao-aos-sagrados-coracoes\/#respond\"]}]},{\"@type\":\"WebPage\",\"@id\":\"https:\/\/www.padreeustaquio.com.br\/a-igreja-do-padre-eustaquio-e-a-dedicacao-aos-sagrados-coracoes\/\",\"url\":\"https:\/\/www.padreeustaquio.com.br\/a-igreja-do-padre-eustaquio-e-a-dedicacao-aos-sagrados-coracoes\/\",\"name\":\"A Igreja do Padre Eust\u00e1quio e a dedica\u00e7\u00e3o aos Sagrados Cora\u00e7\u00f5es\",\"isPartOf\":{\"@id\":\"https:\/\/www.padreeustaquio.com.br\/#website\"},\"primaryImageOfPage\":{\"@id\":\"https:\/\/www.padreeustaquio.com.br\/a-igreja-do-padre-eustaquio-e-a-dedicacao-aos-sagrados-coracoes\/#primaryimage\"},\"image\":{\"@id\":\"https:\/\/www.padreeustaquio.com.br\/a-igreja-do-padre-eustaquio-e-a-dedicacao-aos-sagrados-coracoes\/#primaryimage\"},\"thumbnailUrl\":\"https:\/\/www.padreeustaquio.com.br\/wp-content\/uploads\/2022\/07\/paroquia-dos-sagrados-coracoes-igreja-do-padre-eustaquio.jpeg\",\"datePublished\":\"2022-07-05T17:27:15+00:00\",\"dateModified\":\"2022-07-05T17:27:20+00:00\",\"description\":\"Padre Eust\u00e1quio chegou a Belo Horizonte em Abril de 1942. Pouco mais de um ano depois, em Maio de 1943, o padre holand\u00eas apresentou \u00e0 comunidade a maquete da futura Igreja Matriz, hoje o Santu\u00e1rio da Sa\u00fade e da Paz.\",\"breadcrumb\":{\"@id\":\"https:\/\/www.padreeustaquio.com.br\/a-igreja-do-padre-eustaquio-e-a-dedicacao-aos-sagrados-coracoes\/#breadcrumb\"},\"inLanguage\":\"en-US\",\"potentialAction\":[{\"@type\":\"ReadAction\",\"target\":[\"https:\/\/www.padreeustaquio.com.br\/a-igreja-do-padre-eustaquio-e-a-dedicacao-aos-sagrados-coracoes\/\"]}]},{\"@type\":\"ImageObject\",\"inLanguage\":\"en-US\",\"@id\":\"https:\/\/www.padreeustaquio.com.br\/a-igreja-do-padre-eustaquio-e-a-dedicacao-aos-sagrados-coracoes\/#primaryimage\",\"url\":\"https:\/\/www.padreeustaquio.com.br\/wp-content\/uploads\/2022\/07\/paroquia-dos-sagrados-coracoes-igreja-do-padre-eustaquio.jpeg\",\"contentUrl\":\"https:\/\/www.padreeustaquio.com.br\/wp-content\/uploads\/2022\/07\/paroquia-dos-sagrados-coracoes-igreja-do-padre-eustaquio.jpeg\",\"width\":1280,\"height\":835},{\"@type\":\"BreadcrumbList\",\"@id\":\"https:\/\/www.padreeustaquio.com.br\/a-igreja-do-padre-eustaquio-e-a-dedicacao-aos-sagrados-coracoes\/#breadcrumb\",\"itemListElement\":[{\"@type\":\"ListItem\",\"position\":1,\"name\":\"In\u00edcio\",\"item\":\"https:\/\/www.padreeustaquio.com.br\/\"},{\"@type\":\"ListItem\",\"position\":2,\"name\":\"A Igreja do Padre Eust\u00e1quio e a dedica\u00e7\u00e3o aos Sagrados Cora\u00e7\u00f5es\"}]},{\"@type\":\"WebSite\",\"@id\":\"https:\/\/www.padreeustaquio.com.br\/#website\",\"url\":\"https:\/\/www.padreeustaquio.com.br\/\",\"name\":\"Padre Eust\u00e1quio\",\"description\":\"Sa\u00fade e Paz\",\"publisher\":{\"@id\":\"https:\/\/www.padreeustaquio.com.br\/#organization\"},\"potentialAction\":[{\"@type\":\"SearchAction\",\"target\":{\"@type\":\"EntryPoint\",\"urlTemplate\":\"https:\/\/www.padreeustaquio.com.br\/?s={search_term_string}\"},\"query-input\":{\"@type\":\"PropertyValueSpecification\",\"valueRequired\":true,\"valueName\":\"search_term_string\"}}],\"inLanguage\":\"en-US\"},{\"@type\":\"Organization\",\"@id\":\"https:\/\/www.padreeustaquio.com.br\/#organization\",\"name\":\"Padre Eust\u00e1quio\",\"url\":\"https:\/\/www.padreeustaquio.com.br\/\",\"logo\":{\"@type\":\"ImageObject\",\"inLanguage\":\"en-US\",\"@id\":\"https:\/\/www.padreeustaquio.com.br\/#\/schema\/logo\/image\/\",\"url\":\"https:\/\/www.padreeustaquio.com.br\/wp-content\/uploads\/2019\/08\/marca.png\",\"contentUrl\":\"https:\/\/www.padreeustaquio.com.br\/wp-content\/uploads\/2019\/08\/marca.png\",\"width\":350,\"height\":400,\"caption\":\"Padre Eust\u00e1quio\"},\"image\":{\"@id\":\"https:\/\/www.padreeustaquio.com.br\/#\/schema\/logo\/image\/\"},\"sameAs\":[\"https:\/\/www.facebook.com\/beatopadreeustaquio\/\",\"https:\/\/x.com\/beatopeustaquio\",\"https:\/\/www.instagram.com\/beatopadreeustaquio\/\",\"https:\/\/www.youtube.com\/channel\/UCRhw7vfabnajwLxb1ZXMeIw\"]},{\"@type\":\"Person\",\"@id\":\"https:\/\/www.padreeustaquio.com.br\/#\/schema\/person\/a2a51db1d00f1a7af0204a0f1ddb1566\",\"name\":\"@sscc\",\"image\":{\"@type\":\"ImageObject\",\"inLanguage\":\"en-US\",\"@id\":\"https:\/\/secure.gravatar.com\/avatar\/68cfafa5f44617fea54071e215026e0ff06be366c3d54a8425f04fdcb86f8c5f?s=96&d=mm&r=g\",\"url\":\"https:\/\/secure.gravatar.com\/avatar\/68cfafa5f44617fea54071e215026e0ff06be366c3d54a8425f04fdcb86f8c5f?s=96&d=mm&r=g\",\"contentUrl\":\"https:\/\/secure.gravatar.com\/avatar\/68cfafa5f44617fea54071e215026e0ff06be366c3d54a8425f04fdcb86f8c5f?s=96&d=mm&r=g\",\"caption\":\"@sscc\"},\"url\":\"https:\/\/www.padreeustaquio.com.br\/en\/author\/sscc\/\"}]}<\/script>\n<!-- \/ Yoast SEO plugin. -->","yoast_head_json":{"title":"The Church of Father Eustace and its dedication to the Sacred Hearts","description":"Father Eust\u00e1quio arrived in Belo Horizonte in April 1942. A little over a year later, in May 1943, the Dutch priest presented the community with a model of the future Mother Church, now the Sanctuary of Health and Peace.","robots":{"index":"index","follow":"follow","max-snippet":"max-snippet:-1","max-image-preview":"max-image-preview:large","max-video-preview":"max-video-preview:-1"},"canonical":"https:\/\/www.padreeustaquio.com.br\/en\/father-eustaces-church-and-its-dedication-to-the-sacred-hearts\/","og_locale":"en_US","og_type":"article","og_title":"A Igreja do Padre Eust\u00e1quio e a dedica\u00e7\u00e3o aos Sagrados Cora\u00e7\u00f5es","og_description":"Padre Eust\u00e1quio chegou a Belo Horizonte em Abril de 1942. Pouco mais de um ano depois, em Maio de 1943, o padre holand\u00eas apresentou \u00e0 comunidade a maquete da futura Igreja Matriz, hoje o Santu\u00e1rio da Sa\u00fade e da Paz.","og_url":"https:\/\/www.padreeustaquio.com.br\/en\/father-eustaces-church-and-its-dedication-to-the-sacred-hearts\/","og_site_name":"Padre Eust\u00e1quio","article_publisher":"https:\/\/www.facebook.com\/beatopadreeustaquio\/","article_published_time":"2022-07-05T17:27:15+00:00","article_modified_time":"2022-07-05T17:27:20+00:00","og_image":[{"width":1280,"height":835,"url":"https:\/\/www.padreeustaquio.com.br\/wp-content\/uploads\/2022\/07\/paroquia-dos-sagrados-coracoes-igreja-do-padre-eustaquio.jpeg","type":"image\/jpeg"}],"author":"@sscc","twitter_card":"summary_large_image","twitter_creator":"@beatopeustaquio","twitter_site":"@beatopeustaquio","twitter_misc":{"Written by":"@sscc","Est. reading time":"1 minute"},"schema":{"@context":"https:\/\/schema.org","@graph":[{"@type":"Article","@id":"https:\/\/www.padreeustaquio.com.br\/a-igreja-do-padre-eustaquio-e-a-dedicacao-aos-sagrados-coracoes\/#article","isPartOf":{"@id":"https:\/\/www.padreeustaquio.com.br\/a-igreja-do-padre-eustaquio-e-a-dedicacao-aos-sagrados-coracoes\/"},"author":{"name":"@sscc","@id":"https:\/\/www.padreeustaquio.com.br\/#\/schema\/person\/a2a51db1d00f1a7af0204a0f1ddb1566"},"headline":"A Igreja do Padre Eust\u00e1quio e a dedica\u00e7\u00e3o aos Sagrados Cora\u00e7\u00f5es","datePublished":"2022-07-05T17:27:15+00:00","dateModified":"2022-07-05T17:27:20+00:00","mainEntityOfPage":{"@id":"https:\/\/www.padreeustaquio.com.br\/a-igreja-do-padre-eustaquio-e-a-dedicacao-aos-sagrados-coracoes\/"},"wordCount":217,"commentCount":0,"publisher":{"@id":"https:\/\/www.padreeustaquio.com.br\/#organization"},"image":{"@id":"https:\/\/www.padreeustaquio.com.br\/a-igreja-do-padre-eustaquio-e-a-dedicacao-aos-sagrados-coracoes\/#primaryimage"},"thumbnailUrl":"https:\/\/www.padreeustaquio.com.br\/wp-content\/uploads\/2022\/07\/paroquia-dos-sagrados-coracoes-igreja-do-padre-eustaquio.jpeg","articleSection":["Not\u00edcias"],"inLanguage":"en-US","potentialAction":[{"@type":"CommentAction","name":"Comment","target":["https:\/\/www.padreeustaquio.com.br\/a-igreja-do-padre-eustaquio-e-a-dedicacao-aos-sagrados-coracoes\/#respond"]}]},{"@type":"WebPage","@id":"https:\/\/www.padreeustaquio.com.br\/a-igreja-do-padre-eustaquio-e-a-dedicacao-aos-sagrados-coracoes\/","url":"https:\/\/www.padreeustaquio.com.br\/a-igreja-do-padre-eustaquio-e-a-dedicacao-aos-sagrados-coracoes\/","name":"The Church of Father Eustace and its dedication to the Sacred Hearts","isPartOf":{"@id":"https:\/\/www.padreeustaquio.com.br\/#website"},"primaryImageOfPage":{"@id":"https:\/\/www.padreeustaquio.com.br\/a-igreja-do-padre-eustaquio-e-a-dedicacao-aos-sagrados-coracoes\/#primaryimage"},"image":{"@id":"https:\/\/www.padreeustaquio.com.br\/a-igreja-do-padre-eustaquio-e-a-dedicacao-aos-sagrados-coracoes\/#primaryimage"},"thumbnailUrl":"https:\/\/www.padreeustaquio.com.br\/wp-content\/uploads\/2022\/07\/paroquia-dos-sagrados-coracoes-igreja-do-padre-eustaquio.jpeg","datePublished":"2022-07-05T17:27:15+00:00","dateModified":"2022-07-05T17:27:20+00:00","description":"Father Eust\u00e1quio arrived in Belo Horizonte in April 1942. A little over a year later, in May 1943, the Dutch priest presented the community with a model of the future Mother Church, now the Sanctuary of Health and Peace.","breadcrumb":{"@id":"https:\/\/www.padreeustaquio.com.br\/a-igreja-do-padre-eustaquio-e-a-dedicacao-aos-sagrados-coracoes\/#breadcrumb"},"inLanguage":"en-US","potentialAction":[{"@type":"ReadAction","target":["https:\/\/www.padreeustaquio.com.br\/a-igreja-do-padre-eustaquio-e-a-dedicacao-aos-sagrados-coracoes\/"]}]},{"@type":"ImageObject","inLanguage":"en-US","@id":"https:\/\/www.padreeustaquio.com.br\/a-igreja-do-padre-eustaquio-e-a-dedicacao-aos-sagrados-coracoes\/#primaryimage","url":"https:\/\/www.padreeustaquio.com.br\/wp-content\/uploads\/2022\/07\/paroquia-dos-sagrados-coracoes-igreja-do-padre-eustaquio.jpeg","contentUrl":"https:\/\/www.padreeustaquio.com.br\/wp-content\/uploads\/2022\/07\/paroquia-dos-sagrados-coracoes-igreja-do-padre-eustaquio.jpeg","width":1280,"height":835},{"@type":"BreadcrumbList","@id":"https:\/\/www.padreeustaquio.com.br\/a-igreja-do-padre-eustaquio-e-a-dedicacao-aos-sagrados-coracoes\/#breadcrumb","itemListElement":[{"@type":"ListItem","position":1,"name":"In\u00edcio","item":"https:\/\/www.padreeustaquio.com.br\/"},{"@type":"ListItem","position":2,"name":"A Igreja do Padre Eust\u00e1quio e a dedica\u00e7\u00e3o aos Sagrados Cora\u00e7\u00f5es"}]},{"@type":"WebSite","@id":"https:\/\/www.padreeustaquio.com.br\/#website","url":"https:\/\/www.padreeustaquio.com.br\/","name":"FATHER EUST\u00c1QUIO","description":"Health and Peace","publisher":{"@id":"https:\/\/www.padreeustaquio.com.br\/#organization"},"potentialAction":[{"@type":"SearchAction","target":{"@type":"EntryPoint","urlTemplate":"https:\/\/www.padreeustaquio.com.br\/?s={search_term_string}"},"query-input":{"@type":"PropertyValueSpecification","valueRequired":true,"valueName":"search_term_string"}}],"inLanguage":"en-US"},{"@type":"Organization","@id":"https:\/\/www.padreeustaquio.com.br\/#organization","name":"FATHER EUST\u00c1QUIO","url":"https:\/\/www.padreeustaquio.com.br\/","logo":{"@type":"ImageObject","inLanguage":"en-US","@id":"https:\/\/www.padreeustaquio.com.br\/#\/schema\/logo\/image\/","url":"https:\/\/www.padreeustaquio.com.br\/wp-content\/uploads\/2019\/08\/marca.png","contentUrl":"https:\/\/www.padreeustaquio.com.br\/wp-content\/uploads\/2019\/08\/marca.png","width":350,"height":400,"caption":"Padre Eust\u00e1quio"},"image":{"@id":"https:\/\/www.padreeustaquio.com.br\/#\/schema\/logo\/image\/"},"sameAs":["https:\/\/www.facebook.com\/beatopadreeustaquio\/","https:\/\/x.com\/beatopeustaquio","https:\/\/www.instagram.com\/beatopadreeustaquio\/","https:\/\/www.youtube.com\/channel\/UCRhw7vfabnajwLxb1ZXMeIw"]},{"@type":"Person","@id":"https:\/\/www.padreeustaquio.com.br\/#\/schema\/person\/a2a51db1d00f1a7af0204a0f1ddb1566","name":"@sscc","image":{"@type":"ImageObject","inLanguage":"en-US","@id":"https:\/\/secure.gravatar.com\/avatar\/68cfafa5f44617fea54071e215026e0ff06be366c3d54a8425f04fdcb86f8c5f?s=96&d=mm&r=g","url":"https:\/\/secure.gravatar.com\/avatar\/68cfafa5f44617fea54071e215026e0ff06be366c3d54a8425f04fdcb86f8c5f?s=96&d=mm&r=g","contentUrl":"https:\/\/secure.gravatar.com\/avatar\/68cfafa5f44617fea54071e215026e0ff06be366c3d54a8425f04fdcb86f8c5f?s=96&d=mm&r=g","caption":"@sscc"},"url":"https:\/\/www.padreeustaquio.com.br\/en\/author\/sscc\/"}]}},"_links":{"self":[{"href":"https:\/\/www.padreeustaquio.com.br\/en\/wp-json\/wp\/v2\/posts\/8935","targetHints":{"allow":["GET"]}}],"collection":[{"href":"https:\/\/www.padreeustaquio.com.br\/en\/wp-json\/wp\/v2\/posts"}],"about":[{"href":"https:\/\/www.padreeustaquio.com.br\/en\/wp-json\/wp\/v2\/types\/post"}],"author":[{"embeddable":true,"href":"https:\/\/www.padreeustaquio.com.br\/en\/wp-json\/wp\/v2\/users\/2"}],"replies":[{"embeddable":true,"href":"https:\/\/www.padreeustaquio.com.br\/en\/wp-json\/wp\/v2\/comments?post=8935"}],"version-history":[{"count":0,"href":"https:\/\/www.padreeustaquio.com.br\/en\/wp-json\/wp\/v2\/posts\/8935\/revisions"}],"wp:featuredmedia":[{"embeddable":true,"href":"https:\/\/www.padreeustaquio.com.br\/en\/wp-json\/wp\/v2\/media\/8936"}],"wp:attachment":[{"href":"https:\/\/www.padreeustaquio.com.br\/en\/wp-json\/wp\/v2\/media?parent=8935"}],"wp:term":[{"taxonomy":"category","embeddable":true,"href":"https:\/\/www.padreeustaquio.com.br\/en\/wp-json\/wp\/v2\/categories?post=8935"},{"taxonomy":"post_tag","embeddable":true,"href":"https:\/\/www.padreeustaquio.com.br\/en\/wp-json\/wp\/v2\/tags?post=8935"}],"curies":[{"name":"wp","href":"https:\/\/api.w.org\/{rel}","templated":true}]}}