{"id":8792,"date":"2022-06-13T06:26:00","date_gmt":"2022-06-13T09:26:00","guid":{"rendered":"https:\/\/www.padreeustaquio.com.br\/?p=8792"},"modified":"2022-06-10T18:26:56","modified_gmt":"2022-06-10T21:26:56","slug":"mass-and-corpus-christi-procession-will-be-held-in-the-afternoon-at-the-padre-eustaquio-church","status":"publish","type":"post","link":"https:\/\/www.padreeustaquio.com.br\/en\/mass-and-corpus-christi-procession-will-be-held-in-the-afternoon-at-the-padre-eustaquio-church\/","title":{"rendered":"Mass and Corpus Christi procession will be held in the afternoon at Padre Eust\u00e1quio Church."},"content":{"rendered":"<p>Next Thursday, June 16th, Catholics around the world, in communion with the Church, celebrate the Solemnity of the Body and Blood of Jesus. The holiday of <strong>Corpus Christi <\/strong>It allows us to go out into the streets to publicly proclaim our faith.<\/p>\n\n\n\n<p>At the Archdiocesan Sanctuary of Health and Peace, the Church of Blessed Father Eustace, there will be Mass in the morning at 7:00 AM, without a procession. In the afternoon, at 3:00 PM, the great Eucharistic Celebration will take place, followed by the Procession of... <strong>Most Holy Sacrament<\/strong> through the streets of the Padre Eust\u00e1quio neighborhood. At the end of the Mass, the rector of the Sanctuary, Fr. Vin\u00edcius Maciel, ss.cc., will carry the Blessed Sacrament and pronounce the three blessings upon the people.<\/p>\n\n\n\n<p>The procession will leave the church and proceed along Castigliano Street, turning left onto Riachuelo Street and continuing to Bonaparte Street. Then, the procession will enter Itoror\u00f3 Street until Ces\u00e1rio Alvim Street, returning to the Sanctuary. The 3 PM Mass and the procession immediately following will be broadcast on the Padre Eust\u00e1quio Channel on YouTube.<\/p>\n\n\n\n<p>At 8 PM, Canal Padre Eust\u00e1quio will broadcast a special program. It will be the second edition of... <strong>\u201c&quot;Music and Prayer&quot;\u201d<\/strong>, this time with the theme \u201c<strong>Behold the Mystery of Faith<\/strong>\u201dSilvana Fel\u00edcio and Gustavo Cosenzzo will sing songs in praise and adoration of the Eucharistic Christ. The show starts at 8 PM on the Padre Eust\u00e1quio Channel.<\/p>\n\n\n\n<p><\/p>","protected":false},"excerpt":{"rendered":"<p>Na pr\u00f3xima quinta-feira, dia 16 de junho, os cat\u00f3licos de todo o mundo, em comunh\u00e3o com a Igreja, celebram a Solenidade do Corpo e Sangue de Jesus. O feriado de Corpus Christi nos permite sair \u00e0s ruas para proclamar publicamente nossa f\u00e9. No Santu\u00e1rio Arquidiocesano da Sa\u00fade e da Paz, a Igreja do Beato Padre Eust\u00e1quio, haver\u00e1 missa pela manh\u00e3, \u00e0s 7h, sem prociss\u00e3o. J\u00e1 \u00e0 tarde, \u00e0s 15h, acontece a grande Celebra\u00e7\u00e3o Eucar\u00edstica seguida da Prociss\u00e3o do Sant\u00edssimo Sacramento pelas ruas do bairro Padre Eust\u00e1quio. Ao final da missa, o reitor do Santu\u00e1rio, Pe. Vin\u00edcius Maciel, ss.cc., conduzir\u00e1 o [&hellip;]<\/p>\n","protected":false},"author":2,"featured_media":8800,"comment_status":"open","ping_status":"closed","sticky":false,"template":"","format":"standard","meta":{"_acf_changed":false,"footnotes":""},"categories":[611],"tags":[],"class_list":["post-8792","post","type-post","status-publish","format-standard","has-post-thumbnail","hentry","category-noticias"],"acf":[],"yoast_head":"<!-- This site is optimized with the Yoast SEO plugin v27.2 - https:\/\/yoast.com\/product\/yoast-seo-wordpress\/ -->\n<title>Missa e prociss\u00e3o de Corpus Christi ser\u00e3o realizadas \u00e0 tarde na Igreja Padre Eust\u00e1quio<\/title>\n<meta name=\"description\" content=\"Na pr\u00f3xima quinta-feira, dia 16 de junho, os cat\u00f3licos de todo o mundo, em comunh\u00e3o com a Igreja, celebram a Solenidade do Corpo e Sangue de Jesus. O feriado de Corpus Christi nos permite sair \u00e0s ruas para proclamar publicamente nossa f\u00e9.\" \/>\n<meta name=\"robots\" content=\"index, follow, max-snippet:-1, max-image-preview:large, max-video-preview:-1\" \/>\n<link rel=\"canonical\" href=\"https:\/\/www.padreeustaquio.com.br\/en\/mass-and-corpus-christi-procession-will-be-held-in-the-afternoon-at-the-padre-eustaquio-church\/\" \/>\n<meta property=\"og:locale\" content=\"en_US\" \/>\n<meta property=\"og:type\" content=\"article\" \/>\n<meta property=\"og:title\" content=\"Missa e prociss\u00e3o de Corpus Christi ser\u00e3o realizadas \u00e0 tarde na Igreja Padre Eust\u00e1quio\" \/>\n<meta property=\"og:description\" content=\"Na pr\u00f3xima quinta-feira, dia 16 de junho, os cat\u00f3licos de todo o mundo, em comunh\u00e3o com a Igreja, celebram a Solenidade do Corpo e Sangue de Jesus. O feriado de Corpus Christi nos permite sair \u00e0s ruas para proclamar publicamente nossa f\u00e9.\" \/>\n<meta property=\"og:url\" content=\"https:\/\/www.padreeustaquio.com.br\/en\/mass-and-corpus-christi-procession-will-be-held-in-the-afternoon-at-the-padre-eustaquio-church\/\" \/>\n<meta property=\"og:site_name\" content=\"Padre Eust\u00e1quio\" \/>\n<meta property=\"article:publisher\" content=\"https:\/\/www.facebook.com\/beatopadreeustaquio\/\" \/>\n<meta property=\"article:published_time\" content=\"2022-06-13T09:26:00+00:00\" \/>\n<meta property=\"og:image\" content=\"https:\/\/www.padreeustaquio.com.br\/wp-content\/uploads\/2022\/06\/Festa-de-Corpus-Christi-no-Padre-Eustaquio.jpeg\" \/>\n\t<meta property=\"og:image:width\" content=\"1280\" \/>\n\t<meta property=\"og:image:height\" content=\"853\" \/>\n\t<meta property=\"og:image:type\" content=\"image\/jpeg\" \/>\n<meta name=\"author\" content=\"@sscc\" \/>\n<meta name=\"twitter:card\" content=\"summary_large_image\" \/>\n<meta name=\"twitter:creator\" content=\"@beatopeustaquio\" \/>\n<meta name=\"twitter:site\" content=\"@beatopeustaquio\" \/>\n<meta name=\"twitter:label1\" content=\"Written by\" \/>\n\t<meta name=\"twitter:data1\" content=\"@sscc\" \/>\n\t<meta name=\"twitter:label2\" content=\"Est. reading time\" \/>\n\t<meta name=\"twitter:data2\" content=\"1 minute\" \/>\n<script type=\"application\/ld+json\" class=\"yoast-schema-graph\">{\"@context\":\"https:\/\/schema.org\",\"@graph\":[{\"@type\":\"Article\",\"@id\":\"https:\/\/www.padreeustaquio.com.br\/missa-e-procissao-de-corpus-christi-serao-realizadas-a-tarde-na-igreja-padre-eustaquio\/#article\",\"isPartOf\":{\"@id\":\"https:\/\/www.padreeustaquio.com.br\/missa-e-procissao-de-corpus-christi-serao-realizadas-a-tarde-na-igreja-padre-eustaquio\/\"},\"author\":{\"name\":\"@sscc\",\"@id\":\"https:\/\/www.padreeustaquio.com.br\/#\/schema\/person\/a2a51db1d00f1a7af0204a0f1ddb1566\"},\"headline\":\"Missa e prociss\u00e3o de Corpus Christi ser\u00e3o realizadas \u00e0 tarde na Igreja Padre Eust\u00e1quio\",\"datePublished\":\"2022-06-13T09:26:00+00:00\",\"mainEntityOfPage\":{\"@id\":\"https:\/\/www.padreeustaquio.com.br\/missa-e-procissao-de-corpus-christi-serao-realizadas-a-tarde-na-igreja-padre-eustaquio\/\"},\"wordCount\":269,\"commentCount\":0,\"publisher\":{\"@id\":\"https:\/\/www.padreeustaquio.com.br\/#organization\"},\"image\":{\"@id\":\"https:\/\/www.padreeustaquio.com.br\/missa-e-procissao-de-corpus-christi-serao-realizadas-a-tarde-na-igreja-padre-eustaquio\/#primaryimage\"},\"thumbnailUrl\":\"https:\/\/www.padreeustaquio.com.br\/wp-content\/uploads\/2022\/06\/Festa-de-Corpus-Christi-no-Padre-Eustaquio.jpeg\",\"articleSection\":[\"Not\u00edcias\"],\"inLanguage\":\"en-US\",\"potentialAction\":[{\"@type\":\"CommentAction\",\"name\":\"Comment\",\"target\":[\"https:\/\/www.padreeustaquio.com.br\/missa-e-procissao-de-corpus-christi-serao-realizadas-a-tarde-na-igreja-padre-eustaquio\/#respond\"]}]},{\"@type\":\"WebPage\",\"@id\":\"https:\/\/www.padreeustaquio.com.br\/missa-e-procissao-de-corpus-christi-serao-realizadas-a-tarde-na-igreja-padre-eustaquio\/\",\"url\":\"https:\/\/www.padreeustaquio.com.br\/missa-e-procissao-de-corpus-christi-serao-realizadas-a-tarde-na-igreja-padre-eustaquio\/\",\"name\":\"Missa e prociss\u00e3o de Corpus Christi ser\u00e3o realizadas \u00e0 tarde na Igreja Padre Eust\u00e1quio\",\"isPartOf\":{\"@id\":\"https:\/\/www.padreeustaquio.com.br\/#website\"},\"primaryImageOfPage\":{\"@id\":\"https:\/\/www.padreeustaquio.com.br\/missa-e-procissao-de-corpus-christi-serao-realizadas-a-tarde-na-igreja-padre-eustaquio\/#primaryimage\"},\"image\":{\"@id\":\"https:\/\/www.padreeustaquio.com.br\/missa-e-procissao-de-corpus-christi-serao-realizadas-a-tarde-na-igreja-padre-eustaquio\/#primaryimage\"},\"thumbnailUrl\":\"https:\/\/www.padreeustaquio.com.br\/wp-content\/uploads\/2022\/06\/Festa-de-Corpus-Christi-no-Padre-Eustaquio.jpeg\",\"datePublished\":\"2022-06-13T09:26:00+00:00\",\"description\":\"Na pr\u00f3xima quinta-feira, dia 16 de junho, os cat\u00f3licos de todo o mundo, em comunh\u00e3o com a Igreja, celebram a Solenidade do Corpo e Sangue de Jesus. O feriado de Corpus Christi nos permite sair \u00e0s ruas para proclamar publicamente nossa f\u00e9.\",\"breadcrumb\":{\"@id\":\"https:\/\/www.padreeustaquio.com.br\/missa-e-procissao-de-corpus-christi-serao-realizadas-a-tarde-na-igreja-padre-eustaquio\/#breadcrumb\"},\"inLanguage\":\"en-US\",\"potentialAction\":[{\"@type\":\"ReadAction\",\"target\":[\"https:\/\/www.padreeustaquio.com.br\/missa-e-procissao-de-corpus-christi-serao-realizadas-a-tarde-na-igreja-padre-eustaquio\/\"]}]},{\"@type\":\"ImageObject\",\"inLanguage\":\"en-US\",\"@id\":\"https:\/\/www.padreeustaquio.com.br\/missa-e-procissao-de-corpus-christi-serao-realizadas-a-tarde-na-igreja-padre-eustaquio\/#primaryimage\",\"url\":\"https:\/\/www.padreeustaquio.com.br\/wp-content\/uploads\/2022\/06\/Festa-de-Corpus-Christi-no-Padre-Eustaquio.jpeg\",\"contentUrl\":\"https:\/\/www.padreeustaquio.com.br\/wp-content\/uploads\/2022\/06\/Festa-de-Corpus-Christi-no-Padre-Eustaquio.jpeg\",\"width\":1280,\"height\":853,\"caption\":\"Festa de Corpus Christi no Santu\u00e1rio em 2019\"},{\"@type\":\"BreadcrumbList\",\"@id\":\"https:\/\/www.padreeustaquio.com.br\/missa-e-procissao-de-corpus-christi-serao-realizadas-a-tarde-na-igreja-padre-eustaquio\/#breadcrumb\",\"itemListElement\":[{\"@type\":\"ListItem\",\"position\":1,\"name\":\"In\u00edcio\",\"item\":\"https:\/\/www.padreeustaquio.com.br\/\"},{\"@type\":\"ListItem\",\"position\":2,\"name\":\"Missa e prociss\u00e3o de Corpus Christi ser\u00e3o realizadas \u00e0 tarde na Igreja Padre Eust\u00e1quio\"}]},{\"@type\":\"WebSite\",\"@id\":\"https:\/\/www.padreeustaquio.com.br\/#website\",\"url\":\"https:\/\/www.padreeustaquio.com.br\/\",\"name\":\"Padre Eust\u00e1quio\",\"description\":\"Sa\u00fade e Paz\",\"publisher\":{\"@id\":\"https:\/\/www.padreeustaquio.com.br\/#organization\"},\"potentialAction\":[{\"@type\":\"SearchAction\",\"target\":{\"@type\":\"EntryPoint\",\"urlTemplate\":\"https:\/\/www.padreeustaquio.com.br\/?s={search_term_string}\"},\"query-input\":{\"@type\":\"PropertyValueSpecification\",\"valueRequired\":true,\"valueName\":\"search_term_string\"}}],\"inLanguage\":\"en-US\"},{\"@type\":\"Organization\",\"@id\":\"https:\/\/www.padreeustaquio.com.br\/#organization\",\"name\":\"Padre Eust\u00e1quio\",\"url\":\"https:\/\/www.padreeustaquio.com.br\/\",\"logo\":{\"@type\":\"ImageObject\",\"inLanguage\":\"en-US\",\"@id\":\"https:\/\/www.padreeustaquio.com.br\/#\/schema\/logo\/image\/\",\"url\":\"https:\/\/www.padreeustaquio.com.br\/wp-content\/uploads\/2019\/08\/marca.png\",\"contentUrl\":\"https:\/\/www.padreeustaquio.com.br\/wp-content\/uploads\/2019\/08\/marca.png\",\"width\":350,\"height\":400,\"caption\":\"Padre Eust\u00e1quio\"},\"image\":{\"@id\":\"https:\/\/www.padreeustaquio.com.br\/#\/schema\/logo\/image\/\"},\"sameAs\":[\"https:\/\/www.facebook.com\/beatopadreeustaquio\/\",\"https:\/\/x.com\/beatopeustaquio\",\"https:\/\/www.instagram.com\/beatopadreeustaquio\/\",\"https:\/\/www.youtube.com\/channel\/UCRhw7vfabnajwLxb1ZXMeIw\"]},{\"@type\":\"Person\",\"@id\":\"https:\/\/www.padreeustaquio.com.br\/#\/schema\/person\/a2a51db1d00f1a7af0204a0f1ddb1566\",\"name\":\"@sscc\",\"image\":{\"@type\":\"ImageObject\",\"inLanguage\":\"en-US\",\"@id\":\"https:\/\/secure.gravatar.com\/avatar\/68cfafa5f44617fea54071e215026e0ff06be366c3d54a8425f04fdcb86f8c5f?s=96&d=mm&r=g\",\"url\":\"https:\/\/secure.gravatar.com\/avatar\/68cfafa5f44617fea54071e215026e0ff06be366c3d54a8425f04fdcb86f8c5f?s=96&d=mm&r=g\",\"contentUrl\":\"https:\/\/secure.gravatar.com\/avatar\/68cfafa5f44617fea54071e215026e0ff06be366c3d54a8425f04fdcb86f8c5f?s=96&d=mm&r=g\",\"caption\":\"@sscc\"},\"url\":\"https:\/\/www.padreeustaquio.com.br\/en\/author\/sscc\/\"}]}<\/script>\n<!-- \/ Yoast SEO plugin. -->","yoast_head_json":{"title":"Mass and Corpus Christi procession will be held in the afternoon at Padre Eust\u00e1quio Church.","description":"Next Thursday, June 16th, Catholics around the world, in communion with the Church, celebrate the Solemnity of the Body and Blood of Jesus. The Corpus Christi holiday allows us to take to the streets to publicly proclaim our faith.","robots":{"index":"index","follow":"follow","max-snippet":"max-snippet:-1","max-image-preview":"max-image-preview:large","max-video-preview":"max-video-preview:-1"},"canonical":"https:\/\/www.padreeustaquio.com.br\/en\/mass-and-corpus-christi-procession-will-be-held-in-the-afternoon-at-the-padre-eustaquio-church\/","og_locale":"en_US","og_type":"article","og_title":"Missa e prociss\u00e3o de Corpus Christi ser\u00e3o realizadas \u00e0 tarde na Igreja Padre Eust\u00e1quio","og_description":"Na pr\u00f3xima quinta-feira, dia 16 de junho, os cat\u00f3licos de todo o mundo, em comunh\u00e3o com a Igreja, celebram a Solenidade do Corpo e Sangue de Jesus. O feriado de Corpus Christi nos permite sair \u00e0s ruas para proclamar publicamente nossa f\u00e9.","og_url":"https:\/\/www.padreeustaquio.com.br\/en\/mass-and-corpus-christi-procession-will-be-held-in-the-afternoon-at-the-padre-eustaquio-church\/","og_site_name":"Padre Eust\u00e1quio","article_publisher":"https:\/\/www.facebook.com\/beatopadreeustaquio\/","article_published_time":"2022-06-13T09:26:00+00:00","og_image":[{"width":1280,"height":853,"url":"https:\/\/www.padreeustaquio.com.br\/wp-content\/uploads\/2022\/06\/Festa-de-Corpus-Christi-no-Padre-Eustaquio.jpeg","type":"image\/jpeg"}],"author":"@sscc","twitter_card":"summary_large_image","twitter_creator":"@beatopeustaquio","twitter_site":"@beatopeustaquio","twitter_misc":{"Written by":"@sscc","Est. reading time":"1 minute"},"schema":{"@context":"https:\/\/schema.org","@graph":[{"@type":"Article","@id":"https:\/\/www.padreeustaquio.com.br\/missa-e-procissao-de-corpus-christi-serao-realizadas-a-tarde-na-igreja-padre-eustaquio\/#article","isPartOf":{"@id":"https:\/\/www.padreeustaquio.com.br\/missa-e-procissao-de-corpus-christi-serao-realizadas-a-tarde-na-igreja-padre-eustaquio\/"},"author":{"name":"@sscc","@id":"https:\/\/www.padreeustaquio.com.br\/#\/schema\/person\/a2a51db1d00f1a7af0204a0f1ddb1566"},"headline":"Missa e prociss\u00e3o de Corpus Christi ser\u00e3o realizadas \u00e0 tarde na Igreja Padre Eust\u00e1quio","datePublished":"2022-06-13T09:26:00+00:00","mainEntityOfPage":{"@id":"https:\/\/www.padreeustaquio.com.br\/missa-e-procissao-de-corpus-christi-serao-realizadas-a-tarde-na-igreja-padre-eustaquio\/"},"wordCount":269,"commentCount":0,"publisher":{"@id":"https:\/\/www.padreeustaquio.com.br\/#organization"},"image":{"@id":"https:\/\/www.padreeustaquio.com.br\/missa-e-procissao-de-corpus-christi-serao-realizadas-a-tarde-na-igreja-padre-eustaquio\/#primaryimage"},"thumbnailUrl":"https:\/\/www.padreeustaquio.com.br\/wp-content\/uploads\/2022\/06\/Festa-de-Corpus-Christi-no-Padre-Eustaquio.jpeg","articleSection":["Not\u00edcias"],"inLanguage":"en-US","potentialAction":[{"@type":"CommentAction","name":"Comment","target":["https:\/\/www.padreeustaquio.com.br\/missa-e-procissao-de-corpus-christi-serao-realizadas-a-tarde-na-igreja-padre-eustaquio\/#respond"]}]},{"@type":"WebPage","@id":"https:\/\/www.padreeustaquio.com.br\/missa-e-procissao-de-corpus-christi-serao-realizadas-a-tarde-na-igreja-padre-eustaquio\/","url":"https:\/\/www.padreeustaquio.com.br\/missa-e-procissao-de-corpus-christi-serao-realizadas-a-tarde-na-igreja-padre-eustaquio\/","name":"Mass and Corpus Christi procession will be held in the afternoon at Padre Eust\u00e1quio Church.","isPartOf":{"@id":"https:\/\/www.padreeustaquio.com.br\/#website"},"primaryImageOfPage":{"@id":"https:\/\/www.padreeustaquio.com.br\/missa-e-procissao-de-corpus-christi-serao-realizadas-a-tarde-na-igreja-padre-eustaquio\/#primaryimage"},"image":{"@id":"https:\/\/www.padreeustaquio.com.br\/missa-e-procissao-de-corpus-christi-serao-realizadas-a-tarde-na-igreja-padre-eustaquio\/#primaryimage"},"thumbnailUrl":"https:\/\/www.padreeustaquio.com.br\/wp-content\/uploads\/2022\/06\/Festa-de-Corpus-Christi-no-Padre-Eustaquio.jpeg","datePublished":"2022-06-13T09:26:00+00:00","description":"Next Thursday, June 16th, Catholics around the world, in communion with the Church, celebrate the Solemnity of the Body and Blood of Jesus. The Corpus Christi holiday allows us to take to the streets to publicly proclaim our faith.","breadcrumb":{"@id":"https:\/\/www.padreeustaquio.com.br\/missa-e-procissao-de-corpus-christi-serao-realizadas-a-tarde-na-igreja-padre-eustaquio\/#breadcrumb"},"inLanguage":"en-US","potentialAction":[{"@type":"ReadAction","target":["https:\/\/www.padreeustaquio.com.br\/missa-e-procissao-de-corpus-christi-serao-realizadas-a-tarde-na-igreja-padre-eustaquio\/"]}]},{"@type":"ImageObject","inLanguage":"en-US","@id":"https:\/\/www.padreeustaquio.com.br\/missa-e-procissao-de-corpus-christi-serao-realizadas-a-tarde-na-igreja-padre-eustaquio\/#primaryimage","url":"https:\/\/www.padreeustaquio.com.br\/wp-content\/uploads\/2022\/06\/Festa-de-Corpus-Christi-no-Padre-Eustaquio.jpeg","contentUrl":"https:\/\/www.padreeustaquio.com.br\/wp-content\/uploads\/2022\/06\/Festa-de-Corpus-Christi-no-Padre-Eustaquio.jpeg","width":1280,"height":853,"caption":"Festa de Corpus Christi no Santu\u00e1rio em 2019"},{"@type":"BreadcrumbList","@id":"https:\/\/www.padreeustaquio.com.br\/missa-e-procissao-de-corpus-christi-serao-realizadas-a-tarde-na-igreja-padre-eustaquio\/#breadcrumb","itemListElement":[{"@type":"ListItem","position":1,"name":"In\u00edcio","item":"https:\/\/www.padreeustaquio.com.br\/"},{"@type":"ListItem","position":2,"name":"Missa e prociss\u00e3o de Corpus Christi ser\u00e3o realizadas \u00e0 tarde na Igreja Padre Eust\u00e1quio"}]},{"@type":"WebSite","@id":"https:\/\/www.padreeustaquio.com.br\/#website","url":"https:\/\/www.padreeustaquio.com.br\/","name":"FATHER EUST\u00c1QUIO","description":"Health and Peace","publisher":{"@id":"https:\/\/www.padreeustaquio.com.br\/#organization"},"potentialAction":[{"@type":"SearchAction","target":{"@type":"EntryPoint","urlTemplate":"https:\/\/www.padreeustaquio.com.br\/?s={search_term_string}"},"query-input":{"@type":"PropertyValueSpecification","valueRequired":true,"valueName":"search_term_string"}}],"inLanguage":"en-US"},{"@type":"Organization","@id":"https:\/\/www.padreeustaquio.com.br\/#organization","name":"FATHER EUST\u00c1QUIO","url":"https:\/\/www.padreeustaquio.com.br\/","logo":{"@type":"ImageObject","inLanguage":"en-US","@id":"https:\/\/www.padreeustaquio.com.br\/#\/schema\/logo\/image\/","url":"https:\/\/www.padreeustaquio.com.br\/wp-content\/uploads\/2019\/08\/marca.png","contentUrl":"https:\/\/www.padreeustaquio.com.br\/wp-content\/uploads\/2019\/08\/marca.png","width":350,"height":400,"caption":"Padre Eust\u00e1quio"},"image":{"@id":"https:\/\/www.padreeustaquio.com.br\/#\/schema\/logo\/image\/"},"sameAs":["https:\/\/www.facebook.com\/beatopadreeustaquio\/","https:\/\/x.com\/beatopeustaquio","https:\/\/www.instagram.com\/beatopadreeustaquio\/","https:\/\/www.youtube.com\/channel\/UCRhw7vfabnajwLxb1ZXMeIw"]},{"@type":"Person","@id":"https:\/\/www.padreeustaquio.com.br\/#\/schema\/person\/a2a51db1d00f1a7af0204a0f1ddb1566","name":"@sscc","image":{"@type":"ImageObject","inLanguage":"en-US","@id":"https:\/\/secure.gravatar.com\/avatar\/68cfafa5f44617fea54071e215026e0ff06be366c3d54a8425f04fdcb86f8c5f?s=96&d=mm&r=g","url":"https:\/\/secure.gravatar.com\/avatar\/68cfafa5f44617fea54071e215026e0ff06be366c3d54a8425f04fdcb86f8c5f?s=96&d=mm&r=g","contentUrl":"https:\/\/secure.gravatar.com\/avatar\/68cfafa5f44617fea54071e215026e0ff06be366c3d54a8425f04fdcb86f8c5f?s=96&d=mm&r=g","caption":"@sscc"},"url":"https:\/\/www.padreeustaquio.com.br\/en\/author\/sscc\/"}]}},"_links":{"self":[{"href":"https:\/\/www.padreeustaquio.com.br\/en\/wp-json\/wp\/v2\/posts\/8792","targetHints":{"allow":["GET"]}}],"collection":[{"href":"https:\/\/www.padreeustaquio.com.br\/en\/wp-json\/wp\/v2\/posts"}],"about":[{"href":"https:\/\/www.padreeustaquio.com.br\/en\/wp-json\/wp\/v2\/types\/post"}],"author":[{"embeddable":true,"href":"https:\/\/www.padreeustaquio.com.br\/en\/wp-json\/wp\/v2\/users\/2"}],"replies":[{"embeddable":true,"href":"https:\/\/www.padreeustaquio.com.br\/en\/wp-json\/wp\/v2\/comments?post=8792"}],"version-history":[{"count":0,"href":"https:\/\/www.padreeustaquio.com.br\/en\/wp-json\/wp\/v2\/posts\/8792\/revisions"}],"wp:featuredmedia":[{"embeddable":true,"href":"https:\/\/www.padreeustaquio.com.br\/en\/wp-json\/wp\/v2\/media\/8800"}],"wp:attachment":[{"href":"https:\/\/www.padreeustaquio.com.br\/en\/wp-json\/wp\/v2\/media?parent=8792"}],"wp:term":[{"taxonomy":"category","embeddable":true,"href":"https:\/\/www.padreeustaquio.com.br\/en\/wp-json\/wp\/v2\/categories?post=8792"},{"taxonomy":"post_tag","embeddable":true,"href":"https:\/\/www.padreeustaquio.com.br\/en\/wp-json\/wp\/v2\/tags?post=8792"}],"curies":[{"name":"wp","href":"https:\/\/api.w.org\/{rel}","templated":true}]}}