{"id":8777,"date":"2022-06-11T07:45:00","date_gmt":"2022-06-11T10:45:00","guid":{"rendered":"https:\/\/www.padreeustaquio.com.br\/?p=8777"},"modified":"2022-06-11T08:31:18","modified_gmt":"2022-06-11T11:31:18","slug":"father-alcides-dos-santos-ss-cc-dies-in-belo-horizonte","status":"publish","type":"post","link":"https:\/\/www.padreeustaquio.com.br\/en\/father-alcides-dos-santos-ss-cc-dies-in-belo-horizonte\/","title":{"rendered":"Father Alcides dos Santos, ss.cc, dies in Belo Horizonte."},"content":{"rendered":"<p>Father Alcides had been hospitalized at Madre Tereza Hospital for about 15 days to treat heart problems. Earlier in the week he suffered two cardiac arrests, but managed to reverse the situation; however, yesterday the priest&#039;s kidneys stopped functioning and in the early hours of this Saturday he succumbed and passed away. He was 86 years old and had been battling heart problems in recent months.<\/p>\n\n\n\n<p>The body will first be laid out for viewing in the community. <strong>Our Lady of Perpetual Help and Saint Damien of Molokai<\/strong> (Jardim Alvorada neighborhood \u2013 BH), of<strong> 9am to 11am<\/strong>, then it will be taken to the <strong>Sanctuary of Health and Peace, the Church of Father Eust\u00e1quio<\/strong>, where to <strong>The wake will begin at 11:30 AM and at 1:30 PM<\/strong> A funeral Mass will be celebrated for both of them. <strong>broadcast by the Padre Eust\u00e1quio Channel,<\/strong> <a href=\"https:\/\/www.youtube.com\/watch?v=bfkELAniQmE\" target=\"_blank\" rel=\"noreferrer noopener\">CLICK HERE AND FOLLOW<\/a>. The <strong>The burial is scheduled for 3:30 PM.<\/strong> at the Peace Cemetery, also in the capital of Minas Gerais.<\/p>\n\n\n\n<p><strong>Father Alcides dos Santos, ss.cc.<\/strong><\/p>\n\n\n\n<p>Alcides Raimundo dos Santos was born on August 31, 1935, in Glaura, a district of Ouro Preto, Minas Gerais, the same place where he was baptized. While still young, he moved to Belo Horizonte and at the age of 21 entered the novitiate of the Congregation of the Sacred Hearts in Pindamonhangaba, S\u00e3o Paulo. <\/p>\n\n\n\n<p>He was ordained a priest on June 29, 1963, in Ferraz de Vasconcelos, S\u00e3o Paulo. Immediately after his ordination, he became Chaplain of the S\u00e3o Rafael Institute (for the blind) in Belo Horizonte, and two years later he went to Formosa, Goi\u00e1s, where he was Rector of the Seminary, Bursar, and responsible for Rural Pastoral Care. In February 1979, he went to Belo Horizonte where he worked as Parochial Vicar of the Santa Margarida Maria Alacoque Parish and, from 1994, parish priest of the S\u00e3o Damiao de Molokai and Nossa Senhora do Perp\u00e9tuo Soccoro Parish, also in Belo Horizonte. Becoming parish priest emeritus, even after the age of 80, he carried out a great apostolate through social media and as a remote counselor to many priests. In recent years he resided in the community of the Provincial House in Padre Eust\u00e1quio.<\/p>\n\n\n\n<p><\/p>","protected":false},"excerpt":{"rendered":"<p>Padre Alcides estava internado no Hospital Madre Tereza h\u00e1 cerca de 15 dias para cuidar de problemas card\u00edacos. No in\u00edcio da semana ele teve duas paradas card\u00edacas, mas conseguiu reverter o quadro, por\u00e9m, ontem os rins do sacerdote pararam de funcionar e na madrugada deste s\u00e1bado ele n\u00e3o resistiu e acabou falecendo. Ele tinha 86 anos e nos \u00faltimos meses vinha enfrentando problemas no cora\u00e7\u00e3o. O corpo ser\u00e1 velado primeiro na comunidade Nossa Senhora do Perp\u00e9tuo Socorro e S\u00e3o Dami\u00e3o de Molokai (bairro Jardim Alvorada &#8211; BH), das 9h \u00e0s 11h, em seguida, ser\u00e1 levado para o Santu\u00e1rio da Sa\u00fade [&hellip;]<\/p>\n","protected":false},"author":2,"featured_media":8778,"comment_status":"open","ping_status":"closed","sticky":false,"template":"","format":"standard","meta":{"_acf_changed":false,"footnotes":""},"categories":[611],"tags":[],"class_list":["post-8777","post","type-post","status-publish","format-standard","has-post-thumbnail","hentry","category-noticias"],"acf":[],"yoast_head":"<!-- This site is optimized with the Yoast SEO plugin v27.2 - https:\/\/yoast.com\/product\/yoast-seo-wordpress\/ -->\n<title>Morre, em Belo Horizonte, Padre Alcides dos Santos, ss.cc.<\/title>\n<meta name=\"description\" content=\"Padre Alcides estava internado no Hospital Madre Tereza h\u00e1 mais de uma semana para cuidar de problemas card\u00edacos. Nesta ter\u00e7a-feira, dia 7 de junho, pela manh\u00e3, o sacerdote teve duas paradas card\u00edacas e \u00e0 tarde faleceu. Ele tinha 86 anos e nos \u00faltimos meses vinha enfrentando problemas no cora\u00e7\u00e3o.\" \/>\n<meta name=\"robots\" content=\"index, follow, max-snippet:-1, max-image-preview:large, max-video-preview:-1\" \/>\n<link rel=\"canonical\" href=\"https:\/\/www.padreeustaquio.com.br\/en\/father-alcides-dos-santos-ss-cc-dies-in-belo-horizonte\/\" \/>\n<meta property=\"og:locale\" content=\"en_US\" \/>\n<meta property=\"og:type\" content=\"article\" \/>\n<meta property=\"og:title\" content=\"Morre, em Belo Horizonte, Padre Alcides dos Santos, ss.cc.\" \/>\n<meta property=\"og:description\" content=\"Padre Alcides estava internado no Hospital Madre Tereza h\u00e1 mais de uma semana para cuidar de problemas card\u00edacos. Nesta ter\u00e7a-feira, dia 7 de junho, pela manh\u00e3, o sacerdote teve duas paradas card\u00edacas e \u00e0 tarde faleceu. Ele tinha 86 anos e nos \u00faltimos meses vinha enfrentando problemas no cora\u00e7\u00e3o.\" \/>\n<meta property=\"og:url\" content=\"https:\/\/www.padreeustaquio.com.br\/en\/father-alcides-dos-santos-ss-cc-dies-in-belo-horizonte\/\" \/>\n<meta property=\"og:site_name\" content=\"Padre Eust\u00e1quio\" \/>\n<meta property=\"article:publisher\" content=\"https:\/\/www.facebook.com\/beatopadreeustaquio\/\" \/>\n<meta property=\"article:published_time\" content=\"2022-06-11T10:45:00+00:00\" \/>\n<meta property=\"article:modified_time\" content=\"2022-06-11T11:31:18+00:00\" \/>\n<meta property=\"og:image\" content=\"https:\/\/www.padreeustaquio.com.br\/wp-content\/uploads\/2022\/06\/Padre-Alcides.jpg\" \/>\n\t<meta property=\"og:image:width\" content=\"748\" \/>\n\t<meta property=\"og:image:height\" content=\"394\" \/>\n\t<meta property=\"og:image:type\" content=\"image\/jpeg\" \/>\n<meta name=\"author\" content=\"@sscc\" \/>\n<meta name=\"twitter:card\" content=\"summary_large_image\" \/>\n<meta name=\"twitter:creator\" content=\"@beatopeustaquio\" \/>\n<meta name=\"twitter:site\" content=\"@beatopeustaquio\" \/>\n<meta name=\"twitter:label1\" content=\"Written by\" \/>\n\t<meta name=\"twitter:data1\" content=\"@sscc\" \/>\n\t<meta name=\"twitter:label2\" content=\"Est. reading time\" \/>\n\t<meta name=\"twitter:data2\" content=\"2 minutes\" \/>\n<script type=\"application\/ld+json\" class=\"yoast-schema-graph\">{\"@context\":\"https:\/\/schema.org\",\"@graph\":[{\"@type\":\"Article\",\"@id\":\"https:\/\/www.padreeustaquio.com.br\/morre-em-belo-horizonte-padre-alcides-dos-santos-ss-cc\/#article\",\"isPartOf\":{\"@id\":\"https:\/\/www.padreeustaquio.com.br\/morre-em-belo-horizonte-padre-alcides-dos-santos-ss-cc\/\"},\"author\":{\"name\":\"@sscc\",\"@id\":\"https:\/\/www.padreeustaquio.com.br\/#\/schema\/person\/a2a51db1d00f1a7af0204a0f1ddb1566\"},\"headline\":\"Morre, em Belo Horizonte, Padre Alcides dos Santos, ss.cc.\",\"datePublished\":\"2022-06-11T10:45:00+00:00\",\"dateModified\":\"2022-06-11T11:31:18+00:00\",\"mainEntityOfPage\":{\"@id\":\"https:\/\/www.padreeustaquio.com.br\/morre-em-belo-horizonte-padre-alcides-dos-santos-ss-cc\/\"},\"wordCount\":367,\"commentCount\":0,\"publisher\":{\"@id\":\"https:\/\/www.padreeustaquio.com.br\/#organization\"},\"image\":{\"@id\":\"https:\/\/www.padreeustaquio.com.br\/morre-em-belo-horizonte-padre-alcides-dos-santos-ss-cc\/#primaryimage\"},\"thumbnailUrl\":\"https:\/\/www.padreeustaquio.com.br\/wp-content\/uploads\/2022\/06\/Padre-Alcides.jpg\",\"articleSection\":[\"Not\u00edcias\"],\"inLanguage\":\"en-US\",\"potentialAction\":[{\"@type\":\"CommentAction\",\"name\":\"Comment\",\"target\":[\"https:\/\/www.padreeustaquio.com.br\/morre-em-belo-horizonte-padre-alcides-dos-santos-ss-cc\/#respond\"]}]},{\"@type\":\"WebPage\",\"@id\":\"https:\/\/www.padreeustaquio.com.br\/morre-em-belo-horizonte-padre-alcides-dos-santos-ss-cc\/\",\"url\":\"https:\/\/www.padreeustaquio.com.br\/morre-em-belo-horizonte-padre-alcides-dos-santos-ss-cc\/\",\"name\":\"Morre, em Belo Horizonte, Padre Alcides dos Santos, ss.cc.\",\"isPartOf\":{\"@id\":\"https:\/\/www.padreeustaquio.com.br\/#website\"},\"primaryImageOfPage\":{\"@id\":\"https:\/\/www.padreeustaquio.com.br\/morre-em-belo-horizonte-padre-alcides-dos-santos-ss-cc\/#primaryimage\"},\"image\":{\"@id\":\"https:\/\/www.padreeustaquio.com.br\/morre-em-belo-horizonte-padre-alcides-dos-santos-ss-cc\/#primaryimage\"},\"thumbnailUrl\":\"https:\/\/www.padreeustaquio.com.br\/wp-content\/uploads\/2022\/06\/Padre-Alcides.jpg\",\"datePublished\":\"2022-06-11T10:45:00+00:00\",\"dateModified\":\"2022-06-11T11:31:18+00:00\",\"description\":\"Padre Alcides estava internado no Hospital Madre Tereza h\u00e1 mais de uma semana para cuidar de problemas card\u00edacos. Nesta ter\u00e7a-feira, dia 7 de junho, pela manh\u00e3, o sacerdote teve duas paradas card\u00edacas e \u00e0 tarde faleceu. Ele tinha 86 anos e nos \u00faltimos meses vinha enfrentando problemas no cora\u00e7\u00e3o.\",\"breadcrumb\":{\"@id\":\"https:\/\/www.padreeustaquio.com.br\/morre-em-belo-horizonte-padre-alcides-dos-santos-ss-cc\/#breadcrumb\"},\"inLanguage\":\"en-US\",\"potentialAction\":[{\"@type\":\"ReadAction\",\"target\":[\"https:\/\/www.padreeustaquio.com.br\/morre-em-belo-horizonte-padre-alcides-dos-santos-ss-cc\/\"]}]},{\"@type\":\"ImageObject\",\"inLanguage\":\"en-US\",\"@id\":\"https:\/\/www.padreeustaquio.com.br\/morre-em-belo-horizonte-padre-alcides-dos-santos-ss-cc\/#primaryimage\",\"url\":\"https:\/\/www.padreeustaquio.com.br\/wp-content\/uploads\/2022\/06\/Padre-Alcides.jpg\",\"contentUrl\":\"https:\/\/www.padreeustaquio.com.br\/wp-content\/uploads\/2022\/06\/Padre-Alcides.jpg\",\"width\":748,\"height\":394},{\"@type\":\"BreadcrumbList\",\"@id\":\"https:\/\/www.padreeustaquio.com.br\/morre-em-belo-horizonte-padre-alcides-dos-santos-ss-cc\/#breadcrumb\",\"itemListElement\":[{\"@type\":\"ListItem\",\"position\":1,\"name\":\"In\u00edcio\",\"item\":\"https:\/\/www.padreeustaquio.com.br\/\"},{\"@type\":\"ListItem\",\"position\":2,\"name\":\"Morre, em Belo Horizonte, Padre Alcides dos Santos, ss.cc.\"}]},{\"@type\":\"WebSite\",\"@id\":\"https:\/\/www.padreeustaquio.com.br\/#website\",\"url\":\"https:\/\/www.padreeustaquio.com.br\/\",\"name\":\"Padre Eust\u00e1quio\",\"description\":\"Sa\u00fade e Paz\",\"publisher\":{\"@id\":\"https:\/\/www.padreeustaquio.com.br\/#organization\"},\"potentialAction\":[{\"@type\":\"SearchAction\",\"target\":{\"@type\":\"EntryPoint\",\"urlTemplate\":\"https:\/\/www.padreeustaquio.com.br\/?s={search_term_string}\"},\"query-input\":{\"@type\":\"PropertyValueSpecification\",\"valueRequired\":true,\"valueName\":\"search_term_string\"}}],\"inLanguage\":\"en-US\"},{\"@type\":\"Organization\",\"@id\":\"https:\/\/www.padreeustaquio.com.br\/#organization\",\"name\":\"Padre Eust\u00e1quio\",\"url\":\"https:\/\/www.padreeustaquio.com.br\/\",\"logo\":{\"@type\":\"ImageObject\",\"inLanguage\":\"en-US\",\"@id\":\"https:\/\/www.padreeustaquio.com.br\/#\/schema\/logo\/image\/\",\"url\":\"https:\/\/www.padreeustaquio.com.br\/wp-content\/uploads\/2019\/08\/marca.png\",\"contentUrl\":\"https:\/\/www.padreeustaquio.com.br\/wp-content\/uploads\/2019\/08\/marca.png\",\"width\":350,\"height\":400,\"caption\":\"Padre Eust\u00e1quio\"},\"image\":{\"@id\":\"https:\/\/www.padreeustaquio.com.br\/#\/schema\/logo\/image\/\"},\"sameAs\":[\"https:\/\/www.facebook.com\/beatopadreeustaquio\/\",\"https:\/\/x.com\/beatopeustaquio\",\"https:\/\/www.instagram.com\/beatopadreeustaquio\/\",\"https:\/\/www.youtube.com\/channel\/UCRhw7vfabnajwLxb1ZXMeIw\"]},{\"@type\":\"Person\",\"@id\":\"https:\/\/www.padreeustaquio.com.br\/#\/schema\/person\/a2a51db1d00f1a7af0204a0f1ddb1566\",\"name\":\"@sscc\",\"image\":{\"@type\":\"ImageObject\",\"inLanguage\":\"en-US\",\"@id\":\"https:\/\/secure.gravatar.com\/avatar\/68cfafa5f44617fea54071e215026e0ff06be366c3d54a8425f04fdcb86f8c5f?s=96&d=mm&r=g\",\"url\":\"https:\/\/secure.gravatar.com\/avatar\/68cfafa5f44617fea54071e215026e0ff06be366c3d54a8425f04fdcb86f8c5f?s=96&d=mm&r=g\",\"contentUrl\":\"https:\/\/secure.gravatar.com\/avatar\/68cfafa5f44617fea54071e215026e0ff06be366c3d54a8425f04fdcb86f8c5f?s=96&d=mm&r=g\",\"caption\":\"@sscc\"},\"url\":\"https:\/\/www.padreeustaquio.com.br\/en\/author\/sscc\/\"}]}<\/script>\n<!-- \/ Yoast SEO plugin. -->","yoast_head_json":{"title":"Father Alcides dos Santos, ss.cc, dies in Belo Horizonte.","description":"Father Alcides had been hospitalized at Madre Tereza Hospital for over a week to treat heart problems. On Tuesday morning, June 7th, the priest suffered two cardiac arrests and passed away in the afternoon. He was 86 years old and had been battling heart issues in recent months.","robots":{"index":"index","follow":"follow","max-snippet":"max-snippet:-1","max-image-preview":"max-image-preview:large","max-video-preview":"max-video-preview:-1"},"canonical":"https:\/\/www.padreeustaquio.com.br\/en\/father-alcides-dos-santos-ss-cc-dies-in-belo-horizonte\/","og_locale":"en_US","og_type":"article","og_title":"Morre, em Belo Horizonte, Padre Alcides dos Santos, ss.cc.","og_description":"Padre Alcides estava internado no Hospital Madre Tereza h\u00e1 mais de uma semana para cuidar de problemas card\u00edacos. Nesta ter\u00e7a-feira, dia 7 de junho, pela manh\u00e3, o sacerdote teve duas paradas card\u00edacas e \u00e0 tarde faleceu. Ele tinha 86 anos e nos \u00faltimos meses vinha enfrentando problemas no cora\u00e7\u00e3o.","og_url":"https:\/\/www.padreeustaquio.com.br\/en\/father-alcides-dos-santos-ss-cc-dies-in-belo-horizonte\/","og_site_name":"Padre Eust\u00e1quio","article_publisher":"https:\/\/www.facebook.com\/beatopadreeustaquio\/","article_published_time":"2022-06-11T10:45:00+00:00","article_modified_time":"2022-06-11T11:31:18+00:00","og_image":[{"width":748,"height":394,"url":"https:\/\/www.padreeustaquio.com.br\/wp-content\/uploads\/2022\/06\/Padre-Alcides.jpg","type":"image\/jpeg"}],"author":"@sscc","twitter_card":"summary_large_image","twitter_creator":"@beatopeustaquio","twitter_site":"@beatopeustaquio","twitter_misc":{"Written by":"@sscc","Est. reading time":"2 minutes"},"schema":{"@context":"https:\/\/schema.org","@graph":[{"@type":"Article","@id":"https:\/\/www.padreeustaquio.com.br\/morre-em-belo-horizonte-padre-alcides-dos-santos-ss-cc\/#article","isPartOf":{"@id":"https:\/\/www.padreeustaquio.com.br\/morre-em-belo-horizonte-padre-alcides-dos-santos-ss-cc\/"},"author":{"name":"@sscc","@id":"https:\/\/www.padreeustaquio.com.br\/#\/schema\/person\/a2a51db1d00f1a7af0204a0f1ddb1566"},"headline":"Morre, em Belo Horizonte, Padre Alcides dos Santos, ss.cc.","datePublished":"2022-06-11T10:45:00+00:00","dateModified":"2022-06-11T11:31:18+00:00","mainEntityOfPage":{"@id":"https:\/\/www.padreeustaquio.com.br\/morre-em-belo-horizonte-padre-alcides-dos-santos-ss-cc\/"},"wordCount":367,"commentCount":0,"publisher":{"@id":"https:\/\/www.padreeustaquio.com.br\/#organization"},"image":{"@id":"https:\/\/www.padreeustaquio.com.br\/morre-em-belo-horizonte-padre-alcides-dos-santos-ss-cc\/#primaryimage"},"thumbnailUrl":"https:\/\/www.padreeustaquio.com.br\/wp-content\/uploads\/2022\/06\/Padre-Alcides.jpg","articleSection":["Not\u00edcias"],"inLanguage":"en-US","potentialAction":[{"@type":"CommentAction","name":"Comment","target":["https:\/\/www.padreeustaquio.com.br\/morre-em-belo-horizonte-padre-alcides-dos-santos-ss-cc\/#respond"]}]},{"@type":"WebPage","@id":"https:\/\/www.padreeustaquio.com.br\/morre-em-belo-horizonte-padre-alcides-dos-santos-ss-cc\/","url":"https:\/\/www.padreeustaquio.com.br\/morre-em-belo-horizonte-padre-alcides-dos-santos-ss-cc\/","name":"Father Alcides dos Santos, ss.cc, dies in Belo Horizonte.","isPartOf":{"@id":"https:\/\/www.padreeustaquio.com.br\/#website"},"primaryImageOfPage":{"@id":"https:\/\/www.padreeustaquio.com.br\/morre-em-belo-horizonte-padre-alcides-dos-santos-ss-cc\/#primaryimage"},"image":{"@id":"https:\/\/www.padreeustaquio.com.br\/morre-em-belo-horizonte-padre-alcides-dos-santos-ss-cc\/#primaryimage"},"thumbnailUrl":"https:\/\/www.padreeustaquio.com.br\/wp-content\/uploads\/2022\/06\/Padre-Alcides.jpg","datePublished":"2022-06-11T10:45:00+00:00","dateModified":"2022-06-11T11:31:18+00:00","description":"Father Alcides had been hospitalized at Madre Tereza Hospital for over a week to treat heart problems. On Tuesday morning, June 7th, the priest suffered two cardiac arrests and passed away in the afternoon. He was 86 years old and had been battling heart issues in recent months.","breadcrumb":{"@id":"https:\/\/www.padreeustaquio.com.br\/morre-em-belo-horizonte-padre-alcides-dos-santos-ss-cc\/#breadcrumb"},"inLanguage":"en-US","potentialAction":[{"@type":"ReadAction","target":["https:\/\/www.padreeustaquio.com.br\/morre-em-belo-horizonte-padre-alcides-dos-santos-ss-cc\/"]}]},{"@type":"ImageObject","inLanguage":"en-US","@id":"https:\/\/www.padreeustaquio.com.br\/morre-em-belo-horizonte-padre-alcides-dos-santos-ss-cc\/#primaryimage","url":"https:\/\/www.padreeustaquio.com.br\/wp-content\/uploads\/2022\/06\/Padre-Alcides.jpg","contentUrl":"https:\/\/www.padreeustaquio.com.br\/wp-content\/uploads\/2022\/06\/Padre-Alcides.jpg","width":748,"height":394},{"@type":"BreadcrumbList","@id":"https:\/\/www.padreeustaquio.com.br\/morre-em-belo-horizonte-padre-alcides-dos-santos-ss-cc\/#breadcrumb","itemListElement":[{"@type":"ListItem","position":1,"name":"In\u00edcio","item":"https:\/\/www.padreeustaquio.com.br\/"},{"@type":"ListItem","position":2,"name":"Morre, em Belo Horizonte, Padre Alcides dos Santos, ss.cc."}]},{"@type":"WebSite","@id":"https:\/\/www.padreeustaquio.com.br\/#website","url":"https:\/\/www.padreeustaquio.com.br\/","name":"FATHER EUST\u00c1QUIO","description":"Health and Peace","publisher":{"@id":"https:\/\/www.padreeustaquio.com.br\/#organization"},"potentialAction":[{"@type":"SearchAction","target":{"@type":"EntryPoint","urlTemplate":"https:\/\/www.padreeustaquio.com.br\/?s={search_term_string}"},"query-input":{"@type":"PropertyValueSpecification","valueRequired":true,"valueName":"search_term_string"}}],"inLanguage":"en-US"},{"@type":"Organization","@id":"https:\/\/www.padreeustaquio.com.br\/#organization","name":"FATHER EUST\u00c1QUIO","url":"https:\/\/www.padreeustaquio.com.br\/","logo":{"@type":"ImageObject","inLanguage":"en-US","@id":"https:\/\/www.padreeustaquio.com.br\/#\/schema\/logo\/image\/","url":"https:\/\/www.padreeustaquio.com.br\/wp-content\/uploads\/2019\/08\/marca.png","contentUrl":"https:\/\/www.padreeustaquio.com.br\/wp-content\/uploads\/2019\/08\/marca.png","width":350,"height":400,"caption":"Padre Eust\u00e1quio"},"image":{"@id":"https:\/\/www.padreeustaquio.com.br\/#\/schema\/logo\/image\/"},"sameAs":["https:\/\/www.facebook.com\/beatopadreeustaquio\/","https:\/\/x.com\/beatopeustaquio","https:\/\/www.instagram.com\/beatopadreeustaquio\/","https:\/\/www.youtube.com\/channel\/UCRhw7vfabnajwLxb1ZXMeIw"]},{"@type":"Person","@id":"https:\/\/www.padreeustaquio.com.br\/#\/schema\/person\/a2a51db1d00f1a7af0204a0f1ddb1566","name":"@sscc","image":{"@type":"ImageObject","inLanguage":"en-US","@id":"https:\/\/secure.gravatar.com\/avatar\/68cfafa5f44617fea54071e215026e0ff06be366c3d54a8425f04fdcb86f8c5f?s=96&d=mm&r=g","url":"https:\/\/secure.gravatar.com\/avatar\/68cfafa5f44617fea54071e215026e0ff06be366c3d54a8425f04fdcb86f8c5f?s=96&d=mm&r=g","contentUrl":"https:\/\/secure.gravatar.com\/avatar\/68cfafa5f44617fea54071e215026e0ff06be366c3d54a8425f04fdcb86f8c5f?s=96&d=mm&r=g","caption":"@sscc"},"url":"https:\/\/www.padreeustaquio.com.br\/en\/author\/sscc\/"}]}},"_links":{"self":[{"href":"https:\/\/www.padreeustaquio.com.br\/en\/wp-json\/wp\/v2\/posts\/8777","targetHints":{"allow":["GET"]}}],"collection":[{"href":"https:\/\/www.padreeustaquio.com.br\/en\/wp-json\/wp\/v2\/posts"}],"about":[{"href":"https:\/\/www.padreeustaquio.com.br\/en\/wp-json\/wp\/v2\/types\/post"}],"author":[{"embeddable":true,"href":"https:\/\/www.padreeustaquio.com.br\/en\/wp-json\/wp\/v2\/users\/2"}],"replies":[{"embeddable":true,"href":"https:\/\/www.padreeustaquio.com.br\/en\/wp-json\/wp\/v2\/comments?post=8777"}],"version-history":[{"count":0,"href":"https:\/\/www.padreeustaquio.com.br\/en\/wp-json\/wp\/v2\/posts\/8777\/revisions"}],"wp:featuredmedia":[{"embeddable":true,"href":"https:\/\/www.padreeustaquio.com.br\/en\/wp-json\/wp\/v2\/media\/8778"}],"wp:attachment":[{"href":"https:\/\/www.padreeustaquio.com.br\/en\/wp-json\/wp\/v2\/media?parent=8777"}],"wp:term":[{"taxonomy":"category","embeddable":true,"href":"https:\/\/www.padreeustaquio.com.br\/en\/wp-json\/wp\/v2\/categories?post=8777"},{"taxonomy":"post_tag","embeddable":true,"href":"https:\/\/www.padreeustaquio.com.br\/en\/wp-json\/wp\/v2\/tags?post=8777"}],"curies":[{"name":"wp","href":"https:\/\/api.w.org\/{rel}","templated":true}]}}