{"id":8774,"date":"2022-06-09T06:03:00","date_gmt":"2022-06-09T09:03:00","guid":{"rendered":"https:\/\/www.padreeustaquio.com.br\/?p=8774"},"modified":"2022-06-07T13:10:26","modified_gmt":"2022-06-07T16:10:26","slug":"a-recovered-letter-from-father-eustaquio-speaks-about-the-mission-in-brazil","status":"publish","type":"post","link":"https:\/\/www.padreeustaquio.com.br\/en\/a-recovered-letter-from-father-eustaquio-speaks-about-the-mission-in-brazil\/","title":{"rendered":"A recovered letter from Father Eust\u00e1quio speaks about the mission in Brazil."},"content":{"rendered":"<p>Since arriving in Brazil in 1925, Father Eust\u00e1quio dedicated his life to Brazilians, especially the poor and suffering. His words of comfort and his prayers brought solace to the most needy. That is why the Blessed One was so sought after wherever he went.<\/p>\n\n\n\n<p>Already in Romaria, the first city where Father Eust\u00e1quio effectively developed his missionary work, thousands of faithful sought out the Dutch priest so that he could pray for the sick and bless water, which would be taken to bedridden people who were unable to go to the priest.<\/p>\n\n\n\n<p>When the Blessed One moved to Po\u00e1-SP, the demand grew even more. Everyone wanted a word from the priest who prayed with so much love and zeal for the convalescents.<\/p>\n\n\n\n<p>In a letter Father Eust\u00e1quio sent to his family while he was still living in the city of S\u00e3o Paulo, he spoke about the missionary work he was carrying out and how he needed everyone&#039;s prayers.<\/p>\n\n\n\n<p>Read an excerpt below:<\/p>\n\n\n\n<p><em>\u201cTell everyone that, thank God, we are still well, that we are overwhelmed with work, and that we need many, many prayers. We are experiencing unusual times here: every day thousands of sick people come to visit me, and I receive hundreds of letters asking for a prayer. God has granted me many graces to share with my neighbor.\u201d<\/em><\/p>\n\n\n\n<p>Until his death in 1943 in Belo Horizonte, Father Eust\u00e1quio continued his missionary work of prayer for the poor and sick, leaving us with a beautiful prayer:<\/p>\n\n\n\n<p><em>\u201c&quot;Oh Jesus, by the blood you shed, and by the tears of your Most Holy Mother, grant sight to the blind, walking to the paralyzed, health to the sick, and peace to all who suffer and are in pain, amen!&quot;\u201d<\/em><\/p>\n\n\n\n<p><\/p>","protected":false},"excerpt":{"rendered":"<p>Desde que chegou ao Brasil, em 1925, Padre Eust\u00e1quio dedicou sua vida aos brasileiros, principalmente aos pobres e sofredores. Suas palavras de consolo e suas ora\u00e7\u00f5es traziam alento para os mais necessitados. Por isso, a procura pelo Beato era t\u00e3o grande, por onde ele passava. J\u00e1 em Romaria, primeira cidade onde Padre Eust\u00e1quio desenvolveu efetivamente seu trabalho Mission\u00e1rio, milhares de fi\u00e9is procuravam o padre holand\u00eas para que ele pudesse fazer ora\u00e7\u00f5es pelos enfermos e aben\u00e7oar \u00e1guas, que seriam levadas para as pessoas acamadas, que n\u00e3o conseguiriam ir at\u00e9 o padre. Quando o Beato mudou para Po\u00e1-SP, a procura cresceu ainda [&hellip;]<\/p>\n","protected":false},"author":2,"featured_media":8775,"comment_status":"open","ping_status":"closed","sticky":false,"template":"","format":"standard","meta":{"_acf_changed":false,"footnotes":""},"categories":[611],"tags":[],"class_list":["post-8774","post","type-post","status-publish","format-standard","has-post-thumbnail","hentry","category-noticias"],"acf":[],"yoast_head":"<!-- This site is optimized with the Yoast SEO plugin v27.2 - https:\/\/yoast.com\/product\/yoast-seo-wordpress\/ -->\n<title>Carta recuperada de Padre Eust\u00e1quio fala sobre a miss\u00e3o no Brasil<\/title>\n<meta name=\"description\" content=\"Desde que chegou ao Brasil, em 1925, Padre Eust\u00e1quio dedicou sua vida aos brasileiros, principalmente aos pobres e sofredores. Suas palavras de consolo e suas ora\u00e7\u00f5es traziam alento para os mais necessitados. Por isso, a procura pelo Beato era t\u00e3o grande, por onde ele passava.\" \/>\n<meta name=\"robots\" content=\"index, follow, max-snippet:-1, max-image-preview:large, max-video-preview:-1\" \/>\n<link rel=\"canonical\" href=\"https:\/\/www.padreeustaquio.com.br\/en\/a-recovered-letter-from-father-eustaquio-speaks-about-the-mission-in-brazil\/\" \/>\n<meta property=\"og:locale\" content=\"en_US\" \/>\n<meta property=\"og:type\" content=\"article\" \/>\n<meta property=\"og:title\" content=\"Carta recuperada de Padre Eust\u00e1quio fala sobre a miss\u00e3o no Brasil\" \/>\n<meta property=\"og:description\" content=\"Desde que chegou ao Brasil, em 1925, Padre Eust\u00e1quio dedicou sua vida aos brasileiros, principalmente aos pobres e sofredores. Suas palavras de consolo e suas ora\u00e7\u00f5es traziam alento para os mais necessitados. Por isso, a procura pelo Beato era t\u00e3o grande, por onde ele passava.\" \/>\n<meta property=\"og:url\" content=\"https:\/\/www.padreeustaquio.com.br\/en\/a-recovered-letter-from-father-eustaquio-speaks-about-the-mission-in-brazil\/\" \/>\n<meta property=\"og:site_name\" content=\"Padre Eust\u00e1quio\" \/>\n<meta property=\"article:publisher\" content=\"https:\/\/www.facebook.com\/beatopadreeustaquio\/\" \/>\n<meta property=\"article:published_time\" content=\"2022-06-09T09:03:00+00:00\" \/>\n<meta property=\"og:image\" content=\"https:\/\/www.padreeustaquio.com.br\/wp-content\/uploads\/2022\/06\/Padre-Eustaquio-em-Poa-SP.jpeg\" \/>\n\t<meta property=\"og:image:width\" content=\"1280\" \/>\n\t<meta property=\"og:image:height\" content=\"851\" \/>\n\t<meta property=\"og:image:type\" content=\"image\/jpeg\" \/>\n<meta name=\"author\" content=\"@sscc\" \/>\n<meta name=\"twitter:card\" content=\"summary_large_image\" \/>\n<meta name=\"twitter:creator\" content=\"@beatopeustaquio\" \/>\n<meta name=\"twitter:site\" content=\"@beatopeustaquio\" \/>\n<meta name=\"twitter:label1\" content=\"Written by\" \/>\n\t<meta name=\"twitter:data1\" content=\"@sscc\" \/>\n\t<meta name=\"twitter:label2\" content=\"Est. reading time\" \/>\n\t<meta name=\"twitter:data2\" content=\"2 minutes\" \/>\n<script type=\"application\/ld+json\" class=\"yoast-schema-graph\">{\"@context\":\"https:\/\/schema.org\",\"@graph\":[{\"@type\":\"Article\",\"@id\":\"https:\/\/www.padreeustaquio.com.br\/carta-recuperada-de-padre-eustaquio-fala-sobre-a-missao-no-brasil\/#article\",\"isPartOf\":{\"@id\":\"https:\/\/www.padreeustaquio.com.br\/carta-recuperada-de-padre-eustaquio-fala-sobre-a-missao-no-brasil\/\"},\"author\":{\"name\":\"@sscc\",\"@id\":\"https:\/\/www.padreeustaquio.com.br\/#\/schema\/person\/a2a51db1d00f1a7af0204a0f1ddb1566\"},\"headline\":\"Carta recuperada de Padre Eust\u00e1quio fala sobre a miss\u00e3o no Brasil\",\"datePublished\":\"2022-06-09T09:03:00+00:00\",\"mainEntityOfPage\":{\"@id\":\"https:\/\/www.padreeustaquio.com.br\/carta-recuperada-de-padre-eustaquio-fala-sobre-a-missao-no-brasil\/\"},\"wordCount\":307,\"commentCount\":0,\"publisher\":{\"@id\":\"https:\/\/www.padreeustaquio.com.br\/#organization\"},\"image\":{\"@id\":\"https:\/\/www.padreeustaquio.com.br\/carta-recuperada-de-padre-eustaquio-fala-sobre-a-missao-no-brasil\/#primaryimage\"},\"thumbnailUrl\":\"https:\/\/www.padreeustaquio.com.br\/wp-content\/uploads\/2022\/06\/Padre-Eustaquio-em-Poa-SP.jpeg\",\"articleSection\":[\"Not\u00edcias\"],\"inLanguage\":\"en-US\",\"potentialAction\":[{\"@type\":\"CommentAction\",\"name\":\"Comment\",\"target\":[\"https:\/\/www.padreeustaquio.com.br\/carta-recuperada-de-padre-eustaquio-fala-sobre-a-missao-no-brasil\/#respond\"]}]},{\"@type\":\"WebPage\",\"@id\":\"https:\/\/www.padreeustaquio.com.br\/carta-recuperada-de-padre-eustaquio-fala-sobre-a-missao-no-brasil\/\",\"url\":\"https:\/\/www.padreeustaquio.com.br\/carta-recuperada-de-padre-eustaquio-fala-sobre-a-missao-no-brasil\/\",\"name\":\"Carta recuperada de Padre Eust\u00e1quio fala sobre a miss\u00e3o no Brasil\",\"isPartOf\":{\"@id\":\"https:\/\/www.padreeustaquio.com.br\/#website\"},\"primaryImageOfPage\":{\"@id\":\"https:\/\/www.padreeustaquio.com.br\/carta-recuperada-de-padre-eustaquio-fala-sobre-a-missao-no-brasil\/#primaryimage\"},\"image\":{\"@id\":\"https:\/\/www.padreeustaquio.com.br\/carta-recuperada-de-padre-eustaquio-fala-sobre-a-missao-no-brasil\/#primaryimage\"},\"thumbnailUrl\":\"https:\/\/www.padreeustaquio.com.br\/wp-content\/uploads\/2022\/06\/Padre-Eustaquio-em-Poa-SP.jpeg\",\"datePublished\":\"2022-06-09T09:03:00+00:00\",\"description\":\"Desde que chegou ao Brasil, em 1925, Padre Eust\u00e1quio dedicou sua vida aos brasileiros, principalmente aos pobres e sofredores. Suas palavras de consolo e suas ora\u00e7\u00f5es traziam alento para os mais necessitados. Por isso, a procura pelo Beato era t\u00e3o grande, por onde ele passava.\",\"breadcrumb\":{\"@id\":\"https:\/\/www.padreeustaquio.com.br\/carta-recuperada-de-padre-eustaquio-fala-sobre-a-missao-no-brasil\/#breadcrumb\"},\"inLanguage\":\"en-US\",\"potentialAction\":[{\"@type\":\"ReadAction\",\"target\":[\"https:\/\/www.padreeustaquio.com.br\/carta-recuperada-de-padre-eustaquio-fala-sobre-a-missao-no-brasil\/\"]}]},{\"@type\":\"ImageObject\",\"inLanguage\":\"en-US\",\"@id\":\"https:\/\/www.padreeustaquio.com.br\/carta-recuperada-de-padre-eustaquio-fala-sobre-a-missao-no-brasil\/#primaryimage\",\"url\":\"https:\/\/www.padreeustaquio.com.br\/wp-content\/uploads\/2022\/06\/Padre-Eustaquio-em-Poa-SP.jpeg\",\"contentUrl\":\"https:\/\/www.padreeustaquio.com.br\/wp-content\/uploads\/2022\/06\/Padre-Eustaquio-em-Poa-SP.jpeg\",\"width\":1280,\"height\":851,\"caption\":\"Padre Eust\u00e1quio no meio da multid\u00e3o atendendo a quem o procurava, em Po\u00e1-SP\"},{\"@type\":\"BreadcrumbList\",\"@id\":\"https:\/\/www.padreeustaquio.com.br\/carta-recuperada-de-padre-eustaquio-fala-sobre-a-missao-no-brasil\/#breadcrumb\",\"itemListElement\":[{\"@type\":\"ListItem\",\"position\":1,\"name\":\"In\u00edcio\",\"item\":\"https:\/\/www.padreeustaquio.com.br\/\"},{\"@type\":\"ListItem\",\"position\":2,\"name\":\"Carta recuperada de Padre Eust\u00e1quio fala sobre a miss\u00e3o no Brasil\"}]},{\"@type\":\"WebSite\",\"@id\":\"https:\/\/www.padreeustaquio.com.br\/#website\",\"url\":\"https:\/\/www.padreeustaquio.com.br\/\",\"name\":\"Padre Eust\u00e1quio\",\"description\":\"Sa\u00fade e Paz\",\"publisher\":{\"@id\":\"https:\/\/www.padreeustaquio.com.br\/#organization\"},\"potentialAction\":[{\"@type\":\"SearchAction\",\"target\":{\"@type\":\"EntryPoint\",\"urlTemplate\":\"https:\/\/www.padreeustaquio.com.br\/?s={search_term_string}\"},\"query-input\":{\"@type\":\"PropertyValueSpecification\",\"valueRequired\":true,\"valueName\":\"search_term_string\"}}],\"inLanguage\":\"en-US\"},{\"@type\":\"Organization\",\"@id\":\"https:\/\/www.padreeustaquio.com.br\/#organization\",\"name\":\"Padre Eust\u00e1quio\",\"url\":\"https:\/\/www.padreeustaquio.com.br\/\",\"logo\":{\"@type\":\"ImageObject\",\"inLanguage\":\"en-US\",\"@id\":\"https:\/\/www.padreeustaquio.com.br\/#\/schema\/logo\/image\/\",\"url\":\"https:\/\/www.padreeustaquio.com.br\/wp-content\/uploads\/2019\/08\/marca.png\",\"contentUrl\":\"https:\/\/www.padreeustaquio.com.br\/wp-content\/uploads\/2019\/08\/marca.png\",\"width\":350,\"height\":400,\"caption\":\"Padre Eust\u00e1quio\"},\"image\":{\"@id\":\"https:\/\/www.padreeustaquio.com.br\/#\/schema\/logo\/image\/\"},\"sameAs\":[\"https:\/\/www.facebook.com\/beatopadreeustaquio\/\",\"https:\/\/x.com\/beatopeustaquio\",\"https:\/\/www.instagram.com\/beatopadreeustaquio\/\",\"https:\/\/www.youtube.com\/channel\/UCRhw7vfabnajwLxb1ZXMeIw\"]},{\"@type\":\"Person\",\"@id\":\"https:\/\/www.padreeustaquio.com.br\/#\/schema\/person\/a2a51db1d00f1a7af0204a0f1ddb1566\",\"name\":\"@sscc\",\"image\":{\"@type\":\"ImageObject\",\"inLanguage\":\"en-US\",\"@id\":\"https:\/\/secure.gravatar.com\/avatar\/68cfafa5f44617fea54071e215026e0ff06be366c3d54a8425f04fdcb86f8c5f?s=96&d=mm&r=g\",\"url\":\"https:\/\/secure.gravatar.com\/avatar\/68cfafa5f44617fea54071e215026e0ff06be366c3d54a8425f04fdcb86f8c5f?s=96&d=mm&r=g\",\"contentUrl\":\"https:\/\/secure.gravatar.com\/avatar\/68cfafa5f44617fea54071e215026e0ff06be366c3d54a8425f04fdcb86f8c5f?s=96&d=mm&r=g\",\"caption\":\"@sscc\"},\"url\":\"https:\/\/www.padreeustaquio.com.br\/en\/author\/sscc\/\"}]}<\/script>\n<!-- \/ Yoast SEO plugin. -->","yoast_head_json":{"title":"A recovered letter from Father Eust\u00e1quio speaks about the mission in Brazil.","description":"Since arriving in Brazil in 1925, Father Eust\u00e1quio dedicated his life to Brazilians, especially the poor and suffering. His words of comfort and his prayers brought solace to the most needy. That is why the Blessed One was so sought after wherever he went.","robots":{"index":"index","follow":"follow","max-snippet":"max-snippet:-1","max-image-preview":"max-image-preview:large","max-video-preview":"max-video-preview:-1"},"canonical":"https:\/\/www.padreeustaquio.com.br\/en\/a-recovered-letter-from-father-eustaquio-speaks-about-the-mission-in-brazil\/","og_locale":"en_US","og_type":"article","og_title":"Carta recuperada de Padre Eust\u00e1quio fala sobre a miss\u00e3o no Brasil","og_description":"Desde que chegou ao Brasil, em 1925, Padre Eust\u00e1quio dedicou sua vida aos brasileiros, principalmente aos pobres e sofredores. Suas palavras de consolo e suas ora\u00e7\u00f5es traziam alento para os mais necessitados. Por isso, a procura pelo Beato era t\u00e3o grande, por onde ele passava.","og_url":"https:\/\/www.padreeustaquio.com.br\/en\/a-recovered-letter-from-father-eustaquio-speaks-about-the-mission-in-brazil\/","og_site_name":"Padre Eust\u00e1quio","article_publisher":"https:\/\/www.facebook.com\/beatopadreeustaquio\/","article_published_time":"2022-06-09T09:03:00+00:00","og_image":[{"width":1280,"height":851,"url":"https:\/\/www.padreeustaquio.com.br\/wp-content\/uploads\/2022\/06\/Padre-Eustaquio-em-Poa-SP.jpeg","type":"image\/jpeg"}],"author":"@sscc","twitter_card":"summary_large_image","twitter_creator":"@beatopeustaquio","twitter_site":"@beatopeustaquio","twitter_misc":{"Written by":"@sscc","Est. reading time":"2 minutes"},"schema":{"@context":"https:\/\/schema.org","@graph":[{"@type":"Article","@id":"https:\/\/www.padreeustaquio.com.br\/carta-recuperada-de-padre-eustaquio-fala-sobre-a-missao-no-brasil\/#article","isPartOf":{"@id":"https:\/\/www.padreeustaquio.com.br\/carta-recuperada-de-padre-eustaquio-fala-sobre-a-missao-no-brasil\/"},"author":{"name":"@sscc","@id":"https:\/\/www.padreeustaquio.com.br\/#\/schema\/person\/a2a51db1d00f1a7af0204a0f1ddb1566"},"headline":"Carta recuperada de Padre Eust\u00e1quio fala sobre a miss\u00e3o no Brasil","datePublished":"2022-06-09T09:03:00+00:00","mainEntityOfPage":{"@id":"https:\/\/www.padreeustaquio.com.br\/carta-recuperada-de-padre-eustaquio-fala-sobre-a-missao-no-brasil\/"},"wordCount":307,"commentCount":0,"publisher":{"@id":"https:\/\/www.padreeustaquio.com.br\/#organization"},"image":{"@id":"https:\/\/www.padreeustaquio.com.br\/carta-recuperada-de-padre-eustaquio-fala-sobre-a-missao-no-brasil\/#primaryimage"},"thumbnailUrl":"https:\/\/www.padreeustaquio.com.br\/wp-content\/uploads\/2022\/06\/Padre-Eustaquio-em-Poa-SP.jpeg","articleSection":["Not\u00edcias"],"inLanguage":"en-US","potentialAction":[{"@type":"CommentAction","name":"Comment","target":["https:\/\/www.padreeustaquio.com.br\/carta-recuperada-de-padre-eustaquio-fala-sobre-a-missao-no-brasil\/#respond"]}]},{"@type":"WebPage","@id":"https:\/\/www.padreeustaquio.com.br\/carta-recuperada-de-padre-eustaquio-fala-sobre-a-missao-no-brasil\/","url":"https:\/\/www.padreeustaquio.com.br\/carta-recuperada-de-padre-eustaquio-fala-sobre-a-missao-no-brasil\/","name":"A recovered letter from Father Eust\u00e1quio speaks about the mission in Brazil.","isPartOf":{"@id":"https:\/\/www.padreeustaquio.com.br\/#website"},"primaryImageOfPage":{"@id":"https:\/\/www.padreeustaquio.com.br\/carta-recuperada-de-padre-eustaquio-fala-sobre-a-missao-no-brasil\/#primaryimage"},"image":{"@id":"https:\/\/www.padreeustaquio.com.br\/carta-recuperada-de-padre-eustaquio-fala-sobre-a-missao-no-brasil\/#primaryimage"},"thumbnailUrl":"https:\/\/www.padreeustaquio.com.br\/wp-content\/uploads\/2022\/06\/Padre-Eustaquio-em-Poa-SP.jpeg","datePublished":"2022-06-09T09:03:00+00:00","description":"Since arriving in Brazil in 1925, Father Eust\u00e1quio dedicated his life to Brazilians, especially the poor and suffering. His words of comfort and his prayers brought solace to the most needy. That is why the Blessed One was so sought after wherever he went.","breadcrumb":{"@id":"https:\/\/www.padreeustaquio.com.br\/carta-recuperada-de-padre-eustaquio-fala-sobre-a-missao-no-brasil\/#breadcrumb"},"inLanguage":"en-US","potentialAction":[{"@type":"ReadAction","target":["https:\/\/www.padreeustaquio.com.br\/carta-recuperada-de-padre-eustaquio-fala-sobre-a-missao-no-brasil\/"]}]},{"@type":"ImageObject","inLanguage":"en-US","@id":"https:\/\/www.padreeustaquio.com.br\/carta-recuperada-de-padre-eustaquio-fala-sobre-a-missao-no-brasil\/#primaryimage","url":"https:\/\/www.padreeustaquio.com.br\/wp-content\/uploads\/2022\/06\/Padre-Eustaquio-em-Poa-SP.jpeg","contentUrl":"https:\/\/www.padreeustaquio.com.br\/wp-content\/uploads\/2022\/06\/Padre-Eustaquio-em-Poa-SP.jpeg","width":1280,"height":851,"caption":"Padre Eust\u00e1quio no meio da multid\u00e3o atendendo a quem o procurava, em Po\u00e1-SP"},{"@type":"BreadcrumbList","@id":"https:\/\/www.padreeustaquio.com.br\/carta-recuperada-de-padre-eustaquio-fala-sobre-a-missao-no-brasil\/#breadcrumb","itemListElement":[{"@type":"ListItem","position":1,"name":"In\u00edcio","item":"https:\/\/www.padreeustaquio.com.br\/"},{"@type":"ListItem","position":2,"name":"Carta recuperada de Padre Eust\u00e1quio fala sobre a miss\u00e3o no Brasil"}]},{"@type":"WebSite","@id":"https:\/\/www.padreeustaquio.com.br\/#website","url":"https:\/\/www.padreeustaquio.com.br\/","name":"FATHER EUST\u00c1QUIO","description":"Health and Peace","publisher":{"@id":"https:\/\/www.padreeustaquio.com.br\/#organization"},"potentialAction":[{"@type":"SearchAction","target":{"@type":"EntryPoint","urlTemplate":"https:\/\/www.padreeustaquio.com.br\/?s={search_term_string}"},"query-input":{"@type":"PropertyValueSpecification","valueRequired":true,"valueName":"search_term_string"}}],"inLanguage":"en-US"},{"@type":"Organization","@id":"https:\/\/www.padreeustaquio.com.br\/#organization","name":"FATHER EUST\u00c1QUIO","url":"https:\/\/www.padreeustaquio.com.br\/","logo":{"@type":"ImageObject","inLanguage":"en-US","@id":"https:\/\/www.padreeustaquio.com.br\/#\/schema\/logo\/image\/","url":"https:\/\/www.padreeustaquio.com.br\/wp-content\/uploads\/2019\/08\/marca.png","contentUrl":"https:\/\/www.padreeustaquio.com.br\/wp-content\/uploads\/2019\/08\/marca.png","width":350,"height":400,"caption":"Padre Eust\u00e1quio"},"image":{"@id":"https:\/\/www.padreeustaquio.com.br\/#\/schema\/logo\/image\/"},"sameAs":["https:\/\/www.facebook.com\/beatopadreeustaquio\/","https:\/\/x.com\/beatopeustaquio","https:\/\/www.instagram.com\/beatopadreeustaquio\/","https:\/\/www.youtube.com\/channel\/UCRhw7vfabnajwLxb1ZXMeIw"]},{"@type":"Person","@id":"https:\/\/www.padreeustaquio.com.br\/#\/schema\/person\/a2a51db1d00f1a7af0204a0f1ddb1566","name":"@sscc","image":{"@type":"ImageObject","inLanguage":"en-US","@id":"https:\/\/secure.gravatar.com\/avatar\/68cfafa5f44617fea54071e215026e0ff06be366c3d54a8425f04fdcb86f8c5f?s=96&d=mm&r=g","url":"https:\/\/secure.gravatar.com\/avatar\/68cfafa5f44617fea54071e215026e0ff06be366c3d54a8425f04fdcb86f8c5f?s=96&d=mm&r=g","contentUrl":"https:\/\/secure.gravatar.com\/avatar\/68cfafa5f44617fea54071e215026e0ff06be366c3d54a8425f04fdcb86f8c5f?s=96&d=mm&r=g","caption":"@sscc"},"url":"https:\/\/www.padreeustaquio.com.br\/en\/author\/sscc\/"}]}},"_links":{"self":[{"href":"https:\/\/www.padreeustaquio.com.br\/en\/wp-json\/wp\/v2\/posts\/8774","targetHints":{"allow":["GET"]}}],"collection":[{"href":"https:\/\/www.padreeustaquio.com.br\/en\/wp-json\/wp\/v2\/posts"}],"about":[{"href":"https:\/\/www.padreeustaquio.com.br\/en\/wp-json\/wp\/v2\/types\/post"}],"author":[{"embeddable":true,"href":"https:\/\/www.padreeustaquio.com.br\/en\/wp-json\/wp\/v2\/users\/2"}],"replies":[{"embeddable":true,"href":"https:\/\/www.padreeustaquio.com.br\/en\/wp-json\/wp\/v2\/comments?post=8774"}],"version-history":[{"count":0,"href":"https:\/\/www.padreeustaquio.com.br\/en\/wp-json\/wp\/v2\/posts\/8774\/revisions"}],"wp:featuredmedia":[{"embeddable":true,"href":"https:\/\/www.padreeustaquio.com.br\/en\/wp-json\/wp\/v2\/media\/8775"}],"wp:attachment":[{"href":"https:\/\/www.padreeustaquio.com.br\/en\/wp-json\/wp\/v2\/media?parent=8774"}],"wp:term":[{"taxonomy":"category","embeddable":true,"href":"https:\/\/www.padreeustaquio.com.br\/en\/wp-json\/wp\/v2\/categories?post=8774"},{"taxonomy":"post_tag","embeddable":true,"href":"https:\/\/www.padreeustaquio.com.br\/en\/wp-json\/wp\/v2\/tags?post=8774"}],"curies":[{"name":"wp","href":"https:\/\/api.w.org\/{rel}","templated":true}]}}