{"id":8765,"date":"2022-06-07T05:28:00","date_gmt":"2022-06-07T08:28:00","guid":{"rendered":"https:\/\/www.padreeustaquio.com.br\/?p=8765"},"modified":"2022-06-06T13:14:03","modified_gmt":"2022-06-06T16:14:03","slug":"team-from-the-national-secretariat-for-the-cause-of-canonization-visits-educational-projects-in-belo-horizonte","status":"publish","type":"post","link":"https:\/\/www.padreeustaquio.com.br\/en\/team-from-the-national-secretariat-for-the-cause-of-canonization-visits-educational-projects-in-belo-horizonte\/","title":{"rendered":"Team from the National Secretariat for the Cause of Canonization visits Educational Works in Belo Horizonte."},"content":{"rendered":"<p>Led by Father Vin\u00edcius Maciel, ss.cc., the team from the National Secretariat for the Cause of Canonization of Blessed Father Eust\u00e1quio visited the Gilmara Iris Daycare Center, run by the Padre Giussani Educational Works. During the visit, the group witnessed the crowning ceremony performed by the children and the tribute paid to the mothers of the children attending the daycare center.<\/p>\n\n\n\n<p>The team, comprised of the administrative, shop, and communications managers, was warmly welcomed by Father Messias, Virginia, the school supervisor, and Mateus Maciel, from the communications department of the Social Works. They joined in the tribute, which included the participation of the older children, aged 5 and 6, who will be leaving the daycare at the end of the year due to their age.<\/p>\n\n\n\n<p>During the tribute, <a href=\"https:\/\/www.youtube.com\/watch?v=d-lhJ_Rkffg\" target=\"_blank\" rel=\"noreferrer noopener\">which can be seen here<\/a>, The children sang songs in honor of Our Lady and mothers, including some with lyrics in Italian. At the end of the presentation, the daycare staff displayed photos sent by the mothers on a screen, while the little ones handed out a flower they had planted as a gift to their mothers.<\/p>\n\n\n\n<p><strong>Father Giussani Educational Works<\/strong><\/p>\n\n\n\n<p>Founded in 1978, the Padre Giussani Educational Works is a group of 6 non-profit institutions that are part of a social support network, serving approximately 1,200 children, adolescents, and their families in the northern region of Belo Horizonte. Our mission is to provide shelter and education, helping adults and children to look at themselves and at reality, and to bring to light who they are in their true nature. Our mission is to help families become protagonists in their children&#039;s education and to educate children about the beauty of life! Our method is based on looking at the person, and all activities are developed through meetings with children, adolescents, families, staff, and everyone who participates in the educational environment.<\/p>\n\n\n\n<p>The partnership between the institutions (Sanctuary of Health and Peace\/Father Eust\u00e1quio Social Action and the Father Giussani Educational Works) arose in January of this year, when part of the donations of clothing, food and cleaning products received by the Father Eust\u00e1quio Church were destined for the families of children affected by the rains in the region where the daycare centers are located.<\/p>\n\n\n\n<p> <\/p>","protected":false},"excerpt":{"rendered":"<p>Liderados pelo Padre Vin\u00edcius Maciel, ss.cc. a equipe do Secretariado Nacional para a Causa de Canoniza\u00e7\u00e3o do Beato Padre Eust\u00e1quio visitou a Creche Gilmara Iris, das Obras Educativas Padre Giussani. Durante a visita, o grupo acompanhou a coroa\u00e7\u00e3o feita pelas crian\u00e7as e a homenagem \u00e0s m\u00e3es das crian\u00e7as da creche. A equipe, formada pelos gerentes administrativo, da lojinha e da comunica\u00e7\u00e3o foi muito bem recebida pelo Padre Messias, pela Virg\u00ednia supervisora da escola e pelo Mateus Maciel, da assessoria de comunica\u00e7\u00e3o das Obras Sociais. Eles acompanharam o momento de homenagem que contou com a participa\u00e7\u00e3o das crian\u00e7as maiores, de 5 [&hellip;]<\/p>\n","protected":false},"author":2,"featured_media":8766,"comment_status":"open","ping_status":"closed","sticky":false,"template":"","format":"standard","meta":{"_acf_changed":false,"footnotes":""},"categories":[611],"tags":[],"class_list":["post-8765","post","type-post","status-publish","format-standard","has-post-thumbnail","hentry","category-noticias"],"acf":[],"yoast_head":"<!-- This site is optimized with the Yoast SEO plugin v27.2 - https:\/\/yoast.com\/product\/yoast-seo-wordpress\/ -->\n<title>Equipe do Secretariado Nacional para a Causa de Canoniza\u00e7\u00e3o visita Obras Educativas em BH<\/title>\n<meta name=\"description\" content=\"Liderados pelo Padre Vin\u00edcius Maciel, ss.cc. a equipe do Secretariado Nacional para a Causa de Canoniza\u00e7\u00e3o do Beato Padre Eust\u00e1quio visitou a Creche Gilmara Iris, das Obras Educativas Padre Giussani. Durante a visita, o grupo acompanhou a coroa\u00e7\u00e3o feita pelas crian\u00e7as e a homenagem \u00e0s m\u00e3es das crian\u00e7as da creche.\" \/>\n<meta name=\"robots\" content=\"index, follow, max-snippet:-1, max-image-preview:large, max-video-preview:-1\" \/>\n<link rel=\"canonical\" href=\"https:\/\/www.padreeustaquio.com.br\/en\/team-from-the-national-secretariat-for-the-cause-of-canonization-visits-educational-projects-in-belo-horizonte\/\" \/>\n<meta property=\"og:locale\" content=\"en_US\" \/>\n<meta property=\"og:type\" content=\"article\" \/>\n<meta property=\"og:title\" content=\"Equipe do Secretariado Nacional para a Causa de Canoniza\u00e7\u00e3o visita Obras Educativas em BH\" \/>\n<meta property=\"og:description\" content=\"Liderados pelo Padre Vin\u00edcius Maciel, ss.cc. a equipe do Secretariado Nacional para a Causa de Canoniza\u00e7\u00e3o do Beato Padre Eust\u00e1quio visitou a Creche Gilmara Iris, das Obras Educativas Padre Giussani. Durante a visita, o grupo acompanhou a coroa\u00e7\u00e3o feita pelas crian\u00e7as e a homenagem \u00e0s m\u00e3es das crian\u00e7as da creche.\" \/>\n<meta property=\"og:url\" content=\"https:\/\/www.padreeustaquio.com.br\/en\/team-from-the-national-secretariat-for-the-cause-of-canonization-visits-educational-projects-in-belo-horizonte\/\" \/>\n<meta property=\"og:site_name\" content=\"Padre Eust\u00e1quio\" \/>\n<meta property=\"article:publisher\" content=\"https:\/\/www.facebook.com\/beatopadreeustaquio\/\" \/>\n<meta property=\"article:published_time\" content=\"2022-06-07T08:28:00+00:00\" \/>\n<meta property=\"og:image\" content=\"https:\/\/www.padreeustaquio.com.br\/wp-content\/uploads\/2022\/06\/Visita-a-Creche-da-OEPG.jpeg\" \/>\n\t<meta property=\"og:image:width\" content=\"1000\" \/>\n\t<meta property=\"og:image:height\" content=\"667\" \/>\n\t<meta property=\"og:image:type\" content=\"image\/jpeg\" \/>\n<meta name=\"author\" content=\"@sscc\" \/>\n<meta name=\"twitter:card\" content=\"summary_large_image\" \/>\n<meta name=\"twitter:creator\" content=\"@beatopeustaquio\" \/>\n<meta name=\"twitter:site\" content=\"@beatopeustaquio\" \/>\n<meta name=\"twitter:label1\" content=\"Written by\" \/>\n\t<meta name=\"twitter:data1\" content=\"@sscc\" \/>\n\t<meta name=\"twitter:label2\" content=\"Est. reading time\" \/>\n\t<meta name=\"twitter:data2\" content=\"2 minutes\" \/>\n<script type=\"application\/ld+json\" class=\"yoast-schema-graph\">{\"@context\":\"https:\/\/schema.org\",\"@graph\":[{\"@type\":\"Article\",\"@id\":\"https:\/\/www.padreeustaquio.com.br\/equipe-do-secretariado-nacional-para-a-causa-de-canonizacao-visita-obras-educativas-em-bh\/#article\",\"isPartOf\":{\"@id\":\"https:\/\/www.padreeustaquio.com.br\/equipe-do-secretariado-nacional-para-a-causa-de-canonizacao-visita-obras-educativas-em-bh\/\"},\"author\":{\"name\":\"@sscc\",\"@id\":\"https:\/\/www.padreeustaquio.com.br\/#\/schema\/person\/a2a51db1d00f1a7af0204a0f1ddb1566\"},\"headline\":\"Equipe do Secretariado Nacional para a Causa de Canoniza\u00e7\u00e3o visita Obras Educativas em BH\",\"datePublished\":\"2022-06-07T08:28:00+00:00\",\"mainEntityOfPage\":{\"@id\":\"https:\/\/www.padreeustaquio.com.br\/equipe-do-secretariado-nacional-para-a-causa-de-canonizacao-visita-obras-educativas-em-bh\/\"},\"wordCount\":422,\"commentCount\":0,\"publisher\":{\"@id\":\"https:\/\/www.padreeustaquio.com.br\/#organization\"},\"image\":{\"@id\":\"https:\/\/www.padreeustaquio.com.br\/equipe-do-secretariado-nacional-para-a-causa-de-canonizacao-visita-obras-educativas-em-bh\/#primaryimage\"},\"thumbnailUrl\":\"https:\/\/www.padreeustaquio.com.br\/wp-content\/uploads\/2022\/06\/Visita-a-Creche-da-OEPG.jpeg\",\"articleSection\":[\"Not\u00edcias\"],\"inLanguage\":\"en-US\",\"potentialAction\":[{\"@type\":\"CommentAction\",\"name\":\"Comment\",\"target\":[\"https:\/\/www.padreeustaquio.com.br\/equipe-do-secretariado-nacional-para-a-causa-de-canonizacao-visita-obras-educativas-em-bh\/#respond\"]}]},{\"@type\":\"WebPage\",\"@id\":\"https:\/\/www.padreeustaquio.com.br\/equipe-do-secretariado-nacional-para-a-causa-de-canonizacao-visita-obras-educativas-em-bh\/\",\"url\":\"https:\/\/www.padreeustaquio.com.br\/equipe-do-secretariado-nacional-para-a-causa-de-canonizacao-visita-obras-educativas-em-bh\/\",\"name\":\"Equipe do Secretariado Nacional para a Causa de Canoniza\u00e7\u00e3o visita Obras Educativas em BH\",\"isPartOf\":{\"@id\":\"https:\/\/www.padreeustaquio.com.br\/#website\"},\"primaryImageOfPage\":{\"@id\":\"https:\/\/www.padreeustaquio.com.br\/equipe-do-secretariado-nacional-para-a-causa-de-canonizacao-visita-obras-educativas-em-bh\/#primaryimage\"},\"image\":{\"@id\":\"https:\/\/www.padreeustaquio.com.br\/equipe-do-secretariado-nacional-para-a-causa-de-canonizacao-visita-obras-educativas-em-bh\/#primaryimage\"},\"thumbnailUrl\":\"https:\/\/www.padreeustaquio.com.br\/wp-content\/uploads\/2022\/06\/Visita-a-Creche-da-OEPG.jpeg\",\"datePublished\":\"2022-06-07T08:28:00+00:00\",\"description\":\"Liderados pelo Padre Vin\u00edcius Maciel, ss.cc. a equipe do Secretariado Nacional para a Causa de Canoniza\u00e7\u00e3o do Beato Padre Eust\u00e1quio visitou a Creche Gilmara Iris, das Obras Educativas Padre Giussani. Durante a visita, o grupo acompanhou a coroa\u00e7\u00e3o feita pelas crian\u00e7as e a homenagem \u00e0s m\u00e3es das crian\u00e7as da creche.\",\"breadcrumb\":{\"@id\":\"https:\/\/www.padreeustaquio.com.br\/equipe-do-secretariado-nacional-para-a-causa-de-canonizacao-visita-obras-educativas-em-bh\/#breadcrumb\"},\"inLanguage\":\"en-US\",\"potentialAction\":[{\"@type\":\"ReadAction\",\"target\":[\"https:\/\/www.padreeustaquio.com.br\/equipe-do-secretariado-nacional-para-a-causa-de-canonizacao-visita-obras-educativas-em-bh\/\"]}]},{\"@type\":\"ImageObject\",\"inLanguage\":\"en-US\",\"@id\":\"https:\/\/www.padreeustaquio.com.br\/equipe-do-secretariado-nacional-para-a-causa-de-canonizacao-visita-obras-educativas-em-bh\/#primaryimage\",\"url\":\"https:\/\/www.padreeustaquio.com.br\/wp-content\/uploads\/2022\/06\/Visita-a-Creche-da-OEPG.jpeg\",\"contentUrl\":\"https:\/\/www.padreeustaquio.com.br\/wp-content\/uploads\/2022\/06\/Visita-a-Creche-da-OEPG.jpeg\",\"width\":1000,\"height\":667,\"caption\":\"Foto: Mateus Maciel\"},{\"@type\":\"BreadcrumbList\",\"@id\":\"https:\/\/www.padreeustaquio.com.br\/equipe-do-secretariado-nacional-para-a-causa-de-canonizacao-visita-obras-educativas-em-bh\/#breadcrumb\",\"itemListElement\":[{\"@type\":\"ListItem\",\"position\":1,\"name\":\"In\u00edcio\",\"item\":\"https:\/\/www.padreeustaquio.com.br\/\"},{\"@type\":\"ListItem\",\"position\":2,\"name\":\"Equipe do Secretariado Nacional para a Causa de Canoniza\u00e7\u00e3o visita Obras Educativas em BH\"}]},{\"@type\":\"WebSite\",\"@id\":\"https:\/\/www.padreeustaquio.com.br\/#website\",\"url\":\"https:\/\/www.padreeustaquio.com.br\/\",\"name\":\"Padre Eust\u00e1quio\",\"description\":\"Sa\u00fade e Paz\",\"publisher\":{\"@id\":\"https:\/\/www.padreeustaquio.com.br\/#organization\"},\"potentialAction\":[{\"@type\":\"SearchAction\",\"target\":{\"@type\":\"EntryPoint\",\"urlTemplate\":\"https:\/\/www.padreeustaquio.com.br\/?s={search_term_string}\"},\"query-input\":{\"@type\":\"PropertyValueSpecification\",\"valueRequired\":true,\"valueName\":\"search_term_string\"}}],\"inLanguage\":\"en-US\"},{\"@type\":\"Organization\",\"@id\":\"https:\/\/www.padreeustaquio.com.br\/#organization\",\"name\":\"Padre Eust\u00e1quio\",\"url\":\"https:\/\/www.padreeustaquio.com.br\/\",\"logo\":{\"@type\":\"ImageObject\",\"inLanguage\":\"en-US\",\"@id\":\"https:\/\/www.padreeustaquio.com.br\/#\/schema\/logo\/image\/\",\"url\":\"https:\/\/www.padreeustaquio.com.br\/wp-content\/uploads\/2019\/08\/marca.png\",\"contentUrl\":\"https:\/\/www.padreeustaquio.com.br\/wp-content\/uploads\/2019\/08\/marca.png\",\"width\":350,\"height\":400,\"caption\":\"Padre Eust\u00e1quio\"},\"image\":{\"@id\":\"https:\/\/www.padreeustaquio.com.br\/#\/schema\/logo\/image\/\"},\"sameAs\":[\"https:\/\/www.facebook.com\/beatopadreeustaquio\/\",\"https:\/\/x.com\/beatopeustaquio\",\"https:\/\/www.instagram.com\/beatopadreeustaquio\/\",\"https:\/\/www.youtube.com\/channel\/UCRhw7vfabnajwLxb1ZXMeIw\"]},{\"@type\":\"Person\",\"@id\":\"https:\/\/www.padreeustaquio.com.br\/#\/schema\/person\/a2a51db1d00f1a7af0204a0f1ddb1566\",\"name\":\"@sscc\",\"image\":{\"@type\":\"ImageObject\",\"inLanguage\":\"en-US\",\"@id\":\"https:\/\/secure.gravatar.com\/avatar\/68cfafa5f44617fea54071e215026e0ff06be366c3d54a8425f04fdcb86f8c5f?s=96&d=mm&r=g\",\"url\":\"https:\/\/secure.gravatar.com\/avatar\/68cfafa5f44617fea54071e215026e0ff06be366c3d54a8425f04fdcb86f8c5f?s=96&d=mm&r=g\",\"contentUrl\":\"https:\/\/secure.gravatar.com\/avatar\/68cfafa5f44617fea54071e215026e0ff06be366c3d54a8425f04fdcb86f8c5f?s=96&d=mm&r=g\",\"caption\":\"@sscc\"},\"url\":\"https:\/\/www.padreeustaquio.com.br\/en\/author\/sscc\/\"}]}<\/script>\n<!-- \/ Yoast SEO plugin. -->","yoast_head_json":{"title":"Team from the National Secretariat for the Cause of Canonization visits Educational Works in Belo Horizonte.","description":"Led by Father Vin\u00edcius Maciel, ss.cc., the team from the National Secretariat for the Cause of Canonization of Blessed Father Eust\u00e1quio visited the Gilmara Iris Daycare Center, run by the Padre Giussani Educational Works. During the visit, the group witnessed the crowning ceremony performed by the children and the tribute paid to the mothers of the children attending the daycare center.","robots":{"index":"index","follow":"follow","max-snippet":"max-snippet:-1","max-image-preview":"max-image-preview:large","max-video-preview":"max-video-preview:-1"},"canonical":"https:\/\/www.padreeustaquio.com.br\/en\/team-from-the-national-secretariat-for-the-cause-of-canonization-visits-educational-projects-in-belo-horizonte\/","og_locale":"en_US","og_type":"article","og_title":"Equipe do Secretariado Nacional para a Causa de Canoniza\u00e7\u00e3o visita Obras Educativas em BH","og_description":"Liderados pelo Padre Vin\u00edcius Maciel, ss.cc. a equipe do Secretariado Nacional para a Causa de Canoniza\u00e7\u00e3o do Beato Padre Eust\u00e1quio visitou a Creche Gilmara Iris, das Obras Educativas Padre Giussani. Durante a visita, o grupo acompanhou a coroa\u00e7\u00e3o feita pelas crian\u00e7as e a homenagem \u00e0s m\u00e3es das crian\u00e7as da creche.","og_url":"https:\/\/www.padreeustaquio.com.br\/en\/team-from-the-national-secretariat-for-the-cause-of-canonization-visits-educational-projects-in-belo-horizonte\/","og_site_name":"Padre Eust\u00e1quio","article_publisher":"https:\/\/www.facebook.com\/beatopadreeustaquio\/","article_published_time":"2022-06-07T08:28:00+00:00","og_image":[{"width":1000,"height":667,"url":"https:\/\/www.padreeustaquio.com.br\/wp-content\/uploads\/2022\/06\/Visita-a-Creche-da-OEPG.jpeg","type":"image\/jpeg"}],"author":"@sscc","twitter_card":"summary_large_image","twitter_creator":"@beatopeustaquio","twitter_site":"@beatopeustaquio","twitter_misc":{"Written by":"@sscc","Est. reading time":"2 minutes"},"schema":{"@context":"https:\/\/schema.org","@graph":[{"@type":"Article","@id":"https:\/\/www.padreeustaquio.com.br\/equipe-do-secretariado-nacional-para-a-causa-de-canonizacao-visita-obras-educativas-em-bh\/#article","isPartOf":{"@id":"https:\/\/www.padreeustaquio.com.br\/equipe-do-secretariado-nacional-para-a-causa-de-canonizacao-visita-obras-educativas-em-bh\/"},"author":{"name":"@sscc","@id":"https:\/\/www.padreeustaquio.com.br\/#\/schema\/person\/a2a51db1d00f1a7af0204a0f1ddb1566"},"headline":"Equipe do Secretariado Nacional para a Causa de Canoniza\u00e7\u00e3o visita Obras Educativas em BH","datePublished":"2022-06-07T08:28:00+00:00","mainEntityOfPage":{"@id":"https:\/\/www.padreeustaquio.com.br\/equipe-do-secretariado-nacional-para-a-causa-de-canonizacao-visita-obras-educativas-em-bh\/"},"wordCount":422,"commentCount":0,"publisher":{"@id":"https:\/\/www.padreeustaquio.com.br\/#organization"},"image":{"@id":"https:\/\/www.padreeustaquio.com.br\/equipe-do-secretariado-nacional-para-a-causa-de-canonizacao-visita-obras-educativas-em-bh\/#primaryimage"},"thumbnailUrl":"https:\/\/www.padreeustaquio.com.br\/wp-content\/uploads\/2022\/06\/Visita-a-Creche-da-OEPG.jpeg","articleSection":["Not\u00edcias"],"inLanguage":"en-US","potentialAction":[{"@type":"CommentAction","name":"Comment","target":["https:\/\/www.padreeustaquio.com.br\/equipe-do-secretariado-nacional-para-a-causa-de-canonizacao-visita-obras-educativas-em-bh\/#respond"]}]},{"@type":"WebPage","@id":"https:\/\/www.padreeustaquio.com.br\/equipe-do-secretariado-nacional-para-a-causa-de-canonizacao-visita-obras-educativas-em-bh\/","url":"https:\/\/www.padreeustaquio.com.br\/equipe-do-secretariado-nacional-para-a-causa-de-canonizacao-visita-obras-educativas-em-bh\/","name":"Team from the National Secretariat for the Cause of Canonization visits Educational Works in Belo Horizonte.","isPartOf":{"@id":"https:\/\/www.padreeustaquio.com.br\/#website"},"primaryImageOfPage":{"@id":"https:\/\/www.padreeustaquio.com.br\/equipe-do-secretariado-nacional-para-a-causa-de-canonizacao-visita-obras-educativas-em-bh\/#primaryimage"},"image":{"@id":"https:\/\/www.padreeustaquio.com.br\/equipe-do-secretariado-nacional-para-a-causa-de-canonizacao-visita-obras-educativas-em-bh\/#primaryimage"},"thumbnailUrl":"https:\/\/www.padreeustaquio.com.br\/wp-content\/uploads\/2022\/06\/Visita-a-Creche-da-OEPG.jpeg","datePublished":"2022-06-07T08:28:00+00:00","description":"Led by Father Vin\u00edcius Maciel, ss.cc., the team from the National Secretariat for the Cause of Canonization of Blessed Father Eust\u00e1quio visited the Gilmara Iris Daycare Center, run by the Padre Giussani Educational Works. During the visit, the group witnessed the crowning ceremony performed by the children and the tribute paid to the mothers of the children attending the daycare center.","breadcrumb":{"@id":"https:\/\/www.padreeustaquio.com.br\/equipe-do-secretariado-nacional-para-a-causa-de-canonizacao-visita-obras-educativas-em-bh\/#breadcrumb"},"inLanguage":"en-US","potentialAction":[{"@type":"ReadAction","target":["https:\/\/www.padreeustaquio.com.br\/equipe-do-secretariado-nacional-para-a-causa-de-canonizacao-visita-obras-educativas-em-bh\/"]}]},{"@type":"ImageObject","inLanguage":"en-US","@id":"https:\/\/www.padreeustaquio.com.br\/equipe-do-secretariado-nacional-para-a-causa-de-canonizacao-visita-obras-educativas-em-bh\/#primaryimage","url":"https:\/\/www.padreeustaquio.com.br\/wp-content\/uploads\/2022\/06\/Visita-a-Creche-da-OEPG.jpeg","contentUrl":"https:\/\/www.padreeustaquio.com.br\/wp-content\/uploads\/2022\/06\/Visita-a-Creche-da-OEPG.jpeg","width":1000,"height":667,"caption":"Foto: Mateus Maciel"},{"@type":"BreadcrumbList","@id":"https:\/\/www.padreeustaquio.com.br\/equipe-do-secretariado-nacional-para-a-causa-de-canonizacao-visita-obras-educativas-em-bh\/#breadcrumb","itemListElement":[{"@type":"ListItem","position":1,"name":"In\u00edcio","item":"https:\/\/www.padreeustaquio.com.br\/"},{"@type":"ListItem","position":2,"name":"Equipe do Secretariado Nacional para a Causa de Canoniza\u00e7\u00e3o visita Obras Educativas em BH"}]},{"@type":"WebSite","@id":"https:\/\/www.padreeustaquio.com.br\/#website","url":"https:\/\/www.padreeustaquio.com.br\/","name":"FATHER EUST\u00c1QUIO","description":"Health and Peace","publisher":{"@id":"https:\/\/www.padreeustaquio.com.br\/#organization"},"potentialAction":[{"@type":"SearchAction","target":{"@type":"EntryPoint","urlTemplate":"https:\/\/www.padreeustaquio.com.br\/?s={search_term_string}"},"query-input":{"@type":"PropertyValueSpecification","valueRequired":true,"valueName":"search_term_string"}}],"inLanguage":"en-US"},{"@type":"Organization","@id":"https:\/\/www.padreeustaquio.com.br\/#organization","name":"FATHER EUST\u00c1QUIO","url":"https:\/\/www.padreeustaquio.com.br\/","logo":{"@type":"ImageObject","inLanguage":"en-US","@id":"https:\/\/www.padreeustaquio.com.br\/#\/schema\/logo\/image\/","url":"https:\/\/www.padreeustaquio.com.br\/wp-content\/uploads\/2019\/08\/marca.png","contentUrl":"https:\/\/www.padreeustaquio.com.br\/wp-content\/uploads\/2019\/08\/marca.png","width":350,"height":400,"caption":"Padre Eust\u00e1quio"},"image":{"@id":"https:\/\/www.padreeustaquio.com.br\/#\/schema\/logo\/image\/"},"sameAs":["https:\/\/www.facebook.com\/beatopadreeustaquio\/","https:\/\/x.com\/beatopeustaquio","https:\/\/www.instagram.com\/beatopadreeustaquio\/","https:\/\/www.youtube.com\/channel\/UCRhw7vfabnajwLxb1ZXMeIw"]},{"@type":"Person","@id":"https:\/\/www.padreeustaquio.com.br\/#\/schema\/person\/a2a51db1d00f1a7af0204a0f1ddb1566","name":"@sscc","image":{"@type":"ImageObject","inLanguage":"en-US","@id":"https:\/\/secure.gravatar.com\/avatar\/68cfafa5f44617fea54071e215026e0ff06be366c3d54a8425f04fdcb86f8c5f?s=96&d=mm&r=g","url":"https:\/\/secure.gravatar.com\/avatar\/68cfafa5f44617fea54071e215026e0ff06be366c3d54a8425f04fdcb86f8c5f?s=96&d=mm&r=g","contentUrl":"https:\/\/secure.gravatar.com\/avatar\/68cfafa5f44617fea54071e215026e0ff06be366c3d54a8425f04fdcb86f8c5f?s=96&d=mm&r=g","caption":"@sscc"},"url":"https:\/\/www.padreeustaquio.com.br\/en\/author\/sscc\/"}]}},"_links":{"self":[{"href":"https:\/\/www.padreeustaquio.com.br\/en\/wp-json\/wp\/v2\/posts\/8765","targetHints":{"allow":["GET"]}}],"collection":[{"href":"https:\/\/www.padreeustaquio.com.br\/en\/wp-json\/wp\/v2\/posts"}],"about":[{"href":"https:\/\/www.padreeustaquio.com.br\/en\/wp-json\/wp\/v2\/types\/post"}],"author":[{"embeddable":true,"href":"https:\/\/www.padreeustaquio.com.br\/en\/wp-json\/wp\/v2\/users\/2"}],"replies":[{"embeddable":true,"href":"https:\/\/www.padreeustaquio.com.br\/en\/wp-json\/wp\/v2\/comments?post=8765"}],"version-history":[{"count":0,"href":"https:\/\/www.padreeustaquio.com.br\/en\/wp-json\/wp\/v2\/posts\/8765\/revisions"}],"wp:featuredmedia":[{"embeddable":true,"href":"https:\/\/www.padreeustaquio.com.br\/en\/wp-json\/wp\/v2\/media\/8766"}],"wp:attachment":[{"href":"https:\/\/www.padreeustaquio.com.br\/en\/wp-json\/wp\/v2\/media?parent=8765"}],"wp:term":[{"taxonomy":"category","embeddable":true,"href":"https:\/\/www.padreeustaquio.com.br\/en\/wp-json\/wp\/v2\/categories?post=8765"},{"taxonomy":"post_tag","embeddable":true,"href":"https:\/\/www.padreeustaquio.com.br\/en\/wp-json\/wp\/v2\/tags?post=8765"}],"curies":[{"name":"wp","href":"https:\/\/api.w.org\/{rel}","templated":true}]}}