{"id":8748,"date":"2022-05-31T05:03:00","date_gmt":"2022-05-31T08:03:00","guid":{"rendered":"https:\/\/www.padreeustaquio.com.br\/?p=8748"},"modified":"2022-05-30T19:14:36","modified_gmt":"2022-05-30T22:14:36","slug":"father-vinicius-maciel-ss-cc-records-messages-for-a-program-on-tv-horizonte","status":"publish","type":"post","link":"https:\/\/www.padreeustaquio.com.br\/en\/father-vinicius-maciel-ss-cc-records-messages-for-a-program-on-tv-horizonte\/","title":{"rendered":"Father Vin\u00edcius Maciel, ss.cc records messages for a program on TV Horizonte."},"content":{"rendered":"<p>The representative of the Cause for the Canonization of Father Eust\u00e1quio and rector of the Sanctuary of Health and Peace, Father Vin\u00edcius Maciel, ss.cc, is participating throughout the month of June in the Bom Dia program on TV Horizonte. The show, presented by journalist Marcelo Silveira, airs Monday through Friday at 8:00 AM.<\/p>\n\n\n\n<p>This is the third time Father Vin\u00edcius has been invited to record for the program. The priest&#039;s participation offers a reflection based on the Gospel of the day.<\/p>\n\n\n\n<p>You can watch Father Vin\u00edcius Maciel&#039;s appearance on the Bom Dia program on YouTube. <a href=\"https:\/\/www.youtube.com\/watch?v=9dw0Qve-l-c\" target=\"_blank\" rel=\"noreferrer noopener\">TV Horizon<\/a>, via the website <a href=\"http:\/\/www.tvhorizonte.com.br\/tv-horizonte\/\" target=\"_blank\" rel=\"noreferrer noopener\">tvhorizonte.com.br<\/a> Or, in Belo Horizonte, on open channel 30.1 HDTV.<\/p>\n\n\n\n<p><\/p>","protected":false},"excerpt":{"rendered":"<p>O representante da Causa de Canoniza\u00e7\u00e3o do Padre Eust\u00e1quio e reitor do Santu\u00e1rio da Sa\u00fade e da Paz, Padre Vin\u00edcius Maciel, ss.cc, est\u00e1 participando, durante todo m\u00eas de Junho, do Programa Bom Dia, da TV Horizonte. A atra\u00e7\u00e3o, apresentada pelo jornalista Marcelo Silveira, vai ao ar de segunda a sexta, \u00e0s 8h da manh\u00e3. Essa \u00e9 a terceira vez que Padre Vin\u00edcius \u00e9 convidado a gravar para o programa. A participa\u00e7\u00e3o do sacerdote traz uma reflex\u00e3o a partir do Evangelho do dia. Voc\u00ea pode acompanhar a participa\u00e7\u00e3o do Padre Vin\u00edcius Maciel no Programa Bom Dia pelo YouTube TV Horizonte, pelo [&hellip;]<\/p>\n","protected":false},"author":2,"featured_media":8749,"comment_status":"open","ping_status":"closed","sticky":false,"template":"","format":"standard","meta":{"_acf_changed":false,"footnotes":""},"categories":[611],"tags":[],"class_list":["post-8748","post","type-post","status-publish","format-standard","has-post-thumbnail","hentry","category-noticias"],"acf":[],"yoast_head":"<!-- This site is optimized with the Yoast SEO plugin v27.2 - https:\/\/yoast.com\/product\/yoast-seo-wordpress\/ -->\n<title>Padre Vin\u00edcius Maciel, ss.cc grava mensagens para programa da TV Horizonte<\/title>\n<meta name=\"description\" content=\"O representante da Causa de Canoniza\u00e7\u00e3o do Padre Eust\u00e1quio e reitor do Santu\u00e1rio da Sa\u00fade e da Paz, Padre Vin\u00edcius Maciel, ss.cc, est\u00e1 participando, durante todo m\u00eas de Junho, do Programa Bom Dia, da TV Horizonte. A atra\u00e7\u00e3o, apresentada pelo jornalista Marcelo Silveira, vai ao ar de segunda a sexta, \u00e0s 8h da manh\u00e3.\" \/>\n<meta name=\"robots\" content=\"index, follow, max-snippet:-1, max-image-preview:large, max-video-preview:-1\" \/>\n<link rel=\"canonical\" href=\"https:\/\/www.padreeustaquio.com.br\/en\/father-vinicius-maciel-ss-cc-records-messages-for-a-program-on-tv-horizonte\/\" \/>\n<meta property=\"og:locale\" content=\"en_US\" \/>\n<meta property=\"og:type\" content=\"article\" \/>\n<meta property=\"og:title\" content=\"Padre Vin\u00edcius Maciel, ss.cc grava mensagens para programa da TV Horizonte\" \/>\n<meta property=\"og:description\" content=\"O representante da Causa de Canoniza\u00e7\u00e3o do Padre Eust\u00e1quio e reitor do Santu\u00e1rio da Sa\u00fade e da Paz, Padre Vin\u00edcius Maciel, ss.cc, est\u00e1 participando, durante todo m\u00eas de Junho, do Programa Bom Dia, da TV Horizonte. A atra\u00e7\u00e3o, apresentada pelo jornalista Marcelo Silveira, vai ao ar de segunda a sexta, \u00e0s 8h da manh\u00e3.\" \/>\n<meta property=\"og:url\" content=\"https:\/\/www.padreeustaquio.com.br\/en\/father-vinicius-maciel-ss-cc-records-messages-for-a-program-on-tv-horizonte\/\" \/>\n<meta property=\"og:site_name\" content=\"Padre Eust\u00e1quio\" \/>\n<meta property=\"article:publisher\" content=\"https:\/\/www.facebook.com\/beatopadreeustaquio\/\" \/>\n<meta property=\"article:published_time\" content=\"2022-05-31T08:03:00+00:00\" \/>\n<meta property=\"og:image\" content=\"https:\/\/www.padreeustaquio.com.br\/wp-content\/uploads\/2022\/05\/Padre-Vinicius-na-TV-Horizonte.jpeg\" \/>\n\t<meta property=\"og:image:width\" content=\"1280\" \/>\n\t<meta property=\"og:image:height\" content=\"725\" \/>\n\t<meta property=\"og:image:type\" content=\"image\/jpeg\" \/>\n<meta name=\"author\" content=\"@sscc\" \/>\n<meta name=\"twitter:card\" content=\"summary_large_image\" \/>\n<meta name=\"twitter:creator\" content=\"@beatopeustaquio\" \/>\n<meta name=\"twitter:site\" content=\"@beatopeustaquio\" \/>\n<meta name=\"twitter:label1\" content=\"Written by\" \/>\n\t<meta name=\"twitter:data1\" content=\"@sscc\" \/>\n\t<meta name=\"twitter:label2\" content=\"Est. reading time\" \/>\n\t<meta name=\"twitter:data2\" content=\"1 minute\" \/>\n<script type=\"application\/ld+json\" class=\"yoast-schema-graph\">{\"@context\":\"https:\/\/schema.org\",\"@graph\":[{\"@type\":\"Article\",\"@id\":\"https:\/\/www.padreeustaquio.com.br\/padre-vinicius-maciel-ss-cc-grava-mensagens-para-programa-da-tv-horizonte\/#article\",\"isPartOf\":{\"@id\":\"https:\/\/www.padreeustaquio.com.br\/padre-vinicius-maciel-ss-cc-grava-mensagens-para-programa-da-tv-horizonte\/\"},\"author\":{\"name\":\"@sscc\",\"@id\":\"https:\/\/www.padreeustaquio.com.br\/#\/schema\/person\/a2a51db1d00f1a7af0204a0f1ddb1566\"},\"headline\":\"Padre Vin\u00edcius Maciel, ss.cc grava mensagens para programa da TV Horizonte\",\"datePublished\":\"2022-05-31T08:03:00+00:00\",\"mainEntityOfPage\":{\"@id\":\"https:\/\/www.padreeustaquio.com.br\/padre-vinicius-maciel-ss-cc-grava-mensagens-para-programa-da-tv-horizonte\/\"},\"wordCount\":137,\"commentCount\":0,\"publisher\":{\"@id\":\"https:\/\/www.padreeustaquio.com.br\/#organization\"},\"image\":{\"@id\":\"https:\/\/www.padreeustaquio.com.br\/padre-vinicius-maciel-ss-cc-grava-mensagens-para-programa-da-tv-horizonte\/#primaryimage\"},\"thumbnailUrl\":\"https:\/\/www.padreeustaquio.com.br\/wp-content\/uploads\/2022\/05\/Padre-Vinicius-na-TV-Horizonte.jpeg\",\"articleSection\":[\"Not\u00edcias\"],\"inLanguage\":\"en-US\",\"potentialAction\":[{\"@type\":\"CommentAction\",\"name\":\"Comment\",\"target\":[\"https:\/\/www.padreeustaquio.com.br\/padre-vinicius-maciel-ss-cc-grava-mensagens-para-programa-da-tv-horizonte\/#respond\"]}]},{\"@type\":\"WebPage\",\"@id\":\"https:\/\/www.padreeustaquio.com.br\/padre-vinicius-maciel-ss-cc-grava-mensagens-para-programa-da-tv-horizonte\/\",\"url\":\"https:\/\/www.padreeustaquio.com.br\/padre-vinicius-maciel-ss-cc-grava-mensagens-para-programa-da-tv-horizonte\/\",\"name\":\"Padre Vin\u00edcius Maciel, ss.cc grava mensagens para programa da TV Horizonte\",\"isPartOf\":{\"@id\":\"https:\/\/www.padreeustaquio.com.br\/#website\"},\"primaryImageOfPage\":{\"@id\":\"https:\/\/www.padreeustaquio.com.br\/padre-vinicius-maciel-ss-cc-grava-mensagens-para-programa-da-tv-horizonte\/#primaryimage\"},\"image\":{\"@id\":\"https:\/\/www.padreeustaquio.com.br\/padre-vinicius-maciel-ss-cc-grava-mensagens-para-programa-da-tv-horizonte\/#primaryimage\"},\"thumbnailUrl\":\"https:\/\/www.padreeustaquio.com.br\/wp-content\/uploads\/2022\/05\/Padre-Vinicius-na-TV-Horizonte.jpeg\",\"datePublished\":\"2022-05-31T08:03:00+00:00\",\"description\":\"O representante da Causa de Canoniza\u00e7\u00e3o do Padre Eust\u00e1quio e reitor do Santu\u00e1rio da Sa\u00fade e da Paz, Padre Vin\u00edcius Maciel, ss.cc, est\u00e1 participando, durante todo m\u00eas de Junho, do Programa Bom Dia, da TV Horizonte. A atra\u00e7\u00e3o, apresentada pelo jornalista Marcelo Silveira, vai ao ar de segunda a sexta, \u00e0s 8h da manh\u00e3.\",\"breadcrumb\":{\"@id\":\"https:\/\/www.padreeustaquio.com.br\/padre-vinicius-maciel-ss-cc-grava-mensagens-para-programa-da-tv-horizonte\/#breadcrumb\"},\"inLanguage\":\"en-US\",\"potentialAction\":[{\"@type\":\"ReadAction\",\"target\":[\"https:\/\/www.padreeustaquio.com.br\/padre-vinicius-maciel-ss-cc-grava-mensagens-para-programa-da-tv-horizonte\/\"]}]},{\"@type\":\"ImageObject\",\"inLanguage\":\"en-US\",\"@id\":\"https:\/\/www.padreeustaquio.com.br\/padre-vinicius-maciel-ss-cc-grava-mensagens-para-programa-da-tv-horizonte\/#primaryimage\",\"url\":\"https:\/\/www.padreeustaquio.com.br\/wp-content\/uploads\/2022\/05\/Padre-Vinicius-na-TV-Horizonte.jpeg\",\"contentUrl\":\"https:\/\/www.padreeustaquio.com.br\/wp-content\/uploads\/2022\/05\/Padre-Vinicius-na-TV-Horizonte.jpeg\",\"width\":1280,\"height\":725},{\"@type\":\"BreadcrumbList\",\"@id\":\"https:\/\/www.padreeustaquio.com.br\/padre-vinicius-maciel-ss-cc-grava-mensagens-para-programa-da-tv-horizonte\/#breadcrumb\",\"itemListElement\":[{\"@type\":\"ListItem\",\"position\":1,\"name\":\"In\u00edcio\",\"item\":\"https:\/\/www.padreeustaquio.com.br\/\"},{\"@type\":\"ListItem\",\"position\":2,\"name\":\"Padre Vin\u00edcius Maciel, ss.cc grava mensagens para programa da TV Horizonte\"}]},{\"@type\":\"WebSite\",\"@id\":\"https:\/\/www.padreeustaquio.com.br\/#website\",\"url\":\"https:\/\/www.padreeustaquio.com.br\/\",\"name\":\"Padre Eust\u00e1quio\",\"description\":\"Sa\u00fade e Paz\",\"publisher\":{\"@id\":\"https:\/\/www.padreeustaquio.com.br\/#organization\"},\"potentialAction\":[{\"@type\":\"SearchAction\",\"target\":{\"@type\":\"EntryPoint\",\"urlTemplate\":\"https:\/\/www.padreeustaquio.com.br\/?s={search_term_string}\"},\"query-input\":{\"@type\":\"PropertyValueSpecification\",\"valueRequired\":true,\"valueName\":\"search_term_string\"}}],\"inLanguage\":\"en-US\"},{\"@type\":\"Organization\",\"@id\":\"https:\/\/www.padreeustaquio.com.br\/#organization\",\"name\":\"Padre Eust\u00e1quio\",\"url\":\"https:\/\/www.padreeustaquio.com.br\/\",\"logo\":{\"@type\":\"ImageObject\",\"inLanguage\":\"en-US\",\"@id\":\"https:\/\/www.padreeustaquio.com.br\/#\/schema\/logo\/image\/\",\"url\":\"https:\/\/www.padreeustaquio.com.br\/wp-content\/uploads\/2019\/08\/marca.png\",\"contentUrl\":\"https:\/\/www.padreeustaquio.com.br\/wp-content\/uploads\/2019\/08\/marca.png\",\"width\":350,\"height\":400,\"caption\":\"Padre Eust\u00e1quio\"},\"image\":{\"@id\":\"https:\/\/www.padreeustaquio.com.br\/#\/schema\/logo\/image\/\"},\"sameAs\":[\"https:\/\/www.facebook.com\/beatopadreeustaquio\/\",\"https:\/\/x.com\/beatopeustaquio\",\"https:\/\/www.instagram.com\/beatopadreeustaquio\/\",\"https:\/\/www.youtube.com\/channel\/UCRhw7vfabnajwLxb1ZXMeIw\"]},{\"@type\":\"Person\",\"@id\":\"https:\/\/www.padreeustaquio.com.br\/#\/schema\/person\/a2a51db1d00f1a7af0204a0f1ddb1566\",\"name\":\"@sscc\",\"image\":{\"@type\":\"ImageObject\",\"inLanguage\":\"en-US\",\"@id\":\"https:\/\/secure.gravatar.com\/avatar\/68cfafa5f44617fea54071e215026e0ff06be366c3d54a8425f04fdcb86f8c5f?s=96&d=mm&r=g\",\"url\":\"https:\/\/secure.gravatar.com\/avatar\/68cfafa5f44617fea54071e215026e0ff06be366c3d54a8425f04fdcb86f8c5f?s=96&d=mm&r=g\",\"contentUrl\":\"https:\/\/secure.gravatar.com\/avatar\/68cfafa5f44617fea54071e215026e0ff06be366c3d54a8425f04fdcb86f8c5f?s=96&d=mm&r=g\",\"caption\":\"@sscc\"},\"url\":\"https:\/\/www.padreeustaquio.com.br\/en\/author\/sscc\/\"}]}<\/script>\n<!-- \/ Yoast SEO plugin. -->","yoast_head_json":{"title":"Father Vin\u00edcius Maciel, ss.cc records messages for a program on TV Horizonte.","description":"The representative of the Cause for the Canonization of Father Eust\u00e1quio and rector of the Sanctuary of Health and Peace, Father Vin\u00edcius Maciel, ss.cc, is participating throughout the month of June in the Bom Dia program on TV Horizonte. The show, presented by journalist Marcelo Silveira, airs Monday through Friday at 8:00 AM.","robots":{"index":"index","follow":"follow","max-snippet":"max-snippet:-1","max-image-preview":"max-image-preview:large","max-video-preview":"max-video-preview:-1"},"canonical":"https:\/\/www.padreeustaquio.com.br\/en\/father-vinicius-maciel-ss-cc-records-messages-for-a-program-on-tv-horizonte\/","og_locale":"en_US","og_type":"article","og_title":"Padre Vin\u00edcius Maciel, ss.cc grava mensagens para programa da TV Horizonte","og_description":"O representante da Causa de Canoniza\u00e7\u00e3o do Padre Eust\u00e1quio e reitor do Santu\u00e1rio da Sa\u00fade e da Paz, Padre Vin\u00edcius Maciel, ss.cc, est\u00e1 participando, durante todo m\u00eas de Junho, do Programa Bom Dia, da TV Horizonte. A atra\u00e7\u00e3o, apresentada pelo jornalista Marcelo Silveira, vai ao ar de segunda a sexta, \u00e0s 8h da manh\u00e3.","og_url":"https:\/\/www.padreeustaquio.com.br\/en\/father-vinicius-maciel-ss-cc-records-messages-for-a-program-on-tv-horizonte\/","og_site_name":"Padre Eust\u00e1quio","article_publisher":"https:\/\/www.facebook.com\/beatopadreeustaquio\/","article_published_time":"2022-05-31T08:03:00+00:00","og_image":[{"width":1280,"height":725,"url":"https:\/\/www.padreeustaquio.com.br\/wp-content\/uploads\/2022\/05\/Padre-Vinicius-na-TV-Horizonte.jpeg","type":"image\/jpeg"}],"author":"@sscc","twitter_card":"summary_large_image","twitter_creator":"@beatopeustaquio","twitter_site":"@beatopeustaquio","twitter_misc":{"Written by":"@sscc","Est. reading time":"1 minute"},"schema":{"@context":"https:\/\/schema.org","@graph":[{"@type":"Article","@id":"https:\/\/www.padreeustaquio.com.br\/padre-vinicius-maciel-ss-cc-grava-mensagens-para-programa-da-tv-horizonte\/#article","isPartOf":{"@id":"https:\/\/www.padreeustaquio.com.br\/padre-vinicius-maciel-ss-cc-grava-mensagens-para-programa-da-tv-horizonte\/"},"author":{"name":"@sscc","@id":"https:\/\/www.padreeustaquio.com.br\/#\/schema\/person\/a2a51db1d00f1a7af0204a0f1ddb1566"},"headline":"Padre Vin\u00edcius Maciel, ss.cc grava mensagens para programa da TV Horizonte","datePublished":"2022-05-31T08:03:00+00:00","mainEntityOfPage":{"@id":"https:\/\/www.padreeustaquio.com.br\/padre-vinicius-maciel-ss-cc-grava-mensagens-para-programa-da-tv-horizonte\/"},"wordCount":137,"commentCount":0,"publisher":{"@id":"https:\/\/www.padreeustaquio.com.br\/#organization"},"image":{"@id":"https:\/\/www.padreeustaquio.com.br\/padre-vinicius-maciel-ss-cc-grava-mensagens-para-programa-da-tv-horizonte\/#primaryimage"},"thumbnailUrl":"https:\/\/www.padreeustaquio.com.br\/wp-content\/uploads\/2022\/05\/Padre-Vinicius-na-TV-Horizonte.jpeg","articleSection":["Not\u00edcias"],"inLanguage":"en-US","potentialAction":[{"@type":"CommentAction","name":"Comment","target":["https:\/\/www.padreeustaquio.com.br\/padre-vinicius-maciel-ss-cc-grava-mensagens-para-programa-da-tv-horizonte\/#respond"]}]},{"@type":"WebPage","@id":"https:\/\/www.padreeustaquio.com.br\/padre-vinicius-maciel-ss-cc-grava-mensagens-para-programa-da-tv-horizonte\/","url":"https:\/\/www.padreeustaquio.com.br\/padre-vinicius-maciel-ss-cc-grava-mensagens-para-programa-da-tv-horizonte\/","name":"Father Vin\u00edcius Maciel, ss.cc records messages for a program on TV Horizonte.","isPartOf":{"@id":"https:\/\/www.padreeustaquio.com.br\/#website"},"primaryImageOfPage":{"@id":"https:\/\/www.padreeustaquio.com.br\/padre-vinicius-maciel-ss-cc-grava-mensagens-para-programa-da-tv-horizonte\/#primaryimage"},"image":{"@id":"https:\/\/www.padreeustaquio.com.br\/padre-vinicius-maciel-ss-cc-grava-mensagens-para-programa-da-tv-horizonte\/#primaryimage"},"thumbnailUrl":"https:\/\/www.padreeustaquio.com.br\/wp-content\/uploads\/2022\/05\/Padre-Vinicius-na-TV-Horizonte.jpeg","datePublished":"2022-05-31T08:03:00+00:00","description":"The representative of the Cause for the Canonization of Father Eust\u00e1quio and rector of the Sanctuary of Health and Peace, Father Vin\u00edcius Maciel, ss.cc, is participating throughout the month of June in the Bom Dia program on TV Horizonte. The show, presented by journalist Marcelo Silveira, airs Monday through Friday at 8:00 AM.","breadcrumb":{"@id":"https:\/\/www.padreeustaquio.com.br\/padre-vinicius-maciel-ss-cc-grava-mensagens-para-programa-da-tv-horizonte\/#breadcrumb"},"inLanguage":"en-US","potentialAction":[{"@type":"ReadAction","target":["https:\/\/www.padreeustaquio.com.br\/padre-vinicius-maciel-ss-cc-grava-mensagens-para-programa-da-tv-horizonte\/"]}]},{"@type":"ImageObject","inLanguage":"en-US","@id":"https:\/\/www.padreeustaquio.com.br\/padre-vinicius-maciel-ss-cc-grava-mensagens-para-programa-da-tv-horizonte\/#primaryimage","url":"https:\/\/www.padreeustaquio.com.br\/wp-content\/uploads\/2022\/05\/Padre-Vinicius-na-TV-Horizonte.jpeg","contentUrl":"https:\/\/www.padreeustaquio.com.br\/wp-content\/uploads\/2022\/05\/Padre-Vinicius-na-TV-Horizonte.jpeg","width":1280,"height":725},{"@type":"BreadcrumbList","@id":"https:\/\/www.padreeustaquio.com.br\/padre-vinicius-maciel-ss-cc-grava-mensagens-para-programa-da-tv-horizonte\/#breadcrumb","itemListElement":[{"@type":"ListItem","position":1,"name":"In\u00edcio","item":"https:\/\/www.padreeustaquio.com.br\/"},{"@type":"ListItem","position":2,"name":"Padre Vin\u00edcius Maciel, ss.cc grava mensagens para programa da TV Horizonte"}]},{"@type":"WebSite","@id":"https:\/\/www.padreeustaquio.com.br\/#website","url":"https:\/\/www.padreeustaquio.com.br\/","name":"FATHER EUST\u00c1QUIO","description":"Health and Peace","publisher":{"@id":"https:\/\/www.padreeustaquio.com.br\/#organization"},"potentialAction":[{"@type":"SearchAction","target":{"@type":"EntryPoint","urlTemplate":"https:\/\/www.padreeustaquio.com.br\/?s={search_term_string}"},"query-input":{"@type":"PropertyValueSpecification","valueRequired":true,"valueName":"search_term_string"}}],"inLanguage":"en-US"},{"@type":"Organization","@id":"https:\/\/www.padreeustaquio.com.br\/#organization","name":"FATHER EUST\u00c1QUIO","url":"https:\/\/www.padreeustaquio.com.br\/","logo":{"@type":"ImageObject","inLanguage":"en-US","@id":"https:\/\/www.padreeustaquio.com.br\/#\/schema\/logo\/image\/","url":"https:\/\/www.padreeustaquio.com.br\/wp-content\/uploads\/2019\/08\/marca.png","contentUrl":"https:\/\/www.padreeustaquio.com.br\/wp-content\/uploads\/2019\/08\/marca.png","width":350,"height":400,"caption":"Padre Eust\u00e1quio"},"image":{"@id":"https:\/\/www.padreeustaquio.com.br\/#\/schema\/logo\/image\/"},"sameAs":["https:\/\/www.facebook.com\/beatopadreeustaquio\/","https:\/\/x.com\/beatopeustaquio","https:\/\/www.instagram.com\/beatopadreeustaquio\/","https:\/\/www.youtube.com\/channel\/UCRhw7vfabnajwLxb1ZXMeIw"]},{"@type":"Person","@id":"https:\/\/www.padreeustaquio.com.br\/#\/schema\/person\/a2a51db1d00f1a7af0204a0f1ddb1566","name":"@sscc","image":{"@type":"ImageObject","inLanguage":"en-US","@id":"https:\/\/secure.gravatar.com\/avatar\/68cfafa5f44617fea54071e215026e0ff06be366c3d54a8425f04fdcb86f8c5f?s=96&d=mm&r=g","url":"https:\/\/secure.gravatar.com\/avatar\/68cfafa5f44617fea54071e215026e0ff06be366c3d54a8425f04fdcb86f8c5f?s=96&d=mm&r=g","contentUrl":"https:\/\/secure.gravatar.com\/avatar\/68cfafa5f44617fea54071e215026e0ff06be366c3d54a8425f04fdcb86f8c5f?s=96&d=mm&r=g","caption":"@sscc"},"url":"https:\/\/www.padreeustaquio.com.br\/en\/author\/sscc\/"}]}},"_links":{"self":[{"href":"https:\/\/www.padreeustaquio.com.br\/en\/wp-json\/wp\/v2\/posts\/8748","targetHints":{"allow":["GET"]}}],"collection":[{"href":"https:\/\/www.padreeustaquio.com.br\/en\/wp-json\/wp\/v2\/posts"}],"about":[{"href":"https:\/\/www.padreeustaquio.com.br\/en\/wp-json\/wp\/v2\/types\/post"}],"author":[{"embeddable":true,"href":"https:\/\/www.padreeustaquio.com.br\/en\/wp-json\/wp\/v2\/users\/2"}],"replies":[{"embeddable":true,"href":"https:\/\/www.padreeustaquio.com.br\/en\/wp-json\/wp\/v2\/comments?post=8748"}],"version-history":[{"count":0,"href":"https:\/\/www.padreeustaquio.com.br\/en\/wp-json\/wp\/v2\/posts\/8748\/revisions"}],"wp:featuredmedia":[{"embeddable":true,"href":"https:\/\/www.padreeustaquio.com.br\/en\/wp-json\/wp\/v2\/media\/8749"}],"wp:attachment":[{"href":"https:\/\/www.padreeustaquio.com.br\/en\/wp-json\/wp\/v2\/media?parent=8748"}],"wp:term":[{"taxonomy":"category","embeddable":true,"href":"https:\/\/www.padreeustaquio.com.br\/en\/wp-json\/wp\/v2\/categories?post=8748"},{"taxonomy":"post_tag","embeddable":true,"href":"https:\/\/www.padreeustaquio.com.br\/en\/wp-json\/wp\/v2\/tags?post=8748"}],"curies":[{"name":"wp","href":"https:\/\/api.w.org\/{rel}","templated":true}]}}