{"id":8740,"date":"2022-06-02T06:11:00","date_gmt":"2022-06-02T09:11:00","guid":{"rendered":"https:\/\/www.padreeustaquio.com.br\/?p=8740"},"modified":"2022-05-29T13:23:39","modified_gmt":"2022-05-29T16:23:39","slug":"recovered-photo-get-to-know-the-ship-that-father-eustaquio-came-to-brazil-on","status":"publish","type":"post","link":"https:\/\/www.padreeustaquio.com.br\/en\/recovered-photo-get-to-know-the-ship-that-father-eustaquio-came-to-brazil-on\/","title":{"rendered":"Recovered photo: get to know the ship that Father Eust\u00e1quio came to Brazil on."},"content":{"rendered":"<p>A photograph of the ship on which Father Eust\u00e1quio came to Brazil along with his mission companions, Father Gil and Father Mathias, was found by the team cataloging the Blessed&#039;s belongings. The engraving shows the ship Flandria on which the Blessed embarked on April 22, 1925, from Amsterdam (Netherlands) to Brazilian lands.<\/p>\n\n\n\n<p>The three priests came to Brazil to answer a call from the local church, which relied on European priests to serve the Catholic population. As a result, they also founded the Province of the Congregation of the Sacred Hearts in the country. Eust\u00e1quio, Mathias, and Gil disembarked in Rio de Janeiro on May 12, 1925, after a 21-day voyage across the Atlantic Ocean.<\/p>\n\n\n\n<p>After spending a few days in Rio de Janeiro, Father Eust\u00e1quio and his mission companions went to Aparecida, S\u00e3o Paulo, to consecrate the mission to Our Lady, and only after that did they begin to settle in the cities that at that time belonged to the Diocese of Uberaba, in the Tri\u00e2ngulo Mineiro region.<\/p>\n\n\n\n<p><\/p>","protected":false},"excerpt":{"rendered":"<p>Uma foto do navio onde Padre Eust\u00e1quio veio para o Brasil junto com seus companheiros de miss\u00e3o, Padre Gil e Padre Mathias, foi encontrada pela equipe que cataloga os pertences do Bem-aventurado. A gravura mostra o Navio Flandria no qual o Beato embarcou no dia 22 de abril de 1925 de Amsterd\u00e3 (Holanda) para terras brasileiras. Os tr\u00eas padres vieram para o Brasil com o objetivo de atender a um chamado da igreja local que contava com padres europeus para atender ao povo cat\u00f3lico, como consequ\u00eancia eles tamb\u00e9m fundaram a Prov\u00edncia da Congrega\u00e7\u00e3o dos Sagrados Cora\u00e7\u00f5es no pa\u00eds. Eust\u00e1quio, Mathias [&hellip;]<\/p>\n","protected":false},"author":2,"featured_media":8741,"comment_status":"open","ping_status":"closed","sticky":false,"template":"","format":"standard","meta":{"_acf_changed":false,"footnotes":""},"categories":[611],"tags":[],"class_list":["post-8740","post","type-post","status-publish","format-standard","has-post-thumbnail","hentry","category-noticias"],"acf":[],"yoast_head":"<!-- This site is optimized with the Yoast SEO plugin v27.2 - https:\/\/yoast.com\/product\/yoast-seo-wordpress\/ -->\n<title>Foto recuperada: conhe\u00e7a o navio que Padre Eust\u00e1quio veio para o Brasil<\/title>\n<meta name=\"description\" content=\"Uma foto do navio onde Padre Eust\u00e1quio veio para o Brasil junto com seus companheiros de miss\u00e3o, Padre Gil e Padre Mathias, foi encontrada pela equipe que cataloga os pertences do Bem-aventurado. A gravura mostra o Navio Flandria no qual o Beato embarcou no dia 22 de abril de 1925 de Amsterd\u00e3 (Holanda) para terras brasileiras.\" \/>\n<meta name=\"robots\" content=\"index, follow, max-snippet:-1, max-image-preview:large, max-video-preview:-1\" \/>\n<link rel=\"canonical\" href=\"https:\/\/www.padreeustaquio.com.br\/en\/recovered-photo-get-to-know-the-ship-that-father-eustaquio-came-to-brazil-on\/\" \/>\n<meta property=\"og:locale\" content=\"en_US\" \/>\n<meta property=\"og:type\" content=\"article\" \/>\n<meta property=\"og:title\" content=\"Foto recuperada: conhe\u00e7a o navio que Padre Eust\u00e1quio veio para o Brasil\" \/>\n<meta property=\"og:description\" content=\"Uma foto do navio onde Padre Eust\u00e1quio veio para o Brasil junto com seus companheiros de miss\u00e3o, Padre Gil e Padre Mathias, foi encontrada pela equipe que cataloga os pertences do Bem-aventurado. A gravura mostra o Navio Flandria no qual o Beato embarcou no dia 22 de abril de 1925 de Amsterd\u00e3 (Holanda) para terras brasileiras.\" \/>\n<meta property=\"og:url\" content=\"https:\/\/www.padreeustaquio.com.br\/en\/recovered-photo-get-to-know-the-ship-that-father-eustaquio-came-to-brazil-on\/\" \/>\n<meta property=\"og:site_name\" content=\"Padre Eust\u00e1quio\" \/>\n<meta property=\"article:publisher\" content=\"https:\/\/www.facebook.com\/beatopadreeustaquio\/\" \/>\n<meta property=\"article:published_time\" content=\"2022-06-02T09:11:00+00:00\" \/>\n<meta property=\"og:image\" content=\"https:\/\/www.padreeustaquio.com.br\/wp-content\/uploads\/2022\/05\/navio-de-padre-eustaquio.jpg\" \/>\n\t<meta property=\"og:image:width\" content=\"748\" \/>\n\t<meta property=\"og:image:height\" content=\"394\" \/>\n\t<meta property=\"og:image:type\" content=\"image\/jpeg\" \/>\n<meta name=\"author\" content=\"@sscc\" \/>\n<meta name=\"twitter:card\" content=\"summary_large_image\" \/>\n<meta name=\"twitter:creator\" content=\"@beatopeustaquio\" \/>\n<meta name=\"twitter:site\" content=\"@beatopeustaquio\" \/>\n<meta name=\"twitter:label1\" content=\"Written by\" \/>\n\t<meta name=\"twitter:data1\" content=\"@sscc\" \/>\n\t<meta name=\"twitter:label2\" content=\"Est. reading time\" \/>\n\t<meta name=\"twitter:data2\" content=\"1 minute\" \/>\n<script type=\"application\/ld+json\" class=\"yoast-schema-graph\">{\"@context\":\"https:\/\/schema.org\",\"@graph\":[{\"@type\":\"Article\",\"@id\":\"https:\/\/www.padreeustaquio.com.br\/foto-recuperada-conheca-o-navio-que-padre-eustaquio-veio-para-o-brasil\/#article\",\"isPartOf\":{\"@id\":\"https:\/\/www.padreeustaquio.com.br\/foto-recuperada-conheca-o-navio-que-padre-eustaquio-veio-para-o-brasil\/\"},\"author\":{\"name\":\"@sscc\",\"@id\":\"https:\/\/www.padreeustaquio.com.br\/#\/schema\/person\/a2a51db1d00f1a7af0204a0f1ddb1566\"},\"headline\":\"Foto recuperada: conhe\u00e7a o navio que Padre Eust\u00e1quio veio para o Brasil\",\"datePublished\":\"2022-06-02T09:11:00+00:00\",\"mainEntityOfPage\":{\"@id\":\"https:\/\/www.padreeustaquio.com.br\/foto-recuperada-conheca-o-navio-que-padre-eustaquio-veio-para-o-brasil\/\"},\"wordCount\":196,\"commentCount\":0,\"publisher\":{\"@id\":\"https:\/\/www.padreeustaquio.com.br\/#organization\"},\"image\":{\"@id\":\"https:\/\/www.padreeustaquio.com.br\/foto-recuperada-conheca-o-navio-que-padre-eustaquio-veio-para-o-brasil\/#primaryimage\"},\"thumbnailUrl\":\"https:\/\/www.padreeustaquio.com.br\/wp-content\/uploads\/2022\/05\/navio-de-padre-eustaquio.jpg\",\"articleSection\":[\"Not\u00edcias\"],\"inLanguage\":\"en-US\",\"potentialAction\":[{\"@type\":\"CommentAction\",\"name\":\"Comment\",\"target\":[\"https:\/\/www.padreeustaquio.com.br\/foto-recuperada-conheca-o-navio-que-padre-eustaquio-veio-para-o-brasil\/#respond\"]}]},{\"@type\":\"WebPage\",\"@id\":\"https:\/\/www.padreeustaquio.com.br\/foto-recuperada-conheca-o-navio-que-padre-eustaquio-veio-para-o-brasil\/\",\"url\":\"https:\/\/www.padreeustaquio.com.br\/foto-recuperada-conheca-o-navio-que-padre-eustaquio-veio-para-o-brasil\/\",\"name\":\"Foto recuperada: conhe\u00e7a o navio que Padre Eust\u00e1quio veio para o Brasil\",\"isPartOf\":{\"@id\":\"https:\/\/www.padreeustaquio.com.br\/#website\"},\"primaryImageOfPage\":{\"@id\":\"https:\/\/www.padreeustaquio.com.br\/foto-recuperada-conheca-o-navio-que-padre-eustaquio-veio-para-o-brasil\/#primaryimage\"},\"image\":{\"@id\":\"https:\/\/www.padreeustaquio.com.br\/foto-recuperada-conheca-o-navio-que-padre-eustaquio-veio-para-o-brasil\/#primaryimage\"},\"thumbnailUrl\":\"https:\/\/www.padreeustaquio.com.br\/wp-content\/uploads\/2022\/05\/navio-de-padre-eustaquio.jpg\",\"datePublished\":\"2022-06-02T09:11:00+00:00\",\"description\":\"Uma foto do navio onde Padre Eust\u00e1quio veio para o Brasil junto com seus companheiros de miss\u00e3o, Padre Gil e Padre Mathias, foi encontrada pela equipe que cataloga os pertences do Bem-aventurado. A gravura mostra o Navio Flandria no qual o Beato embarcou no dia 22 de abril de 1925 de Amsterd\u00e3 (Holanda) para terras brasileiras.\",\"breadcrumb\":{\"@id\":\"https:\/\/www.padreeustaquio.com.br\/foto-recuperada-conheca-o-navio-que-padre-eustaquio-veio-para-o-brasil\/#breadcrumb\"},\"inLanguage\":\"en-US\",\"potentialAction\":[{\"@type\":\"ReadAction\",\"target\":[\"https:\/\/www.padreeustaquio.com.br\/foto-recuperada-conheca-o-navio-que-padre-eustaquio-veio-para-o-brasil\/\"]}]},{\"@type\":\"ImageObject\",\"inLanguage\":\"en-US\",\"@id\":\"https:\/\/www.padreeustaquio.com.br\/foto-recuperada-conheca-o-navio-que-padre-eustaquio-veio-para-o-brasil\/#primaryimage\",\"url\":\"https:\/\/www.padreeustaquio.com.br\/wp-content\/uploads\/2022\/05\/navio-de-padre-eustaquio.jpg\",\"contentUrl\":\"https:\/\/www.padreeustaquio.com.br\/wp-content\/uploads\/2022\/05\/navio-de-padre-eustaquio.jpg\",\"width\":748,\"height\":394},{\"@type\":\"BreadcrumbList\",\"@id\":\"https:\/\/www.padreeustaquio.com.br\/foto-recuperada-conheca-o-navio-que-padre-eustaquio-veio-para-o-brasil\/#breadcrumb\",\"itemListElement\":[{\"@type\":\"ListItem\",\"position\":1,\"name\":\"In\u00edcio\",\"item\":\"https:\/\/www.padreeustaquio.com.br\/\"},{\"@type\":\"ListItem\",\"position\":2,\"name\":\"Foto recuperada: conhe\u00e7a o navio que Padre Eust\u00e1quio veio para o Brasil\"}]},{\"@type\":\"WebSite\",\"@id\":\"https:\/\/www.padreeustaquio.com.br\/#website\",\"url\":\"https:\/\/www.padreeustaquio.com.br\/\",\"name\":\"Padre Eust\u00e1quio\",\"description\":\"Sa\u00fade e Paz\",\"publisher\":{\"@id\":\"https:\/\/www.padreeustaquio.com.br\/#organization\"},\"potentialAction\":[{\"@type\":\"SearchAction\",\"target\":{\"@type\":\"EntryPoint\",\"urlTemplate\":\"https:\/\/www.padreeustaquio.com.br\/?s={search_term_string}\"},\"query-input\":{\"@type\":\"PropertyValueSpecification\",\"valueRequired\":true,\"valueName\":\"search_term_string\"}}],\"inLanguage\":\"en-US\"},{\"@type\":\"Organization\",\"@id\":\"https:\/\/www.padreeustaquio.com.br\/#organization\",\"name\":\"Padre Eust\u00e1quio\",\"url\":\"https:\/\/www.padreeustaquio.com.br\/\",\"logo\":{\"@type\":\"ImageObject\",\"inLanguage\":\"en-US\",\"@id\":\"https:\/\/www.padreeustaquio.com.br\/#\/schema\/logo\/image\/\",\"url\":\"https:\/\/www.padreeustaquio.com.br\/wp-content\/uploads\/2019\/08\/marca.png\",\"contentUrl\":\"https:\/\/www.padreeustaquio.com.br\/wp-content\/uploads\/2019\/08\/marca.png\",\"width\":350,\"height\":400,\"caption\":\"Padre Eust\u00e1quio\"},\"image\":{\"@id\":\"https:\/\/www.padreeustaquio.com.br\/#\/schema\/logo\/image\/\"},\"sameAs\":[\"https:\/\/www.facebook.com\/beatopadreeustaquio\/\",\"https:\/\/x.com\/beatopeustaquio\",\"https:\/\/www.instagram.com\/beatopadreeustaquio\/\",\"https:\/\/www.youtube.com\/channel\/UCRhw7vfabnajwLxb1ZXMeIw\"]},{\"@type\":\"Person\",\"@id\":\"https:\/\/www.padreeustaquio.com.br\/#\/schema\/person\/a2a51db1d00f1a7af0204a0f1ddb1566\",\"name\":\"@sscc\",\"image\":{\"@type\":\"ImageObject\",\"inLanguage\":\"en-US\",\"@id\":\"https:\/\/secure.gravatar.com\/avatar\/68cfafa5f44617fea54071e215026e0ff06be366c3d54a8425f04fdcb86f8c5f?s=96&d=mm&r=g\",\"url\":\"https:\/\/secure.gravatar.com\/avatar\/68cfafa5f44617fea54071e215026e0ff06be366c3d54a8425f04fdcb86f8c5f?s=96&d=mm&r=g\",\"contentUrl\":\"https:\/\/secure.gravatar.com\/avatar\/68cfafa5f44617fea54071e215026e0ff06be366c3d54a8425f04fdcb86f8c5f?s=96&d=mm&r=g\",\"caption\":\"@sscc\"},\"url\":\"https:\/\/www.padreeustaquio.com.br\/en\/author\/sscc\/\"}]}<\/script>\n<!-- \/ Yoast SEO plugin. -->","yoast_head_json":{"title":"Recovered photo: get to know the ship that Father Eust\u00e1quio came to Brazil on.","description":"A photograph of the ship on which Father Eust\u00e1quio came to Brazil along with his mission companions, Father Gil and Father Mathias, was found by the team cataloging the Blessed&#039;s belongings. The engraving shows the ship Flandria on which the Blessed embarked on April 22, 1925, from Amsterdam (Netherlands) to Brazilian lands.","robots":{"index":"index","follow":"follow","max-snippet":"max-snippet:-1","max-image-preview":"max-image-preview:large","max-video-preview":"max-video-preview:-1"},"canonical":"https:\/\/www.padreeustaquio.com.br\/en\/recovered-photo-get-to-know-the-ship-that-father-eustaquio-came-to-brazil-on\/","og_locale":"en_US","og_type":"article","og_title":"Foto recuperada: conhe\u00e7a o navio que Padre Eust\u00e1quio veio para o Brasil","og_description":"Uma foto do navio onde Padre Eust\u00e1quio veio para o Brasil junto com seus companheiros de miss\u00e3o, Padre Gil e Padre Mathias, foi encontrada pela equipe que cataloga os pertences do Bem-aventurado. A gravura mostra o Navio Flandria no qual o Beato embarcou no dia 22 de abril de 1925 de Amsterd\u00e3 (Holanda) para terras brasileiras.","og_url":"https:\/\/www.padreeustaquio.com.br\/en\/recovered-photo-get-to-know-the-ship-that-father-eustaquio-came-to-brazil-on\/","og_site_name":"Padre Eust\u00e1quio","article_publisher":"https:\/\/www.facebook.com\/beatopadreeustaquio\/","article_published_time":"2022-06-02T09:11:00+00:00","og_image":[{"width":748,"height":394,"url":"https:\/\/www.padreeustaquio.com.br\/wp-content\/uploads\/2022\/05\/navio-de-padre-eustaquio.jpg","type":"image\/jpeg"}],"author":"@sscc","twitter_card":"summary_large_image","twitter_creator":"@beatopeustaquio","twitter_site":"@beatopeustaquio","twitter_misc":{"Written by":"@sscc","Est. reading time":"1 minute"},"schema":{"@context":"https:\/\/schema.org","@graph":[{"@type":"Article","@id":"https:\/\/www.padreeustaquio.com.br\/foto-recuperada-conheca-o-navio-que-padre-eustaquio-veio-para-o-brasil\/#article","isPartOf":{"@id":"https:\/\/www.padreeustaquio.com.br\/foto-recuperada-conheca-o-navio-que-padre-eustaquio-veio-para-o-brasil\/"},"author":{"name":"@sscc","@id":"https:\/\/www.padreeustaquio.com.br\/#\/schema\/person\/a2a51db1d00f1a7af0204a0f1ddb1566"},"headline":"Foto recuperada: conhe\u00e7a o navio que Padre Eust\u00e1quio veio para o Brasil","datePublished":"2022-06-02T09:11:00+00:00","mainEntityOfPage":{"@id":"https:\/\/www.padreeustaquio.com.br\/foto-recuperada-conheca-o-navio-que-padre-eustaquio-veio-para-o-brasil\/"},"wordCount":196,"commentCount":0,"publisher":{"@id":"https:\/\/www.padreeustaquio.com.br\/#organization"},"image":{"@id":"https:\/\/www.padreeustaquio.com.br\/foto-recuperada-conheca-o-navio-que-padre-eustaquio-veio-para-o-brasil\/#primaryimage"},"thumbnailUrl":"https:\/\/www.padreeustaquio.com.br\/wp-content\/uploads\/2022\/05\/navio-de-padre-eustaquio.jpg","articleSection":["Not\u00edcias"],"inLanguage":"en-US","potentialAction":[{"@type":"CommentAction","name":"Comment","target":["https:\/\/www.padreeustaquio.com.br\/foto-recuperada-conheca-o-navio-que-padre-eustaquio-veio-para-o-brasil\/#respond"]}]},{"@type":"WebPage","@id":"https:\/\/www.padreeustaquio.com.br\/foto-recuperada-conheca-o-navio-que-padre-eustaquio-veio-para-o-brasil\/","url":"https:\/\/www.padreeustaquio.com.br\/foto-recuperada-conheca-o-navio-que-padre-eustaquio-veio-para-o-brasil\/","name":"Recovered photo: get to know the ship that Father Eust\u00e1quio came to Brazil on.","isPartOf":{"@id":"https:\/\/www.padreeustaquio.com.br\/#website"},"primaryImageOfPage":{"@id":"https:\/\/www.padreeustaquio.com.br\/foto-recuperada-conheca-o-navio-que-padre-eustaquio-veio-para-o-brasil\/#primaryimage"},"image":{"@id":"https:\/\/www.padreeustaquio.com.br\/foto-recuperada-conheca-o-navio-que-padre-eustaquio-veio-para-o-brasil\/#primaryimage"},"thumbnailUrl":"https:\/\/www.padreeustaquio.com.br\/wp-content\/uploads\/2022\/05\/navio-de-padre-eustaquio.jpg","datePublished":"2022-06-02T09:11:00+00:00","description":"A photograph of the ship on which Father Eust\u00e1quio came to Brazil along with his mission companions, Father Gil and Father Mathias, was found by the team cataloging the Blessed&#039;s belongings. The engraving shows the ship Flandria on which the Blessed embarked on April 22, 1925, from Amsterdam (Netherlands) to Brazilian lands.","breadcrumb":{"@id":"https:\/\/www.padreeustaquio.com.br\/foto-recuperada-conheca-o-navio-que-padre-eustaquio-veio-para-o-brasil\/#breadcrumb"},"inLanguage":"en-US","potentialAction":[{"@type":"ReadAction","target":["https:\/\/www.padreeustaquio.com.br\/foto-recuperada-conheca-o-navio-que-padre-eustaquio-veio-para-o-brasil\/"]}]},{"@type":"ImageObject","inLanguage":"en-US","@id":"https:\/\/www.padreeustaquio.com.br\/foto-recuperada-conheca-o-navio-que-padre-eustaquio-veio-para-o-brasil\/#primaryimage","url":"https:\/\/www.padreeustaquio.com.br\/wp-content\/uploads\/2022\/05\/navio-de-padre-eustaquio.jpg","contentUrl":"https:\/\/www.padreeustaquio.com.br\/wp-content\/uploads\/2022\/05\/navio-de-padre-eustaquio.jpg","width":748,"height":394},{"@type":"BreadcrumbList","@id":"https:\/\/www.padreeustaquio.com.br\/foto-recuperada-conheca-o-navio-que-padre-eustaquio-veio-para-o-brasil\/#breadcrumb","itemListElement":[{"@type":"ListItem","position":1,"name":"In\u00edcio","item":"https:\/\/www.padreeustaquio.com.br\/"},{"@type":"ListItem","position":2,"name":"Foto recuperada: conhe\u00e7a o navio que Padre Eust\u00e1quio veio para o Brasil"}]},{"@type":"WebSite","@id":"https:\/\/www.padreeustaquio.com.br\/#website","url":"https:\/\/www.padreeustaquio.com.br\/","name":"FATHER EUST\u00c1QUIO","description":"Health and Peace","publisher":{"@id":"https:\/\/www.padreeustaquio.com.br\/#organization"},"potentialAction":[{"@type":"SearchAction","target":{"@type":"EntryPoint","urlTemplate":"https:\/\/www.padreeustaquio.com.br\/?s={search_term_string}"},"query-input":{"@type":"PropertyValueSpecification","valueRequired":true,"valueName":"search_term_string"}}],"inLanguage":"en-US"},{"@type":"Organization","@id":"https:\/\/www.padreeustaquio.com.br\/#organization","name":"FATHER EUST\u00c1QUIO","url":"https:\/\/www.padreeustaquio.com.br\/","logo":{"@type":"ImageObject","inLanguage":"en-US","@id":"https:\/\/www.padreeustaquio.com.br\/#\/schema\/logo\/image\/","url":"https:\/\/www.padreeustaquio.com.br\/wp-content\/uploads\/2019\/08\/marca.png","contentUrl":"https:\/\/www.padreeustaquio.com.br\/wp-content\/uploads\/2019\/08\/marca.png","width":350,"height":400,"caption":"Padre Eust\u00e1quio"},"image":{"@id":"https:\/\/www.padreeustaquio.com.br\/#\/schema\/logo\/image\/"},"sameAs":["https:\/\/www.facebook.com\/beatopadreeustaquio\/","https:\/\/x.com\/beatopeustaquio","https:\/\/www.instagram.com\/beatopadreeustaquio\/","https:\/\/www.youtube.com\/channel\/UCRhw7vfabnajwLxb1ZXMeIw"]},{"@type":"Person","@id":"https:\/\/www.padreeustaquio.com.br\/#\/schema\/person\/a2a51db1d00f1a7af0204a0f1ddb1566","name":"@sscc","image":{"@type":"ImageObject","inLanguage":"en-US","@id":"https:\/\/secure.gravatar.com\/avatar\/68cfafa5f44617fea54071e215026e0ff06be366c3d54a8425f04fdcb86f8c5f?s=96&d=mm&r=g","url":"https:\/\/secure.gravatar.com\/avatar\/68cfafa5f44617fea54071e215026e0ff06be366c3d54a8425f04fdcb86f8c5f?s=96&d=mm&r=g","contentUrl":"https:\/\/secure.gravatar.com\/avatar\/68cfafa5f44617fea54071e215026e0ff06be366c3d54a8425f04fdcb86f8c5f?s=96&d=mm&r=g","caption":"@sscc"},"url":"https:\/\/www.padreeustaquio.com.br\/en\/author\/sscc\/"}]}},"_links":{"self":[{"href":"https:\/\/www.padreeustaquio.com.br\/en\/wp-json\/wp\/v2\/posts\/8740","targetHints":{"allow":["GET"]}}],"collection":[{"href":"https:\/\/www.padreeustaquio.com.br\/en\/wp-json\/wp\/v2\/posts"}],"about":[{"href":"https:\/\/www.padreeustaquio.com.br\/en\/wp-json\/wp\/v2\/types\/post"}],"author":[{"embeddable":true,"href":"https:\/\/www.padreeustaquio.com.br\/en\/wp-json\/wp\/v2\/users\/2"}],"replies":[{"embeddable":true,"href":"https:\/\/www.padreeustaquio.com.br\/en\/wp-json\/wp\/v2\/comments?post=8740"}],"version-history":[{"count":0,"href":"https:\/\/www.padreeustaquio.com.br\/en\/wp-json\/wp\/v2\/posts\/8740\/revisions"}],"wp:featuredmedia":[{"embeddable":true,"href":"https:\/\/www.padreeustaquio.com.br\/en\/wp-json\/wp\/v2\/media\/8741"}],"wp:attachment":[{"href":"https:\/\/www.padreeustaquio.com.br\/en\/wp-json\/wp\/v2\/media?parent=8740"}],"wp:term":[{"taxonomy":"category","embeddable":true,"href":"https:\/\/www.padreeustaquio.com.br\/en\/wp-json\/wp\/v2\/categories?post=8740"},{"taxonomy":"post_tag","embeddable":true,"href":"https:\/\/www.padreeustaquio.com.br\/en\/wp-json\/wp\/v2\/tags?post=8740"}],"curies":[{"name":"wp","href":"https:\/\/api.w.org\/{rel}","templated":true}]}}