{"id":8737,"date":"2022-06-01T05:48:00","date_gmt":"2022-06-01T08:48:00","guid":{"rendered":"https:\/\/www.padreeustaquio.com.br\/?p=8737"},"modified":"2022-05-29T13:09:34","modified_gmt":"2022-05-29T16:09:34","slug":"june-the-month-of-the-sacred-hearts-of-jesus-and-mary","status":"publish","type":"post","link":"https:\/\/www.padreeustaquio.com.br\/en\/june-the-month-of-the-sacred-hearts-of-jesus-and-mary\/","title":{"rendered":"JUNE \u2013 The month of the Sacred Hearts of Jesus and Mary"},"content":{"rendered":"<p>In the month of June, the Church celebrates the Sacred Heart of Jesus, a devotion that has existed since the early days of Christianity, when people reflected on the open heart of Jesus. Celebrating the Heart of Jesus becomes an important pastoral occasion for the entire Christian community to once again become sensitive to making this admirable Sacrifice and Sacrament the heart of their own lives. Along with it, we celebrate the Immaculate Heart of Mary, for the two hearts are never separated, since the Heart of Jesus is the source of Grace and Mary&#039;s is the channel of this Grace.<\/p>\n\n\n\n<p>Benedict XVI once spoke about the importance of this devotion: <em>\u201cThe contemplation of the &#039;side pierced by the lance,&#039; in which shines forth God&#039;s infinite will to save, cannot therefore be considered a passing form of worship or devotion: the adoration of God&#039;s love, which found its historical-devotional expression in the symbol of the &#039;pierced heart,&#039; remains essential for a living relationship with God.\u2018.<\/em><\/p>\n\n\n\n<h3 class=\"wp-block-heading\">The origin of devotion to the Sacred Heart of Jesus.<\/h3>\n\n\n\n<p>Devotion to the Sacred Heart appears in two powerful events in the Gospel:&nbsp;<strong>Saint John&#039;s gesture<\/strong>, beloved disciple, resting his head on Jesus during the Last Supper (cf. Jn 13:23); and&nbsp;<strong>on the cross<\/strong>, ...where the soldier pierced Jesus&#039; side with a spear (cf. Jn 19:34). In one we have consolation for the pain of the eve of his death, and in the other, the suffering caused by the sins of humanity. These two examples from the Gospel help us to understand Jesus&#039; appeal, made in 1675, to Saint Margaret Mary Alacoque:<\/p>\n\n\n\n<p><em>\u201c&quot;Behold this heart that has so loved mankind. From most I receive nothing but ingratitude, scorn, insults, sacrilege, indifference\u2026&quot;&nbsp;<\/em><em>I ask that the first Friday after the octave of the Blessed Sacrament (Corpus Christi) be dedicated to a special feast to honor My Heart, receiving Communion on that day and making due reparation through an act of atonement, to repair the indignities it suffered during the time it was exposed on the altars.&nbsp;<\/em><em>And I promise you that My Heart will expand to pour forth in abundance the influences of Its divine Love upon those who pay this divine honor and who seek that it be rendered to It.\u201d<\/em><\/p>\n\n\n\n<p>Pope John Paul II always cultivated this devotion and encouraged it in all who wished to grow in friendship with Jesus.<\/p>\n\n\n\n<p><em>*with information from the Sacred Hearts Parish of S\u00e3o Jos\u00e9-SC (extracted from https:\/\/sagradoscoracoes.org.br\/site\/junho-mes-do-sagrado-coracao-de-jesus\/)<\/em><\/p>","protected":false},"excerpt":{"rendered":"<p>No m\u00eas de junho, a Igreja celebra o Sagrado Cora\u00e7\u00e3o de Jesus, uma devo\u00e7\u00e3o que existe desde os prim\u00f3rdios do Cristianismo, quando as pessoas refletiam sobre o cora\u00e7\u00e3o aberto de Jesus. Celebrar o Cora\u00e7\u00e3o de Jesus torna-se uma importante ocasi\u00e3o pastoral para que toda a comunidade crist\u00e3 novamente se sensibilize para fazer deste admir\u00e1vel Sacrif\u00edcio e Sacramento o cora\u00e7\u00e3o da pr\u00f3pria vida. Juntamente com ele, festejamos o Imaculado Cora\u00e7\u00e3o de Maria, pois os dois cora\u00e7\u00f5es nunca se separam, pois, o Cora\u00e7\u00e3o de Jesus \u00e9 a fonte da Gra\u00e7a e o de Maria o canal desta Gra\u00e7a. Bento XVI, certa vez, [&hellip;]<\/p>\n","protected":false},"author":2,"featured_media":8738,"comment_status":"open","ping_status":"closed","sticky":false,"template":"","format":"standard","meta":{"_acf_changed":false,"footnotes":""},"categories":[611],"tags":[],"class_list":["post-8737","post","type-post","status-publish","format-standard","has-post-thumbnail","hentry","category-noticias"],"acf":[],"yoast_head":"<!-- This site is optimized with the Yoast SEO plugin v27.2 - https:\/\/yoast.com\/product\/yoast-seo-wordpress\/ -->\n<title>JUNHO - O m\u00eas dos Sagrados Cora\u00e7\u00f5es de Jesus e de Maria<\/title>\n<meta name=\"description\" content=\"Celebrar o Cora\u00e7\u00e3o de Jesus torna-se uma importante ocasi\u00e3o pastoral para que toda a comunidade crist\u00e3 novamente se sensibilize para fazer deste admir\u00e1vel Sacrif\u00edcio e Sacramento o cora\u00e7\u00e3o da pr\u00f3pria vida. Juntamente com ele, festejamos o Imaculado Cora\u00e7\u00e3o de Maria, pois os dois cora\u00e7\u00f5es nunca se separam, pois, o Cora\u00e7\u00e3o de Jesus \u00e9 a fonte da Gra\u00e7a e o de Maria o canal desta Gra\u00e7a.\" \/>\n<meta name=\"robots\" content=\"index, follow, max-snippet:-1, max-image-preview:large, max-video-preview:-1\" \/>\n<link rel=\"canonical\" href=\"https:\/\/www.padreeustaquio.com.br\/en\/june-the-month-of-the-sacred-hearts-of-jesus-and-mary\/\" \/>\n<meta property=\"og:locale\" content=\"en_US\" \/>\n<meta property=\"og:type\" content=\"article\" \/>\n<meta property=\"og:title\" content=\"JUNHO - O m\u00eas dos Sagrados Cora\u00e7\u00f5es de Jesus e de Maria\" \/>\n<meta property=\"og:description\" content=\"Celebrar o Cora\u00e7\u00e3o de Jesus torna-se uma importante ocasi\u00e3o pastoral para que toda a comunidade crist\u00e3 novamente se sensibilize para fazer deste admir\u00e1vel Sacrif\u00edcio e Sacramento o cora\u00e7\u00e3o da pr\u00f3pria vida. Juntamente com ele, festejamos o Imaculado Cora\u00e7\u00e3o de Maria, pois os dois cora\u00e7\u00f5es nunca se separam, pois, o Cora\u00e7\u00e3o de Jesus \u00e9 a fonte da Gra\u00e7a e o de Maria o canal desta Gra\u00e7a.\" \/>\n<meta property=\"og:url\" content=\"https:\/\/www.padreeustaquio.com.br\/en\/june-the-month-of-the-sacred-hearts-of-jesus-and-mary\/\" \/>\n<meta property=\"og:site_name\" content=\"Padre Eust\u00e1quio\" \/>\n<meta property=\"article:publisher\" content=\"https:\/\/www.facebook.com\/beatopadreeustaquio\/\" \/>\n<meta property=\"article:published_time\" content=\"2022-06-01T08:48:00+00:00\" \/>\n<meta property=\"og:image\" content=\"https:\/\/www.padreeustaquio.com.br\/wp-content\/uploads\/2022\/05\/Sagrados-Coracoes-2021.jpg\" \/>\n\t<meta property=\"og:image:width\" content=\"748\" \/>\n\t<meta property=\"og:image:height\" content=\"394\" \/>\n\t<meta property=\"og:image:type\" content=\"image\/jpeg\" \/>\n<meta name=\"author\" content=\"@sscc\" \/>\n<meta name=\"twitter:card\" content=\"summary_large_image\" \/>\n<meta name=\"twitter:creator\" content=\"@beatopeustaquio\" \/>\n<meta name=\"twitter:site\" content=\"@beatopeustaquio\" \/>\n<meta name=\"twitter:label1\" content=\"Written by\" \/>\n\t<meta name=\"twitter:data1\" content=\"@sscc\" \/>\n\t<meta name=\"twitter:label2\" content=\"Est. reading time\" \/>\n\t<meta name=\"twitter:data2\" content=\"2 minutes\" \/>\n<script type=\"application\/ld+json\" class=\"yoast-schema-graph\">{\"@context\":\"https:\/\/schema.org\",\"@graph\":[{\"@type\":\"Article\",\"@id\":\"https:\/\/www.padreeustaquio.com.br\/junho-o-mes-dos-sagrados-coracoes-de-jesus-e-de-maria\/#article\",\"isPartOf\":{\"@id\":\"https:\/\/www.padreeustaquio.com.br\/junho-o-mes-dos-sagrados-coracoes-de-jesus-e-de-maria\/\"},\"author\":{\"name\":\"@sscc\",\"@id\":\"https:\/\/www.padreeustaquio.com.br\/#\/schema\/person\/a2a51db1d00f1a7af0204a0f1ddb1566\"},\"headline\":\"JUNHO &#8211; O m\u00eas dos Sagrados Cora\u00e7\u00f5es de Jesus e de Maria\",\"datePublished\":\"2022-06-01T08:48:00+00:00\",\"mainEntityOfPage\":{\"@id\":\"https:\/\/www.padreeustaquio.com.br\/junho-o-mes-dos-sagrados-coracoes-de-jesus-e-de-maria\/\"},\"wordCount\":490,\"commentCount\":0,\"publisher\":{\"@id\":\"https:\/\/www.padreeustaquio.com.br\/#organization\"},\"image\":{\"@id\":\"https:\/\/www.padreeustaquio.com.br\/junho-o-mes-dos-sagrados-coracoes-de-jesus-e-de-maria\/#primaryimage\"},\"thumbnailUrl\":\"https:\/\/www.padreeustaquio.com.br\/wp-content\/uploads\/2022\/05\/Sagrados-Coracoes-2021.jpg\",\"articleSection\":[\"Not\u00edcias\"],\"inLanguage\":\"en-US\",\"potentialAction\":[{\"@type\":\"CommentAction\",\"name\":\"Comment\",\"target\":[\"https:\/\/www.padreeustaquio.com.br\/junho-o-mes-dos-sagrados-coracoes-de-jesus-e-de-maria\/#respond\"]}]},{\"@type\":\"WebPage\",\"@id\":\"https:\/\/www.padreeustaquio.com.br\/junho-o-mes-dos-sagrados-coracoes-de-jesus-e-de-maria\/\",\"url\":\"https:\/\/www.padreeustaquio.com.br\/junho-o-mes-dos-sagrados-coracoes-de-jesus-e-de-maria\/\",\"name\":\"JUNHO - O m\u00eas dos Sagrados Cora\u00e7\u00f5es de Jesus e de Maria\",\"isPartOf\":{\"@id\":\"https:\/\/www.padreeustaquio.com.br\/#website\"},\"primaryImageOfPage\":{\"@id\":\"https:\/\/www.padreeustaquio.com.br\/junho-o-mes-dos-sagrados-coracoes-de-jesus-e-de-maria\/#primaryimage\"},\"image\":{\"@id\":\"https:\/\/www.padreeustaquio.com.br\/junho-o-mes-dos-sagrados-coracoes-de-jesus-e-de-maria\/#primaryimage\"},\"thumbnailUrl\":\"https:\/\/www.padreeustaquio.com.br\/wp-content\/uploads\/2022\/05\/Sagrados-Coracoes-2021.jpg\",\"datePublished\":\"2022-06-01T08:48:00+00:00\",\"description\":\"Celebrar o Cora\u00e7\u00e3o de Jesus torna-se uma importante ocasi\u00e3o pastoral para que toda a comunidade crist\u00e3 novamente se sensibilize para fazer deste admir\u00e1vel Sacrif\u00edcio e Sacramento o cora\u00e7\u00e3o da pr\u00f3pria vida. Juntamente com ele, festejamos o Imaculado Cora\u00e7\u00e3o de Maria, pois os dois cora\u00e7\u00f5es nunca se separam, pois, o Cora\u00e7\u00e3o de Jesus \u00e9 a fonte da Gra\u00e7a e o de Maria o canal desta Gra\u00e7a.\",\"breadcrumb\":{\"@id\":\"https:\/\/www.padreeustaquio.com.br\/junho-o-mes-dos-sagrados-coracoes-de-jesus-e-de-maria\/#breadcrumb\"},\"inLanguage\":\"en-US\",\"potentialAction\":[{\"@type\":\"ReadAction\",\"target\":[\"https:\/\/www.padreeustaquio.com.br\/junho-o-mes-dos-sagrados-coracoes-de-jesus-e-de-maria\/\"]}]},{\"@type\":\"ImageObject\",\"inLanguage\":\"en-US\",\"@id\":\"https:\/\/www.padreeustaquio.com.br\/junho-o-mes-dos-sagrados-coracoes-de-jesus-e-de-maria\/#primaryimage\",\"url\":\"https:\/\/www.padreeustaquio.com.br\/wp-content\/uploads\/2022\/05\/Sagrados-Coracoes-2021.jpg\",\"contentUrl\":\"https:\/\/www.padreeustaquio.com.br\/wp-content\/uploads\/2022\/05\/Sagrados-Coracoes-2021.jpg\",\"width\":748,\"height\":394},{\"@type\":\"BreadcrumbList\",\"@id\":\"https:\/\/www.padreeustaquio.com.br\/junho-o-mes-dos-sagrados-coracoes-de-jesus-e-de-maria\/#breadcrumb\",\"itemListElement\":[{\"@type\":\"ListItem\",\"position\":1,\"name\":\"In\u00edcio\",\"item\":\"https:\/\/www.padreeustaquio.com.br\/\"},{\"@type\":\"ListItem\",\"position\":2,\"name\":\"JUNHO &#8211; O m\u00eas dos Sagrados Cora\u00e7\u00f5es de Jesus e de Maria\"}]},{\"@type\":\"WebSite\",\"@id\":\"https:\/\/www.padreeustaquio.com.br\/#website\",\"url\":\"https:\/\/www.padreeustaquio.com.br\/\",\"name\":\"Padre Eust\u00e1quio\",\"description\":\"Sa\u00fade e Paz\",\"publisher\":{\"@id\":\"https:\/\/www.padreeustaquio.com.br\/#organization\"},\"potentialAction\":[{\"@type\":\"SearchAction\",\"target\":{\"@type\":\"EntryPoint\",\"urlTemplate\":\"https:\/\/www.padreeustaquio.com.br\/?s={search_term_string}\"},\"query-input\":{\"@type\":\"PropertyValueSpecification\",\"valueRequired\":true,\"valueName\":\"search_term_string\"}}],\"inLanguage\":\"en-US\"},{\"@type\":\"Organization\",\"@id\":\"https:\/\/www.padreeustaquio.com.br\/#organization\",\"name\":\"Padre Eust\u00e1quio\",\"url\":\"https:\/\/www.padreeustaquio.com.br\/\",\"logo\":{\"@type\":\"ImageObject\",\"inLanguage\":\"en-US\",\"@id\":\"https:\/\/www.padreeustaquio.com.br\/#\/schema\/logo\/image\/\",\"url\":\"https:\/\/www.padreeustaquio.com.br\/wp-content\/uploads\/2019\/08\/marca.png\",\"contentUrl\":\"https:\/\/www.padreeustaquio.com.br\/wp-content\/uploads\/2019\/08\/marca.png\",\"width\":350,\"height\":400,\"caption\":\"Padre Eust\u00e1quio\"},\"image\":{\"@id\":\"https:\/\/www.padreeustaquio.com.br\/#\/schema\/logo\/image\/\"},\"sameAs\":[\"https:\/\/www.facebook.com\/beatopadreeustaquio\/\",\"https:\/\/x.com\/beatopeustaquio\",\"https:\/\/www.instagram.com\/beatopadreeustaquio\/\",\"https:\/\/www.youtube.com\/channel\/UCRhw7vfabnajwLxb1ZXMeIw\"]},{\"@type\":\"Person\",\"@id\":\"https:\/\/www.padreeustaquio.com.br\/#\/schema\/person\/a2a51db1d00f1a7af0204a0f1ddb1566\",\"name\":\"@sscc\",\"image\":{\"@type\":\"ImageObject\",\"inLanguage\":\"en-US\",\"@id\":\"https:\/\/secure.gravatar.com\/avatar\/68cfafa5f44617fea54071e215026e0ff06be366c3d54a8425f04fdcb86f8c5f?s=96&d=mm&r=g\",\"url\":\"https:\/\/secure.gravatar.com\/avatar\/68cfafa5f44617fea54071e215026e0ff06be366c3d54a8425f04fdcb86f8c5f?s=96&d=mm&r=g\",\"contentUrl\":\"https:\/\/secure.gravatar.com\/avatar\/68cfafa5f44617fea54071e215026e0ff06be366c3d54a8425f04fdcb86f8c5f?s=96&d=mm&r=g\",\"caption\":\"@sscc\"},\"url\":\"https:\/\/www.padreeustaquio.com.br\/en\/author\/sscc\/\"}]}<\/script>\n<!-- \/ Yoast SEO plugin. -->","yoast_head_json":{"title":"JUNE - The month of the Sacred Hearts of Jesus and Mary","description":"Celebrating the Sacred Heart of Jesus becomes an important pastoral occasion for the entire Christian community to once again become sensitive to making this admirable Sacrifice and Sacrament the heart of their own lives. Along with it, we celebrate the Immaculate Heart of Mary, for the two hearts are never separated, since the Heart of Jesus is the source of Grace and Mary&#039;s is the channel of this Grace.","robots":{"index":"index","follow":"follow","max-snippet":"max-snippet:-1","max-image-preview":"max-image-preview:large","max-video-preview":"max-video-preview:-1"},"canonical":"https:\/\/www.padreeustaquio.com.br\/en\/june-the-month-of-the-sacred-hearts-of-jesus-and-mary\/","og_locale":"en_US","og_type":"article","og_title":"JUNHO - O m\u00eas dos Sagrados Cora\u00e7\u00f5es de Jesus e de Maria","og_description":"Celebrar o Cora\u00e7\u00e3o de Jesus torna-se uma importante ocasi\u00e3o pastoral para que toda a comunidade crist\u00e3 novamente se sensibilize para fazer deste admir\u00e1vel Sacrif\u00edcio e Sacramento o cora\u00e7\u00e3o da pr\u00f3pria vida. Juntamente com ele, festejamos o Imaculado Cora\u00e7\u00e3o de Maria, pois os dois cora\u00e7\u00f5es nunca se separam, pois, o Cora\u00e7\u00e3o de Jesus \u00e9 a fonte da Gra\u00e7a e o de Maria o canal desta Gra\u00e7a.","og_url":"https:\/\/www.padreeustaquio.com.br\/en\/june-the-month-of-the-sacred-hearts-of-jesus-and-mary\/","og_site_name":"Padre Eust\u00e1quio","article_publisher":"https:\/\/www.facebook.com\/beatopadreeustaquio\/","article_published_time":"2022-06-01T08:48:00+00:00","og_image":[{"width":748,"height":394,"url":"https:\/\/www.padreeustaquio.com.br\/wp-content\/uploads\/2022\/05\/Sagrados-Coracoes-2021.jpg","type":"image\/jpeg"}],"author":"@sscc","twitter_card":"summary_large_image","twitter_creator":"@beatopeustaquio","twitter_site":"@beatopeustaquio","twitter_misc":{"Written by":"@sscc","Est. reading time":"2 minutes"},"schema":{"@context":"https:\/\/schema.org","@graph":[{"@type":"Article","@id":"https:\/\/www.padreeustaquio.com.br\/junho-o-mes-dos-sagrados-coracoes-de-jesus-e-de-maria\/#article","isPartOf":{"@id":"https:\/\/www.padreeustaquio.com.br\/junho-o-mes-dos-sagrados-coracoes-de-jesus-e-de-maria\/"},"author":{"name":"@sscc","@id":"https:\/\/www.padreeustaquio.com.br\/#\/schema\/person\/a2a51db1d00f1a7af0204a0f1ddb1566"},"headline":"JUNHO &#8211; O m\u00eas dos Sagrados Cora\u00e7\u00f5es de Jesus e de Maria","datePublished":"2022-06-01T08:48:00+00:00","mainEntityOfPage":{"@id":"https:\/\/www.padreeustaquio.com.br\/junho-o-mes-dos-sagrados-coracoes-de-jesus-e-de-maria\/"},"wordCount":490,"commentCount":0,"publisher":{"@id":"https:\/\/www.padreeustaquio.com.br\/#organization"},"image":{"@id":"https:\/\/www.padreeustaquio.com.br\/junho-o-mes-dos-sagrados-coracoes-de-jesus-e-de-maria\/#primaryimage"},"thumbnailUrl":"https:\/\/www.padreeustaquio.com.br\/wp-content\/uploads\/2022\/05\/Sagrados-Coracoes-2021.jpg","articleSection":["Not\u00edcias"],"inLanguage":"en-US","potentialAction":[{"@type":"CommentAction","name":"Comment","target":["https:\/\/www.padreeustaquio.com.br\/junho-o-mes-dos-sagrados-coracoes-de-jesus-e-de-maria\/#respond"]}]},{"@type":"WebPage","@id":"https:\/\/www.padreeustaquio.com.br\/junho-o-mes-dos-sagrados-coracoes-de-jesus-e-de-maria\/","url":"https:\/\/www.padreeustaquio.com.br\/junho-o-mes-dos-sagrados-coracoes-de-jesus-e-de-maria\/","name":"JUNE - The month of the Sacred Hearts of Jesus and Mary","isPartOf":{"@id":"https:\/\/www.padreeustaquio.com.br\/#website"},"primaryImageOfPage":{"@id":"https:\/\/www.padreeustaquio.com.br\/junho-o-mes-dos-sagrados-coracoes-de-jesus-e-de-maria\/#primaryimage"},"image":{"@id":"https:\/\/www.padreeustaquio.com.br\/junho-o-mes-dos-sagrados-coracoes-de-jesus-e-de-maria\/#primaryimage"},"thumbnailUrl":"https:\/\/www.padreeustaquio.com.br\/wp-content\/uploads\/2022\/05\/Sagrados-Coracoes-2021.jpg","datePublished":"2022-06-01T08:48:00+00:00","description":"Celebrating the Sacred Heart of Jesus becomes an important pastoral occasion for the entire Christian community to once again become sensitive to making this admirable Sacrifice and Sacrament the heart of their own lives. Along with it, we celebrate the Immaculate Heart of Mary, for the two hearts are never separated, since the Heart of Jesus is the source of Grace and Mary&#039;s is the channel of this Grace.","breadcrumb":{"@id":"https:\/\/www.padreeustaquio.com.br\/junho-o-mes-dos-sagrados-coracoes-de-jesus-e-de-maria\/#breadcrumb"},"inLanguage":"en-US","potentialAction":[{"@type":"ReadAction","target":["https:\/\/www.padreeustaquio.com.br\/junho-o-mes-dos-sagrados-coracoes-de-jesus-e-de-maria\/"]}]},{"@type":"ImageObject","inLanguage":"en-US","@id":"https:\/\/www.padreeustaquio.com.br\/junho-o-mes-dos-sagrados-coracoes-de-jesus-e-de-maria\/#primaryimage","url":"https:\/\/www.padreeustaquio.com.br\/wp-content\/uploads\/2022\/05\/Sagrados-Coracoes-2021.jpg","contentUrl":"https:\/\/www.padreeustaquio.com.br\/wp-content\/uploads\/2022\/05\/Sagrados-Coracoes-2021.jpg","width":748,"height":394},{"@type":"BreadcrumbList","@id":"https:\/\/www.padreeustaquio.com.br\/junho-o-mes-dos-sagrados-coracoes-de-jesus-e-de-maria\/#breadcrumb","itemListElement":[{"@type":"ListItem","position":1,"name":"In\u00edcio","item":"https:\/\/www.padreeustaquio.com.br\/"},{"@type":"ListItem","position":2,"name":"JUNHO &#8211; O m\u00eas dos Sagrados Cora\u00e7\u00f5es de Jesus e de Maria"}]},{"@type":"WebSite","@id":"https:\/\/www.padreeustaquio.com.br\/#website","url":"https:\/\/www.padreeustaquio.com.br\/","name":"FATHER EUST\u00c1QUIO","description":"Health and Peace","publisher":{"@id":"https:\/\/www.padreeustaquio.com.br\/#organization"},"potentialAction":[{"@type":"SearchAction","target":{"@type":"EntryPoint","urlTemplate":"https:\/\/www.padreeustaquio.com.br\/?s={search_term_string}"},"query-input":{"@type":"PropertyValueSpecification","valueRequired":true,"valueName":"search_term_string"}}],"inLanguage":"en-US"},{"@type":"Organization","@id":"https:\/\/www.padreeustaquio.com.br\/#organization","name":"FATHER EUST\u00c1QUIO","url":"https:\/\/www.padreeustaquio.com.br\/","logo":{"@type":"ImageObject","inLanguage":"en-US","@id":"https:\/\/www.padreeustaquio.com.br\/#\/schema\/logo\/image\/","url":"https:\/\/www.padreeustaquio.com.br\/wp-content\/uploads\/2019\/08\/marca.png","contentUrl":"https:\/\/www.padreeustaquio.com.br\/wp-content\/uploads\/2019\/08\/marca.png","width":350,"height":400,"caption":"Padre Eust\u00e1quio"},"image":{"@id":"https:\/\/www.padreeustaquio.com.br\/#\/schema\/logo\/image\/"},"sameAs":["https:\/\/www.facebook.com\/beatopadreeustaquio\/","https:\/\/x.com\/beatopeustaquio","https:\/\/www.instagram.com\/beatopadreeustaquio\/","https:\/\/www.youtube.com\/channel\/UCRhw7vfabnajwLxb1ZXMeIw"]},{"@type":"Person","@id":"https:\/\/www.padreeustaquio.com.br\/#\/schema\/person\/a2a51db1d00f1a7af0204a0f1ddb1566","name":"@sscc","image":{"@type":"ImageObject","inLanguage":"en-US","@id":"https:\/\/secure.gravatar.com\/avatar\/68cfafa5f44617fea54071e215026e0ff06be366c3d54a8425f04fdcb86f8c5f?s=96&d=mm&r=g","url":"https:\/\/secure.gravatar.com\/avatar\/68cfafa5f44617fea54071e215026e0ff06be366c3d54a8425f04fdcb86f8c5f?s=96&d=mm&r=g","contentUrl":"https:\/\/secure.gravatar.com\/avatar\/68cfafa5f44617fea54071e215026e0ff06be366c3d54a8425f04fdcb86f8c5f?s=96&d=mm&r=g","caption":"@sscc"},"url":"https:\/\/www.padreeustaquio.com.br\/en\/author\/sscc\/"}]}},"_links":{"self":[{"href":"https:\/\/www.padreeustaquio.com.br\/en\/wp-json\/wp\/v2\/posts\/8737","targetHints":{"allow":["GET"]}}],"collection":[{"href":"https:\/\/www.padreeustaquio.com.br\/en\/wp-json\/wp\/v2\/posts"}],"about":[{"href":"https:\/\/www.padreeustaquio.com.br\/en\/wp-json\/wp\/v2\/types\/post"}],"author":[{"embeddable":true,"href":"https:\/\/www.padreeustaquio.com.br\/en\/wp-json\/wp\/v2\/users\/2"}],"replies":[{"embeddable":true,"href":"https:\/\/www.padreeustaquio.com.br\/en\/wp-json\/wp\/v2\/comments?post=8737"}],"version-history":[{"count":0,"href":"https:\/\/www.padreeustaquio.com.br\/en\/wp-json\/wp\/v2\/posts\/8737\/revisions"}],"wp:featuredmedia":[{"embeddable":true,"href":"https:\/\/www.padreeustaquio.com.br\/en\/wp-json\/wp\/v2\/media\/8738"}],"wp:attachment":[{"href":"https:\/\/www.padreeustaquio.com.br\/en\/wp-json\/wp\/v2\/media?parent=8737"}],"wp:term":[{"taxonomy":"category","embeddable":true,"href":"https:\/\/www.padreeustaquio.com.br\/en\/wp-json\/wp\/v2\/categories?post=8737"},{"taxonomy":"post_tag","embeddable":true,"href":"https:\/\/www.padreeustaquio.com.br\/en\/wp-json\/wp\/v2\/tags?post=8737"}],"curies":[{"name":"wp","href":"https:\/\/api.w.org\/{rel}","templated":true}]}}