{"id":8694,"date":"2022-05-27T05:28:00","date_gmt":"2022-05-27T08:28:00","guid":{"rendered":"https:\/\/www.padreeustaquio.com.br\/?p=8694"},"modified":"2022-05-20T09:49:55","modified_gmt":"2022-05-20T12:49:55","slug":"the-missionary-childhood-group-meets-again-at-father-eustaquios-church","status":"publish","type":"post","link":"https:\/\/www.padreeustaquio.com.br\/en\/the-missionary-childhood-group-meets-again-at-father-eustaquios-church\/","title":{"rendered":"The Missionary Childhood Group meets again at the Church of Father Eust\u00e1quio."},"content":{"rendered":"<p>Known as &quot;IAM,&quot; the Missionary Childhood and Adolescence group of the Padre Eust\u00e1quio Church has resumed weekly meetings at the Sanctuary. The group, which had been inactive due to the pandemic, is returning and inviting both former participants and new members to join the movement.<\/p>\n\n\n\n<p>The Missionary Childhood program belongs to the Pontifical Mission Societies (PMS), which operate worldwide. It consists of children and teenagers evangelizing other children and teenagers. According to one of the coordinators, Irving Alves Brunhara, the meetings are prepared by the children themselves, who lead prayers, activities, songs, and games, also participating in parish activities and helping other children who do not yet know Jesus.<\/p>\n\n\n\n<div class=\"wp-block-image\"><figure class=\"alignleft size-medium is-resized\"><img fetchpriority=\"high\" decoding=\"async\" src=\"https:\/\/www.padreeustaquio.com.br\/wp-content\/uploads\/2022\/05\/iam-1-300x158.jpg\" alt=\"\" class=\"wp-image-8698\" width=\"365\" height=\"192\" srcset=\"https:\/\/www.padreeustaquio.com.br\/wp-content\/uploads\/2022\/05\/iam-1-300x158.jpg 300w, https:\/\/www.padreeustaquio.com.br\/wp-content\/uploads\/2022\/05\/iam-1.jpg 748w\" sizes=\"(max-width: 365px) 100vw, 365px\" \/><figcaption>Bate-Latas Meeting, held in October 2018<\/figcaption><\/figure><\/div>\n\n\n\n<p>At the Church of Father Eust\u00e1quio, before the pandemic, members of the Missionary Childhood group helped with masses, doing readings, participating in the offertory and singing, in addition to helping with the development of Confirmation and Catechesis courses.<\/p>\n\n\n\n<p>The meetings take place every Thursday at 6 pm in the Molokai space, at the Sanctuary of Health and Peace. Bring your son, nephew, godson, friend, neighbor\u2026 to participate in the meetings which are filled with prayer, but also with much joy and participation. For more information call the Parish Office: (31) 3462-6557.<\/p>\n\n\n\n<p><\/p>","protected":false},"excerpt":{"rendered":"<p>Conhecido como &#8220;IAM&#8221;, a Inf\u00e2ncia e Adolesc\u00eancia Mission\u00e1ria da Igreja do Padre Eust\u00e1quio voltou a realizar reuni\u00f5es semanais no Santu\u00e1rio. O grupo que esteve parado por causa da pandemia, volta convidando os antigos participantes e tamb\u00e9m novos membros a se juntarem ao movimento. A Inf\u00e2ncia Mission\u00e1ria pertence \u00e0s POM (Pontif\u00edcias Obras Mission\u00e1rias) que atuam em todo o mundo. S\u00e3o crian\u00e7as e adolescentes evangelizando crian\u00e7as e adolescentes. De acordo com um dos coordenadores, Irving Alves Brunhara, os encontros s\u00e3o preparados pelas pr\u00f3prias crian\u00e7as que fazem ora\u00e7\u00f5es, din\u00e2micas, cantos e brincadeiras, participando tamb\u00e9m das atividades da par\u00f3quia, ajudando outras crian\u00e7as que ainda [&hellip;]<\/p>\n","protected":false},"author":2,"featured_media":8697,"comment_status":"open","ping_status":"closed","sticky":false,"template":"","format":"standard","meta":{"_acf_changed":false,"footnotes":""},"categories":[611],"tags":[],"class_list":["post-8694","post","type-post","status-publish","format-standard","has-post-thumbnail","hentry","category-noticias"],"acf":[],"yoast_head":"<!-- This site is optimized with the Yoast SEO plugin v27.2 - https:\/\/yoast.com\/product\/yoast-seo-wordpress\/ -->\n<title>Grupo da Inf\u00e2ncia Mission\u00e1ria volta a se encontrar na Igreja do Padre Eust\u00e1quio<\/title>\n<meta name=\"description\" content=\"Conhecido como &quot;IAM&quot;, a Inf\u00e2ncia e Adolesc\u00eancia Mission\u00e1ria da Igreja do Padre Eust\u00e1quio voltou a realizar reuni\u00f5es semanais no Santu\u00e1rio. O grupo que esteve parado por causa da pandemia, volta convidando os antigos participantes e tamb\u00e9m novos membros a se juntarem ao movimento.\" \/>\n<meta name=\"robots\" content=\"index, follow, max-snippet:-1, max-image-preview:large, max-video-preview:-1\" \/>\n<link rel=\"canonical\" href=\"https:\/\/www.padreeustaquio.com.br\/en\/the-missionary-childhood-group-meets-again-at-father-eustaquios-church\/\" \/>\n<meta property=\"og:locale\" content=\"en_US\" \/>\n<meta property=\"og:type\" content=\"article\" \/>\n<meta property=\"og:title\" content=\"Grupo da Inf\u00e2ncia Mission\u00e1ria volta a se encontrar na Igreja do Padre Eust\u00e1quio\" \/>\n<meta property=\"og:description\" content=\"Conhecido como &quot;IAM&quot;, a Inf\u00e2ncia e Adolesc\u00eancia Mission\u00e1ria da Igreja do Padre Eust\u00e1quio voltou a realizar reuni\u00f5es semanais no Santu\u00e1rio. O grupo que esteve parado por causa da pandemia, volta convidando os antigos participantes e tamb\u00e9m novos membros a se juntarem ao movimento.\" \/>\n<meta property=\"og:url\" content=\"https:\/\/www.padreeustaquio.com.br\/en\/the-missionary-childhood-group-meets-again-at-father-eustaquios-church\/\" \/>\n<meta property=\"og:site_name\" content=\"Padre Eust\u00e1quio\" \/>\n<meta property=\"article:publisher\" content=\"https:\/\/www.facebook.com\/beatopadreeustaquio\/\" \/>\n<meta property=\"article:published_time\" content=\"2022-05-27T08:28:00+00:00\" \/>\n<meta property=\"og:image\" content=\"https:\/\/www.padreeustaquio.com.br\/wp-content\/uploads\/2022\/05\/iam-2.jpg\" \/>\n\t<meta property=\"og:image:width\" content=\"748\" \/>\n\t<meta property=\"og:image:height\" content=\"394\" \/>\n\t<meta property=\"og:image:type\" content=\"image\/jpeg\" \/>\n<meta name=\"author\" content=\"@sscc\" \/>\n<meta name=\"twitter:card\" content=\"summary_large_image\" \/>\n<meta name=\"twitter:creator\" content=\"@beatopeustaquio\" \/>\n<meta name=\"twitter:site\" content=\"@beatopeustaquio\" \/>\n<meta name=\"twitter:label1\" content=\"Written by\" \/>\n\t<meta name=\"twitter:data1\" content=\"@sscc\" \/>\n\t<meta name=\"twitter:label2\" content=\"Est. reading time\" \/>\n\t<meta name=\"twitter:data2\" content=\"2 minutes\" \/>\n<script type=\"application\/ld+json\" class=\"yoast-schema-graph\">{\"@context\":\"https:\/\/schema.org\",\"@graph\":[{\"@type\":\"Article\",\"@id\":\"https:\/\/www.padreeustaquio.com.br\/grupo-da-infancia-missionaria-volta-a-se-encontrar-na-igreja-do-padre-eustaquio\/#article\",\"isPartOf\":{\"@id\":\"https:\/\/www.padreeustaquio.com.br\/grupo-da-infancia-missionaria-volta-a-se-encontrar-na-igreja-do-padre-eustaquio\/\"},\"author\":{\"name\":\"@sscc\",\"@id\":\"https:\/\/www.padreeustaquio.com.br\/#\/schema\/person\/a2a51db1d00f1a7af0204a0f1ddb1566\"},\"headline\":\"Grupo da Inf\u00e2ncia Mission\u00e1ria volta a se encontrar na Igreja do Padre Eust\u00e1quio\",\"datePublished\":\"2022-05-27T08:28:00+00:00\",\"mainEntityOfPage\":{\"@id\":\"https:\/\/www.padreeustaquio.com.br\/grupo-da-infancia-missionaria-volta-a-se-encontrar-na-igreja-do-padre-eustaquio\/\"},\"wordCount\":244,\"commentCount\":0,\"publisher\":{\"@id\":\"https:\/\/www.padreeustaquio.com.br\/#organization\"},\"image\":{\"@id\":\"https:\/\/www.padreeustaquio.com.br\/grupo-da-infancia-missionaria-volta-a-se-encontrar-na-igreja-do-padre-eustaquio\/#primaryimage\"},\"thumbnailUrl\":\"https:\/\/www.padreeustaquio.com.br\/wp-content\/uploads\/2022\/05\/iam-2.jpg\",\"articleSection\":[\"Not\u00edcias\"],\"inLanguage\":\"en-US\",\"potentialAction\":[{\"@type\":\"CommentAction\",\"name\":\"Comment\",\"target\":[\"https:\/\/www.padreeustaquio.com.br\/grupo-da-infancia-missionaria-volta-a-se-encontrar-na-igreja-do-padre-eustaquio\/#respond\"]}]},{\"@type\":\"WebPage\",\"@id\":\"https:\/\/www.padreeustaquio.com.br\/grupo-da-infancia-missionaria-volta-a-se-encontrar-na-igreja-do-padre-eustaquio\/\",\"url\":\"https:\/\/www.padreeustaquio.com.br\/grupo-da-infancia-missionaria-volta-a-se-encontrar-na-igreja-do-padre-eustaquio\/\",\"name\":\"Grupo da Inf\u00e2ncia Mission\u00e1ria volta a se encontrar na Igreja do Padre Eust\u00e1quio\",\"isPartOf\":{\"@id\":\"https:\/\/www.padreeustaquio.com.br\/#website\"},\"primaryImageOfPage\":{\"@id\":\"https:\/\/www.padreeustaquio.com.br\/grupo-da-infancia-missionaria-volta-a-se-encontrar-na-igreja-do-padre-eustaquio\/#primaryimage\"},\"image\":{\"@id\":\"https:\/\/www.padreeustaquio.com.br\/grupo-da-infancia-missionaria-volta-a-se-encontrar-na-igreja-do-padre-eustaquio\/#primaryimage\"},\"thumbnailUrl\":\"https:\/\/www.padreeustaquio.com.br\/wp-content\/uploads\/2022\/05\/iam-2.jpg\",\"datePublished\":\"2022-05-27T08:28:00+00:00\",\"description\":\"Conhecido como \\\"IAM\\\", a Inf\u00e2ncia e Adolesc\u00eancia Mission\u00e1ria da Igreja do Padre Eust\u00e1quio voltou a realizar reuni\u00f5es semanais no Santu\u00e1rio. O grupo que esteve parado por causa da pandemia, volta convidando os antigos participantes e tamb\u00e9m novos membros a se juntarem ao movimento.\",\"breadcrumb\":{\"@id\":\"https:\/\/www.padreeustaquio.com.br\/grupo-da-infancia-missionaria-volta-a-se-encontrar-na-igreja-do-padre-eustaquio\/#breadcrumb\"},\"inLanguage\":\"en-US\",\"potentialAction\":[{\"@type\":\"ReadAction\",\"target\":[\"https:\/\/www.padreeustaquio.com.br\/grupo-da-infancia-missionaria-volta-a-se-encontrar-na-igreja-do-padre-eustaquio\/\"]}]},{\"@type\":\"ImageObject\",\"inLanguage\":\"en-US\",\"@id\":\"https:\/\/www.padreeustaquio.com.br\/grupo-da-infancia-missionaria-volta-a-se-encontrar-na-igreja-do-padre-eustaquio\/#primaryimage\",\"url\":\"https:\/\/www.padreeustaquio.com.br\/wp-content\/uploads\/2022\/05\/iam-2.jpg\",\"contentUrl\":\"https:\/\/www.padreeustaquio.com.br\/wp-content\/uploads\/2022\/05\/iam-2.jpg\",\"width\":748,\"height\":394},{\"@type\":\"BreadcrumbList\",\"@id\":\"https:\/\/www.padreeustaquio.com.br\/grupo-da-infancia-missionaria-volta-a-se-encontrar-na-igreja-do-padre-eustaquio\/#breadcrumb\",\"itemListElement\":[{\"@type\":\"ListItem\",\"position\":1,\"name\":\"In\u00edcio\",\"item\":\"https:\/\/www.padreeustaquio.com.br\/\"},{\"@type\":\"ListItem\",\"position\":2,\"name\":\"Grupo da Inf\u00e2ncia Mission\u00e1ria volta a se encontrar na Igreja do Padre Eust\u00e1quio\"}]},{\"@type\":\"WebSite\",\"@id\":\"https:\/\/www.padreeustaquio.com.br\/#website\",\"url\":\"https:\/\/www.padreeustaquio.com.br\/\",\"name\":\"Padre Eust\u00e1quio\",\"description\":\"Sa\u00fade e Paz\",\"publisher\":{\"@id\":\"https:\/\/www.padreeustaquio.com.br\/#organization\"},\"potentialAction\":[{\"@type\":\"SearchAction\",\"target\":{\"@type\":\"EntryPoint\",\"urlTemplate\":\"https:\/\/www.padreeustaquio.com.br\/?s={search_term_string}\"},\"query-input\":{\"@type\":\"PropertyValueSpecification\",\"valueRequired\":true,\"valueName\":\"search_term_string\"}}],\"inLanguage\":\"en-US\"},{\"@type\":\"Organization\",\"@id\":\"https:\/\/www.padreeustaquio.com.br\/#organization\",\"name\":\"Padre Eust\u00e1quio\",\"url\":\"https:\/\/www.padreeustaquio.com.br\/\",\"logo\":{\"@type\":\"ImageObject\",\"inLanguage\":\"en-US\",\"@id\":\"https:\/\/www.padreeustaquio.com.br\/#\/schema\/logo\/image\/\",\"url\":\"https:\/\/www.padreeustaquio.com.br\/wp-content\/uploads\/2019\/08\/marca.png\",\"contentUrl\":\"https:\/\/www.padreeustaquio.com.br\/wp-content\/uploads\/2019\/08\/marca.png\",\"width\":350,\"height\":400,\"caption\":\"Padre Eust\u00e1quio\"},\"image\":{\"@id\":\"https:\/\/www.padreeustaquio.com.br\/#\/schema\/logo\/image\/\"},\"sameAs\":[\"https:\/\/www.facebook.com\/beatopadreeustaquio\/\",\"https:\/\/x.com\/beatopeustaquio\",\"https:\/\/www.instagram.com\/beatopadreeustaquio\/\",\"https:\/\/www.youtube.com\/channel\/UCRhw7vfabnajwLxb1ZXMeIw\"]},{\"@type\":\"Person\",\"@id\":\"https:\/\/www.padreeustaquio.com.br\/#\/schema\/person\/a2a51db1d00f1a7af0204a0f1ddb1566\",\"name\":\"@sscc\",\"image\":{\"@type\":\"ImageObject\",\"inLanguage\":\"en-US\",\"@id\":\"https:\/\/secure.gravatar.com\/avatar\/68cfafa5f44617fea54071e215026e0ff06be366c3d54a8425f04fdcb86f8c5f?s=96&d=mm&r=g\",\"url\":\"https:\/\/secure.gravatar.com\/avatar\/68cfafa5f44617fea54071e215026e0ff06be366c3d54a8425f04fdcb86f8c5f?s=96&d=mm&r=g\",\"contentUrl\":\"https:\/\/secure.gravatar.com\/avatar\/68cfafa5f44617fea54071e215026e0ff06be366c3d54a8425f04fdcb86f8c5f?s=96&d=mm&r=g\",\"caption\":\"@sscc\"},\"url\":\"https:\/\/www.padreeustaquio.com.br\/en\/author\/sscc\/\"}]}<\/script>\n<!-- \/ Yoast SEO plugin. -->","yoast_head_json":{"title":"The Missionary Childhood Group meets again at the Church of Father Eust\u00e1quio.","description":"Known as &quot;IAM,&quot; the Missionary Childhood and Adolescence group of the Padre Eust\u00e1quio Church has resumed weekly meetings at the Sanctuary. The group, which had been inactive due to the pandemic, is returning and inviting both former participants and new members to join the movement.","robots":{"index":"index","follow":"follow","max-snippet":"max-snippet:-1","max-image-preview":"max-image-preview:large","max-video-preview":"max-video-preview:-1"},"canonical":"https:\/\/www.padreeustaquio.com.br\/en\/the-missionary-childhood-group-meets-again-at-father-eustaquios-church\/","og_locale":"en_US","og_type":"article","og_title":"Grupo da Inf\u00e2ncia Mission\u00e1ria volta a se encontrar na Igreja do Padre Eust\u00e1quio","og_description":"Conhecido como \"IAM\", a Inf\u00e2ncia e Adolesc\u00eancia Mission\u00e1ria da Igreja do Padre Eust\u00e1quio voltou a realizar reuni\u00f5es semanais no Santu\u00e1rio. O grupo que esteve parado por causa da pandemia, volta convidando os antigos participantes e tamb\u00e9m novos membros a se juntarem ao movimento.","og_url":"https:\/\/www.padreeustaquio.com.br\/en\/the-missionary-childhood-group-meets-again-at-father-eustaquios-church\/","og_site_name":"Padre Eust\u00e1quio","article_publisher":"https:\/\/www.facebook.com\/beatopadreeustaquio\/","article_published_time":"2022-05-27T08:28:00+00:00","og_image":[{"width":748,"height":394,"url":"https:\/\/www.padreeustaquio.com.br\/wp-content\/uploads\/2022\/05\/iam-2.jpg","type":"image\/jpeg"}],"author":"@sscc","twitter_card":"summary_large_image","twitter_creator":"@beatopeustaquio","twitter_site":"@beatopeustaquio","twitter_misc":{"Written by":"@sscc","Est. reading time":"2 minutes"},"schema":{"@context":"https:\/\/schema.org","@graph":[{"@type":"Article","@id":"https:\/\/www.padreeustaquio.com.br\/grupo-da-infancia-missionaria-volta-a-se-encontrar-na-igreja-do-padre-eustaquio\/#article","isPartOf":{"@id":"https:\/\/www.padreeustaquio.com.br\/grupo-da-infancia-missionaria-volta-a-se-encontrar-na-igreja-do-padre-eustaquio\/"},"author":{"name":"@sscc","@id":"https:\/\/www.padreeustaquio.com.br\/#\/schema\/person\/a2a51db1d00f1a7af0204a0f1ddb1566"},"headline":"Grupo da Inf\u00e2ncia Mission\u00e1ria volta a se encontrar na Igreja do Padre Eust\u00e1quio","datePublished":"2022-05-27T08:28:00+00:00","mainEntityOfPage":{"@id":"https:\/\/www.padreeustaquio.com.br\/grupo-da-infancia-missionaria-volta-a-se-encontrar-na-igreja-do-padre-eustaquio\/"},"wordCount":244,"commentCount":0,"publisher":{"@id":"https:\/\/www.padreeustaquio.com.br\/#organization"},"image":{"@id":"https:\/\/www.padreeustaquio.com.br\/grupo-da-infancia-missionaria-volta-a-se-encontrar-na-igreja-do-padre-eustaquio\/#primaryimage"},"thumbnailUrl":"https:\/\/www.padreeustaquio.com.br\/wp-content\/uploads\/2022\/05\/iam-2.jpg","articleSection":["Not\u00edcias"],"inLanguage":"en-US","potentialAction":[{"@type":"CommentAction","name":"Comment","target":["https:\/\/www.padreeustaquio.com.br\/grupo-da-infancia-missionaria-volta-a-se-encontrar-na-igreja-do-padre-eustaquio\/#respond"]}]},{"@type":"WebPage","@id":"https:\/\/www.padreeustaquio.com.br\/grupo-da-infancia-missionaria-volta-a-se-encontrar-na-igreja-do-padre-eustaquio\/","url":"https:\/\/www.padreeustaquio.com.br\/grupo-da-infancia-missionaria-volta-a-se-encontrar-na-igreja-do-padre-eustaquio\/","name":"The Missionary Childhood Group meets again at the Church of Father Eust\u00e1quio.","isPartOf":{"@id":"https:\/\/www.padreeustaquio.com.br\/#website"},"primaryImageOfPage":{"@id":"https:\/\/www.padreeustaquio.com.br\/grupo-da-infancia-missionaria-volta-a-se-encontrar-na-igreja-do-padre-eustaquio\/#primaryimage"},"image":{"@id":"https:\/\/www.padreeustaquio.com.br\/grupo-da-infancia-missionaria-volta-a-se-encontrar-na-igreja-do-padre-eustaquio\/#primaryimage"},"thumbnailUrl":"https:\/\/www.padreeustaquio.com.br\/wp-content\/uploads\/2022\/05\/iam-2.jpg","datePublished":"2022-05-27T08:28:00+00:00","description":"Known as &quot;IAM,&quot; the Missionary Childhood and Adolescence group of the Padre Eust\u00e1quio Church has resumed weekly meetings at the Sanctuary. The group, which had been inactive due to the pandemic, is returning and inviting both former participants and new members to join the movement.","breadcrumb":{"@id":"https:\/\/www.padreeustaquio.com.br\/grupo-da-infancia-missionaria-volta-a-se-encontrar-na-igreja-do-padre-eustaquio\/#breadcrumb"},"inLanguage":"en-US","potentialAction":[{"@type":"ReadAction","target":["https:\/\/www.padreeustaquio.com.br\/grupo-da-infancia-missionaria-volta-a-se-encontrar-na-igreja-do-padre-eustaquio\/"]}]},{"@type":"ImageObject","inLanguage":"en-US","@id":"https:\/\/www.padreeustaquio.com.br\/grupo-da-infancia-missionaria-volta-a-se-encontrar-na-igreja-do-padre-eustaquio\/#primaryimage","url":"https:\/\/www.padreeustaquio.com.br\/wp-content\/uploads\/2022\/05\/iam-2.jpg","contentUrl":"https:\/\/www.padreeustaquio.com.br\/wp-content\/uploads\/2022\/05\/iam-2.jpg","width":748,"height":394},{"@type":"BreadcrumbList","@id":"https:\/\/www.padreeustaquio.com.br\/grupo-da-infancia-missionaria-volta-a-se-encontrar-na-igreja-do-padre-eustaquio\/#breadcrumb","itemListElement":[{"@type":"ListItem","position":1,"name":"In\u00edcio","item":"https:\/\/www.padreeustaquio.com.br\/"},{"@type":"ListItem","position":2,"name":"Grupo da Inf\u00e2ncia Mission\u00e1ria volta a se encontrar na Igreja do Padre Eust\u00e1quio"}]},{"@type":"WebSite","@id":"https:\/\/www.padreeustaquio.com.br\/#website","url":"https:\/\/www.padreeustaquio.com.br\/","name":"FATHER EUST\u00c1QUIO","description":"Health and Peace","publisher":{"@id":"https:\/\/www.padreeustaquio.com.br\/#organization"},"potentialAction":[{"@type":"SearchAction","target":{"@type":"EntryPoint","urlTemplate":"https:\/\/www.padreeustaquio.com.br\/?s={search_term_string}"},"query-input":{"@type":"PropertyValueSpecification","valueRequired":true,"valueName":"search_term_string"}}],"inLanguage":"en-US"},{"@type":"Organization","@id":"https:\/\/www.padreeustaquio.com.br\/#organization","name":"FATHER EUST\u00c1QUIO","url":"https:\/\/www.padreeustaquio.com.br\/","logo":{"@type":"ImageObject","inLanguage":"en-US","@id":"https:\/\/www.padreeustaquio.com.br\/#\/schema\/logo\/image\/","url":"https:\/\/www.padreeustaquio.com.br\/wp-content\/uploads\/2019\/08\/marca.png","contentUrl":"https:\/\/www.padreeustaquio.com.br\/wp-content\/uploads\/2019\/08\/marca.png","width":350,"height":400,"caption":"Padre Eust\u00e1quio"},"image":{"@id":"https:\/\/www.padreeustaquio.com.br\/#\/schema\/logo\/image\/"},"sameAs":["https:\/\/www.facebook.com\/beatopadreeustaquio\/","https:\/\/x.com\/beatopeustaquio","https:\/\/www.instagram.com\/beatopadreeustaquio\/","https:\/\/www.youtube.com\/channel\/UCRhw7vfabnajwLxb1ZXMeIw"]},{"@type":"Person","@id":"https:\/\/www.padreeustaquio.com.br\/#\/schema\/person\/a2a51db1d00f1a7af0204a0f1ddb1566","name":"@sscc","image":{"@type":"ImageObject","inLanguage":"en-US","@id":"https:\/\/secure.gravatar.com\/avatar\/68cfafa5f44617fea54071e215026e0ff06be366c3d54a8425f04fdcb86f8c5f?s=96&d=mm&r=g","url":"https:\/\/secure.gravatar.com\/avatar\/68cfafa5f44617fea54071e215026e0ff06be366c3d54a8425f04fdcb86f8c5f?s=96&d=mm&r=g","contentUrl":"https:\/\/secure.gravatar.com\/avatar\/68cfafa5f44617fea54071e215026e0ff06be366c3d54a8425f04fdcb86f8c5f?s=96&d=mm&r=g","caption":"@sscc"},"url":"https:\/\/www.padreeustaquio.com.br\/en\/author\/sscc\/"}]}},"_links":{"self":[{"href":"https:\/\/www.padreeustaquio.com.br\/en\/wp-json\/wp\/v2\/posts\/8694","targetHints":{"allow":["GET"]}}],"collection":[{"href":"https:\/\/www.padreeustaquio.com.br\/en\/wp-json\/wp\/v2\/posts"}],"about":[{"href":"https:\/\/www.padreeustaquio.com.br\/en\/wp-json\/wp\/v2\/types\/post"}],"author":[{"embeddable":true,"href":"https:\/\/www.padreeustaquio.com.br\/en\/wp-json\/wp\/v2\/users\/2"}],"replies":[{"embeddable":true,"href":"https:\/\/www.padreeustaquio.com.br\/en\/wp-json\/wp\/v2\/comments?post=8694"}],"version-history":[{"count":0,"href":"https:\/\/www.padreeustaquio.com.br\/en\/wp-json\/wp\/v2\/posts\/8694\/revisions"}],"wp:featuredmedia":[{"embeddable":true,"href":"https:\/\/www.padreeustaquio.com.br\/en\/wp-json\/wp\/v2\/media\/8697"}],"wp:attachment":[{"href":"https:\/\/www.padreeustaquio.com.br\/en\/wp-json\/wp\/v2\/media?parent=8694"}],"wp:term":[{"taxonomy":"category","embeddable":true,"href":"https:\/\/www.padreeustaquio.com.br\/en\/wp-json\/wp\/v2\/categories?post=8694"},{"taxonomy":"post_tag","embeddable":true,"href":"https:\/\/www.padreeustaquio.com.br\/en\/wp-json\/wp\/v2\/tags?post=8694"}],"curies":[{"name":"wp","href":"https:\/\/api.w.org\/{rel}","templated":true}]}}