{"id":8691,"date":"2022-05-25T06:08:00","date_gmt":"2022-05-25T09:08:00","guid":{"rendered":"https:\/\/www.padreeustaquio.com.br\/?p=8691"},"modified":"2022-05-29T12:16:54","modified_gmt":"2022-05-29T15:16:54","slug":"women-from-father-eustaces-church-prepare-a-special-coronation-for-our-lady","status":"publish","type":"post","link":"https:\/\/www.padreeustaquio.com.br\/en\/women-from-father-eustaces-church-prepare-a-special-coronation-for-our-lady\/","title":{"rendered":"Women from the Church of Father Eust\u00e1quio prepare a special coronation for Our Lady."},"content":{"rendered":"<p>Seventeen women who are part of the parish community of the Sanctuary of Health and Peace, Father Eust\u00e1quio Church in Belo Horizonte, are preparing a special coronation to close out the month of May. This Sunday, they recorded the special moment that will be shown next weekend on the Padre Eust\u00e1quio Channel.<\/p>\n\n\n\n<p>The homage to the Mother of God, under the title of Immaculate Heart of Mary, was recorded at the Sanctuary&#039;s Community Center. During the coronation, the women, separated into groups, represented the continents and spoke of the various titles that Our Lady receives in different parts of the world. In addition to singing and praying, the women recited biblical passages, recalling Mary&#039;s role in the path to the salvation of humanity.<\/p>\n\n\n\n<p>You can see the result of this beautiful work on the Padre Eust\u00e1quio Channel, right after the celebrations this weekend (days 28 and 29). The video will also be available <a href=\"https:\/\/www.youtube.com\/watch?v=Qn4rsN_ZLUQ\" target=\"_blank\" rel=\"noreferrer noopener\">HERE<\/a> For you to share with your friends and family.<\/p>\n\n\n\n<p><\/p>","protected":false},"excerpt":{"rendered":"<p>Dezessete mulheres que participam da comunidade paroquial do Santu\u00e1rio da Sa\u00fade e da Paz, Igreja do Padre Eust\u00e1quio em Belo Horizonte est\u00e3o preparando uma coroa\u00e7\u00e3o diferente para encerrar o m\u00eas de Maio. Nesse domingo, elas gravaram o momento especial que ser\u00e1 exibido no pr\u00f3ximo final de semana no Canal Padre Eust\u00e1quio. A homenagem \u00e0 M\u00e3e de Deus, sob o t\u00edtulo de Imaculado Cora\u00e7\u00e3o de Maria, foi gravada no Centro Comunit\u00e1rio do Santu\u00e1rio. Durante a coroa\u00e7\u00e3o, as mulheres separadas em grupos, representaram os continentes e falaram dos mais diversos t\u00edtulos que Nossa Senhora recebe nos mais diferentes lugares do mundo. Al\u00e9m [&hellip;]<\/p>\n","protected":false},"author":2,"featured_media":8693,"comment_status":"open","ping_status":"closed","sticky":false,"template":"","format":"standard","meta":{"_acf_changed":false,"footnotes":""},"categories":[611],"tags":[],"class_list":["post-8691","post","type-post","status-publish","format-standard","has-post-thumbnail","hentry","category-noticias"],"acf":[],"yoast_head":"<!-- This site is optimized with the Yoast SEO plugin v27.2 - https:\/\/yoast.com\/product\/yoast-seo-wordpress\/ -->\n<title>Mulheres da Igreja do Padre Eust\u00e1quio preparam coroa\u00e7\u00e3o especial \u00e0 Nossa Senhora<\/title>\n<meta name=\"description\" content=\"Dezessete mulheres que participam da comunidade paroquial do Santu\u00e1rio da Sa\u00fade e da Paz, Igreja do Padre Eust\u00e1quio em Belo Horizonte est\u00e3o preparando uma coroa\u00e7\u00e3o diferente para encerrar o m\u00eas de Maio. Nesse domingo, elas gravaram o momento especial que ser\u00e1 exibido no pr\u00f3ximo final de semana no Canal Padre Eust\u00e1quio.\" \/>\n<meta name=\"robots\" content=\"index, follow, max-snippet:-1, max-image-preview:large, max-video-preview:-1\" \/>\n<link rel=\"canonical\" href=\"https:\/\/www.padreeustaquio.com.br\/en\/women-from-father-eustaces-church-prepare-a-special-coronation-for-our-lady\/\" \/>\n<meta property=\"og:locale\" content=\"en_US\" \/>\n<meta property=\"og:type\" content=\"article\" \/>\n<meta property=\"og:title\" content=\"Mulheres da Igreja do Padre Eust\u00e1quio preparam coroa\u00e7\u00e3o especial \u00e0 Nossa Senhora\" \/>\n<meta property=\"og:description\" content=\"Dezessete mulheres que participam da comunidade paroquial do Santu\u00e1rio da Sa\u00fade e da Paz, Igreja do Padre Eust\u00e1quio em Belo Horizonte est\u00e3o preparando uma coroa\u00e7\u00e3o diferente para encerrar o m\u00eas de Maio. Nesse domingo, elas gravaram o momento especial que ser\u00e1 exibido no pr\u00f3ximo final de semana no Canal Padre Eust\u00e1quio.\" \/>\n<meta property=\"og:url\" content=\"https:\/\/www.padreeustaquio.com.br\/en\/women-from-father-eustaces-church-prepare-a-special-coronation-for-our-lady\/\" \/>\n<meta property=\"og:site_name\" content=\"Padre Eust\u00e1quio\" \/>\n<meta property=\"article:publisher\" content=\"https:\/\/www.facebook.com\/beatopadreeustaquio\/\" \/>\n<meta property=\"article:published_time\" content=\"2022-05-25T09:08:00+00:00\" \/>\n<meta property=\"article:modified_time\" content=\"2022-05-29T15:16:54+00:00\" \/>\n<meta property=\"og:image\" content=\"https:\/\/www.padreeustaquio.com.br\/wp-content\/uploads\/2022\/05\/coroacao.jpg\" \/>\n\t<meta property=\"og:image:width\" content=\"748\" \/>\n\t<meta property=\"og:image:height\" content=\"394\" \/>\n\t<meta property=\"og:image:type\" content=\"image\/jpeg\" \/>\n<meta name=\"author\" content=\"@sscc\" \/>\n<meta name=\"twitter:card\" content=\"summary_large_image\" \/>\n<meta name=\"twitter:creator\" content=\"@beatopeustaquio\" \/>\n<meta name=\"twitter:site\" content=\"@beatopeustaquio\" \/>\n<meta name=\"twitter:label1\" content=\"Written by\" \/>\n\t<meta name=\"twitter:data1\" content=\"@sscc\" \/>\n\t<meta name=\"twitter:label2\" content=\"Est. reading time\" \/>\n\t<meta name=\"twitter:data2\" content=\"1 minute\" \/>\n<script type=\"application\/ld+json\" class=\"yoast-schema-graph\">{\"@context\":\"https:\/\/schema.org\",\"@graph\":[{\"@type\":\"Article\",\"@id\":\"https:\/\/www.padreeustaquio.com.br\/mulheres-da-igreja-do-padre-eustaquio-preparam-coroacao-especial-a-nossa-senhora\/#article\",\"isPartOf\":{\"@id\":\"https:\/\/www.padreeustaquio.com.br\/mulheres-da-igreja-do-padre-eustaquio-preparam-coroacao-especial-a-nossa-senhora\/\"},\"author\":{\"name\":\"@sscc\",\"@id\":\"https:\/\/www.padreeustaquio.com.br\/#\/schema\/person\/a2a51db1d00f1a7af0204a0f1ddb1566\"},\"headline\":\"Mulheres da Igreja do Padre Eust\u00e1quio preparam coroa\u00e7\u00e3o especial \u00e0 Nossa Senhora\",\"datePublished\":\"2022-05-25T09:08:00+00:00\",\"dateModified\":\"2022-05-29T15:16:54+00:00\",\"mainEntityOfPage\":{\"@id\":\"https:\/\/www.padreeustaquio.com.br\/mulheres-da-igreja-do-padre-eustaquio-preparam-coroacao-especial-a-nossa-senhora\/\"},\"wordCount\":193,\"commentCount\":0,\"publisher\":{\"@id\":\"https:\/\/www.padreeustaquio.com.br\/#organization\"},\"image\":{\"@id\":\"https:\/\/www.padreeustaquio.com.br\/mulheres-da-igreja-do-padre-eustaquio-preparam-coroacao-especial-a-nossa-senhora\/#primaryimage\"},\"thumbnailUrl\":\"https:\/\/www.padreeustaquio.com.br\/wp-content\/uploads\/2022\/05\/coroacao.jpg\",\"articleSection\":[\"Not\u00edcias\"],\"inLanguage\":\"en-US\",\"potentialAction\":[{\"@type\":\"CommentAction\",\"name\":\"Comment\",\"target\":[\"https:\/\/www.padreeustaquio.com.br\/mulheres-da-igreja-do-padre-eustaquio-preparam-coroacao-especial-a-nossa-senhora\/#respond\"]}]},{\"@type\":\"WebPage\",\"@id\":\"https:\/\/www.padreeustaquio.com.br\/mulheres-da-igreja-do-padre-eustaquio-preparam-coroacao-especial-a-nossa-senhora\/\",\"url\":\"https:\/\/www.padreeustaquio.com.br\/mulheres-da-igreja-do-padre-eustaquio-preparam-coroacao-especial-a-nossa-senhora\/\",\"name\":\"Mulheres da Igreja do Padre Eust\u00e1quio preparam coroa\u00e7\u00e3o especial \u00e0 Nossa Senhora\",\"isPartOf\":{\"@id\":\"https:\/\/www.padreeustaquio.com.br\/#website\"},\"primaryImageOfPage\":{\"@id\":\"https:\/\/www.padreeustaquio.com.br\/mulheres-da-igreja-do-padre-eustaquio-preparam-coroacao-especial-a-nossa-senhora\/#primaryimage\"},\"image\":{\"@id\":\"https:\/\/www.padreeustaquio.com.br\/mulheres-da-igreja-do-padre-eustaquio-preparam-coroacao-especial-a-nossa-senhora\/#primaryimage\"},\"thumbnailUrl\":\"https:\/\/www.padreeustaquio.com.br\/wp-content\/uploads\/2022\/05\/coroacao.jpg\",\"datePublished\":\"2022-05-25T09:08:00+00:00\",\"dateModified\":\"2022-05-29T15:16:54+00:00\",\"description\":\"Dezessete mulheres que participam da comunidade paroquial do Santu\u00e1rio da Sa\u00fade e da Paz, Igreja do Padre Eust\u00e1quio em Belo Horizonte est\u00e3o preparando uma coroa\u00e7\u00e3o diferente para encerrar o m\u00eas de Maio. Nesse domingo, elas gravaram o momento especial que ser\u00e1 exibido no pr\u00f3ximo final de semana no Canal Padre Eust\u00e1quio.\",\"breadcrumb\":{\"@id\":\"https:\/\/www.padreeustaquio.com.br\/mulheres-da-igreja-do-padre-eustaquio-preparam-coroacao-especial-a-nossa-senhora\/#breadcrumb\"},\"inLanguage\":\"en-US\",\"potentialAction\":[{\"@type\":\"ReadAction\",\"target\":[\"https:\/\/www.padreeustaquio.com.br\/mulheres-da-igreja-do-padre-eustaquio-preparam-coroacao-especial-a-nossa-senhora\/\"]}]},{\"@type\":\"ImageObject\",\"inLanguage\":\"en-US\",\"@id\":\"https:\/\/www.padreeustaquio.com.br\/mulheres-da-igreja-do-padre-eustaquio-preparam-coroacao-especial-a-nossa-senhora\/#primaryimage\",\"url\":\"https:\/\/www.padreeustaquio.com.br\/wp-content\/uploads\/2022\/05\/coroacao.jpg\",\"contentUrl\":\"https:\/\/www.padreeustaquio.com.br\/wp-content\/uploads\/2022\/05\/coroacao.jpg\",\"width\":748,\"height\":394},{\"@type\":\"BreadcrumbList\",\"@id\":\"https:\/\/www.padreeustaquio.com.br\/mulheres-da-igreja-do-padre-eustaquio-preparam-coroacao-especial-a-nossa-senhora\/#breadcrumb\",\"itemListElement\":[{\"@type\":\"ListItem\",\"position\":1,\"name\":\"In\u00edcio\",\"item\":\"https:\/\/www.padreeustaquio.com.br\/\"},{\"@type\":\"ListItem\",\"position\":2,\"name\":\"Mulheres da Igreja do Padre Eust\u00e1quio preparam coroa\u00e7\u00e3o especial \u00e0 Nossa Senhora\"}]},{\"@type\":\"WebSite\",\"@id\":\"https:\/\/www.padreeustaquio.com.br\/#website\",\"url\":\"https:\/\/www.padreeustaquio.com.br\/\",\"name\":\"Padre Eust\u00e1quio\",\"description\":\"Sa\u00fade e Paz\",\"publisher\":{\"@id\":\"https:\/\/www.padreeustaquio.com.br\/#organization\"},\"potentialAction\":[{\"@type\":\"SearchAction\",\"target\":{\"@type\":\"EntryPoint\",\"urlTemplate\":\"https:\/\/www.padreeustaquio.com.br\/?s={search_term_string}\"},\"query-input\":{\"@type\":\"PropertyValueSpecification\",\"valueRequired\":true,\"valueName\":\"search_term_string\"}}],\"inLanguage\":\"en-US\"},{\"@type\":\"Organization\",\"@id\":\"https:\/\/www.padreeustaquio.com.br\/#organization\",\"name\":\"Padre Eust\u00e1quio\",\"url\":\"https:\/\/www.padreeustaquio.com.br\/\",\"logo\":{\"@type\":\"ImageObject\",\"inLanguage\":\"en-US\",\"@id\":\"https:\/\/www.padreeustaquio.com.br\/#\/schema\/logo\/image\/\",\"url\":\"https:\/\/www.padreeustaquio.com.br\/wp-content\/uploads\/2019\/08\/marca.png\",\"contentUrl\":\"https:\/\/www.padreeustaquio.com.br\/wp-content\/uploads\/2019\/08\/marca.png\",\"width\":350,\"height\":400,\"caption\":\"Padre Eust\u00e1quio\"},\"image\":{\"@id\":\"https:\/\/www.padreeustaquio.com.br\/#\/schema\/logo\/image\/\"},\"sameAs\":[\"https:\/\/www.facebook.com\/beatopadreeustaquio\/\",\"https:\/\/x.com\/beatopeustaquio\",\"https:\/\/www.instagram.com\/beatopadreeustaquio\/\",\"https:\/\/www.youtube.com\/channel\/UCRhw7vfabnajwLxb1ZXMeIw\"]},{\"@type\":\"Person\",\"@id\":\"https:\/\/www.padreeustaquio.com.br\/#\/schema\/person\/a2a51db1d00f1a7af0204a0f1ddb1566\",\"name\":\"@sscc\",\"image\":{\"@type\":\"ImageObject\",\"inLanguage\":\"en-US\",\"@id\":\"https:\/\/secure.gravatar.com\/avatar\/68cfafa5f44617fea54071e215026e0ff06be366c3d54a8425f04fdcb86f8c5f?s=96&d=mm&r=g\",\"url\":\"https:\/\/secure.gravatar.com\/avatar\/68cfafa5f44617fea54071e215026e0ff06be366c3d54a8425f04fdcb86f8c5f?s=96&d=mm&r=g\",\"contentUrl\":\"https:\/\/secure.gravatar.com\/avatar\/68cfafa5f44617fea54071e215026e0ff06be366c3d54a8425f04fdcb86f8c5f?s=96&d=mm&r=g\",\"caption\":\"@sscc\"},\"url\":\"https:\/\/www.padreeustaquio.com.br\/en\/author\/sscc\/\"}]}<\/script>\n<!-- \/ Yoast SEO plugin. -->","yoast_head_json":{"title":"Women from the Church of Father Eust\u00e1quio prepare a special coronation for Our Lady.","description":"Seventeen women who are part of the parish community of the Sanctuary of Health and Peace, Father Eust\u00e1quio Church in Belo Horizonte, are preparing a special coronation to close out the month of May. This Sunday, they recorded the special moment that will be shown next weekend on the Padre Eust\u00e1quio Channel.","robots":{"index":"index","follow":"follow","max-snippet":"max-snippet:-1","max-image-preview":"max-image-preview:large","max-video-preview":"max-video-preview:-1"},"canonical":"https:\/\/www.padreeustaquio.com.br\/en\/women-from-father-eustaces-church-prepare-a-special-coronation-for-our-lady\/","og_locale":"en_US","og_type":"article","og_title":"Mulheres da Igreja do Padre Eust\u00e1quio preparam coroa\u00e7\u00e3o especial \u00e0 Nossa Senhora","og_description":"Dezessete mulheres que participam da comunidade paroquial do Santu\u00e1rio da Sa\u00fade e da Paz, Igreja do Padre Eust\u00e1quio em Belo Horizonte est\u00e3o preparando uma coroa\u00e7\u00e3o diferente para encerrar o m\u00eas de Maio. Nesse domingo, elas gravaram o momento especial que ser\u00e1 exibido no pr\u00f3ximo final de semana no Canal Padre Eust\u00e1quio.","og_url":"https:\/\/www.padreeustaquio.com.br\/en\/women-from-father-eustaces-church-prepare-a-special-coronation-for-our-lady\/","og_site_name":"Padre Eust\u00e1quio","article_publisher":"https:\/\/www.facebook.com\/beatopadreeustaquio\/","article_published_time":"2022-05-25T09:08:00+00:00","article_modified_time":"2022-05-29T15:16:54+00:00","og_image":[{"width":748,"height":394,"url":"https:\/\/www.padreeustaquio.com.br\/wp-content\/uploads\/2022\/05\/coroacao.jpg","type":"image\/jpeg"}],"author":"@sscc","twitter_card":"summary_large_image","twitter_creator":"@beatopeustaquio","twitter_site":"@beatopeustaquio","twitter_misc":{"Written by":"@sscc","Est. reading time":"1 minute"},"schema":{"@context":"https:\/\/schema.org","@graph":[{"@type":"Article","@id":"https:\/\/www.padreeustaquio.com.br\/mulheres-da-igreja-do-padre-eustaquio-preparam-coroacao-especial-a-nossa-senhora\/#article","isPartOf":{"@id":"https:\/\/www.padreeustaquio.com.br\/mulheres-da-igreja-do-padre-eustaquio-preparam-coroacao-especial-a-nossa-senhora\/"},"author":{"name":"@sscc","@id":"https:\/\/www.padreeustaquio.com.br\/#\/schema\/person\/a2a51db1d00f1a7af0204a0f1ddb1566"},"headline":"Mulheres da Igreja do Padre Eust\u00e1quio preparam coroa\u00e7\u00e3o especial \u00e0 Nossa Senhora","datePublished":"2022-05-25T09:08:00+00:00","dateModified":"2022-05-29T15:16:54+00:00","mainEntityOfPage":{"@id":"https:\/\/www.padreeustaquio.com.br\/mulheres-da-igreja-do-padre-eustaquio-preparam-coroacao-especial-a-nossa-senhora\/"},"wordCount":193,"commentCount":0,"publisher":{"@id":"https:\/\/www.padreeustaquio.com.br\/#organization"},"image":{"@id":"https:\/\/www.padreeustaquio.com.br\/mulheres-da-igreja-do-padre-eustaquio-preparam-coroacao-especial-a-nossa-senhora\/#primaryimage"},"thumbnailUrl":"https:\/\/www.padreeustaquio.com.br\/wp-content\/uploads\/2022\/05\/coroacao.jpg","articleSection":["Not\u00edcias"],"inLanguage":"en-US","potentialAction":[{"@type":"CommentAction","name":"Comment","target":["https:\/\/www.padreeustaquio.com.br\/mulheres-da-igreja-do-padre-eustaquio-preparam-coroacao-especial-a-nossa-senhora\/#respond"]}]},{"@type":"WebPage","@id":"https:\/\/www.padreeustaquio.com.br\/mulheres-da-igreja-do-padre-eustaquio-preparam-coroacao-especial-a-nossa-senhora\/","url":"https:\/\/www.padreeustaquio.com.br\/mulheres-da-igreja-do-padre-eustaquio-preparam-coroacao-especial-a-nossa-senhora\/","name":"Women from the Church of Father Eust\u00e1quio prepare a special coronation for Our Lady.","isPartOf":{"@id":"https:\/\/www.padreeustaquio.com.br\/#website"},"primaryImageOfPage":{"@id":"https:\/\/www.padreeustaquio.com.br\/mulheres-da-igreja-do-padre-eustaquio-preparam-coroacao-especial-a-nossa-senhora\/#primaryimage"},"image":{"@id":"https:\/\/www.padreeustaquio.com.br\/mulheres-da-igreja-do-padre-eustaquio-preparam-coroacao-especial-a-nossa-senhora\/#primaryimage"},"thumbnailUrl":"https:\/\/www.padreeustaquio.com.br\/wp-content\/uploads\/2022\/05\/coroacao.jpg","datePublished":"2022-05-25T09:08:00+00:00","dateModified":"2022-05-29T15:16:54+00:00","description":"Seventeen women who are part of the parish community of the Sanctuary of Health and Peace, Father Eust\u00e1quio Church in Belo Horizonte, are preparing a special coronation to close out the month of May. This Sunday, they recorded the special moment that will be shown next weekend on the Padre Eust\u00e1quio Channel.","breadcrumb":{"@id":"https:\/\/www.padreeustaquio.com.br\/mulheres-da-igreja-do-padre-eustaquio-preparam-coroacao-especial-a-nossa-senhora\/#breadcrumb"},"inLanguage":"en-US","potentialAction":[{"@type":"ReadAction","target":["https:\/\/www.padreeustaquio.com.br\/mulheres-da-igreja-do-padre-eustaquio-preparam-coroacao-especial-a-nossa-senhora\/"]}]},{"@type":"ImageObject","inLanguage":"en-US","@id":"https:\/\/www.padreeustaquio.com.br\/mulheres-da-igreja-do-padre-eustaquio-preparam-coroacao-especial-a-nossa-senhora\/#primaryimage","url":"https:\/\/www.padreeustaquio.com.br\/wp-content\/uploads\/2022\/05\/coroacao.jpg","contentUrl":"https:\/\/www.padreeustaquio.com.br\/wp-content\/uploads\/2022\/05\/coroacao.jpg","width":748,"height":394},{"@type":"BreadcrumbList","@id":"https:\/\/www.padreeustaquio.com.br\/mulheres-da-igreja-do-padre-eustaquio-preparam-coroacao-especial-a-nossa-senhora\/#breadcrumb","itemListElement":[{"@type":"ListItem","position":1,"name":"In\u00edcio","item":"https:\/\/www.padreeustaquio.com.br\/"},{"@type":"ListItem","position":2,"name":"Mulheres da Igreja do Padre Eust\u00e1quio preparam coroa\u00e7\u00e3o especial \u00e0 Nossa Senhora"}]},{"@type":"WebSite","@id":"https:\/\/www.padreeustaquio.com.br\/#website","url":"https:\/\/www.padreeustaquio.com.br\/","name":"FATHER EUST\u00c1QUIO","description":"Health and Peace","publisher":{"@id":"https:\/\/www.padreeustaquio.com.br\/#organization"},"potentialAction":[{"@type":"SearchAction","target":{"@type":"EntryPoint","urlTemplate":"https:\/\/www.padreeustaquio.com.br\/?s={search_term_string}"},"query-input":{"@type":"PropertyValueSpecification","valueRequired":true,"valueName":"search_term_string"}}],"inLanguage":"en-US"},{"@type":"Organization","@id":"https:\/\/www.padreeustaquio.com.br\/#organization","name":"FATHER EUST\u00c1QUIO","url":"https:\/\/www.padreeustaquio.com.br\/","logo":{"@type":"ImageObject","inLanguage":"en-US","@id":"https:\/\/www.padreeustaquio.com.br\/#\/schema\/logo\/image\/","url":"https:\/\/www.padreeustaquio.com.br\/wp-content\/uploads\/2019\/08\/marca.png","contentUrl":"https:\/\/www.padreeustaquio.com.br\/wp-content\/uploads\/2019\/08\/marca.png","width":350,"height":400,"caption":"Padre Eust\u00e1quio"},"image":{"@id":"https:\/\/www.padreeustaquio.com.br\/#\/schema\/logo\/image\/"},"sameAs":["https:\/\/www.facebook.com\/beatopadreeustaquio\/","https:\/\/x.com\/beatopeustaquio","https:\/\/www.instagram.com\/beatopadreeustaquio\/","https:\/\/www.youtube.com\/channel\/UCRhw7vfabnajwLxb1ZXMeIw"]},{"@type":"Person","@id":"https:\/\/www.padreeustaquio.com.br\/#\/schema\/person\/a2a51db1d00f1a7af0204a0f1ddb1566","name":"@sscc","image":{"@type":"ImageObject","inLanguage":"en-US","@id":"https:\/\/secure.gravatar.com\/avatar\/68cfafa5f44617fea54071e215026e0ff06be366c3d54a8425f04fdcb86f8c5f?s=96&d=mm&r=g","url":"https:\/\/secure.gravatar.com\/avatar\/68cfafa5f44617fea54071e215026e0ff06be366c3d54a8425f04fdcb86f8c5f?s=96&d=mm&r=g","contentUrl":"https:\/\/secure.gravatar.com\/avatar\/68cfafa5f44617fea54071e215026e0ff06be366c3d54a8425f04fdcb86f8c5f?s=96&d=mm&r=g","caption":"@sscc"},"url":"https:\/\/www.padreeustaquio.com.br\/en\/author\/sscc\/"}]}},"_links":{"self":[{"href":"https:\/\/www.padreeustaquio.com.br\/en\/wp-json\/wp\/v2\/posts\/8691","targetHints":{"allow":["GET"]}}],"collection":[{"href":"https:\/\/www.padreeustaquio.com.br\/en\/wp-json\/wp\/v2\/posts"}],"about":[{"href":"https:\/\/www.padreeustaquio.com.br\/en\/wp-json\/wp\/v2\/types\/post"}],"author":[{"embeddable":true,"href":"https:\/\/www.padreeustaquio.com.br\/en\/wp-json\/wp\/v2\/users\/2"}],"replies":[{"embeddable":true,"href":"https:\/\/www.padreeustaquio.com.br\/en\/wp-json\/wp\/v2\/comments?post=8691"}],"version-history":[{"count":0,"href":"https:\/\/www.padreeustaquio.com.br\/en\/wp-json\/wp\/v2\/posts\/8691\/revisions"}],"wp:featuredmedia":[{"embeddable":true,"href":"https:\/\/www.padreeustaquio.com.br\/en\/wp-json\/wp\/v2\/media\/8693"}],"wp:attachment":[{"href":"https:\/\/www.padreeustaquio.com.br\/en\/wp-json\/wp\/v2\/media?parent=8691"}],"wp:term":[{"taxonomy":"category","embeddable":true,"href":"https:\/\/www.padreeustaquio.com.br\/en\/wp-json\/wp\/v2\/categories?post=8691"},{"taxonomy":"post_tag","embeddable":true,"href":"https:\/\/www.padreeustaquio.com.br\/en\/wp-json\/wp\/v2\/tags?post=8691"}],"curies":[{"name":"wp","href":"https:\/\/api.w.org\/{rel}","templated":true}]}}