{"id":8685,"date":"2022-05-23T06:39:00","date_gmt":"2022-05-23T09:39:00","guid":{"rendered":"https:\/\/www.padreeustaquio.com.br\/?p=8685"},"modified":"2022-05-22T19:45:52","modified_gmt":"2022-05-22T22:45:52","slug":"father-gleison-ss-cc-was-ordained-in-bela-cruz-ceara","status":"publish","type":"post","link":"https:\/\/www.padreeustaquio.com.br\/en\/father-gleison-ss-cc-was-ordained-in-bela-cruz-ceara\/","title":{"rendered":"Father Gleison, ss.cc., is ordained in Bela Cruz, Cear\u00e1."},"content":{"rendered":"<p>Brother Francisco Gleison Oliveira, ss.cc., was ordained a priest of the Church last Saturday, May 21st. The ordination ceremony was performed by Dom Jos\u00e9 Luiz Gomes de Vasconcelos, diocesan bishop of Sobral-CE, at the Parish Church of Our Lady of the Conception, in Bela Cruz, a city in Cear\u00e1.<\/p>\n\n\n\n<p>The ordination rite was celebrated in Gleison&#039;s hometown alongside friends and family. Many brothers from the Congregation were also present at the ceremony. Those who could not attend followed the celebration on the Padre Eust\u00e1quio Channel on YouTube (<a href=\"https:\/\/www.youtube.com\/watch?v=XzY2XHIupxo\" target=\"_blank\" rel=\"noreferrer noopener\">review here<\/a>).<\/p>\n\n\n\n<p>Father Osv\u00e2nio Mariano, ss.cc., provincial of the Sacred Hearts in Brazil and the Paraguay region, presented the candidate for priesthood, who was ordained by Bishop Luiz with the laying on of hands on the head of the ordinand and the specific consecratory prayer, which asks God for the outpouring of the Holy Spirit and his gifts appropriate to the ministry for which Gleison was ordained.<\/p>\n\n\n\n<p>Now known as Father Gleison, the young man from Cear\u00e1 returns to his religious community in Patroc\u00ednio-MG to continue carrying out his mission.<\/p>\n\n\n\n<p><strong>Father Francisco Gleison, ss.cc.<\/strong><\/p>\n\n\n\n<p>Francisco Gleison Oliveira was born in Bela Cruz (Cear\u00e1), on May 22, 1988. Son of Francisco Cleiton Oliveira and Maria de F\u00e1tima Morais, he joined the Congregation of the Sacred Hearts in 2014. He completed his Theology studies in 2016 at the Jesuit Faculty and did his novitiate in 2017 in Chaclacayo \u2013 Peru, professing his first vows on January 27, 2018, in the chapel of Casa Anchieta in Borac\u00e9ia-SP.<\/p>\n\n\n\n<p>In 2019 he was sent to the community of Catuji, Minas Gerais, working pastorally in the Parish of Saint Michael the Archangel. He made his Perpetual Profession on January 16, 2021.<a href=\"https:\/\/www.youtube.com\/watch?v=4L52RHXsTzY\" target=\"_blank\" rel=\"noreferrer noopener\">review here<\/a>) at the Sanctuary of Health and Peace in Belo Horizonte and in July of the same year was appointed to the community of Patroc\u00ednio-MG. On October 2021 he was ordained a Deacon (<a href=\"https:\/\/www.youtube.com\/watch?v=KcfZ-8jn9SQ\" target=\"_blank\" rel=\"noreferrer noopener\">review here<\/a>) at the Church of Our Lady of Fatima, in Patroc\u00ednio, by the hands of Dom Luiz Mancilha Vilela, ss.cc., Archbishop Emeritus of Vit\u00f3ria-ES.<\/p>\n\n\n\n<p><\/p>","protected":false},"excerpt":{"rendered":"<p>O irm\u00e3o Francisco Gleison Oliveira, ss.cc. foi ordenado presb\u00edtero da Igreja no \u00faltimo s\u00e1bado, 21 de maio. A cerim\u00f4nia de ordena\u00e7\u00e3o foi realizada por Dom Jos\u00e9 Luiz Gomes de Vasconcelos, bispo diocesano de Sobral-CE, na Igreja Matriz de Nossa Senhora da Concei\u00e7\u00e3o, em Bela Cruz, cidade do Cear\u00e1. O rito de ordena\u00e7\u00e3o foi celebrado na terra natal de Gleison ao lado de amigos e familiares. Muitos irm\u00e3os de Congrega\u00e7\u00e3o tamb\u00e9m estiveram presentes na cerim\u00f4nia. Quem n\u00e3o pode ir, acompanhou a celebra\u00e7\u00e3o pelo Canal Padre Eust\u00e1quio no YouTube (reveja aqui). Padre Osv\u00e2nio Mariano, ss.cc., provincial dos Sagrados Cora\u00e7\u00f5es no Brasil e [&hellip;]<\/p>\n","protected":false},"author":2,"featured_media":8705,"comment_status":"open","ping_status":"closed","sticky":false,"template":"","format":"standard","meta":{"_acf_changed":false,"footnotes":""},"categories":[611],"tags":[],"class_list":["post-8685","post","type-post","status-publish","format-standard","has-post-thumbnail","hentry","category-noticias"],"acf":[],"yoast_head":"<!-- This site is optimized with the Yoast SEO plugin v27.2 - https:\/\/yoast.com\/product\/yoast-seo-wordpress\/ -->\n<title>Padre Gleison, ss.cc. \u00e9 ordenado em Bela Cruz, no Cear\u00e1<\/title>\n<meta name=\"description\" content=\"O irm\u00e3o Francisco Gleison Oliveira, ss.cc. foi ordenado presb\u00edtero da Igreja no \u00faltimo s\u00e1bado, 21 de maio. A cerim\u00f4nia de ordena\u00e7\u00e3o foi realizada por Dom Jos\u00e9 Luiz Gomes de Vasconcelos, bispo diocesano de Sobral-CE, na Igreja Matriz de Nossa Senhora da Concei\u00e7\u00e3o, em Bela Cruz, cidade do Cear\u00e1.\" \/>\n<meta name=\"robots\" content=\"index, follow, max-snippet:-1, max-image-preview:large, max-video-preview:-1\" \/>\n<link rel=\"canonical\" href=\"https:\/\/www.padreeustaquio.com.br\/en\/father-gleison-ss-cc-was-ordained-in-bela-cruz-ceara\/\" \/>\n<meta property=\"og:locale\" content=\"en_US\" \/>\n<meta property=\"og:type\" content=\"article\" \/>\n<meta property=\"og:title\" content=\"Padre Gleison, ss.cc. \u00e9 ordenado em Bela Cruz, no Cear\u00e1\" \/>\n<meta property=\"og:description\" content=\"O irm\u00e3o Francisco Gleison Oliveira, ss.cc. foi ordenado presb\u00edtero da Igreja no \u00faltimo s\u00e1bado, 21 de maio. A cerim\u00f4nia de ordena\u00e7\u00e3o foi realizada por Dom Jos\u00e9 Luiz Gomes de Vasconcelos, bispo diocesano de Sobral-CE, na Igreja Matriz de Nossa Senhora da Concei\u00e7\u00e3o, em Bela Cruz, cidade do Cear\u00e1.\" \/>\n<meta property=\"og:url\" content=\"https:\/\/www.padreeustaquio.com.br\/en\/father-gleison-ss-cc-was-ordained-in-bela-cruz-ceara\/\" \/>\n<meta property=\"og:site_name\" content=\"Padre Eust\u00e1quio\" \/>\n<meta property=\"article:publisher\" content=\"https:\/\/www.facebook.com\/beatopadreeustaquio\/\" \/>\n<meta property=\"article:published_time\" content=\"2022-05-23T09:39:00+00:00\" \/>\n<meta property=\"og:image\" content=\"https:\/\/www.padreeustaquio.com.br\/wp-content\/uploads\/2022\/05\/padre-gleison.jpg\" \/>\n\t<meta property=\"og:image:width\" content=\"748\" \/>\n\t<meta property=\"og:image:height\" content=\"394\" \/>\n\t<meta property=\"og:image:type\" content=\"image\/jpeg\" \/>\n<meta name=\"author\" content=\"@sscc\" \/>\n<meta name=\"twitter:card\" content=\"summary_large_image\" \/>\n<meta name=\"twitter:creator\" content=\"@beatopeustaquio\" \/>\n<meta name=\"twitter:site\" content=\"@beatopeustaquio\" \/>\n<meta name=\"twitter:label1\" content=\"Written by\" \/>\n\t<meta name=\"twitter:data1\" content=\"@sscc\" \/>\n\t<meta name=\"twitter:label2\" content=\"Est. reading time\" \/>\n\t<meta name=\"twitter:data2\" content=\"2 minutes\" \/>\n<script type=\"application\/ld+json\" class=\"yoast-schema-graph\">{\"@context\":\"https:\/\/schema.org\",\"@graph\":[{\"@type\":\"Article\",\"@id\":\"https:\/\/www.padreeustaquio.com.br\/padre-gleison-ss-cc-e-ordenado-em-bela-cruz-no-ceara\/#article\",\"isPartOf\":{\"@id\":\"https:\/\/www.padreeustaquio.com.br\/padre-gleison-ss-cc-e-ordenado-em-bela-cruz-no-ceara\/\"},\"author\":{\"name\":\"@sscc\",\"@id\":\"https:\/\/www.padreeustaquio.com.br\/#\/schema\/person\/a2a51db1d00f1a7af0204a0f1ddb1566\"},\"headline\":\"Padre Gleison, ss.cc. \u00e9 ordenado em Bela Cruz, no Cear\u00e1\",\"datePublished\":\"2022-05-23T09:39:00+00:00\",\"mainEntityOfPage\":{\"@id\":\"https:\/\/www.padreeustaquio.com.br\/padre-gleison-ss-cc-e-ordenado-em-bela-cruz-no-ceara\/\"},\"wordCount\":374,\"commentCount\":0,\"publisher\":{\"@id\":\"https:\/\/www.padreeustaquio.com.br\/#organization\"},\"image\":{\"@id\":\"https:\/\/www.padreeustaquio.com.br\/padre-gleison-ss-cc-e-ordenado-em-bela-cruz-no-ceara\/#primaryimage\"},\"thumbnailUrl\":\"https:\/\/www.padreeustaquio.com.br\/wp-content\/uploads\/2022\/05\/padre-gleison.jpg\",\"articleSection\":[\"Not\u00edcias\"],\"inLanguage\":\"en-US\",\"potentialAction\":[{\"@type\":\"CommentAction\",\"name\":\"Comment\",\"target\":[\"https:\/\/www.padreeustaquio.com.br\/padre-gleison-ss-cc-e-ordenado-em-bela-cruz-no-ceara\/#respond\"]}]},{\"@type\":\"WebPage\",\"@id\":\"https:\/\/www.padreeustaquio.com.br\/padre-gleison-ss-cc-e-ordenado-em-bela-cruz-no-ceara\/\",\"url\":\"https:\/\/www.padreeustaquio.com.br\/padre-gleison-ss-cc-e-ordenado-em-bela-cruz-no-ceara\/\",\"name\":\"Padre Gleison, ss.cc. \u00e9 ordenado em Bela Cruz, no Cear\u00e1\",\"isPartOf\":{\"@id\":\"https:\/\/www.padreeustaquio.com.br\/#website\"},\"primaryImageOfPage\":{\"@id\":\"https:\/\/www.padreeustaquio.com.br\/padre-gleison-ss-cc-e-ordenado-em-bela-cruz-no-ceara\/#primaryimage\"},\"image\":{\"@id\":\"https:\/\/www.padreeustaquio.com.br\/padre-gleison-ss-cc-e-ordenado-em-bela-cruz-no-ceara\/#primaryimage\"},\"thumbnailUrl\":\"https:\/\/www.padreeustaquio.com.br\/wp-content\/uploads\/2022\/05\/padre-gleison.jpg\",\"datePublished\":\"2022-05-23T09:39:00+00:00\",\"description\":\"O irm\u00e3o Francisco Gleison Oliveira, ss.cc. foi ordenado presb\u00edtero da Igreja no \u00faltimo s\u00e1bado, 21 de maio. A cerim\u00f4nia de ordena\u00e7\u00e3o foi realizada por Dom Jos\u00e9 Luiz Gomes de Vasconcelos, bispo diocesano de Sobral-CE, na Igreja Matriz de Nossa Senhora da Concei\u00e7\u00e3o, em Bela Cruz, cidade do Cear\u00e1.\",\"breadcrumb\":{\"@id\":\"https:\/\/www.padreeustaquio.com.br\/padre-gleison-ss-cc-e-ordenado-em-bela-cruz-no-ceara\/#breadcrumb\"},\"inLanguage\":\"en-US\",\"potentialAction\":[{\"@type\":\"ReadAction\",\"target\":[\"https:\/\/www.padreeustaquio.com.br\/padre-gleison-ss-cc-e-ordenado-em-bela-cruz-no-ceara\/\"]}]},{\"@type\":\"ImageObject\",\"inLanguage\":\"en-US\",\"@id\":\"https:\/\/www.padreeustaquio.com.br\/padre-gleison-ss-cc-e-ordenado-em-bela-cruz-no-ceara\/#primaryimage\",\"url\":\"https:\/\/www.padreeustaquio.com.br\/wp-content\/uploads\/2022\/05\/padre-gleison.jpg\",\"contentUrl\":\"https:\/\/www.padreeustaquio.com.br\/wp-content\/uploads\/2022\/05\/padre-gleison.jpg\",\"width\":748,\"height\":394},{\"@type\":\"BreadcrumbList\",\"@id\":\"https:\/\/www.padreeustaquio.com.br\/padre-gleison-ss-cc-e-ordenado-em-bela-cruz-no-ceara\/#breadcrumb\",\"itemListElement\":[{\"@type\":\"ListItem\",\"position\":1,\"name\":\"In\u00edcio\",\"item\":\"https:\/\/www.padreeustaquio.com.br\/\"},{\"@type\":\"ListItem\",\"position\":2,\"name\":\"Padre Gleison, ss.cc. \u00e9 ordenado em Bela Cruz, no Cear\u00e1\"}]},{\"@type\":\"WebSite\",\"@id\":\"https:\/\/www.padreeustaquio.com.br\/#website\",\"url\":\"https:\/\/www.padreeustaquio.com.br\/\",\"name\":\"Padre Eust\u00e1quio\",\"description\":\"Sa\u00fade e Paz\",\"publisher\":{\"@id\":\"https:\/\/www.padreeustaquio.com.br\/#organization\"},\"potentialAction\":[{\"@type\":\"SearchAction\",\"target\":{\"@type\":\"EntryPoint\",\"urlTemplate\":\"https:\/\/www.padreeustaquio.com.br\/?s={search_term_string}\"},\"query-input\":{\"@type\":\"PropertyValueSpecification\",\"valueRequired\":true,\"valueName\":\"search_term_string\"}}],\"inLanguage\":\"en-US\"},{\"@type\":\"Organization\",\"@id\":\"https:\/\/www.padreeustaquio.com.br\/#organization\",\"name\":\"Padre Eust\u00e1quio\",\"url\":\"https:\/\/www.padreeustaquio.com.br\/\",\"logo\":{\"@type\":\"ImageObject\",\"inLanguage\":\"en-US\",\"@id\":\"https:\/\/www.padreeustaquio.com.br\/#\/schema\/logo\/image\/\",\"url\":\"https:\/\/www.padreeustaquio.com.br\/wp-content\/uploads\/2019\/08\/marca.png\",\"contentUrl\":\"https:\/\/www.padreeustaquio.com.br\/wp-content\/uploads\/2019\/08\/marca.png\",\"width\":350,\"height\":400,\"caption\":\"Padre Eust\u00e1quio\"},\"image\":{\"@id\":\"https:\/\/www.padreeustaquio.com.br\/#\/schema\/logo\/image\/\"},\"sameAs\":[\"https:\/\/www.facebook.com\/beatopadreeustaquio\/\",\"https:\/\/x.com\/beatopeustaquio\",\"https:\/\/www.instagram.com\/beatopadreeustaquio\/\",\"https:\/\/www.youtube.com\/channel\/UCRhw7vfabnajwLxb1ZXMeIw\"]},{\"@type\":\"Person\",\"@id\":\"https:\/\/www.padreeustaquio.com.br\/#\/schema\/person\/a2a51db1d00f1a7af0204a0f1ddb1566\",\"name\":\"@sscc\",\"image\":{\"@type\":\"ImageObject\",\"inLanguage\":\"en-US\",\"@id\":\"https:\/\/secure.gravatar.com\/avatar\/68cfafa5f44617fea54071e215026e0ff06be366c3d54a8425f04fdcb86f8c5f?s=96&d=mm&r=g\",\"url\":\"https:\/\/secure.gravatar.com\/avatar\/68cfafa5f44617fea54071e215026e0ff06be366c3d54a8425f04fdcb86f8c5f?s=96&d=mm&r=g\",\"contentUrl\":\"https:\/\/secure.gravatar.com\/avatar\/68cfafa5f44617fea54071e215026e0ff06be366c3d54a8425f04fdcb86f8c5f?s=96&d=mm&r=g\",\"caption\":\"@sscc\"},\"url\":\"https:\/\/www.padreeustaquio.com.br\/en\/author\/sscc\/\"}]}<\/script>\n<!-- \/ Yoast SEO plugin. -->","yoast_head_json":{"title":"Father Gleison, ss.cc., is ordained in Bela Cruz, Cear\u00e1.","description":"Brother Francisco Gleison Oliveira, ss.cc., was ordained a priest of the Church last Saturday, May 21st. The ordination ceremony was performed by Dom Jos\u00e9 Luiz Gomes de Vasconcelos, diocesan bishop of Sobral-CE, at the Parish Church of Our Lady of the Conception, in Bela Cruz, a city in Cear\u00e1.","robots":{"index":"index","follow":"follow","max-snippet":"max-snippet:-1","max-image-preview":"max-image-preview:large","max-video-preview":"max-video-preview:-1"},"canonical":"https:\/\/www.padreeustaquio.com.br\/en\/father-gleison-ss-cc-was-ordained-in-bela-cruz-ceara\/","og_locale":"en_US","og_type":"article","og_title":"Padre Gleison, ss.cc. \u00e9 ordenado em Bela Cruz, no Cear\u00e1","og_description":"O irm\u00e3o Francisco Gleison Oliveira, ss.cc. foi ordenado presb\u00edtero da Igreja no \u00faltimo s\u00e1bado, 21 de maio. A cerim\u00f4nia de ordena\u00e7\u00e3o foi realizada por Dom Jos\u00e9 Luiz Gomes de Vasconcelos, bispo diocesano de Sobral-CE, na Igreja Matriz de Nossa Senhora da Concei\u00e7\u00e3o, em Bela Cruz, cidade do Cear\u00e1.","og_url":"https:\/\/www.padreeustaquio.com.br\/en\/father-gleison-ss-cc-was-ordained-in-bela-cruz-ceara\/","og_site_name":"Padre Eust\u00e1quio","article_publisher":"https:\/\/www.facebook.com\/beatopadreeustaquio\/","article_published_time":"2022-05-23T09:39:00+00:00","og_image":[{"width":748,"height":394,"url":"https:\/\/www.padreeustaquio.com.br\/wp-content\/uploads\/2022\/05\/padre-gleison.jpg","type":"image\/jpeg"}],"author":"@sscc","twitter_card":"summary_large_image","twitter_creator":"@beatopeustaquio","twitter_site":"@beatopeustaquio","twitter_misc":{"Written by":"@sscc","Est. reading time":"2 minutes"},"schema":{"@context":"https:\/\/schema.org","@graph":[{"@type":"Article","@id":"https:\/\/www.padreeustaquio.com.br\/padre-gleison-ss-cc-e-ordenado-em-bela-cruz-no-ceara\/#article","isPartOf":{"@id":"https:\/\/www.padreeustaquio.com.br\/padre-gleison-ss-cc-e-ordenado-em-bela-cruz-no-ceara\/"},"author":{"name":"@sscc","@id":"https:\/\/www.padreeustaquio.com.br\/#\/schema\/person\/a2a51db1d00f1a7af0204a0f1ddb1566"},"headline":"Padre Gleison, ss.cc. \u00e9 ordenado em Bela Cruz, no Cear\u00e1","datePublished":"2022-05-23T09:39:00+00:00","mainEntityOfPage":{"@id":"https:\/\/www.padreeustaquio.com.br\/padre-gleison-ss-cc-e-ordenado-em-bela-cruz-no-ceara\/"},"wordCount":374,"commentCount":0,"publisher":{"@id":"https:\/\/www.padreeustaquio.com.br\/#organization"},"image":{"@id":"https:\/\/www.padreeustaquio.com.br\/padre-gleison-ss-cc-e-ordenado-em-bela-cruz-no-ceara\/#primaryimage"},"thumbnailUrl":"https:\/\/www.padreeustaquio.com.br\/wp-content\/uploads\/2022\/05\/padre-gleison.jpg","articleSection":["Not\u00edcias"],"inLanguage":"en-US","potentialAction":[{"@type":"CommentAction","name":"Comment","target":["https:\/\/www.padreeustaquio.com.br\/padre-gleison-ss-cc-e-ordenado-em-bela-cruz-no-ceara\/#respond"]}]},{"@type":"WebPage","@id":"https:\/\/www.padreeustaquio.com.br\/padre-gleison-ss-cc-e-ordenado-em-bela-cruz-no-ceara\/","url":"https:\/\/www.padreeustaquio.com.br\/padre-gleison-ss-cc-e-ordenado-em-bela-cruz-no-ceara\/","name":"Father Gleison, ss.cc., is ordained in Bela Cruz, Cear\u00e1.","isPartOf":{"@id":"https:\/\/www.padreeustaquio.com.br\/#website"},"primaryImageOfPage":{"@id":"https:\/\/www.padreeustaquio.com.br\/padre-gleison-ss-cc-e-ordenado-em-bela-cruz-no-ceara\/#primaryimage"},"image":{"@id":"https:\/\/www.padreeustaquio.com.br\/padre-gleison-ss-cc-e-ordenado-em-bela-cruz-no-ceara\/#primaryimage"},"thumbnailUrl":"https:\/\/www.padreeustaquio.com.br\/wp-content\/uploads\/2022\/05\/padre-gleison.jpg","datePublished":"2022-05-23T09:39:00+00:00","description":"Brother Francisco Gleison Oliveira, ss.cc., was ordained a priest of the Church last Saturday, May 21st. The ordination ceremony was performed by Dom Jos\u00e9 Luiz Gomes de Vasconcelos, diocesan bishop of Sobral-CE, at the Parish Church of Our Lady of the Conception, in Bela Cruz, a city in Cear\u00e1.","breadcrumb":{"@id":"https:\/\/www.padreeustaquio.com.br\/padre-gleison-ss-cc-e-ordenado-em-bela-cruz-no-ceara\/#breadcrumb"},"inLanguage":"en-US","potentialAction":[{"@type":"ReadAction","target":["https:\/\/www.padreeustaquio.com.br\/padre-gleison-ss-cc-e-ordenado-em-bela-cruz-no-ceara\/"]}]},{"@type":"ImageObject","inLanguage":"en-US","@id":"https:\/\/www.padreeustaquio.com.br\/padre-gleison-ss-cc-e-ordenado-em-bela-cruz-no-ceara\/#primaryimage","url":"https:\/\/www.padreeustaquio.com.br\/wp-content\/uploads\/2022\/05\/padre-gleison.jpg","contentUrl":"https:\/\/www.padreeustaquio.com.br\/wp-content\/uploads\/2022\/05\/padre-gleison.jpg","width":748,"height":394},{"@type":"BreadcrumbList","@id":"https:\/\/www.padreeustaquio.com.br\/padre-gleison-ss-cc-e-ordenado-em-bela-cruz-no-ceara\/#breadcrumb","itemListElement":[{"@type":"ListItem","position":1,"name":"In\u00edcio","item":"https:\/\/www.padreeustaquio.com.br\/"},{"@type":"ListItem","position":2,"name":"Padre Gleison, ss.cc. \u00e9 ordenado em Bela Cruz, no Cear\u00e1"}]},{"@type":"WebSite","@id":"https:\/\/www.padreeustaquio.com.br\/#website","url":"https:\/\/www.padreeustaquio.com.br\/","name":"FATHER EUST\u00c1QUIO","description":"Health and Peace","publisher":{"@id":"https:\/\/www.padreeustaquio.com.br\/#organization"},"potentialAction":[{"@type":"SearchAction","target":{"@type":"EntryPoint","urlTemplate":"https:\/\/www.padreeustaquio.com.br\/?s={search_term_string}"},"query-input":{"@type":"PropertyValueSpecification","valueRequired":true,"valueName":"search_term_string"}}],"inLanguage":"en-US"},{"@type":"Organization","@id":"https:\/\/www.padreeustaquio.com.br\/#organization","name":"FATHER EUST\u00c1QUIO","url":"https:\/\/www.padreeustaquio.com.br\/","logo":{"@type":"ImageObject","inLanguage":"en-US","@id":"https:\/\/www.padreeustaquio.com.br\/#\/schema\/logo\/image\/","url":"https:\/\/www.padreeustaquio.com.br\/wp-content\/uploads\/2019\/08\/marca.png","contentUrl":"https:\/\/www.padreeustaquio.com.br\/wp-content\/uploads\/2019\/08\/marca.png","width":350,"height":400,"caption":"Padre Eust\u00e1quio"},"image":{"@id":"https:\/\/www.padreeustaquio.com.br\/#\/schema\/logo\/image\/"},"sameAs":["https:\/\/www.facebook.com\/beatopadreeustaquio\/","https:\/\/x.com\/beatopeustaquio","https:\/\/www.instagram.com\/beatopadreeustaquio\/","https:\/\/www.youtube.com\/channel\/UCRhw7vfabnajwLxb1ZXMeIw"]},{"@type":"Person","@id":"https:\/\/www.padreeustaquio.com.br\/#\/schema\/person\/a2a51db1d00f1a7af0204a0f1ddb1566","name":"@sscc","image":{"@type":"ImageObject","inLanguage":"en-US","@id":"https:\/\/secure.gravatar.com\/avatar\/68cfafa5f44617fea54071e215026e0ff06be366c3d54a8425f04fdcb86f8c5f?s=96&d=mm&r=g","url":"https:\/\/secure.gravatar.com\/avatar\/68cfafa5f44617fea54071e215026e0ff06be366c3d54a8425f04fdcb86f8c5f?s=96&d=mm&r=g","contentUrl":"https:\/\/secure.gravatar.com\/avatar\/68cfafa5f44617fea54071e215026e0ff06be366c3d54a8425f04fdcb86f8c5f?s=96&d=mm&r=g","caption":"@sscc"},"url":"https:\/\/www.padreeustaquio.com.br\/en\/author\/sscc\/"}]}},"_links":{"self":[{"href":"https:\/\/www.padreeustaquio.com.br\/en\/wp-json\/wp\/v2\/posts\/8685","targetHints":{"allow":["GET"]}}],"collection":[{"href":"https:\/\/www.padreeustaquio.com.br\/en\/wp-json\/wp\/v2\/posts"}],"about":[{"href":"https:\/\/www.padreeustaquio.com.br\/en\/wp-json\/wp\/v2\/types\/post"}],"author":[{"embeddable":true,"href":"https:\/\/www.padreeustaquio.com.br\/en\/wp-json\/wp\/v2\/users\/2"}],"replies":[{"embeddable":true,"href":"https:\/\/www.padreeustaquio.com.br\/en\/wp-json\/wp\/v2\/comments?post=8685"}],"version-history":[{"count":0,"href":"https:\/\/www.padreeustaquio.com.br\/en\/wp-json\/wp\/v2\/posts\/8685\/revisions"}],"wp:featuredmedia":[{"embeddable":true,"href":"https:\/\/www.padreeustaquio.com.br\/en\/wp-json\/wp\/v2\/media\/8705"}],"wp:attachment":[{"href":"https:\/\/www.padreeustaquio.com.br\/en\/wp-json\/wp\/v2\/media?parent=8685"}],"wp:term":[{"taxonomy":"category","embeddable":true,"href":"https:\/\/www.padreeustaquio.com.br\/en\/wp-json\/wp\/v2\/categories?post=8685"},{"taxonomy":"post_tag","embeddable":true,"href":"https:\/\/www.padreeustaquio.com.br\/en\/wp-json\/wp\/v2\/tags?post=8685"}],"curies":[{"name":"wp","href":"https:\/\/api.w.org\/{rel}","templated":true}]}}