{"id":8673,"date":"2022-05-20T05:11:00","date_gmt":"2022-05-20T08:11:00","guid":{"rendered":"https:\/\/www.padreeustaquio.com.br\/?p=8673"},"modified":"2022-05-18T11:28:06","modified_gmt":"2022-05-18T14:28:06","slug":"father-eustaquio-and-missionary-life","status":"publish","type":"post","link":"https:\/\/www.padreeustaquio.com.br\/en\/father-eustaquio-and-missionary-life\/","title":{"rendered":"Father Eust\u00e1quio and the missionary life"},"content":{"rendered":"<p>When Father Eustace, then 14 years old, chose the Congregation of the Sacred Hearts, opting to live a missionary life, serving God and neighbor. In 1915, the young Dutchman professed the vows of Poverty, Chastity, and Obedience, becoming a religious of the Sacred Hearts, and in 1919, he received priestly ordination.<\/p>\n\n\n\n<p>During his early years in the Congregation, Father Eustace served God&#039;s people in the Netherlands on various missions, distinguishing himself through his work. For his life dedicated to serving others, he received a decoration from the King of Belgium for services rendered to Belgian refugees during the First World War.<\/p>\n\n\n\n<p>But it was in 1925 that Father Eust\u00e1quio received a great challenge, one that would mark his missionary life. He, along with Father Gil van den Boogaart and Father Matias van Rooy, were the founders of the Congregation of the Sacred Hearts in Brazil, in the Tri\u00e2ngulo Mineiro region. From there, Father Eust\u00e1quio served in various Brazilian cities, making a difference in the communities and in people&#039;s lives.<\/p>\n\n\n\n<p>His missionary work was one of the subjects the Dutch priest discussed with his family in the letters they exchanged. In 1936, Father Eustace wrote to his sister, Faustina, also a nun, about the joy of living a life dedicated to others.<\/p>\n\n\n\n<p><em>\u201cWhen I think of Divine Providence, my heart is filled. I feel, then, more than ever, that a solicitous Father takes pity on the weary missionary to console and strengthen him. How beautiful is the missionary life, yet how little it is all worth without divine consolation and help. I will never tire of praising and singing of Divine goodness.\u201d<\/em><\/p>\n\n\n\n<p><\/p>","protected":false},"excerpt":{"rendered":"<p>Ao escolher a Congrega\u00e7\u00e3o dos Sagrados Cora\u00e7\u00f5es em 1905, Padre Eust\u00e1quio, na \u00e9poca com 14 anos, optou por viver uma vida mission\u00e1ria, servindo a Deus e ao pr\u00f3ximo. Em 1915 o jovem holand\u00eas professou os votos de Pobreza, Castidade e Obedi\u00eancia, tornando-se religioso dos Sagrados Cora\u00e7\u00f5es e em 1919, recebeu a Ordena\u00e7\u00e3o Sacerdotal. Durante os primeiros anos na Congrega\u00e7\u00e3o, Padre Eust\u00e1quio serviu ao povo de Deus na Holanda em v\u00e1rias miss\u00f5es, se destacando por seu trabalho. Pela vida dedicada ao pr\u00f3ximo, ele recebeu do Rei da B\u00e9lgica uma condecora\u00e7\u00e3o pelos servi\u00e7os prestados aos refugiados belgas por causa da Primeira Guerra [&hellip;]<\/p>\n","protected":false},"author":2,"featured_media":8674,"comment_status":"open","ping_status":"closed","sticky":false,"template":"","format":"standard","meta":{"_acf_changed":false,"footnotes":""},"categories":[611],"tags":[],"class_list":["post-8673","post","type-post","status-publish","format-standard","has-post-thumbnail","hentry","category-noticias"],"acf":[],"yoast_head":"<!-- This site is optimized with the Yoast SEO plugin v27.2 - https:\/\/yoast.com\/product\/yoast-seo-wordpress\/ -->\n<title>Padre Eust\u00e1quio e a vida mission\u00e1ria - Padre Eust\u00e1quio<\/title>\n<meta name=\"description\" content=\"Ao escolher a Congrega\u00e7\u00e3o dos Sagrados Cora\u00e7\u00f5es em 1905, Padre Eust\u00e1quio, na \u00e9poca com 14 anos, optou por viver uma vida mission\u00e1ria, servindo a Deus e ao pr\u00f3ximo. Em 1915 o jovem holand\u00eas professou os votos de Pobreza, Castidade e Obedi\u00eancia, tornando-se religioso dos Sagrados Cora\u00e7\u00f5es e em 1919, recebeu a Ordena\u00e7\u00e3o Sacerdotal.\" \/>\n<meta name=\"robots\" content=\"index, follow, max-snippet:-1, max-image-preview:large, max-video-preview:-1\" \/>\n<link rel=\"canonical\" href=\"https:\/\/www.padreeustaquio.com.br\/en\/father-eustaquio-and-missionary-life\/\" \/>\n<meta property=\"og:locale\" content=\"en_US\" \/>\n<meta property=\"og:type\" content=\"article\" \/>\n<meta property=\"og:title\" content=\"Padre Eust\u00e1quio e a vida mission\u00e1ria - Padre Eust\u00e1quio\" \/>\n<meta property=\"og:description\" content=\"Ao escolher a Congrega\u00e7\u00e3o dos Sagrados Cora\u00e7\u00f5es em 1905, Padre Eust\u00e1quio, na \u00e9poca com 14 anos, optou por viver uma vida mission\u00e1ria, servindo a Deus e ao pr\u00f3ximo. Em 1915 o jovem holand\u00eas professou os votos de Pobreza, Castidade e Obedi\u00eancia, tornando-se religioso dos Sagrados Cora\u00e7\u00f5es e em 1919, recebeu a Ordena\u00e7\u00e3o Sacerdotal.\" \/>\n<meta property=\"og:url\" content=\"https:\/\/www.padreeustaquio.com.br\/en\/father-eustaquio-and-missionary-life\/\" \/>\n<meta property=\"og:site_name\" content=\"Padre Eust\u00e1quio\" \/>\n<meta property=\"article:publisher\" content=\"https:\/\/www.facebook.com\/beatopadreeustaquio\/\" \/>\n<meta property=\"article:published_time\" content=\"2022-05-20T08:11:00+00:00\" \/>\n<meta property=\"og:image\" content=\"https:\/\/www.padreeustaquio.com.br\/wp-content\/uploads\/2022\/05\/padre-eust-missiona.jpg\" \/>\n\t<meta property=\"og:image:width\" content=\"748\" \/>\n\t<meta property=\"og:image:height\" content=\"394\" \/>\n\t<meta property=\"og:image:type\" content=\"image\/jpeg\" \/>\n<meta name=\"author\" content=\"@sscc\" \/>\n<meta name=\"twitter:card\" content=\"summary_large_image\" \/>\n<meta name=\"twitter:creator\" content=\"@beatopeustaquio\" \/>\n<meta name=\"twitter:site\" content=\"@beatopeustaquio\" \/>\n<meta name=\"twitter:label1\" content=\"Written by\" \/>\n\t<meta name=\"twitter:data1\" content=\"@sscc\" \/>\n\t<meta name=\"twitter:label2\" content=\"Est. reading time\" \/>\n\t<meta name=\"twitter:data2\" content=\"2 minutes\" \/>\n<script type=\"application\/ld+json\" class=\"yoast-schema-graph\">{\"@context\":\"https:\/\/schema.org\",\"@graph\":[{\"@type\":\"Article\",\"@id\":\"https:\/\/www.padreeustaquio.com.br\/padre-eustaquio-e-a-vida-missionaria\/#article\",\"isPartOf\":{\"@id\":\"https:\/\/www.padreeustaquio.com.br\/padre-eustaquio-e-a-vida-missionaria\/\"},\"author\":{\"name\":\"@sscc\",\"@id\":\"https:\/\/www.padreeustaquio.com.br\/#\/schema\/person\/a2a51db1d00f1a7af0204a0f1ddb1566\"},\"headline\":\"Padre Eust\u00e1quio e a vida mission\u00e1ria\",\"datePublished\":\"2022-05-20T08:11:00+00:00\",\"mainEntityOfPage\":{\"@id\":\"https:\/\/www.padreeustaquio.com.br\/padre-eustaquio-e-a-vida-missionaria\/\"},\"wordCount\":302,\"commentCount\":0,\"publisher\":{\"@id\":\"https:\/\/www.padreeustaquio.com.br\/#organization\"},\"image\":{\"@id\":\"https:\/\/www.padreeustaquio.com.br\/padre-eustaquio-e-a-vida-missionaria\/#primaryimage\"},\"thumbnailUrl\":\"https:\/\/www.padreeustaquio.com.br\/wp-content\/uploads\/2022\/05\/padre-eust-missiona.jpg\",\"articleSection\":[\"Not\u00edcias\"],\"inLanguage\":\"en-US\",\"potentialAction\":[{\"@type\":\"CommentAction\",\"name\":\"Comment\",\"target\":[\"https:\/\/www.padreeustaquio.com.br\/padre-eustaquio-e-a-vida-missionaria\/#respond\"]}]},{\"@type\":\"WebPage\",\"@id\":\"https:\/\/www.padreeustaquio.com.br\/padre-eustaquio-e-a-vida-missionaria\/\",\"url\":\"https:\/\/www.padreeustaquio.com.br\/padre-eustaquio-e-a-vida-missionaria\/\",\"name\":\"Padre Eust\u00e1quio e a vida mission\u00e1ria - Padre Eust\u00e1quio\",\"isPartOf\":{\"@id\":\"https:\/\/www.padreeustaquio.com.br\/#website\"},\"primaryImageOfPage\":{\"@id\":\"https:\/\/www.padreeustaquio.com.br\/padre-eustaquio-e-a-vida-missionaria\/#primaryimage\"},\"image\":{\"@id\":\"https:\/\/www.padreeustaquio.com.br\/padre-eustaquio-e-a-vida-missionaria\/#primaryimage\"},\"thumbnailUrl\":\"https:\/\/www.padreeustaquio.com.br\/wp-content\/uploads\/2022\/05\/padre-eust-missiona.jpg\",\"datePublished\":\"2022-05-20T08:11:00+00:00\",\"description\":\"Ao escolher a Congrega\u00e7\u00e3o dos Sagrados Cora\u00e7\u00f5es em 1905, Padre Eust\u00e1quio, na \u00e9poca com 14 anos, optou por viver uma vida mission\u00e1ria, servindo a Deus e ao pr\u00f3ximo. Em 1915 o jovem holand\u00eas professou os votos de Pobreza, Castidade e Obedi\u00eancia, tornando-se religioso dos Sagrados Cora\u00e7\u00f5es e em 1919, recebeu a Ordena\u00e7\u00e3o Sacerdotal.\",\"breadcrumb\":{\"@id\":\"https:\/\/www.padreeustaquio.com.br\/padre-eustaquio-e-a-vida-missionaria\/#breadcrumb\"},\"inLanguage\":\"en-US\",\"potentialAction\":[{\"@type\":\"ReadAction\",\"target\":[\"https:\/\/www.padreeustaquio.com.br\/padre-eustaquio-e-a-vida-missionaria\/\"]}]},{\"@type\":\"ImageObject\",\"inLanguage\":\"en-US\",\"@id\":\"https:\/\/www.padreeustaquio.com.br\/padre-eustaquio-e-a-vida-missionaria\/#primaryimage\",\"url\":\"https:\/\/www.padreeustaquio.com.br\/wp-content\/uploads\/2022\/05\/padre-eust-missiona.jpg\",\"contentUrl\":\"https:\/\/www.padreeustaquio.com.br\/wp-content\/uploads\/2022\/05\/padre-eust-missiona.jpg\",\"width\":748,\"height\":394},{\"@type\":\"BreadcrumbList\",\"@id\":\"https:\/\/www.padreeustaquio.com.br\/padre-eustaquio-e-a-vida-missionaria\/#breadcrumb\",\"itemListElement\":[{\"@type\":\"ListItem\",\"position\":1,\"name\":\"In\u00edcio\",\"item\":\"https:\/\/www.padreeustaquio.com.br\/\"},{\"@type\":\"ListItem\",\"position\":2,\"name\":\"Padre Eust\u00e1quio e a vida mission\u00e1ria\"}]},{\"@type\":\"WebSite\",\"@id\":\"https:\/\/www.padreeustaquio.com.br\/#website\",\"url\":\"https:\/\/www.padreeustaquio.com.br\/\",\"name\":\"Padre Eust\u00e1quio\",\"description\":\"Sa\u00fade e Paz\",\"publisher\":{\"@id\":\"https:\/\/www.padreeustaquio.com.br\/#organization\"},\"potentialAction\":[{\"@type\":\"SearchAction\",\"target\":{\"@type\":\"EntryPoint\",\"urlTemplate\":\"https:\/\/www.padreeustaquio.com.br\/?s={search_term_string}\"},\"query-input\":{\"@type\":\"PropertyValueSpecification\",\"valueRequired\":true,\"valueName\":\"search_term_string\"}}],\"inLanguage\":\"en-US\"},{\"@type\":\"Organization\",\"@id\":\"https:\/\/www.padreeustaquio.com.br\/#organization\",\"name\":\"Padre Eust\u00e1quio\",\"url\":\"https:\/\/www.padreeustaquio.com.br\/\",\"logo\":{\"@type\":\"ImageObject\",\"inLanguage\":\"en-US\",\"@id\":\"https:\/\/www.padreeustaquio.com.br\/#\/schema\/logo\/image\/\",\"url\":\"https:\/\/www.padreeustaquio.com.br\/wp-content\/uploads\/2019\/08\/marca.png\",\"contentUrl\":\"https:\/\/www.padreeustaquio.com.br\/wp-content\/uploads\/2019\/08\/marca.png\",\"width\":350,\"height\":400,\"caption\":\"Padre Eust\u00e1quio\"},\"image\":{\"@id\":\"https:\/\/www.padreeustaquio.com.br\/#\/schema\/logo\/image\/\"},\"sameAs\":[\"https:\/\/www.facebook.com\/beatopadreeustaquio\/\",\"https:\/\/x.com\/beatopeustaquio\",\"https:\/\/www.instagram.com\/beatopadreeustaquio\/\",\"https:\/\/www.youtube.com\/channel\/UCRhw7vfabnajwLxb1ZXMeIw\"]},{\"@type\":\"Person\",\"@id\":\"https:\/\/www.padreeustaquio.com.br\/#\/schema\/person\/a2a51db1d00f1a7af0204a0f1ddb1566\",\"name\":\"@sscc\",\"image\":{\"@type\":\"ImageObject\",\"inLanguage\":\"en-US\",\"@id\":\"https:\/\/secure.gravatar.com\/avatar\/68cfafa5f44617fea54071e215026e0ff06be366c3d54a8425f04fdcb86f8c5f?s=96&d=mm&r=g\",\"url\":\"https:\/\/secure.gravatar.com\/avatar\/68cfafa5f44617fea54071e215026e0ff06be366c3d54a8425f04fdcb86f8c5f?s=96&d=mm&r=g\",\"contentUrl\":\"https:\/\/secure.gravatar.com\/avatar\/68cfafa5f44617fea54071e215026e0ff06be366c3d54a8425f04fdcb86f8c5f?s=96&d=mm&r=g\",\"caption\":\"@sscc\"},\"url\":\"https:\/\/www.padreeustaquio.com.br\/en\/author\/sscc\/\"}]}<\/script>\n<!-- \/ Yoast SEO plugin. -->","yoast_head_json":{"title":"Father Eustace and the missionary life - Father Eustace","description":"When Father Eustace, then 14 years old, chose the Congregation of the Sacred Hearts, opting to live a missionary life, serving God and neighbor. In 1915, the young Dutchman professed the vows of Poverty, Chastity, and Obedience, becoming a religious of the Sacred Hearts, and in 1919, he received priestly ordination.","robots":{"index":"index","follow":"follow","max-snippet":"max-snippet:-1","max-image-preview":"max-image-preview:large","max-video-preview":"max-video-preview:-1"},"canonical":"https:\/\/www.padreeustaquio.com.br\/en\/father-eustaquio-and-missionary-life\/","og_locale":"en_US","og_type":"article","og_title":"Padre Eust\u00e1quio e a vida mission\u00e1ria - Padre Eust\u00e1quio","og_description":"Ao escolher a Congrega\u00e7\u00e3o dos Sagrados Cora\u00e7\u00f5es em 1905, Padre Eust\u00e1quio, na \u00e9poca com 14 anos, optou por viver uma vida mission\u00e1ria, servindo a Deus e ao pr\u00f3ximo. Em 1915 o jovem holand\u00eas professou os votos de Pobreza, Castidade e Obedi\u00eancia, tornando-se religioso dos Sagrados Cora\u00e7\u00f5es e em 1919, recebeu a Ordena\u00e7\u00e3o Sacerdotal.","og_url":"https:\/\/www.padreeustaquio.com.br\/en\/father-eustaquio-and-missionary-life\/","og_site_name":"Padre Eust\u00e1quio","article_publisher":"https:\/\/www.facebook.com\/beatopadreeustaquio\/","article_published_time":"2022-05-20T08:11:00+00:00","og_image":[{"width":748,"height":394,"url":"https:\/\/www.padreeustaquio.com.br\/wp-content\/uploads\/2022\/05\/padre-eust-missiona.jpg","type":"image\/jpeg"}],"author":"@sscc","twitter_card":"summary_large_image","twitter_creator":"@beatopeustaquio","twitter_site":"@beatopeustaquio","twitter_misc":{"Written by":"@sscc","Est. reading time":"2 minutes"},"schema":{"@context":"https:\/\/schema.org","@graph":[{"@type":"Article","@id":"https:\/\/www.padreeustaquio.com.br\/padre-eustaquio-e-a-vida-missionaria\/#article","isPartOf":{"@id":"https:\/\/www.padreeustaquio.com.br\/padre-eustaquio-e-a-vida-missionaria\/"},"author":{"name":"@sscc","@id":"https:\/\/www.padreeustaquio.com.br\/#\/schema\/person\/a2a51db1d00f1a7af0204a0f1ddb1566"},"headline":"Padre Eust\u00e1quio e a vida mission\u00e1ria","datePublished":"2022-05-20T08:11:00+00:00","mainEntityOfPage":{"@id":"https:\/\/www.padreeustaquio.com.br\/padre-eustaquio-e-a-vida-missionaria\/"},"wordCount":302,"commentCount":0,"publisher":{"@id":"https:\/\/www.padreeustaquio.com.br\/#organization"},"image":{"@id":"https:\/\/www.padreeustaquio.com.br\/padre-eustaquio-e-a-vida-missionaria\/#primaryimage"},"thumbnailUrl":"https:\/\/www.padreeustaquio.com.br\/wp-content\/uploads\/2022\/05\/padre-eust-missiona.jpg","articleSection":["Not\u00edcias"],"inLanguage":"en-US","potentialAction":[{"@type":"CommentAction","name":"Comment","target":["https:\/\/www.padreeustaquio.com.br\/padre-eustaquio-e-a-vida-missionaria\/#respond"]}]},{"@type":"WebPage","@id":"https:\/\/www.padreeustaquio.com.br\/padre-eustaquio-e-a-vida-missionaria\/","url":"https:\/\/www.padreeustaquio.com.br\/padre-eustaquio-e-a-vida-missionaria\/","name":"Father Eustace and the missionary life - Father Eustace","isPartOf":{"@id":"https:\/\/www.padreeustaquio.com.br\/#website"},"primaryImageOfPage":{"@id":"https:\/\/www.padreeustaquio.com.br\/padre-eustaquio-e-a-vida-missionaria\/#primaryimage"},"image":{"@id":"https:\/\/www.padreeustaquio.com.br\/padre-eustaquio-e-a-vida-missionaria\/#primaryimage"},"thumbnailUrl":"https:\/\/www.padreeustaquio.com.br\/wp-content\/uploads\/2022\/05\/padre-eust-missiona.jpg","datePublished":"2022-05-20T08:11:00+00:00","description":"When Father Eustace, then 14 years old, chose the Congregation of the Sacred Hearts, opting to live a missionary life, serving God and neighbor. In 1915, the young Dutchman professed the vows of Poverty, Chastity, and Obedience, becoming a religious of the Sacred Hearts, and in 1919, he received priestly ordination.","breadcrumb":{"@id":"https:\/\/www.padreeustaquio.com.br\/padre-eustaquio-e-a-vida-missionaria\/#breadcrumb"},"inLanguage":"en-US","potentialAction":[{"@type":"ReadAction","target":["https:\/\/www.padreeustaquio.com.br\/padre-eustaquio-e-a-vida-missionaria\/"]}]},{"@type":"ImageObject","inLanguage":"en-US","@id":"https:\/\/www.padreeustaquio.com.br\/padre-eustaquio-e-a-vida-missionaria\/#primaryimage","url":"https:\/\/www.padreeustaquio.com.br\/wp-content\/uploads\/2022\/05\/padre-eust-missiona.jpg","contentUrl":"https:\/\/www.padreeustaquio.com.br\/wp-content\/uploads\/2022\/05\/padre-eust-missiona.jpg","width":748,"height":394},{"@type":"BreadcrumbList","@id":"https:\/\/www.padreeustaquio.com.br\/padre-eustaquio-e-a-vida-missionaria\/#breadcrumb","itemListElement":[{"@type":"ListItem","position":1,"name":"In\u00edcio","item":"https:\/\/www.padreeustaquio.com.br\/"},{"@type":"ListItem","position":2,"name":"Padre Eust\u00e1quio e a vida mission\u00e1ria"}]},{"@type":"WebSite","@id":"https:\/\/www.padreeustaquio.com.br\/#website","url":"https:\/\/www.padreeustaquio.com.br\/","name":"FATHER EUST\u00c1QUIO","description":"Health and Peace","publisher":{"@id":"https:\/\/www.padreeustaquio.com.br\/#organization"},"potentialAction":[{"@type":"SearchAction","target":{"@type":"EntryPoint","urlTemplate":"https:\/\/www.padreeustaquio.com.br\/?s={search_term_string}"},"query-input":{"@type":"PropertyValueSpecification","valueRequired":true,"valueName":"search_term_string"}}],"inLanguage":"en-US"},{"@type":"Organization","@id":"https:\/\/www.padreeustaquio.com.br\/#organization","name":"FATHER EUST\u00c1QUIO","url":"https:\/\/www.padreeustaquio.com.br\/","logo":{"@type":"ImageObject","inLanguage":"en-US","@id":"https:\/\/www.padreeustaquio.com.br\/#\/schema\/logo\/image\/","url":"https:\/\/www.padreeustaquio.com.br\/wp-content\/uploads\/2019\/08\/marca.png","contentUrl":"https:\/\/www.padreeustaquio.com.br\/wp-content\/uploads\/2019\/08\/marca.png","width":350,"height":400,"caption":"Padre Eust\u00e1quio"},"image":{"@id":"https:\/\/www.padreeustaquio.com.br\/#\/schema\/logo\/image\/"},"sameAs":["https:\/\/www.facebook.com\/beatopadreeustaquio\/","https:\/\/x.com\/beatopeustaquio","https:\/\/www.instagram.com\/beatopadreeustaquio\/","https:\/\/www.youtube.com\/channel\/UCRhw7vfabnajwLxb1ZXMeIw"]},{"@type":"Person","@id":"https:\/\/www.padreeustaquio.com.br\/#\/schema\/person\/a2a51db1d00f1a7af0204a0f1ddb1566","name":"@sscc","image":{"@type":"ImageObject","inLanguage":"en-US","@id":"https:\/\/secure.gravatar.com\/avatar\/68cfafa5f44617fea54071e215026e0ff06be366c3d54a8425f04fdcb86f8c5f?s=96&d=mm&r=g","url":"https:\/\/secure.gravatar.com\/avatar\/68cfafa5f44617fea54071e215026e0ff06be366c3d54a8425f04fdcb86f8c5f?s=96&d=mm&r=g","contentUrl":"https:\/\/secure.gravatar.com\/avatar\/68cfafa5f44617fea54071e215026e0ff06be366c3d54a8425f04fdcb86f8c5f?s=96&d=mm&r=g","caption":"@sscc"},"url":"https:\/\/www.padreeustaquio.com.br\/en\/author\/sscc\/"}]}},"_links":{"self":[{"href":"https:\/\/www.padreeustaquio.com.br\/en\/wp-json\/wp\/v2\/posts\/8673","targetHints":{"allow":["GET"]}}],"collection":[{"href":"https:\/\/www.padreeustaquio.com.br\/en\/wp-json\/wp\/v2\/posts"}],"about":[{"href":"https:\/\/www.padreeustaquio.com.br\/en\/wp-json\/wp\/v2\/types\/post"}],"author":[{"embeddable":true,"href":"https:\/\/www.padreeustaquio.com.br\/en\/wp-json\/wp\/v2\/users\/2"}],"replies":[{"embeddable":true,"href":"https:\/\/www.padreeustaquio.com.br\/en\/wp-json\/wp\/v2\/comments?post=8673"}],"version-history":[{"count":0,"href":"https:\/\/www.padreeustaquio.com.br\/en\/wp-json\/wp\/v2\/posts\/8673\/revisions"}],"wp:featuredmedia":[{"embeddable":true,"href":"https:\/\/www.padreeustaquio.com.br\/en\/wp-json\/wp\/v2\/media\/8674"}],"wp:attachment":[{"href":"https:\/\/www.padreeustaquio.com.br\/en\/wp-json\/wp\/v2\/media?parent=8673"}],"wp:term":[{"taxonomy":"category","embeddable":true,"href":"https:\/\/www.padreeustaquio.com.br\/en\/wp-json\/wp\/v2\/categories?post=8673"},{"taxonomy":"post_tag","embeddable":true,"href":"https:\/\/www.padreeustaquio.com.br\/en\/wp-json\/wp\/v2\/tags?post=8673"}],"curies":[{"name":"wp","href":"https:\/\/api.w.org\/{rel}","templated":true}]}}