{"id":8659,"date":"2022-05-18T05:55:00","date_gmt":"2022-05-18T08:55:00","guid":{"rendered":"https:\/\/www.padreeustaquio.com.br\/?p=8659"},"modified":"2022-05-18T09:37:38","modified_gmt":"2022-05-18T12:37:38","slug":"national-secretariat-records-special-program-for-the-feast-of-corpus-christi","status":"publish","type":"post","link":"https:\/\/www.padreeustaquio.com.br\/en\/national-secretariat-records-special-program-for-the-feast-of-corpus-christi\/","title":{"rendered":"National Secretariat records special program for Corpus Christi celebration"},"content":{"rendered":"<p>The audiovisual production team of the National Secretariat for the Cause of Canonization of Father Eust\u00e1quio is preparing a special program for the day the Church celebrates the Body of Christ. In addition to broadcasting the Holy Mass and the procession with the Blessed Sacrament, the Padre Eust\u00e1quio Channel will present a moment of prayer and adoration on the evening of June 16th.<\/p>\n\n\n\n<p>The program \u201cMusic and Prayer\u201d was recorded in the Chapel of the Blessed Sacrament at the Sanctuary of Health and Peace, the Church of Father Eust\u00e1quio, by a large production team. This time, singer Silvana Fel\u00edcio performed a true serenade to the Eucharistic Jesus. Alongside keyboardist Gustavo Cossenzo and before the tabernacle, she sang songs of adoration and praise to the Holy Eucharist.<\/p>\n\n\n\n<p>You can watch the result of this musical on Canal Padre Eust\u00e1quio, on Corpus Christi Day, June 16th, starting at 8:30 PM. We will soon release the link to the program so you can share it with your friends and family.<\/p>\n\n\n\n<p><strong>\u201c&quot;Music and Prayer&quot;\u201d<\/strong><\/p>\n\n\n\n<p>The live stream featuring music and prayers from the Padre Eust\u00e1quio Channel emerged last November to conclude the celebrations of the 15th anniversary of the Beatification of Padre Eust\u00e1quio. On November 3rd, the young people from the &quot;Amai-vos&quot; Music Ministry presented the life of Padre Eust\u00e1quio through music; Father Edmar Oliveira, ss.cc, also participated in the musical with the story of Padre Eust\u00e1quio and prayers that made that day a special moment of reflection on missionary life.<\/p>\n\n\n\n<p>The idea is to promote several live streams with music and prayer to spread devotion to Father Eust\u00e1quio and lead the faithful and devotees to rich moments of worship to God. <\/p>\n\n\n\n<p><\/p>","protected":false},"excerpt":{"rendered":"<p>A equipe de produ\u00e7\u00e3o audiovisual do Secretariado Nacional para a Causa de Canoniza\u00e7\u00e3o de Padre Eust\u00e1quio est\u00e1 preparando uma programa\u00e7\u00e3o especial para o dia em que a Igreja celebra o Corpo de Cristo. Al\u00e9m da transmiss\u00e3o da Santa Missa e da prociss\u00e3o com o Sant\u00edssimo Sacramento, o Canal Padre Eust\u00e1quio vai apresentar um momento de ora\u00e7\u00e3o e adora\u00e7\u00e3o na noite do dia 16 de junho. O programa &#8220;M\u00fasica e Ora\u00e7\u00e3o&#8221; foi gravado na Capela do Sant\u00edssimo do Santu\u00e1rio da Sa\u00fade e da Paz, a Igreja do Padre Eust\u00e1quio por uma grande equipe de produ\u00e7\u00e3o. Desta vez, a cantora Silvana Fel\u00edcio [&hellip;]<\/p>\n","protected":false},"author":2,"featured_media":8666,"comment_status":"open","ping_status":"closed","sticky":false,"template":"","format":"standard","meta":{"_acf_changed":false,"footnotes":""},"categories":[611],"tags":[],"class_list":["post-8659","post","type-post","status-publish","format-standard","has-post-thumbnail","hentry","category-noticias"],"acf":[],"yoast_head":"<!-- This site is optimized with the Yoast SEO plugin v27.2 - https:\/\/yoast.com\/product\/yoast-seo-wordpress\/ -->\n<title>Secretariado Nacional grava programa especial para a festa de Corpus Christi<\/title>\n<meta name=\"description\" content=\"A equipe de produ\u00e7\u00e3o audiovisual do Secretariado Nacional para a Causa de Canoniza\u00e7\u00e3o de Padre Eust\u00e1quio est\u00e1 preparando uma programa\u00e7\u00e3o especial para o dia em que a Igreja celebra o Corpo de Cristo. Al\u00e9m da transmiss\u00e3o da Santa Missa e da prociss\u00e3o com o Sant\u00edssimo Sacramento, o Canal Padre Eust\u00e1quio vai apresentar um momento de ora\u00e7\u00e3o e adora\u00e7\u00e3o na noite do dia 16 de junho.\" \/>\n<meta name=\"robots\" content=\"index, follow, max-snippet:-1, max-image-preview:large, max-video-preview:-1\" \/>\n<link rel=\"canonical\" href=\"https:\/\/www.padreeustaquio.com.br\/en\/national-secretariat-records-special-program-for-the-feast-of-corpus-christi\/\" \/>\n<meta property=\"og:locale\" content=\"en_US\" \/>\n<meta property=\"og:type\" content=\"article\" \/>\n<meta property=\"og:title\" content=\"Secretariado Nacional grava programa especial para a festa de Corpus Christi\" \/>\n<meta property=\"og:description\" content=\"A equipe de produ\u00e7\u00e3o audiovisual do Secretariado Nacional para a Causa de Canoniza\u00e7\u00e3o de Padre Eust\u00e1quio est\u00e1 preparando uma programa\u00e7\u00e3o especial para o dia em que a Igreja celebra o Corpo de Cristo. Al\u00e9m da transmiss\u00e3o da Santa Missa e da prociss\u00e3o com o Sant\u00edssimo Sacramento, o Canal Padre Eust\u00e1quio vai apresentar um momento de ora\u00e7\u00e3o e adora\u00e7\u00e3o na noite do dia 16 de junho.\" \/>\n<meta property=\"og:url\" content=\"https:\/\/www.padreeustaquio.com.br\/en\/national-secretariat-records-special-program-for-the-feast-of-corpus-christi\/\" \/>\n<meta property=\"og:site_name\" content=\"Padre Eust\u00e1quio\" \/>\n<meta property=\"article:publisher\" content=\"https:\/\/www.facebook.com\/beatopadreeustaquio\/\" \/>\n<meta property=\"article:published_time\" content=\"2022-05-18T08:55:00+00:00\" \/>\n<meta property=\"article:modified_time\" content=\"2022-05-18T12:37:38+00:00\" \/>\n<meta property=\"og:image\" content=\"https:\/\/www.padreeustaquio.com.br\/wp-content\/uploads\/2022\/05\/especial-corpus-christi.jpg\" \/>\n\t<meta property=\"og:image:width\" content=\"748\" \/>\n\t<meta property=\"og:image:height\" content=\"394\" \/>\n\t<meta property=\"og:image:type\" content=\"image\/jpeg\" \/>\n<meta name=\"author\" content=\"@sscc\" \/>\n<meta name=\"twitter:card\" content=\"summary_large_image\" \/>\n<meta name=\"twitter:creator\" content=\"@beatopeustaquio\" \/>\n<meta name=\"twitter:site\" content=\"@beatopeustaquio\" \/>\n<meta name=\"twitter:label1\" content=\"Written by\" \/>\n\t<meta name=\"twitter:data1\" content=\"@sscc\" \/>\n\t<meta name=\"twitter:label2\" content=\"Est. reading time\" \/>\n\t<meta name=\"twitter:data2\" content=\"2 minutes\" \/>\n<script type=\"application\/ld+json\" class=\"yoast-schema-graph\">{\"@context\":\"https:\/\/schema.org\",\"@graph\":[{\"@type\":\"Article\",\"@id\":\"https:\/\/www.padreeustaquio.com.br\/secretariado-nacional-grava-programa-especial-para-a-festa-de-corpus-christi\/#article\",\"isPartOf\":{\"@id\":\"https:\/\/www.padreeustaquio.com.br\/secretariado-nacional-grava-programa-especial-para-a-festa-de-corpus-christi\/\"},\"author\":{\"name\":\"@sscc\",\"@id\":\"https:\/\/www.padreeustaquio.com.br\/#\/schema\/person\/a2a51db1d00f1a7af0204a0f1ddb1566\"},\"headline\":\"Secretariado Nacional grava programa especial para a festa de Corpus Christi\",\"datePublished\":\"2022-05-18T08:55:00+00:00\",\"dateModified\":\"2022-05-18T12:37:38+00:00\",\"mainEntityOfPage\":{\"@id\":\"https:\/\/www.padreeustaquio.com.br\/secretariado-nacional-grava-programa-especial-para-a-festa-de-corpus-christi\/\"},\"wordCount\":333,\"commentCount\":0,\"publisher\":{\"@id\":\"https:\/\/www.padreeustaquio.com.br\/#organization\"},\"image\":{\"@id\":\"https:\/\/www.padreeustaquio.com.br\/secretariado-nacional-grava-programa-especial-para-a-festa-de-corpus-christi\/#primaryimage\"},\"thumbnailUrl\":\"https:\/\/www.padreeustaquio.com.br\/wp-content\/uploads\/2022\/05\/especial-corpus-christi.jpg\",\"articleSection\":[\"Not\u00edcias\"],\"inLanguage\":\"en-US\",\"potentialAction\":[{\"@type\":\"CommentAction\",\"name\":\"Comment\",\"target\":[\"https:\/\/www.padreeustaquio.com.br\/secretariado-nacional-grava-programa-especial-para-a-festa-de-corpus-christi\/#respond\"]}]},{\"@type\":\"WebPage\",\"@id\":\"https:\/\/www.padreeustaquio.com.br\/secretariado-nacional-grava-programa-especial-para-a-festa-de-corpus-christi\/\",\"url\":\"https:\/\/www.padreeustaquio.com.br\/secretariado-nacional-grava-programa-especial-para-a-festa-de-corpus-christi\/\",\"name\":\"Secretariado Nacional grava programa especial para a festa de Corpus Christi\",\"isPartOf\":{\"@id\":\"https:\/\/www.padreeustaquio.com.br\/#website\"},\"primaryImageOfPage\":{\"@id\":\"https:\/\/www.padreeustaquio.com.br\/secretariado-nacional-grava-programa-especial-para-a-festa-de-corpus-christi\/#primaryimage\"},\"image\":{\"@id\":\"https:\/\/www.padreeustaquio.com.br\/secretariado-nacional-grava-programa-especial-para-a-festa-de-corpus-christi\/#primaryimage\"},\"thumbnailUrl\":\"https:\/\/www.padreeustaquio.com.br\/wp-content\/uploads\/2022\/05\/especial-corpus-christi.jpg\",\"datePublished\":\"2022-05-18T08:55:00+00:00\",\"dateModified\":\"2022-05-18T12:37:38+00:00\",\"description\":\"A equipe de produ\u00e7\u00e3o audiovisual do Secretariado Nacional para a Causa de Canoniza\u00e7\u00e3o de Padre Eust\u00e1quio est\u00e1 preparando uma programa\u00e7\u00e3o especial para o dia em que a Igreja celebra o Corpo de Cristo. Al\u00e9m da transmiss\u00e3o da Santa Missa e da prociss\u00e3o com o Sant\u00edssimo Sacramento, o Canal Padre Eust\u00e1quio vai apresentar um momento de ora\u00e7\u00e3o e adora\u00e7\u00e3o na noite do dia 16 de junho.\",\"breadcrumb\":{\"@id\":\"https:\/\/www.padreeustaquio.com.br\/secretariado-nacional-grava-programa-especial-para-a-festa-de-corpus-christi\/#breadcrumb\"},\"inLanguage\":\"en-US\",\"potentialAction\":[{\"@type\":\"ReadAction\",\"target\":[\"https:\/\/www.padreeustaquio.com.br\/secretariado-nacional-grava-programa-especial-para-a-festa-de-corpus-christi\/\"]}]},{\"@type\":\"ImageObject\",\"inLanguage\":\"en-US\",\"@id\":\"https:\/\/www.padreeustaquio.com.br\/secretariado-nacional-grava-programa-especial-para-a-festa-de-corpus-christi\/#primaryimage\",\"url\":\"https:\/\/www.padreeustaquio.com.br\/wp-content\/uploads\/2022\/05\/especial-corpus-christi.jpg\",\"contentUrl\":\"https:\/\/www.padreeustaquio.com.br\/wp-content\/uploads\/2022\/05\/especial-corpus-christi.jpg\",\"width\":748,\"height\":394},{\"@type\":\"BreadcrumbList\",\"@id\":\"https:\/\/www.padreeustaquio.com.br\/secretariado-nacional-grava-programa-especial-para-a-festa-de-corpus-christi\/#breadcrumb\",\"itemListElement\":[{\"@type\":\"ListItem\",\"position\":1,\"name\":\"In\u00edcio\",\"item\":\"https:\/\/www.padreeustaquio.com.br\/\"},{\"@type\":\"ListItem\",\"position\":2,\"name\":\"Secretariado Nacional grava programa especial para a festa de Corpus Christi\"}]},{\"@type\":\"WebSite\",\"@id\":\"https:\/\/www.padreeustaquio.com.br\/#website\",\"url\":\"https:\/\/www.padreeustaquio.com.br\/\",\"name\":\"Padre Eust\u00e1quio\",\"description\":\"Sa\u00fade e Paz\",\"publisher\":{\"@id\":\"https:\/\/www.padreeustaquio.com.br\/#organization\"},\"potentialAction\":[{\"@type\":\"SearchAction\",\"target\":{\"@type\":\"EntryPoint\",\"urlTemplate\":\"https:\/\/www.padreeustaquio.com.br\/?s={search_term_string}\"},\"query-input\":{\"@type\":\"PropertyValueSpecification\",\"valueRequired\":true,\"valueName\":\"search_term_string\"}}],\"inLanguage\":\"en-US\"},{\"@type\":\"Organization\",\"@id\":\"https:\/\/www.padreeustaquio.com.br\/#organization\",\"name\":\"Padre Eust\u00e1quio\",\"url\":\"https:\/\/www.padreeustaquio.com.br\/\",\"logo\":{\"@type\":\"ImageObject\",\"inLanguage\":\"en-US\",\"@id\":\"https:\/\/www.padreeustaquio.com.br\/#\/schema\/logo\/image\/\",\"url\":\"https:\/\/www.padreeustaquio.com.br\/wp-content\/uploads\/2019\/08\/marca.png\",\"contentUrl\":\"https:\/\/www.padreeustaquio.com.br\/wp-content\/uploads\/2019\/08\/marca.png\",\"width\":350,\"height\":400,\"caption\":\"Padre Eust\u00e1quio\"},\"image\":{\"@id\":\"https:\/\/www.padreeustaquio.com.br\/#\/schema\/logo\/image\/\"},\"sameAs\":[\"https:\/\/www.facebook.com\/beatopadreeustaquio\/\",\"https:\/\/x.com\/beatopeustaquio\",\"https:\/\/www.instagram.com\/beatopadreeustaquio\/\",\"https:\/\/www.youtube.com\/channel\/UCRhw7vfabnajwLxb1ZXMeIw\"]},{\"@type\":\"Person\",\"@id\":\"https:\/\/www.padreeustaquio.com.br\/#\/schema\/person\/a2a51db1d00f1a7af0204a0f1ddb1566\",\"name\":\"@sscc\",\"image\":{\"@type\":\"ImageObject\",\"inLanguage\":\"en-US\",\"@id\":\"https:\/\/secure.gravatar.com\/avatar\/68cfafa5f44617fea54071e215026e0ff06be366c3d54a8425f04fdcb86f8c5f?s=96&d=mm&r=g\",\"url\":\"https:\/\/secure.gravatar.com\/avatar\/68cfafa5f44617fea54071e215026e0ff06be366c3d54a8425f04fdcb86f8c5f?s=96&d=mm&r=g\",\"contentUrl\":\"https:\/\/secure.gravatar.com\/avatar\/68cfafa5f44617fea54071e215026e0ff06be366c3d54a8425f04fdcb86f8c5f?s=96&d=mm&r=g\",\"caption\":\"@sscc\"},\"url\":\"https:\/\/www.padreeustaquio.com.br\/en\/author\/sscc\/\"}]}<\/script>\n<!-- \/ Yoast SEO plugin. -->","yoast_head_json":{"title":"National Secretariat records special program for Corpus Christi celebration","description":"The audiovisual production team of the National Secretariat for the Cause of Canonization of Father Eust\u00e1quio is preparing a special program for the day the Church celebrates the Body of Christ. In addition to broadcasting the Holy Mass and the procession with the Blessed Sacrament, the Padre Eust\u00e1quio Channel will present a moment of prayer and adoration on the evening of June 16th.","robots":{"index":"index","follow":"follow","max-snippet":"max-snippet:-1","max-image-preview":"max-image-preview:large","max-video-preview":"max-video-preview:-1"},"canonical":"https:\/\/www.padreeustaquio.com.br\/en\/national-secretariat-records-special-program-for-the-feast-of-corpus-christi\/","og_locale":"en_US","og_type":"article","og_title":"Secretariado Nacional grava programa especial para a festa de Corpus Christi","og_description":"A equipe de produ\u00e7\u00e3o audiovisual do Secretariado Nacional para a Causa de Canoniza\u00e7\u00e3o de Padre Eust\u00e1quio est\u00e1 preparando uma programa\u00e7\u00e3o especial para o dia em que a Igreja celebra o Corpo de Cristo. Al\u00e9m da transmiss\u00e3o da Santa Missa e da prociss\u00e3o com o Sant\u00edssimo Sacramento, o Canal Padre Eust\u00e1quio vai apresentar um momento de ora\u00e7\u00e3o e adora\u00e7\u00e3o na noite do dia 16 de junho.","og_url":"https:\/\/www.padreeustaquio.com.br\/en\/national-secretariat-records-special-program-for-the-feast-of-corpus-christi\/","og_site_name":"Padre Eust\u00e1quio","article_publisher":"https:\/\/www.facebook.com\/beatopadreeustaquio\/","article_published_time":"2022-05-18T08:55:00+00:00","article_modified_time":"2022-05-18T12:37:38+00:00","og_image":[{"width":748,"height":394,"url":"https:\/\/www.padreeustaquio.com.br\/wp-content\/uploads\/2022\/05\/especial-corpus-christi.jpg","type":"image\/jpeg"}],"author":"@sscc","twitter_card":"summary_large_image","twitter_creator":"@beatopeustaquio","twitter_site":"@beatopeustaquio","twitter_misc":{"Written by":"@sscc","Est. reading time":"2 minutes"},"schema":{"@context":"https:\/\/schema.org","@graph":[{"@type":"Article","@id":"https:\/\/www.padreeustaquio.com.br\/secretariado-nacional-grava-programa-especial-para-a-festa-de-corpus-christi\/#article","isPartOf":{"@id":"https:\/\/www.padreeustaquio.com.br\/secretariado-nacional-grava-programa-especial-para-a-festa-de-corpus-christi\/"},"author":{"name":"@sscc","@id":"https:\/\/www.padreeustaquio.com.br\/#\/schema\/person\/a2a51db1d00f1a7af0204a0f1ddb1566"},"headline":"Secretariado Nacional grava programa especial para a festa de Corpus Christi","datePublished":"2022-05-18T08:55:00+00:00","dateModified":"2022-05-18T12:37:38+00:00","mainEntityOfPage":{"@id":"https:\/\/www.padreeustaquio.com.br\/secretariado-nacional-grava-programa-especial-para-a-festa-de-corpus-christi\/"},"wordCount":333,"commentCount":0,"publisher":{"@id":"https:\/\/www.padreeustaquio.com.br\/#organization"},"image":{"@id":"https:\/\/www.padreeustaquio.com.br\/secretariado-nacional-grava-programa-especial-para-a-festa-de-corpus-christi\/#primaryimage"},"thumbnailUrl":"https:\/\/www.padreeustaquio.com.br\/wp-content\/uploads\/2022\/05\/especial-corpus-christi.jpg","articleSection":["Not\u00edcias"],"inLanguage":"en-US","potentialAction":[{"@type":"CommentAction","name":"Comment","target":["https:\/\/www.padreeustaquio.com.br\/secretariado-nacional-grava-programa-especial-para-a-festa-de-corpus-christi\/#respond"]}]},{"@type":"WebPage","@id":"https:\/\/www.padreeustaquio.com.br\/secretariado-nacional-grava-programa-especial-para-a-festa-de-corpus-christi\/","url":"https:\/\/www.padreeustaquio.com.br\/secretariado-nacional-grava-programa-especial-para-a-festa-de-corpus-christi\/","name":"National Secretariat records special program for Corpus Christi celebration","isPartOf":{"@id":"https:\/\/www.padreeustaquio.com.br\/#website"},"primaryImageOfPage":{"@id":"https:\/\/www.padreeustaquio.com.br\/secretariado-nacional-grava-programa-especial-para-a-festa-de-corpus-christi\/#primaryimage"},"image":{"@id":"https:\/\/www.padreeustaquio.com.br\/secretariado-nacional-grava-programa-especial-para-a-festa-de-corpus-christi\/#primaryimage"},"thumbnailUrl":"https:\/\/www.padreeustaquio.com.br\/wp-content\/uploads\/2022\/05\/especial-corpus-christi.jpg","datePublished":"2022-05-18T08:55:00+00:00","dateModified":"2022-05-18T12:37:38+00:00","description":"The audiovisual production team of the National Secretariat for the Cause of Canonization of Father Eust\u00e1quio is preparing a special program for the day the Church celebrates the Body of Christ. In addition to broadcasting the Holy Mass and the procession with the Blessed Sacrament, the Padre Eust\u00e1quio Channel will present a moment of prayer and adoration on the evening of June 16th.","breadcrumb":{"@id":"https:\/\/www.padreeustaquio.com.br\/secretariado-nacional-grava-programa-especial-para-a-festa-de-corpus-christi\/#breadcrumb"},"inLanguage":"en-US","potentialAction":[{"@type":"ReadAction","target":["https:\/\/www.padreeustaquio.com.br\/secretariado-nacional-grava-programa-especial-para-a-festa-de-corpus-christi\/"]}]},{"@type":"ImageObject","inLanguage":"en-US","@id":"https:\/\/www.padreeustaquio.com.br\/secretariado-nacional-grava-programa-especial-para-a-festa-de-corpus-christi\/#primaryimage","url":"https:\/\/www.padreeustaquio.com.br\/wp-content\/uploads\/2022\/05\/especial-corpus-christi.jpg","contentUrl":"https:\/\/www.padreeustaquio.com.br\/wp-content\/uploads\/2022\/05\/especial-corpus-christi.jpg","width":748,"height":394},{"@type":"BreadcrumbList","@id":"https:\/\/www.padreeustaquio.com.br\/secretariado-nacional-grava-programa-especial-para-a-festa-de-corpus-christi\/#breadcrumb","itemListElement":[{"@type":"ListItem","position":1,"name":"In\u00edcio","item":"https:\/\/www.padreeustaquio.com.br\/"},{"@type":"ListItem","position":2,"name":"Secretariado Nacional grava programa especial para a festa de Corpus Christi"}]},{"@type":"WebSite","@id":"https:\/\/www.padreeustaquio.com.br\/#website","url":"https:\/\/www.padreeustaquio.com.br\/","name":"FATHER EUST\u00c1QUIO","description":"Health and Peace","publisher":{"@id":"https:\/\/www.padreeustaquio.com.br\/#organization"},"potentialAction":[{"@type":"SearchAction","target":{"@type":"EntryPoint","urlTemplate":"https:\/\/www.padreeustaquio.com.br\/?s={search_term_string}"},"query-input":{"@type":"PropertyValueSpecification","valueRequired":true,"valueName":"search_term_string"}}],"inLanguage":"en-US"},{"@type":"Organization","@id":"https:\/\/www.padreeustaquio.com.br\/#organization","name":"FATHER EUST\u00c1QUIO","url":"https:\/\/www.padreeustaquio.com.br\/","logo":{"@type":"ImageObject","inLanguage":"en-US","@id":"https:\/\/www.padreeustaquio.com.br\/#\/schema\/logo\/image\/","url":"https:\/\/www.padreeustaquio.com.br\/wp-content\/uploads\/2019\/08\/marca.png","contentUrl":"https:\/\/www.padreeustaquio.com.br\/wp-content\/uploads\/2019\/08\/marca.png","width":350,"height":400,"caption":"Padre Eust\u00e1quio"},"image":{"@id":"https:\/\/www.padreeustaquio.com.br\/#\/schema\/logo\/image\/"},"sameAs":["https:\/\/www.facebook.com\/beatopadreeustaquio\/","https:\/\/x.com\/beatopeustaquio","https:\/\/www.instagram.com\/beatopadreeustaquio\/","https:\/\/www.youtube.com\/channel\/UCRhw7vfabnajwLxb1ZXMeIw"]},{"@type":"Person","@id":"https:\/\/www.padreeustaquio.com.br\/#\/schema\/person\/a2a51db1d00f1a7af0204a0f1ddb1566","name":"@sscc","image":{"@type":"ImageObject","inLanguage":"en-US","@id":"https:\/\/secure.gravatar.com\/avatar\/68cfafa5f44617fea54071e215026e0ff06be366c3d54a8425f04fdcb86f8c5f?s=96&d=mm&r=g","url":"https:\/\/secure.gravatar.com\/avatar\/68cfafa5f44617fea54071e215026e0ff06be366c3d54a8425f04fdcb86f8c5f?s=96&d=mm&r=g","contentUrl":"https:\/\/secure.gravatar.com\/avatar\/68cfafa5f44617fea54071e215026e0ff06be366c3d54a8425f04fdcb86f8c5f?s=96&d=mm&r=g","caption":"@sscc"},"url":"https:\/\/www.padreeustaquio.com.br\/en\/author\/sscc\/"}]}},"_links":{"self":[{"href":"https:\/\/www.padreeustaquio.com.br\/en\/wp-json\/wp\/v2\/posts\/8659","targetHints":{"allow":["GET"]}}],"collection":[{"href":"https:\/\/www.padreeustaquio.com.br\/en\/wp-json\/wp\/v2\/posts"}],"about":[{"href":"https:\/\/www.padreeustaquio.com.br\/en\/wp-json\/wp\/v2\/types\/post"}],"author":[{"embeddable":true,"href":"https:\/\/www.padreeustaquio.com.br\/en\/wp-json\/wp\/v2\/users\/2"}],"replies":[{"embeddable":true,"href":"https:\/\/www.padreeustaquio.com.br\/en\/wp-json\/wp\/v2\/comments?post=8659"}],"version-history":[{"count":0,"href":"https:\/\/www.padreeustaquio.com.br\/en\/wp-json\/wp\/v2\/posts\/8659\/revisions"}],"wp:featuredmedia":[{"embeddable":true,"href":"https:\/\/www.padreeustaquio.com.br\/en\/wp-json\/wp\/v2\/media\/8666"}],"wp:attachment":[{"href":"https:\/\/www.padreeustaquio.com.br\/en\/wp-json\/wp\/v2\/media?parent=8659"}],"wp:term":[{"taxonomy":"category","embeddable":true,"href":"https:\/\/www.padreeustaquio.com.br\/en\/wp-json\/wp\/v2\/categories?post=8659"},{"taxonomy":"post_tag","embeddable":true,"href":"https:\/\/www.padreeustaquio.com.br\/en\/wp-json\/wp\/v2\/tags?post=8659"}],"curies":[{"name":"wp","href":"https:\/\/api.w.org\/{rel}","templated":true}]}}