{"id":8654,"date":"2022-05-17T10:31:29","date_gmt":"2022-05-17T13:31:29","guid":{"rendered":"https:\/\/www.padreeustaquio.com.br\/?p=8654"},"modified":"2022-05-17T10:51:32","modified_gmt":"2022-05-17T13:51:32","slug":"vice-candidate-participates-in-the-opening-of-the-23rd-national-meeting-of-senior-citizens","status":"publish","type":"post","link":"https:\/\/www.padreeustaquio.com.br\/en\/vice-candidate-participates-in-the-opening-of-the-23rd-national-meeting-of-senior-citizens\/","title":{"rendered":"Vice-postulator participates in the opening of the 23rd National Meeting of the Elderly."},"content":{"rendered":"<p>The 23rd National Meeting of Senior Citizens, &quot;Dedo de Prosa,&quot; began last night, May 16th, in the city of Po\u00e7os de Caldas, Minas Gerais. The event, which takes place twice a year, brings together nearly a thousand seniors this week for moments of culture, religion, and leisure.<\/p>\n\n\n\n<p>On Monday night, the program&#039;s host and creator, Juarez Elisi\u00e1rio, led the opening of the meeting held at the CENACCON Convention Center in Po\u00e7os de Caldas. During the presentation, Father Vin\u00edcius Maciel, ss.cc, entered the theater with an image of Our Lady of Aparecida. The moment of faith moved the participants, who prayed and asked God for the meeting and for their own families.<\/p>\n\n\n\n<p>Father Vin\u00edcius, who is responsible for the Cause of Canonization of Father Eust\u00e1quio (vice-postulator), is the spiritual director of the event, being present throughout the week and celebrating the closing Holy Mass. The priest, who is also the president of the Padre Eust\u00e1quio Social Action, maintains a stand with devotional material, religious articles related to Father Eust\u00e1quio, and other products that are sold, with proceeds going to social works and the Cause of Canonization.<\/p>\n\n\n\n<p>Right after the opening, the participants enjoyed a show by \u00c2ngelo M\u00e1ximo and the themed dance party \u201cBack to the Jovem Guarda\u201d with Henrique Jotta and Liana.<\/p>\n\n\n\n<p>The meeting will continue until next Thursday, the day Juarez is expected to announce the location where the next &quot;Dedo de Prosa&quot; will be held, likely in November of this year.<\/p>\n\n\n\n<p><strong>A Finger of Prose<\/strong><\/p>\n\n\n\n<p>The &quot;Encontro Dedo de Prosa&quot; (Encounter of a Little Chat) originated from the &quot;Programa Dedo de Prosa&quot; (Finger of a Chat Program) on TV Horizonte, and is the first Brazilian television program aimed at senior citizens. Hosted by Juarez Elisi\u00e1rio, it is an excellent entertainment option and a space for discussions about active aging in the population. <\/p>\n\n\n\n<p><\/p>","protected":false},"excerpt":{"rendered":"<p>Teve in\u00edcio, na noite de ontem dia 16 de maio, na cidade de Po\u00e7os de Caldas-MG, o 23\u00ba Encontro Nacional Dedo de Prosa da Melhor Idade. O evento, que acontece duas vezes por ano, re\u00fane esta semana quase mil idosos para momentos de cultura, religiosidade e lazer. Na noite dessa segunda-feira, o apresentador e idealizador do programa, Juarez Elisi\u00e1rio, comandou a abertura do encontro realizado no Centro de Conven\u00e7\u00f5es CENACCON em Po\u00e7os de Caldas. Durante a apresenta\u00e7\u00e3o, Padre Vin\u00edcius Maciel, ss.cc, entrou no teatro com a imagem de Nossa Senhora Aparecida. O momento de f\u00e9 emocionou os participantes que rezaram [&hellip;]<\/p>\n","protected":false},"author":2,"featured_media":8655,"comment_status":"open","ping_status":"closed","sticky":false,"template":"","format":"standard","meta":{"_acf_changed":false,"footnotes":""},"categories":[611],"tags":[],"class_list":["post-8654","post","type-post","status-publish","format-standard","has-post-thumbnail","hentry","category-noticias"],"acf":[],"yoast_head":"<!-- This site is optimized with the Yoast SEO plugin v27.2 - https:\/\/yoast.com\/product\/yoast-seo-wordpress\/ -->\n<title>Vice-postulador participa da abertura do 23\u00ba Encontro Nacional da 3\u00aa idade<\/title>\n<meta name=\"description\" content=\"Teve in\u00edcio, na noite de ontem dia 16 de maio, na cidade de Po\u00e7os de Caldas-MG, o 23\u00ba Encontro Nacional Dedo de Prosa da Melhor Idade. O evento, que acontece duas vezes por ano, re\u00fane esta semana quase mil idosos para momentos de cultura, religiosidade e lazer.\" \/>\n<meta name=\"robots\" content=\"index, follow, max-snippet:-1, max-image-preview:large, max-video-preview:-1\" \/>\n<link rel=\"canonical\" href=\"https:\/\/www.padreeustaquio.com.br\/en\/vice-candidate-participates-in-the-opening-of-the-23rd-national-meeting-of-senior-citizens\/\" \/>\n<meta property=\"og:locale\" content=\"en_US\" \/>\n<meta property=\"og:type\" content=\"article\" \/>\n<meta property=\"og:title\" content=\"Vice-postulador participa da abertura do 23\u00ba Encontro Nacional da 3\u00aa idade\" \/>\n<meta property=\"og:description\" content=\"Teve in\u00edcio, na noite de ontem dia 16 de maio, na cidade de Po\u00e7os de Caldas-MG, o 23\u00ba Encontro Nacional Dedo de Prosa da Melhor Idade. O evento, que acontece duas vezes por ano, re\u00fane esta semana quase mil idosos para momentos de cultura, religiosidade e lazer.\" \/>\n<meta property=\"og:url\" content=\"https:\/\/www.padreeustaquio.com.br\/en\/vice-candidate-participates-in-the-opening-of-the-23rd-national-meeting-of-senior-citizens\/\" \/>\n<meta property=\"og:site_name\" content=\"Padre Eust\u00e1quio\" \/>\n<meta property=\"article:publisher\" content=\"https:\/\/www.facebook.com\/beatopadreeustaquio\/\" \/>\n<meta property=\"article:published_time\" content=\"2022-05-17T13:31:29+00:00\" \/>\n<meta property=\"article:modified_time\" content=\"2022-05-17T13:51:32+00:00\" \/>\n<meta property=\"og:image\" content=\"https:\/\/www.padreeustaquio.com.br\/wp-content\/uploads\/2022\/05\/dedo-de-prosa-e1652794529950.jpg\" \/>\n\t<meta property=\"og:image:width\" content=\"828\" \/>\n\t<meta property=\"og:image:height\" content=\"503\" \/>\n\t<meta property=\"og:image:type\" content=\"image\/jpeg\" \/>\n<meta name=\"author\" content=\"@sscc\" \/>\n<meta name=\"twitter:card\" content=\"summary_large_image\" \/>\n<meta name=\"twitter:creator\" content=\"@beatopeustaquio\" \/>\n<meta name=\"twitter:site\" content=\"@beatopeustaquio\" \/>\n<meta name=\"twitter:label1\" content=\"Written by\" \/>\n\t<meta name=\"twitter:data1\" content=\"@sscc\" \/>\n\t<meta name=\"twitter:label2\" content=\"Est. reading time\" \/>\n\t<meta name=\"twitter:data2\" content=\"2 minutes\" \/>\n<script type=\"application\/ld+json\" class=\"yoast-schema-graph\">{\"@context\":\"https:\/\/schema.org\",\"@graph\":[{\"@type\":\"Article\",\"@id\":\"https:\/\/www.padreeustaquio.com.br\/vice-postulador-participa-da-abertura-do-23o-encontro-nacional-da-3a-idade\/#article\",\"isPartOf\":{\"@id\":\"https:\/\/www.padreeustaquio.com.br\/vice-postulador-participa-da-abertura-do-23o-encontro-nacional-da-3a-idade\/\"},\"author\":{\"name\":\"@sscc\",\"@id\":\"https:\/\/www.padreeustaquio.com.br\/#\/schema\/person\/a2a51db1d00f1a7af0204a0f1ddb1566\"},\"headline\":\"Vice-postulador participa da abertura do 23\u00ba Encontro Nacional da 3\u00aa idade\",\"datePublished\":\"2022-05-17T13:31:29+00:00\",\"dateModified\":\"2022-05-17T13:51:32+00:00\",\"mainEntityOfPage\":{\"@id\":\"https:\/\/www.padreeustaquio.com.br\/vice-postulador-participa-da-abertura-do-23o-encontro-nacional-da-3a-idade\/\"},\"wordCount\":330,\"commentCount\":0,\"publisher\":{\"@id\":\"https:\/\/www.padreeustaquio.com.br\/#organization\"},\"image\":{\"@id\":\"https:\/\/www.padreeustaquio.com.br\/vice-postulador-participa-da-abertura-do-23o-encontro-nacional-da-3a-idade\/#primaryimage\"},\"thumbnailUrl\":\"https:\/\/www.padreeustaquio.com.br\/wp-content\/uploads\/2022\/05\/dedo-de-prosa-e1652794529950.jpg\",\"articleSection\":[\"Not\u00edcias\"],\"inLanguage\":\"en-US\",\"potentialAction\":[{\"@type\":\"CommentAction\",\"name\":\"Comment\",\"target\":[\"https:\/\/www.padreeustaquio.com.br\/vice-postulador-participa-da-abertura-do-23o-encontro-nacional-da-3a-idade\/#respond\"]}]},{\"@type\":\"WebPage\",\"@id\":\"https:\/\/www.padreeustaquio.com.br\/vice-postulador-participa-da-abertura-do-23o-encontro-nacional-da-3a-idade\/\",\"url\":\"https:\/\/www.padreeustaquio.com.br\/vice-postulador-participa-da-abertura-do-23o-encontro-nacional-da-3a-idade\/\",\"name\":\"Vice-postulador participa da abertura do 23\u00ba Encontro Nacional da 3\u00aa idade\",\"isPartOf\":{\"@id\":\"https:\/\/www.padreeustaquio.com.br\/#website\"},\"primaryImageOfPage\":{\"@id\":\"https:\/\/www.padreeustaquio.com.br\/vice-postulador-participa-da-abertura-do-23o-encontro-nacional-da-3a-idade\/#primaryimage\"},\"image\":{\"@id\":\"https:\/\/www.padreeustaquio.com.br\/vice-postulador-participa-da-abertura-do-23o-encontro-nacional-da-3a-idade\/#primaryimage\"},\"thumbnailUrl\":\"https:\/\/www.padreeustaquio.com.br\/wp-content\/uploads\/2022\/05\/dedo-de-prosa-e1652794529950.jpg\",\"datePublished\":\"2022-05-17T13:31:29+00:00\",\"dateModified\":\"2022-05-17T13:51:32+00:00\",\"description\":\"Teve in\u00edcio, na noite de ontem dia 16 de maio, na cidade de Po\u00e7os de Caldas-MG, o 23\u00ba Encontro Nacional Dedo de Prosa da Melhor Idade. O evento, que acontece duas vezes por ano, re\u00fane esta semana quase mil idosos para momentos de cultura, religiosidade e lazer.\",\"breadcrumb\":{\"@id\":\"https:\/\/www.padreeustaquio.com.br\/vice-postulador-participa-da-abertura-do-23o-encontro-nacional-da-3a-idade\/#breadcrumb\"},\"inLanguage\":\"en-US\",\"potentialAction\":[{\"@type\":\"ReadAction\",\"target\":[\"https:\/\/www.padreeustaquio.com.br\/vice-postulador-participa-da-abertura-do-23o-encontro-nacional-da-3a-idade\/\"]}]},{\"@type\":\"ImageObject\",\"inLanguage\":\"en-US\",\"@id\":\"https:\/\/www.padreeustaquio.com.br\/vice-postulador-participa-da-abertura-do-23o-encontro-nacional-da-3a-idade\/#primaryimage\",\"url\":\"https:\/\/www.padreeustaquio.com.br\/wp-content\/uploads\/2022\/05\/dedo-de-prosa-e1652794529950.jpg\",\"contentUrl\":\"https:\/\/www.padreeustaquio.com.br\/wp-content\/uploads\/2022\/05\/dedo-de-prosa-e1652794529950.jpg\",\"width\":828,\"height\":503},{\"@type\":\"BreadcrumbList\",\"@id\":\"https:\/\/www.padreeustaquio.com.br\/vice-postulador-participa-da-abertura-do-23o-encontro-nacional-da-3a-idade\/#breadcrumb\",\"itemListElement\":[{\"@type\":\"ListItem\",\"position\":1,\"name\":\"In\u00edcio\",\"item\":\"https:\/\/www.padreeustaquio.com.br\/\"},{\"@type\":\"ListItem\",\"position\":2,\"name\":\"Vice-postulador participa da abertura do 23\u00ba Encontro Nacional da 3\u00aa idade\"}]},{\"@type\":\"WebSite\",\"@id\":\"https:\/\/www.padreeustaquio.com.br\/#website\",\"url\":\"https:\/\/www.padreeustaquio.com.br\/\",\"name\":\"Padre Eust\u00e1quio\",\"description\":\"Sa\u00fade e Paz\",\"publisher\":{\"@id\":\"https:\/\/www.padreeustaquio.com.br\/#organization\"},\"potentialAction\":[{\"@type\":\"SearchAction\",\"target\":{\"@type\":\"EntryPoint\",\"urlTemplate\":\"https:\/\/www.padreeustaquio.com.br\/?s={search_term_string}\"},\"query-input\":{\"@type\":\"PropertyValueSpecification\",\"valueRequired\":true,\"valueName\":\"search_term_string\"}}],\"inLanguage\":\"en-US\"},{\"@type\":\"Organization\",\"@id\":\"https:\/\/www.padreeustaquio.com.br\/#organization\",\"name\":\"Padre Eust\u00e1quio\",\"url\":\"https:\/\/www.padreeustaquio.com.br\/\",\"logo\":{\"@type\":\"ImageObject\",\"inLanguage\":\"en-US\",\"@id\":\"https:\/\/www.padreeustaquio.com.br\/#\/schema\/logo\/image\/\",\"url\":\"https:\/\/www.padreeustaquio.com.br\/wp-content\/uploads\/2019\/08\/marca.png\",\"contentUrl\":\"https:\/\/www.padreeustaquio.com.br\/wp-content\/uploads\/2019\/08\/marca.png\",\"width\":350,\"height\":400,\"caption\":\"Padre Eust\u00e1quio\"},\"image\":{\"@id\":\"https:\/\/www.padreeustaquio.com.br\/#\/schema\/logo\/image\/\"},\"sameAs\":[\"https:\/\/www.facebook.com\/beatopadreeustaquio\/\",\"https:\/\/x.com\/beatopeustaquio\",\"https:\/\/www.instagram.com\/beatopadreeustaquio\/\",\"https:\/\/www.youtube.com\/channel\/UCRhw7vfabnajwLxb1ZXMeIw\"]},{\"@type\":\"Person\",\"@id\":\"https:\/\/www.padreeustaquio.com.br\/#\/schema\/person\/a2a51db1d00f1a7af0204a0f1ddb1566\",\"name\":\"@sscc\",\"image\":{\"@type\":\"ImageObject\",\"inLanguage\":\"en-US\",\"@id\":\"https:\/\/secure.gravatar.com\/avatar\/68cfafa5f44617fea54071e215026e0ff06be366c3d54a8425f04fdcb86f8c5f?s=96&d=mm&r=g\",\"url\":\"https:\/\/secure.gravatar.com\/avatar\/68cfafa5f44617fea54071e215026e0ff06be366c3d54a8425f04fdcb86f8c5f?s=96&d=mm&r=g\",\"contentUrl\":\"https:\/\/secure.gravatar.com\/avatar\/68cfafa5f44617fea54071e215026e0ff06be366c3d54a8425f04fdcb86f8c5f?s=96&d=mm&r=g\",\"caption\":\"@sscc\"},\"url\":\"https:\/\/www.padreeustaquio.com.br\/en\/author\/sscc\/\"}]}<\/script>\n<!-- \/ Yoast SEO plugin. -->","yoast_head_json":{"title":"Vice-postulator participates in the opening of the 23rd National Meeting of the Elderly.","description":"The 23rd National Meeting of Senior Citizens, &quot;Dedo de Prosa,&quot; began last night, May 16th, in the city of Po\u00e7os de Caldas, Minas Gerais. The event, which takes place twice a year, brings together nearly a thousand seniors this week for moments of culture, religion, and leisure.","robots":{"index":"index","follow":"follow","max-snippet":"max-snippet:-1","max-image-preview":"max-image-preview:large","max-video-preview":"max-video-preview:-1"},"canonical":"https:\/\/www.padreeustaquio.com.br\/en\/vice-candidate-participates-in-the-opening-of-the-23rd-national-meeting-of-senior-citizens\/","og_locale":"en_US","og_type":"article","og_title":"Vice-postulador participa da abertura do 23\u00ba Encontro Nacional da 3\u00aa idade","og_description":"Teve in\u00edcio, na noite de ontem dia 16 de maio, na cidade de Po\u00e7os de Caldas-MG, o 23\u00ba Encontro Nacional Dedo de Prosa da Melhor Idade. O evento, que acontece duas vezes por ano, re\u00fane esta semana quase mil idosos para momentos de cultura, religiosidade e lazer.","og_url":"https:\/\/www.padreeustaquio.com.br\/en\/vice-candidate-participates-in-the-opening-of-the-23rd-national-meeting-of-senior-citizens\/","og_site_name":"Padre Eust\u00e1quio","article_publisher":"https:\/\/www.facebook.com\/beatopadreeustaquio\/","article_published_time":"2022-05-17T13:31:29+00:00","article_modified_time":"2022-05-17T13:51:32+00:00","og_image":[{"width":828,"height":503,"url":"https:\/\/www.padreeustaquio.com.br\/wp-content\/uploads\/2022\/05\/dedo-de-prosa-e1652794529950.jpg","type":"image\/jpeg"}],"author":"@sscc","twitter_card":"summary_large_image","twitter_creator":"@beatopeustaquio","twitter_site":"@beatopeustaquio","twitter_misc":{"Written by":"@sscc","Est. reading time":"2 minutes"},"schema":{"@context":"https:\/\/schema.org","@graph":[{"@type":"Article","@id":"https:\/\/www.padreeustaquio.com.br\/vice-postulador-participa-da-abertura-do-23o-encontro-nacional-da-3a-idade\/#article","isPartOf":{"@id":"https:\/\/www.padreeustaquio.com.br\/vice-postulador-participa-da-abertura-do-23o-encontro-nacional-da-3a-idade\/"},"author":{"name":"@sscc","@id":"https:\/\/www.padreeustaquio.com.br\/#\/schema\/person\/a2a51db1d00f1a7af0204a0f1ddb1566"},"headline":"Vice-postulador participa da abertura do 23\u00ba Encontro Nacional da 3\u00aa idade","datePublished":"2022-05-17T13:31:29+00:00","dateModified":"2022-05-17T13:51:32+00:00","mainEntityOfPage":{"@id":"https:\/\/www.padreeustaquio.com.br\/vice-postulador-participa-da-abertura-do-23o-encontro-nacional-da-3a-idade\/"},"wordCount":330,"commentCount":0,"publisher":{"@id":"https:\/\/www.padreeustaquio.com.br\/#organization"},"image":{"@id":"https:\/\/www.padreeustaquio.com.br\/vice-postulador-participa-da-abertura-do-23o-encontro-nacional-da-3a-idade\/#primaryimage"},"thumbnailUrl":"https:\/\/www.padreeustaquio.com.br\/wp-content\/uploads\/2022\/05\/dedo-de-prosa-e1652794529950.jpg","articleSection":["Not\u00edcias"],"inLanguage":"en-US","potentialAction":[{"@type":"CommentAction","name":"Comment","target":["https:\/\/www.padreeustaquio.com.br\/vice-postulador-participa-da-abertura-do-23o-encontro-nacional-da-3a-idade\/#respond"]}]},{"@type":"WebPage","@id":"https:\/\/www.padreeustaquio.com.br\/vice-postulador-participa-da-abertura-do-23o-encontro-nacional-da-3a-idade\/","url":"https:\/\/www.padreeustaquio.com.br\/vice-postulador-participa-da-abertura-do-23o-encontro-nacional-da-3a-idade\/","name":"Vice-postulator participates in the opening of the 23rd National Meeting of the Elderly.","isPartOf":{"@id":"https:\/\/www.padreeustaquio.com.br\/#website"},"primaryImageOfPage":{"@id":"https:\/\/www.padreeustaquio.com.br\/vice-postulador-participa-da-abertura-do-23o-encontro-nacional-da-3a-idade\/#primaryimage"},"image":{"@id":"https:\/\/www.padreeustaquio.com.br\/vice-postulador-participa-da-abertura-do-23o-encontro-nacional-da-3a-idade\/#primaryimage"},"thumbnailUrl":"https:\/\/www.padreeustaquio.com.br\/wp-content\/uploads\/2022\/05\/dedo-de-prosa-e1652794529950.jpg","datePublished":"2022-05-17T13:31:29+00:00","dateModified":"2022-05-17T13:51:32+00:00","description":"The 23rd National Meeting of Senior Citizens, &quot;Dedo de Prosa,&quot; began last night, May 16th, in the city of Po\u00e7os de Caldas, Minas Gerais. The event, which takes place twice a year, brings together nearly a thousand seniors this week for moments of culture, religion, and leisure.","breadcrumb":{"@id":"https:\/\/www.padreeustaquio.com.br\/vice-postulador-participa-da-abertura-do-23o-encontro-nacional-da-3a-idade\/#breadcrumb"},"inLanguage":"en-US","potentialAction":[{"@type":"ReadAction","target":["https:\/\/www.padreeustaquio.com.br\/vice-postulador-participa-da-abertura-do-23o-encontro-nacional-da-3a-idade\/"]}]},{"@type":"ImageObject","inLanguage":"en-US","@id":"https:\/\/www.padreeustaquio.com.br\/vice-postulador-participa-da-abertura-do-23o-encontro-nacional-da-3a-idade\/#primaryimage","url":"https:\/\/www.padreeustaquio.com.br\/wp-content\/uploads\/2022\/05\/dedo-de-prosa-e1652794529950.jpg","contentUrl":"https:\/\/www.padreeustaquio.com.br\/wp-content\/uploads\/2022\/05\/dedo-de-prosa-e1652794529950.jpg","width":828,"height":503},{"@type":"BreadcrumbList","@id":"https:\/\/www.padreeustaquio.com.br\/vice-postulador-participa-da-abertura-do-23o-encontro-nacional-da-3a-idade\/#breadcrumb","itemListElement":[{"@type":"ListItem","position":1,"name":"In\u00edcio","item":"https:\/\/www.padreeustaquio.com.br\/"},{"@type":"ListItem","position":2,"name":"Vice-postulador participa da abertura do 23\u00ba Encontro Nacional da 3\u00aa idade"}]},{"@type":"WebSite","@id":"https:\/\/www.padreeustaquio.com.br\/#website","url":"https:\/\/www.padreeustaquio.com.br\/","name":"FATHER EUST\u00c1QUIO","description":"Health and Peace","publisher":{"@id":"https:\/\/www.padreeustaquio.com.br\/#organization"},"potentialAction":[{"@type":"SearchAction","target":{"@type":"EntryPoint","urlTemplate":"https:\/\/www.padreeustaquio.com.br\/?s={search_term_string}"},"query-input":{"@type":"PropertyValueSpecification","valueRequired":true,"valueName":"search_term_string"}}],"inLanguage":"en-US"},{"@type":"Organization","@id":"https:\/\/www.padreeustaquio.com.br\/#organization","name":"FATHER EUST\u00c1QUIO","url":"https:\/\/www.padreeustaquio.com.br\/","logo":{"@type":"ImageObject","inLanguage":"en-US","@id":"https:\/\/www.padreeustaquio.com.br\/#\/schema\/logo\/image\/","url":"https:\/\/www.padreeustaquio.com.br\/wp-content\/uploads\/2019\/08\/marca.png","contentUrl":"https:\/\/www.padreeustaquio.com.br\/wp-content\/uploads\/2019\/08\/marca.png","width":350,"height":400,"caption":"Padre Eust\u00e1quio"},"image":{"@id":"https:\/\/www.padreeustaquio.com.br\/#\/schema\/logo\/image\/"},"sameAs":["https:\/\/www.facebook.com\/beatopadreeustaquio\/","https:\/\/x.com\/beatopeustaquio","https:\/\/www.instagram.com\/beatopadreeustaquio\/","https:\/\/www.youtube.com\/channel\/UCRhw7vfabnajwLxb1ZXMeIw"]},{"@type":"Person","@id":"https:\/\/www.padreeustaquio.com.br\/#\/schema\/person\/a2a51db1d00f1a7af0204a0f1ddb1566","name":"@sscc","image":{"@type":"ImageObject","inLanguage":"en-US","@id":"https:\/\/secure.gravatar.com\/avatar\/68cfafa5f44617fea54071e215026e0ff06be366c3d54a8425f04fdcb86f8c5f?s=96&d=mm&r=g","url":"https:\/\/secure.gravatar.com\/avatar\/68cfafa5f44617fea54071e215026e0ff06be366c3d54a8425f04fdcb86f8c5f?s=96&d=mm&r=g","contentUrl":"https:\/\/secure.gravatar.com\/avatar\/68cfafa5f44617fea54071e215026e0ff06be366c3d54a8425f04fdcb86f8c5f?s=96&d=mm&r=g","caption":"@sscc"},"url":"https:\/\/www.padreeustaquio.com.br\/en\/author\/sscc\/"}]}},"_links":{"self":[{"href":"https:\/\/www.padreeustaquio.com.br\/en\/wp-json\/wp\/v2\/posts\/8654","targetHints":{"allow":["GET"]}}],"collection":[{"href":"https:\/\/www.padreeustaquio.com.br\/en\/wp-json\/wp\/v2\/posts"}],"about":[{"href":"https:\/\/www.padreeustaquio.com.br\/en\/wp-json\/wp\/v2\/types\/post"}],"author":[{"embeddable":true,"href":"https:\/\/www.padreeustaquio.com.br\/en\/wp-json\/wp\/v2\/users\/2"}],"replies":[{"embeddable":true,"href":"https:\/\/www.padreeustaquio.com.br\/en\/wp-json\/wp\/v2\/comments?post=8654"}],"version-history":[{"count":0,"href":"https:\/\/www.padreeustaquio.com.br\/en\/wp-json\/wp\/v2\/posts\/8654\/revisions"}],"wp:featuredmedia":[{"embeddable":true,"href":"https:\/\/www.padreeustaquio.com.br\/en\/wp-json\/wp\/v2\/media\/8655"}],"wp:attachment":[{"href":"https:\/\/www.padreeustaquio.com.br\/en\/wp-json\/wp\/v2\/media?parent=8654"}],"wp:term":[{"taxonomy":"category","embeddable":true,"href":"https:\/\/www.padreeustaquio.com.br\/en\/wp-json\/wp\/v2\/categories?post=8654"},{"taxonomy":"post_tag","embeddable":true,"href":"https:\/\/www.padreeustaquio.com.br\/en\/wp-json\/wp\/v2\/tags?post=8654"}],"curies":[{"name":"wp","href":"https:\/\/api.w.org\/{rel}","templated":true}]}}