{"id":8634,"date":"2022-05-16T06:45:00","date_gmt":"2022-05-16T09:45:00","guid":{"rendered":"https:\/\/www.padreeustaquio.com.br\/?p=8634"},"modified":"2022-05-16T06:43:57","modified_gmt":"2022-05-16T09:43:57","slug":"father-eustaces-words-man-and-his-end","status":"publish","type":"post","link":"https:\/\/www.padreeustaquio.com.br\/en\/father-eustaces-words-man-and-his-end\/","title":{"rendered":"A Word from Father Eust\u00e1quio: Man and His End"},"content":{"rendered":"<p>We were created in the image and likeness of the Lord, and there&#039;s a reason for that. God wants us to be His faithful and beloved children, serving our neighbor in pursuit of reaching the Kingdom of Heaven.<\/p>\n\n\n\n<p>We must practice what Sacred Scripture teaches us daily. And Father Eustace lived this throughout his life. He served and helped his neighbor, and never ceased to bring the Word of God and its teachings to the people. In one of the Blessed&#039;s writings, he spoke about this. Read below:<\/p>\n\n\n\n<p><strong>The end of man<\/strong><\/p>\n\n\n\n<p><em>Lord, make me know my end, so that I may know what I lack.<\/em>.<\/p>\n\n\n\n<p><em>Let us place ourselves in the presence of our God, the creator who called us into existence, the God whom we worship everywhere and at all times, to be present in every instant of existence \u2013 past, present, and future \u2013 both here and elsewhere, for, more than the mortal being of our bodies, He surrounds and envelops us with His sovereign presence, as happens with plants, the sun, the stars, light, in short, with all creatures of creation, all of which have a limited and marked end, being dependent on the supreme being.<\/em>.<\/p>\n\n\n\n<p><em>Having said this, we ask God: Lord, what is the end assigned to man by Your Majesty and goodness? And God commands us to learn to practice the words of Sacred Scripture: Man was created to give praise to God Our Lord, to render Him reverence or obedience and to serve Him body and soul in order to have, in the end, eternal salvation, grateful duties, which are less obligations and more attributes of nobility, of privileges proper to man.<\/em><\/p>\n\n\n\n<p><em>But what is man? Among all visible creatures, he alone is rational, endowed with that excellent faculty of intelligence, to know and discern through free will, to choose with full responsibility and consequences \u2013 good or evil, truth or error, justice or iniquity, in a word, the Roman Catholic Apostolic Church, the only Divine institution, or the various errors of so many heresies and false human intentions spread throughout the earth?<\/em><\/p>\n\n\n\n<p><em>Therefore, among all creatures that came from divine hands, solely by the will and exclusive capacity of the Creator, in the act of creation, man was the noblest and most elevated, by his attributes or faculties, and was undoubtedly created; that is, He, the Lord, formed us in Adam and Eve, so certain is it that we did not make ourselves, despite all the contradictions and fantasies of purveyors of pulp science.<\/em>.<\/p>\n\n\n\n<p><em>Now, since man was made by God, whose infinite wisdom can do or create nothing without immediately proposing a worthy end \u2013 this God of all wisdom cannot fail to want and demand that his rational creature fulfill his defined purpose, nor can He remain indifferent on this point, for that would be repugnant to eternal wisdom, which is conservative, and which, therefore, for the very defense and survival of the species \u2013 knows how to intervene and constrain man to fulfill his purpose: to praise God, to give Him reverence, and to serve Him through deeds and not only words.<\/em><\/p>\n\n\n\n<p><\/p>","protected":false},"excerpt":{"rendered":"<p>Fomos criados a imagem e semelhan\u00e7a do Senhor e tem um motivo pra isso. Deus quer que sejamos filhos fi\u00e9is e amados Dele, servindo o pr\u00f3ximo em busca de alcan\u00e7armos o Reino do C\u00e9u. Devemos praticar o que a Sagrada Escritura nos ensina diariamente. E Padre Eust\u00e1quio viveu isso em todos os momentos de sua vida. Ele serviu e ajudou o pr\u00f3ximo, e nunca deixou de levar a Palavra de Deus e os ensinamentos dela para o povo. Em um dos escritos do Bem-aventurado, ele falou sobre isso. Leia a seguir: O fim do homem Fazei-me, Senhor, conhecer o meu [&hellip;]<\/p>\n","protected":false},"author":2,"featured_media":8637,"comment_status":"open","ping_status":"closed","sticky":false,"template":"","format":"standard","meta":{"_acf_changed":false,"footnotes":""},"categories":[611,1],"tags":[],"class_list":["post-8634","post","type-post","status-publish","format-standard","has-post-thumbnail","hentry","category-noticias","category-sem-categoria"],"acf":[],"yoast_head":"<!-- This site is optimized with the Yoast SEO plugin v27.2 - https:\/\/yoast.com\/product\/yoast-seo-wordpress\/ -->\n<title>Palavra do Padre Eust\u00e1quio: O homem e seu fim<\/title>\n<meta name=\"description\" content=\"Devemos praticar o que a Sagrada Escritura nos ensina diariamente. E Padre Eust\u00e1quio viveu isso em todos os momentos de sua vida. Ele serviu e ajudou o pr\u00f3ximo, e nunca deixou de levar a Palavra de Deus e os ensinamentos dela para o povo. Em um dos escritos do Bem-aventurado, ele falou sobre isso.\" \/>\n<meta name=\"robots\" content=\"index, follow, max-snippet:-1, max-image-preview:large, max-video-preview:-1\" \/>\n<link rel=\"canonical\" href=\"https:\/\/www.padreeustaquio.com.br\/en\/father-eustaces-words-man-and-his-end\/\" \/>\n<meta property=\"og:locale\" content=\"en_US\" \/>\n<meta property=\"og:type\" content=\"article\" \/>\n<meta property=\"og:title\" content=\"Palavra do Padre Eust\u00e1quio: O homem e seu fim\" \/>\n<meta property=\"og:description\" content=\"Devemos praticar o que a Sagrada Escritura nos ensina diariamente. E Padre Eust\u00e1quio viveu isso em todos os momentos de sua vida. Ele serviu e ajudou o pr\u00f3ximo, e nunca deixou de levar a Palavra de Deus e os ensinamentos dela para o povo. Em um dos escritos do Bem-aventurado, ele falou sobre isso.\" \/>\n<meta property=\"og:url\" content=\"https:\/\/www.padreeustaquio.com.br\/en\/father-eustaces-words-man-and-his-end\/\" \/>\n<meta property=\"og:site_name\" content=\"Padre Eust\u00e1quio\" \/>\n<meta property=\"article:publisher\" content=\"https:\/\/www.facebook.com\/beatopadreeustaquio\/\" \/>\n<meta property=\"article:published_time\" content=\"2022-05-16T09:45:00+00:00\" \/>\n<meta property=\"og:image\" content=\"https:\/\/www.padreeustaquio.com.br\/wp-content\/uploads\/2022\/05\/o-homem-e-seu-fim.jpg\" \/>\n\t<meta property=\"og:image:width\" content=\"748\" \/>\n\t<meta property=\"og:image:height\" content=\"394\" \/>\n\t<meta property=\"og:image:type\" content=\"image\/jpeg\" \/>\n<meta name=\"author\" content=\"@sscc\" \/>\n<meta name=\"twitter:card\" content=\"summary_large_image\" \/>\n<meta name=\"twitter:creator\" content=\"@beatopeustaquio\" \/>\n<meta name=\"twitter:site\" content=\"@beatopeustaquio\" \/>\n<meta name=\"twitter:label1\" content=\"Written by\" \/>\n\t<meta name=\"twitter:data1\" content=\"@sscc\" \/>\n\t<meta name=\"twitter:label2\" content=\"Est. reading time\" \/>\n\t<meta name=\"twitter:data2\" content=\"3 minutes\" \/>\n<script type=\"application\/ld+json\" class=\"yoast-schema-graph\">{\"@context\":\"https:\/\/schema.org\",\"@graph\":[{\"@type\":\"Article\",\"@id\":\"https:\/\/www.padreeustaquio.com.br\/palavra-do-padre-eustaquio-o-homem-e-seu-fim\/#article\",\"isPartOf\":{\"@id\":\"https:\/\/www.padreeustaquio.com.br\/palavra-do-padre-eustaquio-o-homem-e-seu-fim\/\"},\"author\":{\"name\":\"@sscc\",\"@id\":\"https:\/\/www.padreeustaquio.com.br\/#\/schema\/person\/a2a51db1d00f1a7af0204a0f1ddb1566\"},\"headline\":\"Palavra do Padre Eust\u00e1quio: O homem e seu fim\",\"datePublished\":\"2022-05-16T09:45:00+00:00\",\"mainEntityOfPage\":{\"@id\":\"https:\/\/www.padreeustaquio.com.br\/palavra-do-padre-eustaquio-o-homem-e-seu-fim\/\"},\"wordCount\":572,\"commentCount\":0,\"publisher\":{\"@id\":\"https:\/\/www.padreeustaquio.com.br\/#organization\"},\"image\":{\"@id\":\"https:\/\/www.padreeustaquio.com.br\/palavra-do-padre-eustaquio-o-homem-e-seu-fim\/#primaryimage\"},\"thumbnailUrl\":\"https:\/\/www.padreeustaquio.com.br\/wp-content\/uploads\/2022\/05\/o-homem-e-seu-fim.jpg\",\"articleSection\":[\"Not\u00edcias\",\"Sem categoria\"],\"inLanguage\":\"en-US\",\"potentialAction\":[{\"@type\":\"CommentAction\",\"name\":\"Comment\",\"target\":[\"https:\/\/www.padreeustaquio.com.br\/palavra-do-padre-eustaquio-o-homem-e-seu-fim\/#respond\"]}]},{\"@type\":\"WebPage\",\"@id\":\"https:\/\/www.padreeustaquio.com.br\/palavra-do-padre-eustaquio-o-homem-e-seu-fim\/\",\"url\":\"https:\/\/www.padreeustaquio.com.br\/palavra-do-padre-eustaquio-o-homem-e-seu-fim\/\",\"name\":\"Palavra do Padre Eust\u00e1quio: O homem e seu fim\",\"isPartOf\":{\"@id\":\"https:\/\/www.padreeustaquio.com.br\/#website\"},\"primaryImageOfPage\":{\"@id\":\"https:\/\/www.padreeustaquio.com.br\/palavra-do-padre-eustaquio-o-homem-e-seu-fim\/#primaryimage\"},\"image\":{\"@id\":\"https:\/\/www.padreeustaquio.com.br\/palavra-do-padre-eustaquio-o-homem-e-seu-fim\/#primaryimage\"},\"thumbnailUrl\":\"https:\/\/www.padreeustaquio.com.br\/wp-content\/uploads\/2022\/05\/o-homem-e-seu-fim.jpg\",\"datePublished\":\"2022-05-16T09:45:00+00:00\",\"description\":\"Devemos praticar o que a Sagrada Escritura nos ensina diariamente. E Padre Eust\u00e1quio viveu isso em todos os momentos de sua vida. Ele serviu e ajudou o pr\u00f3ximo, e nunca deixou de levar a Palavra de Deus e os ensinamentos dela para o povo. Em um dos escritos do Bem-aventurado, ele falou sobre isso.\",\"breadcrumb\":{\"@id\":\"https:\/\/www.padreeustaquio.com.br\/palavra-do-padre-eustaquio-o-homem-e-seu-fim\/#breadcrumb\"},\"inLanguage\":\"en-US\",\"potentialAction\":[{\"@type\":\"ReadAction\",\"target\":[\"https:\/\/www.padreeustaquio.com.br\/palavra-do-padre-eustaquio-o-homem-e-seu-fim\/\"]}]},{\"@type\":\"ImageObject\",\"inLanguage\":\"en-US\",\"@id\":\"https:\/\/www.padreeustaquio.com.br\/palavra-do-padre-eustaquio-o-homem-e-seu-fim\/#primaryimage\",\"url\":\"https:\/\/www.padreeustaquio.com.br\/wp-content\/uploads\/2022\/05\/o-homem-e-seu-fim.jpg\",\"contentUrl\":\"https:\/\/www.padreeustaquio.com.br\/wp-content\/uploads\/2022\/05\/o-homem-e-seu-fim.jpg\",\"width\":748,\"height\":394},{\"@type\":\"BreadcrumbList\",\"@id\":\"https:\/\/www.padreeustaquio.com.br\/palavra-do-padre-eustaquio-o-homem-e-seu-fim\/#breadcrumb\",\"itemListElement\":[{\"@type\":\"ListItem\",\"position\":1,\"name\":\"In\u00edcio\",\"item\":\"https:\/\/www.padreeustaquio.com.br\/\"},{\"@type\":\"ListItem\",\"position\":2,\"name\":\"Palavra do Padre Eust\u00e1quio: O homem e seu fim\"}]},{\"@type\":\"WebSite\",\"@id\":\"https:\/\/www.padreeustaquio.com.br\/#website\",\"url\":\"https:\/\/www.padreeustaquio.com.br\/\",\"name\":\"Padre Eust\u00e1quio\",\"description\":\"Sa\u00fade e Paz\",\"publisher\":{\"@id\":\"https:\/\/www.padreeustaquio.com.br\/#organization\"},\"potentialAction\":[{\"@type\":\"SearchAction\",\"target\":{\"@type\":\"EntryPoint\",\"urlTemplate\":\"https:\/\/www.padreeustaquio.com.br\/?s={search_term_string}\"},\"query-input\":{\"@type\":\"PropertyValueSpecification\",\"valueRequired\":true,\"valueName\":\"search_term_string\"}}],\"inLanguage\":\"en-US\"},{\"@type\":\"Organization\",\"@id\":\"https:\/\/www.padreeustaquio.com.br\/#organization\",\"name\":\"Padre Eust\u00e1quio\",\"url\":\"https:\/\/www.padreeustaquio.com.br\/\",\"logo\":{\"@type\":\"ImageObject\",\"inLanguage\":\"en-US\",\"@id\":\"https:\/\/www.padreeustaquio.com.br\/#\/schema\/logo\/image\/\",\"url\":\"https:\/\/www.padreeustaquio.com.br\/wp-content\/uploads\/2019\/08\/marca.png\",\"contentUrl\":\"https:\/\/www.padreeustaquio.com.br\/wp-content\/uploads\/2019\/08\/marca.png\",\"width\":350,\"height\":400,\"caption\":\"Padre Eust\u00e1quio\"},\"image\":{\"@id\":\"https:\/\/www.padreeustaquio.com.br\/#\/schema\/logo\/image\/\"},\"sameAs\":[\"https:\/\/www.facebook.com\/beatopadreeustaquio\/\",\"https:\/\/x.com\/beatopeustaquio\",\"https:\/\/www.instagram.com\/beatopadreeustaquio\/\",\"https:\/\/www.youtube.com\/channel\/UCRhw7vfabnajwLxb1ZXMeIw\"]},{\"@type\":\"Person\",\"@id\":\"https:\/\/www.padreeustaquio.com.br\/#\/schema\/person\/a2a51db1d00f1a7af0204a0f1ddb1566\",\"name\":\"@sscc\",\"image\":{\"@type\":\"ImageObject\",\"inLanguage\":\"en-US\",\"@id\":\"https:\/\/secure.gravatar.com\/avatar\/68cfafa5f44617fea54071e215026e0ff06be366c3d54a8425f04fdcb86f8c5f?s=96&d=mm&r=g\",\"url\":\"https:\/\/secure.gravatar.com\/avatar\/68cfafa5f44617fea54071e215026e0ff06be366c3d54a8425f04fdcb86f8c5f?s=96&d=mm&r=g\",\"contentUrl\":\"https:\/\/secure.gravatar.com\/avatar\/68cfafa5f44617fea54071e215026e0ff06be366c3d54a8425f04fdcb86f8c5f?s=96&d=mm&r=g\",\"caption\":\"@sscc\"},\"url\":\"https:\/\/www.padreeustaquio.com.br\/en\/author\/sscc\/\"}]}<\/script>\n<!-- \/ Yoast SEO plugin. -->","yoast_head_json":{"title":"A Word from Father Eust\u00e1quio: Man and His End","description":"We must practice what Sacred Scripture teaches us daily. And Father Eustace lived this throughout his life. He served and helped his neighbor, and never ceased to bring the Word of God and its teachings to the people. In one of the Blessed&#039;s writings, he spoke about this.","robots":{"index":"index","follow":"follow","max-snippet":"max-snippet:-1","max-image-preview":"max-image-preview:large","max-video-preview":"max-video-preview:-1"},"canonical":"https:\/\/www.padreeustaquio.com.br\/en\/father-eustaces-words-man-and-his-end\/","og_locale":"en_US","og_type":"article","og_title":"Palavra do Padre Eust\u00e1quio: O homem e seu fim","og_description":"Devemos praticar o que a Sagrada Escritura nos ensina diariamente. E Padre Eust\u00e1quio viveu isso em todos os momentos de sua vida. Ele serviu e ajudou o pr\u00f3ximo, e nunca deixou de levar a Palavra de Deus e os ensinamentos dela para o povo. Em um dos escritos do Bem-aventurado, ele falou sobre isso.","og_url":"https:\/\/www.padreeustaquio.com.br\/en\/father-eustaces-words-man-and-his-end\/","og_site_name":"Padre Eust\u00e1quio","article_publisher":"https:\/\/www.facebook.com\/beatopadreeustaquio\/","article_published_time":"2022-05-16T09:45:00+00:00","og_image":[{"width":748,"height":394,"url":"https:\/\/www.padreeustaquio.com.br\/wp-content\/uploads\/2022\/05\/o-homem-e-seu-fim.jpg","type":"image\/jpeg"}],"author":"@sscc","twitter_card":"summary_large_image","twitter_creator":"@beatopeustaquio","twitter_site":"@beatopeustaquio","twitter_misc":{"Written by":"@sscc","Est. reading time":"3 minutes"},"schema":{"@context":"https:\/\/schema.org","@graph":[{"@type":"Article","@id":"https:\/\/www.padreeustaquio.com.br\/palavra-do-padre-eustaquio-o-homem-e-seu-fim\/#article","isPartOf":{"@id":"https:\/\/www.padreeustaquio.com.br\/palavra-do-padre-eustaquio-o-homem-e-seu-fim\/"},"author":{"name":"@sscc","@id":"https:\/\/www.padreeustaquio.com.br\/#\/schema\/person\/a2a51db1d00f1a7af0204a0f1ddb1566"},"headline":"Palavra do Padre Eust\u00e1quio: O homem e seu fim","datePublished":"2022-05-16T09:45:00+00:00","mainEntityOfPage":{"@id":"https:\/\/www.padreeustaquio.com.br\/palavra-do-padre-eustaquio-o-homem-e-seu-fim\/"},"wordCount":572,"commentCount":0,"publisher":{"@id":"https:\/\/www.padreeustaquio.com.br\/#organization"},"image":{"@id":"https:\/\/www.padreeustaquio.com.br\/palavra-do-padre-eustaquio-o-homem-e-seu-fim\/#primaryimage"},"thumbnailUrl":"https:\/\/www.padreeustaquio.com.br\/wp-content\/uploads\/2022\/05\/o-homem-e-seu-fim.jpg","articleSection":["Not\u00edcias","Sem categoria"],"inLanguage":"en-US","potentialAction":[{"@type":"CommentAction","name":"Comment","target":["https:\/\/www.padreeustaquio.com.br\/palavra-do-padre-eustaquio-o-homem-e-seu-fim\/#respond"]}]},{"@type":"WebPage","@id":"https:\/\/www.padreeustaquio.com.br\/palavra-do-padre-eustaquio-o-homem-e-seu-fim\/","url":"https:\/\/www.padreeustaquio.com.br\/palavra-do-padre-eustaquio-o-homem-e-seu-fim\/","name":"A Word from Father Eust\u00e1quio: Man and His End","isPartOf":{"@id":"https:\/\/www.padreeustaquio.com.br\/#website"},"primaryImageOfPage":{"@id":"https:\/\/www.padreeustaquio.com.br\/palavra-do-padre-eustaquio-o-homem-e-seu-fim\/#primaryimage"},"image":{"@id":"https:\/\/www.padreeustaquio.com.br\/palavra-do-padre-eustaquio-o-homem-e-seu-fim\/#primaryimage"},"thumbnailUrl":"https:\/\/www.padreeustaquio.com.br\/wp-content\/uploads\/2022\/05\/o-homem-e-seu-fim.jpg","datePublished":"2022-05-16T09:45:00+00:00","description":"We must practice what Sacred Scripture teaches us daily. And Father Eustace lived this throughout his life. He served and helped his neighbor, and never ceased to bring the Word of God and its teachings to the people. In one of the Blessed&#039;s writings, he spoke about this.","breadcrumb":{"@id":"https:\/\/www.padreeustaquio.com.br\/palavra-do-padre-eustaquio-o-homem-e-seu-fim\/#breadcrumb"},"inLanguage":"en-US","potentialAction":[{"@type":"ReadAction","target":["https:\/\/www.padreeustaquio.com.br\/palavra-do-padre-eustaquio-o-homem-e-seu-fim\/"]}]},{"@type":"ImageObject","inLanguage":"en-US","@id":"https:\/\/www.padreeustaquio.com.br\/palavra-do-padre-eustaquio-o-homem-e-seu-fim\/#primaryimage","url":"https:\/\/www.padreeustaquio.com.br\/wp-content\/uploads\/2022\/05\/o-homem-e-seu-fim.jpg","contentUrl":"https:\/\/www.padreeustaquio.com.br\/wp-content\/uploads\/2022\/05\/o-homem-e-seu-fim.jpg","width":748,"height":394},{"@type":"BreadcrumbList","@id":"https:\/\/www.padreeustaquio.com.br\/palavra-do-padre-eustaquio-o-homem-e-seu-fim\/#breadcrumb","itemListElement":[{"@type":"ListItem","position":1,"name":"In\u00edcio","item":"https:\/\/www.padreeustaquio.com.br\/"},{"@type":"ListItem","position":2,"name":"Palavra do Padre Eust\u00e1quio: O homem e seu fim"}]},{"@type":"WebSite","@id":"https:\/\/www.padreeustaquio.com.br\/#website","url":"https:\/\/www.padreeustaquio.com.br\/","name":"FATHER EUST\u00c1QUIO","description":"Health and Peace","publisher":{"@id":"https:\/\/www.padreeustaquio.com.br\/#organization"},"potentialAction":[{"@type":"SearchAction","target":{"@type":"EntryPoint","urlTemplate":"https:\/\/www.padreeustaquio.com.br\/?s={search_term_string}"},"query-input":{"@type":"PropertyValueSpecification","valueRequired":true,"valueName":"search_term_string"}}],"inLanguage":"en-US"},{"@type":"Organization","@id":"https:\/\/www.padreeustaquio.com.br\/#organization","name":"FATHER EUST\u00c1QUIO","url":"https:\/\/www.padreeustaquio.com.br\/","logo":{"@type":"ImageObject","inLanguage":"en-US","@id":"https:\/\/www.padreeustaquio.com.br\/#\/schema\/logo\/image\/","url":"https:\/\/www.padreeustaquio.com.br\/wp-content\/uploads\/2019\/08\/marca.png","contentUrl":"https:\/\/www.padreeustaquio.com.br\/wp-content\/uploads\/2019\/08\/marca.png","width":350,"height":400,"caption":"Padre Eust\u00e1quio"},"image":{"@id":"https:\/\/www.padreeustaquio.com.br\/#\/schema\/logo\/image\/"},"sameAs":["https:\/\/www.facebook.com\/beatopadreeustaquio\/","https:\/\/x.com\/beatopeustaquio","https:\/\/www.instagram.com\/beatopadreeustaquio\/","https:\/\/www.youtube.com\/channel\/UCRhw7vfabnajwLxb1ZXMeIw"]},{"@type":"Person","@id":"https:\/\/www.padreeustaquio.com.br\/#\/schema\/person\/a2a51db1d00f1a7af0204a0f1ddb1566","name":"@sscc","image":{"@type":"ImageObject","inLanguage":"en-US","@id":"https:\/\/secure.gravatar.com\/avatar\/68cfafa5f44617fea54071e215026e0ff06be366c3d54a8425f04fdcb86f8c5f?s=96&d=mm&r=g","url":"https:\/\/secure.gravatar.com\/avatar\/68cfafa5f44617fea54071e215026e0ff06be366c3d54a8425f04fdcb86f8c5f?s=96&d=mm&r=g","contentUrl":"https:\/\/secure.gravatar.com\/avatar\/68cfafa5f44617fea54071e215026e0ff06be366c3d54a8425f04fdcb86f8c5f?s=96&d=mm&r=g","caption":"@sscc"},"url":"https:\/\/www.padreeustaquio.com.br\/en\/author\/sscc\/"}]}},"_links":{"self":[{"href":"https:\/\/www.padreeustaquio.com.br\/en\/wp-json\/wp\/v2\/posts\/8634","targetHints":{"allow":["GET"]}}],"collection":[{"href":"https:\/\/www.padreeustaquio.com.br\/en\/wp-json\/wp\/v2\/posts"}],"about":[{"href":"https:\/\/www.padreeustaquio.com.br\/en\/wp-json\/wp\/v2\/types\/post"}],"author":[{"embeddable":true,"href":"https:\/\/www.padreeustaquio.com.br\/en\/wp-json\/wp\/v2\/users\/2"}],"replies":[{"embeddable":true,"href":"https:\/\/www.padreeustaquio.com.br\/en\/wp-json\/wp\/v2\/comments?post=8634"}],"version-history":[{"count":0,"href":"https:\/\/www.padreeustaquio.com.br\/en\/wp-json\/wp\/v2\/posts\/8634\/revisions"}],"wp:featuredmedia":[{"embeddable":true,"href":"https:\/\/www.padreeustaquio.com.br\/en\/wp-json\/wp\/v2\/media\/8637"}],"wp:attachment":[{"href":"https:\/\/www.padreeustaquio.com.br\/en\/wp-json\/wp\/v2\/media?parent=8634"}],"wp:term":[{"taxonomy":"category","embeddable":true,"href":"https:\/\/www.padreeustaquio.com.br\/en\/wp-json\/wp\/v2\/categories?post=8634"},{"taxonomy":"post_tag","embeddable":true,"href":"https:\/\/www.padreeustaquio.com.br\/en\/wp-json\/wp\/v2\/tags?post=8634"}],"curies":[{"name":"wp","href":"https:\/\/api.w.org\/{rel}","templated":true}]}}