{"id":8622,"date":"2022-05-12T07:10:59","date_gmt":"2022-05-12T10:10:59","guid":{"rendered":"https:\/\/www.padreeustaquio.com.br\/?p=8622"},"modified":"2022-05-12T18:10:44","modified_gmt":"2022-05-12T21:10:44","slug":"father-eustaquio-church-celebrates-the-day-of-our-lady-of-fatima","status":"publish","type":"post","link":"https:\/\/www.padreeustaquio.com.br\/en\/father-eustaquio-church-celebrates-the-day-of-our-lady-of-fatima\/","title":{"rendered":"Padre Eust\u00e1quio Church celebrates the day of Our Lady of Fatima."},"content":{"rendered":"<p>This Friday, May 13th, the Church throughout the world celebrates the day of Our Lady of Fatima, and Belo Horizonte will be no different. The Sanctuary of Health and Peace has prepared a special celebration for tomorrow evening. The day commemorates the apparitions of Our Lady in Fatima, Portugal.<\/p>\n\n\n\n<p>At 6 PM there will be the recitation of the Holy Rosary. At 7 PM, Holy Mass will begin, broadcast live on the Padre Eust\u00e1quio Channel. During the celebration, there will be the closing of the thirteen-day novena to Our Lady, which has been held at all Masses since May 1st. Immediately after the Eucharistic Celebration, there will be a candlelight procession through the streets of the neighborhood. Devotees can also participate in the food stalls, which will be held at Espa\u00e7o Molokai and the Community Center, promoted by ECC \u2013 Encounter of Couples with Christ.<\/p>\n\n\n\n<p>The Sanctuary invites parishioners and all visitors to this moment of prayer. We ask everyone to bring candles for the candlelight procession.<\/p>\n\n\n\n<p><strong>Our Lady of Fatima<\/strong><\/p>\n\n\n\n<p>Our Lady of Fatima, or formally Our Lady of the Rosary of Fatima, is one of the invocations attributed to the Virgin Mary, originating from the apparitions received by three shepherd children in Cova da Iria, Fatima, Portugal.<\/p>\n\n\n\n<p>According to the testimonies of the three visionary children, the first apparition occurred on May 13, 1917, at noon, repeating itself during the following six months always on the 13th and at the same time (except for the month of August, in which it occurred on the 19th), until October 13, 1917.<\/p>\n\n\n\n<p>In her last apparition, she identified herself as &quot;Our Lady of the Rosary,&quot; which is why her two titles were ecclesiastically combined, giving rise to...&nbsp;<em>Our Lady of the Rosary of Fatima<\/em>. According to the visionaries&#039; accounts, the message presented by the apparition in Fatima was a persistent appeal for conversion, penance, and prayer, particularly the recitation of the Rosary.<\/p>\n\n\n\n<p>Her main place of devotion is the Sanctuary of Fatima itself, located in the parish and city of the same name, in the municipality of Our\u00e9m, Portugal.<\/p>\n\n\n\n<p><\/p>","protected":false},"excerpt":{"rendered":"<p>Nesta sexta-feira, dia 13 de maio, a Igreja em todo o mundo comemora o dia de Nossa Senhora de F\u00e1tima e em Belo Horizonte n\u00e3o ser\u00e1 diferente. O Santu\u00e1rio da Sa\u00fade e da Paz, preparou uma celebra\u00e7\u00e3o especial para a noite de amanh\u00e3. O dia relembra as apari\u00e7\u00f5es de Nossa Senhora em F\u00e1tima, Portugal. \u00c0s 18h haver\u00e1 a recita\u00e7\u00e3o do Santo Ter\u00e7o. \u00c0s 19h, ter\u00e1 in\u00edcio a Santa Missa, transmitida ao vivo pelo Canal Padre Eust\u00e1quio. Durante a celebra\u00e7\u00e3o, haver\u00e1 o encerramento da trezena de Nossa Senhora, que foi realizada em todas as missas desde o dia primeiro de maio. [&hellip;]<\/p>\n","protected":false},"author":2,"featured_media":8624,"comment_status":"open","ping_status":"closed","sticky":false,"template":"","format":"standard","meta":{"_acf_changed":false,"footnotes":""},"categories":[611],"tags":[],"class_list":["post-8622","post","type-post","status-publish","format-standard","has-post-thumbnail","hentry","category-noticias"],"acf":[],"yoast_head":"<!-- This site is optimized with the Yoast SEO plugin v27.2 - https:\/\/yoast.com\/product\/yoast-seo-wordpress\/ -->\n<title>Igreja Padre Eust\u00e1quio celebra dia de Nossa Senhora de F\u00e1tima<\/title>\n<meta name=\"description\" content=\"Nesta sexta-feira, dia 13 de maio, a Igreja em todo o mundo comemora o dia de Nossa Senhora de F\u00e1tima e em Belo Horizonte n\u00e3o ser\u00e1 diferente. O Santu\u00e1rio da Sa\u00fade e da Paz, preparou uma celebra\u00e7\u00e3o especial para a noite de amanh\u00e3. O dia relembra as apari\u00e7\u00f5es de Nossa Senhora em F\u00e1tima, Portugal.\" \/>\n<meta name=\"robots\" content=\"index, follow, max-snippet:-1, max-image-preview:large, max-video-preview:-1\" \/>\n<link rel=\"canonical\" href=\"https:\/\/www.padreeustaquio.com.br\/en\/father-eustaquio-church-celebrates-the-day-of-our-lady-of-fatima\/\" \/>\n<meta property=\"og:locale\" content=\"en_US\" \/>\n<meta property=\"og:type\" content=\"article\" \/>\n<meta property=\"og:title\" content=\"Igreja Padre Eust\u00e1quio celebra dia de Nossa Senhora de F\u00e1tima\" \/>\n<meta property=\"og:description\" content=\"Nesta sexta-feira, dia 13 de maio, a Igreja em todo o mundo comemora o dia de Nossa Senhora de F\u00e1tima e em Belo Horizonte n\u00e3o ser\u00e1 diferente. O Santu\u00e1rio da Sa\u00fade e da Paz, preparou uma celebra\u00e7\u00e3o especial para a noite de amanh\u00e3. O dia relembra as apari\u00e7\u00f5es de Nossa Senhora em F\u00e1tima, Portugal.\" \/>\n<meta property=\"og:url\" content=\"https:\/\/www.padreeustaquio.com.br\/en\/father-eustaquio-church-celebrates-the-day-of-our-lady-of-fatima\/\" \/>\n<meta property=\"og:site_name\" content=\"Padre Eust\u00e1quio\" \/>\n<meta property=\"article:publisher\" content=\"https:\/\/www.facebook.com\/beatopadreeustaquio\/\" \/>\n<meta property=\"article:published_time\" content=\"2022-05-12T10:10:59+00:00\" \/>\n<meta property=\"article:modified_time\" content=\"2022-05-12T21:10:44+00:00\" \/>\n<meta property=\"og:image\" content=\"https:\/\/www.padreeustaquio.com.br\/wp-content\/uploads\/2022\/05\/nossinhoradefatima.jpg\" \/>\n\t<meta property=\"og:image:width\" content=\"748\" \/>\n\t<meta property=\"og:image:height\" content=\"394\" \/>\n\t<meta property=\"og:image:type\" content=\"image\/jpeg\" \/>\n<meta name=\"author\" content=\"@sscc\" \/>\n<meta name=\"twitter:card\" content=\"summary_large_image\" \/>\n<meta name=\"twitter:creator\" content=\"@beatopeustaquio\" \/>\n<meta name=\"twitter:site\" content=\"@beatopeustaquio\" \/>\n<meta name=\"twitter:label1\" content=\"Written by\" \/>\n\t<meta name=\"twitter:data1\" content=\"@sscc\" \/>\n\t<meta name=\"twitter:label2\" content=\"Est. reading time\" \/>\n\t<meta name=\"twitter:data2\" content=\"2 minutes\" \/>\n<script type=\"application\/ld+json\" class=\"yoast-schema-graph\">{\"@context\":\"https:\/\/schema.org\",\"@graph\":[{\"@type\":\"Article\",\"@id\":\"https:\/\/www.padreeustaquio.com.br\/igreja-padre-eustaquio-celebra-dia-de-nossa-senhora-de-fatima\/#article\",\"isPartOf\":{\"@id\":\"https:\/\/www.padreeustaquio.com.br\/igreja-padre-eustaquio-celebra-dia-de-nossa-senhora-de-fatima\/\"},\"author\":{\"name\":\"@sscc\",\"@id\":\"https:\/\/www.padreeustaquio.com.br\/#\/schema\/person\/a2a51db1d00f1a7af0204a0f1ddb1566\"},\"headline\":\"Igreja Padre Eust\u00e1quio celebra dia de Nossa Senhora de F\u00e1tima\",\"datePublished\":\"2022-05-12T10:10:59+00:00\",\"dateModified\":\"2022-05-12T21:10:44+00:00\",\"mainEntityOfPage\":{\"@id\":\"https:\/\/www.padreeustaquio.com.br\/igreja-padre-eustaquio-celebra-dia-de-nossa-senhora-de-fatima\/\"},\"wordCount\":410,\"commentCount\":0,\"publisher\":{\"@id\":\"https:\/\/www.padreeustaquio.com.br\/#organization\"},\"image\":{\"@id\":\"https:\/\/www.padreeustaquio.com.br\/igreja-padre-eustaquio-celebra-dia-de-nossa-senhora-de-fatima\/#primaryimage\"},\"thumbnailUrl\":\"https:\/\/www.padreeustaquio.com.br\/wp-content\/uploads\/2022\/05\/nossinhoradefatima.jpg\",\"articleSection\":[\"Not\u00edcias\"],\"inLanguage\":\"en-US\",\"potentialAction\":[{\"@type\":\"CommentAction\",\"name\":\"Comment\",\"target\":[\"https:\/\/www.padreeustaquio.com.br\/igreja-padre-eustaquio-celebra-dia-de-nossa-senhora-de-fatima\/#respond\"]}]},{\"@type\":\"WebPage\",\"@id\":\"https:\/\/www.padreeustaquio.com.br\/igreja-padre-eustaquio-celebra-dia-de-nossa-senhora-de-fatima\/\",\"url\":\"https:\/\/www.padreeustaquio.com.br\/igreja-padre-eustaquio-celebra-dia-de-nossa-senhora-de-fatima\/\",\"name\":\"Igreja Padre Eust\u00e1quio celebra dia de Nossa Senhora de F\u00e1tima\",\"isPartOf\":{\"@id\":\"https:\/\/www.padreeustaquio.com.br\/#website\"},\"primaryImageOfPage\":{\"@id\":\"https:\/\/www.padreeustaquio.com.br\/igreja-padre-eustaquio-celebra-dia-de-nossa-senhora-de-fatima\/#primaryimage\"},\"image\":{\"@id\":\"https:\/\/www.padreeustaquio.com.br\/igreja-padre-eustaquio-celebra-dia-de-nossa-senhora-de-fatima\/#primaryimage\"},\"thumbnailUrl\":\"https:\/\/www.padreeustaquio.com.br\/wp-content\/uploads\/2022\/05\/nossinhoradefatima.jpg\",\"datePublished\":\"2022-05-12T10:10:59+00:00\",\"dateModified\":\"2022-05-12T21:10:44+00:00\",\"description\":\"Nesta sexta-feira, dia 13 de maio, a Igreja em todo o mundo comemora o dia de Nossa Senhora de F\u00e1tima e em Belo Horizonte n\u00e3o ser\u00e1 diferente. O Santu\u00e1rio da Sa\u00fade e da Paz, preparou uma celebra\u00e7\u00e3o especial para a noite de amanh\u00e3. O dia relembra as apari\u00e7\u00f5es de Nossa Senhora em F\u00e1tima, Portugal.\",\"breadcrumb\":{\"@id\":\"https:\/\/www.padreeustaquio.com.br\/igreja-padre-eustaquio-celebra-dia-de-nossa-senhora-de-fatima\/#breadcrumb\"},\"inLanguage\":\"en-US\",\"potentialAction\":[{\"@type\":\"ReadAction\",\"target\":[\"https:\/\/www.padreeustaquio.com.br\/igreja-padre-eustaquio-celebra-dia-de-nossa-senhora-de-fatima\/\"]}]},{\"@type\":\"ImageObject\",\"inLanguage\":\"en-US\",\"@id\":\"https:\/\/www.padreeustaquio.com.br\/igreja-padre-eustaquio-celebra-dia-de-nossa-senhora-de-fatima\/#primaryimage\",\"url\":\"https:\/\/www.padreeustaquio.com.br\/wp-content\/uploads\/2022\/05\/nossinhoradefatima.jpg\",\"contentUrl\":\"https:\/\/www.padreeustaquio.com.br\/wp-content\/uploads\/2022\/05\/nossinhoradefatima.jpg\",\"width\":748,\"height\":394},{\"@type\":\"BreadcrumbList\",\"@id\":\"https:\/\/www.padreeustaquio.com.br\/igreja-padre-eustaquio-celebra-dia-de-nossa-senhora-de-fatima\/#breadcrumb\",\"itemListElement\":[{\"@type\":\"ListItem\",\"position\":1,\"name\":\"In\u00edcio\",\"item\":\"https:\/\/www.padreeustaquio.com.br\/\"},{\"@type\":\"ListItem\",\"position\":2,\"name\":\"Igreja Padre Eust\u00e1quio celebra dia de Nossa Senhora de F\u00e1tima\"}]},{\"@type\":\"WebSite\",\"@id\":\"https:\/\/www.padreeustaquio.com.br\/#website\",\"url\":\"https:\/\/www.padreeustaquio.com.br\/\",\"name\":\"Padre Eust\u00e1quio\",\"description\":\"Sa\u00fade e Paz\",\"publisher\":{\"@id\":\"https:\/\/www.padreeustaquio.com.br\/#organization\"},\"potentialAction\":[{\"@type\":\"SearchAction\",\"target\":{\"@type\":\"EntryPoint\",\"urlTemplate\":\"https:\/\/www.padreeustaquio.com.br\/?s={search_term_string}\"},\"query-input\":{\"@type\":\"PropertyValueSpecification\",\"valueRequired\":true,\"valueName\":\"search_term_string\"}}],\"inLanguage\":\"en-US\"},{\"@type\":\"Organization\",\"@id\":\"https:\/\/www.padreeustaquio.com.br\/#organization\",\"name\":\"Padre Eust\u00e1quio\",\"url\":\"https:\/\/www.padreeustaquio.com.br\/\",\"logo\":{\"@type\":\"ImageObject\",\"inLanguage\":\"en-US\",\"@id\":\"https:\/\/www.padreeustaquio.com.br\/#\/schema\/logo\/image\/\",\"url\":\"https:\/\/www.padreeustaquio.com.br\/wp-content\/uploads\/2019\/08\/marca.png\",\"contentUrl\":\"https:\/\/www.padreeustaquio.com.br\/wp-content\/uploads\/2019\/08\/marca.png\",\"width\":350,\"height\":400,\"caption\":\"Padre Eust\u00e1quio\"},\"image\":{\"@id\":\"https:\/\/www.padreeustaquio.com.br\/#\/schema\/logo\/image\/\"},\"sameAs\":[\"https:\/\/www.facebook.com\/beatopadreeustaquio\/\",\"https:\/\/x.com\/beatopeustaquio\",\"https:\/\/www.instagram.com\/beatopadreeustaquio\/\",\"https:\/\/www.youtube.com\/channel\/UCRhw7vfabnajwLxb1ZXMeIw\"]},{\"@type\":\"Person\",\"@id\":\"https:\/\/www.padreeustaquio.com.br\/#\/schema\/person\/a2a51db1d00f1a7af0204a0f1ddb1566\",\"name\":\"@sscc\",\"image\":{\"@type\":\"ImageObject\",\"inLanguage\":\"en-US\",\"@id\":\"https:\/\/secure.gravatar.com\/avatar\/68cfafa5f44617fea54071e215026e0ff06be366c3d54a8425f04fdcb86f8c5f?s=96&d=mm&r=g\",\"url\":\"https:\/\/secure.gravatar.com\/avatar\/68cfafa5f44617fea54071e215026e0ff06be366c3d54a8425f04fdcb86f8c5f?s=96&d=mm&r=g\",\"contentUrl\":\"https:\/\/secure.gravatar.com\/avatar\/68cfafa5f44617fea54071e215026e0ff06be366c3d54a8425f04fdcb86f8c5f?s=96&d=mm&r=g\",\"caption\":\"@sscc\"},\"url\":\"https:\/\/www.padreeustaquio.com.br\/en\/author\/sscc\/\"}]}<\/script>\n<!-- \/ Yoast SEO plugin. -->","yoast_head_json":{"title":"Padre Eust\u00e1quio Church celebrates the day of Our Lady of Fatima.","description":"This Friday, May 13th, the Church throughout the world celebrates the day of Our Lady of Fatima, and Belo Horizonte will be no different. The Sanctuary of Health and Peace has prepared a special celebration for tomorrow evening. The day commemorates the apparitions of Our Lady in Fatima, Portugal.","robots":{"index":"index","follow":"follow","max-snippet":"max-snippet:-1","max-image-preview":"max-image-preview:large","max-video-preview":"max-video-preview:-1"},"canonical":"https:\/\/www.padreeustaquio.com.br\/en\/father-eustaquio-church-celebrates-the-day-of-our-lady-of-fatima\/","og_locale":"en_US","og_type":"article","og_title":"Igreja Padre Eust\u00e1quio celebra dia de Nossa Senhora de F\u00e1tima","og_description":"Nesta sexta-feira, dia 13 de maio, a Igreja em todo o mundo comemora o dia de Nossa Senhora de F\u00e1tima e em Belo Horizonte n\u00e3o ser\u00e1 diferente. O Santu\u00e1rio da Sa\u00fade e da Paz, preparou uma celebra\u00e7\u00e3o especial para a noite de amanh\u00e3. O dia relembra as apari\u00e7\u00f5es de Nossa Senhora em F\u00e1tima, Portugal.","og_url":"https:\/\/www.padreeustaquio.com.br\/en\/father-eustaquio-church-celebrates-the-day-of-our-lady-of-fatima\/","og_site_name":"Padre Eust\u00e1quio","article_publisher":"https:\/\/www.facebook.com\/beatopadreeustaquio\/","article_published_time":"2022-05-12T10:10:59+00:00","article_modified_time":"2022-05-12T21:10:44+00:00","og_image":[{"width":748,"height":394,"url":"https:\/\/www.padreeustaquio.com.br\/wp-content\/uploads\/2022\/05\/nossinhoradefatima.jpg","type":"image\/jpeg"}],"author":"@sscc","twitter_card":"summary_large_image","twitter_creator":"@beatopeustaquio","twitter_site":"@beatopeustaquio","twitter_misc":{"Written by":"@sscc","Est. reading time":"2 minutes"},"schema":{"@context":"https:\/\/schema.org","@graph":[{"@type":"Article","@id":"https:\/\/www.padreeustaquio.com.br\/igreja-padre-eustaquio-celebra-dia-de-nossa-senhora-de-fatima\/#article","isPartOf":{"@id":"https:\/\/www.padreeustaquio.com.br\/igreja-padre-eustaquio-celebra-dia-de-nossa-senhora-de-fatima\/"},"author":{"name":"@sscc","@id":"https:\/\/www.padreeustaquio.com.br\/#\/schema\/person\/a2a51db1d00f1a7af0204a0f1ddb1566"},"headline":"Igreja Padre Eust\u00e1quio celebra dia de Nossa Senhora de F\u00e1tima","datePublished":"2022-05-12T10:10:59+00:00","dateModified":"2022-05-12T21:10:44+00:00","mainEntityOfPage":{"@id":"https:\/\/www.padreeustaquio.com.br\/igreja-padre-eustaquio-celebra-dia-de-nossa-senhora-de-fatima\/"},"wordCount":410,"commentCount":0,"publisher":{"@id":"https:\/\/www.padreeustaquio.com.br\/#organization"},"image":{"@id":"https:\/\/www.padreeustaquio.com.br\/igreja-padre-eustaquio-celebra-dia-de-nossa-senhora-de-fatima\/#primaryimage"},"thumbnailUrl":"https:\/\/www.padreeustaquio.com.br\/wp-content\/uploads\/2022\/05\/nossinhoradefatima.jpg","articleSection":["Not\u00edcias"],"inLanguage":"en-US","potentialAction":[{"@type":"CommentAction","name":"Comment","target":["https:\/\/www.padreeustaquio.com.br\/igreja-padre-eustaquio-celebra-dia-de-nossa-senhora-de-fatima\/#respond"]}]},{"@type":"WebPage","@id":"https:\/\/www.padreeustaquio.com.br\/igreja-padre-eustaquio-celebra-dia-de-nossa-senhora-de-fatima\/","url":"https:\/\/www.padreeustaquio.com.br\/igreja-padre-eustaquio-celebra-dia-de-nossa-senhora-de-fatima\/","name":"Padre Eust\u00e1quio Church celebrates the day of Our Lady of Fatima.","isPartOf":{"@id":"https:\/\/www.padreeustaquio.com.br\/#website"},"primaryImageOfPage":{"@id":"https:\/\/www.padreeustaquio.com.br\/igreja-padre-eustaquio-celebra-dia-de-nossa-senhora-de-fatima\/#primaryimage"},"image":{"@id":"https:\/\/www.padreeustaquio.com.br\/igreja-padre-eustaquio-celebra-dia-de-nossa-senhora-de-fatima\/#primaryimage"},"thumbnailUrl":"https:\/\/www.padreeustaquio.com.br\/wp-content\/uploads\/2022\/05\/nossinhoradefatima.jpg","datePublished":"2022-05-12T10:10:59+00:00","dateModified":"2022-05-12T21:10:44+00:00","description":"This Friday, May 13th, the Church throughout the world celebrates the day of Our Lady of Fatima, and Belo Horizonte will be no different. The Sanctuary of Health and Peace has prepared a special celebration for tomorrow evening. The day commemorates the apparitions of Our Lady in Fatima, Portugal.","breadcrumb":{"@id":"https:\/\/www.padreeustaquio.com.br\/igreja-padre-eustaquio-celebra-dia-de-nossa-senhora-de-fatima\/#breadcrumb"},"inLanguage":"en-US","potentialAction":[{"@type":"ReadAction","target":["https:\/\/www.padreeustaquio.com.br\/igreja-padre-eustaquio-celebra-dia-de-nossa-senhora-de-fatima\/"]}]},{"@type":"ImageObject","inLanguage":"en-US","@id":"https:\/\/www.padreeustaquio.com.br\/igreja-padre-eustaquio-celebra-dia-de-nossa-senhora-de-fatima\/#primaryimage","url":"https:\/\/www.padreeustaquio.com.br\/wp-content\/uploads\/2022\/05\/nossinhoradefatima.jpg","contentUrl":"https:\/\/www.padreeustaquio.com.br\/wp-content\/uploads\/2022\/05\/nossinhoradefatima.jpg","width":748,"height":394},{"@type":"BreadcrumbList","@id":"https:\/\/www.padreeustaquio.com.br\/igreja-padre-eustaquio-celebra-dia-de-nossa-senhora-de-fatima\/#breadcrumb","itemListElement":[{"@type":"ListItem","position":1,"name":"In\u00edcio","item":"https:\/\/www.padreeustaquio.com.br\/"},{"@type":"ListItem","position":2,"name":"Igreja Padre Eust\u00e1quio celebra dia de Nossa Senhora de F\u00e1tima"}]},{"@type":"WebSite","@id":"https:\/\/www.padreeustaquio.com.br\/#website","url":"https:\/\/www.padreeustaquio.com.br\/","name":"FATHER EUST\u00c1QUIO","description":"Health and Peace","publisher":{"@id":"https:\/\/www.padreeustaquio.com.br\/#organization"},"potentialAction":[{"@type":"SearchAction","target":{"@type":"EntryPoint","urlTemplate":"https:\/\/www.padreeustaquio.com.br\/?s={search_term_string}"},"query-input":{"@type":"PropertyValueSpecification","valueRequired":true,"valueName":"search_term_string"}}],"inLanguage":"en-US"},{"@type":"Organization","@id":"https:\/\/www.padreeustaquio.com.br\/#organization","name":"FATHER EUST\u00c1QUIO","url":"https:\/\/www.padreeustaquio.com.br\/","logo":{"@type":"ImageObject","inLanguage":"en-US","@id":"https:\/\/www.padreeustaquio.com.br\/#\/schema\/logo\/image\/","url":"https:\/\/www.padreeustaquio.com.br\/wp-content\/uploads\/2019\/08\/marca.png","contentUrl":"https:\/\/www.padreeustaquio.com.br\/wp-content\/uploads\/2019\/08\/marca.png","width":350,"height":400,"caption":"Padre Eust\u00e1quio"},"image":{"@id":"https:\/\/www.padreeustaquio.com.br\/#\/schema\/logo\/image\/"},"sameAs":["https:\/\/www.facebook.com\/beatopadreeustaquio\/","https:\/\/x.com\/beatopeustaquio","https:\/\/www.instagram.com\/beatopadreeustaquio\/","https:\/\/www.youtube.com\/channel\/UCRhw7vfabnajwLxb1ZXMeIw"]},{"@type":"Person","@id":"https:\/\/www.padreeustaquio.com.br\/#\/schema\/person\/a2a51db1d00f1a7af0204a0f1ddb1566","name":"@sscc","image":{"@type":"ImageObject","inLanguage":"en-US","@id":"https:\/\/secure.gravatar.com\/avatar\/68cfafa5f44617fea54071e215026e0ff06be366c3d54a8425f04fdcb86f8c5f?s=96&d=mm&r=g","url":"https:\/\/secure.gravatar.com\/avatar\/68cfafa5f44617fea54071e215026e0ff06be366c3d54a8425f04fdcb86f8c5f?s=96&d=mm&r=g","contentUrl":"https:\/\/secure.gravatar.com\/avatar\/68cfafa5f44617fea54071e215026e0ff06be366c3d54a8425f04fdcb86f8c5f?s=96&d=mm&r=g","caption":"@sscc"},"url":"https:\/\/www.padreeustaquio.com.br\/en\/author\/sscc\/"}]}},"_links":{"self":[{"href":"https:\/\/www.padreeustaquio.com.br\/en\/wp-json\/wp\/v2\/posts\/8622","targetHints":{"allow":["GET"]}}],"collection":[{"href":"https:\/\/www.padreeustaquio.com.br\/en\/wp-json\/wp\/v2\/posts"}],"about":[{"href":"https:\/\/www.padreeustaquio.com.br\/en\/wp-json\/wp\/v2\/types\/post"}],"author":[{"embeddable":true,"href":"https:\/\/www.padreeustaquio.com.br\/en\/wp-json\/wp\/v2\/users\/2"}],"replies":[{"embeddable":true,"href":"https:\/\/www.padreeustaquio.com.br\/en\/wp-json\/wp\/v2\/comments?post=8622"}],"version-history":[{"count":0,"href":"https:\/\/www.padreeustaquio.com.br\/en\/wp-json\/wp\/v2\/posts\/8622\/revisions"}],"wp:featuredmedia":[{"embeddable":true,"href":"https:\/\/www.padreeustaquio.com.br\/en\/wp-json\/wp\/v2\/media\/8624"}],"wp:attachment":[{"href":"https:\/\/www.padreeustaquio.com.br\/en\/wp-json\/wp\/v2\/media?parent=8622"}],"wp:term":[{"taxonomy":"category","embeddable":true,"href":"https:\/\/www.padreeustaquio.com.br\/en\/wp-json\/wp\/v2\/categories?post=8622"},{"taxonomy":"post_tag","embeddable":true,"href":"https:\/\/www.padreeustaquio.com.br\/en\/wp-json\/wp\/v2\/tags?post=8622"}],"curies":[{"name":"wp","href":"https:\/\/api.w.org\/{rel}","templated":true}]}}